{"id":9933,"date":"2024-06-28T07:00:00","date_gmt":"2024-06-28T06:00:00","guid":{"rendered":"https:\/\/maismagazine.pt\/?p=9933"},"modified":"2024-06-25T16:08:52","modified_gmt":"2024-06-25T15:08:52","slug":"covilha-integra-mapa-do-design-mundial","status":"publish","type":"post","link":"https:\/\/maismagazine.pt\/index.php\/2024\/06\/28\/covilha-integra-mapa-do-design-mundial\/","title":{"rendered":"Covilh\u00e3 integra mapa do Design Mundial"},"content":{"rendered":"\n<p><strong>Reconhecida como Cidade Criativa da UNESCO, a <a href=\"http:\/\/www.cm-covilha.pt\">Covilh\u00e3<\/a> prepara-se para a Trienal Internacional de Design em 2025. Este evento celebrar\u00e1 a heran\u00e7a t\u00eaxtil da cidade com quase 100 dias de exposi\u00e7\u00f5es, confer\u00eancias e oficinas,  reafirmando o Design como motor de desenvolvimento sustent\u00e1vel. <\/strong><\/p>\n\n\n\n<p><\/p>\n\n\n\n<p>Presente no mapa do Design mundial, desde que passou a ser primeira e \u00fanica localidade do Pa\u00eds com a chancela de Cidade Criativa da UNESCO na \u00e1rea do Design, a Covilh\u00e3 continua a marcar o roteiro das artes e da criatividade e prepara-se para coroar esta viagem com a realiza\u00e7\u00e3o de uma Trienal Internacional. Neste evento \u00edmpar, que decorrer\u00e1 entre mar\u00e7o e junho de 2025, a Covilh\u00e3 vai apresentar o Design como elemento estrat\u00e9gico de in\u00fameras atividades culturais e art\u00edsticas, tais como exposi\u00e7\u00f5es nacionais e internacionais, congressos e confer\u00eancias, workshops e oficinas, laborat\u00f3rios e resid\u00eancias art\u00edsticas. V\u00e3o ser quase 100 dias de conviv\u00eancia, durante os quais a cidade receber\u00e1 alguns dos nomes mais sonantes da \u00e1rea. Quase 100 dias de um festival criativo, que tamb\u00e9m comemorar\u00e1 os quatros anos da classifica\u00e7\u00e3o como cidade criativa. <\/p>\n\n\n\n<p><\/p>\n\n\n\n<p>Aprovada em 2021, a candidatura foi dinamizada pela C\u00e2mara da Covilh\u00e3 e esteve essencialmente ancorada na tradi\u00e7\u00e3o hist\u00f3rica que esta cidade-f\u00e1brica tem ao n\u00edvel dos lanif\u00edcios e dos t\u00eaxteis, \u00e1reas onde o Design esteve sempre presente. Numa vis\u00e3o hol\u00edstica e de desenvolvimento urbano sustent\u00e1vel, inclusivo e respons\u00e1vel, a Covilh\u00e3 assume o Design como motor de incremento global, privilegiando sinergias com as Artes, o Artesanato, a Moda, o Digital, a Gastronomia, a M\u00fasica, a Ind\u00fastria, a Ecologia, o Turismo ou a Educa\u00e7\u00e3o. Na Covilh\u00e3, hoje, a promo\u00e7\u00e3o do Design tem lugar nas pol\u00edticas p\u00fablicas municipais e conta com um plano de a\u00e7\u00e3o pr\u00f3prio. A Trienal Internacional de Design ser\u00e1 \u201co maior e mais relevante evento\u201d desse plano, tal como explica a Vereadora da Cultura da C\u00e2mara Municipal da Covilh\u00e3, Regina Gouveia. Segundo detalha, ser\u00e1 um evento que vai abranger v\u00e1rias componentes do Design, designadamente a expositiva, a formativa, a cient\u00edfica e t\u00e9cnica, sem esquecer os eixos da criatividade e da cria\u00e7\u00e3o art\u00edstica. Com tema agregador das \u201cPaisagens T\u00eaxteis\u201d, esta trienal tem garantida uma \u201cdimens\u00e3o internacional\u201d e vai apostar na realiza\u00e7\u00e3o de a\u00e7\u00f5es que impactem a comunidade e que permitam viabilizar novos projetos e potenciar din\u00e2micas culturais de \u00e2mbito local, regional e internacional. <\/p>\n\n\n\n<p><\/p>\n\n\n<div class=\"wp-block-image\">\n<figure class=\"aligncenter size-large is-resized\"><img loading=\"lazy\" decoding=\"async\" width=\"1024\" height=\"683\" src=\"https:\/\/maismagazine.pt\/wp-content\/uploads\/2024\/06\/expresso-_JNS4008-1-1024x683.jpg\" alt=\"\" class=\"wp-image-9948\" style=\"aspect-ratio:1.499267935578331;width:388px;height:auto\" srcset=\"https:\/\/maismagazine.pt\/wp-content\/uploads\/2024\/06\/expresso-_JNS4008-1-1024x683.jpg 1024w, https:\/\/maismagazine.pt\/wp-content\/uploads\/2024\/06\/expresso-_JNS4008-1-300x200.jpg 300w, https:\/\/maismagazine.pt\/wp-content\/uploads\/2024\/06\/expresso-_JNS4008-1-768x512.jpg 768w, https:\/\/maismagazine.pt\/wp-content\/uploads\/2024\/06\/expresso-_JNS4008-1-1536x1024.jpg 1536w, https:\/\/maismagazine.pt\/wp-content\/uploads\/2024\/06\/expresso-_JNS4008-1-150x100.jpg 150w, https:\/\/maismagazine.pt\/wp-content\/uploads\/2024\/06\/expresso-_JNS4008-1.jpg 1920w\" sizes=\"auto, (max-width: 1024px) 100vw, 1024px\" \/><\/figure><\/div>\n\n\n<p><\/p>\n\n\n\n<p>Ser\u00e1 uma oportunidade para estabelecer e estreitar pontes, nomeadamente entre os representantes das Cidades Criativas da UNESCO, que v\u00e3o marcar presen\u00e7a no evento. Tamb\u00e9m est\u00e3o previstas iniciativas a realizar com a comunidade e artistas emergentes, bem como uma \u2018open call\u2019 para propostas de interven\u00e7\u00e3o de design em espa\u00e7o p\u00fablico. E as propostas da Covilh\u00e3 Cidade Criativa n\u00e3o se esgotam aqui. Do calend\u00e1rio anual fazem ainda parte a FIADA &#8211; Feira Internacional de Artesanato, Design e outras Artes, que acolhe dezenas de artes\u00e3os e designers e que, em 2024, se realiza entre os dias 05 e 08 de setembro. Outro grande evento \u00e9 a Covilh\u00e3 Creative Week (ou Semana Criativa), que tem sempre in\u00edcio a 08 de novembro, Dia Municipal da Cultura e data da integra\u00e7\u00e3o da Covilh\u00e3 na Rede de Cidades Criativas da UNESCO. <\/p>\n\n\n\n<p><\/p>\n\n\n\n<p><\/p>\n\n\n<div class=\"wp-block-image\">\n<figure class=\"aligncenter size-full is-resized\"><img loading=\"lazy\" decoding=\"async\" width=\"496\" height=\"216\" src=\"https:\/\/maismagazine.pt\/wp-content\/uploads\/2024\/06\/image-3.png\" alt=\"\" class=\"wp-image-9949\" style=\"aspect-ratio:2.2962962962962963;width:432px;height:auto\" srcset=\"https:\/\/maismagazine.pt\/wp-content\/uploads\/2024\/06\/image-3.png 496w, https:\/\/maismagazine.pt\/wp-content\/uploads\/2024\/06\/image-3-300x131.png 300w\" sizes=\"auto, (max-width: 496px) 100vw, 496px\" \/><\/figure><\/div>","protected":false},"excerpt":{"rendered":"<p>Reconhecida como Cidade Criativa da UNESCO, a Covilh\u00e3 prepara-se para a Trienal Internacional de Design em 2025. Este evento celebrar\u00e1 a heran\u00e7a t\u00eaxtil da cidade com quase 100 dias de exposi\u00e7\u00f5es, confer\u00eancias e oficinas, reafirmando o Design como motor de desenvolvimento sustent\u00e1vel. Presente no mapa do Design mundial, desde que&hellip;<\/p>\n","protected":false},"author":17,"featured_media":9953,"comment_status":"closed","ping_status":"open","sticky":false,"template":"","format":"standard","meta":{"advgb_blocks_editor_width":"","advgb_blocks_columns_visual_guide":"","_monsterinsights_skip_tracking":false,"_monsterinsights_sitenote_active":false,"_monsterinsights_sitenote_note":"","_monsterinsights_sitenote_category":0,"footnotes":""},"categories":[53],"tags":[2037],"class_list":["post-9933","post","type-post","status-publish","format-standard","has-post-thumbnail","hentry","category-turismo-restaurantes","tag-cm-covilha"],"yoast_head":"<!-- This site is optimized with the Yoast SEO plugin v24.4 - https:\/\/yoast.com\/wordpress\/plugins\/seo\/ -->\n<title>Covilh\u00e3 integra mapa do Design Mundial - Mais Magazine<\/title>\n<meta name=\"description\" content=\"Reconhecida como Cidade Criativa da UNESCO, a Covilh\u00e3 prepara-se para a Trienal Internacional de Design em 2025. Este evento celebrar\u00e1 a heran\u00e7a t\u00eaxtil da cidade com quase 100 dias de exposi\u00e7\u00f5es, confer\u00eancias e oficinas, reafirmando o Design como motor de desenvolvimento sustent\u00e1vel.\" \/>\n<meta name=\"robots\" content=\"index, follow, max-snippet:-1, max-image-preview:large, max-video-preview:-1\" \/>\n<link rel=\"canonical\" href=\"http:\/\/maismagazine.pt\/index.php\/2024\/06\/28\/covilha-integra-mapa-do-design-mundial\/\" \/>\n<meta property=\"og:locale\" content=\"pt_PT\" \/>\n<meta property=\"og:type\" content=\"article\" \/>\n<meta property=\"og:title\" content=\"Covilh\u00e3 integra mapa do Design Mundial - Mais Magazine\" \/>\n<meta property=\"og:description\" content=\"Reconhecida como Cidade Criativa da UNESCO, a Covilh\u00e3 prepara-se para a Trienal Internacional de Design em 2025. Este evento celebrar\u00e1 a heran\u00e7a t\u00eaxtil da cidade com quase 100 dias de exposi\u00e7\u00f5es, confer\u00eancias e oficinas, reafirmando o Design como motor de desenvolvimento sustent\u00e1vel.\" \/>\n<meta property=\"og:url\" content=\"http:\/\/maismagazine.pt\/index.php\/2024\/06\/28\/covilha-integra-mapa-do-design-mundial\/\" \/>\n<meta property=\"og:site_name\" content=\"Mais Magazine\" \/>\n<meta property=\"article:published_time\" content=\"2024-06-28T06:00:00+00:00\" \/>\n<meta property=\"og:image\" content=\"http:\/\/maismagazine.pt\/wp-content\/uploads\/2024\/06\/RMM-5-1.jpg\" \/>\n\t<meta property=\"og:image:width\" content=\"725\" \/>\n\t<meta property=\"og:image:height\" content=\"408\" \/>\n\t<meta property=\"og:image:type\" content=\"image\/jpeg\" \/>\n<meta name=\"author\" content=\"Tiago Costa\" \/>\n<meta name=\"twitter:card\" content=\"summary_large_image\" \/>\n<meta name=\"twitter:label1\" content=\"Escrito por\" \/>\n\t<meta name=\"twitter:data1\" content=\"\" \/>\n\t<meta name=\"twitter:label2\" content=\"Tempo estimado de leitura\" \/>\n\t<meta name=\"twitter:data2\" content=\"4 minutos\" \/>\n<script type=\"application\/ld+json\" class=\"yoast-schema-graph\">{\"@context\":\"https:\/\/schema.org\",\"@graph\":[{\"@type\":\"Article\",\"@id\":\"http:\/\/maismagazine.pt\/index.php\/2024\/06\/28\/covilha-integra-mapa-do-design-mundial\/#article\",\"isPartOf\":{\"@id\":\"http:\/\/maismagazine.pt\/index.php\/2024\/06\/28\/covilha-integra-mapa-do-design-mundial\/\"},\"author\":{\"name\":\"Tiago Costa\",\"@id\":\"https:\/\/maismagazine.pt\/#\/schema\/person\/c6c5bfccc886434cbd11c74e035f9646\"},\"headline\":\"Covilh\u00e3 integra mapa do Design Mundial\",\"datePublished\":\"2024-06-28T06:00:00+00:00\",\"mainEntityOfPage\":{\"@id\":\"http:\/\/maismagazine.pt\/index.php\/2024\/06\/28\/covilha-integra-mapa-do-design-mundial\/\"},\"wordCount\":568,\"publisher\":{\"@id\":\"https:\/\/maismagazine.pt\/#organization\"},\"image\":{\"@id\":\"http:\/\/maismagazine.pt\/index.php\/2024\/06\/28\/covilha-integra-mapa-do-design-mundial\/#primaryimage\"},\"thumbnailUrl\":\"https:\/\/maismagazine.pt\/wp-content\/uploads\/2024\/06\/RMM-5-1.jpg\",\"keywords\":[\"CM Covilh\u00e3\"],\"articleSection\":[\"Turismo | Vinhos | Gastronomia\"],\"inLanguage\":\"pt-PT\"},{\"@type\":\"WebPage\",\"@id\":\"http:\/\/maismagazine.pt\/index.php\/2024\/06\/28\/covilha-integra-mapa-do-design-mundial\/\",\"url\":\"http:\/\/maismagazine.pt\/index.php\/2024\/06\/28\/covilha-integra-mapa-do-design-mundial\/\",\"name\":\"Covilh\u00e3 integra mapa do Design Mundial - Mais Magazine\",\"isPartOf\":{\"@id\":\"https:\/\/maismagazine.pt\/#website\"},\"primaryImageOfPage\":{\"@id\":\"http:\/\/maismagazine.pt\/index.php\/2024\/06\/28\/covilha-integra-mapa-do-design-mundial\/#primaryimage\"},\"image\":{\"@id\":\"http:\/\/maismagazine.pt\/index.php\/2024\/06\/28\/covilha-integra-mapa-do-design-mundial\/#primaryimage\"},\"thumbnailUrl\":\"https:\/\/maismagazine.pt\/wp-content\/uploads\/2024\/06\/RMM-5-1.jpg\",\"datePublished\":\"2024-06-28T06:00:00+00:00\",\"description\":\"Reconhecida como Cidade Criativa da UNESCO, a Covilh\u00e3 prepara-se para a Trienal Internacional de Design em 2025. Este evento celebrar\u00e1 a heran\u00e7a t\u00eaxtil da cidade com quase 100 dias de exposi\u00e7\u00f5es, confer\u00eancias e oficinas, reafirmando o Design como motor de desenvolvimento sustent\u00e1vel.\",\"breadcrumb\":{\"@id\":\"http:\/\/maismagazine.pt\/index.php\/2024\/06\/28\/covilha-integra-mapa-do-design-mundial\/#breadcrumb\"},\"inLanguage\":\"pt-PT\",\"potentialAction\":[{\"@type\":\"ReadAction\",\"target\":[\"http:\/\/maismagazine.pt\/index.php\/2024\/06\/28\/covilha-integra-mapa-do-design-mundial\/\"]}]},{\"@type\":\"ImageObject\",\"inLanguage\":\"pt-PT\",\"@id\":\"http:\/\/maismagazine.pt\/index.php\/2024\/06\/28\/covilha-integra-mapa-do-design-mundial\/#primaryimage\",\"url\":\"https:\/\/maismagazine.pt\/wp-content\/uploads\/2024\/06\/RMM-5-1.jpg\",\"contentUrl\":\"https:\/\/maismagazine.pt\/wp-content\/uploads\/2024\/06\/RMM-5-1.jpg\",\"width\":725,\"height\":408,\"caption\":\"default\"},{\"@type\":\"BreadcrumbList\",\"@id\":\"http:\/\/maismagazine.pt\/index.php\/2024\/06\/28\/covilha-integra-mapa-do-design-mundial\/#breadcrumb\",\"itemListElement\":[{\"@type\":\"ListItem\",\"position\":1,\"name\":\"Home\",\"item\":\"https:\/\/maismagazine.pt\/\"},{\"@type\":\"ListItem\",\"position\":2,\"name\":\"Covilh\u00e3 integra mapa do Design Mundial\"}]},{\"@type\":\"WebSite\",\"@id\":\"https:\/\/maismagazine.pt\/#website\",\"url\":\"https:\/\/maismagazine.pt\/\",\"name\":\"Mais Magazine\",\"description\":\"\",\"publisher\":{\"@id\":\"https:\/\/maismagazine.pt\/#organization\"},\"potentialAction\":[{\"@type\":\"SearchAction\",\"target\":{\"@type\":\"EntryPoint\",\"urlTemplate\":\"https:\/\/maismagazine.pt\/?s={search_term_string}\"},\"query-input\":{\"@type\":\"PropertyValueSpecification\",\"valueRequired\":true,\"valueName\":\"search_term_string\"}}],\"inLanguage\":\"pt-PT\"},{\"@type\":\"Organization\",\"@id\":\"https:\/\/maismagazine.pt\/#organization\",\"name\":\"Mais Magazine\",\"url\":\"https:\/\/maismagazine.pt\/\",\"logo\":{\"@type\":\"ImageObject\",\"inLanguage\":\"pt-PT\",\"@id\":\"https:\/\/maismagazine.pt\/#\/schema\/logo\/image\/\",\"url\":\"https:\/\/maismagazine.pt\/wp-content\/uploads\/2020\/04\/cropped-cropped-mais-magazine-site-logo-2.png\",\"contentUrl\":\"https:\/\/maismagazine.pt\/wp-content\/uploads\/2020\/04\/cropped-cropped-mais-magazine-site-logo-2.png\",\"width\":581,\"height\":90,\"caption\":\"Mais Magazine\"},\"image\":{\"@id\":\"https:\/\/maismagazine.pt\/#\/schema\/logo\/image\/\"}},{\"@type\":\"Person\",\"@id\":\"https:\/\/maismagazine.pt\/#\/schema\/person\/c6c5bfccc886434cbd11c74e035f9646\",\"name\":\"Tiago Costa\",\"image\":{\"@type\":\"ImageObject\",\"inLanguage\":\"pt-PT\",\"@id\":\"https:\/\/maismagazine.pt\/#\/schema\/person\/image\/\",\"url\":\"https:\/\/secure.gravatar.com\/avatar\/c599b2bce16c9870429198cbad5ee022?s=96&d=mm&r=g\",\"contentUrl\":\"https:\/\/secure.gravatar.com\/avatar\/c599b2bce16c9870429198cbad5ee022?s=96&d=mm&r=g\",\"caption\":\"Tiago Costa\"},\"url\":\"https:\/\/maismagazine.pt\/index.php\/author\/tiago\/\"}]}<\/script>\n<!-- \/ Yoast SEO plugin. -->","yoast_head_json":{"title":"Covilh\u00e3 integra mapa do Design Mundial - Mais Magazine","description":"Reconhecida como Cidade Criativa da UNESCO, a Covilh\u00e3 prepara-se para a Trienal Internacional de Design em 2025. Este evento celebrar\u00e1 a heran\u00e7a t\u00eaxtil da cidade com quase 100 dias de exposi\u00e7\u00f5es, confer\u00eancias e oficinas, reafirmando o Design como motor de desenvolvimento sustent\u00e1vel.","robots":{"index":"index","follow":"follow","max-snippet":"max-snippet:-1","max-image-preview":"max-image-preview:large","max-video-preview":"max-video-preview:-1"},"canonical":"http:\/\/maismagazine.pt\/index.php\/2024\/06\/28\/covilha-integra-mapa-do-design-mundial\/","og_locale":"pt_PT","og_type":"article","og_title":"Covilh\u00e3 integra mapa do Design Mundial - Mais Magazine","og_description":"Reconhecida como Cidade Criativa da UNESCO, a Covilh\u00e3 prepara-se para a Trienal Internacional de Design em 2025. Este evento celebrar\u00e1 a heran\u00e7a t\u00eaxtil da cidade com quase 100 dias de exposi\u00e7\u00f5es, confer\u00eancias e oficinas, reafirmando o Design como motor de desenvolvimento sustent\u00e1vel.","og_url":"http:\/\/maismagazine.pt\/index.php\/2024\/06\/28\/covilha-integra-mapa-do-design-mundial\/","og_site_name":"Mais Magazine","article_published_time":"2024-06-28T06:00:00+00:00","og_image":[{"width":725,"height":408,"url":"http:\/\/maismagazine.pt\/wp-content\/uploads\/2024\/06\/RMM-5-1.jpg","type":"image\/jpeg"}],"author":"Tiago Costa","twitter_card":"summary_large_image","twitter_misc":{"Escrito por":false,"Tempo estimado de leitura":"4 minutos"},"schema":{"@context":"https:\/\/schema.org","@graph":[{"@type":"Article","@id":"http:\/\/maismagazine.pt\/index.php\/2024\/06\/28\/covilha-integra-mapa-do-design-mundial\/#article","isPartOf":{"@id":"http:\/\/maismagazine.pt\/index.php\/2024\/06\/28\/covilha-integra-mapa-do-design-mundial\/"},"author":{"name":"Tiago Costa","@id":"https:\/\/maismagazine.pt\/#\/schema\/person\/c6c5bfccc886434cbd11c74e035f9646"},"headline":"Covilh\u00e3 integra mapa do Design Mundial","datePublished":"2024-06-28T06:00:00+00:00","mainEntityOfPage":{"@id":"http:\/\/maismagazine.pt\/index.php\/2024\/06\/28\/covilha-integra-mapa-do-design-mundial\/"},"wordCount":568,"publisher":{"@id":"https:\/\/maismagazine.pt\/#organization"},"image":{"@id":"http:\/\/maismagazine.pt\/index.php\/2024\/06\/28\/covilha-integra-mapa-do-design-mundial\/#primaryimage"},"thumbnailUrl":"https:\/\/maismagazine.pt\/wp-content\/uploads\/2024\/06\/RMM-5-1.jpg","keywords":["CM Covilh\u00e3"],"articleSection":["Turismo | Vinhos | Gastronomia"],"inLanguage":"pt-PT"},{"@type":"WebPage","@id":"http:\/\/maismagazine.pt\/index.php\/2024\/06\/28\/covilha-integra-mapa-do-design-mundial\/","url":"http:\/\/maismagazine.pt\/index.php\/2024\/06\/28\/covilha-integra-mapa-do-design-mundial\/","name":"Covilh\u00e3 integra mapa do Design Mundial - Mais Magazine","isPartOf":{"@id":"https:\/\/maismagazine.pt\/#website"},"primaryImageOfPage":{"@id":"http:\/\/maismagazine.pt\/index.php\/2024\/06\/28\/covilha-integra-mapa-do-design-mundial\/#primaryimage"},"image":{"@id":"http:\/\/maismagazine.pt\/index.php\/2024\/06\/28\/covilha-integra-mapa-do-design-mundial\/#primaryimage"},"thumbnailUrl":"https:\/\/maismagazine.pt\/wp-content\/uploads\/2024\/06\/RMM-5-1.jpg","datePublished":"2024-06-28T06:00:00+00:00","description":"Reconhecida como Cidade Criativa da UNESCO, a Covilh\u00e3 prepara-se para a Trienal Internacional de Design em 2025. Este evento celebrar\u00e1 a heran\u00e7a t\u00eaxtil da cidade com quase 100 dias de exposi\u00e7\u00f5es, confer\u00eancias e oficinas, reafirmando o Design como motor de desenvolvimento sustent\u00e1vel.","breadcrumb":{"@id":"http:\/\/maismagazine.pt\/index.php\/2024\/06\/28\/covilha-integra-mapa-do-design-mundial\/#breadcrumb"},"inLanguage":"pt-PT","potentialAction":[{"@type":"ReadAction","target":["http:\/\/maismagazine.pt\/index.php\/2024\/06\/28\/covilha-integra-mapa-do-design-mundial\/"]}]},{"@type":"ImageObject","inLanguage":"pt-PT","@id":"http:\/\/maismagazine.pt\/index.php\/2024\/06\/28\/covilha-integra-mapa-do-design-mundial\/#primaryimage","url":"https:\/\/maismagazine.pt\/wp-content\/uploads\/2024\/06\/RMM-5-1.jpg","contentUrl":"https:\/\/maismagazine.pt\/wp-content\/uploads\/2024\/06\/RMM-5-1.jpg","width":725,"height":408,"caption":"default"},{"@type":"BreadcrumbList","@id":"http:\/\/maismagazine.pt\/index.php\/2024\/06\/28\/covilha-integra-mapa-do-design-mundial\/#breadcrumb","itemListElement":[{"@type":"ListItem","position":1,"name":"Home","item":"https:\/\/maismagazine.pt\/"},{"@type":"ListItem","position":2,"name":"Covilh\u00e3 integra mapa do Design Mundial"}]},{"@type":"WebSite","@id":"https:\/\/maismagazine.pt\/#website","url":"https:\/\/maismagazine.pt\/","name":"Mais Magazine","description":"","publisher":{"@id":"https:\/\/maismagazine.pt\/#organization"},"potentialAction":[{"@type":"SearchAction","target":{"@type":"EntryPoint","urlTemplate":"https:\/\/maismagazine.pt\/?s={search_term_string}"},"query-input":{"@type":"PropertyValueSpecification","valueRequired":true,"valueName":"search_term_string"}}],"inLanguage":"pt-PT"},{"@type":"Organization","@id":"https:\/\/maismagazine.pt\/#organization","name":"Mais Magazine","url":"https:\/\/maismagazine.pt\/","logo":{"@type":"ImageObject","inLanguage":"pt-PT","@id":"https:\/\/maismagazine.pt\/#\/schema\/logo\/image\/","url":"https:\/\/maismagazine.pt\/wp-content\/uploads\/2020\/04\/cropped-cropped-mais-magazine-site-logo-2.png","contentUrl":"https:\/\/maismagazine.pt\/wp-content\/uploads\/2020\/04\/cropped-cropped-mais-magazine-site-logo-2.png","width":581,"height":90,"caption":"Mais Magazine"},"image":{"@id":"https:\/\/maismagazine.pt\/#\/schema\/logo\/image\/"}},{"@type":"Person","@id":"https:\/\/maismagazine.pt\/#\/schema\/person\/c6c5bfccc886434cbd11c74e035f9646","name":"Tiago Costa","image":{"@type":"ImageObject","inLanguage":"pt-PT","@id":"https:\/\/maismagazine.pt\/#\/schema\/person\/image\/","url":"https:\/\/secure.gravatar.com\/avatar\/c599b2bce16c9870429198cbad5ee022?s=96&d=mm&r=g","contentUrl":"https:\/\/secure.gravatar.com\/avatar\/c599b2bce16c9870429198cbad5ee022?s=96&d=mm&r=g","caption":"Tiago Costa"},"url":"https:\/\/maismagazine.pt\/index.php\/author\/tiago\/"}]}},"author_meta":{"display_name":false,"author_link":"https:\/\/maismagazine.pt\/index.php\/author\/tiago\/"},"featured_img":"https:\/\/maismagazine.pt\/wp-content\/uploads\/2024\/06\/RMM-5-1-300x169.jpg","coauthors":[],"tax_additional":{"categories":{"linked":["<a href=\"https:\/\/maismagazine.pt\/index.php\/category\/turismo-restaurantes\/\" class=\"advgb-post-tax-term\">Turismo | Vinhos | Gastronomia<\/a>"],"unlinked":["<span class=\"advgb-post-tax-term\">Turismo | Vinhos | Gastronomia<\/span>"]},"tags":{"linked":["<a href=\"https:\/\/maismagazine.pt\/index.php\/category\/turismo-restaurantes\/\" class=\"advgb-post-tax-term\">CM Covilh\u00e3<\/a>"],"unlinked":["<span class=\"advgb-post-tax-term\">CM Covilh\u00e3<\/span>"]}},"comment_count":"0","relative_dates":{"created":"Posted 2 anos ago","modified":"Updated 2 anos ago"},"absolute_dates":{"created":"Posted on 28 de Junho, 2024","modified":"Updated on 25 de Junho, 2024"},"absolute_dates_time":{"created":"Posted on 28 de Junho, 2024 7:00","modified":"Updated on 25 de Junho, 2024 16:08"},"featured_img_caption":"default","series_order":"","_links":{"self":[{"href":"https:\/\/maismagazine.pt\/index.php\/wp-json\/wp\/v2\/posts\/9933","targetHints":{"allow":["GET"]}}],"collection":[{"href":"https:\/\/maismagazine.pt\/index.php\/wp-json\/wp\/v2\/posts"}],"about":[{"href":"https:\/\/maismagazine.pt\/index.php\/wp-json\/wp\/v2\/types\/post"}],"author":[{"embeddable":true,"href":"https:\/\/maismagazine.pt\/index.php\/wp-json\/wp\/v2\/users\/17"}],"replies":[{"embeddable":true,"href":"https:\/\/maismagazine.pt\/index.php\/wp-json\/wp\/v2\/comments?post=9933"}],"version-history":[{"count":2,"href":"https:\/\/maismagazine.pt\/index.php\/wp-json\/wp\/v2\/posts\/9933\/revisions"}],"predecessor-version":[{"id":9955,"href":"https:\/\/maismagazine.pt\/index.php\/wp-json\/wp\/v2\/posts\/9933\/revisions\/9955"}],"wp:featuredmedia":[{"embeddable":true,"href":"https:\/\/maismagazine.pt\/index.php\/wp-json\/wp\/v2\/media\/9953"}],"wp:attachment":[{"href":"https:\/\/maismagazine.pt\/index.php\/wp-json\/wp\/v2\/media?parent=9933"}],"wp:term":[{"taxonomy":"category","embeddable":true,"href":"https:\/\/maismagazine.pt\/index.php\/wp-json\/wp\/v2\/categories?post=9933"},{"taxonomy":"post_tag","embeddable":true,"href":"https:\/\/maismagazine.pt\/index.php\/wp-json\/wp\/v2\/tags?post=9933"}],"curies":[{"name":"wp","href":"https:\/\/api.w.org\/{rel}","templated":true}]}}