{"id":9713,"date":"2024-05-24T07:00:00","date_gmt":"2024-05-24T06:00:00","guid":{"rendered":"https:\/\/maismagazine.pt\/?p=9713"},"modified":"2024-05-22T09:27:17","modified_gmt":"2024-05-22T08:27:17","slug":"almada-um-destino-de-natureza-historia-cultura-e-gastronomia","status":"publish","type":"post","link":"https:\/\/maismagazine.pt\/index.php\/2024\/05\/24\/almada-um-destino-de-natureza-historia-cultura-e-gastronomia\/","title":{"rendered":"Almada: Um destino de natureza, hist\u00f3ria, cultura e gastronomia"},"content":{"rendered":"\n<p><strong>Aos p\u00e9s do Cristo Rei, janela aberta para Lisboa, as praias de <a href=\"http:\/\/www.cm-almada.pt\">Almada <\/a>dispensam apresenta\u00e7\u00f5es, j\u00e1 que a sua frente atl\u00e2ntica \u00e9 uma das zonas balneares mais emblem\u00e1ticas do pa\u00eds. S\u00e3o 13kms de praias tradicionalmente galardoadas com a distin\u00e7\u00e3o Bandeira Azul.<\/strong><\/p>\n\n\n\n<p><\/p>\n\n\n\n<p>Recortadas pela paisagem protegida da Arriba F\u00f3ssil da Costa da Caparica, as praias de areia branca e fina, decoradas em tons de verde, azul e dourado, estendem-se por 13kms de costa da Cova do Vapor at\u00e9 \u00e0 Fonte da Telha. O oceano convida a banhos, \u00e0 pr\u00e1tica dos mais variados desportos de onda (como o Surf, o Bodyboard, o SUP ou o Kitesurf) e a desfrutar de \u201csunsets\u201d de cores intensas, ao sabor das iguarias locais, numa muito vasta oferta de restaurantes, para todos os gostos, com qualidade superior. \u00c9 tamb\u00e9m nas praias do concelho de Almada que se pode \u201cmergulhar\u201d nas viv\u00eancias da pesca tradicional com a Arte X\u00e1vega \u2013 Patrim\u00f3nio Cultural Imaterial, identit\u00e1rio da Costa da Caparica. <\/p>\n\n\n<div class=\"wp-block-image\">\n<figure class=\"alignleft size-full is-resized\"><img loading=\"lazy\" decoding=\"async\" width=\"885\" height=\"590\" src=\"https:\/\/maismagazine.pt\/wp-content\/uploads\/2024\/05\/RR_8988.jpg\" alt=\"\" class=\"wp-image-9779\" style=\"aspect-ratio:1.5;width:375px;height:auto\" srcset=\"https:\/\/maismagazine.pt\/wp-content\/uploads\/2024\/05\/RR_8988.jpg 885w, https:\/\/maismagazine.pt\/wp-content\/uploads\/2024\/05\/RR_8988-300x200.jpg 300w, https:\/\/maismagazine.pt\/wp-content\/uploads\/2024\/05\/RR_8988-768x512.jpg 768w, https:\/\/maismagazine.pt\/wp-content\/uploads\/2024\/05\/RR_8988-150x100.jpg 150w\" sizes=\"auto, (max-width: 885px) 100vw, 885px\" \/><\/figure><\/div>\n\n\n<p>O Munic\u00edpio de Almada \u00e9 tradicionalmente dos mais galardoados com a distin\u00e7\u00e3o Bandeira Azul no pa\u00eds \u2013 s\u00e3o dez no total as praias que em 2024 ter\u00e3o a bandeira azul hasteada. Quem visite as praias dunares do Infante, da Mata, da Rainha, da Sereia, de Santo Ant\u00f3nio, de S. Jo\u00e3o da Caparica, ou da frente urbana de praias da Costa da Caparica, poder\u00e1 ver esvoa\u00e7ar o azul da bandeira atribu\u00edda anualmente pela Funda\u00e7\u00e3o para a Educa\u00e7\u00e3o Ambiental e que o Munic\u00edpio de Almada recebe nas suas praias desde o ano em que a bandeira azul come\u00e7ou a ser atribu\u00edda, 1987.<\/p>\n\n\n\n<p><\/p>\n\n\n\n<p>As Bandeiras Azuis asseguram a qualidade da praia com base em padr\u00f5es ambientais, como a qualidade da \u00e1gua e limpeza da praia e tamb\u00e9m em instala\u00e7\u00f5es importantes, incluindo sanit\u00e1rios e equipamento salva-vidas, acessibilidade e infraestruturas de apoio. Al\u00e9m da distin\u00e7\u00e3o Bandeira Azul, a qualidade de toda a linha de praia de Almada confere a cada praia a distin\u00e7\u00e3o de Praia Qualidade Ouro, pela Quercus.<\/p>\n\n\n\n<p><\/p>\n\n\n\n<p>Esta t\u00e3o significativa distin\u00e7\u00e3o vem reconhecer o importante esfor\u00e7o do munic\u00edpio de Almada em possibilitar uma conviv\u00eancia sustent\u00e1vel entre o ambiente e o desenvolvimento local. Ano ap\u00f3s ano, a qualidade das praias daquela que \u00e9 maior zona balnear da \u00c1rea Metropolitana de Lisboa, \u00e9 garantida e reconhecida pelo cumprimento de todos os crit\u00e9rios de qualidade exigidos. A seguran\u00e7a das praias, o socorro e assist\u00eancia aos banhistas, que durante todo o ano usufruem das praias do concelho, \u00e9 assegurada pelo programa municipal Praia Protegida, em articula\u00e7\u00e3o com o programa Praia Segura, da Autoridade Mar\u00edtima Nacional &#8211; Capitania do Porto de Lisboa. J\u00e1 no \u00e2mbito da sustentabilidade, algumas das a\u00e7\u00f5es desenvolvidas pelo munic\u00edpio englobam a preserva\u00e7\u00e3o e requalifica\u00e7\u00e3o das dunas e coloca\u00e7\u00e3o de veda\u00e7\u00f5es de delimita\u00e7\u00e3o das \u00e1reas de interven\u00e7\u00e3o, incentivos \u00e0 agricultura biol\u00f3gica nas Terras da Costa, melhoramentos nas op\u00e7\u00f5es de mobilidade e acessibilidades \u00e0s praias, visitas guiadas e a\u00e7\u00f5es de sensibiliza\u00e7\u00e3o ecol\u00f3gica, iniciativas de limpeza das praias, entre outras.<\/p>\n\n\n\n<p><\/p>\n\n\n\n<p>As paisagens e diferentes ambientes tornam inconfund\u00edveis as praias desta regi\u00e3o. No sentido de norte para sul, pode optar por praias dunares, logo ap\u00f3s a jun\u00e7\u00e3o do Tejo e do Atl\u00e2ntico e visitar a Frente Urbana da Costa da Caparica. Ou ent\u00e3o percorrer as terras da Costa e a Paisagem Protegida da Arriba F\u00f3ssil, at\u00e9 chegar \u00e0 aldeia piscat\u00f3ria da Fonte da Telha, onde o horizonte seduz em qualquer uma das dire\u00e7\u00f5es. A variedade de op\u00e7\u00f5es estende-se ainda \u00e0s Praias Acess\u00edveis a pessoas com mobilidade reduzida (praias do Para\u00edso e Rainha) e \u00e0 crescente procura de praias naturistas (praias da Bela Vista e da Adi\u00e7a). Tudo isto vem contribuir ainda mais para a promo\u00e7\u00e3o das praias Costa da Caparica e do concelho de Almada como um destino de elei\u00e7\u00e3o para f\u00e9rias, vers\u00e1til e com op\u00e7\u00f5es para todas as prefer\u00eancias. Como pano de fundo para a imensid\u00e3o do Atl\u00e2ntico, encontramos o maior espa\u00e7o natural do concelho, a Paisagem Protegida da Arriba F\u00f3ssil da Costa da Caparica. Nesta \u00e1rea com grande relev\u00e2ncia geol\u00f3gica e geomorfol\u00f3gica, vegeta\u00e7\u00e3o aut\u00f3ctone e esp\u00e9cies raras de flora e fauna, \u00e9 inevit\u00e1vel apaixonarmo-nos pela Reserva Bot\u00e2nica da Mata Nacional dos Medos, onde o pinhal manso oferece v\u00e1rios percursos pedestres que alcan\u00e7am os miradouros sobranceiros \u00e0s praias. Contribuindo para a conserva\u00e7\u00e3o e sustentabilidade deste espa\u00e7o, os passadi\u00e7os da Mata dos Medos s\u00e3o de visita obrigat\u00f3ria e convidam a uma total imers\u00e3o no meio natural. A zona \u00e9 tamb\u00e9m ponto de refer\u00eancia para os amantes de desportos radicais, como o parapente, e de atividades ligadas \u00e0 sa\u00fade e bem-estar, passeios de bicicleta, passeios a cavalo e piqueniques. Na ponta norte desta \u00e1rea protegida, podemos visitar o Solar dos Zagallos, ou o emblem\u00e1tico Convento dos Capuchos, hoje espa\u00e7o cultural de excel\u00eancia, edificado no s\u00e9culo XVI e que constitui, em conjunto com os seus jardins rom\u00e2nticos e miradouros, um testemunho singular dos princ\u00edpios de contempla\u00e7\u00e3o, paz e isolamento dos frades franciscanos que o habitaram.<\/p>\n\n\n<div class=\"wp-block-image\">\n<figure class=\"alignright size-full is-resized\"><img loading=\"lazy\" decoding=\"async\" width=\"885\" height=\"590\" src=\"https:\/\/maismagazine.pt\/wp-content\/uploads\/2024\/05\/RR_9041.jpg\" alt=\"\" class=\"wp-image-9780\" style=\"aspect-ratio:1.5;width:372px;height:auto\" srcset=\"https:\/\/maismagazine.pt\/wp-content\/uploads\/2024\/05\/RR_9041.jpg 885w, https:\/\/maismagazine.pt\/wp-content\/uploads\/2024\/05\/RR_9041-300x200.jpg 300w, https:\/\/maismagazine.pt\/wp-content\/uploads\/2024\/05\/RR_9041-768x512.jpg 768w, https:\/\/maismagazine.pt\/wp-content\/uploads\/2024\/05\/RR_9041-150x100.jpg 150w\" sizes=\"auto, (max-width: 885px) 100vw, 885px\" \/><\/figure><\/div>\n\n\n<p>O Concelho disp\u00f5e de muitos outros espa\u00e7os verdes, parques urbanos e jardins, que fazem de Almada uma das 10 cidades mais verdes de Portugal. Aqui a perfeita harmonia entre tranquilidade, conv\u00edvio, lazer e desporto apela \u00e0 contempla\u00e7\u00e3o e explora\u00e7\u00e3o dos sentidos. Especial destaque para o Parque da Paz, usualmente considerado o \u201cpulm\u00e3o da cidade\u201d de Almada, com os seus 70 hectares ricos em fauna e flora e caminhos pedonais e cicl\u00e1veis, por entre clareiras com relvados amplos, bosques e lagos. Outras op\u00e7\u00f5es para usufruir por inteiro do contacto com a natureza incluem, por exemplo, uma visita ao Jardim do Rio, onde o Elevador Panor\u00e2mico nos eleva at\u00e9 ao centro hist\u00f3rico de Almada, ou ao Jardim Bot\u00e2nico \u201cO Ch\u00e3o das Artes\u201d, que explora a liga\u00e7\u00e3o entre a natureza e as artes pl\u00e1sticas. Fora do centro hist\u00f3rico de Almada, o Jardim Urbano da Costa da Caparica conta com cortes de t\u00e9nis, percursos cicl\u00e1veis e espa\u00e7os de recreio infantis e juvenis, e o Parque Aventura da Charneca de Caparica, oferece \u00e1reas de recreio infantil, arborismo e escalada, percursos pedonais e pista cicl\u00e1vel. S\u00e3o ainda as condi\u00e7\u00f5es naturais da regi\u00e3o que possibilitam a exist\u00eancia de tr\u00eas campos de golfe de exce\u00e7\u00e3o, na zona dos Capuchos e Aroeira, que se destacam pela versatilidade dos seus \u201cgreens\u201d.<\/p>\n\n\n\n<p><\/p>\n\n\n\n<p>Estas op\u00e7\u00f5es de frui\u00e7\u00e3o ao ar livre podem ser complementadas por muitas outras, em diferentes vertentes. A riqueza do concelho de Almada no que respeita a patrim\u00f3nio hist\u00f3rico n\u00e3o passa despercebida, nem cristaliza o territ\u00f3rio no passado: pelo contr\u00e1rio, \u00e9 parte integrante das viv\u00eancias do presente. O Santu\u00e1rio do Cristo Rei, ex-libris de Almada, oferece uma deslumbrante vista panor\u00e2mica sobre a regi\u00e3o. Atrai milhares de visitantes e peregrinos, sendo o ponto de partida perfeito para uma visita ao restante patrim\u00f3nio concelhio, entre monumentos, museus, igrejas, e locais que testemunham um passado rural, militar e industrial e de grande relev\u00e2ncia. Na cidade de Almada, s\u00e3o pontos de visita obrigat\u00f3ria, entre outros, a Casa da Cerca \u2013 Centro de Arte Contempor\u00e2nea, miradouros como o do jardim do castelo, e vest\u00edgios arqueol\u00f3gicos como os do S\u00edtio Arqueol\u00f3gico da Quinta do Almaraz, do Museu Almada &#8211; Covas de P\u00e3o ou das Salgas Romanas de Peixe, situadas no Largo de Cacilhas. Tamb\u00e9m o Museu Almada \u2013 Casa da Cidade, a Fragata-Museu D. Fernando II e Gl\u00f3ria e o Submarino Barracuda atestam vivamente a liga\u00e7\u00e3o secular do concelho de Almada ao rio e ao mar.<\/p>\n\n\n\n<p><\/p>\n\n\n\n<p>\u00c0 oferta da cidade de Almada juntam-se ainda algumas localidades pitorescas, onde a autenticidade das suas gentes se une a uma hist\u00f3ria de atividades ribeirinhas tradicionais, de que s\u00e3o exemplo a Trafaria, o Porto Brand\u00e3o e a Caparica. Na zona mais rural do concelho, a Sobreda destaca-se pela forte tradi\u00e7\u00e3o de arte equestre e pela sua antiga quinta agr\u00edcola do s\u00e9culo XVIII, o Solar dos Zagallos, hoje centro cultural que, juntamente com os seus jardins rom\u00e2nticos e cape-las, conserva um vasto esp\u00f3lio de azulejos portugueses.<\/p>\n\n\n<div class=\"wp-block-image\">\n<figure class=\"alignleft size-full is-resized\"><img loading=\"lazy\" decoding=\"async\" width=\"885\" height=\"590\" src=\"https:\/\/maismagazine.pt\/wp-content\/uploads\/2024\/05\/RR_9767.jpg\" alt=\"\" class=\"wp-image-9781\" style=\"aspect-ratio:1.5;width:368px;height:auto\" srcset=\"https:\/\/maismagazine.pt\/wp-content\/uploads\/2024\/05\/RR_9767.jpg 885w, https:\/\/maismagazine.pt\/wp-content\/uploads\/2024\/05\/RR_9767-300x200.jpg 300w, https:\/\/maismagazine.pt\/wp-content\/uploads\/2024\/05\/RR_9767-768x512.jpg 768w, https:\/\/maismagazine.pt\/wp-content\/uploads\/2024\/05\/RR_9767-150x100.jpg 150w\" sizes=\"auto, (max-width: 885px) 100vw, 885px\" \/><\/figure><\/div>\n\n\n<p>Uma visita a Almada n\u00e3o fica completa sem uma pausa para saborear a apetitosa e generosa oferta gastron\u00f3mica do concelho, que reflete em cada prato a autenticidade tradicional, mas tamb\u00e9m a inova\u00e7\u00e3o cosmopolita. Da ementa de op\u00e7\u00f5es destacam-se os pratos de peixe fresco, marisco, cataplanas, caldeiradas, \u201cAm\u00eaijoas \u00e0 Bulh\u00e3o Pato\u201d e carvoadas. Escusado ser\u00e1 dizer que a sua gastronomia repleta de sabores do oceano pode ser regada com os melhores vinhos. Para terminar em beleza, aconchegar o est\u00f4mago e ado\u00e7ar o palato dos mais gulosos, a do\u00e7aria convida a provar os t\u00edpicos Past\u00e9is Al-Madan, os Cl\u00e1udinos, os Past\u00e9is de Santo Ant\u00f3nio, entre muitos outros \u201cdoces p\u00e9rolas\u201d da pastelaria e confeitaria almadense. <\/p>\n\n\n\n<p><\/p>\n\n\n\n<p>Outro cart\u00e3o de visita do Concelho de Almada \u00e9 a sua atividade cultural intensa e de interesse incontorn\u00e1vel, com festivais como o Sol da Caparica, o Festival de Teatro de Almada de renome internacional, o Festival Sementes de Teatro infantil, festivais de m\u00fasica de todos os estilos como os Sons de Outono em que o mote \u00e9 a m\u00fasica cl\u00e1ssica, entre outras iniciativas culturais e l\u00fadicas dirigidas a todas as idades.<\/p>\n\n\n\n<p><\/p>\n\n\n\n<p>Deixamos-lhe o convite para visitar este destino aut\u00eantico e sustent\u00e1vel que, com certeza, o vai surpreender.<\/p>\n\n\n\n<p><\/p>\n\n\n<div class=\"wp-block-image\">\n<figure class=\"aligncenter size-large is-resized\"><img loading=\"lazy\" decoding=\"async\" width=\"1024\" height=\"381\" src=\"https:\/\/maismagazine.pt\/wp-content\/uploads\/2024\/05\/CMA_Horizontal_Cor_CMYK_03-1024x381.jpg\" alt=\"\" class=\"wp-image-9719\" style=\"aspect-ratio:2.687548942834769;width:406px;height:auto\" srcset=\"https:\/\/maismagazine.pt\/wp-content\/uploads\/2024\/05\/CMA_Horizontal_Cor_CMYK_03-1024x381.jpg 1024w, https:\/\/maismagazine.pt\/wp-content\/uploads\/2024\/05\/CMA_Horizontal_Cor_CMYK_03-300x112.jpg 300w, https:\/\/maismagazine.pt\/wp-content\/uploads\/2024\/05\/CMA_Horizontal_Cor_CMYK_03-768x286.jpg 768w, https:\/\/maismagazine.pt\/wp-content\/uploads\/2024\/05\/CMA_Horizontal_Cor_CMYK_03-1536x572.jpg 1536w, https:\/\/maismagazine.pt\/wp-content\/uploads\/2024\/05\/CMA_Horizontal_Cor_CMYK_03-2048x762.jpg 2048w\" sizes=\"auto, (max-width: 1024px) 100vw, 1024px\" \/><\/figure><\/div>\n\n\n<p><canvas width=\"995\" height=\"1405\"><\/canvas><\/p>\n","protected":false},"excerpt":{"rendered":"<p>Aos p\u00e9s do Cristo Rei, janela aberta para Lisboa, as praias de Almada dispensam apresenta\u00e7\u00f5es, j\u00e1 que a sua frente atl\u00e2ntica \u00e9 uma das zonas balneares mais emblem\u00e1ticas do pa\u00eds. S\u00e3o 13kms de praias tradicionalmente galardoadas com a distin\u00e7\u00e3o Bandeira Azul. Recortadas pela paisagem protegida da Arriba F\u00f3ssil da Costa&hellip;<\/p>\n","protected":false},"author":18,"featured_media":9777,"comment_status":"closed","ping_status":"open","sticky":false,"template":"","format":"standard","meta":{"advgb_blocks_editor_width":"","advgb_blocks_columns_visual_guide":"","_monsterinsights_skip_tracking":false,"_monsterinsights_sitenote_active":false,"_monsterinsights_sitenote_note":"","_monsterinsights_sitenote_category":0,"footnotes":""},"categories":[50],"tags":[440,734,752],"class_list":["post-9713","post","type-post","status-publish","format-standard","has-post-thumbnail","hentry","category-destaques","tag-almada","tag-bandeira-azul","tag-praias"],"yoast_head":"<!-- This site is optimized with the Yoast SEO plugin v24.4 - https:\/\/yoast.com\/wordpress\/plugins\/seo\/ -->\n<title>Almada: Um destino de natureza, hist\u00f3ria, cultura e gastronomia - Mais Magazine<\/title>\n<meta name=\"robots\" content=\"index, follow, max-snippet:-1, max-image-preview:large, max-video-preview:-1\" \/>\n<link rel=\"canonical\" href=\"https:\/\/maismagazine.pt\/index.php\/2024\/05\/24\/almada-um-destino-de-natureza-historia-cultura-e-gastronomia\/\" \/>\n<meta property=\"og:locale\" content=\"pt_PT\" \/>\n<meta property=\"og:type\" content=\"article\" \/>\n<meta property=\"og:title\" content=\"Almada: Um destino de natureza, hist\u00f3ria, cultura e gastronomia - Mais Magazine\" \/>\n<meta property=\"og:description\" content=\"Aos p\u00e9s do Cristo Rei, janela aberta para Lisboa, as praias de Almada dispensam apresenta\u00e7\u00f5es, j\u00e1 que a sua frente atl\u00e2ntica \u00e9 uma das zonas balneares mais emblem\u00e1ticas do pa\u00eds. S\u00e3o 13kms de praias tradicionalmente galardoadas com a distin\u00e7\u00e3o Bandeira Azul. Recortadas pela paisagem protegida da Arriba F\u00f3ssil da Costa&hellip;\" \/>\n<meta property=\"og:url\" content=\"https:\/\/maismagazine.pt\/index.php\/2024\/05\/24\/almada-um-destino-de-natureza-historia-cultura-e-gastronomia\/\" \/>\n<meta property=\"og:site_name\" content=\"Mais Magazine\" \/>\n<meta property=\"article:published_time\" content=\"2024-05-24T06:00:00+00:00\" \/>\n<meta property=\"og:image\" content=\"https:\/\/maismagazine.pt\/wp-content\/uploads\/2024\/05\/RR_9064.jpg\" \/>\n\t<meta property=\"og:image:width\" content=\"885\" \/>\n\t<meta property=\"og:image:height\" content=\"590\" \/>\n\t<meta property=\"og:image:type\" content=\"image\/jpeg\" \/>\n<meta name=\"author\" content=\"Tatiana Martins\" \/>\n<meta name=\"twitter:card\" content=\"summary_large_image\" \/>\n<meta name=\"twitter:label1\" content=\"Escrito por\" \/>\n\t<meta name=\"twitter:data1\" content=\"\" \/>\n\t<meta name=\"twitter:label2\" content=\"Tempo estimado de leitura\" \/>\n\t<meta name=\"twitter:data2\" content=\"10 minutos\" \/>\n<script type=\"application\/ld+json\" class=\"yoast-schema-graph\">{\"@context\":\"https:\/\/schema.org\",\"@graph\":[{\"@type\":\"Article\",\"@id\":\"https:\/\/maismagazine.pt\/index.php\/2024\/05\/24\/almada-um-destino-de-natureza-historia-cultura-e-gastronomia\/#article\",\"isPartOf\":{\"@id\":\"https:\/\/maismagazine.pt\/index.php\/2024\/05\/24\/almada-um-destino-de-natureza-historia-cultura-e-gastronomia\/\"},\"author\":{\"name\":\"Tatiana Martins\",\"@id\":\"http:\/\/maismagazine.pt\/#\/schema\/person\/7426e2caeb8df32a1b56aa48dae778c9\"},\"headline\":\"Almada: Um destino de natureza, hist\u00f3ria, cultura e gastronomia\",\"datePublished\":\"2024-05-24T06:00:00+00:00\",\"mainEntityOfPage\":{\"@id\":\"https:\/\/maismagazine.pt\/index.php\/2024\/05\/24\/almada-um-destino-de-natureza-historia-cultura-e-gastronomia\/\"},\"wordCount\":1660,\"publisher\":{\"@id\":\"http:\/\/maismagazine.pt\/#organization\"},\"image\":{\"@id\":\"https:\/\/maismagazine.pt\/index.php\/2024\/05\/24\/almada-um-destino-de-natureza-historia-cultura-e-gastronomia\/#primaryimage\"},\"thumbnailUrl\":\"https:\/\/maismagazine.pt\/wp-content\/uploads\/2024\/05\/RR_9064.jpg\",\"keywords\":[\"Almada\",\"Bandeira azul\",\"Praias\"],\"articleSection\":[\"Destaques\"],\"inLanguage\":\"pt-PT\"},{\"@type\":\"WebPage\",\"@id\":\"https:\/\/maismagazine.pt\/index.php\/2024\/05\/24\/almada-um-destino-de-natureza-historia-cultura-e-gastronomia\/\",\"url\":\"https:\/\/maismagazine.pt\/index.php\/2024\/05\/24\/almada-um-destino-de-natureza-historia-cultura-e-gastronomia\/\",\"name\":\"Almada: Um destino de natureza, hist\u00f3ria, cultura e gastronomia - Mais Magazine\",\"isPartOf\":{\"@id\":\"http:\/\/maismagazine.pt\/#website\"},\"primaryImageOfPage\":{\"@id\":\"https:\/\/maismagazine.pt\/index.php\/2024\/05\/24\/almada-um-destino-de-natureza-historia-cultura-e-gastronomia\/#primaryimage\"},\"image\":{\"@id\":\"https:\/\/maismagazine.pt\/index.php\/2024\/05\/24\/almada-um-destino-de-natureza-historia-cultura-e-gastronomia\/#primaryimage\"},\"thumbnailUrl\":\"https:\/\/maismagazine.pt\/wp-content\/uploads\/2024\/05\/RR_9064.jpg\",\"datePublished\":\"2024-05-24T06:00:00+00:00\",\"breadcrumb\":{\"@id\":\"https:\/\/maismagazine.pt\/index.php\/2024\/05\/24\/almada-um-destino-de-natureza-historia-cultura-e-gastronomia\/#breadcrumb\"},\"inLanguage\":\"pt-PT\",\"potentialAction\":[{\"@type\":\"ReadAction\",\"target\":[\"https:\/\/maismagazine.pt\/index.php\/2024\/05\/24\/almada-um-destino-de-natureza-historia-cultura-e-gastronomia\/\"]}]},{\"@type\":\"ImageObject\",\"inLanguage\":\"pt-PT\",\"@id\":\"https:\/\/maismagazine.pt\/index.php\/2024\/05\/24\/almada-um-destino-de-natureza-historia-cultura-e-gastronomia\/#primaryimage\",\"url\":\"https:\/\/maismagazine.pt\/wp-content\/uploads\/2024\/05\/RR_9064.jpg\",\"contentUrl\":\"https:\/\/maismagazine.pt\/wp-content\/uploads\/2024\/05\/RR_9064.jpg\",\"width\":885,\"height\":590},{\"@type\":\"BreadcrumbList\",\"@id\":\"https:\/\/maismagazine.pt\/index.php\/2024\/05\/24\/almada-um-destino-de-natureza-historia-cultura-e-gastronomia\/#breadcrumb\",\"itemListElement\":[{\"@type\":\"ListItem\",\"position\":1,\"name\":\"Home\",\"item\":\"http:\/\/maismagazine.pt\/\"},{\"@type\":\"ListItem\",\"position\":2,\"name\":\"Almada: Um destino de natureza, hist\u00f3ria, cultura e gastronomia\"}]},{\"@type\":\"WebSite\",\"@id\":\"http:\/\/maismagazine.pt\/#website\",\"url\":\"http:\/\/maismagazine.pt\/\",\"name\":\"Mais Magazine\",\"description\":\"\",\"publisher\":{\"@id\":\"http:\/\/maismagazine.pt\/#organization\"},\"potentialAction\":[{\"@type\":\"SearchAction\",\"target\":{\"@type\":\"EntryPoint\",\"urlTemplate\":\"http:\/\/maismagazine.pt\/?s={search_term_string}\"},\"query-input\":{\"@type\":\"PropertyValueSpecification\",\"valueRequired\":true,\"valueName\":\"search_term_string\"}}],\"inLanguage\":\"pt-PT\"},{\"@type\":\"Organization\",\"@id\":\"http:\/\/maismagazine.pt\/#organization\",\"name\":\"Mais Magazine\",\"url\":\"http:\/\/maismagazine.pt\/\",\"logo\":{\"@type\":\"ImageObject\",\"inLanguage\":\"pt-PT\",\"@id\":\"http:\/\/maismagazine.pt\/#\/schema\/logo\/image\/\",\"url\":\"https:\/\/maismagazine.pt\/wp-content\/uploads\/2020\/04\/cropped-cropped-mais-magazine-site-logo-2.png\",\"contentUrl\":\"https:\/\/maismagazine.pt\/wp-content\/uploads\/2020\/04\/cropped-cropped-mais-magazine-site-logo-2.png\",\"width\":581,\"height\":90,\"caption\":\"Mais Magazine\"},\"image\":{\"@id\":\"http:\/\/maismagazine.pt\/#\/schema\/logo\/image\/\"}},{\"@type\":\"Person\",\"@id\":\"http:\/\/maismagazine.pt\/#\/schema\/person\/7426e2caeb8df32a1b56aa48dae778c9\",\"name\":\"Tatiana Martins\",\"image\":{\"@type\":\"ImageObject\",\"inLanguage\":\"pt-PT\",\"@id\":\"http:\/\/maismagazine.pt\/#\/schema\/person\/image\/\",\"url\":\"https:\/\/secure.gravatar.com\/avatar\/4b24a57f5d0425f2eb20981c4b53244e?s=96&d=mm&r=g\",\"contentUrl\":\"https:\/\/secure.gravatar.com\/avatar\/4b24a57f5d0425f2eb20981c4b53244e?s=96&d=mm&r=g\",\"caption\":\"Tatiana Martins\"},\"url\":\"https:\/\/maismagazine.pt\/index.php\/author\/tatiana\/\"}]}<\/script>\n<!-- \/ Yoast SEO plugin. -->","yoast_head_json":{"title":"Almada: Um destino de natureza, hist\u00f3ria, cultura e gastronomia - Mais Magazine","robots":{"index":"index","follow":"follow","max-snippet":"max-snippet:-1","max-image-preview":"max-image-preview:large","max-video-preview":"max-video-preview:-1"},"canonical":"https:\/\/maismagazine.pt\/index.php\/2024\/05\/24\/almada-um-destino-de-natureza-historia-cultura-e-gastronomia\/","og_locale":"pt_PT","og_type":"article","og_title":"Almada: Um destino de natureza, hist\u00f3ria, cultura e gastronomia - Mais Magazine","og_description":"Aos p\u00e9s do Cristo Rei, janela aberta para Lisboa, as praias de Almada dispensam apresenta\u00e7\u00f5es, j\u00e1 que a sua frente atl\u00e2ntica \u00e9 uma das zonas balneares mais emblem\u00e1ticas do pa\u00eds. S\u00e3o 13kms de praias tradicionalmente galardoadas com a distin\u00e7\u00e3o Bandeira Azul. Recortadas pela paisagem protegida da Arriba F\u00f3ssil da Costa&hellip;","og_url":"https:\/\/maismagazine.pt\/index.php\/2024\/05\/24\/almada-um-destino-de-natureza-historia-cultura-e-gastronomia\/","og_site_name":"Mais Magazine","article_published_time":"2024-05-24T06:00:00+00:00","og_image":[{"width":885,"height":590,"url":"https:\/\/maismagazine.pt\/wp-content\/uploads\/2024\/05\/RR_9064.jpg","type":"image\/jpeg"}],"author":"Tatiana Martins","twitter_card":"summary_large_image","twitter_misc":{"Escrito por":false,"Tempo estimado de leitura":"10 minutos"},"schema":{"@context":"https:\/\/schema.org","@graph":[{"@type":"Article","@id":"https:\/\/maismagazine.pt\/index.php\/2024\/05\/24\/almada-um-destino-de-natureza-historia-cultura-e-gastronomia\/#article","isPartOf":{"@id":"https:\/\/maismagazine.pt\/index.php\/2024\/05\/24\/almada-um-destino-de-natureza-historia-cultura-e-gastronomia\/"},"author":{"name":"Tatiana Martins","@id":"http:\/\/maismagazine.pt\/#\/schema\/person\/7426e2caeb8df32a1b56aa48dae778c9"},"headline":"Almada: Um destino de natureza, hist\u00f3ria, cultura e gastronomia","datePublished":"2024-05-24T06:00:00+00:00","mainEntityOfPage":{"@id":"https:\/\/maismagazine.pt\/index.php\/2024\/05\/24\/almada-um-destino-de-natureza-historia-cultura-e-gastronomia\/"},"wordCount":1660,"publisher":{"@id":"http:\/\/maismagazine.pt\/#organization"},"image":{"@id":"https:\/\/maismagazine.pt\/index.php\/2024\/05\/24\/almada-um-destino-de-natureza-historia-cultura-e-gastronomia\/#primaryimage"},"thumbnailUrl":"https:\/\/maismagazine.pt\/wp-content\/uploads\/2024\/05\/RR_9064.jpg","keywords":["Almada","Bandeira azul","Praias"],"articleSection":["Destaques"],"inLanguage":"pt-PT"},{"@type":"WebPage","@id":"https:\/\/maismagazine.pt\/index.php\/2024\/05\/24\/almada-um-destino-de-natureza-historia-cultura-e-gastronomia\/","url":"https:\/\/maismagazine.pt\/index.php\/2024\/05\/24\/almada-um-destino-de-natureza-historia-cultura-e-gastronomia\/","name":"Almada: Um destino de natureza, hist\u00f3ria, cultura e gastronomia - Mais Magazine","isPartOf":{"@id":"http:\/\/maismagazine.pt\/#website"},"primaryImageOfPage":{"@id":"https:\/\/maismagazine.pt\/index.php\/2024\/05\/24\/almada-um-destino-de-natureza-historia-cultura-e-gastronomia\/#primaryimage"},"image":{"@id":"https:\/\/maismagazine.pt\/index.php\/2024\/05\/24\/almada-um-destino-de-natureza-historia-cultura-e-gastronomia\/#primaryimage"},"thumbnailUrl":"https:\/\/maismagazine.pt\/wp-content\/uploads\/2024\/05\/RR_9064.jpg","datePublished":"2024-05-24T06:00:00+00:00","breadcrumb":{"@id":"https:\/\/maismagazine.pt\/index.php\/2024\/05\/24\/almada-um-destino-de-natureza-historia-cultura-e-gastronomia\/#breadcrumb"},"inLanguage":"pt-PT","potentialAction":[{"@type":"ReadAction","target":["https:\/\/maismagazine.pt\/index.php\/2024\/05\/24\/almada-um-destino-de-natureza-historia-cultura-e-gastronomia\/"]}]},{"@type":"ImageObject","inLanguage":"pt-PT","@id":"https:\/\/maismagazine.pt\/index.php\/2024\/05\/24\/almada-um-destino-de-natureza-historia-cultura-e-gastronomia\/#primaryimage","url":"https:\/\/maismagazine.pt\/wp-content\/uploads\/2024\/05\/RR_9064.jpg","contentUrl":"https:\/\/maismagazine.pt\/wp-content\/uploads\/2024\/05\/RR_9064.jpg","width":885,"height":590},{"@type":"BreadcrumbList","@id":"https:\/\/maismagazine.pt\/index.php\/2024\/05\/24\/almada-um-destino-de-natureza-historia-cultura-e-gastronomia\/#breadcrumb","itemListElement":[{"@type":"ListItem","position":1,"name":"Home","item":"http:\/\/maismagazine.pt\/"},{"@type":"ListItem","position":2,"name":"Almada: Um destino de natureza, hist\u00f3ria, cultura e gastronomia"}]},{"@type":"WebSite","@id":"http:\/\/maismagazine.pt\/#website","url":"http:\/\/maismagazine.pt\/","name":"Mais Magazine","description":"","publisher":{"@id":"http:\/\/maismagazine.pt\/#organization"},"potentialAction":[{"@type":"SearchAction","target":{"@type":"EntryPoint","urlTemplate":"http:\/\/maismagazine.pt\/?s={search_term_string}"},"query-input":{"@type":"PropertyValueSpecification","valueRequired":true,"valueName":"search_term_string"}}],"inLanguage":"pt-PT"},{"@type":"Organization","@id":"http:\/\/maismagazine.pt\/#organization","name":"Mais Magazine","url":"http:\/\/maismagazine.pt\/","logo":{"@type":"ImageObject","inLanguage":"pt-PT","@id":"http:\/\/maismagazine.pt\/#\/schema\/logo\/image\/","url":"https:\/\/maismagazine.pt\/wp-content\/uploads\/2020\/04\/cropped-cropped-mais-magazine-site-logo-2.png","contentUrl":"https:\/\/maismagazine.pt\/wp-content\/uploads\/2020\/04\/cropped-cropped-mais-magazine-site-logo-2.png","width":581,"height":90,"caption":"Mais Magazine"},"image":{"@id":"http:\/\/maismagazine.pt\/#\/schema\/logo\/image\/"}},{"@type":"Person","@id":"http:\/\/maismagazine.pt\/#\/schema\/person\/7426e2caeb8df32a1b56aa48dae778c9","name":"Tatiana Martins","image":{"@type":"ImageObject","inLanguage":"pt-PT","@id":"http:\/\/maismagazine.pt\/#\/schema\/person\/image\/","url":"https:\/\/secure.gravatar.com\/avatar\/4b24a57f5d0425f2eb20981c4b53244e?s=96&d=mm&r=g","contentUrl":"https:\/\/secure.gravatar.com\/avatar\/4b24a57f5d0425f2eb20981c4b53244e?s=96&d=mm&r=g","caption":"Tatiana Martins"},"url":"https:\/\/maismagazine.pt\/index.php\/author\/tatiana\/"}]}},"author_meta":{"display_name":false,"author_link":"https:\/\/maismagazine.pt\/index.php\/author\/tatiana\/"},"featured_img":"https:\/\/maismagazine.pt\/wp-content\/uploads\/2024\/05\/RR_9064-300x200.jpg","coauthors":[],"tax_additional":{"categories":{"linked":["<a href=\"https:\/\/maismagazine.pt\/index.php\/category\/destaques\/\" class=\"advgb-post-tax-term\">Destaques<\/a>"],"unlinked":["<span class=\"advgb-post-tax-term\">Destaques<\/span>"]},"tags":{"linked":["<a href=\"https:\/\/maismagazine.pt\/index.php\/category\/destaques\/\" class=\"advgb-post-tax-term\">Almada<\/a>","<a href=\"https:\/\/maismagazine.pt\/index.php\/category\/destaques\/\" class=\"advgb-post-tax-term\">Bandeira azul<\/a>","<a href=\"https:\/\/maismagazine.pt\/index.php\/category\/destaques\/\" class=\"advgb-post-tax-term\">Praias<\/a>"],"unlinked":["<span class=\"advgb-post-tax-term\">Almada<\/span>","<span class=\"advgb-post-tax-term\">Bandeira azul<\/span>","<span class=\"advgb-post-tax-term\">Praias<\/span>"]}},"comment_count":"0","relative_dates":{"created":"Posted 2 anos ago","modified":"Updated 2 anos ago"},"absolute_dates":{"created":"Posted on 24 de Maio, 2024","modified":"Updated on 22 de Maio, 2024"},"absolute_dates_time":{"created":"Posted on 24 de Maio, 2024 7:00","modified":"Updated on 22 de Maio, 2024 9:27"},"featured_img_caption":"","series_order":"","_links":{"self":[{"href":"https:\/\/maismagazine.pt\/index.php\/wp-json\/wp\/v2\/posts\/9713","targetHints":{"allow":["GET"]}}],"collection":[{"href":"https:\/\/maismagazine.pt\/index.php\/wp-json\/wp\/v2\/posts"}],"about":[{"href":"https:\/\/maismagazine.pt\/index.php\/wp-json\/wp\/v2\/types\/post"}],"author":[{"embeddable":true,"href":"https:\/\/maismagazine.pt\/index.php\/wp-json\/wp\/v2\/users\/18"}],"replies":[{"embeddable":true,"href":"https:\/\/maismagazine.pt\/index.php\/wp-json\/wp\/v2\/comments?post=9713"}],"version-history":[{"count":2,"href":"https:\/\/maismagazine.pt\/index.php\/wp-json\/wp\/v2\/posts\/9713\/revisions"}],"predecessor-version":[{"id":9782,"href":"https:\/\/maismagazine.pt\/index.php\/wp-json\/wp\/v2\/posts\/9713\/revisions\/9782"}],"wp:featuredmedia":[{"embeddable":true,"href":"https:\/\/maismagazine.pt\/index.php\/wp-json\/wp\/v2\/media\/9777"}],"wp:attachment":[{"href":"https:\/\/maismagazine.pt\/index.php\/wp-json\/wp\/v2\/media?parent=9713"}],"wp:term":[{"taxonomy":"category","embeddable":true,"href":"https:\/\/maismagazine.pt\/index.php\/wp-json\/wp\/v2\/categories?post=9713"},{"taxonomy":"post_tag","embeddable":true,"href":"https:\/\/maismagazine.pt\/index.php\/wp-json\/wp\/v2\/tags?post=9713"}],"curies":[{"name":"wp","href":"https:\/\/api.w.org\/{rel}","templated":true}]}}