{"id":9613,"date":"2024-05-24T07:00:00","date_gmt":"2024-05-24T06:00:00","guid":{"rendered":"https:\/\/maismagazine.pt\/?p=9613"},"modified":"2024-05-20T15:31:51","modified_gmt":"2024-05-20T14:31:51","slug":"ordem-dos-fisioterapeutas","status":"publish","type":"post","link":"https:\/\/maismagazine.pt\/index.php\/2024\/05\/24\/ordem-dos-fisioterapeutas\/","title":{"rendered":"Ordem dos fisioterapeutas"},"content":{"rendered":"\n<p>A <a href=\"https:\/\/ordemdosfisioterapeutas.pt\/pt\/\">Ordem dos Fisioterapeutas<\/a> abrange os profissionais de Fisioterapia que, em conformidade com o respetivo Estatuto e as disposi\u00e7\u00f5es legais aplic\u00e1veis, exercem a profiss\u00e3o de Fisioterapeuta.<\/p>\n\n\n\n<p><\/p>\n\n\n\n<p><strong>O que pode o Fisioterapeuta fazer pelo Cidad\u00e3o?<\/strong><\/p>\n\n\n\n<p>O Fisioterapeuta ajud\u00e1-lo-\u00e1 com interven\u00e7\u00f5es espec\u00edfi cas da Fisioterapia. Deve ter em considera\u00e7\u00e3o que, quando procura um Fisioterapeuta inscrito na Ordem, procura um profissional de sa\u00fade devidamente qualificado, que deve atuar dentro de padr\u00f5es de qualidade e sujeito a um C\u00f3digo Deontol\u00f3gico, um Regulamento Disciplinar e a garantia de um seguro de responsabilidade civil profissional.<\/p>\n\n\n\n<p><\/p>\n\n\n\n<p><strong>O que s\u00e3o Produtos de Apoio?<\/strong><\/p>\n\n\n\n<p>Segundo a World Physiotherapy, Produto de Apoio \u00e9 qualquer produto, instrumento, equipamento ou sistema t\u00e9cnico adaptado ou especialmente concebido para melhorar a fun\u00e7\u00e3o e\/ou funcionalidade de uma pessoa com defici\u00eancia.<\/p>\n\n\n\n<p><\/p>\n\n\n\n<p><strong>Os Fisioterapeutas atuam&#8230;<\/strong><\/p>\n\n\n\n<p>-Promo\u00e7\u00e3o e educa\u00e7\u00e3o para a sa\u00fade<\/p>\n\n\n\n<p>-Redu\u00e7\u00e3o do risco e preven\u00e7\u00e3o da les\u00e3o<\/p>\n\n\n\n<p>-Perturba\u00e7\u00e3o ou doen\u00e7a<\/p>\n\n\n\n<p>-Manuten\u00e7\u00e3o<\/p>\n\n\n\n<p>-Habilita\u00e7\u00e3o<\/p>\n\n\n\n<p>-Reabilita\u00e7\u00e3o<\/p>\n\n\n\n<p>-Palia\u00e7\u00e3o<\/p>\n\n\n\n<p>-Pessoas<\/p>\n\n\n\n<p>-Grupos<\/p>\n\n\n\n<p>-Comunidades<\/p>\n\n\n\n<p><\/p>\n\n\n\n<p><strong>Compet\u00eancias do Fisioterapeuta&#8230;<\/strong><\/p>\n\n\n\n<p>Os Fisioterapeutas t\u00eam compet\u00eancias para as atividades de avalia\u00e7\u00e3o e diagn\u00f3stico em Fisioterapia, determina\u00e7\u00e3o do progn\u00f3stico e plano de interven\u00e7\u00e3o, avalia\u00e7\u00e3o dos resultados e conclus\u00e3o do processo de Fisioterapia. <\/p>\n\n\n\n<p><\/p>\n\n\n\n<p>O conhecimento t\u00e9cnico-cient\u00edfico e a pr\u00e1tica baseada em evid\u00eancia, permitem ao Fisioterapeuta desempenhar um papel primordial como facilitador no processo de avalia\u00e7\u00e3o, escolha, aconselhamento e utiliza\u00e7\u00e3o de Produtos de Apoio em pessoas com essa indica\u00e7\u00e3o, cujo objetivo final \u00e9 melhorar a fun\u00e7\u00e3o e\/ou funcionalidade, promovendo a participa\u00e7\u00e3o e inclus\u00e3o.<\/p>\n\n\n\n<p><\/p>\n\n\n\n<p>Ao longo da vida da pessoa, as suas necessidades, capacidades e ambiente v\u00e3o mudando. Por conseguinte, recomenda-se uma avalia\u00e7\u00e3o peri\u00f3dica com o\/a Fisioterapeuta para garantir a seguran\u00e7a.<\/p>\n\n\n\n<p><\/p>\n\n\n\n<p><em>Pavilh\u00e3o 4, stand B04<\/em><\/p>\n\n\n\n<p><canvas width=\"1245\" height=\"1755\"><\/canvas><\/p>\n","protected":false},"excerpt":{"rendered":"<p>A Ordem dos Fisioterapeutas abrange os profissionais de Fisioterapia que, em conformidade com o respetivo Estatuto e as disposi\u00e7\u00f5es legais aplic\u00e1veis, exercem a profiss\u00e3o de Fisioterapeuta. O que pode o Fisioterapeuta fazer pelo Cidad\u00e3o? O Fisioterapeuta ajud\u00e1-lo-\u00e1 com interven\u00e7\u00f5es espec\u00edfi cas da Fisioterapia. Deve ter em considera\u00e7\u00e3o que, quando procura&hellip;<\/p>\n","protected":false},"author":18,"featured_media":9616,"comment_status":"closed","ping_status":"open","sticky":false,"template":"","format":"standard","meta":{"advgb_blocks_editor_width":"","advgb_blocks_columns_visual_guide":"","_monsterinsights_skip_tracking":false,"_monsterinsights_sitenote_active":false,"_monsterinsights_sitenote_note":"","_monsterinsights_sitenote_category":0,"footnotes":""},"categories":[1460],"tags":[1985,1984,457],"class_list":["post-9613","post","type-post","status-publish","format-standard","has-post-thumbnail","hentry","category-publicidade","tag-fisioterapeutas","tag-ordem-dos-fisioterapeutas","tag-saude"],"yoast_head":"<!-- This site is optimized with the Yoast SEO plugin v24.4 - https:\/\/yoast.com\/wordpress\/plugins\/seo\/ -->\n<title>Ordem dos fisioterapeutas - Mais Magazine<\/title>\n<meta name=\"robots\" content=\"index, follow, max-snippet:-1, max-image-preview:large, max-video-preview:-1\" \/>\n<link rel=\"canonical\" href=\"http:\/\/maismagazine.pt\/index.php\/2024\/05\/24\/ordem-dos-fisioterapeutas\/\" \/>\n<meta property=\"og:locale\" content=\"pt_PT\" \/>\n<meta property=\"og:type\" content=\"article\" \/>\n<meta property=\"og:title\" content=\"Ordem dos fisioterapeutas - Mais Magazine\" \/>\n<meta property=\"og:description\" content=\"A Ordem dos Fisioterapeutas abrange os profissionais de Fisioterapia que, em conformidade com o respetivo Estatuto e as disposi\u00e7\u00f5es legais aplic\u00e1veis, exercem a profiss\u00e3o de Fisioterapeuta. O que pode o Fisioterapeuta fazer pelo Cidad\u00e3o? O Fisioterapeuta ajud\u00e1-lo-\u00e1 com interven\u00e7\u00f5es espec\u00edfi cas da Fisioterapia. Deve ter em considera\u00e7\u00e3o que, quando procura&hellip;\" \/>\n<meta property=\"og:url\" content=\"http:\/\/maismagazine.pt\/index.php\/2024\/05\/24\/ordem-dos-fisioterapeutas\/\" \/>\n<meta property=\"og:site_name\" content=\"Mais Magazine\" \/>\n<meta property=\"article:published_time\" content=\"2024-05-24T06:00:00+00:00\" \/>\n<meta property=\"og:image\" content=\"http:\/\/maismagazine.pt\/wp-content\/uploads\/2024\/05\/logo-grande.png\" \/>\n\t<meta property=\"og:image:width\" content=\"1500\" \/>\n\t<meta property=\"og:image:height\" content=\"1000\" \/>\n\t<meta property=\"og:image:type\" content=\"image\/png\" \/>\n<meta name=\"author\" content=\"Tatiana Martins\" \/>\n<meta name=\"twitter:card\" content=\"summary_large_image\" \/>\n<meta name=\"twitter:label1\" content=\"Escrito por\" \/>\n\t<meta name=\"twitter:data1\" content=\"\" \/>\n\t<meta name=\"twitter:label2\" content=\"Tempo estimado de leitura\" \/>\n\t<meta name=\"twitter:data2\" content=\"2 minutos\" \/>\n<script type=\"application\/ld+json\" class=\"yoast-schema-graph\">{\"@context\":\"https:\/\/schema.org\",\"@graph\":[{\"@type\":\"Article\",\"@id\":\"http:\/\/maismagazine.pt\/index.php\/2024\/05\/24\/ordem-dos-fisioterapeutas\/#article\",\"isPartOf\":{\"@id\":\"http:\/\/maismagazine.pt\/index.php\/2024\/05\/24\/ordem-dos-fisioterapeutas\/\"},\"author\":{\"name\":\"Tatiana Martins\",\"@id\":\"https:\/\/maismagazine.pt\/#\/schema\/person\/7426e2caeb8df32a1b56aa48dae778c9\"},\"headline\":\"Ordem dos fisioterapeutas\",\"datePublished\":\"2024-05-24T06:00:00+00:00\",\"mainEntityOfPage\":{\"@id\":\"http:\/\/maismagazine.pt\/index.php\/2024\/05\/24\/ordem-dos-fisioterapeutas\/\"},\"wordCount\":319,\"publisher\":{\"@id\":\"https:\/\/maismagazine.pt\/#organization\"},\"image\":{\"@id\":\"http:\/\/maismagazine.pt\/index.php\/2024\/05\/24\/ordem-dos-fisioterapeutas\/#primaryimage\"},\"thumbnailUrl\":\"https:\/\/maismagazine.pt\/wp-content\/uploads\/2024\/05\/logo-grande.png\",\"keywords\":[\"Fisioterapeutas\",\"Ordem dos fisioterapeutas\",\"sa\u00fade\"],\"articleSection\":[\"publicidade\"],\"inLanguage\":\"pt-PT\"},{\"@type\":\"WebPage\",\"@id\":\"http:\/\/maismagazine.pt\/index.php\/2024\/05\/24\/ordem-dos-fisioterapeutas\/\",\"url\":\"http:\/\/maismagazine.pt\/index.php\/2024\/05\/24\/ordem-dos-fisioterapeutas\/\",\"name\":\"Ordem dos fisioterapeutas - Mais Magazine\",\"isPartOf\":{\"@id\":\"https:\/\/maismagazine.pt\/#website\"},\"primaryImageOfPage\":{\"@id\":\"http:\/\/maismagazine.pt\/index.php\/2024\/05\/24\/ordem-dos-fisioterapeutas\/#primaryimage\"},\"image\":{\"@id\":\"http:\/\/maismagazine.pt\/index.php\/2024\/05\/24\/ordem-dos-fisioterapeutas\/#primaryimage\"},\"thumbnailUrl\":\"https:\/\/maismagazine.pt\/wp-content\/uploads\/2024\/05\/logo-grande.png\",\"datePublished\":\"2024-05-24T06:00:00+00:00\",\"breadcrumb\":{\"@id\":\"http:\/\/maismagazine.pt\/index.php\/2024\/05\/24\/ordem-dos-fisioterapeutas\/#breadcrumb\"},\"inLanguage\":\"pt-PT\",\"potentialAction\":[{\"@type\":\"ReadAction\",\"target\":[\"http:\/\/maismagazine.pt\/index.php\/2024\/05\/24\/ordem-dos-fisioterapeutas\/\"]}]},{\"@type\":\"ImageObject\",\"inLanguage\":\"pt-PT\",\"@id\":\"http:\/\/maismagazine.pt\/index.php\/2024\/05\/24\/ordem-dos-fisioterapeutas\/#primaryimage\",\"url\":\"https:\/\/maismagazine.pt\/wp-content\/uploads\/2024\/05\/logo-grande.png\",\"contentUrl\":\"https:\/\/maismagazine.pt\/wp-content\/uploads\/2024\/05\/logo-grande.png\",\"width\":1500,\"height\":1000},{\"@type\":\"BreadcrumbList\",\"@id\":\"http:\/\/maismagazine.pt\/index.php\/2024\/05\/24\/ordem-dos-fisioterapeutas\/#breadcrumb\",\"itemListElement\":[{\"@type\":\"ListItem\",\"position\":1,\"name\":\"Home\",\"item\":\"https:\/\/maismagazine.pt\/\"},{\"@type\":\"ListItem\",\"position\":2,\"name\":\"Ordem dos fisioterapeutas\"}]},{\"@type\":\"WebSite\",\"@id\":\"https:\/\/maismagazine.pt\/#website\",\"url\":\"https:\/\/maismagazine.pt\/\",\"name\":\"Mais Magazine\",\"description\":\"\",\"publisher\":{\"@id\":\"https:\/\/maismagazine.pt\/#organization\"},\"potentialAction\":[{\"@type\":\"SearchAction\",\"target\":{\"@type\":\"EntryPoint\",\"urlTemplate\":\"https:\/\/maismagazine.pt\/?s={search_term_string}\"},\"query-input\":{\"@type\":\"PropertyValueSpecification\",\"valueRequired\":true,\"valueName\":\"search_term_string\"}}],\"inLanguage\":\"pt-PT\"},{\"@type\":\"Organization\",\"@id\":\"https:\/\/maismagazine.pt\/#organization\",\"name\":\"Mais Magazine\",\"url\":\"https:\/\/maismagazine.pt\/\",\"logo\":{\"@type\":\"ImageObject\",\"inLanguage\":\"pt-PT\",\"@id\":\"https:\/\/maismagazine.pt\/#\/schema\/logo\/image\/\",\"url\":\"https:\/\/maismagazine.pt\/wp-content\/uploads\/2020\/04\/cropped-cropped-mais-magazine-site-logo-2.png\",\"contentUrl\":\"https:\/\/maismagazine.pt\/wp-content\/uploads\/2020\/04\/cropped-cropped-mais-magazine-site-logo-2.png\",\"width\":581,\"height\":90,\"caption\":\"Mais Magazine\"},\"image\":{\"@id\":\"https:\/\/maismagazine.pt\/#\/schema\/logo\/image\/\"}},{\"@type\":\"Person\",\"@id\":\"https:\/\/maismagazine.pt\/#\/schema\/person\/7426e2caeb8df32a1b56aa48dae778c9\",\"name\":\"Tatiana Martins\",\"image\":{\"@type\":\"ImageObject\",\"inLanguage\":\"pt-PT\",\"@id\":\"https:\/\/maismagazine.pt\/#\/schema\/person\/image\/\",\"url\":\"https:\/\/secure.gravatar.com\/avatar\/4b24a57f5d0425f2eb20981c4b53244e?s=96&d=mm&r=g\",\"contentUrl\":\"https:\/\/secure.gravatar.com\/avatar\/4b24a57f5d0425f2eb20981c4b53244e?s=96&d=mm&r=g\",\"caption\":\"Tatiana Martins\"},\"url\":\"https:\/\/maismagazine.pt\/index.php\/author\/tatiana\/\"}]}<\/script>\n<!-- \/ Yoast SEO plugin. -->","yoast_head_json":{"title":"Ordem dos fisioterapeutas - Mais Magazine","robots":{"index":"index","follow":"follow","max-snippet":"max-snippet:-1","max-image-preview":"max-image-preview:large","max-video-preview":"max-video-preview:-1"},"canonical":"http:\/\/maismagazine.pt\/index.php\/2024\/05\/24\/ordem-dos-fisioterapeutas\/","og_locale":"pt_PT","og_type":"article","og_title":"Ordem dos fisioterapeutas - Mais Magazine","og_description":"A Ordem dos Fisioterapeutas abrange os profissionais de Fisioterapia que, em conformidade com o respetivo Estatuto e as disposi\u00e7\u00f5es legais aplic\u00e1veis, exercem a profiss\u00e3o de Fisioterapeuta. O que pode o Fisioterapeuta fazer pelo Cidad\u00e3o? O Fisioterapeuta ajud\u00e1-lo-\u00e1 com interven\u00e7\u00f5es espec\u00edfi cas da Fisioterapia. Deve ter em considera\u00e7\u00e3o que, quando procura&hellip;","og_url":"http:\/\/maismagazine.pt\/index.php\/2024\/05\/24\/ordem-dos-fisioterapeutas\/","og_site_name":"Mais Magazine","article_published_time":"2024-05-24T06:00:00+00:00","og_image":[{"width":1500,"height":1000,"url":"http:\/\/maismagazine.pt\/wp-content\/uploads\/2024\/05\/logo-grande.png","type":"image\/png"}],"author":"Tatiana Martins","twitter_card":"summary_large_image","twitter_misc":{"Escrito por":false,"Tempo estimado de leitura":"2 minutos"},"schema":{"@context":"https:\/\/schema.org","@graph":[{"@type":"Article","@id":"http:\/\/maismagazine.pt\/index.php\/2024\/05\/24\/ordem-dos-fisioterapeutas\/#article","isPartOf":{"@id":"http:\/\/maismagazine.pt\/index.php\/2024\/05\/24\/ordem-dos-fisioterapeutas\/"},"author":{"name":"Tatiana Martins","@id":"https:\/\/maismagazine.pt\/#\/schema\/person\/7426e2caeb8df32a1b56aa48dae778c9"},"headline":"Ordem dos fisioterapeutas","datePublished":"2024-05-24T06:00:00+00:00","mainEntityOfPage":{"@id":"http:\/\/maismagazine.pt\/index.php\/2024\/05\/24\/ordem-dos-fisioterapeutas\/"},"wordCount":319,"publisher":{"@id":"https:\/\/maismagazine.pt\/#organization"},"image":{"@id":"http:\/\/maismagazine.pt\/index.php\/2024\/05\/24\/ordem-dos-fisioterapeutas\/#primaryimage"},"thumbnailUrl":"https:\/\/maismagazine.pt\/wp-content\/uploads\/2024\/05\/logo-grande.png","keywords":["Fisioterapeutas","Ordem dos fisioterapeutas","sa\u00fade"],"articleSection":["publicidade"],"inLanguage":"pt-PT"},{"@type":"WebPage","@id":"http:\/\/maismagazine.pt\/index.php\/2024\/05\/24\/ordem-dos-fisioterapeutas\/","url":"http:\/\/maismagazine.pt\/index.php\/2024\/05\/24\/ordem-dos-fisioterapeutas\/","name":"Ordem dos fisioterapeutas - Mais Magazine","isPartOf":{"@id":"https:\/\/maismagazine.pt\/#website"},"primaryImageOfPage":{"@id":"http:\/\/maismagazine.pt\/index.php\/2024\/05\/24\/ordem-dos-fisioterapeutas\/#primaryimage"},"image":{"@id":"http:\/\/maismagazine.pt\/index.php\/2024\/05\/24\/ordem-dos-fisioterapeutas\/#primaryimage"},"thumbnailUrl":"https:\/\/maismagazine.pt\/wp-content\/uploads\/2024\/05\/logo-grande.png","datePublished":"2024-05-24T06:00:00+00:00","breadcrumb":{"@id":"http:\/\/maismagazine.pt\/index.php\/2024\/05\/24\/ordem-dos-fisioterapeutas\/#breadcrumb"},"inLanguage":"pt-PT","potentialAction":[{"@type":"ReadAction","target":["http:\/\/maismagazine.pt\/index.php\/2024\/05\/24\/ordem-dos-fisioterapeutas\/"]}]},{"@type":"ImageObject","inLanguage":"pt-PT","@id":"http:\/\/maismagazine.pt\/index.php\/2024\/05\/24\/ordem-dos-fisioterapeutas\/#primaryimage","url":"https:\/\/maismagazine.pt\/wp-content\/uploads\/2024\/05\/logo-grande.png","contentUrl":"https:\/\/maismagazine.pt\/wp-content\/uploads\/2024\/05\/logo-grande.png","width":1500,"height":1000},{"@type":"BreadcrumbList","@id":"http:\/\/maismagazine.pt\/index.php\/2024\/05\/24\/ordem-dos-fisioterapeutas\/#breadcrumb","itemListElement":[{"@type":"ListItem","position":1,"name":"Home","item":"https:\/\/maismagazine.pt\/"},{"@type":"ListItem","position":2,"name":"Ordem dos fisioterapeutas"}]},{"@type":"WebSite","@id":"https:\/\/maismagazine.pt\/#website","url":"https:\/\/maismagazine.pt\/","name":"Mais Magazine","description":"","publisher":{"@id":"https:\/\/maismagazine.pt\/#organization"},"potentialAction":[{"@type":"SearchAction","target":{"@type":"EntryPoint","urlTemplate":"https:\/\/maismagazine.pt\/?s={search_term_string}"},"query-input":{"@type":"PropertyValueSpecification","valueRequired":true,"valueName":"search_term_string"}}],"inLanguage":"pt-PT"},{"@type":"Organization","@id":"https:\/\/maismagazine.pt\/#organization","name":"Mais Magazine","url":"https:\/\/maismagazine.pt\/","logo":{"@type":"ImageObject","inLanguage":"pt-PT","@id":"https:\/\/maismagazine.pt\/#\/schema\/logo\/image\/","url":"https:\/\/maismagazine.pt\/wp-content\/uploads\/2020\/04\/cropped-cropped-mais-magazine-site-logo-2.png","contentUrl":"https:\/\/maismagazine.pt\/wp-content\/uploads\/2020\/04\/cropped-cropped-mais-magazine-site-logo-2.png","width":581,"height":90,"caption":"Mais Magazine"},"image":{"@id":"https:\/\/maismagazine.pt\/#\/schema\/logo\/image\/"}},{"@type":"Person","@id":"https:\/\/maismagazine.pt\/#\/schema\/person\/7426e2caeb8df32a1b56aa48dae778c9","name":"Tatiana Martins","image":{"@type":"ImageObject","inLanguage":"pt-PT","@id":"https:\/\/maismagazine.pt\/#\/schema\/person\/image\/","url":"https:\/\/secure.gravatar.com\/avatar\/4b24a57f5d0425f2eb20981c4b53244e?s=96&d=mm&r=g","contentUrl":"https:\/\/secure.gravatar.com\/avatar\/4b24a57f5d0425f2eb20981c4b53244e?s=96&d=mm&r=g","caption":"Tatiana Martins"},"url":"https:\/\/maismagazine.pt\/index.php\/author\/tatiana\/"}]}},"author_meta":{"display_name":false,"author_link":"https:\/\/maismagazine.pt\/index.php\/author\/tatiana\/"},"featured_img":"https:\/\/maismagazine.pt\/wp-content\/uploads\/2024\/05\/logo-grande-300x200.png","coauthors":[],"tax_additional":{"categories":{"linked":["<a href=\"https:\/\/maismagazine.pt\/index.php\/category\/publicidade\/\" class=\"advgb-post-tax-term\">publicidade<\/a>"],"unlinked":["<span class=\"advgb-post-tax-term\">publicidade<\/span>"]},"tags":{"linked":["<a href=\"https:\/\/maismagazine.pt\/index.php\/category\/publicidade\/\" class=\"advgb-post-tax-term\">Fisioterapeutas<\/a>","<a href=\"https:\/\/maismagazine.pt\/index.php\/category\/publicidade\/\" class=\"advgb-post-tax-term\">Ordem dos fisioterapeutas<\/a>","<a href=\"https:\/\/maismagazine.pt\/index.php\/category\/publicidade\/\" class=\"advgb-post-tax-term\">sa\u00fade<\/a>"],"unlinked":["<span class=\"advgb-post-tax-term\">Fisioterapeutas<\/span>","<span class=\"advgb-post-tax-term\">Ordem dos fisioterapeutas<\/span>","<span class=\"advgb-post-tax-term\">sa\u00fade<\/span>"]}},"comment_count":"0","relative_dates":{"created":"Posted 2 anos ago","modified":"Updated 2 anos ago"},"absolute_dates":{"created":"Posted on 24 de Maio, 2024","modified":"Updated on 20 de Maio, 2024"},"absolute_dates_time":{"created":"Posted on 24 de Maio, 2024 7:00","modified":"Updated on 20 de Maio, 2024 15:31"},"featured_img_caption":"","series_order":"","_links":{"self":[{"href":"https:\/\/maismagazine.pt\/index.php\/wp-json\/wp\/v2\/posts\/9613","targetHints":{"allow":["GET"]}}],"collection":[{"href":"https:\/\/maismagazine.pt\/index.php\/wp-json\/wp\/v2\/posts"}],"about":[{"href":"https:\/\/maismagazine.pt\/index.php\/wp-json\/wp\/v2\/types\/post"}],"author":[{"embeddable":true,"href":"https:\/\/maismagazine.pt\/index.php\/wp-json\/wp\/v2\/users\/18"}],"replies":[{"embeddable":true,"href":"https:\/\/maismagazine.pt\/index.php\/wp-json\/wp\/v2\/comments?post=9613"}],"version-history":[{"count":1,"href":"https:\/\/maismagazine.pt\/index.php\/wp-json\/wp\/v2\/posts\/9613\/revisions"}],"predecessor-version":[{"id":9618,"href":"https:\/\/maismagazine.pt\/index.php\/wp-json\/wp\/v2\/posts\/9613\/revisions\/9618"}],"wp:featuredmedia":[{"embeddable":true,"href":"https:\/\/maismagazine.pt\/index.php\/wp-json\/wp\/v2\/media\/9616"}],"wp:attachment":[{"href":"https:\/\/maismagazine.pt\/index.php\/wp-json\/wp\/v2\/media?parent=9613"}],"wp:term":[{"taxonomy":"category","embeddable":true,"href":"https:\/\/maismagazine.pt\/index.php\/wp-json\/wp\/v2\/categories?post=9613"},{"taxonomy":"post_tag","embeddable":true,"href":"https:\/\/maismagazine.pt\/index.php\/wp-json\/wp\/v2\/tags?post=9613"}],"curies":[{"name":"wp","href":"https:\/\/api.w.org\/{rel}","templated":true}]}}