{"id":9460,"date":"2024-04-25T07:00:00","date_gmt":"2024-04-25T06:00:00","guid":{"rendered":"https:\/\/maismagazine.pt\/?p=9460"},"modified":"2024-04-22T16:10:24","modified_gmt":"2024-04-22T15:10:24","slug":"a-luta-continua-dos-enfermeiros-na-madeira","status":"publish","type":"post","link":"https:\/\/maismagazine.pt\/index.php\/2024\/04\/25\/a-luta-continua-dos-enfermeiros-na-madeira\/","title":{"rendered":"A luta cont\u00ednua dos enfermeiros na Madeira"},"content":{"rendered":"\n<p><strong>Desde a sua funda\u00e7\u00e3o at\u00e9 aos dias de hoje, o Sindicato dos Enfermeiros da RAM (<a href=\"https:\/\/www.seram.pt\/\">SERAM<\/a>) tem sido incans\u00e1vel na procura por melhores condi\u00e7\u00f5es laborais e na valoriza\u00e7\u00e3o da profiss\u00e3o. No contexto dos 50 anos do 25 de abril, Juan Ascen\u00e7\u00e3o, o presidente, reflete sobre os avan\u00e7os conquistados, os desafios enfrentados e as perspetivas futuras.<\/strong><\/p>\n\n\n<div class=\"wp-block-image\">\n<figure class=\"aligncenter size-full is-resized\"><img loading=\"lazy\" decoding=\"async\" width=\"1000\" height=\"750\" src=\"http:\/\/maismagazine.pt\/wp-content\/uploads\/2024\/04\/IMG_20230501_105539-1.jpg\" alt=\"\" class=\"wp-image-9465\" style=\"aspect-ratio:1.3333333333333333;width:475px;height:auto\" srcset=\"https:\/\/maismagazine.pt\/wp-content\/uploads\/2024\/04\/IMG_20230501_105539-1.jpg 1000w, https:\/\/maismagazine.pt\/wp-content\/uploads\/2024\/04\/IMG_20230501_105539-1-300x225.jpg 300w, https:\/\/maismagazine.pt\/wp-content\/uploads\/2024\/04\/IMG_20230501_105539-1-768x576.jpg 768w\" sizes=\"auto, (max-width: 1000px) 100vw, 1000px\" \/><\/figure><\/div>\n\n\n<p><strong>De que forma o SERAM tem sido uma voz ativa na defesa dos direitos e interesses dos enfermeiros na Madeira ao longo dos anos? <\/strong><\/p>\n\n\n\n<p>O Sindicato dos Enfermeiros da RAM, (SERAM) \u00e9 um sindicato regional criado no dia 12 de agosto de 1959 pelo Minist\u00e9rio do Trabalho e Previd\u00eancia Social, que atrav\u00e9s da publica\u00e7\u00e3o em alvar\u00e1 constituiu o ent\u00e3o designado Sindicato Nacional dos Profissionais de Enfermagem do Distrito do Funchal, sob o aviso de que a aprova\u00e7\u00e3o dos estatutos e a publica\u00e7\u00e3o desse alvar\u00e1 seria retirado se o sindicato se desviasse dos fins para que foi constitu\u00eddo.<\/p>\n\n\n\n<p><\/p>\n\n\n\n<p>Com mais de seis d\u00e9cadas de trabalho por melhores condi\u00e7\u00f5es laborais, na defesa dos direitos dos enfermeiros e na dignifica\u00e7\u00e3o da profiss\u00e3o de enfermagem, o (SERAM) desde a implementa\u00e7\u00e3o da autonomia regional \u00e9 o sindicato mais representativo dos enfermeiros a n\u00edvel regional e tem sido uma voz ativa e interventiva na defesa dos direitos e interesses dos enfermeiros ao longo dos anos atrav\u00e9s de diversas a\u00e7\u00f5es e interven\u00e7\u00f5es com contributos importantes para a melhoria dos servi\u00e7os de sa\u00fade da RAM e das condi\u00e7\u00f5es socio profissionais dos enfermeiros.<\/p>\n\n\n\n<p><\/p>\n\n\n\n<p>Nos tempos mais recentes o SERAM negociou com o Servi\u00e7o Regional de Sa\u00fade os acordos coletivos de trabalho que asseguram as 35 horas de trabalho semanal assim como a dura\u00e7\u00e3o e organiza\u00e7\u00e3o dos tempos de trabalho, o processo de descongelamento das carreiras de enfermagem a n\u00edvel regional, e continua a participar em diferentes reuni\u00f5es regionais e nacionais com os restantes sindicatos, sobre tem\u00e1ticas que se relacionam com o setor e a profiss\u00e3o. Desde o in\u00edcio da d\u00e9cada de noventa mantem uma parceria de trabalho com o maior sindicato nacional do setor o Sindicato dos Enfermeiros Portugueses (SEP) nos v\u00e1rios processos de negocia\u00e7\u00e3o das carreiras de enfermagem.<\/p>\n\n\n\n<p><\/p>\n\n\n\n<p><strong>Como avalia o progresso alcan\u00e7ado em termos de direitos laborais e condi\u00e7\u00f5es de trabalho para os enfermeiros na Madeira desde a Revolu\u00e7\u00e3o dos Cravos em 1974?<\/strong><\/p>\n\n\n\n<p>Desde a Revolu\u00e7\u00e3o dos Cravos os enfermeiros na Madeira e do Pa\u00eds viram uma progressiva e significativa melhoria dos direitos laborais e das condi\u00e7\u00f5es de trabalho, com a subida gradual dos sal\u00e1rios e a manuten\u00e7\u00e3o das 35 horas semanais, num contexto em que a enfermagem \u00e9 atualmente uma profiss\u00e3o mais respeitada, com maior reconhecimento e com um papel fundamental no sistema de sa\u00fade.<\/p>\n\n\n\n<p><\/p>\n\n\n\n<p>Muitos anos se passaram e muitos objetivos foram alcan\u00e7ados, no entanto os insuficientes recursos humanos continuam a condicionar o quotidiano dos enfermeiros nos servi\u00e7os em particular a concilia\u00e7\u00e3o da vida familiar com a atividade profissional.<\/p>\n\n\n\n<p><\/p>\n\n\n\n<p>Os sindicatos de enfermagem tiveram um papel importante na afirma\u00e7\u00e3o e desenvolvimento da profiss\u00e3o, nomeadamente na integra\u00e7\u00e3o do ensino da enfermagem no sistema educativo nacional, na cria\u00e7\u00e3o do Regulamento do Exerc\u00edcio Profissional dos Enfermeiros (REPE) assim como na materializa\u00e7\u00e3o da Ordem dos Enfermeiros, n\u00e3o abdicando do seu principal objetivo, o de aprimorar o estatuto da carreira de enfermagem, melhorando as remunera\u00e7\u00f5es e as condi\u00e7\u00f5es de trabalho, num processo de melhoria cont\u00ednua ao longo dos anos.<\/p>\n\n\n\n<p><\/p>\n\n\n\n<p><strong>Considerando os 50 anos do 25 de abril, quais s\u00e3o os principais desafios que os enfermeiros enfrentam atualmente na Madeira no que concerne ao reconhecimento profissional e valoriza\u00e7\u00e3o do seu papel na sociedade?<\/strong><\/p>\n\n\n\n<p>Apesar do progresso alcan\u00e7ado em termos de direitos laborais e condi\u00e7\u00f5es de trabalho desde a Revolu\u00e7\u00e3o dos Cravos de 1974, os enfermeiros ainda enfrentam desafios relacionados com a valoriza\u00e7\u00e3o do seu papel no sistema de sa\u00fade, a cria\u00e7\u00e3o de condi\u00e7\u00f5es que minimizem situa\u00e7\u00f5es de estresse, burnout e absente\u00edsmo laboral, prejudicando a qualidade dos cuidados e a seguran\u00e7a no trabalho.<\/p>\n\n\n\n<p><\/p>\n\n\n\n<p>Persistem desconformidades na carreira de enfermagem, falta de enfermeiros em v\u00e1rios locais de trabalho, agravado com a dificuldade em reter novos profissionais e profissionais qualificados. A falta de reconhecimento profissional, as condi\u00e7\u00f5es de trabalho e as baixas remunera\u00e7\u00f5es conduzem os enfermeiros a emigrar na procura de oportunidades de trabalho mais atrativas.<\/p>\n\n\n\n<p><\/p>\n\n\n\n<p>Apesar das dificuldades os enfermeiros na RAM, continuam a desempenhar um papel vital no Servi\u00e7o Regional de Sa\u00fade e na sociedade madeirense.<\/p>\n\n\n\n<p><\/p>\n\n\n\n<p>\u00c9 importante que o governo, e as institui\u00e7\u00f5es de sa\u00fade reconhe\u00e7am como fundamental o investimento na admiss\u00e3o de novos profissionais e na melhoria das condi\u00e7\u00f5es de trabalho dos enfermeiros.<\/p>\n\n\n\n<p><\/p>\n\n\n\n<p><strong>Qual \u00e9 a import\u00e2ncia do 25 de abril na hist\u00f3ria dos enfermeiros da Madeira, e como o SERAM pretende celebrar esta data significativa este ano?<\/strong><\/p>\n\n\n\n<p>Os 48 anos de ditadura caracterizaram-se por um poder concentrado, com censura, aus\u00eancia de liberdade, pris\u00f5es pol\u00edticas, tortura e exilio, numa sociedade privada de liberdade de express\u00e3o, associa\u00e7\u00e3o e reuni\u00e3o.<\/p>\n\n\n\n<p><\/p>\n\n\n\n<p>S\u00f3 com o 25 de abril foi poss\u00edvel instaurar a autonomia dos A\u00e7ores e da Madeira, cujo regime democr\u00e1tico permitiu que os \u00f3rg\u00e3os sociais do sindicato emergissem de listas livremente organizadas por enfermeiros candidatos, eleitos livremente e democraticamente por todos os enfermeiros associados do sindicato. Assim os associados passaram a sentir-se verdadeiramente representados na solu\u00e7\u00e3o dos seus problemas e nas suas reivindica\u00e7\u00f5es tendo em considera\u00e7\u00e3o as reais dificuldades socio laborais.<\/p>\n\n\n\n<p><\/p>\n\n\n\n<p><strong>Para terminar, e olhando para as necessidades espec\u00edficas dos enfermeiros desta regi\u00e3o, quais s\u00e3o as principais reivindica\u00e7\u00f5es do SERAM para o futuro?<\/strong><\/p>\n\n\n\n<p>Nos tempos mais pr\u00f3ximos, teremos no horizonte a admiss\u00e3o de novos enfermeiros nos servi\u00e7os de sa\u00fade, a regulariza\u00e7\u00e3o dos v\u00ednculos prec\u00e1rios, a corre\u00e7\u00e3o de desconformidades originadas pelo descongelamento das carreiras, a revis\u00e3o da Carreira de Enfermagem que valorize efetivamente o trabalho dos enfermeiros e crie melhores perspetivas de desenvolvimento profissional, a revis\u00e3o do Sistema Integrado de Avalia\u00e7\u00e3o do Desempenho adequado \u00e0 especificidade da pr\u00e1tica profissional, o reconhecimento do especial risco e penosidade da profiss\u00e3o, assim como a reposi\u00e7\u00e3o dos requisitos de majora\u00e7\u00e3o mais favor\u00e1veis para efeitos de aposenta\u00e7\u00e3o entre outras propostas consensualizadas com os enfermeiros.<\/p>\n\n\n\n<p><\/p>\n\n\n<div class=\"wp-block-image\">\n<figure class=\"aligncenter size-full is-resized\"><img loading=\"lazy\" decoding=\"async\" width=\"562\" height=\"785\" src=\"https:\/\/maismagazine.pt\/wp-content\/uploads\/2024\/04\/SERAM.png\" alt=\"\" class=\"wp-image-9471\" style=\"aspect-ratio:0.7159235668789808;width:214px;height:auto\" srcset=\"https:\/\/maismagazine.pt\/wp-content\/uploads\/2024\/04\/SERAM.png 562w, https:\/\/maismagazine.pt\/wp-content\/uploads\/2024\/04\/SERAM-215x300.png 215w\" sizes=\"auto, (max-width: 562px) 100vw, 562px\" \/><\/figure><\/div>\n\n\n<p><\/p>\n","protected":false},"excerpt":{"rendered":"<p>Desde a sua funda\u00e7\u00e3o at\u00e9 aos dias de hoje, o Sindicato dos Enfermeiros da RAM (SERAM) tem sido incans\u00e1vel na procura por melhores condi\u00e7\u00f5es laborais e na valoriza\u00e7\u00e3o da profiss\u00e3o. No contexto dos 50 anos do 25 de abril, Juan Ascen\u00e7\u00e3o, o presidente, reflete sobre os avan\u00e7os conquistados, os desafios&hellip;<\/p>\n","protected":false},"author":18,"featured_media":9467,"comment_status":"closed","ping_status":"open","sticky":false,"template":"","format":"standard","meta":{"advgb_blocks_editor_width":"","advgb_blocks_columns_visual_guide":"","_monsterinsights_skip_tracking":false,"_monsterinsights_sitenote_active":false,"_monsterinsights_sitenote_note":"","_monsterinsights_sitenote_category":0,"footnotes":""},"categories":[1,8,313],"tags":[1963,318,760,1962,1965],"class_list":["post-9460","post","type-post","status-publish","format-standard","has-post-thumbnail","hentry","category-atualidade","category-politica","category-saude","tag-25-de-abril","tag-enfermeiros","tag-madeira","tag-revolucao-dos-cravos","tag-seram"],"yoast_head":"<!-- This site is optimized with the Yoast SEO plugin v24.4 - https:\/\/yoast.com\/wordpress\/plugins\/seo\/ -->\n<title>A luta cont\u00ednua dos enfermeiros na Madeira - Mais Magazine<\/title>\n<meta name=\"robots\" content=\"index, follow, max-snippet:-1, max-image-preview:large, max-video-preview:-1\" \/>\n<link rel=\"canonical\" href=\"https:\/\/maismagazine.pt\/index.php\/2024\/04\/25\/a-luta-continua-dos-enfermeiros-na-madeira\/\" \/>\n<meta property=\"og:locale\" content=\"pt_PT\" \/>\n<meta property=\"og:type\" content=\"article\" \/>\n<meta property=\"og:title\" content=\"A luta cont\u00ednua dos enfermeiros na Madeira - Mais Magazine\" \/>\n<meta property=\"og:description\" content=\"Desde a sua funda\u00e7\u00e3o at\u00e9 aos dias de hoje, o Sindicato dos Enfermeiros da RAM (SERAM) tem sido incans\u00e1vel na procura por melhores condi\u00e7\u00f5es laborais e na valoriza\u00e7\u00e3o da profiss\u00e3o. No contexto dos 50 anos do 25 de abril, Juan Ascen\u00e7\u00e3o, o presidente, reflete sobre os avan\u00e7os conquistados, os desafios&hellip;\" \/>\n<meta property=\"og:url\" content=\"https:\/\/maismagazine.pt\/index.php\/2024\/04\/25\/a-luta-continua-dos-enfermeiros-na-madeira\/\" \/>\n<meta property=\"og:site_name\" content=\"Mais Magazine\" \/>\n<meta property=\"article:published_time\" content=\"2024-04-25T06:00:00+00:00\" \/>\n<meta property=\"og:image\" content=\"https:\/\/maismagazine.pt\/wp-content\/uploads\/2024\/04\/IMG-20230501-WA0006-1.jpg\" \/>\n\t<meta property=\"og:image:width\" content=\"1024\" \/>\n\t<meta property=\"og:image:height\" content=\"768\" \/>\n\t<meta property=\"og:image:type\" content=\"image\/jpeg\" \/>\n<meta name=\"author\" content=\"Tatiana Martins\" \/>\n<meta name=\"twitter:card\" content=\"summary_large_image\" \/>\n<meta name=\"twitter:label1\" content=\"Escrito por\" \/>\n\t<meta name=\"twitter:data1\" content=\"\" \/>\n\t<meta name=\"twitter:label2\" content=\"Tempo estimado de leitura\" \/>\n\t<meta name=\"twitter:data2\" content=\"7 minutos\" \/>\n<script type=\"application\/ld+json\" class=\"yoast-schema-graph\">{\"@context\":\"https:\/\/schema.org\",\"@graph\":[{\"@type\":\"Article\",\"@id\":\"https:\/\/maismagazine.pt\/index.php\/2024\/04\/25\/a-luta-continua-dos-enfermeiros-na-madeira\/#article\",\"isPartOf\":{\"@id\":\"https:\/\/maismagazine.pt\/index.php\/2024\/04\/25\/a-luta-continua-dos-enfermeiros-na-madeira\/\"},\"author\":{\"name\":\"Tatiana Martins\",\"@id\":\"https:\/\/maismagazine.pt\/#\/schema\/person\/7426e2caeb8df32a1b56aa48dae778c9\"},\"headline\":\"A luta cont\u00ednua dos enfermeiros na Madeira\",\"datePublished\":\"2024-04-25T06:00:00+00:00\",\"mainEntityOfPage\":{\"@id\":\"https:\/\/maismagazine.pt\/index.php\/2024\/04\/25\/a-luta-continua-dos-enfermeiros-na-madeira\/\"},\"wordCount\":1089,\"publisher\":{\"@id\":\"https:\/\/maismagazine.pt\/#organization\"},\"image\":{\"@id\":\"https:\/\/maismagazine.pt\/index.php\/2024\/04\/25\/a-luta-continua-dos-enfermeiros-na-madeira\/#primaryimage\"},\"thumbnailUrl\":\"https:\/\/maismagazine.pt\/wp-content\/uploads\/2024\/04\/IMG-20230501-WA0006-1.jpg\",\"keywords\":[\"25 de abril\",\"enfermeiros\",\"Madeira\",\"Revolu\u00e7\u00e3o dos Cravos\",\"SERAM\"],\"articleSection\":[\"Atualidade\",\"Pol\u00edtica\",\"Sa\u00fade\"],\"inLanguage\":\"pt-PT\"},{\"@type\":\"WebPage\",\"@id\":\"https:\/\/maismagazine.pt\/index.php\/2024\/04\/25\/a-luta-continua-dos-enfermeiros-na-madeira\/\",\"url\":\"https:\/\/maismagazine.pt\/index.php\/2024\/04\/25\/a-luta-continua-dos-enfermeiros-na-madeira\/\",\"name\":\"A luta cont\u00ednua dos enfermeiros na Madeira - Mais Magazine\",\"isPartOf\":{\"@id\":\"https:\/\/maismagazine.pt\/#website\"},\"primaryImageOfPage\":{\"@id\":\"https:\/\/maismagazine.pt\/index.php\/2024\/04\/25\/a-luta-continua-dos-enfermeiros-na-madeira\/#primaryimage\"},\"image\":{\"@id\":\"https:\/\/maismagazine.pt\/index.php\/2024\/04\/25\/a-luta-continua-dos-enfermeiros-na-madeira\/#primaryimage\"},\"thumbnailUrl\":\"https:\/\/maismagazine.pt\/wp-content\/uploads\/2024\/04\/IMG-20230501-WA0006-1.jpg\",\"datePublished\":\"2024-04-25T06:00:00+00:00\",\"breadcrumb\":{\"@id\":\"https:\/\/maismagazine.pt\/index.php\/2024\/04\/25\/a-luta-continua-dos-enfermeiros-na-madeira\/#breadcrumb\"},\"inLanguage\":\"pt-PT\",\"potentialAction\":[{\"@type\":\"ReadAction\",\"target\":[\"https:\/\/maismagazine.pt\/index.php\/2024\/04\/25\/a-luta-continua-dos-enfermeiros-na-madeira\/\"]}]},{\"@type\":\"ImageObject\",\"inLanguage\":\"pt-PT\",\"@id\":\"https:\/\/maismagazine.pt\/index.php\/2024\/04\/25\/a-luta-continua-dos-enfermeiros-na-madeira\/#primaryimage\",\"url\":\"https:\/\/maismagazine.pt\/wp-content\/uploads\/2024\/04\/IMG-20230501-WA0006-1.jpg\",\"contentUrl\":\"https:\/\/maismagazine.pt\/wp-content\/uploads\/2024\/04\/IMG-20230501-WA0006-1.jpg\",\"width\":1024,\"height\":768},{\"@type\":\"BreadcrumbList\",\"@id\":\"https:\/\/maismagazine.pt\/index.php\/2024\/04\/25\/a-luta-continua-dos-enfermeiros-na-madeira\/#breadcrumb\",\"itemListElement\":[{\"@type\":\"ListItem\",\"position\":1,\"name\":\"Home\",\"item\":\"https:\/\/maismagazine.pt\/\"},{\"@type\":\"ListItem\",\"position\":2,\"name\":\"A luta cont\u00ednua dos enfermeiros na Madeira\"}]},{\"@type\":\"WebSite\",\"@id\":\"https:\/\/maismagazine.pt\/#website\",\"url\":\"https:\/\/maismagazine.pt\/\",\"name\":\"Mais Magazine\",\"description\":\"\",\"publisher\":{\"@id\":\"https:\/\/maismagazine.pt\/#organization\"},\"potentialAction\":[{\"@type\":\"SearchAction\",\"target\":{\"@type\":\"EntryPoint\",\"urlTemplate\":\"https:\/\/maismagazine.pt\/?s={search_term_string}\"},\"query-input\":{\"@type\":\"PropertyValueSpecification\",\"valueRequired\":true,\"valueName\":\"search_term_string\"}}],\"inLanguage\":\"pt-PT\"},{\"@type\":\"Organization\",\"@id\":\"https:\/\/maismagazine.pt\/#organization\",\"name\":\"Mais Magazine\",\"url\":\"https:\/\/maismagazine.pt\/\",\"logo\":{\"@type\":\"ImageObject\",\"inLanguage\":\"pt-PT\",\"@id\":\"https:\/\/maismagazine.pt\/#\/schema\/logo\/image\/\",\"url\":\"https:\/\/maismagazine.pt\/wp-content\/uploads\/2020\/04\/cropped-cropped-mais-magazine-site-logo-2.png\",\"contentUrl\":\"https:\/\/maismagazine.pt\/wp-content\/uploads\/2020\/04\/cropped-cropped-mais-magazine-site-logo-2.png\",\"width\":581,\"height\":90,\"caption\":\"Mais Magazine\"},\"image\":{\"@id\":\"https:\/\/maismagazine.pt\/#\/schema\/logo\/image\/\"}},{\"@type\":\"Person\",\"@id\":\"https:\/\/maismagazine.pt\/#\/schema\/person\/7426e2caeb8df32a1b56aa48dae778c9\",\"name\":\"Tatiana Martins\",\"image\":{\"@type\":\"ImageObject\",\"inLanguage\":\"pt-PT\",\"@id\":\"https:\/\/maismagazine.pt\/#\/schema\/person\/image\/\",\"url\":\"https:\/\/secure.gravatar.com\/avatar\/4b24a57f5d0425f2eb20981c4b53244e?s=96&d=mm&r=g\",\"contentUrl\":\"https:\/\/secure.gravatar.com\/avatar\/4b24a57f5d0425f2eb20981c4b53244e?s=96&d=mm&r=g\",\"caption\":\"Tatiana Martins\"},\"url\":\"https:\/\/maismagazine.pt\/index.php\/author\/tatiana\/\"}]}<\/script>\n<!-- \/ Yoast SEO plugin. -->","yoast_head_json":{"title":"A luta cont\u00ednua dos enfermeiros na Madeira - Mais Magazine","robots":{"index":"index","follow":"follow","max-snippet":"max-snippet:-1","max-image-preview":"max-image-preview:large","max-video-preview":"max-video-preview:-1"},"canonical":"https:\/\/maismagazine.pt\/index.php\/2024\/04\/25\/a-luta-continua-dos-enfermeiros-na-madeira\/","og_locale":"pt_PT","og_type":"article","og_title":"A luta cont\u00ednua dos enfermeiros na Madeira - Mais Magazine","og_description":"Desde a sua funda\u00e7\u00e3o at\u00e9 aos dias de hoje, o Sindicato dos Enfermeiros da RAM (SERAM) tem sido incans\u00e1vel na procura por melhores condi\u00e7\u00f5es laborais e na valoriza\u00e7\u00e3o da profiss\u00e3o. No contexto dos 50 anos do 25 de abril, Juan Ascen\u00e7\u00e3o, o presidente, reflete sobre os avan\u00e7os conquistados, os desafios&hellip;","og_url":"https:\/\/maismagazine.pt\/index.php\/2024\/04\/25\/a-luta-continua-dos-enfermeiros-na-madeira\/","og_site_name":"Mais Magazine","article_published_time":"2024-04-25T06:00:00+00:00","og_image":[{"width":1024,"height":768,"url":"https:\/\/maismagazine.pt\/wp-content\/uploads\/2024\/04\/IMG-20230501-WA0006-1.jpg","type":"image\/jpeg"}],"author":"Tatiana Martins","twitter_card":"summary_large_image","twitter_misc":{"Escrito por":false,"Tempo estimado de leitura":"7 minutos"},"schema":{"@context":"https:\/\/schema.org","@graph":[{"@type":"Article","@id":"https:\/\/maismagazine.pt\/index.php\/2024\/04\/25\/a-luta-continua-dos-enfermeiros-na-madeira\/#article","isPartOf":{"@id":"https:\/\/maismagazine.pt\/index.php\/2024\/04\/25\/a-luta-continua-dos-enfermeiros-na-madeira\/"},"author":{"name":"Tatiana Martins","@id":"https:\/\/maismagazine.pt\/#\/schema\/person\/7426e2caeb8df32a1b56aa48dae778c9"},"headline":"A luta cont\u00ednua dos enfermeiros na Madeira","datePublished":"2024-04-25T06:00:00+00:00","mainEntityOfPage":{"@id":"https:\/\/maismagazine.pt\/index.php\/2024\/04\/25\/a-luta-continua-dos-enfermeiros-na-madeira\/"},"wordCount":1089,"publisher":{"@id":"https:\/\/maismagazine.pt\/#organization"},"image":{"@id":"https:\/\/maismagazine.pt\/index.php\/2024\/04\/25\/a-luta-continua-dos-enfermeiros-na-madeira\/#primaryimage"},"thumbnailUrl":"https:\/\/maismagazine.pt\/wp-content\/uploads\/2024\/04\/IMG-20230501-WA0006-1.jpg","keywords":["25 de abril","enfermeiros","Madeira","Revolu\u00e7\u00e3o dos Cravos","SERAM"],"articleSection":["Atualidade","Pol\u00edtica","Sa\u00fade"],"inLanguage":"pt-PT"},{"@type":"WebPage","@id":"https:\/\/maismagazine.pt\/index.php\/2024\/04\/25\/a-luta-continua-dos-enfermeiros-na-madeira\/","url":"https:\/\/maismagazine.pt\/index.php\/2024\/04\/25\/a-luta-continua-dos-enfermeiros-na-madeira\/","name":"A luta cont\u00ednua dos enfermeiros na Madeira - Mais Magazine","isPartOf":{"@id":"https:\/\/maismagazine.pt\/#website"},"primaryImageOfPage":{"@id":"https:\/\/maismagazine.pt\/index.php\/2024\/04\/25\/a-luta-continua-dos-enfermeiros-na-madeira\/#primaryimage"},"image":{"@id":"https:\/\/maismagazine.pt\/index.php\/2024\/04\/25\/a-luta-continua-dos-enfermeiros-na-madeira\/#primaryimage"},"thumbnailUrl":"https:\/\/maismagazine.pt\/wp-content\/uploads\/2024\/04\/IMG-20230501-WA0006-1.jpg","datePublished":"2024-04-25T06:00:00+00:00","breadcrumb":{"@id":"https:\/\/maismagazine.pt\/index.php\/2024\/04\/25\/a-luta-continua-dos-enfermeiros-na-madeira\/#breadcrumb"},"inLanguage":"pt-PT","potentialAction":[{"@type":"ReadAction","target":["https:\/\/maismagazine.pt\/index.php\/2024\/04\/25\/a-luta-continua-dos-enfermeiros-na-madeira\/"]}]},{"@type":"ImageObject","inLanguage":"pt-PT","@id":"https:\/\/maismagazine.pt\/index.php\/2024\/04\/25\/a-luta-continua-dos-enfermeiros-na-madeira\/#primaryimage","url":"https:\/\/maismagazine.pt\/wp-content\/uploads\/2024\/04\/IMG-20230501-WA0006-1.jpg","contentUrl":"https:\/\/maismagazine.pt\/wp-content\/uploads\/2024\/04\/IMG-20230501-WA0006-1.jpg","width":1024,"height":768},{"@type":"BreadcrumbList","@id":"https:\/\/maismagazine.pt\/index.php\/2024\/04\/25\/a-luta-continua-dos-enfermeiros-na-madeira\/#breadcrumb","itemListElement":[{"@type":"ListItem","position":1,"name":"Home","item":"https:\/\/maismagazine.pt\/"},{"@type":"ListItem","position":2,"name":"A luta cont\u00ednua dos enfermeiros na Madeira"}]},{"@type":"WebSite","@id":"https:\/\/maismagazine.pt\/#website","url":"https:\/\/maismagazine.pt\/","name":"Mais Magazine","description":"","publisher":{"@id":"https:\/\/maismagazine.pt\/#organization"},"potentialAction":[{"@type":"SearchAction","target":{"@type":"EntryPoint","urlTemplate":"https:\/\/maismagazine.pt\/?s={search_term_string}"},"query-input":{"@type":"PropertyValueSpecification","valueRequired":true,"valueName":"search_term_string"}}],"inLanguage":"pt-PT"},{"@type":"Organization","@id":"https:\/\/maismagazine.pt\/#organization","name":"Mais Magazine","url":"https:\/\/maismagazine.pt\/","logo":{"@type":"ImageObject","inLanguage":"pt-PT","@id":"https:\/\/maismagazine.pt\/#\/schema\/logo\/image\/","url":"https:\/\/maismagazine.pt\/wp-content\/uploads\/2020\/04\/cropped-cropped-mais-magazine-site-logo-2.png","contentUrl":"https:\/\/maismagazine.pt\/wp-content\/uploads\/2020\/04\/cropped-cropped-mais-magazine-site-logo-2.png","width":581,"height":90,"caption":"Mais Magazine"},"image":{"@id":"https:\/\/maismagazine.pt\/#\/schema\/logo\/image\/"}},{"@type":"Person","@id":"https:\/\/maismagazine.pt\/#\/schema\/person\/7426e2caeb8df32a1b56aa48dae778c9","name":"Tatiana Martins","image":{"@type":"ImageObject","inLanguage":"pt-PT","@id":"https:\/\/maismagazine.pt\/#\/schema\/person\/image\/","url":"https:\/\/secure.gravatar.com\/avatar\/4b24a57f5d0425f2eb20981c4b53244e?s=96&d=mm&r=g","contentUrl":"https:\/\/secure.gravatar.com\/avatar\/4b24a57f5d0425f2eb20981c4b53244e?s=96&d=mm&r=g","caption":"Tatiana Martins"},"url":"https:\/\/maismagazine.pt\/index.php\/author\/tatiana\/"}]}},"author_meta":{"display_name":false,"author_link":"https:\/\/maismagazine.pt\/index.php\/author\/tatiana\/"},"featured_img":"https:\/\/maismagazine.pt\/wp-content\/uploads\/2024\/04\/IMG-20230501-WA0006-1-300x225.jpg","coauthors":[],"tax_additional":{"categories":{"linked":["<a href=\"https:\/\/maismagazine.pt\/index.php\/category\/atualidade\/\" class=\"advgb-post-tax-term\">Atualidade<\/a>","<a href=\"https:\/\/maismagazine.pt\/index.php\/category\/politica\/\" class=\"advgb-post-tax-term\">Pol\u00edtica<\/a>","<a href=\"https:\/\/maismagazine.pt\/index.php\/category\/mundo-empresarial\/saude\/\" class=\"advgb-post-tax-term\">Sa\u00fade<\/a>"],"unlinked":["<span class=\"advgb-post-tax-term\">Atualidade<\/span>","<span class=\"advgb-post-tax-term\">Pol\u00edtica<\/span>","<span class=\"advgb-post-tax-term\">Sa\u00fade<\/span>"]},"tags":{"linked":["<a href=\"https:\/\/maismagazine.pt\/index.php\/category\/mundo-empresarial\/saude\/\" class=\"advgb-post-tax-term\">25 de abril<\/a>","<a href=\"https:\/\/maismagazine.pt\/index.php\/category\/mundo-empresarial\/saude\/\" class=\"advgb-post-tax-term\">enfermeiros<\/a>","<a href=\"https:\/\/maismagazine.pt\/index.php\/category\/mundo-empresarial\/saude\/\" class=\"advgb-post-tax-term\">Madeira<\/a>","<a href=\"https:\/\/maismagazine.pt\/index.php\/category\/mundo-empresarial\/saude\/\" class=\"advgb-post-tax-term\">Revolu\u00e7\u00e3o dos Cravos<\/a>","<a href=\"https:\/\/maismagazine.pt\/index.php\/category\/mundo-empresarial\/saude\/\" class=\"advgb-post-tax-term\">SERAM<\/a>"],"unlinked":["<span class=\"advgb-post-tax-term\">25 de abril<\/span>","<span class=\"advgb-post-tax-term\">enfermeiros<\/span>","<span class=\"advgb-post-tax-term\">Madeira<\/span>","<span class=\"advgb-post-tax-term\">Revolu\u00e7\u00e3o dos Cravos<\/span>","<span class=\"advgb-post-tax-term\">SERAM<\/span>"]}},"comment_count":"0","relative_dates":{"created":"Posted 2 anos ago","modified":"Updated 2 anos ago"},"absolute_dates":{"created":"Posted on 25 de Abril, 2024","modified":"Updated on 22 de Abril, 2024"},"absolute_dates_time":{"created":"Posted on 25 de Abril, 2024 7:00","modified":"Updated on 22 de Abril, 2024 16:10"},"featured_img_caption":"","series_order":"","_links":{"self":[{"href":"https:\/\/maismagazine.pt\/index.php\/wp-json\/wp\/v2\/posts\/9460","targetHints":{"allow":["GET"]}}],"collection":[{"href":"https:\/\/maismagazine.pt\/index.php\/wp-json\/wp\/v2\/posts"}],"about":[{"href":"https:\/\/maismagazine.pt\/index.php\/wp-json\/wp\/v2\/types\/post"}],"author":[{"embeddable":true,"href":"https:\/\/maismagazine.pt\/index.php\/wp-json\/wp\/v2\/users\/18"}],"replies":[{"embeddable":true,"href":"https:\/\/maismagazine.pt\/index.php\/wp-json\/wp\/v2\/comments?post=9460"}],"version-history":[{"count":1,"href":"https:\/\/maismagazine.pt\/index.php\/wp-json\/wp\/v2\/posts\/9460\/revisions"}],"predecessor-version":[{"id":9472,"href":"https:\/\/maismagazine.pt\/index.php\/wp-json\/wp\/v2\/posts\/9460\/revisions\/9472"}],"wp:featuredmedia":[{"embeddable":true,"href":"https:\/\/maismagazine.pt\/index.php\/wp-json\/wp\/v2\/media\/9467"}],"wp:attachment":[{"href":"https:\/\/maismagazine.pt\/index.php\/wp-json\/wp\/v2\/media?parent=9460"}],"wp:term":[{"taxonomy":"category","embeddable":true,"href":"https:\/\/maismagazine.pt\/index.php\/wp-json\/wp\/v2\/categories?post=9460"},{"taxonomy":"post_tag","embeddable":true,"href":"https:\/\/maismagazine.pt\/index.php\/wp-json\/wp\/v2\/tags?post=9460"}],"curies":[{"name":"wp","href":"https:\/\/api.w.org\/{rel}","templated":true}]}}