{"id":9440,"date":"2024-04-25T07:00:00","date_gmt":"2024-04-25T06:00:00","guid":{"rendered":"https:\/\/maismagazine.pt\/?p=9440"},"modified":"2024-04-22T15:46:56","modified_gmt":"2024-04-22T14:46:56","slug":"espero-que-o-facto-de-ser-a-primeira-mulher-a-presidir-ao-stal-sirva-de-estimulo-a-uma-maior-participacao-das-mulheres-na-vida-do-sindicato","status":"publish","type":"post","link":"https:\/\/maismagazine.pt\/index.php\/2024\/04\/25\/espero-que-o-facto-de-ser-a-primeira-mulher-a-presidir-ao-stal-sirva-de-estimulo-a-uma-maior-participacao-das-mulheres-na-vida-do-sindicato\/","title":{"rendered":"\u201cEspero que o facto de ser a primeira mulher a presidir ao STAL sirva de est\u00edmulo a uma maior participa\u00e7\u00e3o das mulheres na vida do Sindicato\u201d"},"content":{"rendered":"\n<p><strong>Cristina Torres, foi eleita durante este ano como a nova Presidente do <a href=\"https:\/\/www.stal.pt\/\">STAL<\/a>, um feito de grande magnitude tendo em conta que \u00e9 a primeira mulher a presidir a este sindicato. Neste sentido, em entrevista \u00e0 Mais Magazine, a rec\u00e9m-presidente do sindicato fala sobre a import\u00e2ncia desta elei\u00e7\u00e3o e sobre o trabalho desenvolvido pelo STAL na luta pelos diretos dos trabalhadores que representa.<\/strong><\/p>\n\n\n\n<p><\/p>\n\n\n\n<p><strong>Desde janeiro que o STAL tem uma nova Dire\u00e7\u00e3o Nacional. Curiosamente, e pela primeira vez, tem uma mulher na presid\u00eancia. Tem um significado especial?<\/strong><\/p>\n\n\n\n<p>Sim, assumir esta tarefa tem um significado especial. E espero que o facto de ser a primeira mulher a presidir ao STAL sirva de est\u00edmulo a uma maior participa\u00e7\u00e3o das mulheres na vida sindical e neste sindicato, que tem dezenas de milhares de associados, com dirigentes e delegados em todo o Pa\u00eds, e todos s\u00e3o importantes, seja qual for a profiss\u00e3o, homens ou mulheres, mais velhos ou mais jovens.<\/p>\n\n\n\n<p><\/p>\n\n\n\n<p><strong>Quais os objetivos que levaram \u00e0 cria\u00e7\u00e3o do STAL?<\/strong><\/p>\n\n\n\n<p>Este sindicato, constitu\u00eddo em 24 de agosto de 1975, foi criado para representar e defender os interesses dos trabalhadores da Administra\u00e7\u00e3o Local ou Regional, nomeadamente a melhoria das condi\u00e7\u00f5es de trabalho, sal\u00e1rios justos, seguran\u00e7a no emprego e respeito pelos direitos laborais. Lembro que o STAL foi o primeiro sindicato do sector p\u00fablico a constituir-se ap\u00f3s a Revolu\u00e7\u00e3o de Abril de 1974, e tal s\u00f3 foi poss\u00edvel ap\u00f3s uma greve de 13 dias. O ent\u00e3o governo de Pinheiro de Azevedo, a bra\u00e7os com a in\u00e9dita paralisa\u00e7\u00e3o das c\u00e2maras e com o lixo a acumular-se nas principais cidades do Pa\u00eds, acabaria por autorizar a cria\u00e7\u00e3o de sindicatos na Administra\u00e7\u00e3o P\u00fablica.<\/p>\n\n\n\n<p><\/p>\n\n\n\n<p><strong>Quais s\u00e3o, atualmente, as principais preocupa\u00e7\u00f5es dos vossos filiados?<\/strong><\/p>\n\n\n\n<p>O aumento urgente dos sal\u00e1rios, para recuperarmos o poder de compra. Esta \u00e9 a prioridade. A l\u00f3gica dos baixos sal\u00e1rios na Administra\u00e7\u00e3o P\u00fablica e os sal\u00e1rios praticados no sector privado em profiss\u00f5es mais especializadas leva a que t\u00e9cnicos superiores, assistentes t\u00e9cnicos e mesmo em profiss\u00f5es espec\u00edficas de assistentes operacionais, n\u00e3o se sintam atra\u00eddos pela Fun\u00e7\u00e3o P\u00fablica. O que conduz a um esvaziamento de quadros altamente qualificados em diferentes \u00e1reas, e a um desgaste a quem fica. Mas s\u00e3o tamb\u00e9m preocupa\u00e7\u00f5es a revoga\u00e7\u00e3o do atual sistema de avalia\u00e7\u00e3o (SIADAP), que retarda a progress\u00e3o; a recupera\u00e7\u00e3o e valoriza\u00e7\u00e3o das carreiras; a corre\u00e7\u00e3o da tabela salarial; a reposi\u00e7\u00e3o do direito \u00e0 indemniza\u00e7\u00e3o por acidente de trabalho; a regulamenta\u00e7\u00e3o do subs\u00eddio de piquete e de disponibilidade permanente; o pagamento a todos quantos \u00e9 devido do Suplemento de Penosidade e Insalubridade, bem como a sua valoriza\u00e7\u00e3o e a inclus\u00e3o do fator \u201crisco\u201d, como reivindicamos h\u00e1 anos. No sector empresarial, a prioridade vai para o direito e o respeito pela contrata\u00e7\u00e3o coletiva, seja nas empresas municipais, nas do Grupo EGF, nas dezenas de empresas concession\u00e1rias da limpeza urbana, ou no Grupo \u00c1guas de Portugal; bem como a aplica\u00e7\u00e3o das 35 horas semanais para todos, e o fim da precariedade laboral.<\/p>\n\n\n<div class=\"wp-block-image\">\n<figure class=\"alignleft size-large is-resized\"><img loading=\"lazy\" decoding=\"async\" width=\"683\" height=\"1024\" src=\"https:\/\/maismagazine.pt\/wp-content\/uploads\/2024\/04\/Cristina-Torres-Presidente-do-STAL-2-683x1024.jpg\" alt=\"\" class=\"wp-image-9453\" style=\"aspect-ratio:0.6669921875;width:353px;height:auto\" srcset=\"https:\/\/maismagazine.pt\/wp-content\/uploads\/2024\/04\/Cristina-Torres-Presidente-do-STAL-2-683x1024.jpg 683w, https:\/\/maismagazine.pt\/wp-content\/uploads\/2024\/04\/Cristina-Torres-Presidente-do-STAL-2-200x300.jpg 200w, https:\/\/maismagazine.pt\/wp-content\/uploads\/2024\/04\/Cristina-Torres-Presidente-do-STAL-2-768x1152.jpg 768w, https:\/\/maismagazine.pt\/wp-content\/uploads\/2024\/04\/Cristina-Torres-Presidente-do-STAL-2-1024x1536.jpg 1024w, https:\/\/maismagazine.pt\/wp-content\/uploads\/2024\/04\/Cristina-Torres-Presidente-do-STAL-2-1365x2048.jpg 1365w, https:\/\/maismagazine.pt\/wp-content\/uploads\/2024\/04\/Cristina-Torres-Presidente-do-STAL-2-scaled.jpg 1707w\" sizes=\"auto, (max-width: 683px) 100vw, 683px\" \/><\/figure><\/div>\n\n\n<p><strong>Este ano, o STAL elegeu uma nova Dire\u00e7\u00e3o Nacional. Quais as estrat\u00e9gias reivindicativas que pretendem assumir ao longo do mandato, at\u00e9 2027?<\/strong><\/p>\n\n\n\n<p>Manter a luta pela resolu\u00e7\u00e3o dos problemas dos trabalhadores que representamos, refor\u00e7ar o Sindicato e dinamizar a a\u00e7\u00e3o em todos os locais de trabalho, para combater as pol\u00edticas de direita. Os trabalhadores da Administra\u00e7\u00e3o Local n\u00e3o esquecem os anos de 2011 a 2015, do governo PSD\/CDS, de Passos Coelho e Paulo Portas, e todas as malfeitorias: cortes salariais e dos subs\u00eddios de f\u00e9rias e Natal; imposi\u00e7\u00e3o das 40 horas semanais; aumento brutal de impostos e do desconto para a ADSE; perda do direito \u00e0 indemniza\u00e7\u00e3o por acidente de trabalho; entre outras. \u00c9 preciso resistir e lutar, com a certeza de estarmos do lado certo da vida de quem trabalha!<\/p>\n\n\n\n<p><\/p>\n\n\n\n<p><strong>O Pa\u00eds tem um novo Governo. Quais as vossas expectativas e que desafios esperam desta nova legislatura? <\/strong><\/p>\n\n\n\n<p>Este quadro pol\u00edtico \u00e9 mau para os trabalhadores e para o Pa\u00eds, coloca em risco os nossos direitos, sobretudo os sal\u00e1rios e o hor\u00e1rio de trabalho, os Servi\u00e7os P\u00fablicos e as Fun\u00e7\u00f5es Sociais do Estado. Conhecemos bem o apetite voraz pelo lucro dos grupos econ\u00f3micos. Mas os trabalhadores da Administra\u00e7\u00e3o Local sabem que podem continuar a contar com a firmeza de sempre do STAL, na defesa intransigente dos seus direitos. O caminho a seguir \u00e9 o da luta e da resist\u00eancia.<\/p>\n\n\n\n<p><\/p>\n\n\n\n<p><strong>Este ano, o Pa\u00eds celebra os 50 anos da Revolu\u00e7\u00e3o de abril, um marco de extrema import\u00e2ncia para a Democracia e para a defesa dos direitos dos trabalhadores. Neste sentido, qual a import\u00e2ncia dos sindicatos, em especial do STAL, na defesa de uma sociedade igualit\u00e1ria e democr\u00e1tica ao longo destas cinco d\u00e9cadas?<\/strong><\/p>\n\n\n\n<p>Os sindicatos livres s\u00e3o uma das grandes conquistas de abril! S\u00e3o o motor da coragem que a for\u00e7a dos trabalhadores, unidos e esclarecidos, alimenta, e que, mais cedo do que tarde, resultar\u00e1 numa sociedade mais justa, onde quem trabalha tem direito a uma vida digna e a ser feliz. E este ano, em que comemoramos os 50 anos da Revolu\u00e7\u00e3o de 25 de Abril, estaremos tamb\u00e9m na rua a afirmar os valores de abril e as suas conquistas! Tal como em 1974, no 1.\u00ba de maio, reafirmamos o direito \u00e0 Liberdade e ao Trabalho com Direitos na grande jornada de luta convocada pela CGTP-IN, em todo o Pa\u00eds.<\/p>\n\n\n\n<p><\/p>\n\n\n\n<p><strong>O STAL possui o seu pr\u00f3prio meio de comunica\u00e7\u00e3o, o \u201cJornal do STAL\u201d, em que s\u00e3o explanadas as reivindica\u00e7\u00f5es dos trabalhadores. Em que medida \u00e9 um ve\u00edculo importante para divulgar a vossa luta e para angariar mais filiados?<\/strong><\/p>\n\n\n\n<p>O \u201cJornal do STAL\u201d \u00e9 um elemento primordial na liga\u00e7\u00e3o aos associados, a par dos outros meios de comunica\u00e7\u00e3o de que o STAL disp\u00f5e, como os canais digitais (Instagram, Facebook e s\u00edtio web), cada vez mais importantes, e os meios mais tradicionais em papel, como os comunicados. E estes meios visam informar, esclarecer e mobilizar os nossos associados e os demais trabalhadores. O STAL abrange todos os trabalhadores da Administra\u00e7\u00e3o Local, t\u00e9cnicos superiores, administrativos ou operacionais, e procura responder \u00e0s leg\u00edtimas expectativas e reivindica\u00e7\u00f5es destes trabalhadores. E se muitos dos problemas que os afetam s\u00e3o comuns, como os sal\u00e1rios ou o sistema de avalia\u00e7\u00e3o perverso, outros h\u00e1 que s\u00e3o espec\u00edficos de cada profiss\u00e3o ou carreira. O \u201cJornal do STAL\u201d cumpre, assim, um papel importante para \u201cchegar\u201d a todos estes trabalhadores. Mas \u00e9, sobretudo, no contacto direto, nos locais de trabalho e na resolu\u00e7\u00e3o dos problemas concretos dos trabalhadores, que o STAL se afirma.<\/p>\n\n\n\n<p><\/p>\n\n\n\n<p><\/p>\n","protected":false},"excerpt":{"rendered":"<p>Cristina Torres, foi eleita durante este ano como a nova Presidente do STAL, um feito de grande magnitude tendo em conta que \u00e9 a primeira mulher a presidir a este sindicato. Neste sentido, em entrevista \u00e0 Mais Magazine, a rec\u00e9m-presidente do sindicato fala sobre a import\u00e2ncia desta elei\u00e7\u00e3o e sobre&hellip;<\/p>\n","protected":false},"author":18,"featured_media":9452,"comment_status":"closed","ping_status":"open","sticky":false,"template":"","format":"standard","meta":{"advgb_blocks_editor_width":"","advgb_blocks_columns_visual_guide":"","_monsterinsights_skip_tracking":false,"_monsterinsights_sitenote_active":false,"_monsterinsights_sitenote_note":"","_monsterinsights_sitenote_category":0,"footnotes":""},"categories":[1,8],"tags":[1963,1962,1961],"class_list":["post-9440","post","type-post","status-publish","format-standard","has-post-thumbnail","hentry","category-atualidade","category-politica","tag-25-de-abril","tag-revolucao-dos-cravos","tag-stal"],"yoast_head":"<!-- This site is optimized with the Yoast SEO plugin v24.4 - https:\/\/yoast.com\/wordpress\/plugins\/seo\/ -->\n<title>\u201cEspero que o facto de ser a primeira mulher a presidir ao STAL sirva de est\u00edmulo a uma maior participa\u00e7\u00e3o das mulheres na vida do Sindicato\u201d - Mais Magazine<\/title>\n<meta name=\"robots\" content=\"index, follow, max-snippet:-1, max-image-preview:large, max-video-preview:-1\" \/>\n<link rel=\"canonical\" href=\"http:\/\/maismagazine.pt\/index.php\/2024\/04\/25\/espero-que-o-facto-de-ser-a-primeira-mulher-a-presidir-ao-stal-sirva-de-estimulo-a-uma-maior-participacao-das-mulheres-na-vida-do-sindicato\/\" \/>\n<meta property=\"og:locale\" content=\"pt_PT\" \/>\n<meta property=\"og:type\" content=\"article\" \/>\n<meta property=\"og:title\" content=\"\u201cEspero que o facto de ser a primeira mulher a presidir ao STAL sirva de est\u00edmulo a uma maior participa\u00e7\u00e3o das mulheres na vida do Sindicato\u201d - Mais Magazine\" \/>\n<meta property=\"og:description\" content=\"Cristina Torres, foi eleita durante este ano como a nova Presidente do STAL, um feito de grande magnitude tendo em conta que \u00e9 a primeira mulher a presidir a este sindicato. Neste sentido, em entrevista \u00e0 Mais Magazine, a rec\u00e9m-presidente do sindicato fala sobre a import\u00e2ncia desta elei\u00e7\u00e3o e sobre&hellip;\" \/>\n<meta property=\"og:url\" content=\"http:\/\/maismagazine.pt\/index.php\/2024\/04\/25\/espero-que-o-facto-de-ser-a-primeira-mulher-a-presidir-ao-stal-sirva-de-estimulo-a-uma-maior-participacao-das-mulheres-na-vida-do-sindicato\/\" \/>\n<meta property=\"og:site_name\" content=\"Mais Magazine\" \/>\n<meta property=\"article:published_time\" content=\"2024-04-25T06:00:00+00:00\" \/>\n<meta property=\"og:image\" content=\"http:\/\/maismagazine.pt\/wp-content\/uploads\/2024\/04\/Cristina-Torres-Presidente-do-STAL-scaled.jpg\" \/>\n\t<meta property=\"og:image:width\" content=\"2560\" \/>\n\t<meta property=\"og:image:height\" content=\"1707\" \/>\n\t<meta property=\"og:image:type\" content=\"image\/jpeg\" \/>\n<meta name=\"author\" content=\"Tatiana Martins\" \/>\n<meta name=\"twitter:card\" content=\"summary_large_image\" \/>\n<meta name=\"twitter:label1\" content=\"Escrito por\" \/>\n\t<meta name=\"twitter:data1\" content=\"\" \/>\n\t<meta name=\"twitter:label2\" content=\"Tempo estimado de leitura\" \/>\n\t<meta name=\"twitter:data2\" content=\"7 minutos\" \/>\n<script type=\"application\/ld+json\" class=\"yoast-schema-graph\">{\"@context\":\"https:\/\/schema.org\",\"@graph\":[{\"@type\":\"Article\",\"@id\":\"http:\/\/maismagazine.pt\/index.php\/2024\/04\/25\/espero-que-o-facto-de-ser-a-primeira-mulher-a-presidir-ao-stal-sirva-de-estimulo-a-uma-maior-participacao-das-mulheres-na-vida-do-sindicato\/#article\",\"isPartOf\":{\"@id\":\"http:\/\/maismagazine.pt\/index.php\/2024\/04\/25\/espero-que-o-facto-de-ser-a-primeira-mulher-a-presidir-ao-stal-sirva-de-estimulo-a-uma-maior-participacao-das-mulheres-na-vida-do-sindicato\/\"},\"author\":{\"name\":\"Tatiana Martins\",\"@id\":\"https:\/\/maismagazine.pt\/#\/schema\/person\/7426e2caeb8df32a1b56aa48dae778c9\"},\"headline\":\"\u201cEspero que o facto de ser a primeira mulher a presidir ao STAL sirva de est\u00edmulo a uma maior participa\u00e7\u00e3o das mulheres na vida do Sindicato\u201d\",\"datePublished\":\"2024-04-25T06:00:00+00:00\",\"mainEntityOfPage\":{\"@id\":\"http:\/\/maismagazine.pt\/index.php\/2024\/04\/25\/espero-que-o-facto-de-ser-a-primeira-mulher-a-presidir-ao-stal-sirva-de-estimulo-a-uma-maior-participacao-das-mulheres-na-vida-do-sindicato\/\"},\"wordCount\":1188,\"publisher\":{\"@id\":\"https:\/\/maismagazine.pt\/#organization\"},\"image\":{\"@id\":\"http:\/\/maismagazine.pt\/index.php\/2024\/04\/25\/espero-que-o-facto-de-ser-a-primeira-mulher-a-presidir-ao-stal-sirva-de-estimulo-a-uma-maior-participacao-das-mulheres-na-vida-do-sindicato\/#primaryimage\"},\"thumbnailUrl\":\"https:\/\/maismagazine.pt\/wp-content\/uploads\/2024\/04\/Cristina-Torres-Presidente-do-STAL-scaled.jpg\",\"keywords\":[\"25 de abril\",\"Revolu\u00e7\u00e3o dos Cravos\",\"STAL\"],\"articleSection\":[\"Atualidade\",\"Pol\u00edtica\"],\"inLanguage\":\"pt-PT\"},{\"@type\":\"WebPage\",\"@id\":\"http:\/\/maismagazine.pt\/index.php\/2024\/04\/25\/espero-que-o-facto-de-ser-a-primeira-mulher-a-presidir-ao-stal-sirva-de-estimulo-a-uma-maior-participacao-das-mulheres-na-vida-do-sindicato\/\",\"url\":\"http:\/\/maismagazine.pt\/index.php\/2024\/04\/25\/espero-que-o-facto-de-ser-a-primeira-mulher-a-presidir-ao-stal-sirva-de-estimulo-a-uma-maior-participacao-das-mulheres-na-vida-do-sindicato\/\",\"name\":\"\u201cEspero que o facto de ser a primeira mulher a presidir ao STAL sirva de est\u00edmulo a uma maior participa\u00e7\u00e3o das mulheres na vida do Sindicato\u201d - Mais Magazine\",\"isPartOf\":{\"@id\":\"https:\/\/maismagazine.pt\/#website\"},\"primaryImageOfPage\":{\"@id\":\"http:\/\/maismagazine.pt\/index.php\/2024\/04\/25\/espero-que-o-facto-de-ser-a-primeira-mulher-a-presidir-ao-stal-sirva-de-estimulo-a-uma-maior-participacao-das-mulheres-na-vida-do-sindicato\/#primaryimage\"},\"image\":{\"@id\":\"http:\/\/maismagazine.pt\/index.php\/2024\/04\/25\/espero-que-o-facto-de-ser-a-primeira-mulher-a-presidir-ao-stal-sirva-de-estimulo-a-uma-maior-participacao-das-mulheres-na-vida-do-sindicato\/#primaryimage\"},\"thumbnailUrl\":\"https:\/\/maismagazine.pt\/wp-content\/uploads\/2024\/04\/Cristina-Torres-Presidente-do-STAL-scaled.jpg\",\"datePublished\":\"2024-04-25T06:00:00+00:00\",\"breadcrumb\":{\"@id\":\"http:\/\/maismagazine.pt\/index.php\/2024\/04\/25\/espero-que-o-facto-de-ser-a-primeira-mulher-a-presidir-ao-stal-sirva-de-estimulo-a-uma-maior-participacao-das-mulheres-na-vida-do-sindicato\/#breadcrumb\"},\"inLanguage\":\"pt-PT\",\"potentialAction\":[{\"@type\":\"ReadAction\",\"target\":[\"http:\/\/maismagazine.pt\/index.php\/2024\/04\/25\/espero-que-o-facto-de-ser-a-primeira-mulher-a-presidir-ao-stal-sirva-de-estimulo-a-uma-maior-participacao-das-mulheres-na-vida-do-sindicato\/\"]}]},{\"@type\":\"ImageObject\",\"inLanguage\":\"pt-PT\",\"@id\":\"http:\/\/maismagazine.pt\/index.php\/2024\/04\/25\/espero-que-o-facto-de-ser-a-primeira-mulher-a-presidir-ao-stal-sirva-de-estimulo-a-uma-maior-participacao-das-mulheres-na-vida-do-sindicato\/#primaryimage\",\"url\":\"https:\/\/maismagazine.pt\/wp-content\/uploads\/2024\/04\/Cristina-Torres-Presidente-do-STAL-scaled.jpg\",\"contentUrl\":\"https:\/\/maismagazine.pt\/wp-content\/uploads\/2024\/04\/Cristina-Torres-Presidente-do-STAL-scaled.jpg\",\"width\":2560,\"height\":1707},{\"@type\":\"BreadcrumbList\",\"@id\":\"http:\/\/maismagazine.pt\/index.php\/2024\/04\/25\/espero-que-o-facto-de-ser-a-primeira-mulher-a-presidir-ao-stal-sirva-de-estimulo-a-uma-maior-participacao-das-mulheres-na-vida-do-sindicato\/#breadcrumb\",\"itemListElement\":[{\"@type\":\"ListItem\",\"position\":1,\"name\":\"Home\",\"item\":\"https:\/\/maismagazine.pt\/\"},{\"@type\":\"ListItem\",\"position\":2,\"name\":\"\u201cEspero que o facto de ser a primeira mulher a presidir ao STAL sirva de est\u00edmulo a uma maior participa\u00e7\u00e3o das mulheres na vida do Sindicato\u201d\"}]},{\"@type\":\"WebSite\",\"@id\":\"https:\/\/maismagazine.pt\/#website\",\"url\":\"https:\/\/maismagazine.pt\/\",\"name\":\"Mais Magazine\",\"description\":\"\",\"publisher\":{\"@id\":\"https:\/\/maismagazine.pt\/#organization\"},\"potentialAction\":[{\"@type\":\"SearchAction\",\"target\":{\"@type\":\"EntryPoint\",\"urlTemplate\":\"https:\/\/maismagazine.pt\/?s={search_term_string}\"},\"query-input\":{\"@type\":\"PropertyValueSpecification\",\"valueRequired\":true,\"valueName\":\"search_term_string\"}}],\"inLanguage\":\"pt-PT\"},{\"@type\":\"Organization\",\"@id\":\"https:\/\/maismagazine.pt\/#organization\",\"name\":\"Mais Magazine\",\"url\":\"https:\/\/maismagazine.pt\/\",\"logo\":{\"@type\":\"ImageObject\",\"inLanguage\":\"pt-PT\",\"@id\":\"https:\/\/maismagazine.pt\/#\/schema\/logo\/image\/\",\"url\":\"https:\/\/maismagazine.pt\/wp-content\/uploads\/2020\/04\/cropped-cropped-mais-magazine-site-logo-2.png\",\"contentUrl\":\"https:\/\/maismagazine.pt\/wp-content\/uploads\/2020\/04\/cropped-cropped-mais-magazine-site-logo-2.png\",\"width\":581,\"height\":90,\"caption\":\"Mais Magazine\"},\"image\":{\"@id\":\"https:\/\/maismagazine.pt\/#\/schema\/logo\/image\/\"}},{\"@type\":\"Person\",\"@id\":\"https:\/\/maismagazine.pt\/#\/schema\/person\/7426e2caeb8df32a1b56aa48dae778c9\",\"name\":\"Tatiana Martins\",\"image\":{\"@type\":\"ImageObject\",\"inLanguage\":\"pt-PT\",\"@id\":\"https:\/\/maismagazine.pt\/#\/schema\/person\/image\/\",\"url\":\"https:\/\/secure.gravatar.com\/avatar\/4b24a57f5d0425f2eb20981c4b53244e?s=96&d=mm&r=g\",\"contentUrl\":\"https:\/\/secure.gravatar.com\/avatar\/4b24a57f5d0425f2eb20981c4b53244e?s=96&d=mm&r=g\",\"caption\":\"Tatiana Martins\"},\"url\":\"https:\/\/maismagazine.pt\/index.php\/author\/tatiana\/\"}]}<\/script>\n<!-- \/ Yoast SEO plugin. -->","yoast_head_json":{"title":"\u201cEspero que o facto de ser a primeira mulher a presidir ao STAL sirva de est\u00edmulo a uma maior participa\u00e7\u00e3o das mulheres na vida do Sindicato\u201d - Mais Magazine","robots":{"index":"index","follow":"follow","max-snippet":"max-snippet:-1","max-image-preview":"max-image-preview:large","max-video-preview":"max-video-preview:-1"},"canonical":"http:\/\/maismagazine.pt\/index.php\/2024\/04\/25\/espero-que-o-facto-de-ser-a-primeira-mulher-a-presidir-ao-stal-sirva-de-estimulo-a-uma-maior-participacao-das-mulheres-na-vida-do-sindicato\/","og_locale":"pt_PT","og_type":"article","og_title":"\u201cEspero que o facto de ser a primeira mulher a presidir ao STAL sirva de est\u00edmulo a uma maior participa\u00e7\u00e3o das mulheres na vida do Sindicato\u201d - Mais Magazine","og_description":"Cristina Torres, foi eleita durante este ano como a nova Presidente do STAL, um feito de grande magnitude tendo em conta que \u00e9 a primeira mulher a presidir a este sindicato. Neste sentido, em entrevista \u00e0 Mais Magazine, a rec\u00e9m-presidente do sindicato fala sobre a import\u00e2ncia desta elei\u00e7\u00e3o e sobre&hellip;","og_url":"http:\/\/maismagazine.pt\/index.php\/2024\/04\/25\/espero-que-o-facto-de-ser-a-primeira-mulher-a-presidir-ao-stal-sirva-de-estimulo-a-uma-maior-participacao-das-mulheres-na-vida-do-sindicato\/","og_site_name":"Mais Magazine","article_published_time":"2024-04-25T06:00:00+00:00","og_image":[{"width":2560,"height":1707,"url":"http:\/\/maismagazine.pt\/wp-content\/uploads\/2024\/04\/Cristina-Torres-Presidente-do-STAL-scaled.jpg","type":"image\/jpeg"}],"author":"Tatiana Martins","twitter_card":"summary_large_image","twitter_misc":{"Escrito por":false,"Tempo estimado de leitura":"7 minutos"},"schema":{"@context":"https:\/\/schema.org","@graph":[{"@type":"Article","@id":"http:\/\/maismagazine.pt\/index.php\/2024\/04\/25\/espero-que-o-facto-de-ser-a-primeira-mulher-a-presidir-ao-stal-sirva-de-estimulo-a-uma-maior-participacao-das-mulheres-na-vida-do-sindicato\/#article","isPartOf":{"@id":"http:\/\/maismagazine.pt\/index.php\/2024\/04\/25\/espero-que-o-facto-de-ser-a-primeira-mulher-a-presidir-ao-stal-sirva-de-estimulo-a-uma-maior-participacao-das-mulheres-na-vida-do-sindicato\/"},"author":{"name":"Tatiana Martins","@id":"https:\/\/maismagazine.pt\/#\/schema\/person\/7426e2caeb8df32a1b56aa48dae778c9"},"headline":"\u201cEspero que o facto de ser a primeira mulher a presidir ao STAL sirva de est\u00edmulo a uma maior participa\u00e7\u00e3o das mulheres na vida do Sindicato\u201d","datePublished":"2024-04-25T06:00:00+00:00","mainEntityOfPage":{"@id":"http:\/\/maismagazine.pt\/index.php\/2024\/04\/25\/espero-que-o-facto-de-ser-a-primeira-mulher-a-presidir-ao-stal-sirva-de-estimulo-a-uma-maior-participacao-das-mulheres-na-vida-do-sindicato\/"},"wordCount":1188,"publisher":{"@id":"https:\/\/maismagazine.pt\/#organization"},"image":{"@id":"http:\/\/maismagazine.pt\/index.php\/2024\/04\/25\/espero-que-o-facto-de-ser-a-primeira-mulher-a-presidir-ao-stal-sirva-de-estimulo-a-uma-maior-participacao-das-mulheres-na-vida-do-sindicato\/#primaryimage"},"thumbnailUrl":"https:\/\/maismagazine.pt\/wp-content\/uploads\/2024\/04\/Cristina-Torres-Presidente-do-STAL-scaled.jpg","keywords":["25 de abril","Revolu\u00e7\u00e3o dos Cravos","STAL"],"articleSection":["Atualidade","Pol\u00edtica"],"inLanguage":"pt-PT"},{"@type":"WebPage","@id":"http:\/\/maismagazine.pt\/index.php\/2024\/04\/25\/espero-que-o-facto-de-ser-a-primeira-mulher-a-presidir-ao-stal-sirva-de-estimulo-a-uma-maior-participacao-das-mulheres-na-vida-do-sindicato\/","url":"http:\/\/maismagazine.pt\/index.php\/2024\/04\/25\/espero-que-o-facto-de-ser-a-primeira-mulher-a-presidir-ao-stal-sirva-de-estimulo-a-uma-maior-participacao-das-mulheres-na-vida-do-sindicato\/","name":"\u201cEspero que o facto de ser a primeira mulher a presidir ao STAL sirva de est\u00edmulo a uma maior participa\u00e7\u00e3o das mulheres na vida do Sindicato\u201d - Mais Magazine","isPartOf":{"@id":"https:\/\/maismagazine.pt\/#website"},"primaryImageOfPage":{"@id":"http:\/\/maismagazine.pt\/index.php\/2024\/04\/25\/espero-que-o-facto-de-ser-a-primeira-mulher-a-presidir-ao-stal-sirva-de-estimulo-a-uma-maior-participacao-das-mulheres-na-vida-do-sindicato\/#primaryimage"},"image":{"@id":"http:\/\/maismagazine.pt\/index.php\/2024\/04\/25\/espero-que-o-facto-de-ser-a-primeira-mulher-a-presidir-ao-stal-sirva-de-estimulo-a-uma-maior-participacao-das-mulheres-na-vida-do-sindicato\/#primaryimage"},"thumbnailUrl":"https:\/\/maismagazine.pt\/wp-content\/uploads\/2024\/04\/Cristina-Torres-Presidente-do-STAL-scaled.jpg","datePublished":"2024-04-25T06:00:00+00:00","breadcrumb":{"@id":"http:\/\/maismagazine.pt\/index.php\/2024\/04\/25\/espero-que-o-facto-de-ser-a-primeira-mulher-a-presidir-ao-stal-sirva-de-estimulo-a-uma-maior-participacao-das-mulheres-na-vida-do-sindicato\/#breadcrumb"},"inLanguage":"pt-PT","potentialAction":[{"@type":"ReadAction","target":["http:\/\/maismagazine.pt\/index.php\/2024\/04\/25\/espero-que-o-facto-de-ser-a-primeira-mulher-a-presidir-ao-stal-sirva-de-estimulo-a-uma-maior-participacao-das-mulheres-na-vida-do-sindicato\/"]}]},{"@type":"ImageObject","inLanguage":"pt-PT","@id":"http:\/\/maismagazine.pt\/index.php\/2024\/04\/25\/espero-que-o-facto-de-ser-a-primeira-mulher-a-presidir-ao-stal-sirva-de-estimulo-a-uma-maior-participacao-das-mulheres-na-vida-do-sindicato\/#primaryimage","url":"https:\/\/maismagazine.pt\/wp-content\/uploads\/2024\/04\/Cristina-Torres-Presidente-do-STAL-scaled.jpg","contentUrl":"https:\/\/maismagazine.pt\/wp-content\/uploads\/2024\/04\/Cristina-Torres-Presidente-do-STAL-scaled.jpg","width":2560,"height":1707},{"@type":"BreadcrumbList","@id":"http:\/\/maismagazine.pt\/index.php\/2024\/04\/25\/espero-que-o-facto-de-ser-a-primeira-mulher-a-presidir-ao-stal-sirva-de-estimulo-a-uma-maior-participacao-das-mulheres-na-vida-do-sindicato\/#breadcrumb","itemListElement":[{"@type":"ListItem","position":1,"name":"Home","item":"https:\/\/maismagazine.pt\/"},{"@type":"ListItem","position":2,"name":"\u201cEspero que o facto de ser a primeira mulher a presidir ao STAL sirva de est\u00edmulo a uma maior participa\u00e7\u00e3o das mulheres na vida do Sindicato\u201d"}]},{"@type":"WebSite","@id":"https:\/\/maismagazine.pt\/#website","url":"https:\/\/maismagazine.pt\/","name":"Mais Magazine","description":"","publisher":{"@id":"https:\/\/maismagazine.pt\/#organization"},"potentialAction":[{"@type":"SearchAction","target":{"@type":"EntryPoint","urlTemplate":"https:\/\/maismagazine.pt\/?s={search_term_string}"},"query-input":{"@type":"PropertyValueSpecification","valueRequired":true,"valueName":"search_term_string"}}],"inLanguage":"pt-PT"},{"@type":"Organization","@id":"https:\/\/maismagazine.pt\/#organization","name":"Mais Magazine","url":"https:\/\/maismagazine.pt\/","logo":{"@type":"ImageObject","inLanguage":"pt-PT","@id":"https:\/\/maismagazine.pt\/#\/schema\/logo\/image\/","url":"https:\/\/maismagazine.pt\/wp-content\/uploads\/2020\/04\/cropped-cropped-mais-magazine-site-logo-2.png","contentUrl":"https:\/\/maismagazine.pt\/wp-content\/uploads\/2020\/04\/cropped-cropped-mais-magazine-site-logo-2.png","width":581,"height":90,"caption":"Mais Magazine"},"image":{"@id":"https:\/\/maismagazine.pt\/#\/schema\/logo\/image\/"}},{"@type":"Person","@id":"https:\/\/maismagazine.pt\/#\/schema\/person\/7426e2caeb8df32a1b56aa48dae778c9","name":"Tatiana Martins","image":{"@type":"ImageObject","inLanguage":"pt-PT","@id":"https:\/\/maismagazine.pt\/#\/schema\/person\/image\/","url":"https:\/\/secure.gravatar.com\/avatar\/4b24a57f5d0425f2eb20981c4b53244e?s=96&d=mm&r=g","contentUrl":"https:\/\/secure.gravatar.com\/avatar\/4b24a57f5d0425f2eb20981c4b53244e?s=96&d=mm&r=g","caption":"Tatiana Martins"},"url":"https:\/\/maismagazine.pt\/index.php\/author\/tatiana\/"}]}},"author_meta":{"display_name":false,"author_link":"https:\/\/maismagazine.pt\/index.php\/author\/tatiana\/"},"featured_img":"https:\/\/maismagazine.pt\/wp-content\/uploads\/2024\/04\/Cristina-Torres-Presidente-do-STAL-300x200.jpg","coauthors":[],"tax_additional":{"categories":{"linked":["<a href=\"https:\/\/maismagazine.pt\/index.php\/category\/atualidade\/\" class=\"advgb-post-tax-term\">Atualidade<\/a>","<a href=\"https:\/\/maismagazine.pt\/index.php\/category\/politica\/\" class=\"advgb-post-tax-term\">Pol\u00edtica<\/a>"],"unlinked":["<span class=\"advgb-post-tax-term\">Atualidade<\/span>","<span class=\"advgb-post-tax-term\">Pol\u00edtica<\/span>"]},"tags":{"linked":["<a href=\"https:\/\/maismagazine.pt\/index.php\/category\/politica\/\" class=\"advgb-post-tax-term\">25 de abril<\/a>","<a href=\"https:\/\/maismagazine.pt\/index.php\/category\/politica\/\" class=\"advgb-post-tax-term\">Revolu\u00e7\u00e3o dos Cravos<\/a>","<a href=\"https:\/\/maismagazine.pt\/index.php\/category\/politica\/\" class=\"advgb-post-tax-term\">STAL<\/a>"],"unlinked":["<span class=\"advgb-post-tax-term\">25 de abril<\/span>","<span class=\"advgb-post-tax-term\">Revolu\u00e7\u00e3o dos Cravos<\/span>","<span class=\"advgb-post-tax-term\">STAL<\/span>"]}},"comment_count":"0","relative_dates":{"created":"Posted 2 anos ago","modified":"Updated 2 anos ago"},"absolute_dates":{"created":"Posted on 25 de Abril, 2024","modified":"Updated on 22 de Abril, 2024"},"absolute_dates_time":{"created":"Posted on 25 de Abril, 2024 7:00","modified":"Updated on 22 de Abril, 2024 15:46"},"featured_img_caption":"","series_order":"","_links":{"self":[{"href":"https:\/\/maismagazine.pt\/index.php\/wp-json\/wp\/v2\/posts\/9440","targetHints":{"allow":["GET"]}}],"collection":[{"href":"https:\/\/maismagazine.pt\/index.php\/wp-json\/wp\/v2\/posts"}],"about":[{"href":"https:\/\/maismagazine.pt\/index.php\/wp-json\/wp\/v2\/types\/post"}],"author":[{"embeddable":true,"href":"https:\/\/maismagazine.pt\/index.php\/wp-json\/wp\/v2\/users\/18"}],"replies":[{"embeddable":true,"href":"https:\/\/maismagazine.pt\/index.php\/wp-json\/wp\/v2\/comments?post=9440"}],"version-history":[{"count":1,"href":"https:\/\/maismagazine.pt\/index.php\/wp-json\/wp\/v2\/posts\/9440\/revisions"}],"predecessor-version":[{"id":9454,"href":"https:\/\/maismagazine.pt\/index.php\/wp-json\/wp\/v2\/posts\/9440\/revisions\/9454"}],"wp:featuredmedia":[{"embeddable":true,"href":"https:\/\/maismagazine.pt\/index.php\/wp-json\/wp\/v2\/media\/9452"}],"wp:attachment":[{"href":"https:\/\/maismagazine.pt\/index.php\/wp-json\/wp\/v2\/media?parent=9440"}],"wp:term":[{"taxonomy":"category","embeddable":true,"href":"https:\/\/maismagazine.pt\/index.php\/wp-json\/wp\/v2\/categories?post=9440"},{"taxonomy":"post_tag","embeddable":true,"href":"https:\/\/maismagazine.pt\/index.php\/wp-json\/wp\/v2\/tags?post=9440"}],"curies":[{"name":"wp","href":"https:\/\/api.w.org\/{rel}","templated":true}]}}