{"id":9406,"date":"2024-04-25T07:00:00","date_gmt":"2024-04-25T06:00:00","guid":{"rendered":"https:\/\/maismagazine.pt\/?p=9406"},"modified":"2024-04-22T15:48:46","modified_gmt":"2024-04-22T14:48:46","slug":"almada-um-destino-para-desfrutar-365-dias-por-ano","status":"publish","type":"post","link":"https:\/\/maismagazine.pt\/index.php\/2024\/04\/25\/almada-um-destino-para-desfrutar-365-dias-por-ano\/","title":{"rendered":"Almada, um destino para desfrutar 365 dias por ano"},"content":{"rendered":"\n<p><strong>O concelho de <a href=\"https:\/\/www.cm-almada.pt\/\">Almada<\/a> \u00e9 uma verdadeira joia da regi\u00e3o metropolitana de Lisboa, onde a hist\u00f3ria se entrela\u00e7a com a beleza natural. Com uma heran\u00e7a cultural rica e paisagens de cortar a respira\u00e7\u00e3o, Almada oferece uma experi\u00eancia \u00fanica tanto para residentes, como para visitantes.<\/strong><\/p>\n\n\n<div class=\"wp-block-image\">\n<figure class=\"alignleft size-full is-resized\"><img loading=\"lazy\" decoding=\"async\" width=\"492\" height=\"738\" src=\"https:\/\/maismagazine.pt\/wp-content\/uploads\/2024\/04\/DSCF1140-1-1.jpg\" alt=\"\" class=\"wp-image-9424\" style=\"aspect-ratio:0.6666666666666666;width:258px;height:auto\" srcset=\"https:\/\/maismagazine.pt\/wp-content\/uploads\/2024\/04\/DSCF1140-1-1.jpg 492w, https:\/\/maismagazine.pt\/wp-content\/uploads\/2024\/04\/DSCF1140-1-1-200x300.jpg 200w\" sizes=\"auto, (max-width: 492px) 100vw, 492px\" \/><\/figure><\/div>\n\n\n<p>Almada est\u00e1 geograficamente situada entre o Estu\u00e1rio do Tejo e o Oceano Atl\u00e2ntico, sendo que 25% da sua \u00e1rea \u00e9 composta por florestas. O concelho possui in\u00fameras zonas de elevado interesse em termos ambientais, caracterizadas por uma biodiversidade significativa. Os caminhos destinados \u00e0 aprecia\u00e7\u00e3o e observa\u00e7\u00e3o da natureza possibilitam a explora\u00e7\u00e3o do patrim\u00f3nio natural, seguindo os princ\u00edpios de prote\u00e7\u00e3o da biodiversidade e promovendo a consciencializa\u00e7\u00e3o para a preserva\u00e7\u00e3o e utiliza\u00e7\u00e3o sustent\u00e1vel dos recursos biol\u00f3gicos dispon\u00edveis. A prote\u00e7\u00e3o ambiental deste vasto patrim\u00f3nio natural \u00e9 uma prioridade constante. O crescente interesse em quest\u00f5es ecol\u00f3gicas, ambientais e urbanas tem impulsionado o surgimento ou ressurgimento de formas alternativas de locomo\u00e7\u00e3o, onde a bicicleta conquista cada vez mais adeptos. A atual rede cicl\u00e1vel do munic\u00edpio abrange aproximadamente 34 km e inclui dois percursos de interesse tur\u00edstico: o percurso cicl\u00e1vel da frente mar\u00edtima (com cerca de 14 km, que conecta o terminal fluvial da Trafaria \u00e0s praias) e o percurso cicl\u00e1vel Cacilhas\/Parque da Paz (com cerca de 3 km, que liga o terminal fluvial de Cacilhas ao centro da Cova da Piedade, finalizando no Parque da Paz).<\/p>\n\n\n\n<p><\/p>\n\n\n\n<p><strong>A Arte X\u00e1vega e as praias de Almada<\/strong><\/p>\n\n\n\n<p><\/p>\n\n\n\n<p>A faixa costeira de Almada, com mais de 13 km de praias cont\u00ednuas de areia fina, predominantemente situadas em \u00e1reas naturais, proporciona \u00f3timas condi\u00e7\u00f5es para a pr\u00e1tica de desportos aqu\u00e1ticos, passeios \u00e0 beira-mar e observa\u00e7\u00e3o de p\u00f4r do sol atrativos durante todo o ano. As praias est\u00e3o historicamente associadas \u00e0 pesca pela t\u00e9cnica da Arte X\u00e1vega, um m\u00e9todo tradicional e sustent\u00e1vel que representa o patrim\u00f3nio identit\u00e1rio da Costa da Caparica. Falamos de uma atividade sazonal, com maior incid\u00eancia entre os meses de mar\u00e7o e outubro. As suas origens remontam ao s\u00e9culo XVIII, com a adapta\u00e7\u00e3o local de t\u00e9cnicas trazidas por comunidades piscat\u00f3rias de \u00cdlhavo e Olh\u00e3o, que se estabeleceram na regi\u00e3o, tendo em conta as carater\u00edsticas do mar e das praias da Costa da Caparica e Fonte da Telha. Esta t\u00e9cnica de pesca ancestral foi inscrita em 2017 no Invent\u00e1rio Nacional do Patrim\u00f3nio Cultural Imaterial e, em seu torno, est\u00e3o a ser desenvolvidos pela C\u00e2mara Municipal de Almada conte\u00fados para cria\u00e7\u00e3o de um museu vivo dedicado \u00e0 pesca na Costa da Caparica e Fonte da Telha. <\/p>\n\n\n<div class=\"wp-block-image\">\n<figure class=\"aligncenter size-large is-resized\"><img loading=\"lazy\" decoding=\"async\" width=\"1024\" height=\"683\" src=\"https:\/\/maismagazine.pt\/wp-content\/uploads\/2024\/04\/almada_DSC1742-2-1024x683.jpg\" alt=\"\" class=\"wp-image-9421\" style=\"aspect-ratio:1.499267935578331;width:471px;height:auto\" srcset=\"https:\/\/maismagazine.pt\/wp-content\/uploads\/2024\/04\/almada_DSC1742-2-1024x683.jpg 1024w, https:\/\/maismagazine.pt\/wp-content\/uploads\/2024\/04\/almada_DSC1742-2-300x200.jpg 300w, https:\/\/maismagazine.pt\/wp-content\/uploads\/2024\/04\/almada_DSC1742-2-768x512.jpg 768w, https:\/\/maismagazine.pt\/wp-content\/uploads\/2024\/04\/almada_DSC1742-2-150x100.jpg 150w, https:\/\/maismagazine.pt\/wp-content\/uploads\/2024\/04\/almada_DSC1742-2.jpg 1050w\" sizes=\"auto, (max-width: 1024px) 100vw, 1024px\" \/><\/figure><\/div>\n\n\n<p><strong>Onde o ar \u00e9 mais puro<\/strong><\/p>\n\n\n\n<p>Ora, se por um lado este concelho \u00e9 rico em mar, por outro, no que se refere aos espa\u00e7os verdes, tamb\u00e9m n\u00e3o fica nada atr\u00e1s. O itiner\u00e1rio sugerido pode iniciar-se pela maior reserva natural de Almada: a Paisagem Protegida da Arriba F\u00f3ssil da Costa da Caparica, uma zona de significativa import\u00e2ncia geol\u00f3gica e geomorfol\u00f3gica, caracterizada pela presen\u00e7a de vegeta\u00e7\u00e3o aut\u00f3ctone e esp\u00e9cies raras de fauna e flora. A pr\u00f3xima paragem seria na Reserva Bot\u00e2nica da Mata Nacional dos Medos, onde os trilhos pedestres permitem explorar os altos miradouros que oferecem vistas panor\u00e2micas para as praias. Os passadi\u00e7os s\u00e3o um destaque nesta \u00e1rea, contribuindo para a conserva\u00e7\u00e3o e sustentabilidade do espa\u00e7o. Os miradouros ao longo das praias s\u00e3o acess\u00edveis atrav\u00e9s destes passadi\u00e7os. Esta regi\u00e3o \u00fanica tamb\u00e9m \u00e9 um ponto de refer\u00eancia para entusiastas de trekking, especialmente pela presen\u00e7a da Grande Rota Europeia do Caminho do Atl\u00e2ntico \u2013 GR11-E9, e para praticantes de desportos radicais. Parapente, passeios de bicicleta e a cavalo, bem como piqueniques, s\u00e3o atividades igualmente recomendadas.<\/p>\n\n\n<div class=\"wp-block-image\">\n<figure class=\"alignleft size-full is-resized\"><img loading=\"lazy\" decoding=\"async\" width=\"752\" height=\"500\" src=\"https:\/\/maismagazine.pt\/wp-content\/uploads\/2024\/04\/Golf-frente-cima-1.jpg\" alt=\"\" class=\"wp-image-9420\" style=\"aspect-ratio:1.504;width:486px;height:auto\" srcset=\"https:\/\/maismagazine.pt\/wp-content\/uploads\/2024\/04\/Golf-frente-cima-1.jpg 752w, https:\/\/maismagazine.pt\/wp-content\/uploads\/2024\/04\/Golf-frente-cima-1-300x199.jpg 300w, https:\/\/maismagazine.pt\/wp-content\/uploads\/2024\/04\/Golf-frente-cima-1-150x100.jpg 150w\" sizes=\"auto, (max-width: 752px) 100vw, 752px\" \/><\/figure><\/div>\n\n\n<p>O munic\u00edpio oferece uma variedade de espa\u00e7os verdes, parques urbanos e jardins, contribuindo para a reputa\u00e7\u00e3o de Almada como uma das dez cidades mais arborizadas de Portugal. O Parque da Paz, conhecido como o \u201cpulm\u00e3o da cidade de Almada\u201d, ocupa 70 hectares de vastas \u00e1reas arborizadas, prados e um lago. A riqueza da fauna e flora pode ser apreciada atrav\u00e9s de percursos pedestres ou cicl\u00e1veis, bem como dos amplos relvados.<\/p>\n\n\n\n<p><\/p>\n\n\n\n<p>Outras op\u00e7\u00f5es para desfrutar por completo da natureza incluem uma visita ao Jardim do Rio, onde o Elevador Panor\u00e2mico possibilita o acesso ao centro hist\u00f3rico de Almada, ou ao Jardim Bot\u00e2nico \u201cO Ch\u00e3o das Artes\u201d, que explora a interliga\u00e7\u00e3o entre a natureza e as artes pl\u00e1sticas. Al\u00e9m dos limites urbanos de Almada, o Jardim Urbano da Costa da Caparica oferece um campo de t\u00e9nis, percursos cicl\u00e1veis e \u00e1reas de recreio infantil e juvenil. J\u00e1 o Parque Aventura da Charneca de Caparica proporciona zonas de recreio infantil, arborismo, es-calada, percursos pedestres e cicl\u00e1veis. As condi\u00e7\u00f5es naturais da regi\u00e3o tamb\u00e9m possibilitam a exist\u00eancia de tr\u00eas campos de golfe de qualidade excecional, localizados na \u00e1rea dos Capuchos e Aroeira, conhecidos pela versatilidade dos seus greens.<\/p>\n\n\n\n<p><\/p>\n\n\n\n<p><strong>Locais que testemunham a riqueza hist\u00f3rica e cultural do concelho<\/strong><\/p>\n\n\n\n<p>O Convento dos Capuchos, edificado no s\u00e9culo no s\u00e9culo XVI, merece ser visitado tendo em conta que constitui, juntamente com os seus magn\u00edficos jardins rom\u00e2nticos e miradouros, um testemunho singular dos ideais de contempla\u00e7\u00e3o, serenidade e reclus\u00e3o praticados pelos frades franciscanos. Neste itiner\u00e1rio, \u00e9 imperativo incluir o Jardim do Solar dos Zagallos, um espa\u00e7o onde prevalece o encanto rom\u00e2ntico, enriquecido pela presen\u00e7a de duas capelas e por um prestigiado esp\u00f3lio de azulejos.<\/p>\n\n\n<div class=\"wp-block-image\">\n<figure class=\"alignright size-large is-resized\"><img loading=\"lazy\" decoding=\"async\" width=\"1024\" height=\"683\" src=\"https:\/\/maismagazine.pt\/wp-content\/uploads\/2024\/04\/almada_DSC1982-1-1024x683.jpg\" alt=\"\" class=\"wp-image-9429\" style=\"aspect-ratio:1.499267935578331;width:507px;height:auto\" srcset=\"https:\/\/maismagazine.pt\/wp-content\/uploads\/2024\/04\/almada_DSC1982-1-1024x683.jpg 1024w, https:\/\/maismagazine.pt\/wp-content\/uploads\/2024\/04\/almada_DSC1982-1-300x200.jpg 300w, https:\/\/maismagazine.pt\/wp-content\/uploads\/2024\/04\/almada_DSC1982-1-768x512.jpg 768w, https:\/\/maismagazine.pt\/wp-content\/uploads\/2024\/04\/almada_DSC1982-1-150x100.jpg 150w, https:\/\/maismagazine.pt\/wp-content\/uploads\/2024\/04\/almada_DSC1982-1.jpg 1050w\" sizes=\"auto, (max-width: 1024px) 100vw, 1024px\" \/><figcaption class=\"wp-element-caption\">Cr\u00e9ditos: Ricardo Junqueira<\/figcaption><\/figure><\/div>\n\n\n<p>Ao explorar um concelho t\u00e3o diversificado como o de Almada, estas op\u00e7\u00f5es de lazer ao ar livre devem ser complementadas por muitas outras, em diferentes vertentes. A riqueza patrimonial de Almada n\u00e3o passa despercebida nem se restringe ao passado, muito pelo contr\u00e1rio, ela \u00e9 parte integrante das viv\u00eancias do presente. O Santu\u00e1rio do Cristo Rei, ex-l\u00edbris de Almada, atrai in\u00fameros visitantes e peregrinos, servindo como ponto de partida ideal para explorar o vasto patrim\u00f3nio local que engloba monumentos, museus, igrejas e locais que remontam a um passado industrial, militar e rural de grande relev\u00e2ncia. Na cidade de Almada, nomeadamente ao longo do eixo Cacilhas \u2013 Almada Velha \u2013 Cristo Rei, s\u00e3o pontos de visita obrigat\u00f3ria, entre outros, a Casa da Cerca \u2013 Centro de Arte Contempor\u00e2nea, miradouros como o do Jardim do Castelo, e vest\u00edgios arqueol\u00f3gicos como os do S\u00edtio Arqueol\u00f3gico da Quinta do Almaraz e o S\u00edtio Arqueol\u00f3gico da F\u00e1brica Romana de Salga de Peixe, e museus como o Museu Almada &#8211; Covas de P\u00e3o e o Museu de Almada \u2013 Casa da Cidade. No Largo de Cacilhas, a Fragata D. Fernando II e Gl\u00f3ria e o Submarino Barracuda evidenciam fortemente a rela\u00e7\u00e3o secular do munic\u00edpio de Almada com o rio e o mar.<\/p>\n\n\n\n<p><\/p>\n\n\n\n<p>Al\u00e9m da oferta patente no cora\u00e7\u00e3o de Almada, existem algumas localidades pitorescas que merecem a sua aten\u00e7\u00e3o. Na Trafaria e no Porto Brand\u00e3o, a autenticidade das comunidades combina com a hist\u00f3ria de atividades ribeirinhas e um not\u00e1vel patrim\u00f3nio militar. A \u00e1rea da Charneca da Caparica, tradicionalmente rural e marcada por vastas \u00e1reas de pinhal, matagal, silvados e areais, j\u00e1 foi composta por diversas quintas que gradualmente deram lugar a zonas residenciais, de lazer e recreio. Da mesma forma, o territ\u00f3rio da Sobreda, em tempos predominantemente rural, dedicado \u00e0 agricultura e ao cultivo da vinha, mant\u00e9m viva a tradi\u00e7\u00e3o equestre, com numerosos picadeiros e escolas de equita\u00e7\u00e3o.<\/p>\n\n\n\n<p><\/p>\n\n\n\n<p><strong>Delicie-se com os sabores do rio e do mar<\/strong><\/p>\n\n\n\n<p>Para complementar a visita ao concelho de Almada, \u00e9 altamente recomend\u00e1vel reservar um momento para apreciar a gastronomia local. Numa regi\u00e3o onde o rio e o mar s\u00e3o t\u00e3o importantes, o peixe assume uma posi\u00e7\u00e3o proeminente na mesa. A culin\u00e1ria distintiva do concelho \u00e9 exemplificada por uma variedade de pratos que incluem peixes frescos, frutos do mar, caldeiradas, cataplanas, carvoadas e Am\u00eaijoas \u00e0 Bulh\u00e3o Pato, oferecendo sabores e aromas \u00fanicos. A oferta gastron\u00f3mica do munic\u00edpio \u00e9 abrangente e vai desde a cozinha tradicional \u00e0 cozinha de autor. Por sua vez, a do\u00e7aria t\u00edpica Almadense convida os visitantes a degustar os emblem\u00e1ticos Past\u00e9is Al-Madan, os Claudinos e os Past\u00e9is de Santo Ant\u00f3nio.<\/p>\n\n\n\n<p><\/p>\n\n\n\n<p>A gastronomia e a do\u00e7aria locais s\u00e3o celebradas atrav\u00e9s de uma s\u00e9rie de eventos que ocorrem ao longo de todo o ano e que se somam a uma agenda repleta de atividades em \u00e1reas como a m\u00fasica, o teatro e o desporto. Assim \u00e9 Almada, um territ\u00f3rio f\u00e9rtil em criatividade, modernismo e empreendedorismo.<\/p>\n\n\n\n<p><\/p>\n\n\n<div class=\"wp-block-image\">\n<figure class=\"aligncenter size-full\"><img loading=\"lazy\" decoding=\"async\" width=\"285\" height=\"199\" src=\"https:\/\/maismagazine.pt\/wp-content\/uploads\/2024\/04\/Logo-horizontal_-1.png\" alt=\"\" class=\"wp-image-9419\"\/><\/figure><\/div>","protected":false},"excerpt":{"rendered":"<p>O concelho de Almada \u00e9 uma verdadeira joia da regi\u00e3o metropolitana de Lisboa, onde a hist\u00f3ria se entrela\u00e7a com a beleza natural. Com uma heran\u00e7a cultural rica e paisagens de cortar a respira\u00e7\u00e3o, Almada oferece uma experi\u00eancia \u00fanica tanto para residentes, como para visitantes. Almada est\u00e1 geograficamente situada entre o&hellip;<\/p>\n","protected":false},"author":18,"featured_media":9416,"comment_status":"closed","ping_status":"open","sticky":false,"template":"","format":"standard","meta":{"advgb_blocks_editor_width":"","advgb_blocks_columns_visual_guide":"","_monsterinsights_skip_tracking":false,"_monsterinsights_sitenote_active":false,"_monsterinsights_sitenote_note":"","_monsterinsights_sitenote_category":0,"footnotes":""},"categories":[78],"tags":[440,1953,1951,119,305],"class_list":["post-9406","post","type-post","status-publish","format-standard","has-post-thumbnail","hentry","category-ambiente-e-sustentabilidade","tag-almada","tag-arte-xavega-2","tag-caminhos-pedestres","tag-lisboa","tag-natureza"],"yoast_head":"<!-- This site is optimized with the Yoast SEO plugin v24.4 - https:\/\/yoast.com\/wordpress\/plugins\/seo\/ -->\n<title>Almada, um destino para desfrutar 365 dias por ano - Mais Magazine<\/title>\n<meta name=\"robots\" content=\"index, follow, max-snippet:-1, max-image-preview:large, max-video-preview:-1\" \/>\n<link rel=\"canonical\" href=\"http:\/\/maismagazine.pt\/index.php\/2024\/04\/25\/almada-um-destino-para-desfrutar-365-dias-por-ano\/\" \/>\n<meta property=\"og:locale\" content=\"pt_PT\" \/>\n<meta property=\"og:type\" content=\"article\" \/>\n<meta property=\"og:title\" content=\"Almada, um destino para desfrutar 365 dias por ano - Mais Magazine\" \/>\n<meta property=\"og:description\" content=\"O concelho de Almada \u00e9 uma verdadeira joia da regi\u00e3o metropolitana de Lisboa, onde a hist\u00f3ria se entrela\u00e7a com a beleza natural. Com uma heran\u00e7a cultural rica e paisagens de cortar a respira\u00e7\u00e3o, Almada oferece uma experi\u00eancia \u00fanica tanto para residentes, como para visitantes. Almada est\u00e1 geograficamente situada entre o&hellip;\" \/>\n<meta property=\"og:url\" content=\"http:\/\/maismagazine.pt\/index.php\/2024\/04\/25\/almada-um-destino-para-desfrutar-365-dias-por-ano\/\" \/>\n<meta property=\"og:site_name\" content=\"Mais Magazine\" \/>\n<meta property=\"article:published_time\" content=\"2024-04-25T06:00:00+00:00\" \/>\n<meta property=\"og:image\" content=\"http:\/\/maismagazine.pt\/wp-content\/uploads\/2024\/04\/almada_DSC1902-1-1.jpg\" \/>\n\t<meta property=\"og:image:width\" content=\"350\" \/>\n\t<meta property=\"og:image:height\" content=\"525\" \/>\n\t<meta property=\"og:image:type\" content=\"image\/jpeg\" \/>\n<meta name=\"author\" content=\"Tatiana Martins\" \/>\n<meta name=\"twitter:card\" content=\"summary_large_image\" \/>\n<meta name=\"twitter:label1\" content=\"Escrito por\" \/>\n\t<meta name=\"twitter:data1\" content=\"\" \/>\n\t<meta name=\"twitter:label2\" content=\"Tempo estimado de leitura\" \/>\n\t<meta name=\"twitter:data2\" content=\"9 minutos\" \/>\n<script type=\"application\/ld+json\" class=\"yoast-schema-graph\">{\"@context\":\"https:\/\/schema.org\",\"@graph\":[{\"@type\":\"Article\",\"@id\":\"http:\/\/maismagazine.pt\/index.php\/2024\/04\/25\/almada-um-destino-para-desfrutar-365-dias-por-ano\/#article\",\"isPartOf\":{\"@id\":\"http:\/\/maismagazine.pt\/index.php\/2024\/04\/25\/almada-um-destino-para-desfrutar-365-dias-por-ano\/\"},\"author\":{\"name\":\"Tatiana Martins\",\"@id\":\"http:\/\/maismagazine.pt\/#\/schema\/person\/7426e2caeb8df32a1b56aa48dae778c9\"},\"headline\":\"Almada, um destino para desfrutar 365 dias por ano\",\"datePublished\":\"2024-04-25T06:00:00+00:00\",\"mainEntityOfPage\":{\"@id\":\"http:\/\/maismagazine.pt\/index.php\/2024\/04\/25\/almada-um-destino-para-desfrutar-365-dias-por-ano\/\"},\"wordCount\":1507,\"publisher\":{\"@id\":\"http:\/\/maismagazine.pt\/#organization\"},\"image\":{\"@id\":\"http:\/\/maismagazine.pt\/index.php\/2024\/04\/25\/almada-um-destino-para-desfrutar-365-dias-por-ano\/#primaryimage\"},\"thumbnailUrl\":\"https:\/\/maismagazine.pt\/wp-content\/uploads\/2024\/04\/almada_DSC1902-1-1.jpg\",\"keywords\":[\"Almada\",\"Arte X\u00e1vega\",\"Caminhos pedestres\",\"Lisboa\",\"natureza\"],\"articleSection\":[\"Ambiente e Sustentabilidade\"],\"inLanguage\":\"pt-PT\"},{\"@type\":\"WebPage\",\"@id\":\"http:\/\/maismagazine.pt\/index.php\/2024\/04\/25\/almada-um-destino-para-desfrutar-365-dias-por-ano\/\",\"url\":\"http:\/\/maismagazine.pt\/index.php\/2024\/04\/25\/almada-um-destino-para-desfrutar-365-dias-por-ano\/\",\"name\":\"Almada, um destino para desfrutar 365 dias por ano - Mais Magazine\",\"isPartOf\":{\"@id\":\"http:\/\/maismagazine.pt\/#website\"},\"primaryImageOfPage\":{\"@id\":\"http:\/\/maismagazine.pt\/index.php\/2024\/04\/25\/almada-um-destino-para-desfrutar-365-dias-por-ano\/#primaryimage\"},\"image\":{\"@id\":\"http:\/\/maismagazine.pt\/index.php\/2024\/04\/25\/almada-um-destino-para-desfrutar-365-dias-por-ano\/#primaryimage\"},\"thumbnailUrl\":\"https:\/\/maismagazine.pt\/wp-content\/uploads\/2024\/04\/almada_DSC1902-1-1.jpg\",\"datePublished\":\"2024-04-25T06:00:00+00:00\",\"breadcrumb\":{\"@id\":\"http:\/\/maismagazine.pt\/index.php\/2024\/04\/25\/almada-um-destino-para-desfrutar-365-dias-por-ano\/#breadcrumb\"},\"inLanguage\":\"pt-PT\",\"potentialAction\":[{\"@type\":\"ReadAction\",\"target\":[\"http:\/\/maismagazine.pt\/index.php\/2024\/04\/25\/almada-um-destino-para-desfrutar-365-dias-por-ano\/\"]}]},{\"@type\":\"ImageObject\",\"inLanguage\":\"pt-PT\",\"@id\":\"http:\/\/maismagazine.pt\/index.php\/2024\/04\/25\/almada-um-destino-para-desfrutar-365-dias-por-ano\/#primaryimage\",\"url\":\"https:\/\/maismagazine.pt\/wp-content\/uploads\/2024\/04\/almada_DSC1902-1-1.jpg\",\"contentUrl\":\"https:\/\/maismagazine.pt\/wp-content\/uploads\/2024\/04\/almada_DSC1902-1-1.jpg\",\"width\":350,\"height\":525,\"caption\":\"turismo almada portugal\"},{\"@type\":\"BreadcrumbList\",\"@id\":\"http:\/\/maismagazine.pt\/index.php\/2024\/04\/25\/almada-um-destino-para-desfrutar-365-dias-por-ano\/#breadcrumb\",\"itemListElement\":[{\"@type\":\"ListItem\",\"position\":1,\"name\":\"Home\",\"item\":\"http:\/\/maismagazine.pt\/\"},{\"@type\":\"ListItem\",\"position\":2,\"name\":\"Almada, um destino para desfrutar 365 dias por ano\"}]},{\"@type\":\"WebSite\",\"@id\":\"http:\/\/maismagazine.pt\/#website\",\"url\":\"http:\/\/maismagazine.pt\/\",\"name\":\"Mais Magazine\",\"description\":\"\",\"publisher\":{\"@id\":\"http:\/\/maismagazine.pt\/#organization\"},\"potentialAction\":[{\"@type\":\"SearchAction\",\"target\":{\"@type\":\"EntryPoint\",\"urlTemplate\":\"http:\/\/maismagazine.pt\/?s={search_term_string}\"},\"query-input\":{\"@type\":\"PropertyValueSpecification\",\"valueRequired\":true,\"valueName\":\"search_term_string\"}}],\"inLanguage\":\"pt-PT\"},{\"@type\":\"Organization\",\"@id\":\"http:\/\/maismagazine.pt\/#organization\",\"name\":\"Mais Magazine\",\"url\":\"http:\/\/maismagazine.pt\/\",\"logo\":{\"@type\":\"ImageObject\",\"inLanguage\":\"pt-PT\",\"@id\":\"http:\/\/maismagazine.pt\/#\/schema\/logo\/image\/\",\"url\":\"https:\/\/maismagazine.pt\/wp-content\/uploads\/2020\/04\/cropped-cropped-mais-magazine-site-logo-2.png\",\"contentUrl\":\"https:\/\/maismagazine.pt\/wp-content\/uploads\/2020\/04\/cropped-cropped-mais-magazine-site-logo-2.png\",\"width\":581,\"height\":90,\"caption\":\"Mais Magazine\"},\"image\":{\"@id\":\"http:\/\/maismagazine.pt\/#\/schema\/logo\/image\/\"}},{\"@type\":\"Person\",\"@id\":\"http:\/\/maismagazine.pt\/#\/schema\/person\/7426e2caeb8df32a1b56aa48dae778c9\",\"name\":\"Tatiana Martins\",\"image\":{\"@type\":\"ImageObject\",\"inLanguage\":\"pt-PT\",\"@id\":\"http:\/\/maismagazine.pt\/#\/schema\/person\/image\/\",\"url\":\"https:\/\/secure.gravatar.com\/avatar\/4b24a57f5d0425f2eb20981c4b53244e?s=96&d=mm&r=g\",\"contentUrl\":\"https:\/\/secure.gravatar.com\/avatar\/4b24a57f5d0425f2eb20981c4b53244e?s=96&d=mm&r=g\",\"caption\":\"Tatiana Martins\"},\"url\":\"https:\/\/maismagazine.pt\/index.php\/author\/tatiana\/\"}]}<\/script>\n<!-- \/ Yoast SEO plugin. -->","yoast_head_json":{"title":"Almada, um destino para desfrutar 365 dias por ano - Mais Magazine","robots":{"index":"index","follow":"follow","max-snippet":"max-snippet:-1","max-image-preview":"max-image-preview:large","max-video-preview":"max-video-preview:-1"},"canonical":"http:\/\/maismagazine.pt\/index.php\/2024\/04\/25\/almada-um-destino-para-desfrutar-365-dias-por-ano\/","og_locale":"pt_PT","og_type":"article","og_title":"Almada, um destino para desfrutar 365 dias por ano - Mais Magazine","og_description":"O concelho de Almada \u00e9 uma verdadeira joia da regi\u00e3o metropolitana de Lisboa, onde a hist\u00f3ria se entrela\u00e7a com a beleza natural. Com uma heran\u00e7a cultural rica e paisagens de cortar a respira\u00e7\u00e3o, Almada oferece uma experi\u00eancia \u00fanica tanto para residentes, como para visitantes. Almada est\u00e1 geograficamente situada entre o&hellip;","og_url":"http:\/\/maismagazine.pt\/index.php\/2024\/04\/25\/almada-um-destino-para-desfrutar-365-dias-por-ano\/","og_site_name":"Mais Magazine","article_published_time":"2024-04-25T06:00:00+00:00","og_image":[{"width":350,"height":525,"url":"http:\/\/maismagazine.pt\/wp-content\/uploads\/2024\/04\/almada_DSC1902-1-1.jpg","type":"image\/jpeg"}],"author":"Tatiana Martins","twitter_card":"summary_large_image","twitter_misc":{"Escrito por":false,"Tempo estimado de leitura":"9 minutos"},"schema":{"@context":"https:\/\/schema.org","@graph":[{"@type":"Article","@id":"http:\/\/maismagazine.pt\/index.php\/2024\/04\/25\/almada-um-destino-para-desfrutar-365-dias-por-ano\/#article","isPartOf":{"@id":"http:\/\/maismagazine.pt\/index.php\/2024\/04\/25\/almada-um-destino-para-desfrutar-365-dias-por-ano\/"},"author":{"name":"Tatiana Martins","@id":"http:\/\/maismagazine.pt\/#\/schema\/person\/7426e2caeb8df32a1b56aa48dae778c9"},"headline":"Almada, um destino para desfrutar 365 dias por ano","datePublished":"2024-04-25T06:00:00+00:00","mainEntityOfPage":{"@id":"http:\/\/maismagazine.pt\/index.php\/2024\/04\/25\/almada-um-destino-para-desfrutar-365-dias-por-ano\/"},"wordCount":1507,"publisher":{"@id":"http:\/\/maismagazine.pt\/#organization"},"image":{"@id":"http:\/\/maismagazine.pt\/index.php\/2024\/04\/25\/almada-um-destino-para-desfrutar-365-dias-por-ano\/#primaryimage"},"thumbnailUrl":"https:\/\/maismagazine.pt\/wp-content\/uploads\/2024\/04\/almada_DSC1902-1-1.jpg","keywords":["Almada","Arte X\u00e1vega","Caminhos pedestres","Lisboa","natureza"],"articleSection":["Ambiente e Sustentabilidade"],"inLanguage":"pt-PT"},{"@type":"WebPage","@id":"http:\/\/maismagazine.pt\/index.php\/2024\/04\/25\/almada-um-destino-para-desfrutar-365-dias-por-ano\/","url":"http:\/\/maismagazine.pt\/index.php\/2024\/04\/25\/almada-um-destino-para-desfrutar-365-dias-por-ano\/","name":"Almada, um destino para desfrutar 365 dias por ano - Mais Magazine","isPartOf":{"@id":"http:\/\/maismagazine.pt\/#website"},"primaryImageOfPage":{"@id":"http:\/\/maismagazine.pt\/index.php\/2024\/04\/25\/almada-um-destino-para-desfrutar-365-dias-por-ano\/#primaryimage"},"image":{"@id":"http:\/\/maismagazine.pt\/index.php\/2024\/04\/25\/almada-um-destino-para-desfrutar-365-dias-por-ano\/#primaryimage"},"thumbnailUrl":"https:\/\/maismagazine.pt\/wp-content\/uploads\/2024\/04\/almada_DSC1902-1-1.jpg","datePublished":"2024-04-25T06:00:00+00:00","breadcrumb":{"@id":"http:\/\/maismagazine.pt\/index.php\/2024\/04\/25\/almada-um-destino-para-desfrutar-365-dias-por-ano\/#breadcrumb"},"inLanguage":"pt-PT","potentialAction":[{"@type":"ReadAction","target":["http:\/\/maismagazine.pt\/index.php\/2024\/04\/25\/almada-um-destino-para-desfrutar-365-dias-por-ano\/"]}]},{"@type":"ImageObject","inLanguage":"pt-PT","@id":"http:\/\/maismagazine.pt\/index.php\/2024\/04\/25\/almada-um-destino-para-desfrutar-365-dias-por-ano\/#primaryimage","url":"https:\/\/maismagazine.pt\/wp-content\/uploads\/2024\/04\/almada_DSC1902-1-1.jpg","contentUrl":"https:\/\/maismagazine.pt\/wp-content\/uploads\/2024\/04\/almada_DSC1902-1-1.jpg","width":350,"height":525,"caption":"turismo almada portugal"},{"@type":"BreadcrumbList","@id":"http:\/\/maismagazine.pt\/index.php\/2024\/04\/25\/almada-um-destino-para-desfrutar-365-dias-por-ano\/#breadcrumb","itemListElement":[{"@type":"ListItem","position":1,"name":"Home","item":"http:\/\/maismagazine.pt\/"},{"@type":"ListItem","position":2,"name":"Almada, um destino para desfrutar 365 dias por ano"}]},{"@type":"WebSite","@id":"http:\/\/maismagazine.pt\/#website","url":"http:\/\/maismagazine.pt\/","name":"Mais Magazine","description":"","publisher":{"@id":"http:\/\/maismagazine.pt\/#organization"},"potentialAction":[{"@type":"SearchAction","target":{"@type":"EntryPoint","urlTemplate":"http:\/\/maismagazine.pt\/?s={search_term_string}"},"query-input":{"@type":"PropertyValueSpecification","valueRequired":true,"valueName":"search_term_string"}}],"inLanguage":"pt-PT"},{"@type":"Organization","@id":"http:\/\/maismagazine.pt\/#organization","name":"Mais Magazine","url":"http:\/\/maismagazine.pt\/","logo":{"@type":"ImageObject","inLanguage":"pt-PT","@id":"http:\/\/maismagazine.pt\/#\/schema\/logo\/image\/","url":"https:\/\/maismagazine.pt\/wp-content\/uploads\/2020\/04\/cropped-cropped-mais-magazine-site-logo-2.png","contentUrl":"https:\/\/maismagazine.pt\/wp-content\/uploads\/2020\/04\/cropped-cropped-mais-magazine-site-logo-2.png","width":581,"height":90,"caption":"Mais Magazine"},"image":{"@id":"http:\/\/maismagazine.pt\/#\/schema\/logo\/image\/"}},{"@type":"Person","@id":"http:\/\/maismagazine.pt\/#\/schema\/person\/7426e2caeb8df32a1b56aa48dae778c9","name":"Tatiana Martins","image":{"@type":"ImageObject","inLanguage":"pt-PT","@id":"http:\/\/maismagazine.pt\/#\/schema\/person\/image\/","url":"https:\/\/secure.gravatar.com\/avatar\/4b24a57f5d0425f2eb20981c4b53244e?s=96&d=mm&r=g","contentUrl":"https:\/\/secure.gravatar.com\/avatar\/4b24a57f5d0425f2eb20981c4b53244e?s=96&d=mm&r=g","caption":"Tatiana Martins"},"url":"https:\/\/maismagazine.pt\/index.php\/author\/tatiana\/"}]}},"author_meta":{"display_name":false,"author_link":"https:\/\/maismagazine.pt\/index.php\/author\/tatiana\/"},"featured_img":"https:\/\/maismagazine.pt\/wp-content\/uploads\/2024\/04\/almada_DSC1902-1-1-200x300.jpg","coauthors":[],"tax_additional":{"categories":{"linked":["<a href=\"https:\/\/maismagazine.pt\/index.php\/category\/empreendedorismo\/ambiente-e-sustentabilidade\/\" class=\"advgb-post-tax-term\">Ambiente e Sustentabilidade<\/a>"],"unlinked":["<span class=\"advgb-post-tax-term\">Ambiente e Sustentabilidade<\/span>"]},"tags":{"linked":["<a href=\"https:\/\/maismagazine.pt\/index.php\/category\/empreendedorismo\/ambiente-e-sustentabilidade\/\" class=\"advgb-post-tax-term\">Almada<\/a>","<a href=\"https:\/\/maismagazine.pt\/index.php\/category\/empreendedorismo\/ambiente-e-sustentabilidade\/\" class=\"advgb-post-tax-term\">Arte X\u00e1vega<\/a>","<a href=\"https:\/\/maismagazine.pt\/index.php\/category\/empreendedorismo\/ambiente-e-sustentabilidade\/\" class=\"advgb-post-tax-term\">Caminhos pedestres<\/a>","<a href=\"https:\/\/maismagazine.pt\/index.php\/category\/empreendedorismo\/ambiente-e-sustentabilidade\/\" class=\"advgb-post-tax-term\">Lisboa<\/a>","<a href=\"https:\/\/maismagazine.pt\/index.php\/category\/empreendedorismo\/ambiente-e-sustentabilidade\/\" class=\"advgb-post-tax-term\">natureza<\/a>"],"unlinked":["<span class=\"advgb-post-tax-term\">Almada<\/span>","<span class=\"advgb-post-tax-term\">Arte X\u00e1vega<\/span>","<span class=\"advgb-post-tax-term\">Caminhos pedestres<\/span>","<span class=\"advgb-post-tax-term\">Lisboa<\/span>","<span class=\"advgb-post-tax-term\">natureza<\/span>"]}},"comment_count":"0","relative_dates":{"created":"Posted 2 anos ago","modified":"Updated 2 anos ago"},"absolute_dates":{"created":"Posted on 25 de Abril, 2024","modified":"Updated on 22 de Abril, 2024"},"absolute_dates_time":{"created":"Posted on 25 de Abril, 2024 7:00","modified":"Updated on 22 de Abril, 2024 15:48"},"featured_img_caption":"turismo almada portugal","series_order":"","_links":{"self":[{"href":"https:\/\/maismagazine.pt\/index.php\/wp-json\/wp\/v2\/posts\/9406","targetHints":{"allow":["GET"]}}],"collection":[{"href":"https:\/\/maismagazine.pt\/index.php\/wp-json\/wp\/v2\/posts"}],"about":[{"href":"https:\/\/maismagazine.pt\/index.php\/wp-json\/wp\/v2\/types\/post"}],"author":[{"embeddable":true,"href":"https:\/\/maismagazine.pt\/index.php\/wp-json\/wp\/v2\/users\/18"}],"replies":[{"embeddable":true,"href":"https:\/\/maismagazine.pt\/index.php\/wp-json\/wp\/v2\/comments?post=9406"}],"version-history":[{"count":2,"href":"https:\/\/maismagazine.pt\/index.php\/wp-json\/wp\/v2\/posts\/9406\/revisions"}],"predecessor-version":[{"id":9459,"href":"https:\/\/maismagazine.pt\/index.php\/wp-json\/wp\/v2\/posts\/9406\/revisions\/9459"}],"wp:featuredmedia":[{"embeddable":true,"href":"https:\/\/maismagazine.pt\/index.php\/wp-json\/wp\/v2\/media\/9416"}],"wp:attachment":[{"href":"https:\/\/maismagazine.pt\/index.php\/wp-json\/wp\/v2\/media?parent=9406"}],"wp:term":[{"taxonomy":"category","embeddable":true,"href":"https:\/\/maismagazine.pt\/index.php\/wp-json\/wp\/v2\/categories?post=9406"},{"taxonomy":"post_tag","embeddable":true,"href":"https:\/\/maismagazine.pt\/index.php\/wp-json\/wp\/v2\/tags?post=9406"}],"curies":[{"name":"wp","href":"https:\/\/api.w.org\/{rel}","templated":true}]}}