{"id":9383,"date":"2024-04-18T09:12:16","date_gmt":"2024-04-18T08:12:16","guid":{"rendered":"https:\/\/maismagazine.pt\/?p=9383"},"modified":"2024-04-18T09:12:16","modified_gmt":"2024-04-18T08:12:16","slug":"quinta-de-s-sebastiao-abre-portas-ao-enoturismo-na-arruda-dos-vinhos","status":"publish","type":"post","link":"https:\/\/maismagazine.pt\/index.php\/2024\/04\/18\/quinta-de-s-sebastiao-abre-portas-ao-enoturismo-na-arruda-dos-vinhos\/","title":{"rendered":"Quinta de S. Sebasti\u00e3o Abre Portas ao Enoturismo na Arruda dos Vinhos"},"content":{"rendered":"\n<p>A Quinta de S. Sebasti\u00e3o, nome conhecido no mundo dos vinhos e reconhecido em mais de 50 pa\u00edses, tem o prazer de anunciar a abertura das suas portas ao enoturismo. Situada nas encantadoras paisagens da Arruda dos Vinhos, a apenas 20 minutos de Lisboa, a Quinta de S. Sebasti\u00e3o convida os amantes de vinho e os entusiastas do turismo a explorar os segredos por tr\u00e1s dos seus vinhos premiados.<\/p>\n\n\n\n<p>Com uma hist\u00f3ria rica que remonta a s\u00e9culos e um compromisso inabal\u00e1vel com a qualidade, a Quinta de S. Sebasti\u00e3o oferece uma experi\u00eancia \u00fanica no cora\u00e7\u00e3o da regi\u00e3o vitivin\u00edcola de Lisboa. Os visitantes ter\u00e3o a oportunidade de mergulhar na tradi\u00e7\u00e3o vitivin\u00edcola portuguesa, explorando os vinhedos pitorescos atrav\u00e9s de passeios de jipe, a p\u00e9 ou a cavalo, podendo degustar uma sele\u00e7\u00e3o excecional de vinhos.<\/p>\n\n\n\n<p>Al\u00e9m das visitas guiadas, os visitantes poder\u00e3o desfrutar de experi\u00eancias personalizadas de degusta\u00e7\u00e3o, harmoniza\u00e7\u00f5es de vinhos e petiscos regionais, proporcionando uma imers\u00e3o completa na cultura local.<\/p>\n\n\n\n<p>&#8220;Estamos muito entusiasmados por abrir as portas da Quinta de S. Sebasti\u00e3o ao enoturismo&#8221;, afirma Francisco Mel\u00edcias. &#8220;\u00c9 uma oportunidade para partilharmos a nossa paix\u00e3o pelo vinho e pela tradi\u00e7\u00e3o portuguesa com os visitantes de todo o mundo. Esperamos proporcionar experi\u00eancias memor\u00e1veis e momentos inesquec\u00edveis a todos os que nos visitarem.&#8221;<\/p>\n\n\n\n<p><strong>Para mais informa\u00e7\u00f5es de imprensa, por favor, contactar:<\/strong><\/p>\n\n\n\n<p>Pedro Valle Abrantes, Respons\u00e1vel de Enoturismo<\/p>\n\n\n\n<p><a href=\"https:\/\/www.trypor.pt\/so\/05Oxib49U\/c?w=x88TqjeaUn7NIEQwfkxaLdLc8Lr8YNcnpoeSa4RnXs4.eyJ1IjoibWFpbHRvOmVub3R1cmlzbW9AcXVpbnRhc3NlYmFzdGlhby5jb20iLCJyIjoiZjk3NzM1NjgtMGM2Zi00ZjVlLWFlZmYtMDljNDY4MWExOTQwIiwibSI6Im1haWwiLCJjIjoiMjYyNjg1ZGQtOWQxZC00ZmNmLTgzYzAtYjkyNzkxOTA3MDkxIn0\" target=\"_blank\" rel=\"noreferrer noopener\">enoturismo@quintassebastiao.com<\/a><\/p>\n\n\n\n<p>+351 911 009 159<\/p>\n\n\n\n<p><strong>Sobre a Quinta de S. Sebasti\u00e3o:<\/strong><\/p>\n\n\n\n<p>A Quinta de S. Sebasti\u00e3o, datada de 1755, \u00e9 um produtor de vinhos de renome internacional, sediado na pitoresca regi\u00e3o da Arruda dos Vinhos, a apenas 20 minutos de Lisboa. Com uma tradi\u00e7\u00e3o enraizada na excel\u00eancia e na paix\u00e3o pela viticultura, a Quinta de S. Sebasti\u00e3o produz vinhos de alta qualidade que s\u00e3o apreciados por conhecedores em todo o mundo.<\/p>\n","protected":false},"excerpt":{"rendered":"<p>A Quinta de S. Sebasti\u00e3o, nome conhecido no mundo dos vinhos e reconhecido em mais de 50 pa\u00edses, tem o prazer de anunciar a abertura das suas portas ao enoturismo. Situada nas encantadoras paisagens da Arruda dos Vinhos, a apenas 20 minutos de Lisboa, a Quinta de S. Sebasti\u00e3o convida&hellip;<\/p>\n","protected":false},"author":17,"featured_media":9384,"comment_status":"closed","ping_status":"open","sticky":false,"template":"","format":"standard","meta":{"advgb_blocks_editor_width":"","advgb_blocks_columns_visual_guide":"","_monsterinsights_skip_tracking":false,"_monsterinsights_sitenote_active":false,"_monsterinsights_sitenote_note":"","_monsterinsights_sitenote_category":0,"footnotes":""},"categories":[7],"tags":[264],"class_list":["post-9383","post","type-post","status-publish","format-standard","has-post-thumbnail","hentry","category-noticias","tag-enoturismo"],"yoast_head":"<!-- This site is optimized with the Yoast SEO plugin v24.4 - https:\/\/yoast.com\/wordpress\/plugins\/seo\/ -->\n<title>Quinta de S. Sebasti\u00e3o Abre Portas ao Enoturismo na Arruda dos Vinhos - Mais Magazine<\/title>\n<meta name=\"description\" content=\"A Quinta de S. Sebasti\u00e3o, nome conhecido no mundo dos vinhos e reconhecido em mais de 50 pa\u00edses, tem o prazer de anunciar a abertura das suas portas ao enoturismo. Situada nas encantadoras paisagens da Arruda dos Vinhos, a apenas 20 minutos de Lisboa, a Quinta de S. Sebasti\u00e3o convida os amantes de vinho e os entusiastas do turismo a explorar os segredos por tr\u00e1s dos seus vinhos premiados.\" \/>\n<meta name=\"robots\" content=\"index, follow, max-snippet:-1, max-image-preview:large, max-video-preview:-1\" \/>\n<link rel=\"canonical\" href=\"https:\/\/maismagazine.pt\/index.php\/2024\/04\/18\/quinta-de-s-sebastiao-abre-portas-ao-enoturismo-na-arruda-dos-vinhos\/\" \/>\n<meta property=\"og:locale\" content=\"pt_PT\" \/>\n<meta property=\"og:type\" content=\"article\" \/>\n<meta property=\"og:title\" content=\"Quinta de S. Sebasti\u00e3o Abre Portas ao Enoturismo na Arruda dos Vinhos - Mais Magazine\" \/>\n<meta property=\"og:description\" content=\"A Quinta de S. Sebasti\u00e3o, nome conhecido no mundo dos vinhos e reconhecido em mais de 50 pa\u00edses, tem o prazer de anunciar a abertura das suas portas ao enoturismo. Situada nas encantadoras paisagens da Arruda dos Vinhos, a apenas 20 minutos de Lisboa, a Quinta de S. Sebasti\u00e3o convida os amantes de vinho e os entusiastas do turismo a explorar os segredos por tr\u00e1s dos seus vinhos premiados.\" \/>\n<meta property=\"og:url\" content=\"https:\/\/maismagazine.pt\/index.php\/2024\/04\/18\/quinta-de-s-sebastiao-abre-portas-ao-enoturismo-na-arruda-dos-vinhos\/\" \/>\n<meta property=\"og:site_name\" content=\"Mais Magazine\" \/>\n<meta property=\"article:published_time\" content=\"2024-04-18T08:12:16+00:00\" \/>\n<meta property=\"og:image\" content=\"https:\/\/maismagazine.pt\/wp-content\/uploads\/2024\/04\/3f3cb4_c0138560934d455dbb5322dea8a183demv2.jpg\" \/>\n\t<meta property=\"og:image:width\" content=\"698\" \/>\n\t<meta property=\"og:image:height\" content=\"465\" \/>\n\t<meta property=\"og:image:type\" content=\"image\/jpeg\" \/>\n<meta name=\"author\" content=\"Tiago Costa\" \/>\n<meta name=\"twitter:card\" content=\"summary_large_image\" \/>\n<meta name=\"twitter:label1\" content=\"Escrito por\" \/>\n\t<meta name=\"twitter:data1\" content=\"\" \/>\n\t<meta name=\"twitter:label2\" content=\"Tempo estimado de leitura\" \/>\n\t<meta name=\"twitter:data2\" content=\"2 minutos\" \/>\n<script type=\"application\/ld+json\" class=\"yoast-schema-graph\">{\"@context\":\"https:\/\/schema.org\",\"@graph\":[{\"@type\":\"Article\",\"@id\":\"https:\/\/maismagazine.pt\/index.php\/2024\/04\/18\/quinta-de-s-sebastiao-abre-portas-ao-enoturismo-na-arruda-dos-vinhos\/#article\",\"isPartOf\":{\"@id\":\"https:\/\/maismagazine.pt\/index.php\/2024\/04\/18\/quinta-de-s-sebastiao-abre-portas-ao-enoturismo-na-arruda-dos-vinhos\/\"},\"author\":{\"name\":\"Tiago Costa\",\"@id\":\"http:\/\/maismagazine.pt\/#\/schema\/person\/c6c5bfccc886434cbd11c74e035f9646\"},\"headline\":\"Quinta de S. Sebasti\u00e3o Abre Portas ao Enoturismo na Arruda dos Vinhos\",\"datePublished\":\"2024-04-18T08:12:16+00:00\",\"mainEntityOfPage\":{\"@id\":\"https:\/\/maismagazine.pt\/index.php\/2024\/04\/18\/quinta-de-s-sebastiao-abre-portas-ao-enoturismo-na-arruda-dos-vinhos\/\"},\"wordCount\":339,\"publisher\":{\"@id\":\"http:\/\/maismagazine.pt\/#organization\"},\"image\":{\"@id\":\"https:\/\/maismagazine.pt\/index.php\/2024\/04\/18\/quinta-de-s-sebastiao-abre-portas-ao-enoturismo-na-arruda-dos-vinhos\/#primaryimage\"},\"thumbnailUrl\":\"https:\/\/maismagazine.pt\/wp-content\/uploads\/2024\/04\/3f3cb4_c0138560934d455dbb5322dea8a183demv2.jpg\",\"keywords\":[\"enoturismo\"],\"articleSection\":[\"Not\u00edcias\"],\"inLanguage\":\"pt-PT\"},{\"@type\":\"WebPage\",\"@id\":\"https:\/\/maismagazine.pt\/index.php\/2024\/04\/18\/quinta-de-s-sebastiao-abre-portas-ao-enoturismo-na-arruda-dos-vinhos\/\",\"url\":\"https:\/\/maismagazine.pt\/index.php\/2024\/04\/18\/quinta-de-s-sebastiao-abre-portas-ao-enoturismo-na-arruda-dos-vinhos\/\",\"name\":\"Quinta de S. Sebasti\u00e3o Abre Portas ao Enoturismo na Arruda dos Vinhos - Mais Magazine\",\"isPartOf\":{\"@id\":\"http:\/\/maismagazine.pt\/#website\"},\"primaryImageOfPage\":{\"@id\":\"https:\/\/maismagazine.pt\/index.php\/2024\/04\/18\/quinta-de-s-sebastiao-abre-portas-ao-enoturismo-na-arruda-dos-vinhos\/#primaryimage\"},\"image\":{\"@id\":\"https:\/\/maismagazine.pt\/index.php\/2024\/04\/18\/quinta-de-s-sebastiao-abre-portas-ao-enoturismo-na-arruda-dos-vinhos\/#primaryimage\"},\"thumbnailUrl\":\"https:\/\/maismagazine.pt\/wp-content\/uploads\/2024\/04\/3f3cb4_c0138560934d455dbb5322dea8a183demv2.jpg\",\"datePublished\":\"2024-04-18T08:12:16+00:00\",\"description\":\"A Quinta de S. Sebasti\u00e3o, nome conhecido no mundo dos vinhos e reconhecido em mais de 50 pa\u00edses, tem o prazer de anunciar a abertura das suas portas ao enoturismo. Situada nas encantadoras paisagens da Arruda dos Vinhos, a apenas 20 minutos de Lisboa, a Quinta de S. Sebasti\u00e3o convida os amantes de vinho e os entusiastas do turismo a explorar os segredos por tr\u00e1s dos seus vinhos premiados.\",\"breadcrumb\":{\"@id\":\"https:\/\/maismagazine.pt\/index.php\/2024\/04\/18\/quinta-de-s-sebastiao-abre-portas-ao-enoturismo-na-arruda-dos-vinhos\/#breadcrumb\"},\"inLanguage\":\"pt-PT\",\"potentialAction\":[{\"@type\":\"ReadAction\",\"target\":[\"https:\/\/maismagazine.pt\/index.php\/2024\/04\/18\/quinta-de-s-sebastiao-abre-portas-ao-enoturismo-na-arruda-dos-vinhos\/\"]}]},{\"@type\":\"ImageObject\",\"inLanguage\":\"pt-PT\",\"@id\":\"https:\/\/maismagazine.pt\/index.php\/2024\/04\/18\/quinta-de-s-sebastiao-abre-portas-ao-enoturismo-na-arruda-dos-vinhos\/#primaryimage\",\"url\":\"https:\/\/maismagazine.pt\/wp-content\/uploads\/2024\/04\/3f3cb4_c0138560934d455dbb5322dea8a183demv2.jpg\",\"contentUrl\":\"https:\/\/maismagazine.pt\/wp-content\/uploads\/2024\/04\/3f3cb4_c0138560934d455dbb5322dea8a183demv2.jpg\",\"width\":698,\"height\":465},{\"@type\":\"BreadcrumbList\",\"@id\":\"https:\/\/maismagazine.pt\/index.php\/2024\/04\/18\/quinta-de-s-sebastiao-abre-portas-ao-enoturismo-na-arruda-dos-vinhos\/#breadcrumb\",\"itemListElement\":[{\"@type\":\"ListItem\",\"position\":1,\"name\":\"Home\",\"item\":\"http:\/\/maismagazine.pt\/\"},{\"@type\":\"ListItem\",\"position\":2,\"name\":\"Quinta de S. Sebasti\u00e3o Abre Portas ao Enoturismo na Arruda dos Vinhos\"}]},{\"@type\":\"WebSite\",\"@id\":\"http:\/\/maismagazine.pt\/#website\",\"url\":\"http:\/\/maismagazine.pt\/\",\"name\":\"Mais Magazine\",\"description\":\"\",\"publisher\":{\"@id\":\"http:\/\/maismagazine.pt\/#organization\"},\"potentialAction\":[{\"@type\":\"SearchAction\",\"target\":{\"@type\":\"EntryPoint\",\"urlTemplate\":\"http:\/\/maismagazine.pt\/?s={search_term_string}\"},\"query-input\":{\"@type\":\"PropertyValueSpecification\",\"valueRequired\":true,\"valueName\":\"search_term_string\"}}],\"inLanguage\":\"pt-PT\"},{\"@type\":\"Organization\",\"@id\":\"http:\/\/maismagazine.pt\/#organization\",\"name\":\"Mais Magazine\",\"url\":\"http:\/\/maismagazine.pt\/\",\"logo\":{\"@type\":\"ImageObject\",\"inLanguage\":\"pt-PT\",\"@id\":\"http:\/\/maismagazine.pt\/#\/schema\/logo\/image\/\",\"url\":\"https:\/\/maismagazine.pt\/wp-content\/uploads\/2020\/04\/cropped-cropped-mais-magazine-site-logo-2.png\",\"contentUrl\":\"https:\/\/maismagazine.pt\/wp-content\/uploads\/2020\/04\/cropped-cropped-mais-magazine-site-logo-2.png\",\"width\":581,\"height\":90,\"caption\":\"Mais Magazine\"},\"image\":{\"@id\":\"http:\/\/maismagazine.pt\/#\/schema\/logo\/image\/\"}},{\"@type\":\"Person\",\"@id\":\"http:\/\/maismagazine.pt\/#\/schema\/person\/c6c5bfccc886434cbd11c74e035f9646\",\"name\":\"Tiago Costa\",\"image\":{\"@type\":\"ImageObject\",\"inLanguage\":\"pt-PT\",\"@id\":\"http:\/\/maismagazine.pt\/#\/schema\/person\/image\/\",\"url\":\"https:\/\/secure.gravatar.com\/avatar\/c599b2bce16c9870429198cbad5ee022?s=96&d=mm&r=g\",\"contentUrl\":\"https:\/\/secure.gravatar.com\/avatar\/c599b2bce16c9870429198cbad5ee022?s=96&d=mm&r=g\",\"caption\":\"Tiago Costa\"},\"url\":\"https:\/\/maismagazine.pt\/index.php\/author\/tiago\/\"}]}<\/script>\n<!-- \/ Yoast SEO plugin. -->","yoast_head_json":{"title":"Quinta de S. Sebasti\u00e3o Abre Portas ao Enoturismo na Arruda dos Vinhos - Mais Magazine","description":"A Quinta de S. Sebasti\u00e3o, nome conhecido no mundo dos vinhos e reconhecido em mais de 50 pa\u00edses, tem o prazer de anunciar a abertura das suas portas ao enoturismo. Situada nas encantadoras paisagens da Arruda dos Vinhos, a apenas 20 minutos de Lisboa, a Quinta de S. Sebasti\u00e3o convida os amantes de vinho e os entusiastas do turismo a explorar os segredos por tr\u00e1s dos seus vinhos premiados.","robots":{"index":"index","follow":"follow","max-snippet":"max-snippet:-1","max-image-preview":"max-image-preview:large","max-video-preview":"max-video-preview:-1"},"canonical":"https:\/\/maismagazine.pt\/index.php\/2024\/04\/18\/quinta-de-s-sebastiao-abre-portas-ao-enoturismo-na-arruda-dos-vinhos\/","og_locale":"pt_PT","og_type":"article","og_title":"Quinta de S. Sebasti\u00e3o Abre Portas ao Enoturismo na Arruda dos Vinhos - Mais Magazine","og_description":"A Quinta de S. Sebasti\u00e3o, nome conhecido no mundo dos vinhos e reconhecido em mais de 50 pa\u00edses, tem o prazer de anunciar a abertura das suas portas ao enoturismo. Situada nas encantadoras paisagens da Arruda dos Vinhos, a apenas 20 minutos de Lisboa, a Quinta de S. Sebasti\u00e3o convida os amantes de vinho e os entusiastas do turismo a explorar os segredos por tr\u00e1s dos seus vinhos premiados.","og_url":"https:\/\/maismagazine.pt\/index.php\/2024\/04\/18\/quinta-de-s-sebastiao-abre-portas-ao-enoturismo-na-arruda-dos-vinhos\/","og_site_name":"Mais Magazine","article_published_time":"2024-04-18T08:12:16+00:00","og_image":[{"width":698,"height":465,"url":"https:\/\/maismagazine.pt\/wp-content\/uploads\/2024\/04\/3f3cb4_c0138560934d455dbb5322dea8a183demv2.jpg","type":"image\/jpeg"}],"author":"Tiago Costa","twitter_card":"summary_large_image","twitter_misc":{"Escrito por":false,"Tempo estimado de leitura":"2 minutos"},"schema":{"@context":"https:\/\/schema.org","@graph":[{"@type":"Article","@id":"https:\/\/maismagazine.pt\/index.php\/2024\/04\/18\/quinta-de-s-sebastiao-abre-portas-ao-enoturismo-na-arruda-dos-vinhos\/#article","isPartOf":{"@id":"https:\/\/maismagazine.pt\/index.php\/2024\/04\/18\/quinta-de-s-sebastiao-abre-portas-ao-enoturismo-na-arruda-dos-vinhos\/"},"author":{"name":"Tiago Costa","@id":"http:\/\/maismagazine.pt\/#\/schema\/person\/c6c5bfccc886434cbd11c74e035f9646"},"headline":"Quinta de S. Sebasti\u00e3o Abre Portas ao Enoturismo na Arruda dos Vinhos","datePublished":"2024-04-18T08:12:16+00:00","mainEntityOfPage":{"@id":"https:\/\/maismagazine.pt\/index.php\/2024\/04\/18\/quinta-de-s-sebastiao-abre-portas-ao-enoturismo-na-arruda-dos-vinhos\/"},"wordCount":339,"publisher":{"@id":"http:\/\/maismagazine.pt\/#organization"},"image":{"@id":"https:\/\/maismagazine.pt\/index.php\/2024\/04\/18\/quinta-de-s-sebastiao-abre-portas-ao-enoturismo-na-arruda-dos-vinhos\/#primaryimage"},"thumbnailUrl":"https:\/\/maismagazine.pt\/wp-content\/uploads\/2024\/04\/3f3cb4_c0138560934d455dbb5322dea8a183demv2.jpg","keywords":["enoturismo"],"articleSection":["Not\u00edcias"],"inLanguage":"pt-PT"},{"@type":"WebPage","@id":"https:\/\/maismagazine.pt\/index.php\/2024\/04\/18\/quinta-de-s-sebastiao-abre-portas-ao-enoturismo-na-arruda-dos-vinhos\/","url":"https:\/\/maismagazine.pt\/index.php\/2024\/04\/18\/quinta-de-s-sebastiao-abre-portas-ao-enoturismo-na-arruda-dos-vinhos\/","name":"Quinta de S. Sebasti\u00e3o Abre Portas ao Enoturismo na Arruda dos Vinhos - Mais Magazine","isPartOf":{"@id":"http:\/\/maismagazine.pt\/#website"},"primaryImageOfPage":{"@id":"https:\/\/maismagazine.pt\/index.php\/2024\/04\/18\/quinta-de-s-sebastiao-abre-portas-ao-enoturismo-na-arruda-dos-vinhos\/#primaryimage"},"image":{"@id":"https:\/\/maismagazine.pt\/index.php\/2024\/04\/18\/quinta-de-s-sebastiao-abre-portas-ao-enoturismo-na-arruda-dos-vinhos\/#primaryimage"},"thumbnailUrl":"https:\/\/maismagazine.pt\/wp-content\/uploads\/2024\/04\/3f3cb4_c0138560934d455dbb5322dea8a183demv2.jpg","datePublished":"2024-04-18T08:12:16+00:00","description":"A Quinta de S. Sebasti\u00e3o, nome conhecido no mundo dos vinhos e reconhecido em mais de 50 pa\u00edses, tem o prazer de anunciar a abertura das suas portas ao enoturismo. Situada nas encantadoras paisagens da Arruda dos Vinhos, a apenas 20 minutos de Lisboa, a Quinta de S. Sebasti\u00e3o convida os amantes de vinho e os entusiastas do turismo a explorar os segredos por tr\u00e1s dos seus vinhos premiados.","breadcrumb":{"@id":"https:\/\/maismagazine.pt\/index.php\/2024\/04\/18\/quinta-de-s-sebastiao-abre-portas-ao-enoturismo-na-arruda-dos-vinhos\/#breadcrumb"},"inLanguage":"pt-PT","potentialAction":[{"@type":"ReadAction","target":["https:\/\/maismagazine.pt\/index.php\/2024\/04\/18\/quinta-de-s-sebastiao-abre-portas-ao-enoturismo-na-arruda-dos-vinhos\/"]}]},{"@type":"ImageObject","inLanguage":"pt-PT","@id":"https:\/\/maismagazine.pt\/index.php\/2024\/04\/18\/quinta-de-s-sebastiao-abre-portas-ao-enoturismo-na-arruda-dos-vinhos\/#primaryimage","url":"https:\/\/maismagazine.pt\/wp-content\/uploads\/2024\/04\/3f3cb4_c0138560934d455dbb5322dea8a183demv2.jpg","contentUrl":"https:\/\/maismagazine.pt\/wp-content\/uploads\/2024\/04\/3f3cb4_c0138560934d455dbb5322dea8a183demv2.jpg","width":698,"height":465},{"@type":"BreadcrumbList","@id":"https:\/\/maismagazine.pt\/index.php\/2024\/04\/18\/quinta-de-s-sebastiao-abre-portas-ao-enoturismo-na-arruda-dos-vinhos\/#breadcrumb","itemListElement":[{"@type":"ListItem","position":1,"name":"Home","item":"http:\/\/maismagazine.pt\/"},{"@type":"ListItem","position":2,"name":"Quinta de S. Sebasti\u00e3o Abre Portas ao Enoturismo na Arruda dos Vinhos"}]},{"@type":"WebSite","@id":"http:\/\/maismagazine.pt\/#website","url":"http:\/\/maismagazine.pt\/","name":"Mais Magazine","description":"","publisher":{"@id":"http:\/\/maismagazine.pt\/#organization"},"potentialAction":[{"@type":"SearchAction","target":{"@type":"EntryPoint","urlTemplate":"http:\/\/maismagazine.pt\/?s={search_term_string}"},"query-input":{"@type":"PropertyValueSpecification","valueRequired":true,"valueName":"search_term_string"}}],"inLanguage":"pt-PT"},{"@type":"Organization","@id":"http:\/\/maismagazine.pt\/#organization","name":"Mais Magazine","url":"http:\/\/maismagazine.pt\/","logo":{"@type":"ImageObject","inLanguage":"pt-PT","@id":"http:\/\/maismagazine.pt\/#\/schema\/logo\/image\/","url":"https:\/\/maismagazine.pt\/wp-content\/uploads\/2020\/04\/cropped-cropped-mais-magazine-site-logo-2.png","contentUrl":"https:\/\/maismagazine.pt\/wp-content\/uploads\/2020\/04\/cropped-cropped-mais-magazine-site-logo-2.png","width":581,"height":90,"caption":"Mais Magazine"},"image":{"@id":"http:\/\/maismagazine.pt\/#\/schema\/logo\/image\/"}},{"@type":"Person","@id":"http:\/\/maismagazine.pt\/#\/schema\/person\/c6c5bfccc886434cbd11c74e035f9646","name":"Tiago Costa","image":{"@type":"ImageObject","inLanguage":"pt-PT","@id":"http:\/\/maismagazine.pt\/#\/schema\/person\/image\/","url":"https:\/\/secure.gravatar.com\/avatar\/c599b2bce16c9870429198cbad5ee022?s=96&d=mm&r=g","contentUrl":"https:\/\/secure.gravatar.com\/avatar\/c599b2bce16c9870429198cbad5ee022?s=96&d=mm&r=g","caption":"Tiago Costa"},"url":"https:\/\/maismagazine.pt\/index.php\/author\/tiago\/"}]}},"author_meta":{"display_name":false,"author_link":"https:\/\/maismagazine.pt\/index.php\/author\/tiago\/"},"featured_img":"https:\/\/maismagazine.pt\/wp-content\/uploads\/2024\/04\/3f3cb4_c0138560934d455dbb5322dea8a183demv2-300x200.jpg","coauthors":[],"tax_additional":{"categories":{"linked":["<a href=\"https:\/\/maismagazine.pt\/index.php\/category\/noticias\/\" class=\"advgb-post-tax-term\">Not\u00edcias<\/a>"],"unlinked":["<span class=\"advgb-post-tax-term\">Not\u00edcias<\/span>"]},"tags":{"linked":["<a href=\"https:\/\/maismagazine.pt\/index.php\/category\/noticias\/\" class=\"advgb-post-tax-term\">enoturismo<\/a>"],"unlinked":["<span class=\"advgb-post-tax-term\">enoturismo<\/span>"]}},"comment_count":"0","relative_dates":{"created":"Posted 2 anos ago","modified":"Updated 2 anos ago"},"absolute_dates":{"created":"Posted on 18 de Abril, 2024","modified":"Updated on 18 de Abril, 2024"},"absolute_dates_time":{"created":"Posted on 18 de Abril, 2024 9:12","modified":"Updated on 18 de Abril, 2024 9:12"},"featured_img_caption":"","series_order":"","_links":{"self":[{"href":"https:\/\/maismagazine.pt\/index.php\/wp-json\/wp\/v2\/posts\/9383","targetHints":{"allow":["GET"]}}],"collection":[{"href":"https:\/\/maismagazine.pt\/index.php\/wp-json\/wp\/v2\/posts"}],"about":[{"href":"https:\/\/maismagazine.pt\/index.php\/wp-json\/wp\/v2\/types\/post"}],"author":[{"embeddable":true,"href":"https:\/\/maismagazine.pt\/index.php\/wp-json\/wp\/v2\/users\/17"}],"replies":[{"embeddable":true,"href":"https:\/\/maismagazine.pt\/index.php\/wp-json\/wp\/v2\/comments?post=9383"}],"version-history":[{"count":1,"href":"https:\/\/maismagazine.pt\/index.php\/wp-json\/wp\/v2\/posts\/9383\/revisions"}],"predecessor-version":[{"id":9385,"href":"https:\/\/maismagazine.pt\/index.php\/wp-json\/wp\/v2\/posts\/9383\/revisions\/9385"}],"wp:featuredmedia":[{"embeddable":true,"href":"https:\/\/maismagazine.pt\/index.php\/wp-json\/wp\/v2\/media\/9384"}],"wp:attachment":[{"href":"https:\/\/maismagazine.pt\/index.php\/wp-json\/wp\/v2\/media?parent=9383"}],"wp:term":[{"taxonomy":"category","embeddable":true,"href":"https:\/\/maismagazine.pt\/index.php\/wp-json\/wp\/v2\/categories?post=9383"},{"taxonomy":"post_tag","embeddable":true,"href":"https:\/\/maismagazine.pt\/index.php\/wp-json\/wp\/v2\/tags?post=9383"}],"curies":[{"name":"wp","href":"https:\/\/api.w.org\/{rel}","templated":true}]}}