{"id":9371,"date":"2024-04-17T10:49:28","date_gmt":"2024-04-17T09:49:28","guid":{"rendered":"https:\/\/maismagazine.pt\/?p=9371"},"modified":"2024-04-17T10:49:28","modified_gmt":"2024-04-17T09:49:28","slug":"luis-machado-autarca-de-santa-marta-de-penaguiao-eleito-novo-presidente-da-cim-douro","status":"publish","type":"post","link":"https:\/\/maismagazine.pt\/index.php\/2024\/04\/17\/luis-machado-autarca-de-santa-marta-de-penaguiao-eleito-novo-presidente-da-cim-douro\/","title":{"rendered":"Lu\u00eds Machado, autarca de Santa Marta de Penagui\u00e3o, eleito novo presidente da CIM Douro"},"content":{"rendered":"\n<p><strong>Lu\u00eds Reguengo Machado, presidente da C\u00e2mara de Santa Marta de Penagui\u00e3o, \u00e9 o novo Presidente da Comunidade Intermunicipal do Douro &#8211; CIM Douro. Eleito, hoje, na reuni\u00e3o n\u00ba169, no Centro Interpretativo da Mulher Duriense, em Armamar, entre os autarcas que constituem o organismo. Foram tamb\u00e9m eleitos, como vice-presidentes Jo\u00e3o Gon\u00e7alves, presidente da C\u00e2mara de Carrazeda de Ansi\u00e3es, e Jo\u00e3o Paulo Fonseca, presidente da C\u00e2mara de Armamar.<\/strong><\/p>\n\n\n\n<p><\/p>\n\n\n\n<p>Para al\u00e9m do conselho intermunicipal, que ser\u00e1 liderado pela nova Presid\u00eancia durante o atual ciclo aut\u00e1rquico, s\u00e3o \u00f3rg\u00e3os da comunidade intermunicipal a assembleia intermunicipal, o secretariado executivo intermunicipal e o conselho estrat\u00e9gico para o desenvolvimento intermunicipal. A nova presid\u00eancia assume, ainda, o organismo que tem como \u00e1reas de atua\u00e7\u00e3o o planeamento e a gest\u00e3o da estrat\u00e9gia de desenvolvimento econ\u00f3mico, social e ambiental do territ\u00f3rio da NUTS III Douro; a articula\u00e7\u00e3o dos investimentos municipais de interesse Intermunicipal; a participa\u00e7\u00e3o na gest\u00e3o de programas de apoio; e o planeamento das atua\u00e7\u00f5es de entidades p\u00fablicas, de car\u00e1cter supramunicipal. Esta nova elei\u00e7\u00e3o acontece ap\u00f3s as sa\u00eddas de Carlos Silva Santiago e Nuno Gon\u00e7alves, eleitos deputados nas \u00faltimas elei\u00e7\u00f5es legislativas.\u00a0<\/p>\n\n\n\n<p><\/p>\n\n\n\n<p>Os autarcas presentes, foram unanimes no agradecimento e reconhecimento do trabalho desenvolvido pelos agora deputados \u00e0 Assembleia da Rep\u00fablica Carlos Silva Santiago e Nuno Gon\u00e7alves, formulando votos de muito sucesso no desempenho da fun\u00e7\u00e3o para que foram eleitos.<\/p>\n\n\n\n<p><\/p>\n\n\n\n<p>Nesta reuni\u00e3o, o Eng. Pimenta Machado, Vice-presidente da Ag\u00eancia Portuguesa do Ambiente (APA) apresentou o Plano de a\u00e7\u00e3o regional &#8211; Ciclo Urbano da \u00e1gua e Recursos H\u00eddricos e, ainda, o PENSAAEP 2030.<\/p>\n\n\n\n<p><\/p>\n\n\n\n<p>Foi tamb\u00e9m assunto desta reuni\u00e3o &#8211; na sequ\u00eancia da submiss\u00e3o no dia 31 de janeiro de 2024, por parte da CIMDOURO, da proposta de Plano de A\u00e7\u00e3o ITI CIM\/AM, no \u00e2mbito do Aviso NORTE2030-ITI_CIM_AM-2024-10, a Comiss\u00e3o Diretiva do NORTE2030 &#8211; a proposta de decis\u00e3o da Autoridade de Gest\u00e3o, aprovada por delibera\u00e7\u00e3o da Comiss\u00e3o Diretiva do NORTE2030 em 11\/04\/2024.<\/p>\n\n\n\n<p><\/p>\n\n\n\n<p>Relativamente \u00e0 Autoridade de Transportes, e decorrente da aprova\u00e7\u00e3o dos Acordos Tripartidos, em reuni\u00e3o anterior do Conselho Intermunicipal da CIMDOURO, foram os mesmos enviados aos munic\u00edpios que delegaram compet\u00eancias na ATI (Autoridade de transportes Intermunicipais) da CIMDOURO para o novo Quadro Comunit\u00e1rio.<\/p>\n","protected":false},"excerpt":{"rendered":"<p>Lu\u00eds Reguengo Machado, presidente da C\u00e2mara de Santa Marta de Penagui\u00e3o, \u00e9 o novo Presidente da Comunidade Intermunicipal do Douro &#8211; CIM Douro. Eleito, hoje, na reuni\u00e3o n\u00ba169, no Centro Interpretativo da Mulher Duriense, em Armamar, entre os autarcas que constituem o organismo. Foram tamb\u00e9m eleitos, como vice-presidentes Jo\u00e3o Gon\u00e7alves,&hellip;<\/p>\n","protected":false},"author":18,"featured_media":9372,"comment_status":"closed","ping_status":"open","sticky":false,"template":"","format":"standard","meta":{"advgb_blocks_editor_width":"","advgb_blocks_columns_visual_guide":"","_monsterinsights_skip_tracking":false,"_monsterinsights_sitenote_active":false,"_monsterinsights_sitenote_note":"","_monsterinsights_sitenote_category":0,"footnotes":""},"categories":[7],"tags":[1945,1944,1694,1553],"class_list":["post-9371","post","type-post","status-publish","format-standard","has-post-thumbnail","hentry","category-noticias","tag-ansiaes","tag-armamar","tag-cim-douro","tag-santa-marta-de-penaguiao"],"yoast_head":"<!-- This site is optimized with the Yoast SEO plugin v24.4 - https:\/\/yoast.com\/wordpress\/plugins\/seo\/ -->\n<title>Lu\u00eds Machado, autarca de Santa Marta de Penagui\u00e3o, eleito novo presidente da CIM Douro - Mais Magazine<\/title>\n<meta name=\"robots\" content=\"index, follow, max-snippet:-1, max-image-preview:large, max-video-preview:-1\" \/>\n<link rel=\"canonical\" href=\"https:\/\/maismagazine.pt\/index.php\/2024\/04\/17\/luis-machado-autarca-de-santa-marta-de-penaguiao-eleito-novo-presidente-da-cim-douro\/\" \/>\n<meta property=\"og:locale\" content=\"pt_PT\" \/>\n<meta property=\"og:type\" content=\"article\" \/>\n<meta property=\"og:title\" content=\"Lu\u00eds Machado, autarca de Santa Marta de Penagui\u00e3o, eleito novo presidente da CIM Douro - Mais Magazine\" \/>\n<meta property=\"og:description\" content=\"Lu\u00eds Reguengo Machado, presidente da C\u00e2mara de Santa Marta de Penagui\u00e3o, \u00e9 o novo Presidente da Comunidade Intermunicipal do Douro &#8211; CIM Douro. Eleito, hoje, na reuni\u00e3o n\u00ba169, no Centro Interpretativo da Mulher Duriense, em Armamar, entre os autarcas que constituem o organismo. Foram tamb\u00e9m eleitos, como vice-presidentes Jo\u00e3o Gon\u00e7alves,&hellip;\" \/>\n<meta property=\"og:url\" content=\"https:\/\/maismagazine.pt\/index.php\/2024\/04\/17\/luis-machado-autarca-de-santa-marta-de-penaguiao-eleito-novo-presidente-da-cim-douro\/\" \/>\n<meta property=\"og:site_name\" content=\"Mais Magazine\" \/>\n<meta property=\"article:published_time\" content=\"2024-04-17T09:49:28+00:00\" \/>\n<meta property=\"og:image\" content=\"https:\/\/maismagazine.pt\/wp-content\/uploads\/2024\/04\/DSC00087.jpg\" \/>\n\t<meta property=\"og:image:width\" content=\"1500\" \/>\n\t<meta property=\"og:image:height\" content=\"1000\" \/>\n\t<meta property=\"og:image:type\" content=\"image\/jpeg\" \/>\n<meta name=\"author\" content=\"Tatiana Martins\" \/>\n<meta name=\"twitter:card\" content=\"summary_large_image\" \/>\n<meta name=\"twitter:label1\" content=\"Escrito por\" \/>\n\t<meta name=\"twitter:data1\" content=\"\" \/>\n\t<meta name=\"twitter:label2\" content=\"Tempo estimado de leitura\" \/>\n\t<meta name=\"twitter:data2\" content=\"2 minutos\" \/>\n<script type=\"application\/ld+json\" class=\"yoast-schema-graph\">{\"@context\":\"https:\/\/schema.org\",\"@graph\":[{\"@type\":\"Article\",\"@id\":\"https:\/\/maismagazine.pt\/index.php\/2024\/04\/17\/luis-machado-autarca-de-santa-marta-de-penaguiao-eleito-novo-presidente-da-cim-douro\/#article\",\"isPartOf\":{\"@id\":\"https:\/\/maismagazine.pt\/index.php\/2024\/04\/17\/luis-machado-autarca-de-santa-marta-de-penaguiao-eleito-novo-presidente-da-cim-douro\/\"},\"author\":{\"name\":\"Tatiana Martins\",\"@id\":\"http:\/\/maismagazine.pt\/#\/schema\/person\/7426e2caeb8df32a1b56aa48dae778c9\"},\"headline\":\"Lu\u00eds Machado, autarca de Santa Marta de Penagui\u00e3o, eleito novo presidente da CIM Douro\",\"datePublished\":\"2024-04-17T09:49:28+00:00\",\"mainEntityOfPage\":{\"@id\":\"https:\/\/maismagazine.pt\/index.php\/2024\/04\/17\/luis-machado-autarca-de-santa-marta-de-penaguiao-eleito-novo-presidente-da-cim-douro\/\"},\"wordCount\":421,\"publisher\":{\"@id\":\"http:\/\/maismagazine.pt\/#organization\"},\"image\":{\"@id\":\"https:\/\/maismagazine.pt\/index.php\/2024\/04\/17\/luis-machado-autarca-de-santa-marta-de-penaguiao-eleito-novo-presidente-da-cim-douro\/#primaryimage\"},\"thumbnailUrl\":\"https:\/\/maismagazine.pt\/wp-content\/uploads\/2024\/04\/DSC00087.jpg\",\"keywords\":[\"Ansi\u00e3es\",\"Armamar\",\"CIM Douro\",\"Santa Marta de Penagui\u00e3o\"],\"articleSection\":[\"Not\u00edcias\"],\"inLanguage\":\"pt-PT\"},{\"@type\":\"WebPage\",\"@id\":\"https:\/\/maismagazine.pt\/index.php\/2024\/04\/17\/luis-machado-autarca-de-santa-marta-de-penaguiao-eleito-novo-presidente-da-cim-douro\/\",\"url\":\"https:\/\/maismagazine.pt\/index.php\/2024\/04\/17\/luis-machado-autarca-de-santa-marta-de-penaguiao-eleito-novo-presidente-da-cim-douro\/\",\"name\":\"Lu\u00eds Machado, autarca de Santa Marta de Penagui\u00e3o, eleito novo presidente da CIM Douro - Mais Magazine\",\"isPartOf\":{\"@id\":\"http:\/\/maismagazine.pt\/#website\"},\"primaryImageOfPage\":{\"@id\":\"https:\/\/maismagazine.pt\/index.php\/2024\/04\/17\/luis-machado-autarca-de-santa-marta-de-penaguiao-eleito-novo-presidente-da-cim-douro\/#primaryimage\"},\"image\":{\"@id\":\"https:\/\/maismagazine.pt\/index.php\/2024\/04\/17\/luis-machado-autarca-de-santa-marta-de-penaguiao-eleito-novo-presidente-da-cim-douro\/#primaryimage\"},\"thumbnailUrl\":\"https:\/\/maismagazine.pt\/wp-content\/uploads\/2024\/04\/DSC00087.jpg\",\"datePublished\":\"2024-04-17T09:49:28+00:00\",\"breadcrumb\":{\"@id\":\"https:\/\/maismagazine.pt\/index.php\/2024\/04\/17\/luis-machado-autarca-de-santa-marta-de-penaguiao-eleito-novo-presidente-da-cim-douro\/#breadcrumb\"},\"inLanguage\":\"pt-PT\",\"potentialAction\":[{\"@type\":\"ReadAction\",\"target\":[\"https:\/\/maismagazine.pt\/index.php\/2024\/04\/17\/luis-machado-autarca-de-santa-marta-de-penaguiao-eleito-novo-presidente-da-cim-douro\/\"]}]},{\"@type\":\"ImageObject\",\"inLanguage\":\"pt-PT\",\"@id\":\"https:\/\/maismagazine.pt\/index.php\/2024\/04\/17\/luis-machado-autarca-de-santa-marta-de-penaguiao-eleito-novo-presidente-da-cim-douro\/#primaryimage\",\"url\":\"https:\/\/maismagazine.pt\/wp-content\/uploads\/2024\/04\/DSC00087.jpg\",\"contentUrl\":\"https:\/\/maismagazine.pt\/wp-content\/uploads\/2024\/04\/DSC00087.jpg\",\"width\":1500,\"height\":1000},{\"@type\":\"BreadcrumbList\",\"@id\":\"https:\/\/maismagazine.pt\/index.php\/2024\/04\/17\/luis-machado-autarca-de-santa-marta-de-penaguiao-eleito-novo-presidente-da-cim-douro\/#breadcrumb\",\"itemListElement\":[{\"@type\":\"ListItem\",\"position\":1,\"name\":\"Home\",\"item\":\"http:\/\/maismagazine.pt\/\"},{\"@type\":\"ListItem\",\"position\":2,\"name\":\"Lu\u00eds Machado, autarca de Santa Marta de Penagui\u00e3o, eleito novo presidente da CIM Douro\"}]},{\"@type\":\"WebSite\",\"@id\":\"http:\/\/maismagazine.pt\/#website\",\"url\":\"http:\/\/maismagazine.pt\/\",\"name\":\"Mais Magazine\",\"description\":\"\",\"publisher\":{\"@id\":\"http:\/\/maismagazine.pt\/#organization\"},\"potentialAction\":[{\"@type\":\"SearchAction\",\"target\":{\"@type\":\"EntryPoint\",\"urlTemplate\":\"http:\/\/maismagazine.pt\/?s={search_term_string}\"},\"query-input\":{\"@type\":\"PropertyValueSpecification\",\"valueRequired\":true,\"valueName\":\"search_term_string\"}}],\"inLanguage\":\"pt-PT\"},{\"@type\":\"Organization\",\"@id\":\"http:\/\/maismagazine.pt\/#organization\",\"name\":\"Mais Magazine\",\"url\":\"http:\/\/maismagazine.pt\/\",\"logo\":{\"@type\":\"ImageObject\",\"inLanguage\":\"pt-PT\",\"@id\":\"http:\/\/maismagazine.pt\/#\/schema\/logo\/image\/\",\"url\":\"https:\/\/maismagazine.pt\/wp-content\/uploads\/2020\/04\/cropped-cropped-mais-magazine-site-logo-2.png\",\"contentUrl\":\"https:\/\/maismagazine.pt\/wp-content\/uploads\/2020\/04\/cropped-cropped-mais-magazine-site-logo-2.png\",\"width\":581,\"height\":90,\"caption\":\"Mais Magazine\"},\"image\":{\"@id\":\"http:\/\/maismagazine.pt\/#\/schema\/logo\/image\/\"}},{\"@type\":\"Person\",\"@id\":\"http:\/\/maismagazine.pt\/#\/schema\/person\/7426e2caeb8df32a1b56aa48dae778c9\",\"name\":\"Tatiana Martins\",\"image\":{\"@type\":\"ImageObject\",\"inLanguage\":\"pt-PT\",\"@id\":\"http:\/\/maismagazine.pt\/#\/schema\/person\/image\/\",\"url\":\"https:\/\/secure.gravatar.com\/avatar\/4b24a57f5d0425f2eb20981c4b53244e?s=96&d=mm&r=g\",\"contentUrl\":\"https:\/\/secure.gravatar.com\/avatar\/4b24a57f5d0425f2eb20981c4b53244e?s=96&d=mm&r=g\",\"caption\":\"Tatiana Martins\"},\"url\":\"https:\/\/maismagazine.pt\/index.php\/author\/tatiana\/\"}]}<\/script>\n<!-- \/ Yoast SEO plugin. -->","yoast_head_json":{"title":"Lu\u00eds Machado, autarca de Santa Marta de Penagui\u00e3o, eleito novo presidente da CIM Douro - Mais Magazine","robots":{"index":"index","follow":"follow","max-snippet":"max-snippet:-1","max-image-preview":"max-image-preview:large","max-video-preview":"max-video-preview:-1"},"canonical":"https:\/\/maismagazine.pt\/index.php\/2024\/04\/17\/luis-machado-autarca-de-santa-marta-de-penaguiao-eleito-novo-presidente-da-cim-douro\/","og_locale":"pt_PT","og_type":"article","og_title":"Lu\u00eds Machado, autarca de Santa Marta de Penagui\u00e3o, eleito novo presidente da CIM Douro - Mais Magazine","og_description":"Lu\u00eds Reguengo Machado, presidente da C\u00e2mara de Santa Marta de Penagui\u00e3o, \u00e9 o novo Presidente da Comunidade Intermunicipal do Douro &#8211; CIM Douro. Eleito, hoje, na reuni\u00e3o n\u00ba169, no Centro Interpretativo da Mulher Duriense, em Armamar, entre os autarcas que constituem o organismo. Foram tamb\u00e9m eleitos, como vice-presidentes Jo\u00e3o Gon\u00e7alves,&hellip;","og_url":"https:\/\/maismagazine.pt\/index.php\/2024\/04\/17\/luis-machado-autarca-de-santa-marta-de-penaguiao-eleito-novo-presidente-da-cim-douro\/","og_site_name":"Mais Magazine","article_published_time":"2024-04-17T09:49:28+00:00","og_image":[{"width":1500,"height":1000,"url":"https:\/\/maismagazine.pt\/wp-content\/uploads\/2024\/04\/DSC00087.jpg","type":"image\/jpeg"}],"author":"Tatiana Martins","twitter_card":"summary_large_image","twitter_misc":{"Escrito por":false,"Tempo estimado de leitura":"2 minutos"},"schema":{"@context":"https:\/\/schema.org","@graph":[{"@type":"Article","@id":"https:\/\/maismagazine.pt\/index.php\/2024\/04\/17\/luis-machado-autarca-de-santa-marta-de-penaguiao-eleito-novo-presidente-da-cim-douro\/#article","isPartOf":{"@id":"https:\/\/maismagazine.pt\/index.php\/2024\/04\/17\/luis-machado-autarca-de-santa-marta-de-penaguiao-eleito-novo-presidente-da-cim-douro\/"},"author":{"name":"Tatiana Martins","@id":"http:\/\/maismagazine.pt\/#\/schema\/person\/7426e2caeb8df32a1b56aa48dae778c9"},"headline":"Lu\u00eds Machado, autarca de Santa Marta de Penagui\u00e3o, eleito novo presidente da CIM Douro","datePublished":"2024-04-17T09:49:28+00:00","mainEntityOfPage":{"@id":"https:\/\/maismagazine.pt\/index.php\/2024\/04\/17\/luis-machado-autarca-de-santa-marta-de-penaguiao-eleito-novo-presidente-da-cim-douro\/"},"wordCount":421,"publisher":{"@id":"http:\/\/maismagazine.pt\/#organization"},"image":{"@id":"https:\/\/maismagazine.pt\/index.php\/2024\/04\/17\/luis-machado-autarca-de-santa-marta-de-penaguiao-eleito-novo-presidente-da-cim-douro\/#primaryimage"},"thumbnailUrl":"https:\/\/maismagazine.pt\/wp-content\/uploads\/2024\/04\/DSC00087.jpg","keywords":["Ansi\u00e3es","Armamar","CIM Douro","Santa Marta de Penagui\u00e3o"],"articleSection":["Not\u00edcias"],"inLanguage":"pt-PT"},{"@type":"WebPage","@id":"https:\/\/maismagazine.pt\/index.php\/2024\/04\/17\/luis-machado-autarca-de-santa-marta-de-penaguiao-eleito-novo-presidente-da-cim-douro\/","url":"https:\/\/maismagazine.pt\/index.php\/2024\/04\/17\/luis-machado-autarca-de-santa-marta-de-penaguiao-eleito-novo-presidente-da-cim-douro\/","name":"Lu\u00eds Machado, autarca de Santa Marta de Penagui\u00e3o, eleito novo presidente da CIM Douro - Mais Magazine","isPartOf":{"@id":"http:\/\/maismagazine.pt\/#website"},"primaryImageOfPage":{"@id":"https:\/\/maismagazine.pt\/index.php\/2024\/04\/17\/luis-machado-autarca-de-santa-marta-de-penaguiao-eleito-novo-presidente-da-cim-douro\/#primaryimage"},"image":{"@id":"https:\/\/maismagazine.pt\/index.php\/2024\/04\/17\/luis-machado-autarca-de-santa-marta-de-penaguiao-eleito-novo-presidente-da-cim-douro\/#primaryimage"},"thumbnailUrl":"https:\/\/maismagazine.pt\/wp-content\/uploads\/2024\/04\/DSC00087.jpg","datePublished":"2024-04-17T09:49:28+00:00","breadcrumb":{"@id":"https:\/\/maismagazine.pt\/index.php\/2024\/04\/17\/luis-machado-autarca-de-santa-marta-de-penaguiao-eleito-novo-presidente-da-cim-douro\/#breadcrumb"},"inLanguage":"pt-PT","potentialAction":[{"@type":"ReadAction","target":["https:\/\/maismagazine.pt\/index.php\/2024\/04\/17\/luis-machado-autarca-de-santa-marta-de-penaguiao-eleito-novo-presidente-da-cim-douro\/"]}]},{"@type":"ImageObject","inLanguage":"pt-PT","@id":"https:\/\/maismagazine.pt\/index.php\/2024\/04\/17\/luis-machado-autarca-de-santa-marta-de-penaguiao-eleito-novo-presidente-da-cim-douro\/#primaryimage","url":"https:\/\/maismagazine.pt\/wp-content\/uploads\/2024\/04\/DSC00087.jpg","contentUrl":"https:\/\/maismagazine.pt\/wp-content\/uploads\/2024\/04\/DSC00087.jpg","width":1500,"height":1000},{"@type":"BreadcrumbList","@id":"https:\/\/maismagazine.pt\/index.php\/2024\/04\/17\/luis-machado-autarca-de-santa-marta-de-penaguiao-eleito-novo-presidente-da-cim-douro\/#breadcrumb","itemListElement":[{"@type":"ListItem","position":1,"name":"Home","item":"http:\/\/maismagazine.pt\/"},{"@type":"ListItem","position":2,"name":"Lu\u00eds Machado, autarca de Santa Marta de Penagui\u00e3o, eleito novo presidente da CIM Douro"}]},{"@type":"WebSite","@id":"http:\/\/maismagazine.pt\/#website","url":"http:\/\/maismagazine.pt\/","name":"Mais Magazine","description":"","publisher":{"@id":"http:\/\/maismagazine.pt\/#organization"},"potentialAction":[{"@type":"SearchAction","target":{"@type":"EntryPoint","urlTemplate":"http:\/\/maismagazine.pt\/?s={search_term_string}"},"query-input":{"@type":"PropertyValueSpecification","valueRequired":true,"valueName":"search_term_string"}}],"inLanguage":"pt-PT"},{"@type":"Organization","@id":"http:\/\/maismagazine.pt\/#organization","name":"Mais Magazine","url":"http:\/\/maismagazine.pt\/","logo":{"@type":"ImageObject","inLanguage":"pt-PT","@id":"http:\/\/maismagazine.pt\/#\/schema\/logo\/image\/","url":"https:\/\/maismagazine.pt\/wp-content\/uploads\/2020\/04\/cropped-cropped-mais-magazine-site-logo-2.png","contentUrl":"https:\/\/maismagazine.pt\/wp-content\/uploads\/2020\/04\/cropped-cropped-mais-magazine-site-logo-2.png","width":581,"height":90,"caption":"Mais Magazine"},"image":{"@id":"http:\/\/maismagazine.pt\/#\/schema\/logo\/image\/"}},{"@type":"Person","@id":"http:\/\/maismagazine.pt\/#\/schema\/person\/7426e2caeb8df32a1b56aa48dae778c9","name":"Tatiana Martins","image":{"@type":"ImageObject","inLanguage":"pt-PT","@id":"http:\/\/maismagazine.pt\/#\/schema\/person\/image\/","url":"https:\/\/secure.gravatar.com\/avatar\/4b24a57f5d0425f2eb20981c4b53244e?s=96&d=mm&r=g","contentUrl":"https:\/\/secure.gravatar.com\/avatar\/4b24a57f5d0425f2eb20981c4b53244e?s=96&d=mm&r=g","caption":"Tatiana Martins"},"url":"https:\/\/maismagazine.pt\/index.php\/author\/tatiana\/"}]}},"author_meta":{"display_name":false,"author_link":"https:\/\/maismagazine.pt\/index.php\/author\/tatiana\/"},"featured_img":"https:\/\/maismagazine.pt\/wp-content\/uploads\/2024\/04\/DSC00087-300x200.jpg","coauthors":[],"tax_additional":{"categories":{"linked":["<a href=\"https:\/\/maismagazine.pt\/index.php\/category\/noticias\/\" class=\"advgb-post-tax-term\">Not\u00edcias<\/a>"],"unlinked":["<span class=\"advgb-post-tax-term\">Not\u00edcias<\/span>"]},"tags":{"linked":["<a href=\"https:\/\/maismagazine.pt\/index.php\/category\/noticias\/\" class=\"advgb-post-tax-term\">Ansi\u00e3es<\/a>","<a href=\"https:\/\/maismagazine.pt\/index.php\/category\/noticias\/\" class=\"advgb-post-tax-term\">Armamar<\/a>","<a href=\"https:\/\/maismagazine.pt\/index.php\/category\/noticias\/\" class=\"advgb-post-tax-term\">CIM Douro<\/a>","<a href=\"https:\/\/maismagazine.pt\/index.php\/category\/noticias\/\" class=\"advgb-post-tax-term\">Santa Marta de Penagui\u00e3o<\/a>"],"unlinked":["<span class=\"advgb-post-tax-term\">Ansi\u00e3es<\/span>","<span class=\"advgb-post-tax-term\">Armamar<\/span>","<span class=\"advgb-post-tax-term\">CIM Douro<\/span>","<span class=\"advgb-post-tax-term\">Santa Marta de Penagui\u00e3o<\/span>"]}},"comment_count":"0","relative_dates":{"created":"Posted 2 anos ago","modified":"Updated 2 anos ago"},"absolute_dates":{"created":"Posted on 17 de Abril, 2024","modified":"Updated on 17 de Abril, 2024"},"absolute_dates_time":{"created":"Posted on 17 de Abril, 2024 10:49","modified":"Updated on 17 de Abril, 2024 10:49"},"featured_img_caption":"","series_order":"","_links":{"self":[{"href":"https:\/\/maismagazine.pt\/index.php\/wp-json\/wp\/v2\/posts\/9371","targetHints":{"allow":["GET"]}}],"collection":[{"href":"https:\/\/maismagazine.pt\/index.php\/wp-json\/wp\/v2\/posts"}],"about":[{"href":"https:\/\/maismagazine.pt\/index.php\/wp-json\/wp\/v2\/types\/post"}],"author":[{"embeddable":true,"href":"https:\/\/maismagazine.pt\/index.php\/wp-json\/wp\/v2\/users\/18"}],"replies":[{"embeddable":true,"href":"https:\/\/maismagazine.pt\/index.php\/wp-json\/wp\/v2\/comments?post=9371"}],"version-history":[{"count":1,"href":"https:\/\/maismagazine.pt\/index.php\/wp-json\/wp\/v2\/posts\/9371\/revisions"}],"predecessor-version":[{"id":9373,"href":"https:\/\/maismagazine.pt\/index.php\/wp-json\/wp\/v2\/posts\/9371\/revisions\/9373"}],"wp:featuredmedia":[{"embeddable":true,"href":"https:\/\/maismagazine.pt\/index.php\/wp-json\/wp\/v2\/media\/9372"}],"wp:attachment":[{"href":"https:\/\/maismagazine.pt\/index.php\/wp-json\/wp\/v2\/media?parent=9371"}],"wp:term":[{"taxonomy":"category","embeddable":true,"href":"https:\/\/maismagazine.pt\/index.php\/wp-json\/wp\/v2\/categories?post=9371"},{"taxonomy":"post_tag","embeddable":true,"href":"https:\/\/maismagazine.pt\/index.php\/wp-json\/wp\/v2\/tags?post=9371"}],"curies":[{"name":"wp","href":"https:\/\/api.w.org\/{rel}","templated":true}]}}