{"id":9219,"date":"2024-03-29T07:00:00","date_gmt":"2024-03-29T07:00:00","guid":{"rendered":"https:\/\/maismagazine.pt\/?p=9219"},"modified":"2024-03-25T15:35:33","modified_gmt":"2024-03-25T15:35:33","slug":"uma-visao-com-identidade","status":"publish","type":"post","link":"https:\/\/maismagazine.pt\/index.php\/2024\/03\/29\/uma-visao-com-identidade\/","title":{"rendered":"Uma vis\u00e3o com identidade"},"content":{"rendered":"\n<p><strong>Em entrevista \u00e0 Mais Magazine, Carlos Pinto de S\u00e1, Presidente da Comunidade Intermunicipal do Alentejo Central, abordou o trabalho desenvolvido por esta entidade, com destaque para os projetos levados a cabo no setor da \u00e1gua. <\/strong><\/p>\n\n\n\n<p><\/p>\n\n\n\n<p><strong>Quais os objetivos e valores que levaram \u00e0 funda\u00e7\u00e3o da Comunidade Intermunicipal do Alentejo Central (CIMAC) e que norteiam a sua a\u00e7\u00e3o nos dias de hoje? <\/strong><\/p>\n\n\n\n<p>A <a href=\"http:\/\/www.cimac.pt\">CIMAC<\/a>, composta pelos munic\u00edpios de Alandroal, Arraiolos, Borba, Estremoz, \u00c9vora, Montemor-o-Novo, Mora, Mour\u00e3o, Portel, Redondo, Reguengos de Monsaraz, Vendas Novas, Viana do Alentejo e Vila Vi\u00e7osa tem como principal objetivo a realiza\u00e7\u00e3o de interesses comuns aos munic\u00edpios que a integram, atrav\u00e9s da concretiza\u00e7\u00e3o de projetos intermunicipais, nas suas diversas \u00e1reas de atua\u00e7\u00e3o. <\/p>\n\n\n\n<p><\/p>\n\n\n\n<p><strong>A Comunidade Intermunicipal do Alentejo Central tem um papel vital no setor da \u00e1gua, executando uma s\u00e9rie de projetos de elevada import\u00e2ncia. Fale-nos sobre o papel destes projetos, no que consistem e na sua import\u00e2ncia para comunidade.<\/strong> <\/p>\n\n\n\n<p>A CIMAC tem desenvolvido projetos intermunicipais no setor do ciclo urbano da \u00e1gua atrav\u00e9s da identifica\u00e7\u00e3o das necessidades e interesses comuns dos munic\u00edpios associados. O projeto SIGRedes permitiu o levantamento do cadastro de infraestruturas de abastecimento e saneamento de \u00e1gua e cria\u00e7\u00e3o de uma plataforma digital para a sua gest\u00e3o e atualiza\u00e7\u00e3o, tendo sido o ponto de partida para o projeto-piloto de controlo de perdas de \u00e1gua no Alentejo Central, focado na efici\u00eancia dos sistemas de abastecimento e que permitiu a cria\u00e7\u00e3o de Zonas de Monitoriza\u00e7\u00e3o e Controlo e capacita\u00e7\u00e3o dos t\u00e9cnicos municipais para o controlo ativo de perdas de \u00e1gua possibilitado pelos balan\u00e7os h\u00eddricos e pela forma\u00e7\u00e3o em t\u00e9cnicas e equipamentos de dete\u00e7\u00e3o de roturas. Recentemente desenvolvemos, em conjunto com os munic\u00edpios, os Planos Municipais e o Plano Intermunicipal de Adapta\u00e7\u00e3o \u00e0s Altera\u00e7\u00f5es Clim\u00e1ticas que cont\u00eam importantes medidas para o ciclo urbano da \u00e1gua perante a amea\u00e7a das altera\u00e7\u00f5es clim\u00e1ticas. <\/p>\n\n\n\n<p><\/p>\n\n\n\n<p><strong>Recentemente, a CIMAC desenvolveu para os munic\u00edpios que a integram Planos de Seguran\u00e7a da \u00c1gua. Qual o impacto que estes programas ter\u00e3o para os munic\u00edpios?<\/strong> <\/p>\n\n\n\n<p>A elabora\u00e7\u00e3o dos Planos de Seguran\u00e7a da \u00c1gua para os munic\u00edpios do Alentejo Central permitiu a cria\u00e7\u00e3o de uma ferramenta essencial para a gest\u00e3o do risco associado aos sistemas p\u00fablicos de distribui\u00e7\u00e3o de \u00e1gua com o objetivo de assegurar o abastecimento seguro para consumo humano. Isto permitiu a an\u00e1lise sistem\u00e1tica dos perigos para a sa\u00fade p\u00fablica existentes num determinado sistema e a cria\u00e7\u00e3o de processos de gest\u00e3o integrada necess\u00e1rios ao seu efetivo controlo. Neste projeto a preocupa\u00e7\u00e3o n\u00e3o foi apenas a cria\u00e7\u00e3o dos produtos finais, mas tamb\u00e9m integrar uma componente de forma\u00e7\u00e3o dos t\u00e9cnicos municipais, permitindo criar o conhecimento e autonomia para a continua\u00e7\u00e3o do trabalho. <\/p>\n\n\n\n<p><\/p>\n\n\n\n<p><strong>A escassez de \u00e1gua \u00e9 uma problem\u00e1tica que afeta todo o territ\u00f3rio nacional, nomeadamente as zonas do interior e sul de Portugal. Qual a situa\u00e7\u00e3o h\u00eddrica do Alentejo Central e qual a import\u00e2ncia que a Barragem do Alqueva pode representar no abastecimento de \u00e1gua das popula\u00e7\u00f5es envolventes?<\/strong> <\/p>\n\n\n\n<p>A situa\u00e7\u00e3o de seca e escassez h\u00eddrica tem vindo a agravar-se nos \u00faltimos anos devido aos efeitos das altera\u00e7\u00f5es clim\u00e1ticas, traduzindo-se na diminui\u00e7\u00e3o da precipita\u00e7\u00e3o e maior irregularidade da sua distribui\u00e7\u00e3o ao longo dos meses, ocorrendo de forma mais concentrada, prejudicando a economia, infraestruturas, popula\u00e7\u00e3o e ecossistemas. A barragem do Alqueva, uma importante reserva de \u00e1gua na regi\u00e3o, permite o refor\u00e7o do abastecimento de \u00e1gua para consumo p\u00fablico atrav\u00e9s da liga\u00e7\u00e3o de condutas de adu\u00e7\u00e3o a barragens de abastecimento p\u00fablico de \u00e1gua. <\/p>\n\n\n\n<p><\/p>\n\n\n\n<p><strong>De que forma CIMAC tem um papel ativo junto da popula\u00e7\u00e3o com vista \u00e0 dinamiza\u00e7\u00e3o de atividade de sensibiliza\u00e7\u00e3o para a import\u00e2ncia da \u00e1gua e da sua preserva\u00e7\u00e3o face aos desafios que o setor atualmente apresenta?<\/strong> <\/p>\n\n\n\n<p>A CIMAC participa em f\u00f3runs locais e regionais dedicados aos temas do ambiente e \u00e1gua, incluindo a\u00e7\u00f5es de sensibiliza\u00e7\u00e3o junto da popula\u00e7\u00e3o. Durante a elabora\u00e7\u00e3o dos Planos Municipais de Adapta\u00e7\u00e3o \u00e0s Altera\u00e7\u00f5es Clim\u00e1ticas, foram realizados os Conselhos Locais de Adapta\u00e7\u00e3o em cada munic\u00edpio, em que os atores, popula\u00e7\u00e3o e entidades-chave foram convidados a participar de forma ativa, contribuindo para a co-constru\u00e7\u00e3o dos Planos. Foram ainda realizados os Conselhos Locais de Adapta\u00e7\u00e3o Juniores dedicados \u00e0 comunidade escolar, com a participa\u00e7\u00e3o de 1120 alunos e professores, onde os recursos h\u00eddricos foram um tema em destaque. <\/p>\n\n\n<div class=\"wp-block-image\">\n<figure class=\"aligncenter size-full is-resized\"><img loading=\"lazy\" decoding=\"async\" width=\"366\" height=\"321\" src=\"https:\/\/maismagazine.pt\/wp-content\/uploads\/2024\/03\/logoCIMAC-cores-vertical.jpg\" alt=\"\" class=\"wp-image-9227\" style=\"aspect-ratio:1.1401869158878504;width:266px;height:auto\" srcset=\"https:\/\/maismagazine.pt\/wp-content\/uploads\/2024\/03\/logoCIMAC-cores-vertical.jpg 366w, https:\/\/maismagazine.pt\/wp-content\/uploads\/2024\/03\/logoCIMAC-cores-vertical-300x263.jpg 300w\" sizes=\"auto, (max-width: 366px) 100vw, 366px\" \/><\/figure><\/div>","protected":false},"excerpt":{"rendered":"<p>Em entrevista \u00e0 Mais Magazine, Carlos Pinto de S\u00e1, Presidente da Comunidade Intermunicipal do Alentejo Central, abordou o trabalho desenvolvido por esta entidade, com destaque para os projetos levados a cabo no setor da \u00e1gua. Quais os objetivos e valores que levaram \u00e0 funda\u00e7\u00e3o da Comunidade Intermunicipal do Alentejo Central&hellip;<\/p>\n","protected":false},"author":17,"featured_media":9230,"comment_status":"closed","ping_status":"open","sticky":false,"template":"","format":"standard","meta":{"advgb_blocks_editor_width":"","advgb_blocks_columns_visual_guide":"","_monsterinsights_skip_tracking":false,"_monsterinsights_sitenote_active":false,"_monsterinsights_sitenote_note":"","_monsterinsights_sitenote_category":0,"footnotes":""},"categories":[79],"tags":[1913],"class_list":["post-9219","post","type-post","status-publish","format-standard","has-post-thumbnail","hentry","category-tecnologia-e-inovacao","tag-cimac"],"yoast_head":"<!-- This site is optimized with the Yoast SEO plugin v24.4 - https:\/\/yoast.com\/wordpress\/plugins\/seo\/ -->\n<title>Uma vis\u00e3o com identidade - Mais Magazine<\/title>\n<meta name=\"description\" content=\"Em entrevista \u00e0 Mais Magazine, Carlos Pinto de S\u00e1, Presidente da Comunidade Intermunicipal do Alentejo Central, abordou o trabalho desenvolvido por esta entidade, com destaque para os projetos levados a cabo no setor da \u00e1gua.\" \/>\n<meta name=\"robots\" content=\"index, follow, max-snippet:-1, max-image-preview:large, max-video-preview:-1\" \/>\n<link rel=\"canonical\" href=\"https:\/\/maismagazine.pt\/index.php\/2024\/03\/29\/uma-visao-com-identidade\/\" \/>\n<meta property=\"og:locale\" content=\"pt_PT\" \/>\n<meta property=\"og:type\" content=\"article\" \/>\n<meta property=\"og:title\" content=\"Uma vis\u00e3o com identidade - Mais Magazine\" \/>\n<meta property=\"og:description\" content=\"Em entrevista \u00e0 Mais Magazine, Carlos Pinto de S\u00e1, Presidente da Comunidade Intermunicipal do Alentejo Central, abordou o trabalho desenvolvido por esta entidade, com destaque para os projetos levados a cabo no setor da \u00e1gua.\" \/>\n<meta property=\"og:url\" content=\"https:\/\/maismagazine.pt\/index.php\/2024\/03\/29\/uma-visao-com-identidade\/\" \/>\n<meta property=\"og:site_name\" content=\"Mais Magazine\" \/>\n<meta property=\"article:published_time\" content=\"2024-03-29T07:00:00+00:00\" \/>\n<meta property=\"og:image\" content=\"https:\/\/maismagazine.pt\/wp-content\/uploads\/2024\/03\/Formacao-pratica-em-detecao-de-roturas-\u2013-Projeto-Controlo-de-Perdas-de-Agua-no-Alentejo-Central.jpg\" \/>\n\t<meta property=\"og:image:width\" content=\"841\" \/>\n\t<meta property=\"og:image:height\" content=\"473\" \/>\n\t<meta property=\"og:image:type\" content=\"image\/jpeg\" \/>\n<meta name=\"author\" content=\"Tiago Costa\" \/>\n<meta name=\"twitter:card\" content=\"summary_large_image\" \/>\n<meta name=\"twitter:label1\" content=\"Escrito por\" \/>\n\t<meta name=\"twitter:data1\" content=\"\" \/>\n\t<meta name=\"twitter:label2\" content=\"Tempo estimado de leitura\" \/>\n\t<meta name=\"twitter:data2\" content=\"5 minutos\" \/>\n<script type=\"application\/ld+json\" class=\"yoast-schema-graph\">{\"@context\":\"https:\/\/schema.org\",\"@graph\":[{\"@type\":\"Article\",\"@id\":\"https:\/\/maismagazine.pt\/index.php\/2024\/03\/29\/uma-visao-com-identidade\/#article\",\"isPartOf\":{\"@id\":\"https:\/\/maismagazine.pt\/index.php\/2024\/03\/29\/uma-visao-com-identidade\/\"},\"author\":{\"name\":\"Tiago Costa\",\"@id\":\"https:\/\/maismagazine.pt\/#\/schema\/person\/c6c5bfccc886434cbd11c74e035f9646\"},\"headline\":\"Uma vis\u00e3o com identidade\",\"datePublished\":\"2024-03-29T07:00:00+00:00\",\"mainEntityOfPage\":{\"@id\":\"https:\/\/maismagazine.pt\/index.php\/2024\/03\/29\/uma-visao-com-identidade\/\"},\"wordCount\":793,\"publisher\":{\"@id\":\"https:\/\/maismagazine.pt\/#organization\"},\"image\":{\"@id\":\"https:\/\/maismagazine.pt\/index.php\/2024\/03\/29\/uma-visao-com-identidade\/#primaryimage\"},\"thumbnailUrl\":\"https:\/\/maismagazine.pt\/wp-content\/uploads\/2024\/03\/Formacao-pratica-em-detecao-de-roturas-\u2013-Projeto-Controlo-de-Perdas-de-Agua-no-Alentejo-Central.jpg\",\"keywords\":[\"CIMAC\"],\"articleSection\":[\"Tecnologia e Inova\u00e7\u00e3o\"],\"inLanguage\":\"pt-PT\"},{\"@type\":\"WebPage\",\"@id\":\"https:\/\/maismagazine.pt\/index.php\/2024\/03\/29\/uma-visao-com-identidade\/\",\"url\":\"https:\/\/maismagazine.pt\/index.php\/2024\/03\/29\/uma-visao-com-identidade\/\",\"name\":\"Uma vis\u00e3o com identidade - Mais Magazine\",\"isPartOf\":{\"@id\":\"https:\/\/maismagazine.pt\/#website\"},\"primaryImageOfPage\":{\"@id\":\"https:\/\/maismagazine.pt\/index.php\/2024\/03\/29\/uma-visao-com-identidade\/#primaryimage\"},\"image\":{\"@id\":\"https:\/\/maismagazine.pt\/index.php\/2024\/03\/29\/uma-visao-com-identidade\/#primaryimage\"},\"thumbnailUrl\":\"https:\/\/maismagazine.pt\/wp-content\/uploads\/2024\/03\/Formacao-pratica-em-detecao-de-roturas-\u2013-Projeto-Controlo-de-Perdas-de-Agua-no-Alentejo-Central.jpg\",\"datePublished\":\"2024-03-29T07:00:00+00:00\",\"description\":\"Em entrevista \u00e0 Mais Magazine, Carlos Pinto de S\u00e1, Presidente da Comunidade Intermunicipal do Alentejo Central, abordou o trabalho desenvolvido por esta entidade, com destaque para os projetos levados a cabo no setor da \u00e1gua.\",\"breadcrumb\":{\"@id\":\"https:\/\/maismagazine.pt\/index.php\/2024\/03\/29\/uma-visao-com-identidade\/#breadcrumb\"},\"inLanguage\":\"pt-PT\",\"potentialAction\":[{\"@type\":\"ReadAction\",\"target\":[\"https:\/\/maismagazine.pt\/index.php\/2024\/03\/29\/uma-visao-com-identidade\/\"]}]},{\"@type\":\"ImageObject\",\"inLanguage\":\"pt-PT\",\"@id\":\"https:\/\/maismagazine.pt\/index.php\/2024\/03\/29\/uma-visao-com-identidade\/#primaryimage\",\"url\":\"https:\/\/maismagazine.pt\/wp-content\/uploads\/2024\/03\/Formacao-pratica-em-detecao-de-roturas-\u2013-Projeto-Controlo-de-Perdas-de-Agua-no-Alentejo-Central.jpg\",\"contentUrl\":\"https:\/\/maismagazine.pt\/wp-content\/uploads\/2024\/03\/Formacao-pratica-em-detecao-de-roturas-\u2013-Projeto-Controlo-de-Perdas-de-Agua-no-Alentejo-Central.jpg\",\"width\":841,\"height\":473},{\"@type\":\"BreadcrumbList\",\"@id\":\"https:\/\/maismagazine.pt\/index.php\/2024\/03\/29\/uma-visao-com-identidade\/#breadcrumb\",\"itemListElement\":[{\"@type\":\"ListItem\",\"position\":1,\"name\":\"Home\",\"item\":\"https:\/\/maismagazine.pt\/\"},{\"@type\":\"ListItem\",\"position\":2,\"name\":\"Uma vis\u00e3o com identidade\"}]},{\"@type\":\"WebSite\",\"@id\":\"https:\/\/maismagazine.pt\/#website\",\"url\":\"https:\/\/maismagazine.pt\/\",\"name\":\"Mais Magazine\",\"description\":\"\",\"publisher\":{\"@id\":\"https:\/\/maismagazine.pt\/#organization\"},\"potentialAction\":[{\"@type\":\"SearchAction\",\"target\":{\"@type\":\"EntryPoint\",\"urlTemplate\":\"https:\/\/maismagazine.pt\/?s={search_term_string}\"},\"query-input\":{\"@type\":\"PropertyValueSpecification\",\"valueRequired\":true,\"valueName\":\"search_term_string\"}}],\"inLanguage\":\"pt-PT\"},{\"@type\":\"Organization\",\"@id\":\"https:\/\/maismagazine.pt\/#organization\",\"name\":\"Mais Magazine\",\"url\":\"https:\/\/maismagazine.pt\/\",\"logo\":{\"@type\":\"ImageObject\",\"inLanguage\":\"pt-PT\",\"@id\":\"https:\/\/maismagazine.pt\/#\/schema\/logo\/image\/\",\"url\":\"https:\/\/maismagazine.pt\/wp-content\/uploads\/2020\/04\/cropped-cropped-mais-magazine-site-logo-2.png\",\"contentUrl\":\"https:\/\/maismagazine.pt\/wp-content\/uploads\/2020\/04\/cropped-cropped-mais-magazine-site-logo-2.png\",\"width\":581,\"height\":90,\"caption\":\"Mais Magazine\"},\"image\":{\"@id\":\"https:\/\/maismagazine.pt\/#\/schema\/logo\/image\/\"}},{\"@type\":\"Person\",\"@id\":\"https:\/\/maismagazine.pt\/#\/schema\/person\/c6c5bfccc886434cbd11c74e035f9646\",\"name\":\"Tiago Costa\",\"image\":{\"@type\":\"ImageObject\",\"inLanguage\":\"pt-PT\",\"@id\":\"https:\/\/maismagazine.pt\/#\/schema\/person\/image\/\",\"url\":\"https:\/\/secure.gravatar.com\/avatar\/c599b2bce16c9870429198cbad5ee022?s=96&d=mm&r=g\",\"contentUrl\":\"https:\/\/secure.gravatar.com\/avatar\/c599b2bce16c9870429198cbad5ee022?s=96&d=mm&r=g\",\"caption\":\"Tiago Costa\"},\"url\":\"https:\/\/maismagazine.pt\/index.php\/author\/tiago\/\"}]}<\/script>\n<!-- \/ Yoast SEO plugin. -->","yoast_head_json":{"title":"Uma vis\u00e3o com identidade - Mais Magazine","description":"Em entrevista \u00e0 Mais Magazine, Carlos Pinto de S\u00e1, Presidente da Comunidade Intermunicipal do Alentejo Central, abordou o trabalho desenvolvido por esta entidade, com destaque para os projetos levados a cabo no setor da \u00e1gua.","robots":{"index":"index","follow":"follow","max-snippet":"max-snippet:-1","max-image-preview":"max-image-preview:large","max-video-preview":"max-video-preview:-1"},"canonical":"https:\/\/maismagazine.pt\/index.php\/2024\/03\/29\/uma-visao-com-identidade\/","og_locale":"pt_PT","og_type":"article","og_title":"Uma vis\u00e3o com identidade - Mais Magazine","og_description":"Em entrevista \u00e0 Mais Magazine, Carlos Pinto de S\u00e1, Presidente da Comunidade Intermunicipal do Alentejo Central, abordou o trabalho desenvolvido por esta entidade, com destaque para os projetos levados a cabo no setor da \u00e1gua.","og_url":"https:\/\/maismagazine.pt\/index.php\/2024\/03\/29\/uma-visao-com-identidade\/","og_site_name":"Mais Magazine","article_published_time":"2024-03-29T07:00:00+00:00","og_image":[{"width":841,"height":473,"url":"https:\/\/maismagazine.pt\/wp-content\/uploads\/2024\/03\/Formacao-pratica-em-detecao-de-roturas-\u2013-Projeto-Controlo-de-Perdas-de-Agua-no-Alentejo-Central.jpg","type":"image\/jpeg"}],"author":"Tiago Costa","twitter_card":"summary_large_image","twitter_misc":{"Escrito por":false,"Tempo estimado de leitura":"5 minutos"},"schema":{"@context":"https:\/\/schema.org","@graph":[{"@type":"Article","@id":"https:\/\/maismagazine.pt\/index.php\/2024\/03\/29\/uma-visao-com-identidade\/#article","isPartOf":{"@id":"https:\/\/maismagazine.pt\/index.php\/2024\/03\/29\/uma-visao-com-identidade\/"},"author":{"name":"Tiago Costa","@id":"https:\/\/maismagazine.pt\/#\/schema\/person\/c6c5bfccc886434cbd11c74e035f9646"},"headline":"Uma vis\u00e3o com identidade","datePublished":"2024-03-29T07:00:00+00:00","mainEntityOfPage":{"@id":"https:\/\/maismagazine.pt\/index.php\/2024\/03\/29\/uma-visao-com-identidade\/"},"wordCount":793,"publisher":{"@id":"https:\/\/maismagazine.pt\/#organization"},"image":{"@id":"https:\/\/maismagazine.pt\/index.php\/2024\/03\/29\/uma-visao-com-identidade\/#primaryimage"},"thumbnailUrl":"https:\/\/maismagazine.pt\/wp-content\/uploads\/2024\/03\/Formacao-pratica-em-detecao-de-roturas-\u2013-Projeto-Controlo-de-Perdas-de-Agua-no-Alentejo-Central.jpg","keywords":["CIMAC"],"articleSection":["Tecnologia e Inova\u00e7\u00e3o"],"inLanguage":"pt-PT"},{"@type":"WebPage","@id":"https:\/\/maismagazine.pt\/index.php\/2024\/03\/29\/uma-visao-com-identidade\/","url":"https:\/\/maismagazine.pt\/index.php\/2024\/03\/29\/uma-visao-com-identidade\/","name":"Uma vis\u00e3o com identidade - Mais Magazine","isPartOf":{"@id":"https:\/\/maismagazine.pt\/#website"},"primaryImageOfPage":{"@id":"https:\/\/maismagazine.pt\/index.php\/2024\/03\/29\/uma-visao-com-identidade\/#primaryimage"},"image":{"@id":"https:\/\/maismagazine.pt\/index.php\/2024\/03\/29\/uma-visao-com-identidade\/#primaryimage"},"thumbnailUrl":"https:\/\/maismagazine.pt\/wp-content\/uploads\/2024\/03\/Formacao-pratica-em-detecao-de-roturas-\u2013-Projeto-Controlo-de-Perdas-de-Agua-no-Alentejo-Central.jpg","datePublished":"2024-03-29T07:00:00+00:00","description":"Em entrevista \u00e0 Mais Magazine, Carlos Pinto de S\u00e1, Presidente da Comunidade Intermunicipal do Alentejo Central, abordou o trabalho desenvolvido por esta entidade, com destaque para os projetos levados a cabo no setor da \u00e1gua.","breadcrumb":{"@id":"https:\/\/maismagazine.pt\/index.php\/2024\/03\/29\/uma-visao-com-identidade\/#breadcrumb"},"inLanguage":"pt-PT","potentialAction":[{"@type":"ReadAction","target":["https:\/\/maismagazine.pt\/index.php\/2024\/03\/29\/uma-visao-com-identidade\/"]}]},{"@type":"ImageObject","inLanguage":"pt-PT","@id":"https:\/\/maismagazine.pt\/index.php\/2024\/03\/29\/uma-visao-com-identidade\/#primaryimage","url":"https:\/\/maismagazine.pt\/wp-content\/uploads\/2024\/03\/Formacao-pratica-em-detecao-de-roturas-\u2013-Projeto-Controlo-de-Perdas-de-Agua-no-Alentejo-Central.jpg","contentUrl":"https:\/\/maismagazine.pt\/wp-content\/uploads\/2024\/03\/Formacao-pratica-em-detecao-de-roturas-\u2013-Projeto-Controlo-de-Perdas-de-Agua-no-Alentejo-Central.jpg","width":841,"height":473},{"@type":"BreadcrumbList","@id":"https:\/\/maismagazine.pt\/index.php\/2024\/03\/29\/uma-visao-com-identidade\/#breadcrumb","itemListElement":[{"@type":"ListItem","position":1,"name":"Home","item":"https:\/\/maismagazine.pt\/"},{"@type":"ListItem","position":2,"name":"Uma vis\u00e3o com identidade"}]},{"@type":"WebSite","@id":"https:\/\/maismagazine.pt\/#website","url":"https:\/\/maismagazine.pt\/","name":"Mais Magazine","description":"","publisher":{"@id":"https:\/\/maismagazine.pt\/#organization"},"potentialAction":[{"@type":"SearchAction","target":{"@type":"EntryPoint","urlTemplate":"https:\/\/maismagazine.pt\/?s={search_term_string}"},"query-input":{"@type":"PropertyValueSpecification","valueRequired":true,"valueName":"search_term_string"}}],"inLanguage":"pt-PT"},{"@type":"Organization","@id":"https:\/\/maismagazine.pt\/#organization","name":"Mais Magazine","url":"https:\/\/maismagazine.pt\/","logo":{"@type":"ImageObject","inLanguage":"pt-PT","@id":"https:\/\/maismagazine.pt\/#\/schema\/logo\/image\/","url":"https:\/\/maismagazine.pt\/wp-content\/uploads\/2020\/04\/cropped-cropped-mais-magazine-site-logo-2.png","contentUrl":"https:\/\/maismagazine.pt\/wp-content\/uploads\/2020\/04\/cropped-cropped-mais-magazine-site-logo-2.png","width":581,"height":90,"caption":"Mais Magazine"},"image":{"@id":"https:\/\/maismagazine.pt\/#\/schema\/logo\/image\/"}},{"@type":"Person","@id":"https:\/\/maismagazine.pt\/#\/schema\/person\/c6c5bfccc886434cbd11c74e035f9646","name":"Tiago Costa","image":{"@type":"ImageObject","inLanguage":"pt-PT","@id":"https:\/\/maismagazine.pt\/#\/schema\/person\/image\/","url":"https:\/\/secure.gravatar.com\/avatar\/c599b2bce16c9870429198cbad5ee022?s=96&d=mm&r=g","contentUrl":"https:\/\/secure.gravatar.com\/avatar\/c599b2bce16c9870429198cbad5ee022?s=96&d=mm&r=g","caption":"Tiago Costa"},"url":"https:\/\/maismagazine.pt\/index.php\/author\/tiago\/"}]}},"author_meta":{"display_name":false,"author_link":"https:\/\/maismagazine.pt\/index.php\/author\/tiago\/"},"featured_img":"https:\/\/maismagazine.pt\/wp-content\/uploads\/2024\/03\/Formacao-pratica-em-detecao-de-roturas-\u2013-Projeto-Controlo-de-Perdas-de-Agua-no-Alentejo-Central-300x169.jpg","coauthors":[],"tax_additional":{"categories":{"linked":["<a href=\"https:\/\/maismagazine.pt\/index.php\/category\/empreendedorismo\/tecnologia-e-inovacao\/\" class=\"advgb-post-tax-term\">Tecnologia e Inova\u00e7\u00e3o<\/a>"],"unlinked":["<span class=\"advgb-post-tax-term\">Tecnologia e Inova\u00e7\u00e3o<\/span>"]},"tags":{"linked":["<a href=\"https:\/\/maismagazine.pt\/index.php\/category\/empreendedorismo\/tecnologia-e-inovacao\/\" class=\"advgb-post-tax-term\">CIMAC<\/a>"],"unlinked":["<span class=\"advgb-post-tax-term\">CIMAC<\/span>"]}},"comment_count":"0","relative_dates":{"created":"Posted 2 anos ago","modified":"Updated 2 anos ago"},"absolute_dates":{"created":"Posted on 29 de Mar\u00e7o, 2024","modified":"Updated on 25 de Mar\u00e7o, 2024"},"absolute_dates_time":{"created":"Posted on 29 de Mar\u00e7o, 2024 7:00","modified":"Updated on 25 de Mar\u00e7o, 2024 15:35"},"featured_img_caption":"","series_order":"","_links":{"self":[{"href":"https:\/\/maismagazine.pt\/index.php\/wp-json\/wp\/v2\/posts\/9219","targetHints":{"allow":["GET"]}}],"collection":[{"href":"https:\/\/maismagazine.pt\/index.php\/wp-json\/wp\/v2\/posts"}],"about":[{"href":"https:\/\/maismagazine.pt\/index.php\/wp-json\/wp\/v2\/types\/post"}],"author":[{"embeddable":true,"href":"https:\/\/maismagazine.pt\/index.php\/wp-json\/wp\/v2\/users\/17"}],"replies":[{"embeddable":true,"href":"https:\/\/maismagazine.pt\/index.php\/wp-json\/wp\/v2\/comments?post=9219"}],"version-history":[{"count":2,"href":"https:\/\/maismagazine.pt\/index.php\/wp-json\/wp\/v2\/posts\/9219\/revisions"}],"predecessor-version":[{"id":9232,"href":"https:\/\/maismagazine.pt\/index.php\/wp-json\/wp\/v2\/posts\/9219\/revisions\/9232"}],"wp:featuredmedia":[{"embeddable":true,"href":"https:\/\/maismagazine.pt\/index.php\/wp-json\/wp\/v2\/media\/9230"}],"wp:attachment":[{"href":"https:\/\/maismagazine.pt\/index.php\/wp-json\/wp\/v2\/media?parent=9219"}],"wp:term":[{"taxonomy":"category","embeddable":true,"href":"https:\/\/maismagazine.pt\/index.php\/wp-json\/wp\/v2\/categories?post=9219"},{"taxonomy":"post_tag","embeddable":true,"href":"https:\/\/maismagazine.pt\/index.php\/wp-json\/wp\/v2\/tags?post=9219"}],"curies":[{"name":"wp","href":"https:\/\/api.w.org\/{rel}","templated":true}]}}