{"id":9023,"date":"2024-02-23T07:00:00","date_gmt":"2024-02-23T07:00:00","guid":{"rendered":"https:\/\/maismagazine.pt\/?p=9023"},"modified":"2024-02-20T10:54:25","modified_gmt":"2024-02-20T10:54:25","slug":"faculdade-de-psicologia-e-de-ciencias-da-educacao-universidade-de-coimbra","status":"publish","type":"post","link":"https:\/\/maismagazine.pt\/index.php\/2024\/02\/23\/faculdade-de-psicologia-e-de-ciencias-da-educacao-universidade-de-coimbra\/","title":{"rendered":"Faculdade de Psicologia e de Ci\u00eancias da Educa\u00e7\u00e3o Universidade de Coimbra"},"content":{"rendered":"\n<p><a href=\"https:\/\/www.uc.pt\/\">A Faculdade<\/a>, reconhecida pela sua capacidade de atra\u00e7\u00e3o de estudantes de diversos pontos do pa\u00eds e do mundo, pela excel\u00eancia do ensino e da investiga\u00e7\u00e3o que produz e pela dimens\u00e3o relacional e humanista que cultiva, assegura a leciona\u00e7\u00e3o de diversos Ciclos de Estudos, &#8211; licenciaturas, mestrados e doutoramentos \u2013 nas \u00e1reas cient\u00edficas de Psicologia, Ci\u00eancias da Educa\u00e7\u00e3o e Servi\u00e7o Social.<br>No dom\u00ednio da internacionaliza\u00e7\u00e3o a Faculdade de Psicologia e de Ci\u00eancias da Educa\u00e7\u00e3o tem\u00a0<a href=\"https:\/\/www.uc.pt\/fpce\/estudantes\/mobilidade\/\">acordos de mobilidade<\/a>\u00a0com diversas universidades e institui\u00e7\u00f5es internacionais de ensino superior de prest\u00edgio e oferece um Mestrado Europeu apoiado pelo Programa Erasmus Mundus.<\/p>\n\n\n\n<p>Os estudantes e colaboradores da Faculdade de Psicologia e de Ci\u00eancias da Educa\u00e7\u00e3o da UC encontram nesta Escola a possibilidade de uma forma\u00e7\u00e3o de qualidade, nacional e internacionalmente reconhecida, e as oportunidades para uma aprendizagem integrada a&nbsp;<a href=\"https:\/\/www.uc.pt\/fpce\/investigacao\/\">n\u00edvel cient\u00edfico<\/a>&nbsp;,&nbsp;<a href=\"https:\/\/www.uc.pt\/fpce\/cursos\/\">acad\u00e9mico<\/a>&nbsp;e&nbsp;<a href=\"https:\/\/www.uc.pt\/fpce\/estudantes\/\">pessoal<\/a>.<\/p>\n","protected":false},"excerpt":{"rendered":"<p>A Faculdade, reconhecida pela sua capacidade de atra\u00e7\u00e3o de estudantes de diversos pontos do pa\u00eds e do mundo, pela excel\u00eancia do ensino e da investiga\u00e7\u00e3o que produz e pela dimens\u00e3o relacional e humanista que cultiva, assegura a leciona\u00e7\u00e3o de diversos Ciclos de Estudos, &#8211; licenciaturas, mestrados e doutoramentos \u2013 nas&hellip;<\/p>\n","protected":false},"author":17,"featured_media":9025,"comment_status":"closed","ping_status":"open","sticky":false,"template":"","format":"standard","meta":{"advgb_blocks_editor_width":"","advgb_blocks_columns_visual_guide":"","_monsterinsights_skip_tracking":false,"_monsterinsights_sitenote_active":false,"_monsterinsights_sitenote_note":"","_monsterinsights_sitenote_category":0,"footnotes":""},"categories":[1460],"tags":[1880],"class_list":["post-9023","post","type-post","status-publish","format-standard","has-post-thumbnail","hentry","category-publicidade","tag-faculdade-de-psicologia-e-de-ciencias-da-educacao-universidade-de-coimbra"],"yoast_head":"<!-- This site is optimized with the Yoast SEO plugin v24.4 - https:\/\/yoast.com\/wordpress\/plugins\/seo\/ -->\n<title>Faculdade de Psicologia e de Ci\u00eancias da Educa\u00e7\u00e3o Universidade de Coimbra - Mais Magazine<\/title>\n<meta name=\"description\" content=\"A Faculdade, reconhecida pela sua capacidade de atra\u00e7\u00e3o de estudantes de diversos pontos do pa\u00eds e do mundo, pela excel\u00eancia do ensino e da investiga\u00e7\u00e3o que produz e pela dimens\u00e3o relacional e humanista que cultiva, assegura a leciona\u00e7\u00e3o de diversos Ciclos de Estudos, - licenciaturas, mestrados e doutoramentos \u2013 nas \u00e1reas cient\u00edficas de Psicologia, Ci\u00eancias da Educa\u00e7\u00e3o e Servi\u00e7o Social.\" \/>\n<meta name=\"robots\" content=\"index, follow, max-snippet:-1, max-image-preview:large, max-video-preview:-1\" \/>\n<link rel=\"canonical\" href=\"https:\/\/maismagazine.pt\/index.php\/2024\/02\/23\/faculdade-de-psicologia-e-de-ciencias-da-educacao-universidade-de-coimbra\/\" \/>\n<meta property=\"og:locale\" content=\"pt_PT\" \/>\n<meta property=\"og:type\" content=\"article\" \/>\n<meta property=\"og:title\" content=\"Faculdade de Psicologia e de Ci\u00eancias da Educa\u00e7\u00e3o Universidade de Coimbra - Mais Magazine\" \/>\n<meta property=\"og:description\" content=\"A Faculdade, reconhecida pela sua capacidade de atra\u00e7\u00e3o de estudantes de diversos pontos do pa\u00eds e do mundo, pela excel\u00eancia do ensino e da investiga\u00e7\u00e3o que produz e pela dimens\u00e3o relacional e humanista que cultiva, assegura a leciona\u00e7\u00e3o de diversos Ciclos de Estudos, - licenciaturas, mestrados e doutoramentos \u2013 nas \u00e1reas cient\u00edficas de Psicologia, Ci\u00eancias da Educa\u00e7\u00e3o e Servi\u00e7o Social.\" \/>\n<meta property=\"og:url\" content=\"https:\/\/maismagazine.pt\/index.php\/2024\/02\/23\/faculdade-de-psicologia-e-de-ciencias-da-educacao-universidade-de-coimbra\/\" \/>\n<meta property=\"og:site_name\" content=\"Mais Magazine\" \/>\n<meta property=\"article:published_time\" content=\"2024-02-23T07:00:00+00:00\" \/>\n<meta property=\"og:image\" content=\"https:\/\/maismagazine.pt\/wp-content\/uploads\/2024\/02\/277807645_367031938770017_1751037439384856244_n-1.png\" \/>\n\t<meta property=\"og:image:width\" content=\"466\" \/>\n\t<meta property=\"og:image:height\" content=\"466\" \/>\n\t<meta property=\"og:image:type\" content=\"image\/png\" \/>\n<meta name=\"author\" content=\"Tiago Costa\" \/>\n<meta name=\"twitter:card\" content=\"summary_large_image\" \/>\n<meta name=\"twitter:label1\" content=\"Escrito por\" \/>\n\t<meta name=\"twitter:data1\" content=\"\" \/>\n\t<meta name=\"twitter:label2\" content=\"Tempo estimado de leitura\" \/>\n\t<meta name=\"twitter:data2\" content=\"1 minuto\" \/>\n<script type=\"application\/ld+json\" class=\"yoast-schema-graph\">{\"@context\":\"https:\/\/schema.org\",\"@graph\":[{\"@type\":\"Article\",\"@id\":\"https:\/\/maismagazine.pt\/index.php\/2024\/02\/23\/faculdade-de-psicologia-e-de-ciencias-da-educacao-universidade-de-coimbra\/#article\",\"isPartOf\":{\"@id\":\"https:\/\/maismagazine.pt\/index.php\/2024\/02\/23\/faculdade-de-psicologia-e-de-ciencias-da-educacao-universidade-de-coimbra\/\"},\"author\":{\"name\":\"Tiago Costa\",\"@id\":\"https:\/\/maismagazine.pt\/#\/schema\/person\/c6c5bfccc886434cbd11c74e035f9646\"},\"headline\":\"Faculdade de Psicologia e de Ci\u00eancias da Educa\u00e7\u00e3o Universidade de Coimbra\",\"datePublished\":\"2024-02-23T07:00:00+00:00\",\"mainEntityOfPage\":{\"@id\":\"https:\/\/maismagazine.pt\/index.php\/2024\/02\/23\/faculdade-de-psicologia-e-de-ciencias-da-educacao-universidade-de-coimbra\/\"},\"wordCount\":179,\"publisher\":{\"@id\":\"https:\/\/maismagazine.pt\/#organization\"},\"image\":{\"@id\":\"https:\/\/maismagazine.pt\/index.php\/2024\/02\/23\/faculdade-de-psicologia-e-de-ciencias-da-educacao-universidade-de-coimbra\/#primaryimage\"},\"thumbnailUrl\":\"https:\/\/maismagazine.pt\/wp-content\/uploads\/2024\/02\/277807645_367031938770017_1751037439384856244_n-1.png\",\"keywords\":[\"Faculdade de Psicologia e de Ci\u00eancias da Educa\u00e7\u00e3o Universidade de Coimbra\"],\"articleSection\":[\"publicidade\"],\"inLanguage\":\"pt-PT\"},{\"@type\":\"WebPage\",\"@id\":\"https:\/\/maismagazine.pt\/index.php\/2024\/02\/23\/faculdade-de-psicologia-e-de-ciencias-da-educacao-universidade-de-coimbra\/\",\"url\":\"https:\/\/maismagazine.pt\/index.php\/2024\/02\/23\/faculdade-de-psicologia-e-de-ciencias-da-educacao-universidade-de-coimbra\/\",\"name\":\"Faculdade de Psicologia e de Ci\u00eancias da Educa\u00e7\u00e3o Universidade de Coimbra - Mais Magazine\",\"isPartOf\":{\"@id\":\"https:\/\/maismagazine.pt\/#website\"},\"primaryImageOfPage\":{\"@id\":\"https:\/\/maismagazine.pt\/index.php\/2024\/02\/23\/faculdade-de-psicologia-e-de-ciencias-da-educacao-universidade-de-coimbra\/#primaryimage\"},\"image\":{\"@id\":\"https:\/\/maismagazine.pt\/index.php\/2024\/02\/23\/faculdade-de-psicologia-e-de-ciencias-da-educacao-universidade-de-coimbra\/#primaryimage\"},\"thumbnailUrl\":\"https:\/\/maismagazine.pt\/wp-content\/uploads\/2024\/02\/277807645_367031938770017_1751037439384856244_n-1.png\",\"datePublished\":\"2024-02-23T07:00:00+00:00\",\"description\":\"A Faculdade, reconhecida pela sua capacidade de atra\u00e7\u00e3o de estudantes de diversos pontos do pa\u00eds e do mundo, pela excel\u00eancia do ensino e da investiga\u00e7\u00e3o que produz e pela dimens\u00e3o relacional e humanista que cultiva, assegura a leciona\u00e7\u00e3o de diversos Ciclos de Estudos, - licenciaturas, mestrados e doutoramentos \u2013 nas \u00e1reas cient\u00edficas de Psicologia, Ci\u00eancias da Educa\u00e7\u00e3o e Servi\u00e7o Social.\",\"breadcrumb\":{\"@id\":\"https:\/\/maismagazine.pt\/index.php\/2024\/02\/23\/faculdade-de-psicologia-e-de-ciencias-da-educacao-universidade-de-coimbra\/#breadcrumb\"},\"inLanguage\":\"pt-PT\",\"potentialAction\":[{\"@type\":\"ReadAction\",\"target\":[\"https:\/\/maismagazine.pt\/index.php\/2024\/02\/23\/faculdade-de-psicologia-e-de-ciencias-da-educacao-universidade-de-coimbra\/\"]}]},{\"@type\":\"ImageObject\",\"inLanguage\":\"pt-PT\",\"@id\":\"https:\/\/maismagazine.pt\/index.php\/2024\/02\/23\/faculdade-de-psicologia-e-de-ciencias-da-educacao-universidade-de-coimbra\/#primaryimage\",\"url\":\"https:\/\/maismagazine.pt\/wp-content\/uploads\/2024\/02\/277807645_367031938770017_1751037439384856244_n-1.png\",\"contentUrl\":\"https:\/\/maismagazine.pt\/wp-content\/uploads\/2024\/02\/277807645_367031938770017_1751037439384856244_n-1.png\",\"width\":466,\"height\":466},{\"@type\":\"BreadcrumbList\",\"@id\":\"https:\/\/maismagazine.pt\/index.php\/2024\/02\/23\/faculdade-de-psicologia-e-de-ciencias-da-educacao-universidade-de-coimbra\/#breadcrumb\",\"itemListElement\":[{\"@type\":\"ListItem\",\"position\":1,\"name\":\"Home\",\"item\":\"https:\/\/maismagazine.pt\/\"},{\"@type\":\"ListItem\",\"position\":2,\"name\":\"Faculdade de Psicologia e de Ci\u00eancias da Educa\u00e7\u00e3o Universidade de Coimbra\"}]},{\"@type\":\"WebSite\",\"@id\":\"https:\/\/maismagazine.pt\/#website\",\"url\":\"https:\/\/maismagazine.pt\/\",\"name\":\"Mais Magazine\",\"description\":\"\",\"publisher\":{\"@id\":\"https:\/\/maismagazine.pt\/#organization\"},\"potentialAction\":[{\"@type\":\"SearchAction\",\"target\":{\"@type\":\"EntryPoint\",\"urlTemplate\":\"https:\/\/maismagazine.pt\/?s={search_term_string}\"},\"query-input\":{\"@type\":\"PropertyValueSpecification\",\"valueRequired\":true,\"valueName\":\"search_term_string\"}}],\"inLanguage\":\"pt-PT\"},{\"@type\":\"Organization\",\"@id\":\"https:\/\/maismagazine.pt\/#organization\",\"name\":\"Mais Magazine\",\"url\":\"https:\/\/maismagazine.pt\/\",\"logo\":{\"@type\":\"ImageObject\",\"inLanguage\":\"pt-PT\",\"@id\":\"https:\/\/maismagazine.pt\/#\/schema\/logo\/image\/\",\"url\":\"https:\/\/maismagazine.pt\/wp-content\/uploads\/2020\/04\/cropped-cropped-mais-magazine-site-logo-2.png\",\"contentUrl\":\"https:\/\/maismagazine.pt\/wp-content\/uploads\/2020\/04\/cropped-cropped-mais-magazine-site-logo-2.png\",\"width\":581,\"height\":90,\"caption\":\"Mais Magazine\"},\"image\":{\"@id\":\"https:\/\/maismagazine.pt\/#\/schema\/logo\/image\/\"}},{\"@type\":\"Person\",\"@id\":\"https:\/\/maismagazine.pt\/#\/schema\/person\/c6c5bfccc886434cbd11c74e035f9646\",\"name\":\"Tiago Costa\",\"image\":{\"@type\":\"ImageObject\",\"inLanguage\":\"pt-PT\",\"@id\":\"https:\/\/maismagazine.pt\/#\/schema\/person\/image\/\",\"url\":\"https:\/\/secure.gravatar.com\/avatar\/c599b2bce16c9870429198cbad5ee022?s=96&d=mm&r=g\",\"contentUrl\":\"https:\/\/secure.gravatar.com\/avatar\/c599b2bce16c9870429198cbad5ee022?s=96&d=mm&r=g\",\"caption\":\"Tiago Costa\"},\"url\":\"https:\/\/maismagazine.pt\/index.php\/author\/tiago\/\"}]}<\/script>\n<!-- \/ Yoast SEO plugin. -->","yoast_head_json":{"title":"Faculdade de Psicologia e de Ci\u00eancias da Educa\u00e7\u00e3o Universidade de Coimbra - Mais Magazine","description":"A Faculdade, reconhecida pela sua capacidade de atra\u00e7\u00e3o de estudantes de diversos pontos do pa\u00eds e do mundo, pela excel\u00eancia do ensino e da investiga\u00e7\u00e3o que produz e pela dimens\u00e3o relacional e humanista que cultiva, assegura a leciona\u00e7\u00e3o de diversos Ciclos de Estudos, - licenciaturas, mestrados e doutoramentos \u2013 nas \u00e1reas cient\u00edficas de Psicologia, Ci\u00eancias da Educa\u00e7\u00e3o e Servi\u00e7o Social.","robots":{"index":"index","follow":"follow","max-snippet":"max-snippet:-1","max-image-preview":"max-image-preview:large","max-video-preview":"max-video-preview:-1"},"canonical":"https:\/\/maismagazine.pt\/index.php\/2024\/02\/23\/faculdade-de-psicologia-e-de-ciencias-da-educacao-universidade-de-coimbra\/","og_locale":"pt_PT","og_type":"article","og_title":"Faculdade de Psicologia e de Ci\u00eancias da Educa\u00e7\u00e3o Universidade de Coimbra - Mais Magazine","og_description":"A Faculdade, reconhecida pela sua capacidade de atra\u00e7\u00e3o de estudantes de diversos pontos do pa\u00eds e do mundo, pela excel\u00eancia do ensino e da investiga\u00e7\u00e3o que produz e pela dimens\u00e3o relacional e humanista que cultiva, assegura a leciona\u00e7\u00e3o de diversos Ciclos de Estudos, - licenciaturas, mestrados e doutoramentos \u2013 nas \u00e1reas cient\u00edficas de Psicologia, Ci\u00eancias da Educa\u00e7\u00e3o e Servi\u00e7o Social.","og_url":"https:\/\/maismagazine.pt\/index.php\/2024\/02\/23\/faculdade-de-psicologia-e-de-ciencias-da-educacao-universidade-de-coimbra\/","og_site_name":"Mais Magazine","article_published_time":"2024-02-23T07:00:00+00:00","og_image":[{"width":466,"height":466,"url":"https:\/\/maismagazine.pt\/wp-content\/uploads\/2024\/02\/277807645_367031938770017_1751037439384856244_n-1.png","type":"image\/png"}],"author":"Tiago Costa","twitter_card":"summary_large_image","twitter_misc":{"Escrito por":false,"Tempo estimado de leitura":"1 minuto"},"schema":{"@context":"https:\/\/schema.org","@graph":[{"@type":"Article","@id":"https:\/\/maismagazine.pt\/index.php\/2024\/02\/23\/faculdade-de-psicologia-e-de-ciencias-da-educacao-universidade-de-coimbra\/#article","isPartOf":{"@id":"https:\/\/maismagazine.pt\/index.php\/2024\/02\/23\/faculdade-de-psicologia-e-de-ciencias-da-educacao-universidade-de-coimbra\/"},"author":{"name":"Tiago Costa","@id":"https:\/\/maismagazine.pt\/#\/schema\/person\/c6c5bfccc886434cbd11c74e035f9646"},"headline":"Faculdade de Psicologia e de Ci\u00eancias da Educa\u00e7\u00e3o Universidade de Coimbra","datePublished":"2024-02-23T07:00:00+00:00","mainEntityOfPage":{"@id":"https:\/\/maismagazine.pt\/index.php\/2024\/02\/23\/faculdade-de-psicologia-e-de-ciencias-da-educacao-universidade-de-coimbra\/"},"wordCount":179,"publisher":{"@id":"https:\/\/maismagazine.pt\/#organization"},"image":{"@id":"https:\/\/maismagazine.pt\/index.php\/2024\/02\/23\/faculdade-de-psicologia-e-de-ciencias-da-educacao-universidade-de-coimbra\/#primaryimage"},"thumbnailUrl":"https:\/\/maismagazine.pt\/wp-content\/uploads\/2024\/02\/277807645_367031938770017_1751037439384856244_n-1.png","keywords":["Faculdade de Psicologia e de Ci\u00eancias da Educa\u00e7\u00e3o Universidade de Coimbra"],"articleSection":["publicidade"],"inLanguage":"pt-PT"},{"@type":"WebPage","@id":"https:\/\/maismagazine.pt\/index.php\/2024\/02\/23\/faculdade-de-psicologia-e-de-ciencias-da-educacao-universidade-de-coimbra\/","url":"https:\/\/maismagazine.pt\/index.php\/2024\/02\/23\/faculdade-de-psicologia-e-de-ciencias-da-educacao-universidade-de-coimbra\/","name":"Faculdade de Psicologia e de Ci\u00eancias da Educa\u00e7\u00e3o Universidade de Coimbra - Mais Magazine","isPartOf":{"@id":"https:\/\/maismagazine.pt\/#website"},"primaryImageOfPage":{"@id":"https:\/\/maismagazine.pt\/index.php\/2024\/02\/23\/faculdade-de-psicologia-e-de-ciencias-da-educacao-universidade-de-coimbra\/#primaryimage"},"image":{"@id":"https:\/\/maismagazine.pt\/index.php\/2024\/02\/23\/faculdade-de-psicologia-e-de-ciencias-da-educacao-universidade-de-coimbra\/#primaryimage"},"thumbnailUrl":"https:\/\/maismagazine.pt\/wp-content\/uploads\/2024\/02\/277807645_367031938770017_1751037439384856244_n-1.png","datePublished":"2024-02-23T07:00:00+00:00","description":"A Faculdade, reconhecida pela sua capacidade de atra\u00e7\u00e3o de estudantes de diversos pontos do pa\u00eds e do mundo, pela excel\u00eancia do ensino e da investiga\u00e7\u00e3o que produz e pela dimens\u00e3o relacional e humanista que cultiva, assegura a leciona\u00e7\u00e3o de diversos Ciclos de Estudos, - licenciaturas, mestrados e doutoramentos \u2013 nas \u00e1reas cient\u00edficas de Psicologia, Ci\u00eancias da Educa\u00e7\u00e3o e Servi\u00e7o Social.","breadcrumb":{"@id":"https:\/\/maismagazine.pt\/index.php\/2024\/02\/23\/faculdade-de-psicologia-e-de-ciencias-da-educacao-universidade-de-coimbra\/#breadcrumb"},"inLanguage":"pt-PT","potentialAction":[{"@type":"ReadAction","target":["https:\/\/maismagazine.pt\/index.php\/2024\/02\/23\/faculdade-de-psicologia-e-de-ciencias-da-educacao-universidade-de-coimbra\/"]}]},{"@type":"ImageObject","inLanguage":"pt-PT","@id":"https:\/\/maismagazine.pt\/index.php\/2024\/02\/23\/faculdade-de-psicologia-e-de-ciencias-da-educacao-universidade-de-coimbra\/#primaryimage","url":"https:\/\/maismagazine.pt\/wp-content\/uploads\/2024\/02\/277807645_367031938770017_1751037439384856244_n-1.png","contentUrl":"https:\/\/maismagazine.pt\/wp-content\/uploads\/2024\/02\/277807645_367031938770017_1751037439384856244_n-1.png","width":466,"height":466},{"@type":"BreadcrumbList","@id":"https:\/\/maismagazine.pt\/index.php\/2024\/02\/23\/faculdade-de-psicologia-e-de-ciencias-da-educacao-universidade-de-coimbra\/#breadcrumb","itemListElement":[{"@type":"ListItem","position":1,"name":"Home","item":"https:\/\/maismagazine.pt\/"},{"@type":"ListItem","position":2,"name":"Faculdade de Psicologia e de Ci\u00eancias da Educa\u00e7\u00e3o Universidade de Coimbra"}]},{"@type":"WebSite","@id":"https:\/\/maismagazine.pt\/#website","url":"https:\/\/maismagazine.pt\/","name":"Mais Magazine","description":"","publisher":{"@id":"https:\/\/maismagazine.pt\/#organization"},"potentialAction":[{"@type":"SearchAction","target":{"@type":"EntryPoint","urlTemplate":"https:\/\/maismagazine.pt\/?s={search_term_string}"},"query-input":{"@type":"PropertyValueSpecification","valueRequired":true,"valueName":"search_term_string"}}],"inLanguage":"pt-PT"},{"@type":"Organization","@id":"https:\/\/maismagazine.pt\/#organization","name":"Mais Magazine","url":"https:\/\/maismagazine.pt\/","logo":{"@type":"ImageObject","inLanguage":"pt-PT","@id":"https:\/\/maismagazine.pt\/#\/schema\/logo\/image\/","url":"https:\/\/maismagazine.pt\/wp-content\/uploads\/2020\/04\/cropped-cropped-mais-magazine-site-logo-2.png","contentUrl":"https:\/\/maismagazine.pt\/wp-content\/uploads\/2020\/04\/cropped-cropped-mais-magazine-site-logo-2.png","width":581,"height":90,"caption":"Mais Magazine"},"image":{"@id":"https:\/\/maismagazine.pt\/#\/schema\/logo\/image\/"}},{"@type":"Person","@id":"https:\/\/maismagazine.pt\/#\/schema\/person\/c6c5bfccc886434cbd11c74e035f9646","name":"Tiago Costa","image":{"@type":"ImageObject","inLanguage":"pt-PT","@id":"https:\/\/maismagazine.pt\/#\/schema\/person\/image\/","url":"https:\/\/secure.gravatar.com\/avatar\/c599b2bce16c9870429198cbad5ee022?s=96&d=mm&r=g","contentUrl":"https:\/\/secure.gravatar.com\/avatar\/c599b2bce16c9870429198cbad5ee022?s=96&d=mm&r=g","caption":"Tiago Costa"},"url":"https:\/\/maismagazine.pt\/index.php\/author\/tiago\/"}]}},"author_meta":{"display_name":false,"author_link":"https:\/\/maismagazine.pt\/index.php\/author\/tiago\/"},"featured_img":"https:\/\/maismagazine.pt\/wp-content\/uploads\/2024\/02\/277807645_367031938770017_1751037439384856244_n-1-300x300.png","coauthors":[],"tax_additional":{"categories":{"linked":["<a href=\"https:\/\/maismagazine.pt\/index.php\/category\/publicidade\/\" class=\"advgb-post-tax-term\">publicidade<\/a>"],"unlinked":["<span class=\"advgb-post-tax-term\">publicidade<\/span>"]},"tags":{"linked":["<a href=\"https:\/\/maismagazine.pt\/index.php\/category\/publicidade\/\" class=\"advgb-post-tax-term\">Faculdade de Psicologia e de Ci\u00eancias da Educa\u00e7\u00e3o Universidade de Coimbra<\/a>"],"unlinked":["<span class=\"advgb-post-tax-term\">Faculdade de Psicologia e de Ci\u00eancias da Educa\u00e7\u00e3o Universidade de Coimbra<\/span>"]}},"comment_count":"0","relative_dates":{"created":"Posted 2 anos ago","modified":"Updated 2 anos ago"},"absolute_dates":{"created":"Posted on 23 de Fevereiro, 2024","modified":"Updated on 20 de Fevereiro, 2024"},"absolute_dates_time":{"created":"Posted on 23 de Fevereiro, 2024 7:00","modified":"Updated on 20 de Fevereiro, 2024 10:54"},"featured_img_caption":"","series_order":"","_links":{"self":[{"href":"https:\/\/maismagazine.pt\/index.php\/wp-json\/wp\/v2\/posts\/9023","targetHints":{"allow":["GET"]}}],"collection":[{"href":"https:\/\/maismagazine.pt\/index.php\/wp-json\/wp\/v2\/posts"}],"about":[{"href":"https:\/\/maismagazine.pt\/index.php\/wp-json\/wp\/v2\/types\/post"}],"author":[{"embeddable":true,"href":"https:\/\/maismagazine.pt\/index.php\/wp-json\/wp\/v2\/users\/17"}],"replies":[{"embeddable":true,"href":"https:\/\/maismagazine.pt\/index.php\/wp-json\/wp\/v2\/comments?post=9023"}],"version-history":[{"count":1,"href":"https:\/\/maismagazine.pt\/index.php\/wp-json\/wp\/v2\/posts\/9023\/revisions"}],"predecessor-version":[{"id":9026,"href":"https:\/\/maismagazine.pt\/index.php\/wp-json\/wp\/v2\/posts\/9023\/revisions\/9026"}],"wp:featuredmedia":[{"embeddable":true,"href":"https:\/\/maismagazine.pt\/index.php\/wp-json\/wp\/v2\/media\/9025"}],"wp:attachment":[{"href":"https:\/\/maismagazine.pt\/index.php\/wp-json\/wp\/v2\/media?parent=9023"}],"wp:term":[{"taxonomy":"category","embeddable":true,"href":"https:\/\/maismagazine.pt\/index.php\/wp-json\/wp\/v2\/categories?post=9023"},{"taxonomy":"post_tag","embeddable":true,"href":"https:\/\/maismagazine.pt\/index.php\/wp-json\/wp\/v2\/tags?post=9023"}],"curies":[{"name":"wp","href":"https:\/\/api.w.org\/{rel}","templated":true}]}}