{"id":8702,"date":"2024-01-17T09:57:13","date_gmt":"2024-01-17T09:57:13","guid":{"rendered":"https:\/\/maismagazine.pt\/?p=8702"},"modified":"2024-01-17T09:57:13","modified_gmt":"2024-01-17T09:57:13","slug":"profissionais-do-enoturismo-reunem-se-para-trabalhar-melhor-o-setor","status":"publish","type":"post","link":"https:\/\/maismagazine.pt\/index.php\/2024\/01\/17\/profissionais-do-enoturismo-reunem-se-para-trabalhar-melhor-o-setor\/","title":{"rendered":"Profissionais do Enoturismo re\u00fanem-se para trabalhar melhor o setor"},"content":{"rendered":"\n<p><strong>A Rentabilidade, Internacionaliza\u00e7\u00e3o e Legisla\u00e7\u00e3o do Enoturismo ser\u00e3o os temas em destaque na segunda edi\u00e7\u00e3o do Encontro dos Profissionais do Enoturismo organizado pela Associa\u00e7\u00e3o Portuguesa de Enoturismo (APENO). Neste evento ser\u00e3o tamb\u00e9m revelados novos projetos, parcerias e outras novidades para 2024.<\/strong><\/p>\n\n\n\n<p><\/p>\n\n\n\n<p>O 2\u00ba Encontro Nacional dos Profissionais de Enoturismo ser\u00e1 realizado no dia 31 de Janeiro, com o apoio da Universidade Europeia, no p\u00f3lo de Carnide, na Quinta do Bom Nome, Estr. da Correia 53, 1500-210 Lisboa, a partir das 14h30.<\/p>\n\n\n\n<p><\/p>\n\n\n\n<p>Este evento anual re\u00fane profissionais do setor a trabalhar em adegas, ag\u00eancias de viagens, empresas de anima\u00e7\u00e3o tur\u00edstica, restaurantes, garrafeiras, hot\u00e9is ou outros espa\u00e7os que pratiquem Enoturismo, em ambiente rural ou urbano. Com uma componente nacional e internacional, j\u00e1 \u00e9 o evento de refer\u00eancia do setor pelos temas pertinentes e relevantes que apresenta e debate. O evento conta com a presen\u00e7a de profissionais experientes que nos trazem contributos e vis\u00f5es para a melhoria do setor, al\u00e9m de influentes personalidades p\u00fablicas ligadas ao mundo do vinho e do turismo, com poder de decis\u00e3o nesta \u00e1rea.<\/p>\n\n\n\n<p><\/p>\n\n\n\n<p>\u00abO nosso objetivo \u00e9 discutir e debater temas que contribuam para elevar o n\u00edvel de qualidade dos servi\u00e7os de Enoturismo em Portugal. Este ano vamos mostrar que o Enoturismo \u00e9 um neg\u00f3cio rent\u00e1vel, vamos abordar a internacionaliza\u00e7\u00e3o do Enoturismo portugu\u00eas, e revelar projetos e parcerias que ter\u00e3o um impacto positivo no setor. E tamb\u00e9m dar a conhecer, em primeira m\u00e3o, os passos que estamos a dar em dire\u00e7\u00e3o \u00e0 cria\u00e7\u00e3o de uma legisla\u00e7\u00e3o nacional para o Enoturismo, falar da legisla\u00e7\u00e3o mundial j\u00e1 existente, entre outros temas pertinentes e urgentes que v\u00e3o contribuir para a organiza\u00e7\u00e3o do setor\u00bb, afirmou Maria Jo\u00e3o de Almeida, Presidente Executiva da APENO.<\/p>\n\n\n\n<p><\/p>\n\n\n\n<p>\u00abAl\u00e9m disso, \u00e9 um evento anual que promove momentos de partilha, brainstorming, conv\u00edvio e boa disposi\u00e7\u00e3o entre os profissionais de todo o pa\u00eds\u00bb, remata.<\/p>\n\n\n\n<p>O programa este ano inclui, al\u00e9m dos pain\u00e9is nacionais que v\u00e3o focar-se em dois temas fortes do Enoturismo &#8211; a internacionaliza\u00e7\u00e3o e a rentabilidade do setor \u2013 vai contar com a presen\u00e7a (on-line) de dois convidados internacionais especiais, a professora Chiara Tincani, da Universidade de Verona (It\u00e1lia) e o advogado Oscar Barney (da Cruz Barney Perez Cuellar Abogados), que v\u00e3o dar a conhecer a legisla\u00e7\u00e3o relativa ao Enoturismo j\u00e1 existente nos seus respectivos pa\u00edses. \u00abSabemos que a legisla\u00e7\u00e3o para o Enoturismo em Portugal acabar\u00e1 por surgir, e que o Enoturismo ser\u00e1 um dia um setor organizado, \u00e9 uma evolu\u00e7\u00e3o natural, a APENO e os seus associados j\u00e1 reclamam por isso h\u00e1 muito tempo. \u00c9 pena que o Governo teime em n\u00e3o abrir os olhos e que tenhamos de ir atr\u00e1s de outros pa\u00edses, quando pod\u00edamos ter sido pioneiros nesta mat\u00e9ria. Mas, mais vale tarde do que nunca!\u00bb, ironiza, Maria Jo\u00e3o de Almeida.<\/p>\n\n\n\n<p><\/p>\n\n\n\n<p>Por \u00faltimo, o evento contar\u00e1 ainda com um momento especial &#8211; a Bolsa de Emprego APENO. Durante este momento, que decorrer\u00e1 no final do evento, candidatos de todo o pa\u00eds ter\u00e3o a oportunidade de se inscrever para trabalhar em Enoturismo, e tamb\u00e9m de conhecer alguns dos associados da APENO. \u00abExiste uma grande procura por profissionais de Enoturismo, por essa raz\u00e3o, a APENO investiu nesta plataforma onde est\u00e3o inscritos profissionais que j\u00e1 trabalham no setor h\u00e1 algum tempo mas tamb\u00e9m pessoas com forma\u00e7\u00e3o que querem come\u00e7ar a dedicar-se a esta \u00e1rea. A Bolsa de Emprego \u00e9 interna e s\u00f3 os nossos associados t\u00eam acesso a esta plataforma, \u00e9 uma das vantagens de pertencer \u00e0 APENO, e \u00e9 com muito orgulho que informo que j\u00e1 conseguimos coloca\u00e7\u00e3o de muitos destes profissionais nas empresas dos nossos associados\u00bb, diz Salvador Salazar Leite, um dos vice-presidentes da APENO e respons\u00e1vel pela gest\u00e3o da plataforma.<\/p>\n\n\n\n<p><\/p>\n\n\n\n<p>Al\u00e9m do apoio da Universidade Europeia, o evento conta ainda com outras empresas parceiras, entre as quais a Ageas Seguros, Alug\u2019Aqui, Delta Caf\u00e9 e a Gifts4Wine.\u00a0<\/p>\n\n\n\n<p><\/p>\n\n\n<div class=\"wp-block-image\">\n<figure class=\"aligncenter size-large is-resized\"><img loading=\"lazy\" decoding=\"async\" width=\"724\" height=\"1024\" src=\"https:\/\/maismagazine.pt\/wp-content\/uploads\/2024\/01\/Programa-ENPE--724x1024.png\" alt=\"\" class=\"wp-image-8704\" style=\"aspect-ratio:0.70703125;width:431px;height:auto\" srcset=\"https:\/\/maismagazine.pt\/wp-content\/uploads\/2024\/01\/Programa-ENPE--724x1024.png 724w, https:\/\/maismagazine.pt\/wp-content\/uploads\/2024\/01\/Programa-ENPE--212x300.png 212w, https:\/\/maismagazine.pt\/wp-content\/uploads\/2024\/01\/Programa-ENPE--768x1086.png 768w, https:\/\/maismagazine.pt\/wp-content\/uploads\/2024\/01\/Programa-ENPE--1086x1536.png 1086w, https:\/\/maismagazine.pt\/wp-content\/uploads\/2024\/01\/Programa-ENPE-.png 1414w\" sizes=\"auto, (max-width: 724px) 100vw, 724px\" \/><\/figure><\/div>","protected":false},"excerpt":{"rendered":"<p>A Rentabilidade, Internacionaliza\u00e7\u00e3o e Legisla\u00e7\u00e3o do Enoturismo ser\u00e3o os temas em destaque na segunda edi\u00e7\u00e3o do Encontro dos Profissionais do Enoturismo organizado pela Associa\u00e7\u00e3o Portuguesa de Enoturismo (APENO). Neste evento ser\u00e3o tamb\u00e9m revelados novos projetos, parcerias e outras novidades para 2024. O 2\u00ba Encontro Nacional dos Profissionais de Enoturismo ser\u00e1&hellip;<\/p>\n","protected":false},"author":18,"featured_media":8703,"comment_status":"closed","ping_status":"open","sticky":false,"template":"","format":"standard","meta":{"advgb_blocks_editor_width":"","advgb_blocks_columns_visual_guide":"","_monsterinsights_skip_tracking":false,"_monsterinsights_sitenote_active":false,"_monsterinsights_sitenote_note":"","_monsterinsights_sitenote_category":0,"footnotes":""},"categories":[7],"tags":[898,264],"class_list":["post-8702","post","type-post","status-publish","format-standard","has-post-thumbnail","hentry","category-noticias","tag-apeno","tag-enoturismo"],"yoast_head":"<!-- This site is optimized with the Yoast SEO plugin v24.4 - https:\/\/yoast.com\/wordpress\/plugins\/seo\/ -->\n<title>Profissionais do Enoturismo re\u00fanem-se para trabalhar melhor o setor - Mais Magazine<\/title>\n<meta name=\"robots\" content=\"index, follow, max-snippet:-1, max-image-preview:large, max-video-preview:-1\" \/>\n<link rel=\"canonical\" href=\"https:\/\/maismagazine.pt\/index.php\/2024\/01\/17\/profissionais-do-enoturismo-reunem-se-para-trabalhar-melhor-o-setor\/\" \/>\n<meta property=\"og:locale\" content=\"pt_PT\" \/>\n<meta property=\"og:type\" content=\"article\" \/>\n<meta property=\"og:title\" content=\"Profissionais do Enoturismo re\u00fanem-se para trabalhar melhor o setor - Mais Magazine\" \/>\n<meta property=\"og:description\" content=\"A Rentabilidade, Internacionaliza\u00e7\u00e3o e Legisla\u00e7\u00e3o do Enoturismo ser\u00e3o os temas em destaque na segunda edi\u00e7\u00e3o do Encontro dos Profissionais do Enoturismo organizado pela Associa\u00e7\u00e3o Portuguesa de Enoturismo (APENO). Neste evento ser\u00e3o tamb\u00e9m revelados novos projetos, parcerias e outras novidades para 2024. O 2\u00ba Encontro Nacional dos Profissionais de Enoturismo ser\u00e1&hellip;\" \/>\n<meta property=\"og:url\" content=\"https:\/\/maismagazine.pt\/index.php\/2024\/01\/17\/profissionais-do-enoturismo-reunem-se-para-trabalhar-melhor-o-setor\/\" \/>\n<meta property=\"og:site_name\" content=\"Mais Magazine\" \/>\n<meta property=\"article:published_time\" content=\"2024-01-17T09:57:13+00:00\" \/>\n<meta property=\"og:image\" content=\"https:\/\/maismagazine.pt\/wp-content\/uploads\/2024\/01\/Cartaz-ENPE.png\" \/>\n\t<meta property=\"og:image:width\" content=\"396\" \/>\n\t<meta property=\"og:image:height\" content=\"561\" \/>\n\t<meta property=\"og:image:type\" content=\"image\/png\" \/>\n<meta name=\"author\" content=\"Tatiana Martins\" \/>\n<meta name=\"twitter:card\" content=\"summary_large_image\" \/>\n<meta name=\"twitter:label1\" content=\"Escrito por\" \/>\n\t<meta name=\"twitter:data1\" content=\"\" \/>\n\t<meta name=\"twitter:label2\" content=\"Tempo estimado de leitura\" \/>\n\t<meta name=\"twitter:data2\" content=\"4 minutos\" \/>\n<script type=\"application\/ld+json\" class=\"yoast-schema-graph\">{\"@context\":\"https:\/\/schema.org\",\"@graph\":[{\"@type\":\"Article\",\"@id\":\"https:\/\/maismagazine.pt\/index.php\/2024\/01\/17\/profissionais-do-enoturismo-reunem-se-para-trabalhar-melhor-o-setor\/#article\",\"isPartOf\":{\"@id\":\"https:\/\/maismagazine.pt\/index.php\/2024\/01\/17\/profissionais-do-enoturismo-reunem-se-para-trabalhar-melhor-o-setor\/\"},\"author\":{\"name\":\"Tatiana Martins\",\"@id\":\"https:\/\/maismagazine.pt\/#\/schema\/person\/7426e2caeb8df32a1b56aa48dae778c9\"},\"headline\":\"Profissionais do Enoturismo re\u00fanem-se para trabalhar melhor o setor\",\"datePublished\":\"2024-01-17T09:57:13+00:00\",\"mainEntityOfPage\":{\"@id\":\"https:\/\/maismagazine.pt\/index.php\/2024\/01\/17\/profissionais-do-enoturismo-reunem-se-para-trabalhar-melhor-o-setor\/\"},\"wordCount\":698,\"publisher\":{\"@id\":\"https:\/\/maismagazine.pt\/#organization\"},\"image\":{\"@id\":\"https:\/\/maismagazine.pt\/index.php\/2024\/01\/17\/profissionais-do-enoturismo-reunem-se-para-trabalhar-melhor-o-setor\/#primaryimage\"},\"thumbnailUrl\":\"https:\/\/maismagazine.pt\/wp-content\/uploads\/2024\/01\/Cartaz-ENPE.png\",\"keywords\":[\"APENO\",\"enoturismo\"],\"articleSection\":[\"Not\u00edcias\"],\"inLanguage\":\"pt-PT\"},{\"@type\":\"WebPage\",\"@id\":\"https:\/\/maismagazine.pt\/index.php\/2024\/01\/17\/profissionais-do-enoturismo-reunem-se-para-trabalhar-melhor-o-setor\/\",\"url\":\"https:\/\/maismagazine.pt\/index.php\/2024\/01\/17\/profissionais-do-enoturismo-reunem-se-para-trabalhar-melhor-o-setor\/\",\"name\":\"Profissionais do Enoturismo re\u00fanem-se para trabalhar melhor o setor - Mais Magazine\",\"isPartOf\":{\"@id\":\"https:\/\/maismagazine.pt\/#website\"},\"primaryImageOfPage\":{\"@id\":\"https:\/\/maismagazine.pt\/index.php\/2024\/01\/17\/profissionais-do-enoturismo-reunem-se-para-trabalhar-melhor-o-setor\/#primaryimage\"},\"image\":{\"@id\":\"https:\/\/maismagazine.pt\/index.php\/2024\/01\/17\/profissionais-do-enoturismo-reunem-se-para-trabalhar-melhor-o-setor\/#primaryimage\"},\"thumbnailUrl\":\"https:\/\/maismagazine.pt\/wp-content\/uploads\/2024\/01\/Cartaz-ENPE.png\",\"datePublished\":\"2024-01-17T09:57:13+00:00\",\"breadcrumb\":{\"@id\":\"https:\/\/maismagazine.pt\/index.php\/2024\/01\/17\/profissionais-do-enoturismo-reunem-se-para-trabalhar-melhor-o-setor\/#breadcrumb\"},\"inLanguage\":\"pt-PT\",\"potentialAction\":[{\"@type\":\"ReadAction\",\"target\":[\"https:\/\/maismagazine.pt\/index.php\/2024\/01\/17\/profissionais-do-enoturismo-reunem-se-para-trabalhar-melhor-o-setor\/\"]}]},{\"@type\":\"ImageObject\",\"inLanguage\":\"pt-PT\",\"@id\":\"https:\/\/maismagazine.pt\/index.php\/2024\/01\/17\/profissionais-do-enoturismo-reunem-se-para-trabalhar-melhor-o-setor\/#primaryimage\",\"url\":\"https:\/\/maismagazine.pt\/wp-content\/uploads\/2024\/01\/Cartaz-ENPE.png\",\"contentUrl\":\"https:\/\/maismagazine.pt\/wp-content\/uploads\/2024\/01\/Cartaz-ENPE.png\",\"width\":396,\"height\":561},{\"@type\":\"BreadcrumbList\",\"@id\":\"https:\/\/maismagazine.pt\/index.php\/2024\/01\/17\/profissionais-do-enoturismo-reunem-se-para-trabalhar-melhor-o-setor\/#breadcrumb\",\"itemListElement\":[{\"@type\":\"ListItem\",\"position\":1,\"name\":\"Home\",\"item\":\"https:\/\/maismagazine.pt\/\"},{\"@type\":\"ListItem\",\"position\":2,\"name\":\"Profissionais do Enoturismo re\u00fanem-se para trabalhar melhor o setor\"}]},{\"@type\":\"WebSite\",\"@id\":\"https:\/\/maismagazine.pt\/#website\",\"url\":\"https:\/\/maismagazine.pt\/\",\"name\":\"Mais Magazine\",\"description\":\"\",\"publisher\":{\"@id\":\"https:\/\/maismagazine.pt\/#organization\"},\"potentialAction\":[{\"@type\":\"SearchAction\",\"target\":{\"@type\":\"EntryPoint\",\"urlTemplate\":\"https:\/\/maismagazine.pt\/?s={search_term_string}\"},\"query-input\":{\"@type\":\"PropertyValueSpecification\",\"valueRequired\":true,\"valueName\":\"search_term_string\"}}],\"inLanguage\":\"pt-PT\"},{\"@type\":\"Organization\",\"@id\":\"https:\/\/maismagazine.pt\/#organization\",\"name\":\"Mais Magazine\",\"url\":\"https:\/\/maismagazine.pt\/\",\"logo\":{\"@type\":\"ImageObject\",\"inLanguage\":\"pt-PT\",\"@id\":\"https:\/\/maismagazine.pt\/#\/schema\/logo\/image\/\",\"url\":\"https:\/\/maismagazine.pt\/wp-content\/uploads\/2020\/04\/cropped-cropped-mais-magazine-site-logo-2.png\",\"contentUrl\":\"https:\/\/maismagazine.pt\/wp-content\/uploads\/2020\/04\/cropped-cropped-mais-magazine-site-logo-2.png\",\"width\":581,\"height\":90,\"caption\":\"Mais Magazine\"},\"image\":{\"@id\":\"https:\/\/maismagazine.pt\/#\/schema\/logo\/image\/\"}},{\"@type\":\"Person\",\"@id\":\"https:\/\/maismagazine.pt\/#\/schema\/person\/7426e2caeb8df32a1b56aa48dae778c9\",\"name\":\"Tatiana Martins\",\"image\":{\"@type\":\"ImageObject\",\"inLanguage\":\"pt-PT\",\"@id\":\"https:\/\/maismagazine.pt\/#\/schema\/person\/image\/\",\"url\":\"https:\/\/secure.gravatar.com\/avatar\/4b24a57f5d0425f2eb20981c4b53244e?s=96&d=mm&r=g\",\"contentUrl\":\"https:\/\/secure.gravatar.com\/avatar\/4b24a57f5d0425f2eb20981c4b53244e?s=96&d=mm&r=g\",\"caption\":\"Tatiana Martins\"},\"url\":\"https:\/\/maismagazine.pt\/index.php\/author\/tatiana\/\"}]}<\/script>\n<!-- \/ Yoast SEO plugin. -->","yoast_head_json":{"title":"Profissionais do Enoturismo re\u00fanem-se para trabalhar melhor o setor - Mais Magazine","robots":{"index":"index","follow":"follow","max-snippet":"max-snippet:-1","max-image-preview":"max-image-preview:large","max-video-preview":"max-video-preview:-1"},"canonical":"https:\/\/maismagazine.pt\/index.php\/2024\/01\/17\/profissionais-do-enoturismo-reunem-se-para-trabalhar-melhor-o-setor\/","og_locale":"pt_PT","og_type":"article","og_title":"Profissionais do Enoturismo re\u00fanem-se para trabalhar melhor o setor - Mais Magazine","og_description":"A Rentabilidade, Internacionaliza\u00e7\u00e3o e Legisla\u00e7\u00e3o do Enoturismo ser\u00e3o os temas em destaque na segunda edi\u00e7\u00e3o do Encontro dos Profissionais do Enoturismo organizado pela Associa\u00e7\u00e3o Portuguesa de Enoturismo (APENO). Neste evento ser\u00e3o tamb\u00e9m revelados novos projetos, parcerias e outras novidades para 2024. O 2\u00ba Encontro Nacional dos Profissionais de Enoturismo ser\u00e1&hellip;","og_url":"https:\/\/maismagazine.pt\/index.php\/2024\/01\/17\/profissionais-do-enoturismo-reunem-se-para-trabalhar-melhor-o-setor\/","og_site_name":"Mais Magazine","article_published_time":"2024-01-17T09:57:13+00:00","og_image":[{"width":396,"height":561,"url":"https:\/\/maismagazine.pt\/wp-content\/uploads\/2024\/01\/Cartaz-ENPE.png","type":"image\/png"}],"author":"Tatiana Martins","twitter_card":"summary_large_image","twitter_misc":{"Escrito por":false,"Tempo estimado de leitura":"4 minutos"},"schema":{"@context":"https:\/\/schema.org","@graph":[{"@type":"Article","@id":"https:\/\/maismagazine.pt\/index.php\/2024\/01\/17\/profissionais-do-enoturismo-reunem-se-para-trabalhar-melhor-o-setor\/#article","isPartOf":{"@id":"https:\/\/maismagazine.pt\/index.php\/2024\/01\/17\/profissionais-do-enoturismo-reunem-se-para-trabalhar-melhor-o-setor\/"},"author":{"name":"Tatiana Martins","@id":"https:\/\/maismagazine.pt\/#\/schema\/person\/7426e2caeb8df32a1b56aa48dae778c9"},"headline":"Profissionais do Enoturismo re\u00fanem-se para trabalhar melhor o setor","datePublished":"2024-01-17T09:57:13+00:00","mainEntityOfPage":{"@id":"https:\/\/maismagazine.pt\/index.php\/2024\/01\/17\/profissionais-do-enoturismo-reunem-se-para-trabalhar-melhor-o-setor\/"},"wordCount":698,"publisher":{"@id":"https:\/\/maismagazine.pt\/#organization"},"image":{"@id":"https:\/\/maismagazine.pt\/index.php\/2024\/01\/17\/profissionais-do-enoturismo-reunem-se-para-trabalhar-melhor-o-setor\/#primaryimage"},"thumbnailUrl":"https:\/\/maismagazine.pt\/wp-content\/uploads\/2024\/01\/Cartaz-ENPE.png","keywords":["APENO","enoturismo"],"articleSection":["Not\u00edcias"],"inLanguage":"pt-PT"},{"@type":"WebPage","@id":"https:\/\/maismagazine.pt\/index.php\/2024\/01\/17\/profissionais-do-enoturismo-reunem-se-para-trabalhar-melhor-o-setor\/","url":"https:\/\/maismagazine.pt\/index.php\/2024\/01\/17\/profissionais-do-enoturismo-reunem-se-para-trabalhar-melhor-o-setor\/","name":"Profissionais do Enoturismo re\u00fanem-se para trabalhar melhor o setor - Mais Magazine","isPartOf":{"@id":"https:\/\/maismagazine.pt\/#website"},"primaryImageOfPage":{"@id":"https:\/\/maismagazine.pt\/index.php\/2024\/01\/17\/profissionais-do-enoturismo-reunem-se-para-trabalhar-melhor-o-setor\/#primaryimage"},"image":{"@id":"https:\/\/maismagazine.pt\/index.php\/2024\/01\/17\/profissionais-do-enoturismo-reunem-se-para-trabalhar-melhor-o-setor\/#primaryimage"},"thumbnailUrl":"https:\/\/maismagazine.pt\/wp-content\/uploads\/2024\/01\/Cartaz-ENPE.png","datePublished":"2024-01-17T09:57:13+00:00","breadcrumb":{"@id":"https:\/\/maismagazine.pt\/index.php\/2024\/01\/17\/profissionais-do-enoturismo-reunem-se-para-trabalhar-melhor-o-setor\/#breadcrumb"},"inLanguage":"pt-PT","potentialAction":[{"@type":"ReadAction","target":["https:\/\/maismagazine.pt\/index.php\/2024\/01\/17\/profissionais-do-enoturismo-reunem-se-para-trabalhar-melhor-o-setor\/"]}]},{"@type":"ImageObject","inLanguage":"pt-PT","@id":"https:\/\/maismagazine.pt\/index.php\/2024\/01\/17\/profissionais-do-enoturismo-reunem-se-para-trabalhar-melhor-o-setor\/#primaryimage","url":"https:\/\/maismagazine.pt\/wp-content\/uploads\/2024\/01\/Cartaz-ENPE.png","contentUrl":"https:\/\/maismagazine.pt\/wp-content\/uploads\/2024\/01\/Cartaz-ENPE.png","width":396,"height":561},{"@type":"BreadcrumbList","@id":"https:\/\/maismagazine.pt\/index.php\/2024\/01\/17\/profissionais-do-enoturismo-reunem-se-para-trabalhar-melhor-o-setor\/#breadcrumb","itemListElement":[{"@type":"ListItem","position":1,"name":"Home","item":"https:\/\/maismagazine.pt\/"},{"@type":"ListItem","position":2,"name":"Profissionais do Enoturismo re\u00fanem-se para trabalhar melhor o setor"}]},{"@type":"WebSite","@id":"https:\/\/maismagazine.pt\/#website","url":"https:\/\/maismagazine.pt\/","name":"Mais Magazine","description":"","publisher":{"@id":"https:\/\/maismagazine.pt\/#organization"},"potentialAction":[{"@type":"SearchAction","target":{"@type":"EntryPoint","urlTemplate":"https:\/\/maismagazine.pt\/?s={search_term_string}"},"query-input":{"@type":"PropertyValueSpecification","valueRequired":true,"valueName":"search_term_string"}}],"inLanguage":"pt-PT"},{"@type":"Organization","@id":"https:\/\/maismagazine.pt\/#organization","name":"Mais Magazine","url":"https:\/\/maismagazine.pt\/","logo":{"@type":"ImageObject","inLanguage":"pt-PT","@id":"https:\/\/maismagazine.pt\/#\/schema\/logo\/image\/","url":"https:\/\/maismagazine.pt\/wp-content\/uploads\/2020\/04\/cropped-cropped-mais-magazine-site-logo-2.png","contentUrl":"https:\/\/maismagazine.pt\/wp-content\/uploads\/2020\/04\/cropped-cropped-mais-magazine-site-logo-2.png","width":581,"height":90,"caption":"Mais Magazine"},"image":{"@id":"https:\/\/maismagazine.pt\/#\/schema\/logo\/image\/"}},{"@type":"Person","@id":"https:\/\/maismagazine.pt\/#\/schema\/person\/7426e2caeb8df32a1b56aa48dae778c9","name":"Tatiana Martins","image":{"@type":"ImageObject","inLanguage":"pt-PT","@id":"https:\/\/maismagazine.pt\/#\/schema\/person\/image\/","url":"https:\/\/secure.gravatar.com\/avatar\/4b24a57f5d0425f2eb20981c4b53244e?s=96&d=mm&r=g","contentUrl":"https:\/\/secure.gravatar.com\/avatar\/4b24a57f5d0425f2eb20981c4b53244e?s=96&d=mm&r=g","caption":"Tatiana Martins"},"url":"https:\/\/maismagazine.pt\/index.php\/author\/tatiana\/"}]}},"author_meta":{"display_name":false,"author_link":"https:\/\/maismagazine.pt\/index.php\/author\/tatiana\/"},"featured_img":"https:\/\/maismagazine.pt\/wp-content\/uploads\/2024\/01\/Cartaz-ENPE-212x300.png","coauthors":[],"tax_additional":{"categories":{"linked":["<a href=\"https:\/\/maismagazine.pt\/index.php\/category\/noticias\/\" class=\"advgb-post-tax-term\">Not\u00edcias<\/a>"],"unlinked":["<span class=\"advgb-post-tax-term\">Not\u00edcias<\/span>"]},"tags":{"linked":["<a href=\"https:\/\/maismagazine.pt\/index.php\/category\/noticias\/\" class=\"advgb-post-tax-term\">APENO<\/a>","<a href=\"https:\/\/maismagazine.pt\/index.php\/category\/noticias\/\" class=\"advgb-post-tax-term\">enoturismo<\/a>"],"unlinked":["<span class=\"advgb-post-tax-term\">APENO<\/span>","<span class=\"advgb-post-tax-term\">enoturismo<\/span>"]}},"comment_count":"0","relative_dates":{"created":"Posted 2 anos ago","modified":"Updated 2 anos ago"},"absolute_dates":{"created":"Posted on 17 de Janeiro, 2024","modified":"Updated on 17 de Janeiro, 2024"},"absolute_dates_time":{"created":"Posted on 17 de Janeiro, 2024 9:57","modified":"Updated on 17 de Janeiro, 2024 9:57"},"featured_img_caption":"","series_order":"","_links":{"self":[{"href":"https:\/\/maismagazine.pt\/index.php\/wp-json\/wp\/v2\/posts\/8702","targetHints":{"allow":["GET"]}}],"collection":[{"href":"https:\/\/maismagazine.pt\/index.php\/wp-json\/wp\/v2\/posts"}],"about":[{"href":"https:\/\/maismagazine.pt\/index.php\/wp-json\/wp\/v2\/types\/post"}],"author":[{"embeddable":true,"href":"https:\/\/maismagazine.pt\/index.php\/wp-json\/wp\/v2\/users\/18"}],"replies":[{"embeddable":true,"href":"https:\/\/maismagazine.pt\/index.php\/wp-json\/wp\/v2\/comments?post=8702"}],"version-history":[{"count":1,"href":"https:\/\/maismagazine.pt\/index.php\/wp-json\/wp\/v2\/posts\/8702\/revisions"}],"predecessor-version":[{"id":8705,"href":"https:\/\/maismagazine.pt\/index.php\/wp-json\/wp\/v2\/posts\/8702\/revisions\/8705"}],"wp:featuredmedia":[{"embeddable":true,"href":"https:\/\/maismagazine.pt\/index.php\/wp-json\/wp\/v2\/media\/8703"}],"wp:attachment":[{"href":"https:\/\/maismagazine.pt\/index.php\/wp-json\/wp\/v2\/media?parent=8702"}],"wp:term":[{"taxonomy":"category","embeddable":true,"href":"https:\/\/maismagazine.pt\/index.php\/wp-json\/wp\/v2\/categories?post=8702"},{"taxonomy":"post_tag","embeddable":true,"href":"https:\/\/maismagazine.pt\/index.php\/wp-json\/wp\/v2\/tags?post=8702"}],"curies":[{"name":"wp","href":"https:\/\/api.w.org\/{rel}","templated":true}]}}