{"id":8699,"date":"2024-01-09T16:55:43","date_gmt":"2024-01-09T16:55:43","guid":{"rendered":"https:\/\/maismagazine.pt\/?p=8699"},"modified":"2024-01-09T16:55:43","modified_gmt":"2024-01-09T16:55:43","slug":"premio-vergilio-ferreira-atribuido-a-maria-irene-ramalho","status":"publish","type":"post","link":"https:\/\/maismagazine.pt\/index.php\/2024\/01\/09\/premio-vergilio-ferreira-atribuido-a-maria-irene-ramalho\/","title":{"rendered":"Pr\u00e9mio Verg\u00edlio Ferreira atribu\u00eddo a Maria Irene Ramalho"},"content":{"rendered":"\n<p>A escolha para o Pr\u00e9mio Verg\u00edlio Ferreira recaiu este ano sobre Maria Irene Ramalho, professora catedr\u00e1tica jubilada da Sec\u00e7\u00e3o de Estudos Anglo-Americanos do Departamento de L\u00ednguas, Literaturas e Culturas da Faculdade de Letras da Universidade de Coimbra, onde foi coordenadora cient\u00edfica dos programas de doutoramento em Estudos Americanos e em Estudos.<\/p>\n\n\n\n<p>O j\u00fari, reunido hoje na Universidade de \u00c9vora, decidiu, por unanimidade, atribuir o Pr\u00e9mio Verg\u00edlio Ferreira a Maria Irene Ramalho \u201cpelo seu contributo para o incremento do di\u00e1logo entre a literatura portuguesa e as literaturas Anglo-Sax\u00f3nicas e em geral pela internacionaliza\u00e7\u00e3o da literatura portuguesa\u201d \u00e9 destacado pelo j\u00fari.<\/p>\n\n\n\n<p>Desde 1999, Maria Irene Ramalho \u00e9 International Affiliate do Departamento de Literatura Comparada da Universidade de Wisconsin-Madison, onde leciona regularmente como professora visitante. Tem publicado extensamente, em Portugu\u00eas e em Ingl\u00eas, sobre temas de literatura e cultura de express\u00e3o inglesa (com especial incid\u00eancia na poesia dos Estados Unidos), estudos americanos, literatura comparada, teoria po\u00e9tica, estudos culturais e estudos feministas. Entre as suas atuais \u00e1reas de maior interesse, destacam-se os estudos sobre o Modernismo e a Modernidade, estudos comparados sobre poesia, po\u00e9tica e filosofia, teorias dos estudos americanos e teorias do feminismo. Faz parte do conselho editorial de v\u00e1rias revistas de literatura e cultura.<\/p>\n\n\n\n<p>Tal como nas edi\u00e7\u00f5es anteriores, a cerim\u00f3nia de entrega do galard\u00e3o est\u00e1 agendada para 01 de mar\u00e7o, data em que se assinala o anivers\u00e1rio da morte do escritor Verg\u00edlio Ferreira (1916-1996), patrono do pr\u00e9mio e autor de &#8220;Apari\u00e7\u00e3o&#8221;.<\/p>\n\n\n\n<p>Na edi\u00e7\u00e3o referente a 2024, o j\u00fari, presidido pelo professor da Universidade de \u00c9vora Antonio S\u00e1ez Delgado, integra tamb\u00e9m os docentes universit\u00e1rios Joana Matos Frias (Faculdade de Letras da Universidade de Lisboa); Ant\u00f3nio Apolin\u00e1rio Louren\u00e7o (Faculdade de Coimbra); Elisa Nunes Esteves (Escola de Ci\u00eancias Sociais da Universidade de \u00c9vora) e Ricardo Viel (Cr\u00edtico Liter\u00e1rio).<\/p>\n\n\n\n<p>O Pr\u00e9mio Verg\u00edlio Ferreira foi atribu\u00eddo, pela primeira vez, a Maria Velho da Costa, seguindo-se Maria Judite de Carvalho, Mia Couto, Almeida Faria, Eduardo Louren\u00e7o, \u00d3scar Lopes, V\u00edtor Manuel de Aguiar e Silva e Agustina Bessa-Lu\u00eds. Manuel Gusm\u00e3o, Fernando Guimar\u00e3es, Vasco Gra\u00e7a Moura, M\u00e1rio Cl\u00e1udio, M\u00e1rio de Carvalho, Lu\u00edsa Dacosta, Maria Alzira Seixo, Jos\u00e9 Gil, H\u00e9lia Correia, Of\u00e9lia Paiva Monteiro, L\u00eddia Jorge, Jo\u00e3o de Melo, Teolinda Gers\u00e3o, Gon\u00e7alo M. Tavares, N\u00e9lida Pi\u00f1on, Carlos Reis, Ana Lu\u00edsa Amaral, Helena Carvalh\u00e3o Buescu e ao escritor Ondjaki.<\/p>\n","protected":false},"excerpt":{"rendered":"<p>A escolha para o Pr\u00e9mio Verg\u00edlio Ferreira recaiu este ano sobre Maria Irene Ramalho, professora catedr\u00e1tica jubilada da Sec\u00e7\u00e3o de Estudos Anglo-Americanos do Departamento de L\u00ednguas, Literaturas e Culturas da Faculdade de Letras da Universidade de Coimbra, onde foi coordenadora cient\u00edfica dos programas de doutoramento em Estudos Americanos e em&hellip;<\/p>\n","protected":false},"author":17,"featured_media":6945,"comment_status":"closed","ping_status":"open","sticky":false,"template":"","format":"standard","meta":{"advgb_blocks_editor_width":"","advgb_blocks_columns_visual_guide":"","_monsterinsights_skip_tracking":false,"_monsterinsights_sitenote_active":false,"_monsterinsights_sitenote_note":"","_monsterinsights_sitenote_category":0,"footnotes":""},"categories":[7],"tags":[1819],"class_list":["post-8699","post","type-post","status-publish","format-standard","has-post-thumbnail","hentry","category-noticias","tag-universidade-de-beja"],"yoast_head":"<!-- This site is optimized with the Yoast SEO plugin v24.4 - https:\/\/yoast.com\/wordpress\/plugins\/seo\/ -->\n<title>Pr\u00e9mio Verg\u00edlio Ferreira atribu\u00eddo a Maria Irene Ramalho - Mais Magazine<\/title>\n<meta name=\"description\" content=\"A escolha para o Pr\u00e9mio Verg\u00edlio Ferreira recaiu este ano sobre Maria Irene Ramalho, professora catedr\u00e1tica jubilada da Sec\u00e7\u00e3o de Estudos Anglo-Americanos do Departamento de L\u00ednguas, Literaturas e Culturas da Faculdade de Letras da Universidade de Coimbra, onde foi coordenadora cient\u00edfica dos programas de doutoramento em Estudos Americanos e em Estudos.\" \/>\n<meta name=\"robots\" content=\"index, follow, max-snippet:-1, max-image-preview:large, max-video-preview:-1\" \/>\n<link rel=\"canonical\" href=\"https:\/\/maismagazine.pt\/index.php\/2024\/01\/09\/premio-vergilio-ferreira-atribuido-a-maria-irene-ramalho\/\" \/>\n<meta property=\"og:locale\" content=\"pt_PT\" \/>\n<meta property=\"og:type\" content=\"article\" \/>\n<meta property=\"og:title\" content=\"Pr\u00e9mio Verg\u00edlio Ferreira atribu\u00eddo a Maria Irene Ramalho - Mais Magazine\" \/>\n<meta property=\"og:description\" content=\"A escolha para o Pr\u00e9mio Verg\u00edlio Ferreira recaiu este ano sobre Maria Irene Ramalho, professora catedr\u00e1tica jubilada da Sec\u00e7\u00e3o de Estudos Anglo-Americanos do Departamento de L\u00ednguas, Literaturas e Culturas da Faculdade de Letras da Universidade de Coimbra, onde foi coordenadora cient\u00edfica dos programas de doutoramento em Estudos Americanos e em Estudos.\" \/>\n<meta property=\"og:url\" content=\"https:\/\/maismagazine.pt\/index.php\/2024\/01\/09\/premio-vergilio-ferreira-atribuido-a-maria-irene-ramalho\/\" \/>\n<meta property=\"og:site_name\" content=\"Mais Magazine\" \/>\n<meta property=\"article:published_time\" content=\"2024-01-09T16:55:43+00:00\" \/>\n<meta property=\"og:image\" content=\"https:\/\/maismagazine.pt\/wp-content\/uploads\/2023\/06\/Logotipo-da-Universidade-de-Evora-horizontal-4.png\" \/>\n\t<meta property=\"og:image:width\" content=\"1237\" \/>\n\t<meta property=\"og:image:height\" content=\"389\" \/>\n\t<meta property=\"og:image:type\" content=\"image\/png\" \/>\n<meta name=\"author\" content=\"Tiago Costa\" \/>\n<meta name=\"twitter:card\" content=\"summary_large_image\" \/>\n<meta name=\"twitter:label1\" content=\"Escrito por\" \/>\n\t<meta name=\"twitter:data1\" content=\"\" \/>\n\t<meta name=\"twitter:label2\" content=\"Tempo estimado de leitura\" \/>\n\t<meta name=\"twitter:data2\" content=\"3 minutos\" \/>\n<script type=\"application\/ld+json\" class=\"yoast-schema-graph\">{\"@context\":\"https:\/\/schema.org\",\"@graph\":[{\"@type\":\"Article\",\"@id\":\"https:\/\/maismagazine.pt\/index.php\/2024\/01\/09\/premio-vergilio-ferreira-atribuido-a-maria-irene-ramalho\/#article\",\"isPartOf\":{\"@id\":\"https:\/\/maismagazine.pt\/index.php\/2024\/01\/09\/premio-vergilio-ferreira-atribuido-a-maria-irene-ramalho\/\"},\"author\":{\"name\":\"Tiago Costa\",\"@id\":\"https:\/\/maismagazine.pt\/#\/schema\/person\/c6c5bfccc886434cbd11c74e035f9646\"},\"headline\":\"Pr\u00e9mio Verg\u00edlio Ferreira atribu\u00eddo a Maria Irene Ramalho\",\"datePublished\":\"2024-01-09T16:55:43+00:00\",\"mainEntityOfPage\":{\"@id\":\"https:\/\/maismagazine.pt\/index.php\/2024\/01\/09\/premio-vergilio-ferreira-atribuido-a-maria-irene-ramalho\/\"},\"wordCount\":446,\"publisher\":{\"@id\":\"https:\/\/maismagazine.pt\/#organization\"},\"image\":{\"@id\":\"https:\/\/maismagazine.pt\/index.php\/2024\/01\/09\/premio-vergilio-ferreira-atribuido-a-maria-irene-ramalho\/#primaryimage\"},\"thumbnailUrl\":\"https:\/\/maismagazine.pt\/wp-content\/uploads\/2023\/06\/Logotipo-da-Universidade-de-Evora-horizontal-4.png\",\"keywords\":[\"Universidade de Beja\"],\"articleSection\":[\"Not\u00edcias\"],\"inLanguage\":\"pt-PT\"},{\"@type\":\"WebPage\",\"@id\":\"https:\/\/maismagazine.pt\/index.php\/2024\/01\/09\/premio-vergilio-ferreira-atribuido-a-maria-irene-ramalho\/\",\"url\":\"https:\/\/maismagazine.pt\/index.php\/2024\/01\/09\/premio-vergilio-ferreira-atribuido-a-maria-irene-ramalho\/\",\"name\":\"Pr\u00e9mio Verg\u00edlio Ferreira atribu\u00eddo a Maria Irene Ramalho - Mais Magazine\",\"isPartOf\":{\"@id\":\"https:\/\/maismagazine.pt\/#website\"},\"primaryImageOfPage\":{\"@id\":\"https:\/\/maismagazine.pt\/index.php\/2024\/01\/09\/premio-vergilio-ferreira-atribuido-a-maria-irene-ramalho\/#primaryimage\"},\"image\":{\"@id\":\"https:\/\/maismagazine.pt\/index.php\/2024\/01\/09\/premio-vergilio-ferreira-atribuido-a-maria-irene-ramalho\/#primaryimage\"},\"thumbnailUrl\":\"https:\/\/maismagazine.pt\/wp-content\/uploads\/2023\/06\/Logotipo-da-Universidade-de-Evora-horizontal-4.png\",\"datePublished\":\"2024-01-09T16:55:43+00:00\",\"description\":\"A escolha para o Pr\u00e9mio Verg\u00edlio Ferreira recaiu este ano sobre Maria Irene Ramalho, professora catedr\u00e1tica jubilada da Sec\u00e7\u00e3o de Estudos Anglo-Americanos do Departamento de L\u00ednguas, Literaturas e Culturas da Faculdade de Letras da Universidade de Coimbra, onde foi coordenadora cient\u00edfica dos programas de doutoramento em Estudos Americanos e em Estudos.\",\"breadcrumb\":{\"@id\":\"https:\/\/maismagazine.pt\/index.php\/2024\/01\/09\/premio-vergilio-ferreira-atribuido-a-maria-irene-ramalho\/#breadcrumb\"},\"inLanguage\":\"pt-PT\",\"potentialAction\":[{\"@type\":\"ReadAction\",\"target\":[\"https:\/\/maismagazine.pt\/index.php\/2024\/01\/09\/premio-vergilio-ferreira-atribuido-a-maria-irene-ramalho\/\"]}]},{\"@type\":\"ImageObject\",\"inLanguage\":\"pt-PT\",\"@id\":\"https:\/\/maismagazine.pt\/index.php\/2024\/01\/09\/premio-vergilio-ferreira-atribuido-a-maria-irene-ramalho\/#primaryimage\",\"url\":\"https:\/\/maismagazine.pt\/wp-content\/uploads\/2023\/06\/Logotipo-da-Universidade-de-Evora-horizontal-4.png\",\"contentUrl\":\"https:\/\/maismagazine.pt\/wp-content\/uploads\/2023\/06\/Logotipo-da-Universidade-de-Evora-horizontal-4.png\",\"width\":1237,\"height\":389},{\"@type\":\"BreadcrumbList\",\"@id\":\"https:\/\/maismagazine.pt\/index.php\/2024\/01\/09\/premio-vergilio-ferreira-atribuido-a-maria-irene-ramalho\/#breadcrumb\",\"itemListElement\":[{\"@type\":\"ListItem\",\"position\":1,\"name\":\"Home\",\"item\":\"https:\/\/maismagazine.pt\/\"},{\"@type\":\"ListItem\",\"position\":2,\"name\":\"Pr\u00e9mio Verg\u00edlio Ferreira atribu\u00eddo a Maria Irene Ramalho\"}]},{\"@type\":\"WebSite\",\"@id\":\"https:\/\/maismagazine.pt\/#website\",\"url\":\"https:\/\/maismagazine.pt\/\",\"name\":\"Mais Magazine\",\"description\":\"\",\"publisher\":{\"@id\":\"https:\/\/maismagazine.pt\/#organization\"},\"potentialAction\":[{\"@type\":\"SearchAction\",\"target\":{\"@type\":\"EntryPoint\",\"urlTemplate\":\"https:\/\/maismagazine.pt\/?s={search_term_string}\"},\"query-input\":{\"@type\":\"PropertyValueSpecification\",\"valueRequired\":true,\"valueName\":\"search_term_string\"}}],\"inLanguage\":\"pt-PT\"},{\"@type\":\"Organization\",\"@id\":\"https:\/\/maismagazine.pt\/#organization\",\"name\":\"Mais Magazine\",\"url\":\"https:\/\/maismagazine.pt\/\",\"logo\":{\"@type\":\"ImageObject\",\"inLanguage\":\"pt-PT\",\"@id\":\"https:\/\/maismagazine.pt\/#\/schema\/logo\/image\/\",\"url\":\"https:\/\/maismagazine.pt\/wp-content\/uploads\/2020\/04\/cropped-cropped-mais-magazine-site-logo-2.png\",\"contentUrl\":\"https:\/\/maismagazine.pt\/wp-content\/uploads\/2020\/04\/cropped-cropped-mais-magazine-site-logo-2.png\",\"width\":581,\"height\":90,\"caption\":\"Mais Magazine\"},\"image\":{\"@id\":\"https:\/\/maismagazine.pt\/#\/schema\/logo\/image\/\"}},{\"@type\":\"Person\",\"@id\":\"https:\/\/maismagazine.pt\/#\/schema\/person\/c6c5bfccc886434cbd11c74e035f9646\",\"name\":\"Tiago Costa\",\"image\":{\"@type\":\"ImageObject\",\"inLanguage\":\"pt-PT\",\"@id\":\"https:\/\/maismagazine.pt\/#\/schema\/person\/image\/\",\"url\":\"https:\/\/secure.gravatar.com\/avatar\/c599b2bce16c9870429198cbad5ee022?s=96&d=mm&r=g\",\"contentUrl\":\"https:\/\/secure.gravatar.com\/avatar\/c599b2bce16c9870429198cbad5ee022?s=96&d=mm&r=g\",\"caption\":\"Tiago Costa\"},\"url\":\"https:\/\/maismagazine.pt\/index.php\/author\/tiago\/\"}]}<\/script>\n<!-- \/ Yoast SEO plugin. -->","yoast_head_json":{"title":"Pr\u00e9mio Verg\u00edlio Ferreira atribu\u00eddo a Maria Irene Ramalho - Mais Magazine","description":"A escolha para o Pr\u00e9mio Verg\u00edlio Ferreira recaiu este ano sobre Maria Irene Ramalho, professora catedr\u00e1tica jubilada da Sec\u00e7\u00e3o de Estudos Anglo-Americanos do Departamento de L\u00ednguas, Literaturas e Culturas da Faculdade de Letras da Universidade de Coimbra, onde foi coordenadora cient\u00edfica dos programas de doutoramento em Estudos Americanos e em Estudos.","robots":{"index":"index","follow":"follow","max-snippet":"max-snippet:-1","max-image-preview":"max-image-preview:large","max-video-preview":"max-video-preview:-1"},"canonical":"https:\/\/maismagazine.pt\/index.php\/2024\/01\/09\/premio-vergilio-ferreira-atribuido-a-maria-irene-ramalho\/","og_locale":"pt_PT","og_type":"article","og_title":"Pr\u00e9mio Verg\u00edlio Ferreira atribu\u00eddo a Maria Irene Ramalho - Mais Magazine","og_description":"A escolha para o Pr\u00e9mio Verg\u00edlio Ferreira recaiu este ano sobre Maria Irene Ramalho, professora catedr\u00e1tica jubilada da Sec\u00e7\u00e3o de Estudos Anglo-Americanos do Departamento de L\u00ednguas, Literaturas e Culturas da Faculdade de Letras da Universidade de Coimbra, onde foi coordenadora cient\u00edfica dos programas de doutoramento em Estudos Americanos e em Estudos.","og_url":"https:\/\/maismagazine.pt\/index.php\/2024\/01\/09\/premio-vergilio-ferreira-atribuido-a-maria-irene-ramalho\/","og_site_name":"Mais Magazine","article_published_time":"2024-01-09T16:55:43+00:00","og_image":[{"width":1237,"height":389,"url":"https:\/\/maismagazine.pt\/wp-content\/uploads\/2023\/06\/Logotipo-da-Universidade-de-Evora-horizontal-4.png","type":"image\/png"}],"author":"Tiago Costa","twitter_card":"summary_large_image","twitter_misc":{"Escrito por":false,"Tempo estimado de leitura":"3 minutos"},"schema":{"@context":"https:\/\/schema.org","@graph":[{"@type":"Article","@id":"https:\/\/maismagazine.pt\/index.php\/2024\/01\/09\/premio-vergilio-ferreira-atribuido-a-maria-irene-ramalho\/#article","isPartOf":{"@id":"https:\/\/maismagazine.pt\/index.php\/2024\/01\/09\/premio-vergilio-ferreira-atribuido-a-maria-irene-ramalho\/"},"author":{"name":"Tiago Costa","@id":"https:\/\/maismagazine.pt\/#\/schema\/person\/c6c5bfccc886434cbd11c74e035f9646"},"headline":"Pr\u00e9mio Verg\u00edlio Ferreira atribu\u00eddo a Maria Irene Ramalho","datePublished":"2024-01-09T16:55:43+00:00","mainEntityOfPage":{"@id":"https:\/\/maismagazine.pt\/index.php\/2024\/01\/09\/premio-vergilio-ferreira-atribuido-a-maria-irene-ramalho\/"},"wordCount":446,"publisher":{"@id":"https:\/\/maismagazine.pt\/#organization"},"image":{"@id":"https:\/\/maismagazine.pt\/index.php\/2024\/01\/09\/premio-vergilio-ferreira-atribuido-a-maria-irene-ramalho\/#primaryimage"},"thumbnailUrl":"https:\/\/maismagazine.pt\/wp-content\/uploads\/2023\/06\/Logotipo-da-Universidade-de-Evora-horizontal-4.png","keywords":["Universidade de Beja"],"articleSection":["Not\u00edcias"],"inLanguage":"pt-PT"},{"@type":"WebPage","@id":"https:\/\/maismagazine.pt\/index.php\/2024\/01\/09\/premio-vergilio-ferreira-atribuido-a-maria-irene-ramalho\/","url":"https:\/\/maismagazine.pt\/index.php\/2024\/01\/09\/premio-vergilio-ferreira-atribuido-a-maria-irene-ramalho\/","name":"Pr\u00e9mio Verg\u00edlio Ferreira atribu\u00eddo a Maria Irene Ramalho - Mais Magazine","isPartOf":{"@id":"https:\/\/maismagazine.pt\/#website"},"primaryImageOfPage":{"@id":"https:\/\/maismagazine.pt\/index.php\/2024\/01\/09\/premio-vergilio-ferreira-atribuido-a-maria-irene-ramalho\/#primaryimage"},"image":{"@id":"https:\/\/maismagazine.pt\/index.php\/2024\/01\/09\/premio-vergilio-ferreira-atribuido-a-maria-irene-ramalho\/#primaryimage"},"thumbnailUrl":"https:\/\/maismagazine.pt\/wp-content\/uploads\/2023\/06\/Logotipo-da-Universidade-de-Evora-horizontal-4.png","datePublished":"2024-01-09T16:55:43+00:00","description":"A escolha para o Pr\u00e9mio Verg\u00edlio Ferreira recaiu este ano sobre Maria Irene Ramalho, professora catedr\u00e1tica jubilada da Sec\u00e7\u00e3o de Estudos Anglo-Americanos do Departamento de L\u00ednguas, Literaturas e Culturas da Faculdade de Letras da Universidade de Coimbra, onde foi coordenadora cient\u00edfica dos programas de doutoramento em Estudos Americanos e em Estudos.","breadcrumb":{"@id":"https:\/\/maismagazine.pt\/index.php\/2024\/01\/09\/premio-vergilio-ferreira-atribuido-a-maria-irene-ramalho\/#breadcrumb"},"inLanguage":"pt-PT","potentialAction":[{"@type":"ReadAction","target":["https:\/\/maismagazine.pt\/index.php\/2024\/01\/09\/premio-vergilio-ferreira-atribuido-a-maria-irene-ramalho\/"]}]},{"@type":"ImageObject","inLanguage":"pt-PT","@id":"https:\/\/maismagazine.pt\/index.php\/2024\/01\/09\/premio-vergilio-ferreira-atribuido-a-maria-irene-ramalho\/#primaryimage","url":"https:\/\/maismagazine.pt\/wp-content\/uploads\/2023\/06\/Logotipo-da-Universidade-de-Evora-horizontal-4.png","contentUrl":"https:\/\/maismagazine.pt\/wp-content\/uploads\/2023\/06\/Logotipo-da-Universidade-de-Evora-horizontal-4.png","width":1237,"height":389},{"@type":"BreadcrumbList","@id":"https:\/\/maismagazine.pt\/index.php\/2024\/01\/09\/premio-vergilio-ferreira-atribuido-a-maria-irene-ramalho\/#breadcrumb","itemListElement":[{"@type":"ListItem","position":1,"name":"Home","item":"https:\/\/maismagazine.pt\/"},{"@type":"ListItem","position":2,"name":"Pr\u00e9mio Verg\u00edlio Ferreira atribu\u00eddo a Maria Irene Ramalho"}]},{"@type":"WebSite","@id":"https:\/\/maismagazine.pt\/#website","url":"https:\/\/maismagazine.pt\/","name":"Mais Magazine","description":"","publisher":{"@id":"https:\/\/maismagazine.pt\/#organization"},"potentialAction":[{"@type":"SearchAction","target":{"@type":"EntryPoint","urlTemplate":"https:\/\/maismagazine.pt\/?s={search_term_string}"},"query-input":{"@type":"PropertyValueSpecification","valueRequired":true,"valueName":"search_term_string"}}],"inLanguage":"pt-PT"},{"@type":"Organization","@id":"https:\/\/maismagazine.pt\/#organization","name":"Mais Magazine","url":"https:\/\/maismagazine.pt\/","logo":{"@type":"ImageObject","inLanguage":"pt-PT","@id":"https:\/\/maismagazine.pt\/#\/schema\/logo\/image\/","url":"https:\/\/maismagazine.pt\/wp-content\/uploads\/2020\/04\/cropped-cropped-mais-magazine-site-logo-2.png","contentUrl":"https:\/\/maismagazine.pt\/wp-content\/uploads\/2020\/04\/cropped-cropped-mais-magazine-site-logo-2.png","width":581,"height":90,"caption":"Mais Magazine"},"image":{"@id":"https:\/\/maismagazine.pt\/#\/schema\/logo\/image\/"}},{"@type":"Person","@id":"https:\/\/maismagazine.pt\/#\/schema\/person\/c6c5bfccc886434cbd11c74e035f9646","name":"Tiago Costa","image":{"@type":"ImageObject","inLanguage":"pt-PT","@id":"https:\/\/maismagazine.pt\/#\/schema\/person\/image\/","url":"https:\/\/secure.gravatar.com\/avatar\/c599b2bce16c9870429198cbad5ee022?s=96&d=mm&r=g","contentUrl":"https:\/\/secure.gravatar.com\/avatar\/c599b2bce16c9870429198cbad5ee022?s=96&d=mm&r=g","caption":"Tiago Costa"},"url":"https:\/\/maismagazine.pt\/index.php\/author\/tiago\/"}]}},"author_meta":{"display_name":false,"author_link":"https:\/\/maismagazine.pt\/index.php\/author\/tiago\/"},"featured_img":"https:\/\/maismagazine.pt\/wp-content\/uploads\/2023\/06\/Logotipo-da-Universidade-de-Evora-horizontal-4-300x94.png","coauthors":[],"tax_additional":{"categories":{"linked":["<a href=\"https:\/\/maismagazine.pt\/index.php\/category\/noticias\/\" class=\"advgb-post-tax-term\">Not\u00edcias<\/a>"],"unlinked":["<span class=\"advgb-post-tax-term\">Not\u00edcias<\/span>"]},"tags":{"linked":["<a href=\"https:\/\/maismagazine.pt\/index.php\/category\/noticias\/\" class=\"advgb-post-tax-term\">Universidade de Beja<\/a>"],"unlinked":["<span class=\"advgb-post-tax-term\">Universidade de Beja<\/span>"]}},"comment_count":"0","relative_dates":{"created":"Posted 2 anos ago","modified":"Updated 2 anos ago"},"absolute_dates":{"created":"Posted on 9 de Janeiro, 2024","modified":"Updated on 9 de Janeiro, 2024"},"absolute_dates_time":{"created":"Posted on 9 de Janeiro, 2024 16:55","modified":"Updated on 9 de Janeiro, 2024 16:55"},"featured_img_caption":"","series_order":"","_links":{"self":[{"href":"https:\/\/maismagazine.pt\/index.php\/wp-json\/wp\/v2\/posts\/8699","targetHints":{"allow":["GET"]}}],"collection":[{"href":"https:\/\/maismagazine.pt\/index.php\/wp-json\/wp\/v2\/posts"}],"about":[{"href":"https:\/\/maismagazine.pt\/index.php\/wp-json\/wp\/v2\/types\/post"}],"author":[{"embeddable":true,"href":"https:\/\/maismagazine.pt\/index.php\/wp-json\/wp\/v2\/users\/17"}],"replies":[{"embeddable":true,"href":"https:\/\/maismagazine.pt\/index.php\/wp-json\/wp\/v2\/comments?post=8699"}],"version-history":[{"count":1,"href":"https:\/\/maismagazine.pt\/index.php\/wp-json\/wp\/v2\/posts\/8699\/revisions"}],"predecessor-version":[{"id":8700,"href":"https:\/\/maismagazine.pt\/index.php\/wp-json\/wp\/v2\/posts\/8699\/revisions\/8700"}],"wp:featuredmedia":[{"embeddable":true,"href":"https:\/\/maismagazine.pt\/index.php\/wp-json\/wp\/v2\/media\/6945"}],"wp:attachment":[{"href":"https:\/\/maismagazine.pt\/index.php\/wp-json\/wp\/v2\/media?parent=8699"}],"wp:term":[{"taxonomy":"category","embeddable":true,"href":"https:\/\/maismagazine.pt\/index.php\/wp-json\/wp\/v2\/categories?post=8699"},{"taxonomy":"post_tag","embeddable":true,"href":"https:\/\/maismagazine.pt\/index.php\/wp-json\/wp\/v2\/tags?post=8699"}],"curies":[{"name":"wp","href":"https:\/\/api.w.org\/{rel}","templated":true}]}}