{"id":8488,"date":"2023-12-22T07:00:00","date_gmt":"2023-12-22T07:00:00","guid":{"rendered":"https:\/\/maismagazine.pt\/?p=8488"},"modified":"2023-12-18T16:30:15","modified_gmt":"2023-12-18T16:30:15","slug":"um-espaco-feito-a-sua-medida","status":"publish","type":"post","link":"https:\/\/maismagazine.pt\/index.php\/2023\/12\/22\/um-espaco-feito-a-sua-medida\/","title":{"rendered":"Um espa\u00e7o feito \u00e0 sua medida"},"content":{"rendered":"\n<p><strong>\u00c9 atrav\u00e9s da aposta nos detalhes exclusivos que o <a href=\"http:\/\/alfaiatedinteriores.pt\">Alfaiate D\u2019Interiores<\/a> tem deixado a sua marca no mercado a n\u00edvel nacional e internacional. Em entrevista \u00e0 Mais Magazine, Diogo Rocha, o atual CEO da empresa, aborda o lan\u00e7amento da Cole\u00e7\u00e3o Balance que \u201cintegra de forma equilibrada o design sofisticado e a consci\u00eancia ambiental\u201d.<\/strong><\/p>\n\n\n\n<p><\/p>\n\n\n\n<p><strong>O Alfaiate D\u2019Interiores \u201cnasce\u201d em 2013 pelas m\u00e3os da fam\u00edlia Rocha. Nesse sentido, explique-nos como tudo come\u00e7ou.<\/strong><\/p>\n\n\n\n<p>Desde 1947, a nossa fam\u00edlia tem constru\u00eddo uma s\u00f3lida presen\u00e7a no universo do mobili\u00e1rio e em outras \u00e1reas de neg\u00f3cio. \u00c9 atrav\u00e9s da Epoca \u2013 Home, Palace &amp; Hotel Concept, que ao longo destes anos de dedica\u00e7\u00e3o, conquistamos reconhecimento tanto nacional quanto internacional, especialmente pela cria\u00e7\u00e3o de projetos not\u00e1veis no setor hoteleiro, como hot\u00e9is e pal\u00e1cios, que se estendem por diversas partes do mundo, sempre mantendo a nossa ess\u00eancia e tradi\u00e7\u00e3o. A nossa perce\u00e7\u00e3o face aos coment\u00e1rios dos h\u00f3spedes que frequentavam os nossos projetos revelou uma procura latente pela qualidade que coloc\u00e1vamos em cada trabalho. Foi a partir desse insight que surgiu a ideia inovadora de concretizar esses desejos, criando algo verdadeiramente distinto. O conceito de \u201cvestir \u00e0 medida\u201d o interior de cada espa\u00e7o, com um foco meticuloso nos detalhes, emergiu como a ess\u00eancia do que viria a ser o Alfaiate D\u2019Interiores. <\/p>\n\n\n\n<p><\/p>\n\n\n\n<p><strong>Podemos afirmar que a uni\u00e3o da tradi\u00e7\u00e3o \u00e0 inova\u00e7\u00e3o \u00e9 uma das vossas principais premissas? <\/strong><\/p>\n\n\n\n<p>Sim. A produ\u00e7\u00e3o artesanal continua a ter um papel fundamental em todo o nosso processo, uma vez que somos diferenciados no mercado pelos nossos detalhes exclusivos. S\u00e3o a nossa verdadeira ess\u00eancia. A tradi\u00e7\u00e3o fornece uma base s\u00f3lida e respeit\u00e1vel, enquanto a inova\u00e7\u00e3o permite-nos explorar novas formas de respondermos \u00e0 constante procura da evolu\u00e7\u00e3o do design de interiores. Essa fus\u00e3o \u00fanica n\u00e3o apenas preserva a autenticidade e a exclusividade das pr\u00e1ticas artesanais, mas tamb\u00e9m nos capacita a criar espa\u00e7os que transcendem as expectativas. Em cada projeto, procuramos equilibrar cuidadosamente elementos atemporais com solu\u00e7\u00f5es inovadoras, resultando em ambientes que contam hist\u00f3rias, incorporam a personalidade de cada cliente e se destacam pela excel\u00eancia est\u00e9tica e funcional. \u00c9 este equil\u00edbrio entre tradi\u00e7\u00e3o e inova\u00e7\u00e3o que nos permite permanecer na vanguarda do design de interiores, garantindo que cada cria\u00e7\u00e3o do Alfaiate D\u2019Interiores seja uma express\u00e3o \u00fanica e duradoura de eleg\u00e2ncia intemporal. <\/p>\n\n\n\n<p><\/p>\n\n\n\n<p><strong>E em termos de servi\u00e7os, o que t\u00eam para oferecer a quem vos procura? <\/strong><\/p>\n\n\n\n<p>O Alfaiate Home representa a ess\u00eancia do nosso compromisso em proporcionar uma abordagem exclusiva e personalizada ao design de interiores. Dedicamo-nos a criar ambientes que n\u00e3o apenas refletem o estilo e personalidade \u00fanicos de cada cliente, mas tamb\u00e9m garantem exclusividade e funcionalidade superiores. Cada projeto \u00e9 uma express\u00e3o exclusiva, onde a aten\u00e7\u00e3o aos detalhes \u00e9 a nossa assinatura. Oferecemos tr\u00eas servi\u00e7os principais: projetos 2D e 3D, decora\u00e7\u00e3o de interiores e mobili\u00e1rio por medida. Embora cada servi\u00e7o possa ser tratado de forma independente, a integra\u00e7\u00e3o harmoniosa dos tr\u00eas \u00e9 uma caracter\u00edstica marcante na maioria dos nossos projetos. Cada vez mais, somos procurados para projetos chave na m\u00e3o, onde os clientes confiam em n\u00f3s para uma solu\u00e7\u00e3o completa em todas as vertentes do design de interiores. Ao longo de todo o processo, desde o briefing inicial at\u00e9 \u00e0 entrega e montagem, a nossa equipa destaca-se no acompanhamento cont\u00ednuo e de excel\u00eancia. No Alfaiate Home, a aten\u00e7\u00e3o meticulosa aos detalhes \u00e9 a nossa assinatura, e cada projeto \u00e9 uma narrativa \u00fanica que une tradi\u00e7\u00e3o e excel\u00eancia. Estamos aqui para transformar ideias em realidade, oferecendo um servi\u00e7o que n\u00e3o apenas satisfaz, mas supera as expectativas. <\/p>\n\n\n\n<figure class=\"wp-block-gallery has-nested-images columns-default is-cropped wp-block-gallery-1 is-layout-flex wp-block-gallery-is-layout-flex\">\n<figure class=\"wp-block-image size-large\"><img loading=\"lazy\" decoding=\"async\" width=\"693\" height=\"461\" data-id=\"8493\" src=\"https:\/\/maismagazine.pt\/wp-content\/uploads\/2023\/12\/DSC_1846.jpg\" alt=\"\" class=\"wp-image-8493\" srcset=\"https:\/\/maismagazine.pt\/wp-content\/uploads\/2023\/12\/DSC_1846.jpg 693w, https:\/\/maismagazine.pt\/wp-content\/uploads\/2023\/12\/DSC_1846-300x200.jpg 300w, https:\/\/maismagazine.pt\/wp-content\/uploads\/2023\/12\/DSC_1846-150x100.jpg 150w\" sizes=\"auto, (max-width: 693px) 100vw, 693px\" \/><\/figure>\n\n\n\n<figure class=\"wp-block-image size-large\"><img loading=\"lazy\" decoding=\"async\" width=\"835\" height=\"556\" data-id=\"8492\" src=\"https:\/\/maismagazine.pt\/wp-content\/uploads\/2023\/12\/Balance-01.jpg\" alt=\"\" class=\"wp-image-8492\" srcset=\"https:\/\/maismagazine.pt\/wp-content\/uploads\/2023\/12\/Balance-01.jpg 835w, https:\/\/maismagazine.pt\/wp-content\/uploads\/2023\/12\/Balance-01-300x200.jpg 300w, https:\/\/maismagazine.pt\/wp-content\/uploads\/2023\/12\/Balance-01-768x511.jpg 768w, https:\/\/maismagazine.pt\/wp-content\/uploads\/2023\/12\/Balance-01-150x100.jpg 150w\" sizes=\"auto, (max-width: 835px) 100vw, 835px\" \/><\/figure>\n<\/figure>\n\n\n\n<p><\/p>\n\n\n\n<p><strong>Que carater\u00edsticas vos distinguem das demais empresas a atuar neste ramo? Porque \u00e9 que os clientes vos devem escolher?<\/strong><\/p>\n\n\n\n<p>Vestimos cada espa\u00e7o de forma exclusiva, refletindo a singularidade e aspira\u00e7\u00f5es individuais de cada cliente. Incorporamos pe\u00e7as \u00fanicas, cuidadosamente selecionadas, para assegurar que cada ambiente \u00e9 uma express\u00e3o aut\u00eantica de estilo e sofistica\u00e7\u00e3o. Espelhar cada tra\u00e7o da personalidade do cliente \u00e9 a base do nosso processo, permitindo que os espa\u00e7os ganhem vida com um toque pessoal inigual\u00e1vel. A criatividade \u00e9 evidente em cada projeto, onde transformamos ideias em espa\u00e7os que transcendem a imagina\u00e7\u00e3o convencional, transparecendo emo\u00e7\u00f5es para cada espa\u00e7o desejado. A produ\u00e7\u00e3o pr\u00f3pria que sustenta os nossos projetos \u00e9 um testemunho do nosso compromisso com a qualidade inigual\u00e1vel. Cada pe\u00e7a \u00e9 meticulosamente fabricada, garantindo n\u00e3o apenas uma est\u00e9tica deslumbrante, mas tamb\u00e9m durabilidade e funcionalidade superiores. A nossa equipa, composta por profissionais experientes, criativos e altamente qualificados, assume a responsabilidade de transformar vis\u00f5es em realidade. <\/p>\n\n\n\n<p><\/p>\n\n\n\n<p><strong>O lan\u00e7amento da Cole\u00e7\u00e3o Balance \u00e9 o reflexo evidente da vossa preocupa\u00e7\u00e3o ambiental. Apresente-nos um pouco a Cole\u00e7\u00e3o.<\/strong><\/p>\n\n\n\n<p>A Balance Collection reflete de forma inequ\u00edvoca o nosso compromisso e os esfor\u00e7os mais amplos para reduzir o impacto ambiental. Esta cole\u00e7\u00e3o representa a materializa\u00e7\u00e3o do nosso desejo de fazer a diferen\u00e7a, n\u00e3o apenas no conforto do lar, mas no mundo que nos rodeia. A Balance Collection, alinhada com a nossa vis\u00e3o de sustentabilidade, explora a beleza intr\u00ednseca da natureza, incorporando materiais e cores inspirados nas esta\u00e7\u00f5es em constante transforma\u00e7\u00e3o. O design intemporal subjacente a esta cole\u00e7\u00e3o torna-a independente das tend\u00eancias, refor\u00e7ando a sua durabilidade e relev\u00e2ncia ao longo do tempo. Cada pe\u00e7a \u00e9 concebida ergonomicamente para promover uma sensa\u00e7\u00e3o de bem-estar, marcando uma abordagem renovada ao design que antecipa um futuro mais sustent\u00e1vel para a nossa ind\u00fastria. A cole\u00e7\u00e3o \u00e9 caracterizada pela utiliza\u00e7\u00e3o cuidadosa de madeiras e pedras naturais, al\u00e9m de tecidos feitos a partir de materiais 100% reciclados, provenientes de garrafas de pl\u00e1stico recuperadas dos nossos oceanos. Este compromisso eco-friendly n\u00e3o apenas refor\u00e7a a est\u00e9tica \u00fanica da cole\u00e7\u00e3o, mas tamb\u00e9m se alinha com o nosso objetivo de criar pe\u00e7as que perdurem por v\u00e1rias gera\u00e7\u00f5es. Mais do que uma simples oferta de mobili\u00e1rio, esta cole\u00e7\u00e3o personifica a nossa miss\u00e3o de integrar de forma equilibrada o design sofisticado e a consci\u00eancia ambiental, estabelecendo um padr\u00e3o elevado para toda a ind\u00fastria. <\/p>\n\n\n\n<p><\/p>\n\n\n\n<p><strong>Mais recentemente, lan\u00e7aram uma nova cole\u00e7\u00e3o dedicada \u00e0s crian\u00e7as. Conte-nos um pouco mais sobre a mesma. <\/strong><\/p>\n\n\n\n<p>A introdu\u00e7\u00e3o da Cole\u00e7\u00e3o Alfaiate Kids representou n\u00e3o apenas uma expans\u00e3o estrat\u00e9gica do nosso portf\u00f3lio, mas uma resposta decisiva \u00e0 lacuna existente neste nicho de mercado singular e espec\u00edfico. O lan\u00e7amento foi o resultado de um extenso per\u00edodo de estudo e an\u00e1lise, onde identificamos a necessidade premente de ir al\u00e9m da est\u00e9tica convencional associada \u00e0s cole\u00e7\u00f5es infantis. Compreendemos que uma cole\u00e7\u00e3o para crian\u00e7as \u00e9 mais do que simplesmente uma express\u00e3o visual. Inspirados pela natureza, desenvolvemos uma cole\u00e7\u00e3o cuja ess\u00eancia est\u00e1 intrinsecamente ligada \u00e0 import\u00e2ncia cr\u00edtica atribu\u00edda ao desenvolvimento cognitivo e emocional das crian\u00e7as. Cada pe\u00e7a \u00e9 concebida para transcender o mero visual, promovendo um ambiente que estimula o crescimento saud\u00e1vel e equilibrado. A Cole\u00e7\u00e3o Alfaiate Kids \u00e9 uma express\u00e3o de delicadeza, incorporando texturas e cores suaves, juntamente com formas org\u00e2nicas que transmitem conforto e tranquilidade essenciais para o desenvolvimento infantil. Este compromisso com a experi\u00eancia sensorial e emocional destaca-se como um diferencial, refor\u00e7ando a nossa miss\u00e3o de oferecer n\u00e3o apenas mobili\u00e1rio, mas ambientes que nutrem o bem-estar das crian\u00e7as. <\/p>\n\n\n\n<p><\/p>\n\n\n\n<figure class=\"wp-block-gallery has-nested-images columns-default is-cropped wp-block-gallery-2 is-layout-flex wp-block-gallery-is-layout-flex\">\n<figure class=\"wp-block-image size-large\"><img loading=\"lazy\" decoding=\"async\" width=\"448\" height=\"560\" data-id=\"8500\" src=\"https:\/\/maismagazine.pt\/wp-content\/uploads\/2023\/12\/Kids-01.jpg\" alt=\"\" class=\"wp-image-8500\" srcset=\"https:\/\/maismagazine.pt\/wp-content\/uploads\/2023\/12\/Kids-01.jpg 448w, https:\/\/maismagazine.pt\/wp-content\/uploads\/2023\/12\/Kids-01-240x300.jpg 240w\" sizes=\"auto, (max-width: 448px) 100vw, 448px\" \/><\/figure>\n\n\n\n<figure class=\"wp-block-image size-large\"><img loading=\"lazy\" decoding=\"async\" width=\"392\" height=\"490\" data-id=\"8499\" src=\"https:\/\/maismagazine.pt\/wp-content\/uploads\/2023\/12\/AutoBackup03__View03.jpg\" alt=\"\" class=\"wp-image-8499\" srcset=\"https:\/\/maismagazine.pt\/wp-content\/uploads\/2023\/12\/AutoBackup03__View03.jpg 392w, https:\/\/maismagazine.pt\/wp-content\/uploads\/2023\/12\/AutoBackup03__View03-240x300.jpg 240w\" sizes=\"auto, (max-width: 392px) 100vw, 392px\" \/><\/figure>\n<\/figure>\n\n\n\n<p><\/p>\n\n\n\n<p><strong>Atualmente, possuem tr\u00eas lojas (Le\u00e7a da Palmeira, Foz do Douro e Parque das Na\u00e7\u00f5es), uma f\u00e1brica e um centro log\u00edstico em Pa\u00e7os de Ferreira. Pretendem continuar a expandir a marca para outras zonas do pa\u00eds? <\/strong><\/p>\n\n\n\n<p>Absolutamente. A expans\u00e3o territorial \u00e9 uma parte fundamental da nossa estrat\u00e9gia de crescimento cont\u00ednuo. Estamos em constante avalia\u00e7\u00e3o e identifica\u00e7\u00e3o de oportunidades de mercado e de regi\u00f5es estrat\u00e9gicas para introduzir os nossos produtos e servi\u00e7os. Acreditamos firmemente que a expans\u00e3o para novas zonas do pa\u00eds n\u00e3o apenas fortalece a presen\u00e7a da nossa marca, como tamb\u00e9m nos permite atender \u00e0s necessidades de um p\u00fablico mais amplo. Essa vis\u00e3o de expans\u00e3o \u00e9 impulsionada pela confian\u00e7a que depositamos na aceita\u00e7\u00e3o positiva da nossa marca e na procura crescente pelos nossos produtos e servi\u00e7os. \u00c9 uma parte integral dos nossos objetivos e continuaremos ao encontro de oportunidades estrat\u00e9gicas para levar a nossa marca a novas fronteiras. <\/p>\n\n\n\n<p><\/p>\n\n\n\n<p><strong>Para al\u00e9m da presen\u00e7a f\u00edsica, \u00e9 not\u00f3ria a vossa aposta no online. Este mercado tem vindo a responder \u00e0s vossas expectativas e objetivos? <\/strong><\/p>\n\n\n\n<p>A nossa incurs\u00e3o no mercado online representa uma evolu\u00e7\u00e3o significativa e estrat\u00e9gica, evidenciando a nossa adapta\u00e7\u00e3o \u00e0s din\u00e2micas contempor\u00e2neas do setor. A presen\u00e7a online n\u00e3o \u00e9 apenas complementar \u00e0 nossa presen\u00e7a f\u00edsica, mas uma extens\u00e3o proativa para alcan\u00e7ar uma audi\u00eancia mais vasta e diversificada. Ao longo do tempo, temos testemunhado uma melhoria cont\u00ednua no desempenho da nossa presen\u00e7a online, refletindo n\u00e3o apenas em termos de vendas, mas tamb\u00e9m na notoriedade da marca. A notoriedade conquistada online traduz-se n\u00e3o apenas em n\u00fameros, mas tamb\u00e9m na experi\u00eancia positiva e no reconhecimento dos clientes. Estamos comprometidos em manter esta trajet\u00f3ria ascendente, implementando estrat\u00e9gias que n\u00e3o apenas respondem \u00e0s expectativas atuais, mas antecipam as futuras tend\u00eancias do mercado online. Em resumo, a nossa aposta no mercado online tem sido uma pe\u00e7a fundamental na nossa estrat\u00e9gia, proporcionando n\u00e3o apenas resultados tang\u00edveis, mas tamb\u00e9m refor\u00e7ando a confian\u00e7a e o reconhecimento da marca Alfaiate D\u2019Interiores num contexto digital em constante evolu\u00e7\u00e3o. <\/p>\n\n\n\n<p><\/p>\n\n\n\n<p><strong>O facto do Alfaiate D\u2019Interiores ser reconhecido internacionalmente, tendo j\u00e1 realizado diversos projetos um pouco por todo o mundo, \u00e9 motivo de orgulho para voc\u00eas?<\/strong><\/p>\n\n\n\n<p>Sem d\u00favida. O reconhecimento internacional \u00e9 motivo de orgulho para toda a empresa. A qualidade e a diferencia\u00e7\u00e3o reconhecida no nosso servi\u00e7o, num mercado extremamente exigente acabou por nos criar diversas oportunidades. O facto de os nossos projetos ganharem destaque global \u00e9 uma valida\u00e7\u00e3o de comprometimento com a excel\u00eancia e a inova\u00e7\u00e3o que s\u00e3o os pilares da nossa abordagem empresarial, aliados \u00e0 tradi\u00e7\u00e3o. Atrav\u00e9s desse reconhecimento internacional acreditamos que teremos um crescimento significativo face a novos mercados, preservando continuamente os padr\u00f5es de identidade associada \u00e0 nossa marca. Certamente que a internacionaliza\u00e7\u00e3o est\u00e1 nos nossos objetivos a curto prazo. <\/p>\n\n\n\n<p><\/p>\n\n\n\n<p><strong>Para o futuro, o que podemos esperar do Alfaiate D\u2019Interiores?<\/strong><\/p>\n\n\n\n<p>O Alfaiate D\u2019Interiores delineia uma vis\u00e3o estrat\u00e9gica que promete consolidar a nossa presen\u00e7a no cen\u00e1rio global do design de interiores. O compromisso com a internacionaliza\u00e7\u00e3o figura como uma meta priorit\u00e1ria, \u00e0 medida que exploramos novas ideias e consolidamos a nossa presen\u00e7a no mercado nacional. Antecipamos a cria\u00e7\u00e3o e desenvolvimento de novas cole\u00e7\u00f5es que n\u00e3o apenas refletem as \u00faltimas tend\u00eancias do design de interiores, mas tamb\u00e9m expressam a nossa dedica\u00e7\u00e3o cont\u00ednua \u00e0 qualidade, sustentabilidade e inova\u00e7\u00e3o. Estamos comprometidos em criar pe\u00e7as que n\u00e3o apenas adornem espa\u00e7os, mas tamb\u00e9m contem hist\u00f3rias e inspirem experi\u00eancias \u00fanicas. Em s\u00edntese, o futuro do Alfaiate D\u2019Interiores ser\u00e1 marcado por uma jornada empresarial aliciante, centrada na expans\u00e3o, no lan\u00e7amento de cole\u00e7\u00f5es inovadoras e na capacidade cont\u00ednua de adapta\u00e7\u00e3o \u00e0s din\u00e2micas econ\u00f3micas. Estamos comprometidos em liderar n\u00e3o apenas esteticamente, mas tamb\u00e9m estrategicamente, no panorama competitivo do design de interiores. <\/p>\n\n\n\n<p><\/p>\n\n\n<div class=\"wp-block-image\">\n<figure class=\"aligncenter size-large is-resized\"><img loading=\"lazy\" decoding=\"async\" width=\"1024\" height=\"1024\" src=\"https:\/\/maismagazine.pt\/wp-content\/uploads\/2023\/12\/LOGO-ALFAIATE-1024x1024.jpg\" alt=\"\" class=\"wp-image-8501\" style=\"aspect-ratio:1;width:361px;height:auto\" srcset=\"https:\/\/maismagazine.pt\/wp-content\/uploads\/2023\/12\/LOGO-ALFAIATE-1024x1024.jpg 1024w, https:\/\/maismagazine.pt\/wp-content\/uploads\/2023\/12\/LOGO-ALFAIATE-300x300.jpg 300w, https:\/\/maismagazine.pt\/wp-content\/uploads\/2023\/12\/LOGO-ALFAIATE-150x150.jpg 150w, https:\/\/maismagazine.pt\/wp-content\/uploads\/2023\/12\/LOGO-ALFAIATE-768x768.jpg 768w, https:\/\/maismagazine.pt\/wp-content\/uploads\/2023\/12\/LOGO-ALFAIATE-1536x1536.jpg 1536w, https:\/\/maismagazine.pt\/wp-content\/uploads\/2023\/12\/LOGO-ALFAIATE.jpg 2000w\" sizes=\"auto, (max-width: 1024px) 100vw, 1024px\" \/><\/figure><\/div>","protected":false},"excerpt":{"rendered":"<p>\u00c9 atrav\u00e9s da aposta nos detalhes exclusivos que o Alfaiate D\u2019Interiores tem deixado a sua marca no mercado a n\u00edvel nacional e internacional. Em entrevista \u00e0 Mais Magazine, Diogo Rocha, o atual CEO da empresa, aborda o lan\u00e7amento da Cole\u00e7\u00e3o Balance que \u201cintegra de forma equilibrada o design sofisticado e&hellip;<\/p>\n","protected":false},"author":17,"featured_media":8506,"comment_status":"closed","ping_status":"open","sticky":false,"template":"","format":"standard","meta":{"advgb_blocks_editor_width":"","advgb_blocks_columns_visual_guide":"","_monsterinsights_skip_tracking":false,"_monsterinsights_sitenote_active":false,"_monsterinsights_sitenote_note":"","_monsterinsights_sitenote_category":0,"footnotes":""},"categories":[82,50,6],"tags":[1793],"class_list":["post-8488","post","type-post","status-publish","format-standard","has-post-thumbnail","hentry","category-decoracao","category-destaques","category-empreendedorismo","tag-alfaiate-dinteriores"],"yoast_head":"<!-- This site is optimized with the Yoast SEO plugin v24.4 - https:\/\/yoast.com\/wordpress\/plugins\/seo\/ -->\n<title>Um espa\u00e7o feito \u00e0 sua medida - Mais Magazine<\/title>\n<meta name=\"description\" content=\"\u00c9 atrav\u00e9s da aposta nos detalhes exclusivos que o Alfaiate D\u2019Interiores tem deixado a sua marca no mercado a n\u00edvel nacional e internacional. Em entrevista \u00e0 Mais Magazine, Diogo Rocha, o atual CEO da empresa, aborda o lan\u00e7amento da Cole\u00e7\u00e3o Balance que \u201cintegra de forma equilibrada o design sofisticado e a consci\u00eancia ambiental\u201d.\" \/>\n<meta name=\"robots\" content=\"index, follow, max-snippet:-1, max-image-preview:large, max-video-preview:-1\" \/>\n<link rel=\"canonical\" href=\"https:\/\/maismagazine.pt\/index.php\/2023\/12\/22\/um-espaco-feito-a-sua-medida\/\" \/>\n<meta property=\"og:locale\" content=\"pt_PT\" \/>\n<meta property=\"og:type\" content=\"article\" \/>\n<meta property=\"og:title\" content=\"Um espa\u00e7o feito \u00e0 sua medida - Mais Magazine\" \/>\n<meta property=\"og:description\" content=\"\u00c9 atrav\u00e9s da aposta nos detalhes exclusivos que o Alfaiate D\u2019Interiores tem deixado a sua marca no mercado a n\u00edvel nacional e internacional. Em entrevista \u00e0 Mais Magazine, Diogo Rocha, o atual CEO da empresa, aborda o lan\u00e7amento da Cole\u00e7\u00e3o Balance que \u201cintegra de forma equilibrada o design sofisticado e a consci\u00eancia ambiental\u201d.\" \/>\n<meta property=\"og:url\" content=\"https:\/\/maismagazine.pt\/index.php\/2023\/12\/22\/um-espaco-feito-a-sua-medida\/\" \/>\n<meta property=\"og:site_name\" content=\"Mais Magazine\" \/>\n<meta property=\"article:published_time\" content=\"2023-12-22T07:00:00+00:00\" \/>\n<meta property=\"og:image\" content=\"https:\/\/maismagazine.pt\/wp-content\/uploads\/2023\/12\/Foto-pagina-1_1.jpg\" \/>\n\t<meta property=\"og:image:width\" content=\"806\" \/>\n\t<meta property=\"og:image:height\" content=\"453\" \/>\n\t<meta property=\"og:image:type\" content=\"image\/jpeg\" \/>\n<meta name=\"author\" content=\"Tiago Costa\" \/>\n<meta name=\"twitter:card\" content=\"summary_large_image\" \/>\n<meta name=\"twitter:label1\" content=\"Escrito por\" \/>\n\t<meta name=\"twitter:data1\" content=\"\" \/>\n\t<meta name=\"twitter:label2\" content=\"Tempo estimado de leitura\" \/>\n\t<meta name=\"twitter:data2\" content=\"11 minutos\" \/>\n<script type=\"application\/ld+json\" class=\"yoast-schema-graph\">{\"@context\":\"https:\/\/schema.org\",\"@graph\":[{\"@type\":\"Article\",\"@id\":\"https:\/\/maismagazine.pt\/index.php\/2023\/12\/22\/um-espaco-feito-a-sua-medida\/#article\",\"isPartOf\":{\"@id\":\"https:\/\/maismagazine.pt\/index.php\/2023\/12\/22\/um-espaco-feito-a-sua-medida\/\"},\"author\":{\"name\":\"Tiago Costa\",\"@id\":\"https:\/\/maismagazine.pt\/#\/schema\/person\/c6c5bfccc886434cbd11c74e035f9646\"},\"headline\":\"Um espa\u00e7o feito \u00e0 sua medida\",\"datePublished\":\"2023-12-22T07:00:00+00:00\",\"mainEntityOfPage\":{\"@id\":\"https:\/\/maismagazine.pt\/index.php\/2023\/12\/22\/um-espaco-feito-a-sua-medida\/\"},\"wordCount\":1996,\"publisher\":{\"@id\":\"https:\/\/maismagazine.pt\/#organization\"},\"image\":{\"@id\":\"https:\/\/maismagazine.pt\/index.php\/2023\/12\/22\/um-espaco-feito-a-sua-medida\/#primaryimage\"},\"thumbnailUrl\":\"https:\/\/maismagazine.pt\/wp-content\/uploads\/2023\/12\/Foto-pagina-1_1.jpg\",\"keywords\":[\"Alfaiate D`Interiores\"],\"articleSection\":[\"Decora\u00e7\u00e3o\",\"Destaques\",\"Empreendedorismo\"],\"inLanguage\":\"pt-PT\"},{\"@type\":\"WebPage\",\"@id\":\"https:\/\/maismagazine.pt\/index.php\/2023\/12\/22\/um-espaco-feito-a-sua-medida\/\",\"url\":\"https:\/\/maismagazine.pt\/index.php\/2023\/12\/22\/um-espaco-feito-a-sua-medida\/\",\"name\":\"Um espa\u00e7o feito \u00e0 sua medida - Mais Magazine\",\"isPartOf\":{\"@id\":\"https:\/\/maismagazine.pt\/#website\"},\"primaryImageOfPage\":{\"@id\":\"https:\/\/maismagazine.pt\/index.php\/2023\/12\/22\/um-espaco-feito-a-sua-medida\/#primaryimage\"},\"image\":{\"@id\":\"https:\/\/maismagazine.pt\/index.php\/2023\/12\/22\/um-espaco-feito-a-sua-medida\/#primaryimage\"},\"thumbnailUrl\":\"https:\/\/maismagazine.pt\/wp-content\/uploads\/2023\/12\/Foto-pagina-1_1.jpg\",\"datePublished\":\"2023-12-22T07:00:00+00:00\",\"description\":\"\u00c9 atrav\u00e9s da aposta nos detalhes exclusivos que o Alfaiate D\u2019Interiores tem deixado a sua marca no mercado a n\u00edvel nacional e internacional. Em entrevista \u00e0 Mais Magazine, Diogo Rocha, o atual CEO da empresa, aborda o lan\u00e7amento da Cole\u00e7\u00e3o Balance que \u201cintegra de forma equilibrada o design sofisticado e a consci\u00eancia ambiental\u201d.\",\"breadcrumb\":{\"@id\":\"https:\/\/maismagazine.pt\/index.php\/2023\/12\/22\/um-espaco-feito-a-sua-medida\/#breadcrumb\"},\"inLanguage\":\"pt-PT\",\"potentialAction\":[{\"@type\":\"ReadAction\",\"target\":[\"https:\/\/maismagazine.pt\/index.php\/2023\/12\/22\/um-espaco-feito-a-sua-medida\/\"]}]},{\"@type\":\"ImageObject\",\"inLanguage\":\"pt-PT\",\"@id\":\"https:\/\/maismagazine.pt\/index.php\/2023\/12\/22\/um-espaco-feito-a-sua-medida\/#primaryimage\",\"url\":\"https:\/\/maismagazine.pt\/wp-content\/uploads\/2023\/12\/Foto-pagina-1_1.jpg\",\"contentUrl\":\"https:\/\/maismagazine.pt\/wp-content\/uploads\/2023\/12\/Foto-pagina-1_1.jpg\",\"width\":806,\"height\":453},{\"@type\":\"BreadcrumbList\",\"@id\":\"https:\/\/maismagazine.pt\/index.php\/2023\/12\/22\/um-espaco-feito-a-sua-medida\/#breadcrumb\",\"itemListElement\":[{\"@type\":\"ListItem\",\"position\":1,\"name\":\"Home\",\"item\":\"https:\/\/maismagazine.pt\/\"},{\"@type\":\"ListItem\",\"position\":2,\"name\":\"Um espa\u00e7o feito \u00e0 sua medida\"}]},{\"@type\":\"WebSite\",\"@id\":\"https:\/\/maismagazine.pt\/#website\",\"url\":\"https:\/\/maismagazine.pt\/\",\"name\":\"Mais Magazine\",\"description\":\"\",\"publisher\":{\"@id\":\"https:\/\/maismagazine.pt\/#organization\"},\"potentialAction\":[{\"@type\":\"SearchAction\",\"target\":{\"@type\":\"EntryPoint\",\"urlTemplate\":\"https:\/\/maismagazine.pt\/?s={search_term_string}\"},\"query-input\":{\"@type\":\"PropertyValueSpecification\",\"valueRequired\":true,\"valueName\":\"search_term_string\"}}],\"inLanguage\":\"pt-PT\"},{\"@type\":\"Organization\",\"@id\":\"https:\/\/maismagazine.pt\/#organization\",\"name\":\"Mais Magazine\",\"url\":\"https:\/\/maismagazine.pt\/\",\"logo\":{\"@type\":\"ImageObject\",\"inLanguage\":\"pt-PT\",\"@id\":\"https:\/\/maismagazine.pt\/#\/schema\/logo\/image\/\",\"url\":\"https:\/\/maismagazine.pt\/wp-content\/uploads\/2020\/04\/cropped-cropped-mais-magazine-site-logo-2.png\",\"contentUrl\":\"https:\/\/maismagazine.pt\/wp-content\/uploads\/2020\/04\/cropped-cropped-mais-magazine-site-logo-2.png\",\"width\":581,\"height\":90,\"caption\":\"Mais Magazine\"},\"image\":{\"@id\":\"https:\/\/maismagazine.pt\/#\/schema\/logo\/image\/\"}},{\"@type\":\"Person\",\"@id\":\"https:\/\/maismagazine.pt\/#\/schema\/person\/c6c5bfccc886434cbd11c74e035f9646\",\"name\":\"Tiago Costa\",\"image\":{\"@type\":\"ImageObject\",\"inLanguage\":\"pt-PT\",\"@id\":\"https:\/\/maismagazine.pt\/#\/schema\/person\/image\/\",\"url\":\"https:\/\/secure.gravatar.com\/avatar\/c599b2bce16c9870429198cbad5ee022?s=96&d=mm&r=g\",\"contentUrl\":\"https:\/\/secure.gravatar.com\/avatar\/c599b2bce16c9870429198cbad5ee022?s=96&d=mm&r=g\",\"caption\":\"Tiago Costa\"},\"url\":\"https:\/\/maismagazine.pt\/index.php\/author\/tiago\/\"}]}<\/script>\n<!-- \/ Yoast SEO plugin. -->","yoast_head_json":{"title":"Um espa\u00e7o feito \u00e0 sua medida - Mais Magazine","description":"\u00c9 atrav\u00e9s da aposta nos detalhes exclusivos que o Alfaiate D\u2019Interiores tem deixado a sua marca no mercado a n\u00edvel nacional e internacional. Em entrevista \u00e0 Mais Magazine, Diogo Rocha, o atual CEO da empresa, aborda o lan\u00e7amento da Cole\u00e7\u00e3o Balance que \u201cintegra de forma equilibrada o design sofisticado e a consci\u00eancia ambiental\u201d.","robots":{"index":"index","follow":"follow","max-snippet":"max-snippet:-1","max-image-preview":"max-image-preview:large","max-video-preview":"max-video-preview:-1"},"canonical":"https:\/\/maismagazine.pt\/index.php\/2023\/12\/22\/um-espaco-feito-a-sua-medida\/","og_locale":"pt_PT","og_type":"article","og_title":"Um espa\u00e7o feito \u00e0 sua medida - Mais Magazine","og_description":"\u00c9 atrav\u00e9s da aposta nos detalhes exclusivos que o Alfaiate D\u2019Interiores tem deixado a sua marca no mercado a n\u00edvel nacional e internacional. Em entrevista \u00e0 Mais Magazine, Diogo Rocha, o atual CEO da empresa, aborda o lan\u00e7amento da Cole\u00e7\u00e3o Balance que \u201cintegra de forma equilibrada o design sofisticado e a consci\u00eancia ambiental\u201d.","og_url":"https:\/\/maismagazine.pt\/index.php\/2023\/12\/22\/um-espaco-feito-a-sua-medida\/","og_site_name":"Mais Magazine","article_published_time":"2023-12-22T07:00:00+00:00","og_image":[{"width":806,"height":453,"url":"https:\/\/maismagazine.pt\/wp-content\/uploads\/2023\/12\/Foto-pagina-1_1.jpg","type":"image\/jpeg"}],"author":"Tiago Costa","twitter_card":"summary_large_image","twitter_misc":{"Escrito por":false,"Tempo estimado de leitura":"11 minutos"},"schema":{"@context":"https:\/\/schema.org","@graph":[{"@type":"Article","@id":"https:\/\/maismagazine.pt\/index.php\/2023\/12\/22\/um-espaco-feito-a-sua-medida\/#article","isPartOf":{"@id":"https:\/\/maismagazine.pt\/index.php\/2023\/12\/22\/um-espaco-feito-a-sua-medida\/"},"author":{"name":"Tiago Costa","@id":"https:\/\/maismagazine.pt\/#\/schema\/person\/c6c5bfccc886434cbd11c74e035f9646"},"headline":"Um espa\u00e7o feito \u00e0 sua medida","datePublished":"2023-12-22T07:00:00+00:00","mainEntityOfPage":{"@id":"https:\/\/maismagazine.pt\/index.php\/2023\/12\/22\/um-espaco-feito-a-sua-medida\/"},"wordCount":1996,"publisher":{"@id":"https:\/\/maismagazine.pt\/#organization"},"image":{"@id":"https:\/\/maismagazine.pt\/index.php\/2023\/12\/22\/um-espaco-feito-a-sua-medida\/#primaryimage"},"thumbnailUrl":"https:\/\/maismagazine.pt\/wp-content\/uploads\/2023\/12\/Foto-pagina-1_1.jpg","keywords":["Alfaiate D`Interiores"],"articleSection":["Decora\u00e7\u00e3o","Destaques","Empreendedorismo"],"inLanguage":"pt-PT"},{"@type":"WebPage","@id":"https:\/\/maismagazine.pt\/index.php\/2023\/12\/22\/um-espaco-feito-a-sua-medida\/","url":"https:\/\/maismagazine.pt\/index.php\/2023\/12\/22\/um-espaco-feito-a-sua-medida\/","name":"Um espa\u00e7o feito \u00e0 sua medida - Mais Magazine","isPartOf":{"@id":"https:\/\/maismagazine.pt\/#website"},"primaryImageOfPage":{"@id":"https:\/\/maismagazine.pt\/index.php\/2023\/12\/22\/um-espaco-feito-a-sua-medida\/#primaryimage"},"image":{"@id":"https:\/\/maismagazine.pt\/index.php\/2023\/12\/22\/um-espaco-feito-a-sua-medida\/#primaryimage"},"thumbnailUrl":"https:\/\/maismagazine.pt\/wp-content\/uploads\/2023\/12\/Foto-pagina-1_1.jpg","datePublished":"2023-12-22T07:00:00+00:00","description":"\u00c9 atrav\u00e9s da aposta nos detalhes exclusivos que o Alfaiate D\u2019Interiores tem deixado a sua marca no mercado a n\u00edvel nacional e internacional. Em entrevista \u00e0 Mais Magazine, Diogo Rocha, o atual CEO da empresa, aborda o lan\u00e7amento da Cole\u00e7\u00e3o Balance que \u201cintegra de forma equilibrada o design sofisticado e a consci\u00eancia ambiental\u201d.","breadcrumb":{"@id":"https:\/\/maismagazine.pt\/index.php\/2023\/12\/22\/um-espaco-feito-a-sua-medida\/#breadcrumb"},"inLanguage":"pt-PT","potentialAction":[{"@type":"ReadAction","target":["https:\/\/maismagazine.pt\/index.php\/2023\/12\/22\/um-espaco-feito-a-sua-medida\/"]}]},{"@type":"ImageObject","inLanguage":"pt-PT","@id":"https:\/\/maismagazine.pt\/index.php\/2023\/12\/22\/um-espaco-feito-a-sua-medida\/#primaryimage","url":"https:\/\/maismagazine.pt\/wp-content\/uploads\/2023\/12\/Foto-pagina-1_1.jpg","contentUrl":"https:\/\/maismagazine.pt\/wp-content\/uploads\/2023\/12\/Foto-pagina-1_1.jpg","width":806,"height":453},{"@type":"BreadcrumbList","@id":"https:\/\/maismagazine.pt\/index.php\/2023\/12\/22\/um-espaco-feito-a-sua-medida\/#breadcrumb","itemListElement":[{"@type":"ListItem","position":1,"name":"Home","item":"https:\/\/maismagazine.pt\/"},{"@type":"ListItem","position":2,"name":"Um espa\u00e7o feito \u00e0 sua medida"}]},{"@type":"WebSite","@id":"https:\/\/maismagazine.pt\/#website","url":"https:\/\/maismagazine.pt\/","name":"Mais Magazine","description":"","publisher":{"@id":"https:\/\/maismagazine.pt\/#organization"},"potentialAction":[{"@type":"SearchAction","target":{"@type":"EntryPoint","urlTemplate":"https:\/\/maismagazine.pt\/?s={search_term_string}"},"query-input":{"@type":"PropertyValueSpecification","valueRequired":true,"valueName":"search_term_string"}}],"inLanguage":"pt-PT"},{"@type":"Organization","@id":"https:\/\/maismagazine.pt\/#organization","name":"Mais Magazine","url":"https:\/\/maismagazine.pt\/","logo":{"@type":"ImageObject","inLanguage":"pt-PT","@id":"https:\/\/maismagazine.pt\/#\/schema\/logo\/image\/","url":"https:\/\/maismagazine.pt\/wp-content\/uploads\/2020\/04\/cropped-cropped-mais-magazine-site-logo-2.png","contentUrl":"https:\/\/maismagazine.pt\/wp-content\/uploads\/2020\/04\/cropped-cropped-mais-magazine-site-logo-2.png","width":581,"height":90,"caption":"Mais Magazine"},"image":{"@id":"https:\/\/maismagazine.pt\/#\/schema\/logo\/image\/"}},{"@type":"Person","@id":"https:\/\/maismagazine.pt\/#\/schema\/person\/c6c5bfccc886434cbd11c74e035f9646","name":"Tiago Costa","image":{"@type":"ImageObject","inLanguage":"pt-PT","@id":"https:\/\/maismagazine.pt\/#\/schema\/person\/image\/","url":"https:\/\/secure.gravatar.com\/avatar\/c599b2bce16c9870429198cbad5ee022?s=96&d=mm&r=g","contentUrl":"https:\/\/secure.gravatar.com\/avatar\/c599b2bce16c9870429198cbad5ee022?s=96&d=mm&r=g","caption":"Tiago Costa"},"url":"https:\/\/maismagazine.pt\/index.php\/author\/tiago\/"}]}},"author_meta":{"display_name":false,"author_link":"https:\/\/maismagazine.pt\/index.php\/author\/tiago\/"},"featured_img":"https:\/\/maismagazine.pt\/wp-content\/uploads\/2023\/12\/Foto-pagina-1_1-300x169.jpg","coauthors":[],"tax_additional":{"categories":{"linked":["<a href=\"https:\/\/maismagazine.pt\/index.php\/category\/empreendedorismo\/decoracao\/\" class=\"advgb-post-tax-term\">Decora\u00e7\u00e3o<\/a>","<a href=\"https:\/\/maismagazine.pt\/index.php\/category\/destaques\/\" class=\"advgb-post-tax-term\">Destaques<\/a>","<a href=\"https:\/\/maismagazine.pt\/index.php\/category\/empreendedorismo\/\" class=\"advgb-post-tax-term\">Empreendedorismo<\/a>"],"unlinked":["<span class=\"advgb-post-tax-term\">Decora\u00e7\u00e3o<\/span>","<span class=\"advgb-post-tax-term\">Destaques<\/span>","<span class=\"advgb-post-tax-term\">Empreendedorismo<\/span>"]},"tags":{"linked":["<a href=\"https:\/\/maismagazine.pt\/index.php\/category\/empreendedorismo\/\" class=\"advgb-post-tax-term\">Alfaiate D`Interiores<\/a>"],"unlinked":["<span class=\"advgb-post-tax-term\">Alfaiate D`Interiores<\/span>"]}},"comment_count":"0","relative_dates":{"created":"Posted 2 anos ago","modified":"Updated 2 anos ago"},"absolute_dates":{"created":"Posted on 22 de Dezembro, 2023","modified":"Updated on 18 de Dezembro, 2023"},"absolute_dates_time":{"created":"Posted on 22 de Dezembro, 2023 7:00","modified":"Updated on 18 de Dezembro, 2023 16:30"},"featured_img_caption":"","series_order":"","_links":{"self":[{"href":"https:\/\/maismagazine.pt\/index.php\/wp-json\/wp\/v2\/posts\/8488","targetHints":{"allow":["GET"]}}],"collection":[{"href":"https:\/\/maismagazine.pt\/index.php\/wp-json\/wp\/v2\/posts"}],"about":[{"href":"https:\/\/maismagazine.pt\/index.php\/wp-json\/wp\/v2\/types\/post"}],"author":[{"embeddable":true,"href":"https:\/\/maismagazine.pt\/index.php\/wp-json\/wp\/v2\/users\/17"}],"replies":[{"embeddable":true,"href":"https:\/\/maismagazine.pt\/index.php\/wp-json\/wp\/v2\/comments?post=8488"}],"version-history":[{"count":2,"href":"https:\/\/maismagazine.pt\/index.php\/wp-json\/wp\/v2\/posts\/8488\/revisions"}],"predecessor-version":[{"id":8508,"href":"https:\/\/maismagazine.pt\/index.php\/wp-json\/wp\/v2\/posts\/8488\/revisions\/8508"}],"wp:featuredmedia":[{"embeddable":true,"href":"https:\/\/maismagazine.pt\/index.php\/wp-json\/wp\/v2\/media\/8506"}],"wp:attachment":[{"href":"https:\/\/maismagazine.pt\/index.php\/wp-json\/wp\/v2\/media?parent=8488"}],"wp:term":[{"taxonomy":"category","embeddable":true,"href":"https:\/\/maismagazine.pt\/index.php\/wp-json\/wp\/v2\/categories?post=8488"},{"taxonomy":"post_tag","embeddable":true,"href":"https:\/\/maismagazine.pt\/index.php\/wp-json\/wp\/v2\/tags?post=8488"}],"curies":[{"name":"wp","href":"https:\/\/api.w.org\/{rel}","templated":true}]}}