{"id":8434,"date":"2023-11-17T16:28:58","date_gmt":"2023-11-17T16:28:58","guid":{"rendered":"https:\/\/maismagazine.pt\/?p=8434"},"modified":"2023-11-17T16:28:58","modified_gmt":"2023-11-17T16:28:58","slug":"formacao-proxima-assinatura-de-protocolo-entre-o-turismo-de-portugali-p-e-o-municipio-de-mogadouro","status":"publish","type":"post","link":"https:\/\/maismagazine.pt\/index.php\/2023\/11\/17\/formacao-proxima-assinatura-de-protocolo-entre-o-turismo-de-portugali-p-e-o-municipio-de-mogadouro\/","title":{"rendered":"Forma\u00e7\u00e3o + Pr\u00f3xima: Assinatura de Protocolo entre o Turismo de Portugal,I.P. e o Munic\u00edpio de Mogadouro"},"content":{"rendered":"\n<p><strong>O Munic\u00edpio de Mogadouro vai associar-se \u00e0 Escola de Hotelaria e Turismo do Douro Lamego para implementar no seu concelho o programa Forma\u00e7\u00e3o + Pr\u00f3xima.<\/strong><\/p>\n\n\n\n<p><\/p>\n\n\n\n<p>O Programa Forma\u00e7\u00e3o + Pr\u00f3xima tem como principais destinat\u00e1rios os empres\u00e1rios do sector tur\u00edstico, hotelaria, restaura\u00e7\u00e3o e com\u00e9rcio, bem como os servi\u00e7os p\u00fablicos e privados de gest\u00e3o nesta \u00e1rea. O seu principal objetivo \u00e9 capacitar o territ\u00f3rio na \u201cArte da Hospitalidade\u201d, dando oportunidades aos agentes que laboram neste sector para ampliarem os seus conhecimentos em \u00e1reas chave para o desenvolvimento das suas atividades e para a presta\u00e7\u00e3o do melhor servi\u00e7o poss\u00edvel aos clientes. As a\u00e7\u00f5es de forma\u00e7\u00e3o a desenvolver s\u00e3o determinadas com base num diagn\u00f3stico inicial de necessidades e interesses realizado junto do p\u00fablico alvo. Em Mogadouro a fase de diagn\u00f3stico terminou a 10 de novembro, tendo sido obtida a participa\u00e7\u00e3o de mais 70% dos empres\u00e1rios dos sectores alvo. O Diagn\u00f3stico foi realizado atrav\u00e9s de uma ferramenta digital que permite aferir conclus\u00f5es quase imediatas sobre as a\u00e7\u00f5es a priorizar, hor\u00e1rios mais adequados para as aulas e uma estimativa do n\u00famero de formandos em cada a\u00e7\u00e3o. Deste modo, ser\u00e1 poss\u00edvel desenhar um plano de forma\u00e7\u00e3o direcionado para a realidade dos empres\u00e1rios e dos trabalhadores do sector do turismo no concelho de Mogadouro, o que, certamente, vai contribuir de forma muita positiva para os resultados do projeto.<\/p>\n\n\n\n<p>O Protocolo de colabora\u00e7\u00e3o para implementa\u00e7\u00e3o desta iniciativa ser\u00e1 oficializado numa sess\u00e3o de assinatura, que contar\u00e1 com a presen\u00e7a do tecido empresarial local. Nesta sess\u00e3o, marcada para dia 20 de novembro, \u00e0s 15H00, o Munic\u00edpio de Mogadouro ser\u00e1 representado pelo seu presidente, Ant\u00f3nio Joaquim Pimentel, e o Turismo de Portugal, I.P., ser\u00e1 representado por Lu\u00eds Miguel Ferreira Ara\u00fajo Duarte, na qualidade de Diretor de Escola de Hotelaria e Turismo do Douro Lamego.<\/p>\n\n\n\n<p><\/p>\n\n\n\n<p><strong>O Evento:<br><\/strong>Datas: 20 de novembro de 2023<br>Hor\u00e1rio: 15h00<br>Local: CIMR \u2013 Centro de Interpreta\u00e7\u00e3o do Mundo Rural, Ponte Romana &#8211; Ribeira do Juncal 5200 &#8211; Mogadouro<\/p>\n","protected":false},"excerpt":{"rendered":"<p>O Munic\u00edpio de Mogadouro vai associar-se \u00e0 Escola de Hotelaria e Turismo do Douro Lamego para implementar no seu concelho o programa Forma\u00e7\u00e3o + Pr\u00f3xima. O Programa Forma\u00e7\u00e3o + Pr\u00f3xima tem como principais destinat\u00e1rios os empres\u00e1rios do sector tur\u00edstico, hotelaria, restaura\u00e7\u00e3o e com\u00e9rcio, bem como os servi\u00e7os p\u00fablicos e privados&hellip;<\/p>\n","protected":false},"author":17,"featured_media":8435,"comment_status":"closed","ping_status":"open","sticky":false,"template":"","format":"standard","meta":{"advgb_blocks_editor_width":"","advgb_blocks_columns_visual_guide":"","_monsterinsights_skip_tracking":false,"_monsterinsights_sitenote_active":false,"_monsterinsights_sitenote_note":"","_monsterinsights_sitenote_category":0,"footnotes":""},"categories":[7],"tags":[654],"class_list":["post-8434","post","type-post","status-publish","format-standard","has-post-thumbnail","hentry","category-noticias","tag-mogadouro"],"yoast_head":"<!-- This site is optimized with the Yoast SEO plugin v24.4 - https:\/\/yoast.com\/wordpress\/plugins\/seo\/ -->\n<title>Forma\u00e7\u00e3o + Pr\u00f3xima: Assinatura de Protocolo entre o Turismo de Portugal,I.P. e o Munic\u00edpio de Mogadouro - Mais Magazine<\/title>\n<meta name=\"description\" content=\"O Munic\u00edpio de Mogadouro vai associar-se \u00e0 Escola de Hotelaria e Turismo do Douro Lamego para implementar no seu concelho o programa Forma\u00e7\u00e3o + Pr\u00f3xima.\" \/>\n<meta name=\"robots\" content=\"index, follow, max-snippet:-1, max-image-preview:large, max-video-preview:-1\" \/>\n<link rel=\"canonical\" href=\"https:\/\/maismagazine.pt\/index.php\/2023\/11\/17\/formacao-proxima-assinatura-de-protocolo-entre-o-turismo-de-portugali-p-e-o-municipio-de-mogadouro\/\" \/>\n<meta property=\"og:locale\" content=\"pt_PT\" \/>\n<meta property=\"og:type\" content=\"article\" \/>\n<meta property=\"og:title\" content=\"Forma\u00e7\u00e3o + Pr\u00f3xima: Assinatura de Protocolo entre o Turismo de Portugal,I.P. e o Munic\u00edpio de Mogadouro - Mais Magazine\" \/>\n<meta property=\"og:description\" content=\"O Munic\u00edpio de Mogadouro vai associar-se \u00e0 Escola de Hotelaria e Turismo do Douro Lamego para implementar no seu concelho o programa Forma\u00e7\u00e3o + Pr\u00f3xima.\" \/>\n<meta property=\"og:url\" content=\"https:\/\/maismagazine.pt\/index.php\/2023\/11\/17\/formacao-proxima-assinatura-de-protocolo-entre-o-turismo-de-portugali-p-e-o-municipio-de-mogadouro\/\" \/>\n<meta property=\"og:site_name\" content=\"Mais Magazine\" \/>\n<meta property=\"article:published_time\" content=\"2023-11-17T16:28:58+00:00\" \/>\n<meta property=\"og:image\" content=\"https:\/\/maismagazine.pt\/wp-content\/uploads\/2023\/11\/mmlogo.png\" \/>\n\t<meta property=\"og:image:width\" content=\"1400\" \/>\n\t<meta property=\"og:image:height\" content=\"540\" \/>\n\t<meta property=\"og:image:type\" content=\"image\/png\" \/>\n<meta name=\"author\" content=\"Tiago Costa\" \/>\n<meta name=\"twitter:card\" content=\"summary_large_image\" \/>\n<meta name=\"twitter:label1\" content=\"Escrito por\" \/>\n\t<meta name=\"twitter:data1\" content=\"\" \/>\n\t<meta name=\"twitter:label2\" content=\"Tempo estimado de leitura\" \/>\n\t<meta name=\"twitter:data2\" content=\"2 minutos\" \/>\n<script type=\"application\/ld+json\" class=\"yoast-schema-graph\">{\"@context\":\"https:\/\/schema.org\",\"@graph\":[{\"@type\":\"Article\",\"@id\":\"https:\/\/maismagazine.pt\/index.php\/2023\/11\/17\/formacao-proxima-assinatura-de-protocolo-entre-o-turismo-de-portugali-p-e-o-municipio-de-mogadouro\/#article\",\"isPartOf\":{\"@id\":\"https:\/\/maismagazine.pt\/index.php\/2023\/11\/17\/formacao-proxima-assinatura-de-protocolo-entre-o-turismo-de-portugali-p-e-o-municipio-de-mogadouro\/\"},\"author\":{\"name\":\"Tiago Costa\",\"@id\":\"http:\/\/maismagazine.pt\/#\/schema\/person\/c6c5bfccc886434cbd11c74e035f9646\"},\"headline\":\"Forma\u00e7\u00e3o + Pr\u00f3xima: Assinatura de Protocolo entre o Turismo de Portugal,I.P. e o Munic\u00edpio de Mogadouro\",\"datePublished\":\"2023-11-17T16:28:58+00:00\",\"mainEntityOfPage\":{\"@id\":\"https:\/\/maismagazine.pt\/index.php\/2023\/11\/17\/formacao-proxima-assinatura-de-protocolo-entre-o-turismo-de-portugali-p-e-o-municipio-de-mogadouro\/\"},\"wordCount\":376,\"publisher\":{\"@id\":\"http:\/\/maismagazine.pt\/#organization\"},\"image\":{\"@id\":\"https:\/\/maismagazine.pt\/index.php\/2023\/11\/17\/formacao-proxima-assinatura-de-protocolo-entre-o-turismo-de-portugali-p-e-o-municipio-de-mogadouro\/#primaryimage\"},\"thumbnailUrl\":\"https:\/\/maismagazine.pt\/wp-content\/uploads\/2023\/11\/mmlogo.png\",\"keywords\":[\"Mogadouro\"],\"articleSection\":[\"Not\u00edcias\"],\"inLanguage\":\"pt-PT\"},{\"@type\":\"WebPage\",\"@id\":\"https:\/\/maismagazine.pt\/index.php\/2023\/11\/17\/formacao-proxima-assinatura-de-protocolo-entre-o-turismo-de-portugali-p-e-o-municipio-de-mogadouro\/\",\"url\":\"https:\/\/maismagazine.pt\/index.php\/2023\/11\/17\/formacao-proxima-assinatura-de-protocolo-entre-o-turismo-de-portugali-p-e-o-municipio-de-mogadouro\/\",\"name\":\"Forma\u00e7\u00e3o + Pr\u00f3xima: Assinatura de Protocolo entre o Turismo de Portugal,I.P. e o Munic\u00edpio de Mogadouro - Mais Magazine\",\"isPartOf\":{\"@id\":\"http:\/\/maismagazine.pt\/#website\"},\"primaryImageOfPage\":{\"@id\":\"https:\/\/maismagazine.pt\/index.php\/2023\/11\/17\/formacao-proxima-assinatura-de-protocolo-entre-o-turismo-de-portugali-p-e-o-municipio-de-mogadouro\/#primaryimage\"},\"image\":{\"@id\":\"https:\/\/maismagazine.pt\/index.php\/2023\/11\/17\/formacao-proxima-assinatura-de-protocolo-entre-o-turismo-de-portugali-p-e-o-municipio-de-mogadouro\/#primaryimage\"},\"thumbnailUrl\":\"https:\/\/maismagazine.pt\/wp-content\/uploads\/2023\/11\/mmlogo.png\",\"datePublished\":\"2023-11-17T16:28:58+00:00\",\"description\":\"O Munic\u00edpio de Mogadouro vai associar-se \u00e0 Escola de Hotelaria e Turismo do Douro Lamego para implementar no seu concelho o programa Forma\u00e7\u00e3o + Pr\u00f3xima.\",\"breadcrumb\":{\"@id\":\"https:\/\/maismagazine.pt\/index.php\/2023\/11\/17\/formacao-proxima-assinatura-de-protocolo-entre-o-turismo-de-portugali-p-e-o-municipio-de-mogadouro\/#breadcrumb\"},\"inLanguage\":\"pt-PT\",\"potentialAction\":[{\"@type\":\"ReadAction\",\"target\":[\"https:\/\/maismagazine.pt\/index.php\/2023\/11\/17\/formacao-proxima-assinatura-de-protocolo-entre-o-turismo-de-portugali-p-e-o-municipio-de-mogadouro\/\"]}]},{\"@type\":\"ImageObject\",\"inLanguage\":\"pt-PT\",\"@id\":\"https:\/\/maismagazine.pt\/index.php\/2023\/11\/17\/formacao-proxima-assinatura-de-protocolo-entre-o-turismo-de-portugali-p-e-o-municipio-de-mogadouro\/#primaryimage\",\"url\":\"https:\/\/maismagazine.pt\/wp-content\/uploads\/2023\/11\/mmlogo.png\",\"contentUrl\":\"https:\/\/maismagazine.pt\/wp-content\/uploads\/2023\/11\/mmlogo.png\",\"width\":1400,\"height\":540},{\"@type\":\"BreadcrumbList\",\"@id\":\"https:\/\/maismagazine.pt\/index.php\/2023\/11\/17\/formacao-proxima-assinatura-de-protocolo-entre-o-turismo-de-portugali-p-e-o-municipio-de-mogadouro\/#breadcrumb\",\"itemListElement\":[{\"@type\":\"ListItem\",\"position\":1,\"name\":\"Home\",\"item\":\"http:\/\/maismagazine.pt\/\"},{\"@type\":\"ListItem\",\"position\":2,\"name\":\"Forma\u00e7\u00e3o + Pr\u00f3xima: Assinatura de Protocolo entre o Turismo de Portugal,I.P. e o Munic\u00edpio de Mogadouro\"}]},{\"@type\":\"WebSite\",\"@id\":\"http:\/\/maismagazine.pt\/#website\",\"url\":\"http:\/\/maismagazine.pt\/\",\"name\":\"Mais Magazine\",\"description\":\"\",\"publisher\":{\"@id\":\"http:\/\/maismagazine.pt\/#organization\"},\"potentialAction\":[{\"@type\":\"SearchAction\",\"target\":{\"@type\":\"EntryPoint\",\"urlTemplate\":\"http:\/\/maismagazine.pt\/?s={search_term_string}\"},\"query-input\":{\"@type\":\"PropertyValueSpecification\",\"valueRequired\":true,\"valueName\":\"search_term_string\"}}],\"inLanguage\":\"pt-PT\"},{\"@type\":\"Organization\",\"@id\":\"http:\/\/maismagazine.pt\/#organization\",\"name\":\"Mais Magazine\",\"url\":\"http:\/\/maismagazine.pt\/\",\"logo\":{\"@type\":\"ImageObject\",\"inLanguage\":\"pt-PT\",\"@id\":\"http:\/\/maismagazine.pt\/#\/schema\/logo\/image\/\",\"url\":\"https:\/\/maismagazine.pt\/wp-content\/uploads\/2020\/04\/cropped-cropped-mais-magazine-site-logo-2.png\",\"contentUrl\":\"https:\/\/maismagazine.pt\/wp-content\/uploads\/2020\/04\/cropped-cropped-mais-magazine-site-logo-2.png\",\"width\":581,\"height\":90,\"caption\":\"Mais Magazine\"},\"image\":{\"@id\":\"http:\/\/maismagazine.pt\/#\/schema\/logo\/image\/\"}},{\"@type\":\"Person\",\"@id\":\"http:\/\/maismagazine.pt\/#\/schema\/person\/c6c5bfccc886434cbd11c74e035f9646\",\"name\":\"Tiago Costa\",\"image\":{\"@type\":\"ImageObject\",\"inLanguage\":\"pt-PT\",\"@id\":\"http:\/\/maismagazine.pt\/#\/schema\/person\/image\/\",\"url\":\"https:\/\/secure.gravatar.com\/avatar\/c599b2bce16c9870429198cbad5ee022?s=96&d=mm&r=g\",\"contentUrl\":\"https:\/\/secure.gravatar.com\/avatar\/c599b2bce16c9870429198cbad5ee022?s=96&d=mm&r=g\",\"caption\":\"Tiago Costa\"},\"url\":\"https:\/\/maismagazine.pt\/index.php\/author\/tiago\/\"}]}<\/script>\n<!-- \/ Yoast SEO plugin. -->","yoast_head_json":{"title":"Forma\u00e7\u00e3o + Pr\u00f3xima: Assinatura de Protocolo entre o Turismo de Portugal,I.P. e o Munic\u00edpio de Mogadouro - Mais Magazine","description":"O Munic\u00edpio de Mogadouro vai associar-se \u00e0 Escola de Hotelaria e Turismo do Douro Lamego para implementar no seu concelho o programa Forma\u00e7\u00e3o + Pr\u00f3xima.","robots":{"index":"index","follow":"follow","max-snippet":"max-snippet:-1","max-image-preview":"max-image-preview:large","max-video-preview":"max-video-preview:-1"},"canonical":"https:\/\/maismagazine.pt\/index.php\/2023\/11\/17\/formacao-proxima-assinatura-de-protocolo-entre-o-turismo-de-portugali-p-e-o-municipio-de-mogadouro\/","og_locale":"pt_PT","og_type":"article","og_title":"Forma\u00e7\u00e3o + Pr\u00f3xima: Assinatura de Protocolo entre o Turismo de Portugal,I.P. e o Munic\u00edpio de Mogadouro - Mais Magazine","og_description":"O Munic\u00edpio de Mogadouro vai associar-se \u00e0 Escola de Hotelaria e Turismo do Douro Lamego para implementar no seu concelho o programa Forma\u00e7\u00e3o + Pr\u00f3xima.","og_url":"https:\/\/maismagazine.pt\/index.php\/2023\/11\/17\/formacao-proxima-assinatura-de-protocolo-entre-o-turismo-de-portugali-p-e-o-municipio-de-mogadouro\/","og_site_name":"Mais Magazine","article_published_time":"2023-11-17T16:28:58+00:00","og_image":[{"width":1400,"height":540,"url":"https:\/\/maismagazine.pt\/wp-content\/uploads\/2023\/11\/mmlogo.png","type":"image\/png"}],"author":"Tiago Costa","twitter_card":"summary_large_image","twitter_misc":{"Escrito por":false,"Tempo estimado de leitura":"2 minutos"},"schema":{"@context":"https:\/\/schema.org","@graph":[{"@type":"Article","@id":"https:\/\/maismagazine.pt\/index.php\/2023\/11\/17\/formacao-proxima-assinatura-de-protocolo-entre-o-turismo-de-portugali-p-e-o-municipio-de-mogadouro\/#article","isPartOf":{"@id":"https:\/\/maismagazine.pt\/index.php\/2023\/11\/17\/formacao-proxima-assinatura-de-protocolo-entre-o-turismo-de-portugali-p-e-o-municipio-de-mogadouro\/"},"author":{"name":"Tiago Costa","@id":"http:\/\/maismagazine.pt\/#\/schema\/person\/c6c5bfccc886434cbd11c74e035f9646"},"headline":"Forma\u00e7\u00e3o + Pr\u00f3xima: Assinatura de Protocolo entre o Turismo de Portugal,I.P. e o Munic\u00edpio de Mogadouro","datePublished":"2023-11-17T16:28:58+00:00","mainEntityOfPage":{"@id":"https:\/\/maismagazine.pt\/index.php\/2023\/11\/17\/formacao-proxima-assinatura-de-protocolo-entre-o-turismo-de-portugali-p-e-o-municipio-de-mogadouro\/"},"wordCount":376,"publisher":{"@id":"http:\/\/maismagazine.pt\/#organization"},"image":{"@id":"https:\/\/maismagazine.pt\/index.php\/2023\/11\/17\/formacao-proxima-assinatura-de-protocolo-entre-o-turismo-de-portugali-p-e-o-municipio-de-mogadouro\/#primaryimage"},"thumbnailUrl":"https:\/\/maismagazine.pt\/wp-content\/uploads\/2023\/11\/mmlogo.png","keywords":["Mogadouro"],"articleSection":["Not\u00edcias"],"inLanguage":"pt-PT"},{"@type":"WebPage","@id":"https:\/\/maismagazine.pt\/index.php\/2023\/11\/17\/formacao-proxima-assinatura-de-protocolo-entre-o-turismo-de-portugali-p-e-o-municipio-de-mogadouro\/","url":"https:\/\/maismagazine.pt\/index.php\/2023\/11\/17\/formacao-proxima-assinatura-de-protocolo-entre-o-turismo-de-portugali-p-e-o-municipio-de-mogadouro\/","name":"Forma\u00e7\u00e3o + Pr\u00f3xima: Assinatura de Protocolo entre o Turismo de Portugal,I.P. e o Munic\u00edpio de Mogadouro - Mais Magazine","isPartOf":{"@id":"http:\/\/maismagazine.pt\/#website"},"primaryImageOfPage":{"@id":"https:\/\/maismagazine.pt\/index.php\/2023\/11\/17\/formacao-proxima-assinatura-de-protocolo-entre-o-turismo-de-portugali-p-e-o-municipio-de-mogadouro\/#primaryimage"},"image":{"@id":"https:\/\/maismagazine.pt\/index.php\/2023\/11\/17\/formacao-proxima-assinatura-de-protocolo-entre-o-turismo-de-portugali-p-e-o-municipio-de-mogadouro\/#primaryimage"},"thumbnailUrl":"https:\/\/maismagazine.pt\/wp-content\/uploads\/2023\/11\/mmlogo.png","datePublished":"2023-11-17T16:28:58+00:00","description":"O Munic\u00edpio de Mogadouro vai associar-se \u00e0 Escola de Hotelaria e Turismo do Douro Lamego para implementar no seu concelho o programa Forma\u00e7\u00e3o + Pr\u00f3xima.","breadcrumb":{"@id":"https:\/\/maismagazine.pt\/index.php\/2023\/11\/17\/formacao-proxima-assinatura-de-protocolo-entre-o-turismo-de-portugali-p-e-o-municipio-de-mogadouro\/#breadcrumb"},"inLanguage":"pt-PT","potentialAction":[{"@type":"ReadAction","target":["https:\/\/maismagazine.pt\/index.php\/2023\/11\/17\/formacao-proxima-assinatura-de-protocolo-entre-o-turismo-de-portugali-p-e-o-municipio-de-mogadouro\/"]}]},{"@type":"ImageObject","inLanguage":"pt-PT","@id":"https:\/\/maismagazine.pt\/index.php\/2023\/11\/17\/formacao-proxima-assinatura-de-protocolo-entre-o-turismo-de-portugali-p-e-o-municipio-de-mogadouro\/#primaryimage","url":"https:\/\/maismagazine.pt\/wp-content\/uploads\/2023\/11\/mmlogo.png","contentUrl":"https:\/\/maismagazine.pt\/wp-content\/uploads\/2023\/11\/mmlogo.png","width":1400,"height":540},{"@type":"BreadcrumbList","@id":"https:\/\/maismagazine.pt\/index.php\/2023\/11\/17\/formacao-proxima-assinatura-de-protocolo-entre-o-turismo-de-portugali-p-e-o-municipio-de-mogadouro\/#breadcrumb","itemListElement":[{"@type":"ListItem","position":1,"name":"Home","item":"http:\/\/maismagazine.pt\/"},{"@type":"ListItem","position":2,"name":"Forma\u00e7\u00e3o + Pr\u00f3xima: Assinatura de Protocolo entre o Turismo de Portugal,I.P. e o Munic\u00edpio de Mogadouro"}]},{"@type":"WebSite","@id":"http:\/\/maismagazine.pt\/#website","url":"http:\/\/maismagazine.pt\/","name":"Mais Magazine","description":"","publisher":{"@id":"http:\/\/maismagazine.pt\/#organization"},"potentialAction":[{"@type":"SearchAction","target":{"@type":"EntryPoint","urlTemplate":"http:\/\/maismagazine.pt\/?s={search_term_string}"},"query-input":{"@type":"PropertyValueSpecification","valueRequired":true,"valueName":"search_term_string"}}],"inLanguage":"pt-PT"},{"@type":"Organization","@id":"http:\/\/maismagazine.pt\/#organization","name":"Mais Magazine","url":"http:\/\/maismagazine.pt\/","logo":{"@type":"ImageObject","inLanguage":"pt-PT","@id":"http:\/\/maismagazine.pt\/#\/schema\/logo\/image\/","url":"https:\/\/maismagazine.pt\/wp-content\/uploads\/2020\/04\/cropped-cropped-mais-magazine-site-logo-2.png","contentUrl":"https:\/\/maismagazine.pt\/wp-content\/uploads\/2020\/04\/cropped-cropped-mais-magazine-site-logo-2.png","width":581,"height":90,"caption":"Mais Magazine"},"image":{"@id":"http:\/\/maismagazine.pt\/#\/schema\/logo\/image\/"}},{"@type":"Person","@id":"http:\/\/maismagazine.pt\/#\/schema\/person\/c6c5bfccc886434cbd11c74e035f9646","name":"Tiago Costa","image":{"@type":"ImageObject","inLanguage":"pt-PT","@id":"http:\/\/maismagazine.pt\/#\/schema\/person\/image\/","url":"https:\/\/secure.gravatar.com\/avatar\/c599b2bce16c9870429198cbad5ee022?s=96&d=mm&r=g","contentUrl":"https:\/\/secure.gravatar.com\/avatar\/c599b2bce16c9870429198cbad5ee022?s=96&d=mm&r=g","caption":"Tiago Costa"},"url":"https:\/\/maismagazine.pt\/index.php\/author\/tiago\/"}]}},"author_meta":{"display_name":false,"author_link":"https:\/\/maismagazine.pt\/index.php\/author\/tiago\/"},"featured_img":"https:\/\/maismagazine.pt\/wp-content\/uploads\/2023\/11\/mmlogo-300x116.png","coauthors":[],"tax_additional":{"categories":{"linked":["<a href=\"https:\/\/maismagazine.pt\/index.php\/category\/noticias\/\" class=\"advgb-post-tax-term\">Not\u00edcias<\/a>"],"unlinked":["<span class=\"advgb-post-tax-term\">Not\u00edcias<\/span>"]},"tags":{"linked":["<a href=\"https:\/\/maismagazine.pt\/index.php\/category\/noticias\/\" class=\"advgb-post-tax-term\">Mogadouro<\/a>"],"unlinked":["<span class=\"advgb-post-tax-term\">Mogadouro<\/span>"]}},"comment_count":"0","relative_dates":{"created":"Posted 2 anos ago","modified":"Updated 2 anos ago"},"absolute_dates":{"created":"Posted on 17 de Novembro, 2023","modified":"Updated on 17 de Novembro, 2023"},"absolute_dates_time":{"created":"Posted on 17 de Novembro, 2023 16:28","modified":"Updated on 17 de Novembro, 2023 16:28"},"featured_img_caption":"","series_order":"","_links":{"self":[{"href":"https:\/\/maismagazine.pt\/index.php\/wp-json\/wp\/v2\/posts\/8434","targetHints":{"allow":["GET"]}}],"collection":[{"href":"https:\/\/maismagazine.pt\/index.php\/wp-json\/wp\/v2\/posts"}],"about":[{"href":"https:\/\/maismagazine.pt\/index.php\/wp-json\/wp\/v2\/types\/post"}],"author":[{"embeddable":true,"href":"https:\/\/maismagazine.pt\/index.php\/wp-json\/wp\/v2\/users\/17"}],"replies":[{"embeddable":true,"href":"https:\/\/maismagazine.pt\/index.php\/wp-json\/wp\/v2\/comments?post=8434"}],"version-history":[{"count":2,"href":"https:\/\/maismagazine.pt\/index.php\/wp-json\/wp\/v2\/posts\/8434\/revisions"}],"predecessor-version":[{"id":8437,"href":"https:\/\/maismagazine.pt\/index.php\/wp-json\/wp\/v2\/posts\/8434\/revisions\/8437"}],"wp:featuredmedia":[{"embeddable":true,"href":"https:\/\/maismagazine.pt\/index.php\/wp-json\/wp\/v2\/media\/8435"}],"wp:attachment":[{"href":"https:\/\/maismagazine.pt\/index.php\/wp-json\/wp\/v2\/media?parent=8434"}],"wp:term":[{"taxonomy":"category","embeddable":true,"href":"https:\/\/maismagazine.pt\/index.php\/wp-json\/wp\/v2\/categories?post=8434"},{"taxonomy":"post_tag","embeddable":true,"href":"https:\/\/maismagazine.pt\/index.php\/wp-json\/wp\/v2\/tags?post=8434"}],"curies":[{"name":"wp","href":"https:\/\/api.w.org\/{rel}","templated":true}]}}