{"id":8337,"date":"2023-11-17T07:00:00","date_gmt":"2023-11-17T07:00:00","guid":{"rendered":"https:\/\/maismagazine.pt\/?p=8337"},"modified":"2023-11-13T12:00:55","modified_gmt":"2023-11-13T12:00:55","slug":"apda-realiza-eneg-2023-em-gondomar","status":"publish","type":"post","link":"https:\/\/maismagazine.pt\/index.php\/2023\/11\/17\/apda-realiza-eneg-2023-em-gondomar\/","title":{"rendered":"APDA realiza ENEG 2023 em Gondomar"},"content":{"rendered":"\n<p>Entre 27 e 30 de novembro, a Associa\u00e7\u00e3o Portuguesa de Distribui\u00e7\u00e3o e Drenagem de \u00c1guas (APDA) realiza mais uma edi\u00e7\u00e3o do Encontro Nacional de Entidades Gestoras de \u00c1gua e Saneamento (ENEG), que este ano decorre no Multiusos de Gondomar.<\/p>\n\n\n\n<p><\/p>\n\n\n\n<p>Trata-se de um evento bienal que se tornou uma refer\u00eancia no setor da \u00e1gua ao longo das \u00faltimas duas d\u00e9cadas e que se assumiu como um espa\u00e7o de discuss\u00e3o, de partilha de conhecimento, de exposi\u00e7\u00e3o e de conv\u00edvio de um conjunto de pessoas que escolheram, de alguma forma, a gest\u00e3o \u00e1gua como um dos seus prop\u00f3sitos pessoais.<\/p>\n\n\n\n<p><\/p>\n\n\n\n<p>Numa altura em que os recursos h\u00eddricos est\u00e3o cada vez mais presentes na agenda nacional, o ENEG 2023 tem como mote \u201cUm Grito pela \u00c1gua!\u201d, pretendendo reunir os principais stakeholders para promover a reflex\u00e3o sobre o estado do setor da \u00e1gua em Portugal, bem como debater os desafios atuais e os que se avizinham.<\/p>\n\n\n\n<p><\/p>\n\n\n\n<p>O evento apresenta um programa abrangente, onde se destacam o Grande Debate, com algumas das principais personalidades do setor, e as sete mesas-redondas, desenhadas \u00e0 volta de alguns dos maiores desafios que a gest\u00e3o da \u00e1gua hoje apresenta: a efici\u00eancia dos sistemas, a import\u00e2ncia da gest\u00e3o de ativos, a exig\u00eancia das novas diretivas europeias, a dificuldade em atrair e reter pessoas, as solu\u00e7\u00f5es \u00e0 volta da economia circular como resposta \u00e0s altera\u00e7\u00f5es clim\u00e1ticas, a afirma\u00e7\u00e3o do setor perante a sociedade, e tamb\u00e9m a necessidade de encontrar um financiamento adequado para todos estes desafios.<\/p>\n\n\n\n<p><\/p>\n\n\n\n<p>Em paralelo, v\u00e3o ser apresentadas as comunica\u00e7\u00f5es t\u00e9cnicas, alicer\u00e7adas no trabalho que as diferentes comiss\u00f5es especializadas da APDA desenvolvem ao longo do ano e que, nesta edi\u00e7\u00e3o do evento, foram estruturadas em quatro salas tem\u00e1ticas em torno dos \u201cP\u201ds da sustentabilidade \u2013 Purpose, Profit, People e Planet.<\/p>\n\n\n\n<p><\/p>\n\n\n\n<p>Fora das salas, o evento conta com um espa\u00e7o de exposi\u00e7\u00e3o, onde estar\u00e3o presentes mais de 60 entidades distribu\u00eddas por 116 stands. O programa integra tamb\u00e9m outros momentos de interesse, como o Pipe Contest, onde diferentes equipas operacionais competem entre si na montagem de ramais em carga, o Jantar e Gala, onde s\u00e3o divulgados os Pr\u00e9mios APDA \u2013 Tubos de Ouro e os vencedores do Pipe Contest, e tamb\u00e9m as Visitas T\u00e9cnicas.<\/p>\n\n\n\n<p><\/p>\n\n\n\n<p>De destacar igualmente o Alto Patroc\u00ednio concedido pelo Senhor Presidente da Rep\u00fablica e a participa\u00e7\u00e3o do Senhor Ministro do Ambiente e da A\u00e7\u00e3o Clim\u00e1tica na sess\u00e3o de abertura do ENEG, sendo este um claro sinal da import\u00e2ncia da discuss\u00e3o que se pretende promover.<\/p>\n\n\n\n<p><\/p>\n\n\n<div class=\"wp-block-image\">\n<figure class=\"aligncenter size-large is-resized\"><img loading=\"lazy\" decoding=\"async\" width=\"724\" height=\"1024\" src=\"https:\/\/maismagazine.pt\/wp-content\/uploads\/2023\/11\/Logo-ENEG-2023_Mais-Magazine-1-724x1024.png\" alt=\"\" class=\"wp-image-8340\" style=\"aspect-ratio:0.70703125;width:132px;height:auto\" srcset=\"https:\/\/maismagazine.pt\/wp-content\/uploads\/2023\/11\/Logo-ENEG-2023_Mais-Magazine-1-724x1024.png 724w, https:\/\/maismagazine.pt\/wp-content\/uploads\/2023\/11\/Logo-ENEG-2023_Mais-Magazine-1-212x300.png 212w, https:\/\/maismagazine.pt\/wp-content\/uploads\/2023\/11\/Logo-ENEG-2023_Mais-Magazine-1-768x1086.png 768w, https:\/\/maismagazine.pt\/wp-content\/uploads\/2023\/11\/Logo-ENEG-2023_Mais-Magazine-1-1086x1536.png 1086w, https:\/\/maismagazine.pt\/wp-content\/uploads\/2023\/11\/Logo-ENEG-2023_Mais-Magazine-1.png 1414w\" sizes=\"auto, (max-width: 724px) 100vw, 724px\" \/><\/figure><\/div>\n\n\n<p><\/p>\n","protected":false},"excerpt":{"rendered":"<p>Entre 27 e 30 de novembro, a Associa\u00e7\u00e3o Portuguesa de Distribui\u00e7\u00e3o e Drenagem de \u00c1guas (APDA) realiza mais uma edi\u00e7\u00e3o do Encontro Nacional de Entidades Gestoras de \u00c1gua e Saneamento (ENEG), que este ano decorre no Multiusos de Gondomar. Trata-se de um evento bienal que se tornou uma refer\u00eancia no&hellip;<\/p>\n","protected":false},"author":18,"featured_media":8338,"comment_status":"closed","ping_status":"open","sticky":false,"template":"","format":"standard","meta":{"advgb_blocks_editor_width":"","advgb_blocks_columns_visual_guide":"","_monsterinsights_skip_tracking":false,"_monsterinsights_sitenote_active":false,"_monsterinsights_sitenote_note":"","_monsterinsights_sitenote_category":0,"footnotes":""},"categories":[52,51],"tags":[1571,1610,891],"class_list":["post-8337","post","type-post","status-publish","format-standard","has-post-thumbnail","hentry","category-destaque","category-opiniao","tag-apda","tag-eneg-2023","tag-gondomar"],"yoast_head":"<!-- This site is optimized with the Yoast SEO plugin v24.4 - https:\/\/yoast.com\/wordpress\/plugins\/seo\/ -->\n<title>APDA realiza ENEG 2023 em Gondomar - Mais Magazine<\/title>\n<meta name=\"robots\" content=\"index, follow, max-snippet:-1, max-image-preview:large, max-video-preview:-1\" \/>\n<link rel=\"canonical\" href=\"https:\/\/maismagazine.pt\/index.php\/2023\/11\/17\/apda-realiza-eneg-2023-em-gondomar\/\" \/>\n<meta property=\"og:locale\" content=\"pt_PT\" \/>\n<meta property=\"og:type\" content=\"article\" \/>\n<meta property=\"og:title\" content=\"APDA realiza ENEG 2023 em Gondomar - Mais Magazine\" \/>\n<meta property=\"og:description\" content=\"Entre 27 e 30 de novembro, a Associa\u00e7\u00e3o Portuguesa de Distribui\u00e7\u00e3o e Drenagem de \u00c1guas (APDA) realiza mais uma edi\u00e7\u00e3o do Encontro Nacional de Entidades Gestoras de \u00c1gua e Saneamento (ENEG), que este ano decorre no Multiusos de Gondomar. Trata-se de um evento bienal que se tornou uma refer\u00eancia no&hellip;\" \/>\n<meta property=\"og:url\" content=\"https:\/\/maismagazine.pt\/index.php\/2023\/11\/17\/apda-realiza-eneg-2023-em-gondomar\/\" \/>\n<meta property=\"og:site_name\" content=\"Mais Magazine\" \/>\n<meta property=\"article:published_time\" content=\"2023-11-17T07:00:00+00:00\" \/>\n<meta property=\"og:image\" content=\"https:\/\/maismagazine.pt\/wp-content\/uploads\/2023\/11\/Frederico-Martins-Fernandes-1-scaled.jpg\" \/>\n\t<meta property=\"og:image:width\" content=\"1920\" \/>\n\t<meta property=\"og:image:height\" content=\"2560\" \/>\n\t<meta property=\"og:image:type\" content=\"image\/jpeg\" \/>\n<meta name=\"author\" content=\"Tatiana Martins\" \/>\n<meta name=\"twitter:card\" content=\"summary_large_image\" \/>\n<meta name=\"twitter:label1\" content=\"Escrito por\" \/>\n\t<meta name=\"twitter:data1\" content=\"\" \/>\n\t<meta name=\"twitter:label2\" content=\"Tempo estimado de leitura\" \/>\n\t<meta name=\"twitter:data2\" content=\"3 minutos\" \/>\n<script type=\"application\/ld+json\" class=\"yoast-schema-graph\">{\"@context\":\"https:\/\/schema.org\",\"@graph\":[{\"@type\":\"Article\",\"@id\":\"https:\/\/maismagazine.pt\/index.php\/2023\/11\/17\/apda-realiza-eneg-2023-em-gondomar\/#article\",\"isPartOf\":{\"@id\":\"https:\/\/maismagazine.pt\/index.php\/2023\/11\/17\/apda-realiza-eneg-2023-em-gondomar\/\"},\"author\":{\"name\":\"Tatiana Martins\",\"@id\":\"https:\/\/maismagazine.pt\/#\/schema\/person\/7426e2caeb8df32a1b56aa48dae778c9\"},\"headline\":\"APDA realiza ENEG 2023 em Gondomar\",\"datePublished\":\"2023-11-17T07:00:00+00:00\",\"mainEntityOfPage\":{\"@id\":\"https:\/\/maismagazine.pt\/index.php\/2023\/11\/17\/apda-realiza-eneg-2023-em-gondomar\/\"},\"wordCount\":450,\"publisher\":{\"@id\":\"https:\/\/maismagazine.pt\/#organization\"},\"image\":{\"@id\":\"https:\/\/maismagazine.pt\/index.php\/2023\/11\/17\/apda-realiza-eneg-2023-em-gondomar\/#primaryimage\"},\"thumbnailUrl\":\"https:\/\/maismagazine.pt\/wp-content\/uploads\/2023\/11\/Frederico-Martins-Fernandes-1-scaled.jpg\",\"keywords\":[\"APDA\",\"ENEG 2023\",\"Gondomar\"],\"articleSection\":[\"Destaque lateral\",\"Opini\u00e3o\"],\"inLanguage\":\"pt-PT\"},{\"@type\":\"WebPage\",\"@id\":\"https:\/\/maismagazine.pt\/index.php\/2023\/11\/17\/apda-realiza-eneg-2023-em-gondomar\/\",\"url\":\"https:\/\/maismagazine.pt\/index.php\/2023\/11\/17\/apda-realiza-eneg-2023-em-gondomar\/\",\"name\":\"APDA realiza ENEG 2023 em Gondomar - Mais Magazine\",\"isPartOf\":{\"@id\":\"https:\/\/maismagazine.pt\/#website\"},\"primaryImageOfPage\":{\"@id\":\"https:\/\/maismagazine.pt\/index.php\/2023\/11\/17\/apda-realiza-eneg-2023-em-gondomar\/#primaryimage\"},\"image\":{\"@id\":\"https:\/\/maismagazine.pt\/index.php\/2023\/11\/17\/apda-realiza-eneg-2023-em-gondomar\/#primaryimage\"},\"thumbnailUrl\":\"https:\/\/maismagazine.pt\/wp-content\/uploads\/2023\/11\/Frederico-Martins-Fernandes-1-scaled.jpg\",\"datePublished\":\"2023-11-17T07:00:00+00:00\",\"breadcrumb\":{\"@id\":\"https:\/\/maismagazine.pt\/index.php\/2023\/11\/17\/apda-realiza-eneg-2023-em-gondomar\/#breadcrumb\"},\"inLanguage\":\"pt-PT\",\"potentialAction\":[{\"@type\":\"ReadAction\",\"target\":[\"https:\/\/maismagazine.pt\/index.php\/2023\/11\/17\/apda-realiza-eneg-2023-em-gondomar\/\"]}]},{\"@type\":\"ImageObject\",\"inLanguage\":\"pt-PT\",\"@id\":\"https:\/\/maismagazine.pt\/index.php\/2023\/11\/17\/apda-realiza-eneg-2023-em-gondomar\/#primaryimage\",\"url\":\"https:\/\/maismagazine.pt\/wp-content\/uploads\/2023\/11\/Frederico-Martins-Fernandes-1-scaled.jpg\",\"contentUrl\":\"https:\/\/maismagazine.pt\/wp-content\/uploads\/2023\/11\/Frederico-Martins-Fernandes-1-scaled.jpg\",\"width\":1920,\"height\":2560,\"caption\":\"Frederico Martins Fernandes, Presidente Comiss\u00e3o Organizadora do ENEG 2023\"},{\"@type\":\"BreadcrumbList\",\"@id\":\"https:\/\/maismagazine.pt\/index.php\/2023\/11\/17\/apda-realiza-eneg-2023-em-gondomar\/#breadcrumb\",\"itemListElement\":[{\"@type\":\"ListItem\",\"position\":1,\"name\":\"Home\",\"item\":\"https:\/\/maismagazine.pt\/\"},{\"@type\":\"ListItem\",\"position\":2,\"name\":\"APDA realiza ENEG 2023 em Gondomar\"}]},{\"@type\":\"WebSite\",\"@id\":\"https:\/\/maismagazine.pt\/#website\",\"url\":\"https:\/\/maismagazine.pt\/\",\"name\":\"Mais Magazine\",\"description\":\"\",\"publisher\":{\"@id\":\"https:\/\/maismagazine.pt\/#organization\"},\"potentialAction\":[{\"@type\":\"SearchAction\",\"target\":{\"@type\":\"EntryPoint\",\"urlTemplate\":\"https:\/\/maismagazine.pt\/?s={search_term_string}\"},\"query-input\":{\"@type\":\"PropertyValueSpecification\",\"valueRequired\":true,\"valueName\":\"search_term_string\"}}],\"inLanguage\":\"pt-PT\"},{\"@type\":\"Organization\",\"@id\":\"https:\/\/maismagazine.pt\/#organization\",\"name\":\"Mais Magazine\",\"url\":\"https:\/\/maismagazine.pt\/\",\"logo\":{\"@type\":\"ImageObject\",\"inLanguage\":\"pt-PT\",\"@id\":\"https:\/\/maismagazine.pt\/#\/schema\/logo\/image\/\",\"url\":\"https:\/\/maismagazine.pt\/wp-content\/uploads\/2020\/04\/cropped-cropped-mais-magazine-site-logo-2.png\",\"contentUrl\":\"https:\/\/maismagazine.pt\/wp-content\/uploads\/2020\/04\/cropped-cropped-mais-magazine-site-logo-2.png\",\"width\":581,\"height\":90,\"caption\":\"Mais Magazine\"},\"image\":{\"@id\":\"https:\/\/maismagazine.pt\/#\/schema\/logo\/image\/\"}},{\"@type\":\"Person\",\"@id\":\"https:\/\/maismagazine.pt\/#\/schema\/person\/7426e2caeb8df32a1b56aa48dae778c9\",\"name\":\"Tatiana Martins\",\"image\":{\"@type\":\"ImageObject\",\"inLanguage\":\"pt-PT\",\"@id\":\"https:\/\/maismagazine.pt\/#\/schema\/person\/image\/\",\"url\":\"https:\/\/secure.gravatar.com\/avatar\/4b24a57f5d0425f2eb20981c4b53244e?s=96&d=mm&r=g\",\"contentUrl\":\"https:\/\/secure.gravatar.com\/avatar\/4b24a57f5d0425f2eb20981c4b53244e?s=96&d=mm&r=g\",\"caption\":\"Tatiana Martins\"},\"url\":\"https:\/\/maismagazine.pt\/index.php\/author\/tatiana\/\"}]}<\/script>\n<!-- \/ Yoast SEO plugin. -->","yoast_head_json":{"title":"APDA realiza ENEG 2023 em Gondomar - Mais Magazine","robots":{"index":"index","follow":"follow","max-snippet":"max-snippet:-1","max-image-preview":"max-image-preview:large","max-video-preview":"max-video-preview:-1"},"canonical":"https:\/\/maismagazine.pt\/index.php\/2023\/11\/17\/apda-realiza-eneg-2023-em-gondomar\/","og_locale":"pt_PT","og_type":"article","og_title":"APDA realiza ENEG 2023 em Gondomar - Mais Magazine","og_description":"Entre 27 e 30 de novembro, a Associa\u00e7\u00e3o Portuguesa de Distribui\u00e7\u00e3o e Drenagem de \u00c1guas (APDA) realiza mais uma edi\u00e7\u00e3o do Encontro Nacional de Entidades Gestoras de \u00c1gua e Saneamento (ENEG), que este ano decorre no Multiusos de Gondomar. Trata-se de um evento bienal que se tornou uma refer\u00eancia no&hellip;","og_url":"https:\/\/maismagazine.pt\/index.php\/2023\/11\/17\/apda-realiza-eneg-2023-em-gondomar\/","og_site_name":"Mais Magazine","article_published_time":"2023-11-17T07:00:00+00:00","og_image":[{"width":1920,"height":2560,"url":"https:\/\/maismagazine.pt\/wp-content\/uploads\/2023\/11\/Frederico-Martins-Fernandes-1-scaled.jpg","type":"image\/jpeg"}],"author":"Tatiana Martins","twitter_card":"summary_large_image","twitter_misc":{"Escrito por":false,"Tempo estimado de leitura":"3 minutos"},"schema":{"@context":"https:\/\/schema.org","@graph":[{"@type":"Article","@id":"https:\/\/maismagazine.pt\/index.php\/2023\/11\/17\/apda-realiza-eneg-2023-em-gondomar\/#article","isPartOf":{"@id":"https:\/\/maismagazine.pt\/index.php\/2023\/11\/17\/apda-realiza-eneg-2023-em-gondomar\/"},"author":{"name":"Tatiana Martins","@id":"https:\/\/maismagazine.pt\/#\/schema\/person\/7426e2caeb8df32a1b56aa48dae778c9"},"headline":"APDA realiza ENEG 2023 em Gondomar","datePublished":"2023-11-17T07:00:00+00:00","mainEntityOfPage":{"@id":"https:\/\/maismagazine.pt\/index.php\/2023\/11\/17\/apda-realiza-eneg-2023-em-gondomar\/"},"wordCount":450,"publisher":{"@id":"https:\/\/maismagazine.pt\/#organization"},"image":{"@id":"https:\/\/maismagazine.pt\/index.php\/2023\/11\/17\/apda-realiza-eneg-2023-em-gondomar\/#primaryimage"},"thumbnailUrl":"https:\/\/maismagazine.pt\/wp-content\/uploads\/2023\/11\/Frederico-Martins-Fernandes-1-scaled.jpg","keywords":["APDA","ENEG 2023","Gondomar"],"articleSection":["Destaque lateral","Opini\u00e3o"],"inLanguage":"pt-PT"},{"@type":"WebPage","@id":"https:\/\/maismagazine.pt\/index.php\/2023\/11\/17\/apda-realiza-eneg-2023-em-gondomar\/","url":"https:\/\/maismagazine.pt\/index.php\/2023\/11\/17\/apda-realiza-eneg-2023-em-gondomar\/","name":"APDA realiza ENEG 2023 em Gondomar - Mais Magazine","isPartOf":{"@id":"https:\/\/maismagazine.pt\/#website"},"primaryImageOfPage":{"@id":"https:\/\/maismagazine.pt\/index.php\/2023\/11\/17\/apda-realiza-eneg-2023-em-gondomar\/#primaryimage"},"image":{"@id":"https:\/\/maismagazine.pt\/index.php\/2023\/11\/17\/apda-realiza-eneg-2023-em-gondomar\/#primaryimage"},"thumbnailUrl":"https:\/\/maismagazine.pt\/wp-content\/uploads\/2023\/11\/Frederico-Martins-Fernandes-1-scaled.jpg","datePublished":"2023-11-17T07:00:00+00:00","breadcrumb":{"@id":"https:\/\/maismagazine.pt\/index.php\/2023\/11\/17\/apda-realiza-eneg-2023-em-gondomar\/#breadcrumb"},"inLanguage":"pt-PT","potentialAction":[{"@type":"ReadAction","target":["https:\/\/maismagazine.pt\/index.php\/2023\/11\/17\/apda-realiza-eneg-2023-em-gondomar\/"]}]},{"@type":"ImageObject","inLanguage":"pt-PT","@id":"https:\/\/maismagazine.pt\/index.php\/2023\/11\/17\/apda-realiza-eneg-2023-em-gondomar\/#primaryimage","url":"https:\/\/maismagazine.pt\/wp-content\/uploads\/2023\/11\/Frederico-Martins-Fernandes-1-scaled.jpg","contentUrl":"https:\/\/maismagazine.pt\/wp-content\/uploads\/2023\/11\/Frederico-Martins-Fernandes-1-scaled.jpg","width":1920,"height":2560,"caption":"Frederico Martins Fernandes, Presidente Comiss\u00e3o Organizadora do ENEG 2023"},{"@type":"BreadcrumbList","@id":"https:\/\/maismagazine.pt\/index.php\/2023\/11\/17\/apda-realiza-eneg-2023-em-gondomar\/#breadcrumb","itemListElement":[{"@type":"ListItem","position":1,"name":"Home","item":"https:\/\/maismagazine.pt\/"},{"@type":"ListItem","position":2,"name":"APDA realiza ENEG 2023 em Gondomar"}]},{"@type":"WebSite","@id":"https:\/\/maismagazine.pt\/#website","url":"https:\/\/maismagazine.pt\/","name":"Mais Magazine","description":"","publisher":{"@id":"https:\/\/maismagazine.pt\/#organization"},"potentialAction":[{"@type":"SearchAction","target":{"@type":"EntryPoint","urlTemplate":"https:\/\/maismagazine.pt\/?s={search_term_string}"},"query-input":{"@type":"PropertyValueSpecification","valueRequired":true,"valueName":"search_term_string"}}],"inLanguage":"pt-PT"},{"@type":"Organization","@id":"https:\/\/maismagazine.pt\/#organization","name":"Mais Magazine","url":"https:\/\/maismagazine.pt\/","logo":{"@type":"ImageObject","inLanguage":"pt-PT","@id":"https:\/\/maismagazine.pt\/#\/schema\/logo\/image\/","url":"https:\/\/maismagazine.pt\/wp-content\/uploads\/2020\/04\/cropped-cropped-mais-magazine-site-logo-2.png","contentUrl":"https:\/\/maismagazine.pt\/wp-content\/uploads\/2020\/04\/cropped-cropped-mais-magazine-site-logo-2.png","width":581,"height":90,"caption":"Mais Magazine"},"image":{"@id":"https:\/\/maismagazine.pt\/#\/schema\/logo\/image\/"}},{"@type":"Person","@id":"https:\/\/maismagazine.pt\/#\/schema\/person\/7426e2caeb8df32a1b56aa48dae778c9","name":"Tatiana Martins","image":{"@type":"ImageObject","inLanguage":"pt-PT","@id":"https:\/\/maismagazine.pt\/#\/schema\/person\/image\/","url":"https:\/\/secure.gravatar.com\/avatar\/4b24a57f5d0425f2eb20981c4b53244e?s=96&d=mm&r=g","contentUrl":"https:\/\/secure.gravatar.com\/avatar\/4b24a57f5d0425f2eb20981c4b53244e?s=96&d=mm&r=g","caption":"Tatiana Martins"},"url":"https:\/\/maismagazine.pt\/index.php\/author\/tatiana\/"}]}},"author_meta":{"display_name":false,"author_link":"https:\/\/maismagazine.pt\/index.php\/author\/tatiana\/"},"featured_img":"https:\/\/maismagazine.pt\/wp-content\/uploads\/2023\/11\/Frederico-Martins-Fernandes-1-225x300.jpg","coauthors":[],"tax_additional":{"categories":{"linked":["<a href=\"https:\/\/maismagazine.pt\/index.php\/category\/destaque\/\" class=\"advgb-post-tax-term\">Destaque lateral<\/a>","<a href=\"https:\/\/maismagazine.pt\/index.php\/category\/noticias\/opiniao\/\" class=\"advgb-post-tax-term\">Opini\u00e3o<\/a>"],"unlinked":["<span class=\"advgb-post-tax-term\">Destaque lateral<\/span>","<span class=\"advgb-post-tax-term\">Opini\u00e3o<\/span>"]},"tags":{"linked":["<a href=\"https:\/\/maismagazine.pt\/index.php\/category\/noticias\/opiniao\/\" class=\"advgb-post-tax-term\">APDA<\/a>","<a href=\"https:\/\/maismagazine.pt\/index.php\/category\/noticias\/opiniao\/\" class=\"advgb-post-tax-term\">ENEG 2023<\/a>","<a href=\"https:\/\/maismagazine.pt\/index.php\/category\/noticias\/opiniao\/\" class=\"advgb-post-tax-term\">Gondomar<\/a>"],"unlinked":["<span class=\"advgb-post-tax-term\">APDA<\/span>","<span class=\"advgb-post-tax-term\">ENEG 2023<\/span>","<span class=\"advgb-post-tax-term\">Gondomar<\/span>"]}},"comment_count":"0","relative_dates":{"created":"Posted 2 anos ago","modified":"Updated 2 anos ago"},"absolute_dates":{"created":"Posted on 17 de Novembro, 2023","modified":"Updated on 13 de Novembro, 2023"},"absolute_dates_time":{"created":"Posted on 17 de Novembro, 2023 7:00","modified":"Updated on 13 de Novembro, 2023 12:00"},"featured_img_caption":"Frederico Martins Fernandes, Presidente   Comiss\u00e3o Organizadora do ENEG 2023","series_order":"","_links":{"self":[{"href":"https:\/\/maismagazine.pt\/index.php\/wp-json\/wp\/v2\/posts\/8337","targetHints":{"allow":["GET"]}}],"collection":[{"href":"https:\/\/maismagazine.pt\/index.php\/wp-json\/wp\/v2\/posts"}],"about":[{"href":"https:\/\/maismagazine.pt\/index.php\/wp-json\/wp\/v2\/types\/post"}],"author":[{"embeddable":true,"href":"https:\/\/maismagazine.pt\/index.php\/wp-json\/wp\/v2\/users\/18"}],"replies":[{"embeddable":true,"href":"https:\/\/maismagazine.pt\/index.php\/wp-json\/wp\/v2\/comments?post=8337"}],"version-history":[{"count":1,"href":"https:\/\/maismagazine.pt\/index.php\/wp-json\/wp\/v2\/posts\/8337\/revisions"}],"predecessor-version":[{"id":8345,"href":"https:\/\/maismagazine.pt\/index.php\/wp-json\/wp\/v2\/posts\/8337\/revisions\/8345"}],"wp:featuredmedia":[{"embeddable":true,"href":"https:\/\/maismagazine.pt\/index.php\/wp-json\/wp\/v2\/media\/8338"}],"wp:attachment":[{"href":"https:\/\/maismagazine.pt\/index.php\/wp-json\/wp\/v2\/media?parent=8337"}],"wp:term":[{"taxonomy":"category","embeddable":true,"href":"https:\/\/maismagazine.pt\/index.php\/wp-json\/wp\/v2\/categories?post=8337"},{"taxonomy":"post_tag","embeddable":true,"href":"https:\/\/maismagazine.pt\/index.php\/wp-json\/wp\/v2\/tags?post=8337"}],"curies":[{"name":"wp","href":"https:\/\/api.w.org\/{rel}","templated":true}]}}