{"id":7858,"date":"2023-09-15T07:00:00","date_gmt":"2023-09-15T06:00:00","guid":{"rendered":"https:\/\/maismagazine.pt\/?p=7858"},"modified":"2023-09-11T14:48:00","modified_gmt":"2023-09-11T13:48:00","slug":"vila-vicosa-candidata-a-patrimonio-mundial","status":"publish","type":"post","link":"https:\/\/maismagazine.pt\/index.php\/2023\/09\/15\/vila-vicosa-candidata-a-patrimonio-mundial\/","title":{"rendered":"Vila Vi\u00e7osa: Candidata a Patrim\u00f3nio Mundial"},"content":{"rendered":"\n<p>Vila Vi\u00e7osa \u00e9 conhecida como a \u201cPrincesa do Alentejo\u201d. Apesar de pequena, \u00e9 uma das mais preciosas e encantadoras j\u00f3ias do&nbsp;<a href=\"https:\/\/www.visitevora.net\/visitar-alentejo\/\">Alentejo<\/a>, uma \u201cvila-museu\u201d.<\/p>\n\n\n\n<p>Deve-se o nome Vila Vi\u00e7osa \u00e0 fertilidade dos solos e aos encantos do seu territ\u00f3rio. Esta vila alentejana \u00e9 a terra de uma das mais ilustres poetisas portuguesas, Florbela Espanca. A autora escreveu extraordin\u00e1rias obras de arte da nossa literatura e foi pioneira do movimento feminista em Portugal. Conseguiu levar longe o ent\u00e3o desconhecido nome da povoa\u00e7\u00e3o.<\/p>\n\n\n\n<p><\/p>\n\n\n\n<p>Vila Vi\u00e7osa \u00e9 uma vila cheia de Hist\u00f3ria, com um patrim\u00f3nio riqu\u00edssimo e invej\u00e1vel criado pelo Homem ao longo dos s\u00e9culos. Foi e continua a ser a Natureza que providencia a mat\u00e9ria-prima para a cria\u00e7\u00e3o de variad\u00edssimas pe\u00e7as de rochas decorativas. O destaque vai para o m\u00e1rmore, que h\u00e1 muito tempo tem um papel fundamental na economia do concelho.<\/p>\n\n\n\n<p><\/p>\n\n\n\n<p>O m\u00e1rmore da regi\u00e3o, de qualidade superior e conhecido internacionalmente, abunda na regi\u00e3o e \u00e9 explorado e extra\u00eddo das cerca de 160 pedreiras existentes. Um dos primeiros lugares a visitar em Vila Vi\u00e7osa dever\u00e1 ser, portanto, uma destas pedreiras. Assim perceber\u00e1 como esta rocha \u00e9 em bruto e como, depois de muito trabalho, chega at\u00e9 n\u00f3s plena de beleza nas mais inesperadas formas. Mas, primeiro, vamos conhecer a origem da vila.<\/p>\n","protected":false},"excerpt":{"rendered":"<p>Vila Vi\u00e7osa \u00e9 conhecida como a \u201cPrincesa do Alentejo\u201d. Apesar de pequena, \u00e9 uma das mais preciosas e encantadoras j\u00f3ias do&nbsp;Alentejo, uma \u201cvila-museu\u201d. Deve-se o nome Vila Vi\u00e7osa \u00e0 fertilidade dos solos e aos encantos do seu territ\u00f3rio. Esta vila alentejana \u00e9 a terra de uma das mais ilustres poetisas&hellip;<\/p>\n","protected":false},"author":18,"featured_media":7859,"comment_status":"closed","ping_status":"open","sticky":false,"template":"","format":"standard","meta":{"advgb_blocks_editor_width":"","advgb_blocks_columns_visual_guide":"","_monsterinsights_skip_tracking":false,"_monsterinsights_sitenote_active":false,"_monsterinsights_sitenote_note":"","_monsterinsights_sitenote_category":0,"footnotes":""},"categories":[1460],"tags":[1296],"class_list":["post-7858","post","type-post","status-publish","format-standard","has-post-thumbnail","hentry","category-publicidade","tag-vila-vicosa"],"yoast_head":"<!-- This site is optimized with the Yoast SEO plugin v24.4 - https:\/\/yoast.com\/wordpress\/plugins\/seo\/ -->\n<title>Vila Vi\u00e7osa: Candidata a Patrim\u00f3nio Mundial - Mais Magazine<\/title>\n<meta name=\"robots\" content=\"index, follow, max-snippet:-1, max-image-preview:large, max-video-preview:-1\" \/>\n<link rel=\"canonical\" href=\"https:\/\/maismagazine.pt\/index.php\/2023\/09\/15\/vila-vicosa-candidata-a-patrimonio-mundial\/\" \/>\n<meta property=\"og:locale\" content=\"pt_PT\" \/>\n<meta property=\"og:type\" content=\"article\" \/>\n<meta property=\"og:title\" content=\"Vila Vi\u00e7osa: Candidata a Patrim\u00f3nio Mundial - Mais Magazine\" \/>\n<meta property=\"og:description\" content=\"Vila Vi\u00e7osa \u00e9 conhecida como a \u201cPrincesa do Alentejo\u201d. Apesar de pequena, \u00e9 uma das mais preciosas e encantadoras j\u00f3ias do&nbsp;Alentejo, uma \u201cvila-museu\u201d. Deve-se o nome Vila Vi\u00e7osa \u00e0 fertilidade dos solos e aos encantos do seu territ\u00f3rio. Esta vila alentejana \u00e9 a terra de uma das mais ilustres poetisas&hellip;\" \/>\n<meta property=\"og:url\" content=\"https:\/\/maismagazine.pt\/index.php\/2023\/09\/15\/vila-vicosa-candidata-a-patrimonio-mundial\/\" \/>\n<meta property=\"og:site_name\" content=\"Mais Magazine\" \/>\n<meta property=\"article:published_time\" content=\"2023-09-15T06:00:00+00:00\" \/>\n<meta property=\"og:image\" content=\"https:\/\/maismagazine.pt\/wp-content\/uploads\/2023\/09\/15612592_resultado.jpg\" \/>\n\t<meta property=\"og:image:width\" content=\"1920\" \/>\n\t<meta property=\"og:image:height\" content=\"1223\" \/>\n\t<meta property=\"og:image:type\" content=\"image\/jpeg\" \/>\n<meta name=\"author\" content=\"Tatiana Martins\" \/>\n<meta name=\"twitter:card\" content=\"summary_large_image\" \/>\n<meta name=\"twitter:label1\" content=\"Escrito por\" \/>\n\t<meta name=\"twitter:data1\" content=\"\" \/>\n\t<meta name=\"twitter:label2\" content=\"Tempo estimado de leitura\" \/>\n\t<meta name=\"twitter:data2\" content=\"1 minuto\" \/>\n<script type=\"application\/ld+json\" class=\"yoast-schema-graph\">{\"@context\":\"https:\/\/schema.org\",\"@graph\":[{\"@type\":\"Article\",\"@id\":\"https:\/\/maismagazine.pt\/index.php\/2023\/09\/15\/vila-vicosa-candidata-a-patrimonio-mundial\/#article\",\"isPartOf\":{\"@id\":\"https:\/\/maismagazine.pt\/index.php\/2023\/09\/15\/vila-vicosa-candidata-a-patrimonio-mundial\/\"},\"author\":{\"name\":\"Tatiana Martins\",\"@id\":\"https:\/\/maismagazine.pt\/#\/schema\/person\/7426e2caeb8df32a1b56aa48dae778c9\"},\"headline\":\"Vila Vi\u00e7osa: Candidata a Patrim\u00f3nio Mundial\",\"datePublished\":\"2023-09-15T06:00:00+00:00\",\"mainEntityOfPage\":{\"@id\":\"https:\/\/maismagazine.pt\/index.php\/2023\/09\/15\/vila-vicosa-candidata-a-patrimonio-mundial\/\"},\"wordCount\":236,\"publisher\":{\"@id\":\"https:\/\/maismagazine.pt\/#organization\"},\"image\":{\"@id\":\"https:\/\/maismagazine.pt\/index.php\/2023\/09\/15\/vila-vicosa-candidata-a-patrimonio-mundial\/#primaryimage\"},\"thumbnailUrl\":\"https:\/\/maismagazine.pt\/wp-content\/uploads\/2023\/09\/15612592_resultado.jpg\",\"keywords\":[\"Vila Vi\u00e7osa\"],\"articleSection\":[\"publicidade\"],\"inLanguage\":\"pt-PT\"},{\"@type\":\"WebPage\",\"@id\":\"https:\/\/maismagazine.pt\/index.php\/2023\/09\/15\/vila-vicosa-candidata-a-patrimonio-mundial\/\",\"url\":\"https:\/\/maismagazine.pt\/index.php\/2023\/09\/15\/vila-vicosa-candidata-a-patrimonio-mundial\/\",\"name\":\"Vila Vi\u00e7osa: Candidata a Patrim\u00f3nio Mundial - Mais Magazine\",\"isPartOf\":{\"@id\":\"https:\/\/maismagazine.pt\/#website\"},\"primaryImageOfPage\":{\"@id\":\"https:\/\/maismagazine.pt\/index.php\/2023\/09\/15\/vila-vicosa-candidata-a-patrimonio-mundial\/#primaryimage\"},\"image\":{\"@id\":\"https:\/\/maismagazine.pt\/index.php\/2023\/09\/15\/vila-vicosa-candidata-a-patrimonio-mundial\/#primaryimage\"},\"thumbnailUrl\":\"https:\/\/maismagazine.pt\/wp-content\/uploads\/2023\/09\/15612592_resultado.jpg\",\"datePublished\":\"2023-09-15T06:00:00+00:00\",\"breadcrumb\":{\"@id\":\"https:\/\/maismagazine.pt\/index.php\/2023\/09\/15\/vila-vicosa-candidata-a-patrimonio-mundial\/#breadcrumb\"},\"inLanguage\":\"pt-PT\",\"potentialAction\":[{\"@type\":\"ReadAction\",\"target\":[\"https:\/\/maismagazine.pt\/index.php\/2023\/09\/15\/vila-vicosa-candidata-a-patrimonio-mundial\/\"]}]},{\"@type\":\"ImageObject\",\"inLanguage\":\"pt-PT\",\"@id\":\"https:\/\/maismagazine.pt\/index.php\/2023\/09\/15\/vila-vicosa-candidata-a-patrimonio-mundial\/#primaryimage\",\"url\":\"https:\/\/maismagazine.pt\/wp-content\/uploads\/2023\/09\/15612592_resultado.jpg\",\"contentUrl\":\"https:\/\/maismagazine.pt\/wp-content\/uploads\/2023\/09\/15612592_resultado.jpg\",\"width\":1920,\"height\":1223},{\"@type\":\"BreadcrumbList\",\"@id\":\"https:\/\/maismagazine.pt\/index.php\/2023\/09\/15\/vila-vicosa-candidata-a-patrimonio-mundial\/#breadcrumb\",\"itemListElement\":[{\"@type\":\"ListItem\",\"position\":1,\"name\":\"Home\",\"item\":\"https:\/\/maismagazine.pt\/\"},{\"@type\":\"ListItem\",\"position\":2,\"name\":\"Vila Vi\u00e7osa: Candidata a Patrim\u00f3nio Mundial\"}]},{\"@type\":\"WebSite\",\"@id\":\"https:\/\/maismagazine.pt\/#website\",\"url\":\"https:\/\/maismagazine.pt\/\",\"name\":\"Mais Magazine\",\"description\":\"\",\"publisher\":{\"@id\":\"https:\/\/maismagazine.pt\/#organization\"},\"potentialAction\":[{\"@type\":\"SearchAction\",\"target\":{\"@type\":\"EntryPoint\",\"urlTemplate\":\"https:\/\/maismagazine.pt\/?s={search_term_string}\"},\"query-input\":{\"@type\":\"PropertyValueSpecification\",\"valueRequired\":true,\"valueName\":\"search_term_string\"}}],\"inLanguage\":\"pt-PT\"},{\"@type\":\"Organization\",\"@id\":\"https:\/\/maismagazine.pt\/#organization\",\"name\":\"Mais Magazine\",\"url\":\"https:\/\/maismagazine.pt\/\",\"logo\":{\"@type\":\"ImageObject\",\"inLanguage\":\"pt-PT\",\"@id\":\"https:\/\/maismagazine.pt\/#\/schema\/logo\/image\/\",\"url\":\"https:\/\/maismagazine.pt\/wp-content\/uploads\/2020\/04\/cropped-cropped-mais-magazine-site-logo-2.png\",\"contentUrl\":\"https:\/\/maismagazine.pt\/wp-content\/uploads\/2020\/04\/cropped-cropped-mais-magazine-site-logo-2.png\",\"width\":581,\"height\":90,\"caption\":\"Mais Magazine\"},\"image\":{\"@id\":\"https:\/\/maismagazine.pt\/#\/schema\/logo\/image\/\"}},{\"@type\":\"Person\",\"@id\":\"https:\/\/maismagazine.pt\/#\/schema\/person\/7426e2caeb8df32a1b56aa48dae778c9\",\"name\":\"Tatiana Martins\",\"image\":{\"@type\":\"ImageObject\",\"inLanguage\":\"pt-PT\",\"@id\":\"https:\/\/maismagazine.pt\/#\/schema\/person\/image\/\",\"url\":\"https:\/\/secure.gravatar.com\/avatar\/4b24a57f5d0425f2eb20981c4b53244e?s=96&d=mm&r=g\",\"contentUrl\":\"https:\/\/secure.gravatar.com\/avatar\/4b24a57f5d0425f2eb20981c4b53244e?s=96&d=mm&r=g\",\"caption\":\"Tatiana Martins\"},\"url\":\"https:\/\/maismagazine.pt\/index.php\/author\/tatiana\/\"}]}<\/script>\n<!-- \/ Yoast SEO plugin. -->","yoast_head_json":{"title":"Vila Vi\u00e7osa: Candidata a Patrim\u00f3nio Mundial - Mais Magazine","robots":{"index":"index","follow":"follow","max-snippet":"max-snippet:-1","max-image-preview":"max-image-preview:large","max-video-preview":"max-video-preview:-1"},"canonical":"https:\/\/maismagazine.pt\/index.php\/2023\/09\/15\/vila-vicosa-candidata-a-patrimonio-mundial\/","og_locale":"pt_PT","og_type":"article","og_title":"Vila Vi\u00e7osa: Candidata a Patrim\u00f3nio Mundial - Mais Magazine","og_description":"Vila Vi\u00e7osa \u00e9 conhecida como a \u201cPrincesa do Alentejo\u201d. Apesar de pequena, \u00e9 uma das mais preciosas e encantadoras j\u00f3ias do&nbsp;Alentejo, uma \u201cvila-museu\u201d. Deve-se o nome Vila Vi\u00e7osa \u00e0 fertilidade dos solos e aos encantos do seu territ\u00f3rio. Esta vila alentejana \u00e9 a terra de uma das mais ilustres poetisas&hellip;","og_url":"https:\/\/maismagazine.pt\/index.php\/2023\/09\/15\/vila-vicosa-candidata-a-patrimonio-mundial\/","og_site_name":"Mais Magazine","article_published_time":"2023-09-15T06:00:00+00:00","og_image":[{"width":1920,"height":1223,"url":"https:\/\/maismagazine.pt\/wp-content\/uploads\/2023\/09\/15612592_resultado.jpg","type":"image\/jpeg"}],"author":"Tatiana Martins","twitter_card":"summary_large_image","twitter_misc":{"Escrito por":false,"Tempo estimado de leitura":"1 minuto"},"schema":{"@context":"https:\/\/schema.org","@graph":[{"@type":"Article","@id":"https:\/\/maismagazine.pt\/index.php\/2023\/09\/15\/vila-vicosa-candidata-a-patrimonio-mundial\/#article","isPartOf":{"@id":"https:\/\/maismagazine.pt\/index.php\/2023\/09\/15\/vila-vicosa-candidata-a-patrimonio-mundial\/"},"author":{"name":"Tatiana Martins","@id":"https:\/\/maismagazine.pt\/#\/schema\/person\/7426e2caeb8df32a1b56aa48dae778c9"},"headline":"Vila Vi\u00e7osa: Candidata a Patrim\u00f3nio Mundial","datePublished":"2023-09-15T06:00:00+00:00","mainEntityOfPage":{"@id":"https:\/\/maismagazine.pt\/index.php\/2023\/09\/15\/vila-vicosa-candidata-a-patrimonio-mundial\/"},"wordCount":236,"publisher":{"@id":"https:\/\/maismagazine.pt\/#organization"},"image":{"@id":"https:\/\/maismagazine.pt\/index.php\/2023\/09\/15\/vila-vicosa-candidata-a-patrimonio-mundial\/#primaryimage"},"thumbnailUrl":"https:\/\/maismagazine.pt\/wp-content\/uploads\/2023\/09\/15612592_resultado.jpg","keywords":["Vila Vi\u00e7osa"],"articleSection":["publicidade"],"inLanguage":"pt-PT"},{"@type":"WebPage","@id":"https:\/\/maismagazine.pt\/index.php\/2023\/09\/15\/vila-vicosa-candidata-a-patrimonio-mundial\/","url":"https:\/\/maismagazine.pt\/index.php\/2023\/09\/15\/vila-vicosa-candidata-a-patrimonio-mundial\/","name":"Vila Vi\u00e7osa: Candidata a Patrim\u00f3nio Mundial - Mais Magazine","isPartOf":{"@id":"https:\/\/maismagazine.pt\/#website"},"primaryImageOfPage":{"@id":"https:\/\/maismagazine.pt\/index.php\/2023\/09\/15\/vila-vicosa-candidata-a-patrimonio-mundial\/#primaryimage"},"image":{"@id":"https:\/\/maismagazine.pt\/index.php\/2023\/09\/15\/vila-vicosa-candidata-a-patrimonio-mundial\/#primaryimage"},"thumbnailUrl":"https:\/\/maismagazine.pt\/wp-content\/uploads\/2023\/09\/15612592_resultado.jpg","datePublished":"2023-09-15T06:00:00+00:00","breadcrumb":{"@id":"https:\/\/maismagazine.pt\/index.php\/2023\/09\/15\/vila-vicosa-candidata-a-patrimonio-mundial\/#breadcrumb"},"inLanguage":"pt-PT","potentialAction":[{"@type":"ReadAction","target":["https:\/\/maismagazine.pt\/index.php\/2023\/09\/15\/vila-vicosa-candidata-a-patrimonio-mundial\/"]}]},{"@type":"ImageObject","inLanguage":"pt-PT","@id":"https:\/\/maismagazine.pt\/index.php\/2023\/09\/15\/vila-vicosa-candidata-a-patrimonio-mundial\/#primaryimage","url":"https:\/\/maismagazine.pt\/wp-content\/uploads\/2023\/09\/15612592_resultado.jpg","contentUrl":"https:\/\/maismagazine.pt\/wp-content\/uploads\/2023\/09\/15612592_resultado.jpg","width":1920,"height":1223},{"@type":"BreadcrumbList","@id":"https:\/\/maismagazine.pt\/index.php\/2023\/09\/15\/vila-vicosa-candidata-a-patrimonio-mundial\/#breadcrumb","itemListElement":[{"@type":"ListItem","position":1,"name":"Home","item":"https:\/\/maismagazine.pt\/"},{"@type":"ListItem","position":2,"name":"Vila Vi\u00e7osa: Candidata a Patrim\u00f3nio Mundial"}]},{"@type":"WebSite","@id":"https:\/\/maismagazine.pt\/#website","url":"https:\/\/maismagazine.pt\/","name":"Mais Magazine","description":"","publisher":{"@id":"https:\/\/maismagazine.pt\/#organization"},"potentialAction":[{"@type":"SearchAction","target":{"@type":"EntryPoint","urlTemplate":"https:\/\/maismagazine.pt\/?s={search_term_string}"},"query-input":{"@type":"PropertyValueSpecification","valueRequired":true,"valueName":"search_term_string"}}],"inLanguage":"pt-PT"},{"@type":"Organization","@id":"https:\/\/maismagazine.pt\/#organization","name":"Mais Magazine","url":"https:\/\/maismagazine.pt\/","logo":{"@type":"ImageObject","inLanguage":"pt-PT","@id":"https:\/\/maismagazine.pt\/#\/schema\/logo\/image\/","url":"https:\/\/maismagazine.pt\/wp-content\/uploads\/2020\/04\/cropped-cropped-mais-magazine-site-logo-2.png","contentUrl":"https:\/\/maismagazine.pt\/wp-content\/uploads\/2020\/04\/cropped-cropped-mais-magazine-site-logo-2.png","width":581,"height":90,"caption":"Mais Magazine"},"image":{"@id":"https:\/\/maismagazine.pt\/#\/schema\/logo\/image\/"}},{"@type":"Person","@id":"https:\/\/maismagazine.pt\/#\/schema\/person\/7426e2caeb8df32a1b56aa48dae778c9","name":"Tatiana Martins","image":{"@type":"ImageObject","inLanguage":"pt-PT","@id":"https:\/\/maismagazine.pt\/#\/schema\/person\/image\/","url":"https:\/\/secure.gravatar.com\/avatar\/4b24a57f5d0425f2eb20981c4b53244e?s=96&d=mm&r=g","contentUrl":"https:\/\/secure.gravatar.com\/avatar\/4b24a57f5d0425f2eb20981c4b53244e?s=96&d=mm&r=g","caption":"Tatiana Martins"},"url":"https:\/\/maismagazine.pt\/index.php\/author\/tatiana\/"}]}},"author_meta":{"display_name":false,"author_link":"https:\/\/maismagazine.pt\/index.php\/author\/tatiana\/"},"featured_img":"https:\/\/maismagazine.pt\/wp-content\/uploads\/2023\/09\/15612592_resultado-300x191.jpg","coauthors":[],"tax_additional":{"categories":{"linked":["<a href=\"https:\/\/maismagazine.pt\/index.php\/category\/publicidade\/\" class=\"advgb-post-tax-term\">publicidade<\/a>"],"unlinked":["<span class=\"advgb-post-tax-term\">publicidade<\/span>"]},"tags":{"linked":["<a href=\"https:\/\/maismagazine.pt\/index.php\/category\/publicidade\/\" class=\"advgb-post-tax-term\">Vila Vi\u00e7osa<\/a>"],"unlinked":["<span class=\"advgb-post-tax-term\">Vila Vi\u00e7osa<\/span>"]}},"comment_count":"0","relative_dates":{"created":"Posted 3 anos ago","modified":"Updated 3 anos ago"},"absolute_dates":{"created":"Posted on 15 de Setembro, 2023","modified":"Updated on 11 de Setembro, 2023"},"absolute_dates_time":{"created":"Posted on 15 de Setembro, 2023 7:00","modified":"Updated on 11 de Setembro, 2023 14:48"},"featured_img_caption":"","series_order":"","_links":{"self":[{"href":"https:\/\/maismagazine.pt\/index.php\/wp-json\/wp\/v2\/posts\/7858","targetHints":{"allow":["GET"]}}],"collection":[{"href":"https:\/\/maismagazine.pt\/index.php\/wp-json\/wp\/v2\/posts"}],"about":[{"href":"https:\/\/maismagazine.pt\/index.php\/wp-json\/wp\/v2\/types\/post"}],"author":[{"embeddable":true,"href":"https:\/\/maismagazine.pt\/index.php\/wp-json\/wp\/v2\/users\/18"}],"replies":[{"embeddable":true,"href":"https:\/\/maismagazine.pt\/index.php\/wp-json\/wp\/v2\/comments?post=7858"}],"version-history":[{"count":1,"href":"https:\/\/maismagazine.pt\/index.php\/wp-json\/wp\/v2\/posts\/7858\/revisions"}],"predecessor-version":[{"id":7861,"href":"https:\/\/maismagazine.pt\/index.php\/wp-json\/wp\/v2\/posts\/7858\/revisions\/7861"}],"wp:featuredmedia":[{"embeddable":true,"href":"https:\/\/maismagazine.pt\/index.php\/wp-json\/wp\/v2\/media\/7859"}],"wp:attachment":[{"href":"https:\/\/maismagazine.pt\/index.php\/wp-json\/wp\/v2\/media?parent=7858"}],"wp:term":[{"taxonomy":"category","embeddable":true,"href":"https:\/\/maismagazine.pt\/index.php\/wp-json\/wp\/v2\/categories?post=7858"},{"taxonomy":"post_tag","embeddable":true,"href":"https:\/\/maismagazine.pt\/index.php\/wp-json\/wp\/v2\/tags?post=7858"}],"curies":[{"name":"wp","href":"https:\/\/api.w.org\/{rel}","templated":true}]}}