{"id":7722,"date":"2023-09-15T07:00:00","date_gmt":"2023-09-15T06:00:00","guid":{"rendered":"https:\/\/maismagazine.pt\/?p=7722"},"modified":"2023-09-11T11:26:58","modified_gmt":"2023-09-11T10:26:58","slug":"a-inovacao-no-cluster-da-vinha-e-do-vinho","status":"publish","type":"post","link":"https:\/\/maismagazine.pt\/index.php\/2023\/09\/15\/a-inovacao-no-cluster-da-vinha-e-do-vinho\/","title":{"rendered":"A Inova\u00e7\u00e3o no Cluster da Vinha e do Vinho"},"content":{"rendered":"\n<p>A atividade vitivin\u00edcola em Portugal assume uma import\u00e2ncia fundamental para a economia nacional, tendo sido respons\u00e1vel por 941 milh\u00f5es de euros em exporta\u00e7\u00f5es no ano de 2022, ocupando quase 5% da Superf\u00edcie Agr\u00edcola Utilizada (SAU), dispersa por todo o pa\u00eds, desde os territ\u00f3rios de mais baixa densidade populacional, como o Douro, Tr\u00e1s-os-Montes, Beiras, Alto Alentejo e Pico, at\u00e9 aos de maior densidade populacional como Lisboa.<\/p>\n\n\n\n<p><\/p>\n\n\n\n<p>Este sucesso e dispers\u00e3o territorial na cria\u00e7\u00e3o de riqueza deve-se \u00e0 virtuosi-dade da videira poder ocupar e ser produtiva nos solos mais pobres e sem outra aptid\u00e3o agr\u00edcola, mas sobretudo deve-se \u00e0 elevada e sem compara\u00e7\u00e3o capaci-dade de organiza\u00e7\u00e3o do setor, assim como a uma propens\u00e3o intr\u00ednseca para a inova\u00e7\u00e3o em produtos, processos e m\u00e9todos.<\/p>\n\n\n\n<p><\/p>\n\n\n\n<p>A ADVID &#8211; Associa\u00e7\u00e3o para o Desenvolvimento da Viticultura Duriense, enquanto Entidade Gestora do Cluster da Vinha e do Vinho, procura desde a sua g\u00e9nese, explorar esta capacidade de organiza\u00e7\u00e3o do setor e promover a inova\u00e7\u00e3o, acelerando a transfer\u00eancia de conhecimento entre o sistema de I&amp;D e o Sector Empresarial Vitivin\u00edcola.<\/p>\n\n\n\n<p><\/p>\n\n\n\n<p>Ainda, a participa\u00e7\u00e3o ativa das empresas na defini\u00e7\u00e3o das agendas de I&amp;D, a realiza\u00e7\u00e3o destas atividades em vinhas comerciais, as a\u00e7\u00f5es de demonstra\u00e7\u00e3o e transfer\u00eancia de conhecimento, aceleram as respostas do setor aos desafios que este tem de enfrentar, permitindo, em muitas situa\u00e7\u00f5es, antecipar respos-tas, como no caso das altera\u00e7\u00f5es clim\u00e1ticas.<\/p>\n\n\n\n<p><\/p>\n\n\n\n<p>Num setor que pretende aumentar as exporta\u00e7\u00f5es de vinho para um valor superior a 1.000 Milh\u00f5es de Euros, num contexto de grandes desafios, tais como um momento de mudan\u00e7as de consumo de vinho, altera\u00e7\u00f5es clim\u00e1ticas, escassez de m\u00e3o-de-obra, necessidade de mecaniza\u00e7\u00e3o e sensoriza\u00e7\u00e3o e a conserva\u00e7\u00e3o da biodiversidade funcional e da diversidade gen\u00e9tica da videira, assim como a introdu\u00e7\u00e3o de pr\u00e1ticas vit\u00edcolas mais sustent\u00e1veis, o conhecimento e a inova\u00e7\u00e3o, assim como a r\u00e1pida transfer\u00eancia desse conhecimento gerado para o sector empresarial, s\u00e3o uma ferramenta fundamental, para criar valor, mantendo a identidade dos vinhos portugueses.<\/p>\n\n\n\n<p><\/p>\n\n\n\n<p>O Cluster da Vinha e do Vinho, pela maturidade das suas empresas, consegue assim criar essa estrutura, que agrega empresas vitivin\u00edcolas, institui\u00e7\u00f5es de I&amp;D, empresas de IT e muitos outros agentes que contribuam para a valoriza\u00e7\u00e3o do setor. Este \u00e9 um fator identit\u00e1rio do setor vitivin\u00edcola, que muito contribui para o seu sucesso e afirma\u00e7\u00e3o!<\/p>\n","protected":false},"excerpt":{"rendered":"<p>A atividade vitivin\u00edcola em Portugal assume uma import\u00e2ncia fundamental para a economia nacional, tendo sido respons\u00e1vel por 941 milh\u00f5es de euros em exporta\u00e7\u00f5es no ano de 2022, ocupando quase 5% da Superf\u00edcie Agr\u00edcola Utilizada (SAU), dispersa por todo o pa\u00eds, desde os territ\u00f3rios de mais baixa densidade populacional, como o&hellip;<\/p>\n","protected":false},"author":18,"featured_media":7726,"comment_status":"closed","ping_status":"open","sticky":false,"template":"","format":"standard","meta":{"advgb_blocks_editor_width":"","advgb_blocks_columns_visual_guide":"","_monsterinsights_skip_tracking":false,"_monsterinsights_sitenote_active":false,"_monsterinsights_sitenote_note":"","_monsterinsights_sitenote_category":0,"footnotes":""},"categories":[52,51],"tags":[1665,1664],"class_list":["post-7722","post","type-post","status-publish","format-standard","has-post-thumbnail","hentry","category-destaque","category-opiniao","tag-advid","tag-cluster-da-vinha-e-do-vinho"],"yoast_head":"<!-- This site is optimized with the Yoast SEO plugin v24.4 - https:\/\/yoast.com\/wordpress\/plugins\/seo\/ -->\n<title>A Inova\u00e7\u00e3o no Cluster da Vinha e do Vinho - Mais Magazine<\/title>\n<meta name=\"robots\" content=\"index, follow, max-snippet:-1, max-image-preview:large, max-video-preview:-1\" \/>\n<link rel=\"canonical\" href=\"http:\/\/maismagazine.pt\/index.php\/2023\/09\/15\/a-inovacao-no-cluster-da-vinha-e-do-vinho\/\" \/>\n<meta property=\"og:locale\" content=\"pt_PT\" \/>\n<meta property=\"og:type\" content=\"article\" \/>\n<meta property=\"og:title\" content=\"A Inova\u00e7\u00e3o no Cluster da Vinha e do Vinho - Mais Magazine\" \/>\n<meta property=\"og:description\" content=\"A atividade vitivin\u00edcola em Portugal assume uma import\u00e2ncia fundamental para a economia nacional, tendo sido respons\u00e1vel por 941 milh\u00f5es de euros em exporta\u00e7\u00f5es no ano de 2022, ocupando quase 5% da Superf\u00edcie Agr\u00edcola Utilizada (SAU), dispersa por todo o pa\u00eds, desde os territ\u00f3rios de mais baixa densidade populacional, como o&hellip;\" \/>\n<meta property=\"og:url\" content=\"http:\/\/maismagazine.pt\/index.php\/2023\/09\/15\/a-inovacao-no-cluster-da-vinha-e-do-vinho\/\" \/>\n<meta property=\"og:site_name\" content=\"Mais Magazine\" \/>\n<meta property=\"article:published_time\" content=\"2023-09-15T06:00:00+00:00\" \/>\n<meta property=\"og:image\" content=\"http:\/\/maismagazine.pt\/wp-content\/uploads\/2023\/09\/Jose-Manuel-Castro-e-Silva-Meneres-Manso-Presidente-da-ADVID.jpg\" \/>\n\t<meta property=\"og:image:width\" content=\"1280\" \/>\n\t<meta property=\"og:image:height\" content=\"720\" \/>\n\t<meta property=\"og:image:type\" content=\"image\/jpeg\" \/>\n<meta name=\"author\" content=\"Tatiana Martins\" \/>\n<meta name=\"twitter:card\" content=\"summary_large_image\" \/>\n<meta name=\"twitter:label1\" content=\"Escrito por\" \/>\n\t<meta name=\"twitter:data1\" content=\"\" \/>\n\t<meta name=\"twitter:label2\" content=\"Tempo estimado de leitura\" \/>\n\t<meta name=\"twitter:data2\" content=\"2 minutos\" \/>\n<script type=\"application\/ld+json\" class=\"yoast-schema-graph\">{\"@context\":\"https:\/\/schema.org\",\"@graph\":[{\"@type\":\"Article\",\"@id\":\"http:\/\/maismagazine.pt\/index.php\/2023\/09\/15\/a-inovacao-no-cluster-da-vinha-e-do-vinho\/#article\",\"isPartOf\":{\"@id\":\"http:\/\/maismagazine.pt\/index.php\/2023\/09\/15\/a-inovacao-no-cluster-da-vinha-e-do-vinho\/\"},\"author\":{\"name\":\"Tatiana Martins\",\"@id\":\"https:\/\/maismagazine.pt\/#\/schema\/person\/7426e2caeb8df32a1b56aa48dae778c9\"},\"headline\":\"A Inova\u00e7\u00e3o no Cluster da Vinha e do Vinho\",\"datePublished\":\"2023-09-15T06:00:00+00:00\",\"mainEntityOfPage\":{\"@id\":\"http:\/\/maismagazine.pt\/index.php\/2023\/09\/15\/a-inovacao-no-cluster-da-vinha-e-do-vinho\/\"},\"wordCount\":439,\"publisher\":{\"@id\":\"https:\/\/maismagazine.pt\/#organization\"},\"image\":{\"@id\":\"http:\/\/maismagazine.pt\/index.php\/2023\/09\/15\/a-inovacao-no-cluster-da-vinha-e-do-vinho\/#primaryimage\"},\"thumbnailUrl\":\"https:\/\/maismagazine.pt\/wp-content\/uploads\/2023\/09\/Jose-Manuel-Castro-e-Silva-Meneres-Manso-Presidente-da-ADVID.jpg\",\"keywords\":[\"ADVID\",\"Cluster da Vinha e do Vinho\"],\"articleSection\":[\"Destaque lateral\",\"Opini\u00e3o\"],\"inLanguage\":\"pt-PT\"},{\"@type\":\"WebPage\",\"@id\":\"http:\/\/maismagazine.pt\/index.php\/2023\/09\/15\/a-inovacao-no-cluster-da-vinha-e-do-vinho\/\",\"url\":\"http:\/\/maismagazine.pt\/index.php\/2023\/09\/15\/a-inovacao-no-cluster-da-vinha-e-do-vinho\/\",\"name\":\"A Inova\u00e7\u00e3o no Cluster da Vinha e do Vinho - Mais Magazine\",\"isPartOf\":{\"@id\":\"https:\/\/maismagazine.pt\/#website\"},\"primaryImageOfPage\":{\"@id\":\"http:\/\/maismagazine.pt\/index.php\/2023\/09\/15\/a-inovacao-no-cluster-da-vinha-e-do-vinho\/#primaryimage\"},\"image\":{\"@id\":\"http:\/\/maismagazine.pt\/index.php\/2023\/09\/15\/a-inovacao-no-cluster-da-vinha-e-do-vinho\/#primaryimage\"},\"thumbnailUrl\":\"https:\/\/maismagazine.pt\/wp-content\/uploads\/2023\/09\/Jose-Manuel-Castro-e-Silva-Meneres-Manso-Presidente-da-ADVID.jpg\",\"datePublished\":\"2023-09-15T06:00:00+00:00\",\"breadcrumb\":{\"@id\":\"http:\/\/maismagazine.pt\/index.php\/2023\/09\/15\/a-inovacao-no-cluster-da-vinha-e-do-vinho\/#breadcrumb\"},\"inLanguage\":\"pt-PT\",\"potentialAction\":[{\"@type\":\"ReadAction\",\"target\":[\"http:\/\/maismagazine.pt\/index.php\/2023\/09\/15\/a-inovacao-no-cluster-da-vinha-e-do-vinho\/\"]}]},{\"@type\":\"ImageObject\",\"inLanguage\":\"pt-PT\",\"@id\":\"http:\/\/maismagazine.pt\/index.php\/2023\/09\/15\/a-inovacao-no-cluster-da-vinha-e-do-vinho\/#primaryimage\",\"url\":\"https:\/\/maismagazine.pt\/wp-content\/uploads\/2023\/09\/Jose-Manuel-Castro-e-Silva-Meneres-Manso-Presidente-da-ADVID.jpg\",\"contentUrl\":\"https:\/\/maismagazine.pt\/wp-content\/uploads\/2023\/09\/Jose-Manuel-Castro-e-Silva-Meneres-Manso-Presidente-da-ADVID.jpg\",\"width\":1280,\"height\":720,\"caption\":\"Jos\u00e9 Manuel Castro e Silva Men\u00e9res Manso, Presidente da ADVID\"},{\"@type\":\"BreadcrumbList\",\"@id\":\"http:\/\/maismagazine.pt\/index.php\/2023\/09\/15\/a-inovacao-no-cluster-da-vinha-e-do-vinho\/#breadcrumb\",\"itemListElement\":[{\"@type\":\"ListItem\",\"position\":1,\"name\":\"Home\",\"item\":\"https:\/\/maismagazine.pt\/\"},{\"@type\":\"ListItem\",\"position\":2,\"name\":\"A Inova\u00e7\u00e3o no Cluster da Vinha e do Vinho\"}]},{\"@type\":\"WebSite\",\"@id\":\"https:\/\/maismagazine.pt\/#website\",\"url\":\"https:\/\/maismagazine.pt\/\",\"name\":\"Mais Magazine\",\"description\":\"\",\"publisher\":{\"@id\":\"https:\/\/maismagazine.pt\/#organization\"},\"potentialAction\":[{\"@type\":\"SearchAction\",\"target\":{\"@type\":\"EntryPoint\",\"urlTemplate\":\"https:\/\/maismagazine.pt\/?s={search_term_string}\"},\"query-input\":{\"@type\":\"PropertyValueSpecification\",\"valueRequired\":true,\"valueName\":\"search_term_string\"}}],\"inLanguage\":\"pt-PT\"},{\"@type\":\"Organization\",\"@id\":\"https:\/\/maismagazine.pt\/#organization\",\"name\":\"Mais Magazine\",\"url\":\"https:\/\/maismagazine.pt\/\",\"logo\":{\"@type\":\"ImageObject\",\"inLanguage\":\"pt-PT\",\"@id\":\"https:\/\/maismagazine.pt\/#\/schema\/logo\/image\/\",\"url\":\"https:\/\/maismagazine.pt\/wp-content\/uploads\/2020\/04\/cropped-cropped-mais-magazine-site-logo-2.png\",\"contentUrl\":\"https:\/\/maismagazine.pt\/wp-content\/uploads\/2020\/04\/cropped-cropped-mais-magazine-site-logo-2.png\",\"width\":581,\"height\":90,\"caption\":\"Mais Magazine\"},\"image\":{\"@id\":\"https:\/\/maismagazine.pt\/#\/schema\/logo\/image\/\"}},{\"@type\":\"Person\",\"@id\":\"https:\/\/maismagazine.pt\/#\/schema\/person\/7426e2caeb8df32a1b56aa48dae778c9\",\"name\":\"Tatiana Martins\",\"image\":{\"@type\":\"ImageObject\",\"inLanguage\":\"pt-PT\",\"@id\":\"https:\/\/maismagazine.pt\/#\/schema\/person\/image\/\",\"url\":\"https:\/\/secure.gravatar.com\/avatar\/4b24a57f5d0425f2eb20981c4b53244e?s=96&d=mm&r=g\",\"contentUrl\":\"https:\/\/secure.gravatar.com\/avatar\/4b24a57f5d0425f2eb20981c4b53244e?s=96&d=mm&r=g\",\"caption\":\"Tatiana Martins\"},\"url\":\"https:\/\/maismagazine.pt\/index.php\/author\/tatiana\/\"}]}<\/script>\n<!-- \/ Yoast SEO plugin. -->","yoast_head_json":{"title":"A Inova\u00e7\u00e3o no Cluster da Vinha e do Vinho - Mais Magazine","robots":{"index":"index","follow":"follow","max-snippet":"max-snippet:-1","max-image-preview":"max-image-preview:large","max-video-preview":"max-video-preview:-1"},"canonical":"http:\/\/maismagazine.pt\/index.php\/2023\/09\/15\/a-inovacao-no-cluster-da-vinha-e-do-vinho\/","og_locale":"pt_PT","og_type":"article","og_title":"A Inova\u00e7\u00e3o no Cluster da Vinha e do Vinho - Mais Magazine","og_description":"A atividade vitivin\u00edcola em Portugal assume uma import\u00e2ncia fundamental para a economia nacional, tendo sido respons\u00e1vel por 941 milh\u00f5es de euros em exporta\u00e7\u00f5es no ano de 2022, ocupando quase 5% da Superf\u00edcie Agr\u00edcola Utilizada (SAU), dispersa por todo o pa\u00eds, desde os territ\u00f3rios de mais baixa densidade populacional, como o&hellip;","og_url":"http:\/\/maismagazine.pt\/index.php\/2023\/09\/15\/a-inovacao-no-cluster-da-vinha-e-do-vinho\/","og_site_name":"Mais Magazine","article_published_time":"2023-09-15T06:00:00+00:00","og_image":[{"width":1280,"height":720,"url":"http:\/\/maismagazine.pt\/wp-content\/uploads\/2023\/09\/Jose-Manuel-Castro-e-Silva-Meneres-Manso-Presidente-da-ADVID.jpg","type":"image\/jpeg"}],"author":"Tatiana Martins","twitter_card":"summary_large_image","twitter_misc":{"Escrito por":false,"Tempo estimado de leitura":"2 minutos"},"schema":{"@context":"https:\/\/schema.org","@graph":[{"@type":"Article","@id":"http:\/\/maismagazine.pt\/index.php\/2023\/09\/15\/a-inovacao-no-cluster-da-vinha-e-do-vinho\/#article","isPartOf":{"@id":"http:\/\/maismagazine.pt\/index.php\/2023\/09\/15\/a-inovacao-no-cluster-da-vinha-e-do-vinho\/"},"author":{"name":"Tatiana Martins","@id":"https:\/\/maismagazine.pt\/#\/schema\/person\/7426e2caeb8df32a1b56aa48dae778c9"},"headline":"A Inova\u00e7\u00e3o no Cluster da Vinha e do Vinho","datePublished":"2023-09-15T06:00:00+00:00","mainEntityOfPage":{"@id":"http:\/\/maismagazine.pt\/index.php\/2023\/09\/15\/a-inovacao-no-cluster-da-vinha-e-do-vinho\/"},"wordCount":439,"publisher":{"@id":"https:\/\/maismagazine.pt\/#organization"},"image":{"@id":"http:\/\/maismagazine.pt\/index.php\/2023\/09\/15\/a-inovacao-no-cluster-da-vinha-e-do-vinho\/#primaryimage"},"thumbnailUrl":"https:\/\/maismagazine.pt\/wp-content\/uploads\/2023\/09\/Jose-Manuel-Castro-e-Silva-Meneres-Manso-Presidente-da-ADVID.jpg","keywords":["ADVID","Cluster da Vinha e do Vinho"],"articleSection":["Destaque lateral","Opini\u00e3o"],"inLanguage":"pt-PT"},{"@type":"WebPage","@id":"http:\/\/maismagazine.pt\/index.php\/2023\/09\/15\/a-inovacao-no-cluster-da-vinha-e-do-vinho\/","url":"http:\/\/maismagazine.pt\/index.php\/2023\/09\/15\/a-inovacao-no-cluster-da-vinha-e-do-vinho\/","name":"A Inova\u00e7\u00e3o no Cluster da Vinha e do Vinho - Mais Magazine","isPartOf":{"@id":"https:\/\/maismagazine.pt\/#website"},"primaryImageOfPage":{"@id":"http:\/\/maismagazine.pt\/index.php\/2023\/09\/15\/a-inovacao-no-cluster-da-vinha-e-do-vinho\/#primaryimage"},"image":{"@id":"http:\/\/maismagazine.pt\/index.php\/2023\/09\/15\/a-inovacao-no-cluster-da-vinha-e-do-vinho\/#primaryimage"},"thumbnailUrl":"https:\/\/maismagazine.pt\/wp-content\/uploads\/2023\/09\/Jose-Manuel-Castro-e-Silva-Meneres-Manso-Presidente-da-ADVID.jpg","datePublished":"2023-09-15T06:00:00+00:00","breadcrumb":{"@id":"http:\/\/maismagazine.pt\/index.php\/2023\/09\/15\/a-inovacao-no-cluster-da-vinha-e-do-vinho\/#breadcrumb"},"inLanguage":"pt-PT","potentialAction":[{"@type":"ReadAction","target":["http:\/\/maismagazine.pt\/index.php\/2023\/09\/15\/a-inovacao-no-cluster-da-vinha-e-do-vinho\/"]}]},{"@type":"ImageObject","inLanguage":"pt-PT","@id":"http:\/\/maismagazine.pt\/index.php\/2023\/09\/15\/a-inovacao-no-cluster-da-vinha-e-do-vinho\/#primaryimage","url":"https:\/\/maismagazine.pt\/wp-content\/uploads\/2023\/09\/Jose-Manuel-Castro-e-Silva-Meneres-Manso-Presidente-da-ADVID.jpg","contentUrl":"https:\/\/maismagazine.pt\/wp-content\/uploads\/2023\/09\/Jose-Manuel-Castro-e-Silva-Meneres-Manso-Presidente-da-ADVID.jpg","width":1280,"height":720,"caption":"Jos\u00e9 Manuel Castro e Silva Men\u00e9res Manso, Presidente da ADVID"},{"@type":"BreadcrumbList","@id":"http:\/\/maismagazine.pt\/index.php\/2023\/09\/15\/a-inovacao-no-cluster-da-vinha-e-do-vinho\/#breadcrumb","itemListElement":[{"@type":"ListItem","position":1,"name":"Home","item":"https:\/\/maismagazine.pt\/"},{"@type":"ListItem","position":2,"name":"A Inova\u00e7\u00e3o no Cluster da Vinha e do Vinho"}]},{"@type":"WebSite","@id":"https:\/\/maismagazine.pt\/#website","url":"https:\/\/maismagazine.pt\/","name":"Mais Magazine","description":"","publisher":{"@id":"https:\/\/maismagazine.pt\/#organization"},"potentialAction":[{"@type":"SearchAction","target":{"@type":"EntryPoint","urlTemplate":"https:\/\/maismagazine.pt\/?s={search_term_string}"},"query-input":{"@type":"PropertyValueSpecification","valueRequired":true,"valueName":"search_term_string"}}],"inLanguage":"pt-PT"},{"@type":"Organization","@id":"https:\/\/maismagazine.pt\/#organization","name":"Mais Magazine","url":"https:\/\/maismagazine.pt\/","logo":{"@type":"ImageObject","inLanguage":"pt-PT","@id":"https:\/\/maismagazine.pt\/#\/schema\/logo\/image\/","url":"https:\/\/maismagazine.pt\/wp-content\/uploads\/2020\/04\/cropped-cropped-mais-magazine-site-logo-2.png","contentUrl":"https:\/\/maismagazine.pt\/wp-content\/uploads\/2020\/04\/cropped-cropped-mais-magazine-site-logo-2.png","width":581,"height":90,"caption":"Mais Magazine"},"image":{"@id":"https:\/\/maismagazine.pt\/#\/schema\/logo\/image\/"}},{"@type":"Person","@id":"https:\/\/maismagazine.pt\/#\/schema\/person\/7426e2caeb8df32a1b56aa48dae778c9","name":"Tatiana Martins","image":{"@type":"ImageObject","inLanguage":"pt-PT","@id":"https:\/\/maismagazine.pt\/#\/schema\/person\/image\/","url":"https:\/\/secure.gravatar.com\/avatar\/4b24a57f5d0425f2eb20981c4b53244e?s=96&d=mm&r=g","contentUrl":"https:\/\/secure.gravatar.com\/avatar\/4b24a57f5d0425f2eb20981c4b53244e?s=96&d=mm&r=g","caption":"Tatiana Martins"},"url":"https:\/\/maismagazine.pt\/index.php\/author\/tatiana\/"}]}},"author_meta":{"display_name":false,"author_link":"https:\/\/maismagazine.pt\/index.php\/author\/tatiana\/"},"featured_img":"https:\/\/maismagazine.pt\/wp-content\/uploads\/2023\/09\/Jose-Manuel-Castro-e-Silva-Meneres-Manso-Presidente-da-ADVID-300x169.jpg","coauthors":[],"tax_additional":{"categories":{"linked":["<a href=\"https:\/\/maismagazine.pt\/index.php\/category\/destaque\/\" class=\"advgb-post-tax-term\">Destaque lateral<\/a>","<a href=\"https:\/\/maismagazine.pt\/index.php\/category\/noticias\/opiniao\/\" class=\"advgb-post-tax-term\">Opini\u00e3o<\/a>"],"unlinked":["<span class=\"advgb-post-tax-term\">Destaque lateral<\/span>","<span class=\"advgb-post-tax-term\">Opini\u00e3o<\/span>"]},"tags":{"linked":["<a href=\"https:\/\/maismagazine.pt\/index.php\/category\/noticias\/opiniao\/\" class=\"advgb-post-tax-term\">ADVID<\/a>","<a href=\"https:\/\/maismagazine.pt\/index.php\/category\/noticias\/opiniao\/\" class=\"advgb-post-tax-term\">Cluster da Vinha e do Vinho<\/a>"],"unlinked":["<span class=\"advgb-post-tax-term\">ADVID<\/span>","<span class=\"advgb-post-tax-term\">Cluster da Vinha e do Vinho<\/span>"]}},"comment_count":"0","relative_dates":{"created":"Posted 3 anos ago","modified":"Updated 3 anos ago"},"absolute_dates":{"created":"Posted on 15 de Setembro, 2023","modified":"Updated on 11 de Setembro, 2023"},"absolute_dates_time":{"created":"Posted on 15 de Setembro, 2023 7:00","modified":"Updated on 11 de Setembro, 2023 11:26"},"featured_img_caption":"Jos\u00e9 Manuel Castro e Silva Men\u00e9res Manso, Presidente da ADVID","series_order":"","_links":{"self":[{"href":"https:\/\/maismagazine.pt\/index.php\/wp-json\/wp\/v2\/posts\/7722","targetHints":{"allow":["GET"]}}],"collection":[{"href":"https:\/\/maismagazine.pt\/index.php\/wp-json\/wp\/v2\/posts"}],"about":[{"href":"https:\/\/maismagazine.pt\/index.php\/wp-json\/wp\/v2\/types\/post"}],"author":[{"embeddable":true,"href":"https:\/\/maismagazine.pt\/index.php\/wp-json\/wp\/v2\/users\/18"}],"replies":[{"embeddable":true,"href":"https:\/\/maismagazine.pt\/index.php\/wp-json\/wp\/v2\/comments?post=7722"}],"version-history":[{"count":1,"href":"https:\/\/maismagazine.pt\/index.php\/wp-json\/wp\/v2\/posts\/7722\/revisions"}],"predecessor-version":[{"id":7729,"href":"https:\/\/maismagazine.pt\/index.php\/wp-json\/wp\/v2\/posts\/7722\/revisions\/7729"}],"wp:featuredmedia":[{"embeddable":true,"href":"https:\/\/maismagazine.pt\/index.php\/wp-json\/wp\/v2\/media\/7726"}],"wp:attachment":[{"href":"https:\/\/maismagazine.pt\/index.php\/wp-json\/wp\/v2\/media?parent=7722"}],"wp:term":[{"taxonomy":"category","embeddable":true,"href":"https:\/\/maismagazine.pt\/index.php\/wp-json\/wp\/v2\/categories?post=7722"},{"taxonomy":"post_tag","embeddable":true,"href":"https:\/\/maismagazine.pt\/index.php\/wp-json\/wp\/v2\/tags?post=7722"}],"curies":[{"name":"wp","href":"https:\/\/api.w.org\/{rel}","templated":true}]}}