{"id":7681,"date":"2023-09-15T07:00:00","date_gmt":"2023-09-15T06:00:00","guid":{"rendered":"https:\/\/maismagazine.pt\/?p=7681"},"modified":"2023-09-11T11:01:36","modified_gmt":"2023-09-11T10:01:36","slug":"o-tesouro-de-colares","status":"publish","type":"post","link":"https:\/\/maismagazine.pt\/index.php\/2023\/09\/15\/o-tesouro-de-colares\/","title":{"rendered":"O tesouro de Colares"},"content":{"rendered":"\n<p><strong>Em Sintra, na regi\u00e3o de Colares, localiza-se aquela que \u00e9 a adega cooperativa mais antiga de Portugal e que se encontra aberta ao p\u00fablico para aqueles que tiverem o desejo de a conhecer. Jos\u00e9 Vicente-Paulo, o administrador, conta-nos um pouco da sua hist\u00f3ria e enumera as carater\u00edsticas que tornam estes vinhos \u00fanicos.<\/strong><\/p>\n\n\n\n<p><\/p>\n\n\n\n<p>Para contarmos a hist\u00f3ria da <a href=\"http:\/\/arcolares.com\">Adega Regional de Colares<\/a> precisamos de recuar a meados do s\u00e9culo XIX. Foi por essa altura que ocorreu uma grande praga de filoxera na Europa, que resultou na ru\u00edna de v\u00e1rias ind\u00fastrias vin\u00edcolas. Em Portugal, as castas instaladas em solo arenoso em Colares n\u00e3o foram afetadas, isto porque o inseto n\u00e3o consegue atingir as ra\u00edzes das videiras devido \u00e0 profundidade a que estas s\u00e3o plantadas e \u00e0 prote\u00e7\u00e3o que as areias lhe conferem. Tal facto, levou a um aumento exponencial da procura por esta regi\u00e3o, pelo que, em 1908, o rei D. Manuel II atribuiu-lhe o estatuto de Regi\u00e3o Demarcada. De facto, esta regi\u00e3o possui caracter\u00edsticas \u00edmpares que beneficiam a produ\u00e7\u00e3o do vinho, entre as quais, as suas castas aut\u00f3ctones (Ramisco, Malvasia de Colares e Molar); o solo arenoso; o clima e o microclima; e, por fim, o maneio. Ainda assim, para o entrevistado, a falta de m\u00e3o de obra \u00e9 um dos problemas mais gritantes enfrentados pelo setor nesta regi\u00e3o.<\/p>\n\n\n\n<p><\/p>\n\n\n\n<p>No que diz respeito \u00e0 Adega Regional de Colares, esta surge no ano de 1931 com o intuito de defender o vinho de Colares. Neste momento, este edif\u00edcio hist\u00f3rico disp\u00f5e de v\u00e1rios servi\u00e7os, nomeadamente a produ\u00e7\u00e3o de vinho, o aux\u00edlio \u00e0s quintas da regi\u00e3o que pretendem implementar as suas marcas, mas n\u00e3o t\u00eam capacidade para tal, e a organiza\u00e7\u00e3o de eventos. A par disto, a Adega Regional de Colares providencia a realiza\u00e7\u00e3o de atividades ligadas ao enoturismo, tais como: provas de vinhos simples ou acompanhadas por um en\u00f3logo e visitas \u00e0 Adega e \u00e0s vinhas. \u201cTemos todo o gosto em receber os turistas, nacionais ou internacionais, e tentamos ao m\u00e1ximo ir ao encontro das suas expectativas\u201d, salienta o entrevistado.<\/p>\n\n\n\n<p><\/p>\n\n\n\n<p><strong>A reabilita\u00e7\u00e3o do edif\u00edcio<\/strong><\/p>\n\n\n\n<p>No passado m\u00eas de junho, a C\u00e2mara de Sintra e a Adega Regional de Colares assinaram um protocolo de colabora\u00e7\u00e3o que visa a realiza\u00e7\u00e3o de obras de requalifica\u00e7\u00e3o do edif\u00edcio. Trata-se de um investimento de cerca de 600 mil euros que \u00e9, igualmente, uma prova inequ\u00edvoca da import\u00e2ncia dos vinhos de Colares para a regi\u00e3o. Sobre o estado em que se encontram estas obras atualmente, o administrador explica: \u201ceste ano j\u00e1 conseguimos substituir a parte central do telhado com 105m de comprimento e pretendemos, no pr\u00f3ximo ano, recuperar o resto do edif\u00edcio\u201d. Nesta primeira fase houve, ao abrigo do protocolo com a C\u00e2mara Municipal de Sintra, um apoio de 100 mil euros.<\/p>\n\n\n\n<p><\/p>\n\n\n\n<p><strong>Olhar sobre a atualidade e esperan\u00e7a em rela\u00e7\u00e3o ao futuro<\/strong><\/p>\n\n\n\n<p>Nos \u00faltimos anos, \u201capesar da produ\u00e7\u00e3o ser reduzida\u201d, a adega de Colares \u201ctem crescido significativamente\u201d quer ao n\u00edvel das planta\u00e7\u00f5es dos associados, quer no que se refere aos servi\u00e7os prestados aos produtores engarrafadores. Al\u00e9m disso, a regi\u00e3o tem-se desenvolvido e as novas tecnologias (mecaniza\u00e7\u00e3o sem descaracteriza\u00e7\u00e3o) t\u00eam sido uma ajuda muito importante para fazer face ao problema da escassez de m\u00e3o de obra. Por isso, o administrador Jos\u00e9 Vicente-Paulo, olha com positivismo para o futuro da Adega Regional de Colares.<\/p>\n\n\n\n<figure class=\"wp-block-image size-large is-resized\"><img loading=\"lazy\" decoding=\"async\" src=\"https:\/\/maismagazine.pt\/wp-content\/uploads\/2023\/09\/ARC_LOGO-1024x272.webp\" alt=\"\" class=\"wp-image-7689\" width=\"467\" height=\"124\" srcset=\"https:\/\/maismagazine.pt\/wp-content\/uploads\/2023\/09\/ARC_LOGO-1024x272.webp 1024w, https:\/\/maismagazine.pt\/wp-content\/uploads\/2023\/09\/ARC_LOGO-300x80.webp 300w, https:\/\/maismagazine.pt\/wp-content\/uploads\/2023\/09\/ARC_LOGO-768x204.webp 768w, https:\/\/maismagazine.pt\/wp-content\/uploads\/2023\/09\/ARC_LOGO.webp 1250w\" sizes=\"auto, (max-width: 467px) 100vw, 467px\" \/><\/figure>\n\n\n\n<p class=\"has-text-align-center\"><canvas width=\"1245\" height=\"1755\"><\/canvas><\/p>\n","protected":false},"excerpt":{"rendered":"<p>Em Sintra, na regi\u00e3o de Colares, localiza-se aquela que \u00e9 a adega cooperativa mais antiga de Portugal e que se encontra aberta ao p\u00fablico para aqueles que tiverem o desejo de a conhecer. Jos\u00e9 Vicente-Paulo, o administrador, conta-nos um pouco da sua hist\u00f3ria e enumera as carater\u00edsticas que tornam estes&hellip;<\/p>\n","protected":false},"author":18,"featured_media":7688,"comment_status":"closed","ping_status":"open","sticky":false,"template":"","format":"standard","meta":{"advgb_blocks_editor_width":"","advgb_blocks_columns_visual_guide":"","_monsterinsights_skip_tracking":false,"_monsterinsights_sitenote_active":false,"_monsterinsights_sitenote_note":"","_monsterinsights_sitenote_category":0,"footnotes":""},"categories":[53],"tags":[1659,1293,262],"class_list":["post-7681","post","type-post","status-publish","format-standard","has-post-thumbnail","hentry","category-turismo-restaurantes","tag-adega-regional-de-colares","tag-sintra","tag-vinhos"],"yoast_head":"<!-- This site is optimized with the Yoast SEO plugin v24.4 - https:\/\/yoast.com\/wordpress\/plugins\/seo\/ -->\n<title>O tesouro de Colares - Mais Magazine<\/title>\n<meta name=\"robots\" content=\"index, follow, max-snippet:-1, max-image-preview:large, max-video-preview:-1\" \/>\n<link rel=\"canonical\" href=\"https:\/\/maismagazine.pt\/index.php\/2023\/09\/15\/o-tesouro-de-colares\/\" \/>\n<meta property=\"og:locale\" content=\"pt_PT\" \/>\n<meta property=\"og:type\" content=\"article\" \/>\n<meta property=\"og:title\" content=\"O tesouro de Colares - Mais Magazine\" \/>\n<meta property=\"og:description\" content=\"Em Sintra, na regi\u00e3o de Colares, localiza-se aquela que \u00e9 a adega cooperativa mais antiga de Portugal e que se encontra aberta ao p\u00fablico para aqueles que tiverem o desejo de a conhecer. Jos\u00e9 Vicente-Paulo, o administrador, conta-nos um pouco da sua hist\u00f3ria e enumera as carater\u00edsticas que tornam estes&hellip;\" \/>\n<meta property=\"og:url\" content=\"https:\/\/maismagazine.pt\/index.php\/2023\/09\/15\/o-tesouro-de-colares\/\" \/>\n<meta property=\"og:site_name\" content=\"Mais Magazine\" \/>\n<meta property=\"article:published_time\" content=\"2023-09-15T06:00:00+00:00\" \/>\n<meta property=\"og:image\" content=\"https:\/\/maismagazine.pt\/wp-content\/uploads\/2023\/09\/Adega-Regional-de-Colares_eventos-scaled.jpg\" \/>\n\t<meta property=\"og:image:width\" content=\"2560\" \/>\n\t<meta property=\"og:image:height\" content=\"1050\" \/>\n\t<meta property=\"og:image:type\" content=\"image\/jpeg\" \/>\n<meta name=\"author\" content=\"Tatiana Martins\" \/>\n<meta name=\"twitter:card\" content=\"summary_large_image\" \/>\n<meta name=\"twitter:label1\" content=\"Escrito por\" \/>\n\t<meta name=\"twitter:data1\" content=\"\" \/>\n\t<meta name=\"twitter:label2\" content=\"Tempo estimado de leitura\" \/>\n\t<meta name=\"twitter:data2\" content=\"3 minutos\" \/>\n<script type=\"application\/ld+json\" class=\"yoast-schema-graph\">{\"@context\":\"https:\/\/schema.org\",\"@graph\":[{\"@type\":\"Article\",\"@id\":\"https:\/\/maismagazine.pt\/index.php\/2023\/09\/15\/o-tesouro-de-colares\/#article\",\"isPartOf\":{\"@id\":\"https:\/\/maismagazine.pt\/index.php\/2023\/09\/15\/o-tesouro-de-colares\/\"},\"author\":{\"name\":\"Tatiana Martins\",\"@id\":\"http:\/\/maismagazine.pt\/#\/schema\/person\/7426e2caeb8df32a1b56aa48dae778c9\"},\"headline\":\"O tesouro de Colares\",\"datePublished\":\"2023-09-15T06:00:00+00:00\",\"mainEntityOfPage\":{\"@id\":\"https:\/\/maismagazine.pt\/index.php\/2023\/09\/15\/o-tesouro-de-colares\/\"},\"wordCount\":599,\"publisher\":{\"@id\":\"http:\/\/maismagazine.pt\/#organization\"},\"image\":{\"@id\":\"https:\/\/maismagazine.pt\/index.php\/2023\/09\/15\/o-tesouro-de-colares\/#primaryimage\"},\"thumbnailUrl\":\"https:\/\/maismagazine.pt\/wp-content\/uploads\/2023\/09\/Adega-Regional-de-Colares_eventos-scaled.jpg\",\"keywords\":[\"Adega Regional de Colares\",\"Sintra\",\"vinhos\"],\"articleSection\":[\"Turismo | Vinhos | Gastronomia\"],\"inLanguage\":\"pt-PT\"},{\"@type\":\"WebPage\",\"@id\":\"https:\/\/maismagazine.pt\/index.php\/2023\/09\/15\/o-tesouro-de-colares\/\",\"url\":\"https:\/\/maismagazine.pt\/index.php\/2023\/09\/15\/o-tesouro-de-colares\/\",\"name\":\"O tesouro de Colares - Mais Magazine\",\"isPartOf\":{\"@id\":\"http:\/\/maismagazine.pt\/#website\"},\"primaryImageOfPage\":{\"@id\":\"https:\/\/maismagazine.pt\/index.php\/2023\/09\/15\/o-tesouro-de-colares\/#primaryimage\"},\"image\":{\"@id\":\"https:\/\/maismagazine.pt\/index.php\/2023\/09\/15\/o-tesouro-de-colares\/#primaryimage\"},\"thumbnailUrl\":\"https:\/\/maismagazine.pt\/wp-content\/uploads\/2023\/09\/Adega-Regional-de-Colares_eventos-scaled.jpg\",\"datePublished\":\"2023-09-15T06:00:00+00:00\",\"breadcrumb\":{\"@id\":\"https:\/\/maismagazine.pt\/index.php\/2023\/09\/15\/o-tesouro-de-colares\/#breadcrumb\"},\"inLanguage\":\"pt-PT\",\"potentialAction\":[{\"@type\":\"ReadAction\",\"target\":[\"https:\/\/maismagazine.pt\/index.php\/2023\/09\/15\/o-tesouro-de-colares\/\"]}]},{\"@type\":\"ImageObject\",\"inLanguage\":\"pt-PT\",\"@id\":\"https:\/\/maismagazine.pt\/index.php\/2023\/09\/15\/o-tesouro-de-colares\/#primaryimage\",\"url\":\"https:\/\/maismagazine.pt\/wp-content\/uploads\/2023\/09\/Adega-Regional-de-Colares_eventos-scaled.jpg\",\"contentUrl\":\"https:\/\/maismagazine.pt\/wp-content\/uploads\/2023\/09\/Adega-Regional-de-Colares_eventos-scaled.jpg\",\"width\":2560,\"height\":1050},{\"@type\":\"BreadcrumbList\",\"@id\":\"https:\/\/maismagazine.pt\/index.php\/2023\/09\/15\/o-tesouro-de-colares\/#breadcrumb\",\"itemListElement\":[{\"@type\":\"ListItem\",\"position\":1,\"name\":\"Home\",\"item\":\"http:\/\/maismagazine.pt\/\"},{\"@type\":\"ListItem\",\"position\":2,\"name\":\"O tesouro de Colares\"}]},{\"@type\":\"WebSite\",\"@id\":\"http:\/\/maismagazine.pt\/#website\",\"url\":\"http:\/\/maismagazine.pt\/\",\"name\":\"Mais Magazine\",\"description\":\"\",\"publisher\":{\"@id\":\"http:\/\/maismagazine.pt\/#organization\"},\"potentialAction\":[{\"@type\":\"SearchAction\",\"target\":{\"@type\":\"EntryPoint\",\"urlTemplate\":\"http:\/\/maismagazine.pt\/?s={search_term_string}\"},\"query-input\":{\"@type\":\"PropertyValueSpecification\",\"valueRequired\":true,\"valueName\":\"search_term_string\"}}],\"inLanguage\":\"pt-PT\"},{\"@type\":\"Organization\",\"@id\":\"http:\/\/maismagazine.pt\/#organization\",\"name\":\"Mais Magazine\",\"url\":\"http:\/\/maismagazine.pt\/\",\"logo\":{\"@type\":\"ImageObject\",\"inLanguage\":\"pt-PT\",\"@id\":\"http:\/\/maismagazine.pt\/#\/schema\/logo\/image\/\",\"url\":\"https:\/\/maismagazine.pt\/wp-content\/uploads\/2020\/04\/cropped-cropped-mais-magazine-site-logo-2.png\",\"contentUrl\":\"https:\/\/maismagazine.pt\/wp-content\/uploads\/2020\/04\/cropped-cropped-mais-magazine-site-logo-2.png\",\"width\":581,\"height\":90,\"caption\":\"Mais Magazine\"},\"image\":{\"@id\":\"http:\/\/maismagazine.pt\/#\/schema\/logo\/image\/\"}},{\"@type\":\"Person\",\"@id\":\"http:\/\/maismagazine.pt\/#\/schema\/person\/7426e2caeb8df32a1b56aa48dae778c9\",\"name\":\"Tatiana Martins\",\"image\":{\"@type\":\"ImageObject\",\"inLanguage\":\"pt-PT\",\"@id\":\"http:\/\/maismagazine.pt\/#\/schema\/person\/image\/\",\"url\":\"https:\/\/secure.gravatar.com\/avatar\/4b24a57f5d0425f2eb20981c4b53244e?s=96&d=mm&r=g\",\"contentUrl\":\"https:\/\/secure.gravatar.com\/avatar\/4b24a57f5d0425f2eb20981c4b53244e?s=96&d=mm&r=g\",\"caption\":\"Tatiana Martins\"},\"url\":\"https:\/\/maismagazine.pt\/index.php\/author\/tatiana\/\"}]}<\/script>\n<!-- \/ Yoast SEO plugin. -->","yoast_head_json":{"title":"O tesouro de Colares - Mais Magazine","robots":{"index":"index","follow":"follow","max-snippet":"max-snippet:-1","max-image-preview":"max-image-preview:large","max-video-preview":"max-video-preview:-1"},"canonical":"https:\/\/maismagazine.pt\/index.php\/2023\/09\/15\/o-tesouro-de-colares\/","og_locale":"pt_PT","og_type":"article","og_title":"O tesouro de Colares - Mais Magazine","og_description":"Em Sintra, na regi\u00e3o de Colares, localiza-se aquela que \u00e9 a adega cooperativa mais antiga de Portugal e que se encontra aberta ao p\u00fablico para aqueles que tiverem o desejo de a conhecer. Jos\u00e9 Vicente-Paulo, o administrador, conta-nos um pouco da sua hist\u00f3ria e enumera as carater\u00edsticas que tornam estes&hellip;","og_url":"https:\/\/maismagazine.pt\/index.php\/2023\/09\/15\/o-tesouro-de-colares\/","og_site_name":"Mais Magazine","article_published_time":"2023-09-15T06:00:00+00:00","og_image":[{"width":2560,"height":1050,"url":"https:\/\/maismagazine.pt\/wp-content\/uploads\/2023\/09\/Adega-Regional-de-Colares_eventos-scaled.jpg","type":"image\/jpeg"}],"author":"Tatiana Martins","twitter_card":"summary_large_image","twitter_misc":{"Escrito por":false,"Tempo estimado de leitura":"3 minutos"},"schema":{"@context":"https:\/\/schema.org","@graph":[{"@type":"Article","@id":"https:\/\/maismagazine.pt\/index.php\/2023\/09\/15\/o-tesouro-de-colares\/#article","isPartOf":{"@id":"https:\/\/maismagazine.pt\/index.php\/2023\/09\/15\/o-tesouro-de-colares\/"},"author":{"name":"Tatiana Martins","@id":"http:\/\/maismagazine.pt\/#\/schema\/person\/7426e2caeb8df32a1b56aa48dae778c9"},"headline":"O tesouro de Colares","datePublished":"2023-09-15T06:00:00+00:00","mainEntityOfPage":{"@id":"https:\/\/maismagazine.pt\/index.php\/2023\/09\/15\/o-tesouro-de-colares\/"},"wordCount":599,"publisher":{"@id":"http:\/\/maismagazine.pt\/#organization"},"image":{"@id":"https:\/\/maismagazine.pt\/index.php\/2023\/09\/15\/o-tesouro-de-colares\/#primaryimage"},"thumbnailUrl":"https:\/\/maismagazine.pt\/wp-content\/uploads\/2023\/09\/Adega-Regional-de-Colares_eventos-scaled.jpg","keywords":["Adega Regional de Colares","Sintra","vinhos"],"articleSection":["Turismo | Vinhos | Gastronomia"],"inLanguage":"pt-PT"},{"@type":"WebPage","@id":"https:\/\/maismagazine.pt\/index.php\/2023\/09\/15\/o-tesouro-de-colares\/","url":"https:\/\/maismagazine.pt\/index.php\/2023\/09\/15\/o-tesouro-de-colares\/","name":"O tesouro de Colares - Mais Magazine","isPartOf":{"@id":"http:\/\/maismagazine.pt\/#website"},"primaryImageOfPage":{"@id":"https:\/\/maismagazine.pt\/index.php\/2023\/09\/15\/o-tesouro-de-colares\/#primaryimage"},"image":{"@id":"https:\/\/maismagazine.pt\/index.php\/2023\/09\/15\/o-tesouro-de-colares\/#primaryimage"},"thumbnailUrl":"https:\/\/maismagazine.pt\/wp-content\/uploads\/2023\/09\/Adega-Regional-de-Colares_eventos-scaled.jpg","datePublished":"2023-09-15T06:00:00+00:00","breadcrumb":{"@id":"https:\/\/maismagazine.pt\/index.php\/2023\/09\/15\/o-tesouro-de-colares\/#breadcrumb"},"inLanguage":"pt-PT","potentialAction":[{"@type":"ReadAction","target":["https:\/\/maismagazine.pt\/index.php\/2023\/09\/15\/o-tesouro-de-colares\/"]}]},{"@type":"ImageObject","inLanguage":"pt-PT","@id":"https:\/\/maismagazine.pt\/index.php\/2023\/09\/15\/o-tesouro-de-colares\/#primaryimage","url":"https:\/\/maismagazine.pt\/wp-content\/uploads\/2023\/09\/Adega-Regional-de-Colares_eventos-scaled.jpg","contentUrl":"https:\/\/maismagazine.pt\/wp-content\/uploads\/2023\/09\/Adega-Regional-de-Colares_eventos-scaled.jpg","width":2560,"height":1050},{"@type":"BreadcrumbList","@id":"https:\/\/maismagazine.pt\/index.php\/2023\/09\/15\/o-tesouro-de-colares\/#breadcrumb","itemListElement":[{"@type":"ListItem","position":1,"name":"Home","item":"http:\/\/maismagazine.pt\/"},{"@type":"ListItem","position":2,"name":"O tesouro de Colares"}]},{"@type":"WebSite","@id":"http:\/\/maismagazine.pt\/#website","url":"http:\/\/maismagazine.pt\/","name":"Mais Magazine","description":"","publisher":{"@id":"http:\/\/maismagazine.pt\/#organization"},"potentialAction":[{"@type":"SearchAction","target":{"@type":"EntryPoint","urlTemplate":"http:\/\/maismagazine.pt\/?s={search_term_string}"},"query-input":{"@type":"PropertyValueSpecification","valueRequired":true,"valueName":"search_term_string"}}],"inLanguage":"pt-PT"},{"@type":"Organization","@id":"http:\/\/maismagazine.pt\/#organization","name":"Mais Magazine","url":"http:\/\/maismagazine.pt\/","logo":{"@type":"ImageObject","inLanguage":"pt-PT","@id":"http:\/\/maismagazine.pt\/#\/schema\/logo\/image\/","url":"https:\/\/maismagazine.pt\/wp-content\/uploads\/2020\/04\/cropped-cropped-mais-magazine-site-logo-2.png","contentUrl":"https:\/\/maismagazine.pt\/wp-content\/uploads\/2020\/04\/cropped-cropped-mais-magazine-site-logo-2.png","width":581,"height":90,"caption":"Mais Magazine"},"image":{"@id":"http:\/\/maismagazine.pt\/#\/schema\/logo\/image\/"}},{"@type":"Person","@id":"http:\/\/maismagazine.pt\/#\/schema\/person\/7426e2caeb8df32a1b56aa48dae778c9","name":"Tatiana Martins","image":{"@type":"ImageObject","inLanguage":"pt-PT","@id":"http:\/\/maismagazine.pt\/#\/schema\/person\/image\/","url":"https:\/\/secure.gravatar.com\/avatar\/4b24a57f5d0425f2eb20981c4b53244e?s=96&d=mm&r=g","contentUrl":"https:\/\/secure.gravatar.com\/avatar\/4b24a57f5d0425f2eb20981c4b53244e?s=96&d=mm&r=g","caption":"Tatiana Martins"},"url":"https:\/\/maismagazine.pt\/index.php\/author\/tatiana\/"}]}},"author_meta":{"display_name":false,"author_link":"https:\/\/maismagazine.pt\/index.php\/author\/tatiana\/"},"featured_img":"https:\/\/maismagazine.pt\/wp-content\/uploads\/2023\/09\/Adega-Regional-de-Colares_eventos-300x123.jpg","coauthors":[],"tax_additional":{"categories":{"linked":["<a href=\"https:\/\/maismagazine.pt\/index.php\/category\/turismo-restaurantes\/\" class=\"advgb-post-tax-term\">Turismo | Vinhos | Gastronomia<\/a>"],"unlinked":["<span class=\"advgb-post-tax-term\">Turismo | Vinhos | Gastronomia<\/span>"]},"tags":{"linked":["<a href=\"https:\/\/maismagazine.pt\/index.php\/category\/turismo-restaurantes\/\" class=\"advgb-post-tax-term\">Adega Regional de Colares<\/a>","<a href=\"https:\/\/maismagazine.pt\/index.php\/category\/turismo-restaurantes\/\" class=\"advgb-post-tax-term\">Sintra<\/a>","<a href=\"https:\/\/maismagazine.pt\/index.php\/category\/turismo-restaurantes\/\" class=\"advgb-post-tax-term\">vinhos<\/a>"],"unlinked":["<span class=\"advgb-post-tax-term\">Adega Regional de Colares<\/span>","<span class=\"advgb-post-tax-term\">Sintra<\/span>","<span class=\"advgb-post-tax-term\">vinhos<\/span>"]}},"comment_count":"0","relative_dates":{"created":"Posted 3 anos ago","modified":"Updated 3 anos ago"},"absolute_dates":{"created":"Posted on 15 de Setembro, 2023","modified":"Updated on 11 de Setembro, 2023"},"absolute_dates_time":{"created":"Posted on 15 de Setembro, 2023 7:00","modified":"Updated on 11 de Setembro, 2023 11:01"},"featured_img_caption":"","series_order":"","_links":{"self":[{"href":"https:\/\/maismagazine.pt\/index.php\/wp-json\/wp\/v2\/posts\/7681","targetHints":{"allow":["GET"]}}],"collection":[{"href":"https:\/\/maismagazine.pt\/index.php\/wp-json\/wp\/v2\/posts"}],"about":[{"href":"https:\/\/maismagazine.pt\/index.php\/wp-json\/wp\/v2\/types\/post"}],"author":[{"embeddable":true,"href":"https:\/\/maismagazine.pt\/index.php\/wp-json\/wp\/v2\/users\/18"}],"replies":[{"embeddable":true,"href":"https:\/\/maismagazine.pt\/index.php\/wp-json\/wp\/v2\/comments?post=7681"}],"version-history":[{"count":1,"href":"https:\/\/maismagazine.pt\/index.php\/wp-json\/wp\/v2\/posts\/7681\/revisions"}],"predecessor-version":[{"id":7691,"href":"https:\/\/maismagazine.pt\/index.php\/wp-json\/wp\/v2\/posts\/7681\/revisions\/7691"}],"wp:featuredmedia":[{"embeddable":true,"href":"https:\/\/maismagazine.pt\/index.php\/wp-json\/wp\/v2\/media\/7688"}],"wp:attachment":[{"href":"https:\/\/maismagazine.pt\/index.php\/wp-json\/wp\/v2\/media?parent=7681"}],"wp:term":[{"taxonomy":"category","embeddable":true,"href":"https:\/\/maismagazine.pt\/index.php\/wp-json\/wp\/v2\/categories?post=7681"},{"taxonomy":"post_tag","embeddable":true,"href":"https:\/\/maismagazine.pt\/index.php\/wp-json\/wp\/v2\/tags?post=7681"}],"curies":[{"name":"wp","href":"https:\/\/api.w.org\/{rel}","templated":true}]}}