{"id":7616,"date":"2023-08-04T10:13:42","date_gmt":"2023-08-04T09:13:42","guid":{"rendered":"https:\/\/maismagazine.pt\/?p=7616"},"modified":"2023-08-04T10:13:42","modified_gmt":"2023-08-04T09:13:42","slug":"maia-aprova-plano-estrategico-para-a-criacao-de-parque-metropolitano","status":"publish","type":"post","link":"https:\/\/maismagazine.pt\/index.php\/2023\/08\/04\/maia-aprova-plano-estrategico-para-a-criacao-de-parque-metropolitano\/","title":{"rendered":"Maia aprova plano estrat\u00e9gico para a cria\u00e7\u00e3o de Parque Metropolitano"},"content":{"rendered":"\n<p><strong>Em comunicado, a C\u00e2mara Municipal da Maia anunciou a aprova\u00e7\u00e3o, forma un\u00e2nime, de um programa estrat\u00e9gico que levar\u00e1 \u00e0 cria\u00e7\u00e3o do futuro Parque Metropolitano da cidade.<\/strong><\/p>\n\n\n\n<p><\/p>\n\n\n\n<p>Este parque ficar\u00e1 situado entre as freguesias de Nogueira e Silva Escura e S\u00e3o Pedro Fins, sendo composto por um total de 376 hectares, dos quais 70 estar\u00e3o na possa da autarquia. No c\u00f4mputo geral, o futuro Parque Metropolitano da Maia ser\u00e1 um espa\u00e7o que agregar\u00e1 uma grande variedade de instala\u00e7\u00f5es com diferentes funcionalidades, entre as quais um campus tecnol\u00f3gico, uma resid\u00eancia s\u00e9nior, \u00e1reas desportivas, um Laborat\u00f3rio Agro-Florestal com 27 hectares (com possibilidade de expans\u00e3o), um \u201ccampus\u201d tecnol\u00f3gico e de investiga\u00e7\u00e3o aplicada com cerca de 30 hectares, uma zona residencial\u00a0 e duas zonas desportivas.<\/p>\n\n\n\n<p>Segundo o munic\u00edpio, este programa estrat\u00e9gico vai ser enquadrado na proposta de 2.\u00aa revis\u00e3o ao Plano Diretor Municipal, em curso, de acordo com o sistema de execu\u00e7\u00e3o previsto no PDM, a promover pelo munic\u00edpio e\/ou privado<\/p>\n","protected":false},"excerpt":{"rendered":"<p>Em comunicado, a C\u00e2mara Municipal da Maia anunciou a aprova\u00e7\u00e3o, forma un\u00e2nime, de um programa estrat\u00e9gico que levar\u00e1 \u00e0 cria\u00e7\u00e3o do futuro Parque Metropolitano da cidade. Este parque ficar\u00e1 situado entre as freguesias de Nogueira e Silva Escura e S\u00e3o Pedro Fins, sendo composto por um total de 376 hectares,&hellip;<\/p>\n","protected":false},"author":17,"featured_media":7617,"comment_status":"closed","ping_status":"open","sticky":false,"template":"","format":"standard","meta":{"advgb_blocks_editor_width":"","advgb_blocks_columns_visual_guide":"","_monsterinsights_skip_tracking":false,"_monsterinsights_sitenote_active":false,"_monsterinsights_sitenote_note":"","_monsterinsights_sitenote_category":0,"footnotes":""},"categories":[7],"tags":[977],"class_list":["post-7616","post","type-post","status-publish","format-standard","has-post-thumbnail","hentry","category-noticias","tag-maia"],"yoast_head":"<!-- This site is optimized with the Yoast SEO plugin v24.4 - https:\/\/yoast.com\/wordpress\/plugins\/seo\/ -->\n<title>Maia aprova plano estrat\u00e9gico para a cria\u00e7\u00e3o de Parque Metropolitano - Mais Magazine<\/title>\n<meta name=\"description\" content=\"Em comunicado, a C\u00e2mara Municipal da Maia anunciou a aprova\u00e7\u00e3o, forma un\u00e2nime, de um programa estrat\u00e9gico que levar\u00e1 \u00e0 cria\u00e7\u00e3o do futuro Parque Metropolitano da cidade.\" \/>\n<meta name=\"robots\" content=\"index, follow, max-snippet:-1, max-image-preview:large, max-video-preview:-1\" \/>\n<link rel=\"canonical\" href=\"https:\/\/maismagazine.pt\/index.php\/2023\/08\/04\/maia-aprova-plano-estrategico-para-a-criacao-de-parque-metropolitano\/\" \/>\n<meta property=\"og:locale\" content=\"pt_PT\" \/>\n<meta property=\"og:type\" content=\"article\" \/>\n<meta property=\"og:title\" content=\"Maia aprova plano estrat\u00e9gico para a cria\u00e7\u00e3o de Parque Metropolitano - Mais Magazine\" \/>\n<meta property=\"og:description\" content=\"Em comunicado, a C\u00e2mara Municipal da Maia anunciou a aprova\u00e7\u00e3o, forma un\u00e2nime, de um programa estrat\u00e9gico que levar\u00e1 \u00e0 cria\u00e7\u00e3o do futuro Parque Metropolitano da cidade.\" \/>\n<meta property=\"og:url\" content=\"https:\/\/maismagazine.pt\/index.php\/2023\/08\/04\/maia-aprova-plano-estrategico-para-a-criacao-de-parque-metropolitano\/\" \/>\n<meta property=\"og:site_name\" content=\"Mais Magazine\" \/>\n<meta property=\"article:published_time\" content=\"2023-08-04T09:13:42+00:00\" \/>\n<meta property=\"og:image\" content=\"https:\/\/maismagazine.pt\/wp-content\/uploads\/2023\/08\/DJI_0114_1.jpg\" \/>\n\t<meta property=\"og:image:width\" content=\"2500\" \/>\n\t<meta property=\"og:image:height\" content=\"1665\" \/>\n\t<meta property=\"og:image:type\" content=\"image\/jpeg\" \/>\n<meta name=\"author\" content=\"Tiago Costa\" \/>\n<meta name=\"twitter:card\" content=\"summary_large_image\" \/>\n<meta name=\"twitter:label1\" content=\"Escrito por\" \/>\n\t<meta name=\"twitter:data1\" content=\"\" \/>\n\t<meta name=\"twitter:label2\" content=\"Tempo estimado de leitura\" \/>\n\t<meta name=\"twitter:data2\" content=\"1 minuto\" \/>\n<script type=\"application\/ld+json\" class=\"yoast-schema-graph\">{\"@context\":\"https:\/\/schema.org\",\"@graph\":[{\"@type\":\"Article\",\"@id\":\"https:\/\/maismagazine.pt\/index.php\/2023\/08\/04\/maia-aprova-plano-estrategico-para-a-criacao-de-parque-metropolitano\/#article\",\"isPartOf\":{\"@id\":\"https:\/\/maismagazine.pt\/index.php\/2023\/08\/04\/maia-aprova-plano-estrategico-para-a-criacao-de-parque-metropolitano\/\"},\"author\":{\"name\":\"Tiago Costa\",\"@id\":\"https:\/\/maismagazine.pt\/#\/schema\/person\/c6c5bfccc886434cbd11c74e035f9646\"},\"headline\":\"Maia aprova plano estrat\u00e9gico para a cria\u00e7\u00e3o de Parque Metropolitano\",\"datePublished\":\"2023-08-04T09:13:42+00:00\",\"mainEntityOfPage\":{\"@id\":\"https:\/\/maismagazine.pt\/index.php\/2023\/08\/04\/maia-aprova-plano-estrategico-para-a-criacao-de-parque-metropolitano\/\"},\"wordCount\":185,\"publisher\":{\"@id\":\"https:\/\/maismagazine.pt\/#organization\"},\"image\":{\"@id\":\"https:\/\/maismagazine.pt\/index.php\/2023\/08\/04\/maia-aprova-plano-estrategico-para-a-criacao-de-parque-metropolitano\/#primaryimage\"},\"thumbnailUrl\":\"https:\/\/maismagazine.pt\/wp-content\/uploads\/2023\/08\/DJI_0114_1.jpg\",\"keywords\":[\"Maia\"],\"articleSection\":[\"Not\u00edcias\"],\"inLanguage\":\"pt-PT\"},{\"@type\":\"WebPage\",\"@id\":\"https:\/\/maismagazine.pt\/index.php\/2023\/08\/04\/maia-aprova-plano-estrategico-para-a-criacao-de-parque-metropolitano\/\",\"url\":\"https:\/\/maismagazine.pt\/index.php\/2023\/08\/04\/maia-aprova-plano-estrategico-para-a-criacao-de-parque-metropolitano\/\",\"name\":\"Maia aprova plano estrat\u00e9gico para a cria\u00e7\u00e3o de Parque Metropolitano - Mais Magazine\",\"isPartOf\":{\"@id\":\"https:\/\/maismagazine.pt\/#website\"},\"primaryImageOfPage\":{\"@id\":\"https:\/\/maismagazine.pt\/index.php\/2023\/08\/04\/maia-aprova-plano-estrategico-para-a-criacao-de-parque-metropolitano\/#primaryimage\"},\"image\":{\"@id\":\"https:\/\/maismagazine.pt\/index.php\/2023\/08\/04\/maia-aprova-plano-estrategico-para-a-criacao-de-parque-metropolitano\/#primaryimage\"},\"thumbnailUrl\":\"https:\/\/maismagazine.pt\/wp-content\/uploads\/2023\/08\/DJI_0114_1.jpg\",\"datePublished\":\"2023-08-04T09:13:42+00:00\",\"description\":\"Em comunicado, a C\u00e2mara Municipal da Maia anunciou a aprova\u00e7\u00e3o, forma un\u00e2nime, de um programa estrat\u00e9gico que levar\u00e1 \u00e0 cria\u00e7\u00e3o do futuro Parque Metropolitano da cidade.\",\"breadcrumb\":{\"@id\":\"https:\/\/maismagazine.pt\/index.php\/2023\/08\/04\/maia-aprova-plano-estrategico-para-a-criacao-de-parque-metropolitano\/#breadcrumb\"},\"inLanguage\":\"pt-PT\",\"potentialAction\":[{\"@type\":\"ReadAction\",\"target\":[\"https:\/\/maismagazine.pt\/index.php\/2023\/08\/04\/maia-aprova-plano-estrategico-para-a-criacao-de-parque-metropolitano\/\"]}]},{\"@type\":\"ImageObject\",\"inLanguage\":\"pt-PT\",\"@id\":\"https:\/\/maismagazine.pt\/index.php\/2023\/08\/04\/maia-aprova-plano-estrategico-para-a-criacao-de-parque-metropolitano\/#primaryimage\",\"url\":\"https:\/\/maismagazine.pt\/wp-content\/uploads\/2023\/08\/DJI_0114_1.jpg\",\"contentUrl\":\"https:\/\/maismagazine.pt\/wp-content\/uploads\/2023\/08\/DJI_0114_1.jpg\",\"width\":2500,\"height\":1665},{\"@type\":\"BreadcrumbList\",\"@id\":\"https:\/\/maismagazine.pt\/index.php\/2023\/08\/04\/maia-aprova-plano-estrategico-para-a-criacao-de-parque-metropolitano\/#breadcrumb\",\"itemListElement\":[{\"@type\":\"ListItem\",\"position\":1,\"name\":\"Home\",\"item\":\"https:\/\/maismagazine.pt\/\"},{\"@type\":\"ListItem\",\"position\":2,\"name\":\"Maia aprova plano estrat\u00e9gico para a cria\u00e7\u00e3o de Parque Metropolitano\"}]},{\"@type\":\"WebSite\",\"@id\":\"https:\/\/maismagazine.pt\/#website\",\"url\":\"https:\/\/maismagazine.pt\/\",\"name\":\"Mais Magazine\",\"description\":\"\",\"publisher\":{\"@id\":\"https:\/\/maismagazine.pt\/#organization\"},\"potentialAction\":[{\"@type\":\"SearchAction\",\"target\":{\"@type\":\"EntryPoint\",\"urlTemplate\":\"https:\/\/maismagazine.pt\/?s={search_term_string}\"},\"query-input\":{\"@type\":\"PropertyValueSpecification\",\"valueRequired\":true,\"valueName\":\"search_term_string\"}}],\"inLanguage\":\"pt-PT\"},{\"@type\":\"Organization\",\"@id\":\"https:\/\/maismagazine.pt\/#organization\",\"name\":\"Mais Magazine\",\"url\":\"https:\/\/maismagazine.pt\/\",\"logo\":{\"@type\":\"ImageObject\",\"inLanguage\":\"pt-PT\",\"@id\":\"https:\/\/maismagazine.pt\/#\/schema\/logo\/image\/\",\"url\":\"https:\/\/maismagazine.pt\/wp-content\/uploads\/2020\/04\/cropped-cropped-mais-magazine-site-logo-2.png\",\"contentUrl\":\"https:\/\/maismagazine.pt\/wp-content\/uploads\/2020\/04\/cropped-cropped-mais-magazine-site-logo-2.png\",\"width\":581,\"height\":90,\"caption\":\"Mais Magazine\"},\"image\":{\"@id\":\"https:\/\/maismagazine.pt\/#\/schema\/logo\/image\/\"}},{\"@type\":\"Person\",\"@id\":\"https:\/\/maismagazine.pt\/#\/schema\/person\/c6c5bfccc886434cbd11c74e035f9646\",\"name\":\"Tiago Costa\",\"image\":{\"@type\":\"ImageObject\",\"inLanguage\":\"pt-PT\",\"@id\":\"https:\/\/maismagazine.pt\/#\/schema\/person\/image\/\",\"url\":\"https:\/\/secure.gravatar.com\/avatar\/c599b2bce16c9870429198cbad5ee022?s=96&d=mm&r=g\",\"contentUrl\":\"https:\/\/secure.gravatar.com\/avatar\/c599b2bce16c9870429198cbad5ee022?s=96&d=mm&r=g\",\"caption\":\"Tiago Costa\"},\"url\":\"https:\/\/maismagazine.pt\/index.php\/author\/tiago\/\"}]}<\/script>\n<!-- \/ Yoast SEO plugin. -->","yoast_head_json":{"title":"Maia aprova plano estrat\u00e9gico para a cria\u00e7\u00e3o de Parque Metropolitano - Mais Magazine","description":"Em comunicado, a C\u00e2mara Municipal da Maia anunciou a aprova\u00e7\u00e3o, forma un\u00e2nime, de um programa estrat\u00e9gico que levar\u00e1 \u00e0 cria\u00e7\u00e3o do futuro Parque Metropolitano da cidade.","robots":{"index":"index","follow":"follow","max-snippet":"max-snippet:-1","max-image-preview":"max-image-preview:large","max-video-preview":"max-video-preview:-1"},"canonical":"https:\/\/maismagazine.pt\/index.php\/2023\/08\/04\/maia-aprova-plano-estrategico-para-a-criacao-de-parque-metropolitano\/","og_locale":"pt_PT","og_type":"article","og_title":"Maia aprova plano estrat\u00e9gico para a cria\u00e7\u00e3o de Parque Metropolitano - Mais Magazine","og_description":"Em comunicado, a C\u00e2mara Municipal da Maia anunciou a aprova\u00e7\u00e3o, forma un\u00e2nime, de um programa estrat\u00e9gico que levar\u00e1 \u00e0 cria\u00e7\u00e3o do futuro Parque Metropolitano da cidade.","og_url":"https:\/\/maismagazine.pt\/index.php\/2023\/08\/04\/maia-aprova-plano-estrategico-para-a-criacao-de-parque-metropolitano\/","og_site_name":"Mais Magazine","article_published_time":"2023-08-04T09:13:42+00:00","og_image":[{"width":2500,"height":1665,"url":"https:\/\/maismagazine.pt\/wp-content\/uploads\/2023\/08\/DJI_0114_1.jpg","type":"image\/jpeg"}],"author":"Tiago Costa","twitter_card":"summary_large_image","twitter_misc":{"Escrito por":false,"Tempo estimado de leitura":"1 minuto"},"schema":{"@context":"https:\/\/schema.org","@graph":[{"@type":"Article","@id":"https:\/\/maismagazine.pt\/index.php\/2023\/08\/04\/maia-aprova-plano-estrategico-para-a-criacao-de-parque-metropolitano\/#article","isPartOf":{"@id":"https:\/\/maismagazine.pt\/index.php\/2023\/08\/04\/maia-aprova-plano-estrategico-para-a-criacao-de-parque-metropolitano\/"},"author":{"name":"Tiago Costa","@id":"https:\/\/maismagazine.pt\/#\/schema\/person\/c6c5bfccc886434cbd11c74e035f9646"},"headline":"Maia aprova plano estrat\u00e9gico para a cria\u00e7\u00e3o de Parque Metropolitano","datePublished":"2023-08-04T09:13:42+00:00","mainEntityOfPage":{"@id":"https:\/\/maismagazine.pt\/index.php\/2023\/08\/04\/maia-aprova-plano-estrategico-para-a-criacao-de-parque-metropolitano\/"},"wordCount":185,"publisher":{"@id":"https:\/\/maismagazine.pt\/#organization"},"image":{"@id":"https:\/\/maismagazine.pt\/index.php\/2023\/08\/04\/maia-aprova-plano-estrategico-para-a-criacao-de-parque-metropolitano\/#primaryimage"},"thumbnailUrl":"https:\/\/maismagazine.pt\/wp-content\/uploads\/2023\/08\/DJI_0114_1.jpg","keywords":["Maia"],"articleSection":["Not\u00edcias"],"inLanguage":"pt-PT"},{"@type":"WebPage","@id":"https:\/\/maismagazine.pt\/index.php\/2023\/08\/04\/maia-aprova-plano-estrategico-para-a-criacao-de-parque-metropolitano\/","url":"https:\/\/maismagazine.pt\/index.php\/2023\/08\/04\/maia-aprova-plano-estrategico-para-a-criacao-de-parque-metropolitano\/","name":"Maia aprova plano estrat\u00e9gico para a cria\u00e7\u00e3o de Parque Metropolitano - Mais Magazine","isPartOf":{"@id":"https:\/\/maismagazine.pt\/#website"},"primaryImageOfPage":{"@id":"https:\/\/maismagazine.pt\/index.php\/2023\/08\/04\/maia-aprova-plano-estrategico-para-a-criacao-de-parque-metropolitano\/#primaryimage"},"image":{"@id":"https:\/\/maismagazine.pt\/index.php\/2023\/08\/04\/maia-aprova-plano-estrategico-para-a-criacao-de-parque-metropolitano\/#primaryimage"},"thumbnailUrl":"https:\/\/maismagazine.pt\/wp-content\/uploads\/2023\/08\/DJI_0114_1.jpg","datePublished":"2023-08-04T09:13:42+00:00","description":"Em comunicado, a C\u00e2mara Municipal da Maia anunciou a aprova\u00e7\u00e3o, forma un\u00e2nime, de um programa estrat\u00e9gico que levar\u00e1 \u00e0 cria\u00e7\u00e3o do futuro Parque Metropolitano da cidade.","breadcrumb":{"@id":"https:\/\/maismagazine.pt\/index.php\/2023\/08\/04\/maia-aprova-plano-estrategico-para-a-criacao-de-parque-metropolitano\/#breadcrumb"},"inLanguage":"pt-PT","potentialAction":[{"@type":"ReadAction","target":["https:\/\/maismagazine.pt\/index.php\/2023\/08\/04\/maia-aprova-plano-estrategico-para-a-criacao-de-parque-metropolitano\/"]}]},{"@type":"ImageObject","inLanguage":"pt-PT","@id":"https:\/\/maismagazine.pt\/index.php\/2023\/08\/04\/maia-aprova-plano-estrategico-para-a-criacao-de-parque-metropolitano\/#primaryimage","url":"https:\/\/maismagazine.pt\/wp-content\/uploads\/2023\/08\/DJI_0114_1.jpg","contentUrl":"https:\/\/maismagazine.pt\/wp-content\/uploads\/2023\/08\/DJI_0114_1.jpg","width":2500,"height":1665},{"@type":"BreadcrumbList","@id":"https:\/\/maismagazine.pt\/index.php\/2023\/08\/04\/maia-aprova-plano-estrategico-para-a-criacao-de-parque-metropolitano\/#breadcrumb","itemListElement":[{"@type":"ListItem","position":1,"name":"Home","item":"https:\/\/maismagazine.pt\/"},{"@type":"ListItem","position":2,"name":"Maia aprova plano estrat\u00e9gico para a cria\u00e7\u00e3o de Parque Metropolitano"}]},{"@type":"WebSite","@id":"https:\/\/maismagazine.pt\/#website","url":"https:\/\/maismagazine.pt\/","name":"Mais Magazine","description":"","publisher":{"@id":"https:\/\/maismagazine.pt\/#organization"},"potentialAction":[{"@type":"SearchAction","target":{"@type":"EntryPoint","urlTemplate":"https:\/\/maismagazine.pt\/?s={search_term_string}"},"query-input":{"@type":"PropertyValueSpecification","valueRequired":true,"valueName":"search_term_string"}}],"inLanguage":"pt-PT"},{"@type":"Organization","@id":"https:\/\/maismagazine.pt\/#organization","name":"Mais Magazine","url":"https:\/\/maismagazine.pt\/","logo":{"@type":"ImageObject","inLanguage":"pt-PT","@id":"https:\/\/maismagazine.pt\/#\/schema\/logo\/image\/","url":"https:\/\/maismagazine.pt\/wp-content\/uploads\/2020\/04\/cropped-cropped-mais-magazine-site-logo-2.png","contentUrl":"https:\/\/maismagazine.pt\/wp-content\/uploads\/2020\/04\/cropped-cropped-mais-magazine-site-logo-2.png","width":581,"height":90,"caption":"Mais Magazine"},"image":{"@id":"https:\/\/maismagazine.pt\/#\/schema\/logo\/image\/"}},{"@type":"Person","@id":"https:\/\/maismagazine.pt\/#\/schema\/person\/c6c5bfccc886434cbd11c74e035f9646","name":"Tiago Costa","image":{"@type":"ImageObject","inLanguage":"pt-PT","@id":"https:\/\/maismagazine.pt\/#\/schema\/person\/image\/","url":"https:\/\/secure.gravatar.com\/avatar\/c599b2bce16c9870429198cbad5ee022?s=96&d=mm&r=g","contentUrl":"https:\/\/secure.gravatar.com\/avatar\/c599b2bce16c9870429198cbad5ee022?s=96&d=mm&r=g","caption":"Tiago Costa"},"url":"https:\/\/maismagazine.pt\/index.php\/author\/tiago\/"}]}},"author_meta":{"display_name":false,"author_link":"https:\/\/maismagazine.pt\/index.php\/author\/tiago\/"},"featured_img":"https:\/\/maismagazine.pt\/wp-content\/uploads\/2023\/08\/DJI_0114_1-300x200.jpg","coauthors":[],"tax_additional":{"categories":{"linked":["<a href=\"https:\/\/maismagazine.pt\/index.php\/category\/noticias\/\" class=\"advgb-post-tax-term\">Not\u00edcias<\/a>"],"unlinked":["<span class=\"advgb-post-tax-term\">Not\u00edcias<\/span>"]},"tags":{"linked":["<a href=\"https:\/\/maismagazine.pt\/index.php\/category\/noticias\/\" class=\"advgb-post-tax-term\">Maia<\/a>"],"unlinked":["<span class=\"advgb-post-tax-term\">Maia<\/span>"]}},"comment_count":"0","relative_dates":{"created":"Posted 3 anos ago","modified":"Updated 3 anos ago"},"absolute_dates":{"created":"Posted on 4 de Agosto, 2023","modified":"Updated on 4 de Agosto, 2023"},"absolute_dates_time":{"created":"Posted on 4 de Agosto, 2023 10:13","modified":"Updated on 4 de Agosto, 2023 10:13"},"featured_img_caption":"","series_order":"","_links":{"self":[{"href":"https:\/\/maismagazine.pt\/index.php\/wp-json\/wp\/v2\/posts\/7616","targetHints":{"allow":["GET"]}}],"collection":[{"href":"https:\/\/maismagazine.pt\/index.php\/wp-json\/wp\/v2\/posts"}],"about":[{"href":"https:\/\/maismagazine.pt\/index.php\/wp-json\/wp\/v2\/types\/post"}],"author":[{"embeddable":true,"href":"https:\/\/maismagazine.pt\/index.php\/wp-json\/wp\/v2\/users\/17"}],"replies":[{"embeddable":true,"href":"https:\/\/maismagazine.pt\/index.php\/wp-json\/wp\/v2\/comments?post=7616"}],"version-history":[{"count":1,"href":"https:\/\/maismagazine.pt\/index.php\/wp-json\/wp\/v2\/posts\/7616\/revisions"}],"predecessor-version":[{"id":7618,"href":"https:\/\/maismagazine.pt\/index.php\/wp-json\/wp\/v2\/posts\/7616\/revisions\/7618"}],"wp:featuredmedia":[{"embeddable":true,"href":"https:\/\/maismagazine.pt\/index.php\/wp-json\/wp\/v2\/media\/7617"}],"wp:attachment":[{"href":"https:\/\/maismagazine.pt\/index.php\/wp-json\/wp\/v2\/media?parent=7616"}],"wp:term":[{"taxonomy":"category","embeddable":true,"href":"https:\/\/maismagazine.pt\/index.php\/wp-json\/wp\/v2\/categories?post=7616"},{"taxonomy":"post_tag","embeddable":true,"href":"https:\/\/maismagazine.pt\/index.php\/wp-json\/wp\/v2\/tags?post=7616"}],"curies":[{"name":"wp","href":"https:\/\/api.w.org\/{rel}","templated":true}]}}