{"id":7613,"date":"2023-06-30T16:56:11","date_gmt":"2023-06-30T15:56:11","guid":{"rendered":"http:\/\/maismagazine.pt\/?p=7613"},"modified":"2023-07-28T17:00:57","modified_gmt":"2023-07-28T16:00:57","slug":"editorial-junho-2023","status":"publish","type":"post","link":"https:\/\/maismagazine.pt\/index.php\/2023\/06\/30\/editorial-junho-2023\/","title":{"rendered":"EDITORIAL | junho 2023"},"content":{"rendered":"\n<p>Estamos novamente no ver\u00e3o, a esta\u00e7\u00e3o mais ansiada por tantos de n\u00f3s, e temos, uma vez mais, uma edi\u00e7\u00e3o recheada de ensino superior. Tem sido um dos grandes temas da Mais Magazine, o que revela tamb\u00e9m a confian\u00e7a que as escolas, universidades e polit\u00e9cnicos depositam na nossa revista para divulgarem a sua oferta formativa e revelarem o seu trabalho ao p\u00fablico.<\/p>\n\n\n\n<p><\/p>\n\n\n\n<p>Um ano atr\u00e1s, escrevia eu neste mesmo espa\u00e7o, que a \u201ceduca\u00e7\u00e3o \u00e9 a chave para a mobilidade social\u201d, mas lembrava que esta continua a ser muito baixa em Portugal. \u00c9 ainda muito dif\u00edcil a quem vem de um meio carenciado chegar \u00e0 mesma posi\u00e7\u00e3o social de quem carrega consigo um apelido, ou tenha, pelo menos, pais com um n\u00edvel de escolaridade mais elevado. O caminho que est\u00e1 a ser feito desde meados dos anos 70 tem contribu\u00eddo muito para alterar esta situa\u00e7\u00e3o, mas \u00e9 preciso continuar a apostar na democratiza\u00e7\u00e3o do ensino n\u00e3o negligenciando a exig\u00eancia necess\u00e1ria para que a melhoria dos n\u00fameros n\u00e3o se traduza apenas em gr\u00e1ficos \u201cbonitos\u201d e estat\u00edsticas vazias.<\/p>\n\n\n\n<p><\/p>\n\n\n\n<p>Mas temos tamb\u00e9m muito turismo para explorar nestas p\u00e1ginas. Desde logo com dois assuntos onde a qualidade abunda no nosso pa\u00eds &#8211; praias e vinhos. Falando das zonas balneares em concreto, estas v\u00e3o da imensa costa atl\u00e2ntica ao interior com as suas praias fluviais. Recuo novamente um ano, e relembro a ideia que aqui deixei \u2013 \u201cA beleza das nossas praias, al\u00e9m da natural, \u00e9 que \u00e0s vezes conseguem ser uma amostra do pa\u00eds porque nelas, felizmente, h\u00e1 lugar para toda a gente.\u201d Que assim continue a ser, e que se aposte tamb\u00e9m cada vez mais numa atividade com tamanho potencial como \u00e9 o enoturismo.\u00a0Nesta edi\u00e7\u00e3o vamos do Douro at\u00e9 ao Alentejo, com outras notas de prova para ir experimentando, num pa\u00eds pintado de zonas demarcadas de norte a sul.<\/p>\n\n\n\n<p><\/p>\n\n\n\n<p>Aproveito ainda para relembrar que todas as nossas edi\u00e7\u00f5es podem ser consultadas no nosso site, em <a href=\"http:\/\/www.maismagazine.pt\">www.maismagazine.pt<\/a>. Ao faz\u00ea-lo, constato que temos tido capas muito azuis, num tom fresco e otimista que nos remete para um futuro desejavelmente risonho e para o mar t\u00e3o desejado nesta esta\u00e7\u00e3o. Um <em>ver\u00e3o azul<\/em> afinal, cheio de expectativas e liberdade, refer\u00eancia que escapar\u00e1 aos mais novos, mas que deixar\u00e1 os quarent\u00f5es com um sorriso e uma irresist\u00edvel vontade de assobiar a m\u00fasica do gen\u00e9rico da s\u00e9rie espanhola dos anos 80.<\/p>\n","protected":false},"excerpt":{"rendered":"<p>Estamos novamente no ver\u00e3o, a esta\u00e7\u00e3o mais ansiada por tantos de n\u00f3s, e temos, uma vez mais, uma edi\u00e7\u00e3o recheada de ensino superior. Tem sido um dos grandes temas da Mais Magazine, o que revela tamb\u00e9m a confian\u00e7a que as escolas, universidades e polit\u00e9cnicos depositam na nossa revista para divulgarem&hellip;<\/p>\n","protected":false},"author":7,"featured_media":7614,"comment_status":"closed","ping_status":"open","sticky":false,"template":"","format":"standard","meta":{"advgb_blocks_editor_width":"","advgb_blocks_columns_visual_guide":"","_monsterinsights_skip_tracking":false,"_monsterinsights_sitenote_active":false,"_monsterinsights_sitenote_note":"","_monsterinsights_sitenote_category":0,"footnotes":""},"categories":[815],"tags":[1241,816,817,818],"class_list":["post-7613","post","type-post","status-publish","format-standard","has-post-thumbnail","hentry","category-editoriais","tag-editor","tag-editorial","tag-joao","tag-malainho"],"yoast_head":"<!-- This site is optimized with the Yoast SEO plugin v24.4 - https:\/\/yoast.com\/wordpress\/plugins\/seo\/ -->\n<title>EDITORIAL | junho 2023 - Mais Magazine<\/title>\n<meta name=\"description\" content=\"Um ver\u00e3o azul afinal, cheio de expectativas e liberdade, refer\u00eancia que escapar\u00e1 aos mais novos, mas que deixar\u00e1 os quarent\u00f5es com um...\" \/>\n<meta name=\"robots\" content=\"index, follow, max-snippet:-1, max-image-preview:large, max-video-preview:-1\" \/>\n<link rel=\"canonical\" href=\"https:\/\/maismagazine.pt\/index.php\/2023\/06\/30\/editorial-junho-2023\/\" \/>\n<meta property=\"og:locale\" content=\"pt_PT\" \/>\n<meta property=\"og:type\" content=\"article\" \/>\n<meta property=\"og:title\" content=\"EDITORIAL | junho 2023 - Mais Magazine\" \/>\n<meta property=\"og:description\" content=\"Um ver\u00e3o azul afinal, cheio de expectativas e liberdade, refer\u00eancia que escapar\u00e1 aos mais novos, mas que deixar\u00e1 os quarent\u00f5es com um...\" \/>\n<meta property=\"og:url\" content=\"https:\/\/maismagazine.pt\/index.php\/2023\/06\/30\/editorial-junho-2023\/\" \/>\n<meta property=\"og:site_name\" content=\"Mais Magazine\" \/>\n<meta property=\"article:published_time\" content=\"2023-06-30T15:56:11+00:00\" \/>\n<meta property=\"article:modified_time\" content=\"2023-07-28T16:00:57+00:00\" \/>\n<meta property=\"og:image\" content=\"https:\/\/maismagazine.pt\/wp-content\/uploads\/2023\/07\/Facebook-cover-Maismagazine-JUN23.jpg\" \/>\n\t<meta property=\"og:image:width\" content=\"1640\" \/>\n\t<meta property=\"og:image:height\" content=\"720\" \/>\n\t<meta property=\"og:image:type\" content=\"image\/jpeg\" \/>\n<meta name=\"author\" content=\"Jo\u00e3o Malainho\" \/>\n<meta name=\"twitter:card\" content=\"summary_large_image\" \/>\n<meta name=\"twitter:label1\" content=\"Escrito por\" \/>\n\t<meta name=\"twitter:data1\" content=\"\" \/>\n\t<meta name=\"twitter:label2\" content=\"Tempo estimado de leitura\" \/>\n\t<meta name=\"twitter:data2\" content=\"2 minutos\" \/>\n<script type=\"application\/ld+json\" class=\"yoast-schema-graph\">{\"@context\":\"https:\/\/schema.org\",\"@graph\":[{\"@type\":\"Article\",\"@id\":\"https:\/\/maismagazine.pt\/index.php\/2023\/06\/30\/editorial-junho-2023\/#article\",\"isPartOf\":{\"@id\":\"https:\/\/maismagazine.pt\/index.php\/2023\/06\/30\/editorial-junho-2023\/\"},\"author\":{\"name\":\"Jo\u00e3o Malainho\",\"@id\":\"http:\/\/maismagazine.pt\/#\/schema\/person\/999bd426f894ff56d397ec12ebd21ebb\"},\"headline\":\"EDITORIAL | junho 2023\",\"datePublished\":\"2023-06-30T15:56:11+00:00\",\"dateModified\":\"2023-07-28T16:00:57+00:00\",\"mainEntityOfPage\":{\"@id\":\"https:\/\/maismagazine.pt\/index.php\/2023\/06\/30\/editorial-junho-2023\/\"},\"wordCount\":431,\"publisher\":{\"@id\":\"http:\/\/maismagazine.pt\/#organization\"},\"image\":{\"@id\":\"https:\/\/maismagazine.pt\/index.php\/2023\/06\/30\/editorial-junho-2023\/#primaryimage\"},\"thumbnailUrl\":\"https:\/\/maismagazine.pt\/wp-content\/uploads\/2023\/07\/Facebook-cover-Maismagazine-JUN23.jpg\",\"keywords\":[\"editor\",\"editorial\",\"jo\u00e3o\",\"malainho\"],\"articleSection\":[\"Editoriais\"],\"inLanguage\":\"pt-PT\"},{\"@type\":\"WebPage\",\"@id\":\"https:\/\/maismagazine.pt\/index.php\/2023\/06\/30\/editorial-junho-2023\/\",\"url\":\"https:\/\/maismagazine.pt\/index.php\/2023\/06\/30\/editorial-junho-2023\/\",\"name\":\"EDITORIAL | junho 2023 - Mais Magazine\",\"isPartOf\":{\"@id\":\"http:\/\/maismagazine.pt\/#website\"},\"primaryImageOfPage\":{\"@id\":\"https:\/\/maismagazine.pt\/index.php\/2023\/06\/30\/editorial-junho-2023\/#primaryimage\"},\"image\":{\"@id\":\"https:\/\/maismagazine.pt\/index.php\/2023\/06\/30\/editorial-junho-2023\/#primaryimage\"},\"thumbnailUrl\":\"https:\/\/maismagazine.pt\/wp-content\/uploads\/2023\/07\/Facebook-cover-Maismagazine-JUN23.jpg\",\"datePublished\":\"2023-06-30T15:56:11+00:00\",\"dateModified\":\"2023-07-28T16:00:57+00:00\",\"description\":\"Um ver\u00e3o azul afinal, cheio de expectativas e liberdade, refer\u00eancia que escapar\u00e1 aos mais novos, mas que deixar\u00e1 os quarent\u00f5es com um...\",\"breadcrumb\":{\"@id\":\"https:\/\/maismagazine.pt\/index.php\/2023\/06\/30\/editorial-junho-2023\/#breadcrumb\"},\"inLanguage\":\"pt-PT\",\"potentialAction\":[{\"@type\":\"ReadAction\",\"target\":[\"https:\/\/maismagazine.pt\/index.php\/2023\/06\/30\/editorial-junho-2023\/\"]}]},{\"@type\":\"ImageObject\",\"inLanguage\":\"pt-PT\",\"@id\":\"https:\/\/maismagazine.pt\/index.php\/2023\/06\/30\/editorial-junho-2023\/#primaryimage\",\"url\":\"https:\/\/maismagazine.pt\/wp-content\/uploads\/2023\/07\/Facebook-cover-Maismagazine-JUN23.jpg\",\"contentUrl\":\"https:\/\/maismagazine.pt\/wp-content\/uploads\/2023\/07\/Facebook-cover-Maismagazine-JUN23.jpg\",\"width\":1640,\"height\":720},{\"@type\":\"BreadcrumbList\",\"@id\":\"https:\/\/maismagazine.pt\/index.php\/2023\/06\/30\/editorial-junho-2023\/#breadcrumb\",\"itemListElement\":[{\"@type\":\"ListItem\",\"position\":1,\"name\":\"Home\",\"item\":\"http:\/\/maismagazine.pt\/\"},{\"@type\":\"ListItem\",\"position\":2,\"name\":\"EDITORIAL | junho 2023\"}]},{\"@type\":\"WebSite\",\"@id\":\"http:\/\/maismagazine.pt\/#website\",\"url\":\"http:\/\/maismagazine.pt\/\",\"name\":\"Mais Magazine\",\"description\":\"\",\"publisher\":{\"@id\":\"http:\/\/maismagazine.pt\/#organization\"},\"potentialAction\":[{\"@type\":\"SearchAction\",\"target\":{\"@type\":\"EntryPoint\",\"urlTemplate\":\"http:\/\/maismagazine.pt\/?s={search_term_string}\"},\"query-input\":{\"@type\":\"PropertyValueSpecification\",\"valueRequired\":true,\"valueName\":\"search_term_string\"}}],\"inLanguage\":\"pt-PT\"},{\"@type\":\"Organization\",\"@id\":\"http:\/\/maismagazine.pt\/#organization\",\"name\":\"Mais Magazine\",\"url\":\"http:\/\/maismagazine.pt\/\",\"logo\":{\"@type\":\"ImageObject\",\"inLanguage\":\"pt-PT\",\"@id\":\"http:\/\/maismagazine.pt\/#\/schema\/logo\/image\/\",\"url\":\"https:\/\/maismagazine.pt\/wp-content\/uploads\/2020\/04\/cropped-cropped-mais-magazine-site-logo-2.png\",\"contentUrl\":\"https:\/\/maismagazine.pt\/wp-content\/uploads\/2020\/04\/cropped-cropped-mais-magazine-site-logo-2.png\",\"width\":581,\"height\":90,\"caption\":\"Mais Magazine\"},\"image\":{\"@id\":\"http:\/\/maismagazine.pt\/#\/schema\/logo\/image\/\"}},{\"@type\":\"Person\",\"@id\":\"http:\/\/maismagazine.pt\/#\/schema\/person\/999bd426f894ff56d397ec12ebd21ebb\",\"name\":\"Jo\u00e3o Malainho\",\"image\":{\"@type\":\"ImageObject\",\"inLanguage\":\"pt-PT\",\"@id\":\"http:\/\/maismagazine.pt\/#\/schema\/person\/image\/\",\"url\":\"https:\/\/secure.gravatar.com\/avatar\/ff03c2f38edf60b2a827aa4f74878491?s=96&d=mm&r=g\",\"contentUrl\":\"https:\/\/secure.gravatar.com\/avatar\/ff03c2f38edf60b2a827aa4f74878491?s=96&d=mm&r=g\",\"caption\":\"Jo\u00e3o Malainho\"},\"url\":\"https:\/\/maismagazine.pt\/index.php\/author\/maismagazine\/\"}]}<\/script>\n<!-- \/ Yoast SEO plugin. -->","yoast_head_json":{"title":"EDITORIAL | junho 2023 - Mais Magazine","description":"Um ver\u00e3o azul afinal, cheio de expectativas e liberdade, refer\u00eancia que escapar\u00e1 aos mais novos, mas que deixar\u00e1 os quarent\u00f5es com um...","robots":{"index":"index","follow":"follow","max-snippet":"max-snippet:-1","max-image-preview":"max-image-preview:large","max-video-preview":"max-video-preview:-1"},"canonical":"https:\/\/maismagazine.pt\/index.php\/2023\/06\/30\/editorial-junho-2023\/","og_locale":"pt_PT","og_type":"article","og_title":"EDITORIAL | junho 2023 - Mais Magazine","og_description":"Um ver\u00e3o azul afinal, cheio de expectativas e liberdade, refer\u00eancia que escapar\u00e1 aos mais novos, mas que deixar\u00e1 os quarent\u00f5es com um...","og_url":"https:\/\/maismagazine.pt\/index.php\/2023\/06\/30\/editorial-junho-2023\/","og_site_name":"Mais Magazine","article_published_time":"2023-06-30T15:56:11+00:00","article_modified_time":"2023-07-28T16:00:57+00:00","og_image":[{"width":1640,"height":720,"url":"https:\/\/maismagazine.pt\/wp-content\/uploads\/2023\/07\/Facebook-cover-Maismagazine-JUN23.jpg","type":"image\/jpeg"}],"author":"Jo\u00e3o Malainho","twitter_card":"summary_large_image","twitter_misc":{"Escrito por":false,"Tempo estimado de leitura":"2 minutos"},"schema":{"@context":"https:\/\/schema.org","@graph":[{"@type":"Article","@id":"https:\/\/maismagazine.pt\/index.php\/2023\/06\/30\/editorial-junho-2023\/#article","isPartOf":{"@id":"https:\/\/maismagazine.pt\/index.php\/2023\/06\/30\/editorial-junho-2023\/"},"author":{"name":"Jo\u00e3o Malainho","@id":"http:\/\/maismagazine.pt\/#\/schema\/person\/999bd426f894ff56d397ec12ebd21ebb"},"headline":"EDITORIAL | junho 2023","datePublished":"2023-06-30T15:56:11+00:00","dateModified":"2023-07-28T16:00:57+00:00","mainEntityOfPage":{"@id":"https:\/\/maismagazine.pt\/index.php\/2023\/06\/30\/editorial-junho-2023\/"},"wordCount":431,"publisher":{"@id":"http:\/\/maismagazine.pt\/#organization"},"image":{"@id":"https:\/\/maismagazine.pt\/index.php\/2023\/06\/30\/editorial-junho-2023\/#primaryimage"},"thumbnailUrl":"https:\/\/maismagazine.pt\/wp-content\/uploads\/2023\/07\/Facebook-cover-Maismagazine-JUN23.jpg","keywords":["editor","editorial","jo\u00e3o","malainho"],"articleSection":["Editoriais"],"inLanguage":"pt-PT"},{"@type":"WebPage","@id":"https:\/\/maismagazine.pt\/index.php\/2023\/06\/30\/editorial-junho-2023\/","url":"https:\/\/maismagazine.pt\/index.php\/2023\/06\/30\/editorial-junho-2023\/","name":"EDITORIAL | junho 2023 - Mais Magazine","isPartOf":{"@id":"http:\/\/maismagazine.pt\/#website"},"primaryImageOfPage":{"@id":"https:\/\/maismagazine.pt\/index.php\/2023\/06\/30\/editorial-junho-2023\/#primaryimage"},"image":{"@id":"https:\/\/maismagazine.pt\/index.php\/2023\/06\/30\/editorial-junho-2023\/#primaryimage"},"thumbnailUrl":"https:\/\/maismagazine.pt\/wp-content\/uploads\/2023\/07\/Facebook-cover-Maismagazine-JUN23.jpg","datePublished":"2023-06-30T15:56:11+00:00","dateModified":"2023-07-28T16:00:57+00:00","description":"Um ver\u00e3o azul afinal, cheio de expectativas e liberdade, refer\u00eancia que escapar\u00e1 aos mais novos, mas que deixar\u00e1 os quarent\u00f5es com um...","breadcrumb":{"@id":"https:\/\/maismagazine.pt\/index.php\/2023\/06\/30\/editorial-junho-2023\/#breadcrumb"},"inLanguage":"pt-PT","potentialAction":[{"@type":"ReadAction","target":["https:\/\/maismagazine.pt\/index.php\/2023\/06\/30\/editorial-junho-2023\/"]}]},{"@type":"ImageObject","inLanguage":"pt-PT","@id":"https:\/\/maismagazine.pt\/index.php\/2023\/06\/30\/editorial-junho-2023\/#primaryimage","url":"https:\/\/maismagazine.pt\/wp-content\/uploads\/2023\/07\/Facebook-cover-Maismagazine-JUN23.jpg","contentUrl":"https:\/\/maismagazine.pt\/wp-content\/uploads\/2023\/07\/Facebook-cover-Maismagazine-JUN23.jpg","width":1640,"height":720},{"@type":"BreadcrumbList","@id":"https:\/\/maismagazine.pt\/index.php\/2023\/06\/30\/editorial-junho-2023\/#breadcrumb","itemListElement":[{"@type":"ListItem","position":1,"name":"Home","item":"http:\/\/maismagazine.pt\/"},{"@type":"ListItem","position":2,"name":"EDITORIAL | junho 2023"}]},{"@type":"WebSite","@id":"http:\/\/maismagazine.pt\/#website","url":"http:\/\/maismagazine.pt\/","name":"Mais Magazine","description":"","publisher":{"@id":"http:\/\/maismagazine.pt\/#organization"},"potentialAction":[{"@type":"SearchAction","target":{"@type":"EntryPoint","urlTemplate":"http:\/\/maismagazine.pt\/?s={search_term_string}"},"query-input":{"@type":"PropertyValueSpecification","valueRequired":true,"valueName":"search_term_string"}}],"inLanguage":"pt-PT"},{"@type":"Organization","@id":"http:\/\/maismagazine.pt\/#organization","name":"Mais Magazine","url":"http:\/\/maismagazine.pt\/","logo":{"@type":"ImageObject","inLanguage":"pt-PT","@id":"http:\/\/maismagazine.pt\/#\/schema\/logo\/image\/","url":"https:\/\/maismagazine.pt\/wp-content\/uploads\/2020\/04\/cropped-cropped-mais-magazine-site-logo-2.png","contentUrl":"https:\/\/maismagazine.pt\/wp-content\/uploads\/2020\/04\/cropped-cropped-mais-magazine-site-logo-2.png","width":581,"height":90,"caption":"Mais Magazine"},"image":{"@id":"http:\/\/maismagazine.pt\/#\/schema\/logo\/image\/"}},{"@type":"Person","@id":"http:\/\/maismagazine.pt\/#\/schema\/person\/999bd426f894ff56d397ec12ebd21ebb","name":"Jo\u00e3o Malainho","image":{"@type":"ImageObject","inLanguage":"pt-PT","@id":"http:\/\/maismagazine.pt\/#\/schema\/person\/image\/","url":"https:\/\/secure.gravatar.com\/avatar\/ff03c2f38edf60b2a827aa4f74878491?s=96&d=mm&r=g","contentUrl":"https:\/\/secure.gravatar.com\/avatar\/ff03c2f38edf60b2a827aa4f74878491?s=96&d=mm&r=g","caption":"Jo\u00e3o Malainho"},"url":"https:\/\/maismagazine.pt\/index.php\/author\/maismagazine\/"}]}},"author_meta":{"display_name":false,"author_link":"https:\/\/maismagazine.pt\/index.php\/author\/maismagazine\/"},"featured_img":"https:\/\/maismagazine.pt\/wp-content\/uploads\/2023\/07\/Facebook-cover-Maismagazine-JUN23-300x132.jpg","coauthors":[],"tax_additional":{"categories":{"linked":["<a href=\"https:\/\/maismagazine.pt\/index.php\/category\/editoriais\/\" class=\"advgb-post-tax-term\">Editoriais<\/a>"],"unlinked":["<span class=\"advgb-post-tax-term\">Editoriais<\/span>"]},"tags":{"linked":["<a href=\"https:\/\/maismagazine.pt\/index.php\/category\/editoriais\/\" class=\"advgb-post-tax-term\">editor<\/a>","<a href=\"https:\/\/maismagazine.pt\/index.php\/category\/editoriais\/\" class=\"advgb-post-tax-term\">editorial<\/a>","<a href=\"https:\/\/maismagazine.pt\/index.php\/category\/editoriais\/\" class=\"advgb-post-tax-term\">jo\u00e3o<\/a>","<a href=\"https:\/\/maismagazine.pt\/index.php\/category\/editoriais\/\" class=\"advgb-post-tax-term\">malainho<\/a>"],"unlinked":["<span class=\"advgb-post-tax-term\">editor<\/span>","<span class=\"advgb-post-tax-term\">editorial<\/span>","<span class=\"advgb-post-tax-term\">jo\u00e3o<\/span>","<span class=\"advgb-post-tax-term\">malainho<\/span>"]}},"comment_count":"0","relative_dates":{"created":"Posted 3 anos ago","modified":"Updated 3 anos ago"},"absolute_dates":{"created":"Posted on 30 de Junho, 2023","modified":"Updated on 28 de Julho, 2023"},"absolute_dates_time":{"created":"Posted on 30 de Junho, 2023 16:56","modified":"Updated on 28 de Julho, 2023 17:00"},"featured_img_caption":"","series_order":"","_links":{"self":[{"href":"https:\/\/maismagazine.pt\/index.php\/wp-json\/wp\/v2\/posts\/7613","targetHints":{"allow":["GET"]}}],"collection":[{"href":"https:\/\/maismagazine.pt\/index.php\/wp-json\/wp\/v2\/posts"}],"about":[{"href":"https:\/\/maismagazine.pt\/index.php\/wp-json\/wp\/v2\/types\/post"}],"author":[{"embeddable":true,"href":"https:\/\/maismagazine.pt\/index.php\/wp-json\/wp\/v2\/users\/7"}],"replies":[{"embeddable":true,"href":"https:\/\/maismagazine.pt\/index.php\/wp-json\/wp\/v2\/comments?post=7613"}],"version-history":[{"count":1,"href":"https:\/\/maismagazine.pt\/index.php\/wp-json\/wp\/v2\/posts\/7613\/revisions"}],"predecessor-version":[{"id":7615,"href":"https:\/\/maismagazine.pt\/index.php\/wp-json\/wp\/v2\/posts\/7613\/revisions\/7615"}],"wp:featuredmedia":[{"embeddable":true,"href":"https:\/\/maismagazine.pt\/index.php\/wp-json\/wp\/v2\/media\/7614"}],"wp:attachment":[{"href":"https:\/\/maismagazine.pt\/index.php\/wp-json\/wp\/v2\/media?parent=7613"}],"wp:term":[{"taxonomy":"category","embeddable":true,"href":"https:\/\/maismagazine.pt\/index.php\/wp-json\/wp\/v2\/categories?post=7613"},{"taxonomy":"post_tag","embeddable":true,"href":"https:\/\/maismagazine.pt\/index.php\/wp-json\/wp\/v2\/tags?post=7613"}],"curies":[{"name":"wp","href":"https:\/\/api.w.org\/{rel}","templated":true}]}}