{"id":7194,"date":"2023-06-19T10:03:40","date_gmt":"2023-06-19T09:03:40","guid":{"rendered":"http:\/\/maismagazine.pt\/?p=7194"},"modified":"2023-06-19T10:03:40","modified_gmt":"2023-06-19T09:03:40","slug":"frente-marfunchal-registou-um-aumento-do-numero-de-entradas-nos-complexos-balneares-na-ordem-dos-102","status":"publish","type":"post","link":"https:\/\/maismagazine.pt\/index.php\/2023\/06\/19\/frente-marfunchal-registou-um-aumento-do-numero-de-entradas-nos-complexos-balneares-na-ordem-dos-102\/","title":{"rendered":"Frente MarFunchal registou um aumento do n\u00famero de entradas nos complexos balneares na ordem dos 102%"},"content":{"rendered":"\n<p>Nos primeiros cinco meses deste ano, os quatro complexos balneares da Frente MarFunchal, &#8211; Barreirinha, Lido, Ponta Gorda e Doca do Cavacas -, registaram 85 mil entradas, um aumento de 102%, comparativamente ao per\u00edodo hom\u00f3logo.<br><\/p>\n\n\n\n<p>Rui Cortez, administrador da empresa municipal, justificou o aumento com o bom tempo que se fez sentir na Regi\u00e3o Aut\u00f3noma da Madeira nos primeiros meses do ano, mas tamb\u00e9m atribui a duplica\u00e7\u00e3o de entradas ao \u201creconhecimento da qualidade\u201d dos servi\u00e7os da Frente MarFunchal.<\/p>\n","protected":false},"excerpt":{"rendered":"<p>Nos primeiros cinco meses deste ano, os quatro complexos balneares da Frente MarFunchal, &#8211; Barreirinha, Lido, Ponta Gorda e Doca do Cavacas -, registaram 85 mil entradas, um aumento de 102%, comparativamente ao per\u00edodo hom\u00f3logo. Rui Cortez, administrador da empresa municipal, justificou o aumento com o bom tempo que se&hellip;<\/p>\n","protected":false},"author":7,"featured_media":7195,"comment_status":"closed","ping_status":"open","sticky":false,"template":"","format":"standard","meta":{"advgb_blocks_editor_width":"","advgb_blocks_columns_visual_guide":"","_monsterinsights_skip_tracking":false,"_monsterinsights_sitenote_active":false,"_monsterinsights_sitenote_note":"","_monsterinsights_sitenote_category":0,"footnotes":""},"categories":[7],"tags":[1583,769,1496],"class_list":["post-7194","post","type-post","status-publish","format-standard","has-post-thumbnail","hentry","category-noticias","tag-complexos-balneares","tag-crescimento","tag-frente-marfunchal"],"yoast_head":"<!-- This site is optimized with the Yoast SEO plugin v24.4 - https:\/\/yoast.com\/wordpress\/plugins\/seo\/ -->\n<title>Frente MarFunchal registou um aumento do n\u00famero de entradas nos complexos balneares na ordem dos 102% - Mais Magazine<\/title>\n<meta name=\"description\" content=\"Nos primeiros cinco meses deste ano, os quatro complexos balneares da Frente MarFunchal, - Barreirinha, Lido, Ponta Gorda e Doca do Cavacas -, registaram 85 mil entradas, um aumento de 102%, comparativamente ao per\u00edodo hom\u00f3logo.\" \/>\n<meta name=\"robots\" content=\"index, follow, max-snippet:-1, max-image-preview:large, max-video-preview:-1\" \/>\n<link rel=\"canonical\" href=\"https:\/\/maismagazine.pt\/index.php\/2023\/06\/19\/frente-marfunchal-registou-um-aumento-do-numero-de-entradas-nos-complexos-balneares-na-ordem-dos-102\/\" \/>\n<meta property=\"og:locale\" content=\"pt_PT\" \/>\n<meta property=\"og:type\" content=\"article\" \/>\n<meta property=\"og:title\" content=\"Frente MarFunchal registou um aumento do n\u00famero de entradas nos complexos balneares na ordem dos 102% - Mais Magazine\" \/>\n<meta property=\"og:description\" content=\"Nos primeiros cinco meses deste ano, os quatro complexos balneares da Frente MarFunchal, - Barreirinha, Lido, Ponta Gorda e Doca do Cavacas -, registaram 85 mil entradas, um aumento de 102%, comparativamente ao per\u00edodo hom\u00f3logo.\" \/>\n<meta property=\"og:url\" content=\"https:\/\/maismagazine.pt\/index.php\/2023\/06\/19\/frente-marfunchal-registou-um-aumento-do-numero-de-entradas-nos-complexos-balneares-na-ordem-dos-102\/\" \/>\n<meta property=\"og:site_name\" content=\"Mais Magazine\" \/>\n<meta property=\"article:published_time\" content=\"2023-06-19T09:03:40+00:00\" \/>\n<meta property=\"og:image\" content=\"https:\/\/maismagazine.pt\/wp-content\/uploads\/2023\/06\/20220418_123143-scaled.jpg\" \/>\n\t<meta property=\"og:image:width\" content=\"2560\" \/>\n\t<meta property=\"og:image:height\" content=\"1152\" \/>\n\t<meta property=\"og:image:type\" content=\"image\/jpeg\" \/>\n<meta name=\"author\" content=\"Jo\u00e3o Malainho\" \/>\n<meta name=\"twitter:card\" content=\"summary_large_image\" \/>\n<meta name=\"twitter:label1\" content=\"Escrito por\" \/>\n\t<meta name=\"twitter:data1\" content=\"\" \/>\n<script type=\"application\/ld+json\" class=\"yoast-schema-graph\">{\"@context\":\"https:\/\/schema.org\",\"@graph\":[{\"@type\":\"Article\",\"@id\":\"https:\/\/maismagazine.pt\/index.php\/2023\/06\/19\/frente-marfunchal-registou-um-aumento-do-numero-de-entradas-nos-complexos-balneares-na-ordem-dos-102\/#article\",\"isPartOf\":{\"@id\":\"https:\/\/maismagazine.pt\/index.php\/2023\/06\/19\/frente-marfunchal-registou-um-aumento-do-numero-de-entradas-nos-complexos-balneares-na-ordem-dos-102\/\"},\"author\":{\"name\":\"Jo\u00e3o Malainho\",\"@id\":\"https:\/\/maismagazine.pt\/#\/schema\/person\/999bd426f894ff56d397ec12ebd21ebb\"},\"headline\":\"Frente MarFunchal registou um aumento do n\u00famero de entradas nos complexos balneares na ordem dos 102%\",\"datePublished\":\"2023-06-19T09:03:40+00:00\",\"mainEntityOfPage\":{\"@id\":\"https:\/\/maismagazine.pt\/index.php\/2023\/06\/19\/frente-marfunchal-registou-um-aumento-do-numero-de-entradas-nos-complexos-balneares-na-ordem-dos-102\/\"},\"wordCount\":99,\"publisher\":{\"@id\":\"https:\/\/maismagazine.pt\/#organization\"},\"image\":{\"@id\":\"https:\/\/maismagazine.pt\/index.php\/2023\/06\/19\/frente-marfunchal-registou-um-aumento-do-numero-de-entradas-nos-complexos-balneares-na-ordem-dos-102\/#primaryimage\"},\"thumbnailUrl\":\"https:\/\/maismagazine.pt\/wp-content\/uploads\/2023\/06\/20220418_123143-scaled.jpg\",\"keywords\":[\"complexos balneares\",\"crescimento\",\"Frente MarFunchal\"],\"articleSection\":[\"Not\u00edcias\"],\"inLanguage\":\"pt-PT\"},{\"@type\":\"WebPage\",\"@id\":\"https:\/\/maismagazine.pt\/index.php\/2023\/06\/19\/frente-marfunchal-registou-um-aumento-do-numero-de-entradas-nos-complexos-balneares-na-ordem-dos-102\/\",\"url\":\"https:\/\/maismagazine.pt\/index.php\/2023\/06\/19\/frente-marfunchal-registou-um-aumento-do-numero-de-entradas-nos-complexos-balneares-na-ordem-dos-102\/\",\"name\":\"Frente MarFunchal registou um aumento do n\u00famero de entradas nos complexos balneares na ordem dos 102% - Mais Magazine\",\"isPartOf\":{\"@id\":\"https:\/\/maismagazine.pt\/#website\"},\"primaryImageOfPage\":{\"@id\":\"https:\/\/maismagazine.pt\/index.php\/2023\/06\/19\/frente-marfunchal-registou-um-aumento-do-numero-de-entradas-nos-complexos-balneares-na-ordem-dos-102\/#primaryimage\"},\"image\":{\"@id\":\"https:\/\/maismagazine.pt\/index.php\/2023\/06\/19\/frente-marfunchal-registou-um-aumento-do-numero-de-entradas-nos-complexos-balneares-na-ordem-dos-102\/#primaryimage\"},\"thumbnailUrl\":\"https:\/\/maismagazine.pt\/wp-content\/uploads\/2023\/06\/20220418_123143-scaled.jpg\",\"datePublished\":\"2023-06-19T09:03:40+00:00\",\"description\":\"Nos primeiros cinco meses deste ano, os quatro complexos balneares da Frente MarFunchal, - Barreirinha, Lido, Ponta Gorda e Doca do Cavacas -, registaram 85 mil entradas, um aumento de 102%, comparativamente ao per\u00edodo hom\u00f3logo.\",\"breadcrumb\":{\"@id\":\"https:\/\/maismagazine.pt\/index.php\/2023\/06\/19\/frente-marfunchal-registou-um-aumento-do-numero-de-entradas-nos-complexos-balneares-na-ordem-dos-102\/#breadcrumb\"},\"inLanguage\":\"pt-PT\",\"potentialAction\":[{\"@type\":\"ReadAction\",\"target\":[\"https:\/\/maismagazine.pt\/index.php\/2023\/06\/19\/frente-marfunchal-registou-um-aumento-do-numero-de-entradas-nos-complexos-balneares-na-ordem-dos-102\/\"]}]},{\"@type\":\"ImageObject\",\"inLanguage\":\"pt-PT\",\"@id\":\"https:\/\/maismagazine.pt\/index.php\/2023\/06\/19\/frente-marfunchal-registou-um-aumento-do-numero-de-entradas-nos-complexos-balneares-na-ordem-dos-102\/#primaryimage\",\"url\":\"https:\/\/maismagazine.pt\/wp-content\/uploads\/2023\/06\/20220418_123143-scaled.jpg\",\"contentUrl\":\"https:\/\/maismagazine.pt\/wp-content\/uploads\/2023\/06\/20220418_123143-scaled.jpg\",\"width\":2560,\"height\":1152},{\"@type\":\"BreadcrumbList\",\"@id\":\"https:\/\/maismagazine.pt\/index.php\/2023\/06\/19\/frente-marfunchal-registou-um-aumento-do-numero-de-entradas-nos-complexos-balneares-na-ordem-dos-102\/#breadcrumb\",\"itemListElement\":[{\"@type\":\"ListItem\",\"position\":1,\"name\":\"Home\",\"item\":\"https:\/\/maismagazine.pt\/\"},{\"@type\":\"ListItem\",\"position\":2,\"name\":\"Frente MarFunchal registou um aumento do n\u00famero de entradas nos complexos balneares na ordem dos 102%\"}]},{\"@type\":\"WebSite\",\"@id\":\"https:\/\/maismagazine.pt\/#website\",\"url\":\"https:\/\/maismagazine.pt\/\",\"name\":\"Mais Magazine\",\"description\":\"\",\"publisher\":{\"@id\":\"https:\/\/maismagazine.pt\/#organization\"},\"potentialAction\":[{\"@type\":\"SearchAction\",\"target\":{\"@type\":\"EntryPoint\",\"urlTemplate\":\"https:\/\/maismagazine.pt\/?s={search_term_string}\"},\"query-input\":{\"@type\":\"PropertyValueSpecification\",\"valueRequired\":true,\"valueName\":\"search_term_string\"}}],\"inLanguage\":\"pt-PT\"},{\"@type\":\"Organization\",\"@id\":\"https:\/\/maismagazine.pt\/#organization\",\"name\":\"Mais Magazine\",\"url\":\"https:\/\/maismagazine.pt\/\",\"logo\":{\"@type\":\"ImageObject\",\"inLanguage\":\"pt-PT\",\"@id\":\"https:\/\/maismagazine.pt\/#\/schema\/logo\/image\/\",\"url\":\"https:\/\/maismagazine.pt\/wp-content\/uploads\/2020\/04\/cropped-cropped-mais-magazine-site-logo-2.png\",\"contentUrl\":\"https:\/\/maismagazine.pt\/wp-content\/uploads\/2020\/04\/cropped-cropped-mais-magazine-site-logo-2.png\",\"width\":581,\"height\":90,\"caption\":\"Mais Magazine\"},\"image\":{\"@id\":\"https:\/\/maismagazine.pt\/#\/schema\/logo\/image\/\"}},{\"@type\":\"Person\",\"@id\":\"https:\/\/maismagazine.pt\/#\/schema\/person\/999bd426f894ff56d397ec12ebd21ebb\",\"name\":\"Jo\u00e3o Malainho\",\"image\":{\"@type\":\"ImageObject\",\"inLanguage\":\"pt-PT\",\"@id\":\"https:\/\/maismagazine.pt\/#\/schema\/person\/image\/\",\"url\":\"https:\/\/secure.gravatar.com\/avatar\/ff03c2f38edf60b2a827aa4f74878491?s=96&d=mm&r=g\",\"contentUrl\":\"https:\/\/secure.gravatar.com\/avatar\/ff03c2f38edf60b2a827aa4f74878491?s=96&d=mm&r=g\",\"caption\":\"Jo\u00e3o Malainho\"},\"url\":\"https:\/\/maismagazine.pt\/index.php\/author\/maismagazine\/\"}]}<\/script>\n<!-- \/ Yoast SEO plugin. -->","yoast_head_json":{"title":"Frente MarFunchal registou um aumento do n\u00famero de entradas nos complexos balneares na ordem dos 102% - Mais Magazine","description":"Nos primeiros cinco meses deste ano, os quatro complexos balneares da Frente MarFunchal, - Barreirinha, Lido, Ponta Gorda e Doca do Cavacas -, registaram 85 mil entradas, um aumento de 102%, comparativamente ao per\u00edodo hom\u00f3logo.","robots":{"index":"index","follow":"follow","max-snippet":"max-snippet:-1","max-image-preview":"max-image-preview:large","max-video-preview":"max-video-preview:-1"},"canonical":"https:\/\/maismagazine.pt\/index.php\/2023\/06\/19\/frente-marfunchal-registou-um-aumento-do-numero-de-entradas-nos-complexos-balneares-na-ordem-dos-102\/","og_locale":"pt_PT","og_type":"article","og_title":"Frente MarFunchal registou um aumento do n\u00famero de entradas nos complexos balneares na ordem dos 102% - Mais Magazine","og_description":"Nos primeiros cinco meses deste ano, os quatro complexos balneares da Frente MarFunchal, - Barreirinha, Lido, Ponta Gorda e Doca do Cavacas -, registaram 85 mil entradas, um aumento de 102%, comparativamente ao per\u00edodo hom\u00f3logo.","og_url":"https:\/\/maismagazine.pt\/index.php\/2023\/06\/19\/frente-marfunchal-registou-um-aumento-do-numero-de-entradas-nos-complexos-balneares-na-ordem-dos-102\/","og_site_name":"Mais Magazine","article_published_time":"2023-06-19T09:03:40+00:00","og_image":[{"width":2560,"height":1152,"url":"https:\/\/maismagazine.pt\/wp-content\/uploads\/2023\/06\/20220418_123143-scaled.jpg","type":"image\/jpeg"}],"author":"Jo\u00e3o Malainho","twitter_card":"summary_large_image","twitter_misc":{"Escrito por":false},"schema":{"@context":"https:\/\/schema.org","@graph":[{"@type":"Article","@id":"https:\/\/maismagazine.pt\/index.php\/2023\/06\/19\/frente-marfunchal-registou-um-aumento-do-numero-de-entradas-nos-complexos-balneares-na-ordem-dos-102\/#article","isPartOf":{"@id":"https:\/\/maismagazine.pt\/index.php\/2023\/06\/19\/frente-marfunchal-registou-um-aumento-do-numero-de-entradas-nos-complexos-balneares-na-ordem-dos-102\/"},"author":{"name":"Jo\u00e3o Malainho","@id":"https:\/\/maismagazine.pt\/#\/schema\/person\/999bd426f894ff56d397ec12ebd21ebb"},"headline":"Frente MarFunchal registou um aumento do n\u00famero de entradas nos complexos balneares na ordem dos 102%","datePublished":"2023-06-19T09:03:40+00:00","mainEntityOfPage":{"@id":"https:\/\/maismagazine.pt\/index.php\/2023\/06\/19\/frente-marfunchal-registou-um-aumento-do-numero-de-entradas-nos-complexos-balneares-na-ordem-dos-102\/"},"wordCount":99,"publisher":{"@id":"https:\/\/maismagazine.pt\/#organization"},"image":{"@id":"https:\/\/maismagazine.pt\/index.php\/2023\/06\/19\/frente-marfunchal-registou-um-aumento-do-numero-de-entradas-nos-complexos-balneares-na-ordem-dos-102\/#primaryimage"},"thumbnailUrl":"https:\/\/maismagazine.pt\/wp-content\/uploads\/2023\/06\/20220418_123143-scaled.jpg","keywords":["complexos balneares","crescimento","Frente MarFunchal"],"articleSection":["Not\u00edcias"],"inLanguage":"pt-PT"},{"@type":"WebPage","@id":"https:\/\/maismagazine.pt\/index.php\/2023\/06\/19\/frente-marfunchal-registou-um-aumento-do-numero-de-entradas-nos-complexos-balneares-na-ordem-dos-102\/","url":"https:\/\/maismagazine.pt\/index.php\/2023\/06\/19\/frente-marfunchal-registou-um-aumento-do-numero-de-entradas-nos-complexos-balneares-na-ordem-dos-102\/","name":"Frente MarFunchal registou um aumento do n\u00famero de entradas nos complexos balneares na ordem dos 102% - Mais Magazine","isPartOf":{"@id":"https:\/\/maismagazine.pt\/#website"},"primaryImageOfPage":{"@id":"https:\/\/maismagazine.pt\/index.php\/2023\/06\/19\/frente-marfunchal-registou-um-aumento-do-numero-de-entradas-nos-complexos-balneares-na-ordem-dos-102\/#primaryimage"},"image":{"@id":"https:\/\/maismagazine.pt\/index.php\/2023\/06\/19\/frente-marfunchal-registou-um-aumento-do-numero-de-entradas-nos-complexos-balneares-na-ordem-dos-102\/#primaryimage"},"thumbnailUrl":"https:\/\/maismagazine.pt\/wp-content\/uploads\/2023\/06\/20220418_123143-scaled.jpg","datePublished":"2023-06-19T09:03:40+00:00","description":"Nos primeiros cinco meses deste ano, os quatro complexos balneares da Frente MarFunchal, - Barreirinha, Lido, Ponta Gorda e Doca do Cavacas -, registaram 85 mil entradas, um aumento de 102%, comparativamente ao per\u00edodo hom\u00f3logo.","breadcrumb":{"@id":"https:\/\/maismagazine.pt\/index.php\/2023\/06\/19\/frente-marfunchal-registou-um-aumento-do-numero-de-entradas-nos-complexos-balneares-na-ordem-dos-102\/#breadcrumb"},"inLanguage":"pt-PT","potentialAction":[{"@type":"ReadAction","target":["https:\/\/maismagazine.pt\/index.php\/2023\/06\/19\/frente-marfunchal-registou-um-aumento-do-numero-de-entradas-nos-complexos-balneares-na-ordem-dos-102\/"]}]},{"@type":"ImageObject","inLanguage":"pt-PT","@id":"https:\/\/maismagazine.pt\/index.php\/2023\/06\/19\/frente-marfunchal-registou-um-aumento-do-numero-de-entradas-nos-complexos-balneares-na-ordem-dos-102\/#primaryimage","url":"https:\/\/maismagazine.pt\/wp-content\/uploads\/2023\/06\/20220418_123143-scaled.jpg","contentUrl":"https:\/\/maismagazine.pt\/wp-content\/uploads\/2023\/06\/20220418_123143-scaled.jpg","width":2560,"height":1152},{"@type":"BreadcrumbList","@id":"https:\/\/maismagazine.pt\/index.php\/2023\/06\/19\/frente-marfunchal-registou-um-aumento-do-numero-de-entradas-nos-complexos-balneares-na-ordem-dos-102\/#breadcrumb","itemListElement":[{"@type":"ListItem","position":1,"name":"Home","item":"https:\/\/maismagazine.pt\/"},{"@type":"ListItem","position":2,"name":"Frente MarFunchal registou um aumento do n\u00famero de entradas nos complexos balneares na ordem dos 102%"}]},{"@type":"WebSite","@id":"https:\/\/maismagazine.pt\/#website","url":"https:\/\/maismagazine.pt\/","name":"Mais Magazine","description":"","publisher":{"@id":"https:\/\/maismagazine.pt\/#organization"},"potentialAction":[{"@type":"SearchAction","target":{"@type":"EntryPoint","urlTemplate":"https:\/\/maismagazine.pt\/?s={search_term_string}"},"query-input":{"@type":"PropertyValueSpecification","valueRequired":true,"valueName":"search_term_string"}}],"inLanguage":"pt-PT"},{"@type":"Organization","@id":"https:\/\/maismagazine.pt\/#organization","name":"Mais Magazine","url":"https:\/\/maismagazine.pt\/","logo":{"@type":"ImageObject","inLanguage":"pt-PT","@id":"https:\/\/maismagazine.pt\/#\/schema\/logo\/image\/","url":"https:\/\/maismagazine.pt\/wp-content\/uploads\/2020\/04\/cropped-cropped-mais-magazine-site-logo-2.png","contentUrl":"https:\/\/maismagazine.pt\/wp-content\/uploads\/2020\/04\/cropped-cropped-mais-magazine-site-logo-2.png","width":581,"height":90,"caption":"Mais Magazine"},"image":{"@id":"https:\/\/maismagazine.pt\/#\/schema\/logo\/image\/"}},{"@type":"Person","@id":"https:\/\/maismagazine.pt\/#\/schema\/person\/999bd426f894ff56d397ec12ebd21ebb","name":"Jo\u00e3o Malainho","image":{"@type":"ImageObject","inLanguage":"pt-PT","@id":"https:\/\/maismagazine.pt\/#\/schema\/person\/image\/","url":"https:\/\/secure.gravatar.com\/avatar\/ff03c2f38edf60b2a827aa4f74878491?s=96&d=mm&r=g","contentUrl":"https:\/\/secure.gravatar.com\/avatar\/ff03c2f38edf60b2a827aa4f74878491?s=96&d=mm&r=g","caption":"Jo\u00e3o Malainho"},"url":"https:\/\/maismagazine.pt\/index.php\/author\/maismagazine\/"}]}},"author_meta":{"display_name":false,"author_link":"https:\/\/maismagazine.pt\/index.php\/author\/maismagazine\/"},"featured_img":"https:\/\/maismagazine.pt\/wp-content\/uploads\/2023\/06\/20220418_123143-300x135.jpg","coauthors":[],"tax_additional":{"categories":{"linked":["<a href=\"https:\/\/maismagazine.pt\/index.php\/category\/noticias\/\" class=\"advgb-post-tax-term\">Not\u00edcias<\/a>"],"unlinked":["<span class=\"advgb-post-tax-term\">Not\u00edcias<\/span>"]},"tags":{"linked":["<a href=\"https:\/\/maismagazine.pt\/index.php\/category\/noticias\/\" class=\"advgb-post-tax-term\">complexos balneares<\/a>","<a href=\"https:\/\/maismagazine.pt\/index.php\/category\/noticias\/\" class=\"advgb-post-tax-term\">crescimento<\/a>","<a href=\"https:\/\/maismagazine.pt\/index.php\/category\/noticias\/\" class=\"advgb-post-tax-term\">Frente MarFunchal<\/a>"],"unlinked":["<span class=\"advgb-post-tax-term\">complexos balneares<\/span>","<span class=\"advgb-post-tax-term\">crescimento<\/span>","<span class=\"advgb-post-tax-term\">Frente MarFunchal<\/span>"]}},"comment_count":"0","relative_dates":{"created":"Posted 3 anos ago","modified":"Updated 3 anos ago"},"absolute_dates":{"created":"Posted on 19 de Junho, 2023","modified":"Updated on 19 de Junho, 2023"},"absolute_dates_time":{"created":"Posted on 19 de Junho, 2023 10:03","modified":"Updated on 19 de Junho, 2023 10:03"},"featured_img_caption":"","series_order":"","_links":{"self":[{"href":"https:\/\/maismagazine.pt\/index.php\/wp-json\/wp\/v2\/posts\/7194","targetHints":{"allow":["GET"]}}],"collection":[{"href":"https:\/\/maismagazine.pt\/index.php\/wp-json\/wp\/v2\/posts"}],"about":[{"href":"https:\/\/maismagazine.pt\/index.php\/wp-json\/wp\/v2\/types\/post"}],"author":[{"embeddable":true,"href":"https:\/\/maismagazine.pt\/index.php\/wp-json\/wp\/v2\/users\/7"}],"replies":[{"embeddable":true,"href":"https:\/\/maismagazine.pt\/index.php\/wp-json\/wp\/v2\/comments?post=7194"}],"version-history":[{"count":1,"href":"https:\/\/maismagazine.pt\/index.php\/wp-json\/wp\/v2\/posts\/7194\/revisions"}],"predecessor-version":[{"id":7196,"href":"https:\/\/maismagazine.pt\/index.php\/wp-json\/wp\/v2\/posts\/7194\/revisions\/7196"}],"wp:featuredmedia":[{"embeddable":true,"href":"https:\/\/maismagazine.pt\/index.php\/wp-json\/wp\/v2\/media\/7195"}],"wp:attachment":[{"href":"https:\/\/maismagazine.pt\/index.php\/wp-json\/wp\/v2\/media?parent=7194"}],"wp:term":[{"taxonomy":"category","embeddable":true,"href":"https:\/\/maismagazine.pt\/index.php\/wp-json\/wp\/v2\/categories?post=7194"},{"taxonomy":"post_tag","embeddable":true,"href":"https:\/\/maismagazine.pt\/index.php\/wp-json\/wp\/v2\/tags?post=7194"}],"curies":[{"name":"wp","href":"https:\/\/api.w.org\/{rel}","templated":true}]}}