{"id":7008,"date":"2023-06-23T07:00:00","date_gmt":"2023-06-23T06:00:00","guid":{"rendered":"https:\/\/maismagazine.pt\/?p=7008"},"modified":"2023-06-14T15:38:03","modified_gmt":"2023-06-14T14:38:03","slug":"pampilhosa-da-serra-viagem-de-descoberta-entre-o-ceu-e-a-terra","status":"publish","type":"post","link":"https:\/\/maismagazine.pt\/index.php\/2023\/06\/23\/pampilhosa-da-serra-viagem-de-descoberta-entre-o-ceu-e-a-terra\/","title":{"rendered":"Pampilhosa da Serra &#8211; Viagem de descoberta, entre o c\u00e9u e a terra"},"content":{"rendered":"\n<p><strong>Entre 1 de julho e 30 agosto estar\u00e1 aberta a \u00e9poca balnear em <a href=\"http:\/\/www.pampilhosadaserra.pt\">Pampilhosa da Serra<\/a>, um destino conhecido como o \u201csantu\u00e1rio das praias fluviais\u201d e onde poder\u00e1 encontrar o local ideal para ter um momento relaxante junto da Natureza. Para al\u00e9m das tr\u00eas praias distinguidas com Bandeira Azul, o munic\u00edpio oferece ainda uma diversidade de espa\u00e7os balneares e paisagens naturais que fazem de Pampilhosa de Serra um ponto de paragem obrigat\u00f3rio este ver\u00e3o. <\/strong><\/p>\n\n\n\n<p>As regi\u00f5es do interior de Portugal oferecem-nos magn\u00edficas paisagens e uma oferta tur\u00edstica singular. O munic\u00edpio de Pampilhosa da Serra \u00e9 uma refer\u00eancia no interior do pa\u00eds em mat\u00e9ria de tru\u00edsmo de natureza e aventura onde se destaca a oferta balnear, integrada em ambientes paisag\u00edsticos singulares e com grande riqueza e diversidade natural e cultural. Ao longo dos anos esta tem sido uma aposta tur\u00edstica do Munic\u00edpio quem tem granjeado reconhecimento de habitantes, turistas e visitantes. Atualmente, Pampilhosa da Serra orgulha-se de juntar \u00e0s tr\u00eas Praias Fluviais galardoadas com Bandeira Azul &#8211; Pampilhosa da Serra, Pessegueiro e Santa Luzia \u2013 espa\u00e7os balneares e zonas nas ribeirinhas distribu\u00eddas por todo o territ\u00f3rio, dos lugares mais acess\u00edveis aos s\u00edtios mais rec\u00f4nditos. <\/p>\n\n\n\n<figure class=\"wp-block-gallery has-nested-images columns-default is-cropped wp-block-gallery-1 is-layout-flex wp-block-gallery-is-layout-flex\">\n<figure class=\"wp-block-image size-large\"><img loading=\"lazy\" decoding=\"async\" width=\"489\" height=\"327\" data-id=\"7014\" src=\"https:\/\/maismagazine.pt\/wp-content\/uploads\/2023\/06\/Praia-Fluvial-de-Janeiro-de-Baixo-Pampilhosa-da-Serra-1.jpg\" alt=\"\" class=\"wp-image-7014\" srcset=\"https:\/\/maismagazine.pt\/wp-content\/uploads\/2023\/06\/Praia-Fluvial-de-Janeiro-de-Baixo-Pampilhosa-da-Serra-1.jpg 489w, https:\/\/maismagazine.pt\/wp-content\/uploads\/2023\/06\/Praia-Fluvial-de-Janeiro-de-Baixo-Pampilhosa-da-Serra-1-300x201.jpg 300w, https:\/\/maismagazine.pt\/wp-content\/uploads\/2023\/06\/Praia-Fluvial-de-Janeiro-de-Baixo-Pampilhosa-da-Serra-1-150x100.jpg 150w\" sizes=\"auto, (max-width: 489px) 100vw, 489px\" \/><figcaption class=\"wp-element-caption\">Praia Fluvial de Janeiro de Baixo<\/figcaption><\/figure>\n\n\n\n<figure class=\"wp-block-image size-large\"><img loading=\"lazy\" decoding=\"async\" width=\"684\" height=\"456\" data-id=\"7015\" src=\"https:\/\/maismagazine.pt\/wp-content\/uploads\/2023\/06\/Praia-Fluvial-de-Pampilhosa-da-Serra-1.jpg\" alt=\"\" class=\"wp-image-7015\" srcset=\"https:\/\/maismagazine.pt\/wp-content\/uploads\/2023\/06\/Praia-Fluvial-de-Pampilhosa-da-Serra-1.jpg 684w, https:\/\/maismagazine.pt\/wp-content\/uploads\/2023\/06\/Praia-Fluvial-de-Pampilhosa-da-Serra-1-300x200.jpg 300w, https:\/\/maismagazine.pt\/wp-content\/uploads\/2023\/06\/Praia-Fluvial-de-Pampilhosa-da-Serra-1-150x100.jpg 150w\" sizes=\"auto, (max-width: 684px) 100vw, 684px\" \/><figcaption class=\"wp-element-caption\">Praia Fluvial de Pampilhosa da Serra<\/figcaption><\/figure>\n\n\n\n<figure class=\"wp-block-image size-large\"><img loading=\"lazy\" decoding=\"async\" width=\"821\" height=\"548\" data-id=\"7012\" src=\"https:\/\/maismagazine.pt\/wp-content\/uploads\/2023\/06\/Praia-Fluvial-de-Pessegueiro-Pampilhosa-da-Serra-1.jpg\" alt=\"\" class=\"wp-image-7012\" srcset=\"https:\/\/maismagazine.pt\/wp-content\/uploads\/2023\/06\/Praia-Fluvial-de-Pessegueiro-Pampilhosa-da-Serra-1.jpg 821w, https:\/\/maismagazine.pt\/wp-content\/uploads\/2023\/06\/Praia-Fluvial-de-Pessegueiro-Pampilhosa-da-Serra-1-300x200.jpg 300w, https:\/\/maismagazine.pt\/wp-content\/uploads\/2023\/06\/Praia-Fluvial-de-Pessegueiro-Pampilhosa-da-Serra-1-768x513.jpg 768w, https:\/\/maismagazine.pt\/wp-content\/uploads\/2023\/06\/Praia-Fluvial-de-Pessegueiro-Pampilhosa-da-Serra-1-150x100.jpg 150w\" sizes=\"auto, (max-width: 821px) 100vw, 821px\" \/><figcaption class=\"wp-element-caption\">Praia Fluvial de Pessegueiro<\/figcaption><\/figure>\n<\/figure>\n\n\n\n<p><strong>Praias Fluviais galardoadas com Bandeira Azul<\/strong><\/p>\n\n\n\n<p>Esta distin\u00e7\u00e3o \u00e9 o reflexo da aposta na preserva\u00e7\u00e3o destes espa\u00e7os e constitui um importante selo de confian\u00e7a que os utilizadores sentem ao frequentar estas praias. Para al\u00e9m das regulares an\u00e1lises qu\u00edmicas e bacteriol\u00f3gicas feitas \u00e0s \u00e1guas que abastecem as praias durante todo o ano e que garantem a excelente qualidade das mesmas, \u00e9 ainda garantida a permanente manuten\u00e7\u00e3o, a par da gest\u00e3o da frui\u00e7\u00e3o destes espa\u00e7os. Aliada ao selo de qualidade fornecido pelo pr\u00e9mio Bandeira Azul, esta \u00e9 uma oferta bastante diversificada e diferenciada relativamente \u00e0s praias do litoral. Todas contam com o servi\u00e7o de nadador-salvador, atividades l\u00fadicas e desportos n\u00e1uticos, num contexto de contacto pleno com a natureza e com o estilo de vida e a cultura local. Paralelamente \u00e0 excel\u00eancia balnear, Pampilhosa da Serra est\u00e1 capacitada para oferecer uma oferta tur\u00edstica diversificada, sempre muito ligada \u00e0 vertente natural, sendo, por isso mesmo, reconhecida como o Centro da Natureza. Pampilhosa \u00e9 da Serra, mas tamb\u00e9m dos Rios, das ribeiras, do c\u00e9u azul que as estrelas querem tocar. \u00c9 das cores, dos saberes e dos odores. \u00c9 das surpresas escondidas entre penedos e escarpas que s\u00f3 aqui se podem encontrar. S\u00e3o exemplos disso mesmo os v\u00e1rios rios que cruzam o concelho &#8211; como o Z\u00eazere, o Unhais e o Ceira \u2013 os in\u00fameros caminhos pedestres que o levam a explorar os recantos de Pampilhosa da Serra, o verde que cobre todo o territ\u00f3rio e ainda a rede de percursos BTT e as infraestruturas de escalada. Naturalmente, o turismo balnear e as praias que se apresentam como as joias da coroa de Pampilhosa da Serra, s\u00e3o um importante motor para a economia local deste concelho do distrito de Coimbra. Ainda que a \u00e9poca balnear se concentre no ver\u00e3o, frequentam as praias do territ\u00f3rio in\u00fameras pessoas ao longo de todo o ano em busca de uns preciosos momentos de relaxamento e descontra\u00e7\u00e3o. De forma a dar resposta \u00e0 elevada procura que estes espa\u00e7os fluviais registam, o concelho tem conjunto alargado de unidades de alojamento local, contando com mais de 200 camas, bem como empresas de anima\u00e7\u00e3o tur\u00edstica com oferta adaptada \u00e0s condi\u00e7\u00f5es singulares do territ\u00f3rio, a par de uma diversificada e genu\u00edna gastronomia serrana.  <\/p>\n\n\n\n<p><strong>Praias acess\u00edveis a todos<\/strong><\/p>\n\n\n\n<p>Para al\u00e9m da Bandeira Azul, as praias de Pampilhosa da Serra est\u00e3o tamb\u00e9m inclu\u00eddas no programa \u201cPraia acess\u00edvel \u2013 Praia para todos!\u201d, uma iniciativa que visa dar a oportunidade a todos para usufruir das praias fluviais, incluindo as pessoas com mobilidade reduzida. \u00c0 exce\u00e7\u00e3o da Praia fluvial de Santa Luzia que se encontra protegida num ambiente natural resguardado, as restantes praias est\u00e3o equipadas com estruturas que facilitam o acesso \u00e0 praia e \u00e0 \u00e1gua, incluindo equipamentos anf\u00edbios. Para o futuro, o foco passa pela promo\u00e7\u00e3o de outros espa\u00e7os balneares e ambientes naturais que cont\u00eam igualmente um conjunto de mais-valias que merecem a visita de todos. Trata-se de locais mais selvagens, mais intimistas, oferecidos pelas carater\u00edsticas naturais do territ\u00f3rio, guardado por um mar de montanhas e marcado pelo curso permanente das \u00e1guas. Simultaneamente, o munic\u00edpio promove regularmente v\u00e1rios projetos e iniciativas ao longo do ano visando a sensibiliza\u00e7\u00e3o da popula\u00e7\u00e3o para a prote\u00e7\u00e3o dos espa\u00e7os balneares. Este trabalho \u00e9 realizado sobretudo junto da popula\u00e7\u00e3o mais jovem, onde se pretende alertar para os bens preciosos que o territ\u00f3rio possui, fazendo com que eles pr\u00f3prios usufruam e sejam anfitri\u00f5es e guias de todos aqueles que visitam o concelho, sendo fundamentais para a promo\u00e7\u00e3o de Pampilhosa da Serra como um destino balnear de refer\u00eancia. <\/p>\n\n\n<div class=\"wp-block-image\">\n<figure class=\"aligncenter size-full is-resized\"><img loading=\"lazy\" decoding=\"async\" src=\"https:\/\/maismagazine.pt\/wp-content\/uploads\/2023\/06\/image-5.png\" alt=\"\" class=\"wp-image-7017\" width=\"309\" height=\"177\"\/><\/figure><\/div>","protected":false},"excerpt":{"rendered":"<p>Entre 1 de julho e 30 agosto estar\u00e1 aberta a \u00e9poca balnear em Pampilhosa da Serra, um destino conhecido como o \u201csantu\u00e1rio das praias fluviais\u201d e onde poder\u00e1 encontrar o local ideal para ter um momento relaxante junto da Natureza. Para al\u00e9m das tr\u00eas praias distinguidas com Bandeira Azul, o&hellip;<\/p>\n","protected":false},"author":17,"featured_media":7018,"comment_status":"closed","ping_status":"open","sticky":false,"template":"","format":"standard","meta":{"advgb_blocks_editor_width":"","advgb_blocks_columns_visual_guide":"","_monsterinsights_skip_tracking":false,"_monsterinsights_sitenote_active":false,"_monsterinsights_sitenote_note":"","_monsterinsights_sitenote_category":0,"footnotes":""},"categories":[53],"tags":[734,1541,520],"class_list":["post-7008","post","type-post","status-publish","format-standard","has-post-thumbnail","hentry","category-turismo-restaurantes","tag-bandeira-azul","tag-pampilhosa-da-serra","tag-praia"],"yoast_head":"<!-- This site is optimized with the Yoast SEO plugin v24.4 - https:\/\/yoast.com\/wordpress\/plugins\/seo\/ -->\n<title>Pampilhosa da Serra - Viagem de descoberta, entre o c\u00e9u e a terra - Mais Magazine<\/title>\n<meta name=\"description\" content=\"Entre 1 de julho e 30 agosto estar\u00e1 aberta a \u00e9poca balnear em Pampilhosa da Serra, um destino conhecido como o \u201csantu\u00e1rio das praias fluviais\u201d e onde poder\u00e1 encontrar o local ideal para ter um momento relaxante junto da Natureza. Para al\u00e9m das tr\u00eas praias distinguidas com Bandeira Azul, o munic\u00edpio oferece ainda uma diversidade de espa\u00e7os balneares e paisagens naturais que fazem de Pampilhosa de Serra um ponto de paragem obrigat\u00f3rio este ver\u00e3o.\" \/>\n<meta name=\"robots\" content=\"index, follow, max-snippet:-1, max-image-preview:large, max-video-preview:-1\" \/>\n<link rel=\"canonical\" href=\"http:\/\/maismagazine.pt\/index.php\/2023\/06\/23\/pampilhosa-da-serra-viagem-de-descoberta-entre-o-ceu-e-a-terra\/\" \/>\n<meta property=\"og:locale\" content=\"pt_PT\" \/>\n<meta property=\"og:type\" content=\"article\" \/>\n<meta property=\"og:title\" content=\"Pampilhosa da Serra - Viagem de descoberta, entre o c\u00e9u e a terra - Mais Magazine\" \/>\n<meta property=\"og:description\" content=\"Entre 1 de julho e 30 agosto estar\u00e1 aberta a \u00e9poca balnear em Pampilhosa da Serra, um destino conhecido como o \u201csantu\u00e1rio das praias fluviais\u201d e onde poder\u00e1 encontrar o local ideal para ter um momento relaxante junto da Natureza. Para al\u00e9m das tr\u00eas praias distinguidas com Bandeira Azul, o munic\u00edpio oferece ainda uma diversidade de espa\u00e7os balneares e paisagens naturais que fazem de Pampilhosa de Serra um ponto de paragem obrigat\u00f3rio este ver\u00e3o.\" \/>\n<meta property=\"og:url\" content=\"http:\/\/maismagazine.pt\/index.php\/2023\/06\/23\/pampilhosa-da-serra-viagem-de-descoberta-entre-o-ceu-e-a-terra\/\" \/>\n<meta property=\"og:site_name\" content=\"Mais Magazine\" \/>\n<meta property=\"article:published_time\" content=\"2023-06-23T06:00:00+00:00\" \/>\n<meta property=\"og:image\" content=\"http:\/\/maismagazine.pt\/wp-content\/uploads\/2023\/06\/Praia-Fluvial-de-Pessegueiro-Pampilhosa-da-Serra-2.jpg\" \/>\n\t<meta property=\"og:image:width\" content=\"821\" \/>\n\t<meta property=\"og:image:height\" content=\"548\" \/>\n\t<meta property=\"og:image:type\" content=\"image\/jpeg\" \/>\n<meta name=\"author\" content=\"Tiago Costa\" \/>\n<meta name=\"twitter:card\" content=\"summary_large_image\" \/>\n<meta name=\"twitter:label1\" content=\"Escrito por\" \/>\n\t<meta name=\"twitter:data1\" content=\"\" \/>\n\t<meta name=\"twitter:label2\" content=\"Tempo estimado de leitura\" \/>\n\t<meta name=\"twitter:data2\" content=\"4 minutos\" \/>\n<script type=\"application\/ld+json\" class=\"yoast-schema-graph\">{\"@context\":\"https:\/\/schema.org\",\"@graph\":[{\"@type\":\"Article\",\"@id\":\"http:\/\/maismagazine.pt\/index.php\/2023\/06\/23\/pampilhosa-da-serra-viagem-de-descoberta-entre-o-ceu-e-a-terra\/#article\",\"isPartOf\":{\"@id\":\"http:\/\/maismagazine.pt\/index.php\/2023\/06\/23\/pampilhosa-da-serra-viagem-de-descoberta-entre-o-ceu-e-a-terra\/\"},\"author\":{\"name\":\"Tiago Costa\",\"@id\":\"https:\/\/maismagazine.pt\/#\/schema\/person\/c6c5bfccc886434cbd11c74e035f9646\"},\"headline\":\"Pampilhosa da Serra &#8211; Viagem de descoberta, entre o c\u00e9u e a terra\",\"datePublished\":\"2023-06-23T06:00:00+00:00\",\"mainEntityOfPage\":{\"@id\":\"http:\/\/maismagazine.pt\/index.php\/2023\/06\/23\/pampilhosa-da-serra-viagem-de-descoberta-entre-o-ceu-e-a-terra\/\"},\"wordCount\":873,\"publisher\":{\"@id\":\"https:\/\/maismagazine.pt\/#organization\"},\"image\":{\"@id\":\"http:\/\/maismagazine.pt\/index.php\/2023\/06\/23\/pampilhosa-da-serra-viagem-de-descoberta-entre-o-ceu-e-a-terra\/#primaryimage\"},\"thumbnailUrl\":\"https:\/\/maismagazine.pt\/wp-content\/uploads\/2023\/06\/Praia-Fluvial-de-Pessegueiro-Pampilhosa-da-Serra-2.jpg\",\"keywords\":[\"Bandeira azul\",\"Pampilhosa da Serra\",\"praia\"],\"articleSection\":[\"Turismo | Vinhos | Gastronomia\"],\"inLanguage\":\"pt-PT\"},{\"@type\":\"WebPage\",\"@id\":\"http:\/\/maismagazine.pt\/index.php\/2023\/06\/23\/pampilhosa-da-serra-viagem-de-descoberta-entre-o-ceu-e-a-terra\/\",\"url\":\"http:\/\/maismagazine.pt\/index.php\/2023\/06\/23\/pampilhosa-da-serra-viagem-de-descoberta-entre-o-ceu-e-a-terra\/\",\"name\":\"Pampilhosa da Serra - Viagem de descoberta, entre o c\u00e9u e a terra - Mais Magazine\",\"isPartOf\":{\"@id\":\"https:\/\/maismagazine.pt\/#website\"},\"primaryImageOfPage\":{\"@id\":\"http:\/\/maismagazine.pt\/index.php\/2023\/06\/23\/pampilhosa-da-serra-viagem-de-descoberta-entre-o-ceu-e-a-terra\/#primaryimage\"},\"image\":{\"@id\":\"http:\/\/maismagazine.pt\/index.php\/2023\/06\/23\/pampilhosa-da-serra-viagem-de-descoberta-entre-o-ceu-e-a-terra\/#primaryimage\"},\"thumbnailUrl\":\"https:\/\/maismagazine.pt\/wp-content\/uploads\/2023\/06\/Praia-Fluvial-de-Pessegueiro-Pampilhosa-da-Serra-2.jpg\",\"datePublished\":\"2023-06-23T06:00:00+00:00\",\"description\":\"Entre 1 de julho e 30 agosto estar\u00e1 aberta a \u00e9poca balnear em Pampilhosa da Serra, um destino conhecido como o \u201csantu\u00e1rio das praias fluviais\u201d e onde poder\u00e1 encontrar o local ideal para ter um momento relaxante junto da Natureza. Para al\u00e9m das tr\u00eas praias distinguidas com Bandeira Azul, o munic\u00edpio oferece ainda uma diversidade de espa\u00e7os balneares e paisagens naturais que fazem de Pampilhosa de Serra um ponto de paragem obrigat\u00f3rio este ver\u00e3o.\",\"breadcrumb\":{\"@id\":\"http:\/\/maismagazine.pt\/index.php\/2023\/06\/23\/pampilhosa-da-serra-viagem-de-descoberta-entre-o-ceu-e-a-terra\/#breadcrumb\"},\"inLanguage\":\"pt-PT\",\"potentialAction\":[{\"@type\":\"ReadAction\",\"target\":[\"http:\/\/maismagazine.pt\/index.php\/2023\/06\/23\/pampilhosa-da-serra-viagem-de-descoberta-entre-o-ceu-e-a-terra\/\"]}]},{\"@type\":\"ImageObject\",\"inLanguage\":\"pt-PT\",\"@id\":\"http:\/\/maismagazine.pt\/index.php\/2023\/06\/23\/pampilhosa-da-serra-viagem-de-descoberta-entre-o-ceu-e-a-terra\/#primaryimage\",\"url\":\"https:\/\/maismagazine.pt\/wp-content\/uploads\/2023\/06\/Praia-Fluvial-de-Pessegueiro-Pampilhosa-da-Serra-2.jpg\",\"contentUrl\":\"https:\/\/maismagazine.pt\/wp-content\/uploads\/2023\/06\/Praia-Fluvial-de-Pessegueiro-Pampilhosa-da-Serra-2.jpg\",\"width\":821,\"height\":548},{\"@type\":\"BreadcrumbList\",\"@id\":\"http:\/\/maismagazine.pt\/index.php\/2023\/06\/23\/pampilhosa-da-serra-viagem-de-descoberta-entre-o-ceu-e-a-terra\/#breadcrumb\",\"itemListElement\":[{\"@type\":\"ListItem\",\"position\":1,\"name\":\"Home\",\"item\":\"https:\/\/maismagazine.pt\/\"},{\"@type\":\"ListItem\",\"position\":2,\"name\":\"Pampilhosa da Serra &#8211; Viagem de descoberta, entre o c\u00e9u e a terra\"}]},{\"@type\":\"WebSite\",\"@id\":\"https:\/\/maismagazine.pt\/#website\",\"url\":\"https:\/\/maismagazine.pt\/\",\"name\":\"Mais Magazine\",\"description\":\"\",\"publisher\":{\"@id\":\"https:\/\/maismagazine.pt\/#organization\"},\"potentialAction\":[{\"@type\":\"SearchAction\",\"target\":{\"@type\":\"EntryPoint\",\"urlTemplate\":\"https:\/\/maismagazine.pt\/?s={search_term_string}\"},\"query-input\":{\"@type\":\"PropertyValueSpecification\",\"valueRequired\":true,\"valueName\":\"search_term_string\"}}],\"inLanguage\":\"pt-PT\"},{\"@type\":\"Organization\",\"@id\":\"https:\/\/maismagazine.pt\/#organization\",\"name\":\"Mais Magazine\",\"url\":\"https:\/\/maismagazine.pt\/\",\"logo\":{\"@type\":\"ImageObject\",\"inLanguage\":\"pt-PT\",\"@id\":\"https:\/\/maismagazine.pt\/#\/schema\/logo\/image\/\",\"url\":\"https:\/\/maismagazine.pt\/wp-content\/uploads\/2020\/04\/cropped-cropped-mais-magazine-site-logo-2.png\",\"contentUrl\":\"https:\/\/maismagazine.pt\/wp-content\/uploads\/2020\/04\/cropped-cropped-mais-magazine-site-logo-2.png\",\"width\":581,\"height\":90,\"caption\":\"Mais Magazine\"},\"image\":{\"@id\":\"https:\/\/maismagazine.pt\/#\/schema\/logo\/image\/\"}},{\"@type\":\"Person\",\"@id\":\"https:\/\/maismagazine.pt\/#\/schema\/person\/c6c5bfccc886434cbd11c74e035f9646\",\"name\":\"Tiago Costa\",\"image\":{\"@type\":\"ImageObject\",\"inLanguage\":\"pt-PT\",\"@id\":\"https:\/\/maismagazine.pt\/#\/schema\/person\/image\/\",\"url\":\"https:\/\/secure.gravatar.com\/avatar\/c599b2bce16c9870429198cbad5ee022?s=96&d=mm&r=g\",\"contentUrl\":\"https:\/\/secure.gravatar.com\/avatar\/c599b2bce16c9870429198cbad5ee022?s=96&d=mm&r=g\",\"caption\":\"Tiago Costa\"},\"url\":\"https:\/\/maismagazine.pt\/index.php\/author\/tiago\/\"}]}<\/script>\n<!-- \/ Yoast SEO plugin. -->","yoast_head_json":{"title":"Pampilhosa da Serra - Viagem de descoberta, entre o c\u00e9u e a terra - Mais Magazine","description":"Entre 1 de julho e 30 agosto estar\u00e1 aberta a \u00e9poca balnear em Pampilhosa da Serra, um destino conhecido como o \u201csantu\u00e1rio das praias fluviais\u201d e onde poder\u00e1 encontrar o local ideal para ter um momento relaxante junto da Natureza. Para al\u00e9m das tr\u00eas praias distinguidas com Bandeira Azul, o munic\u00edpio oferece ainda uma diversidade de espa\u00e7os balneares e paisagens naturais que fazem de Pampilhosa de Serra um ponto de paragem obrigat\u00f3rio este ver\u00e3o.","robots":{"index":"index","follow":"follow","max-snippet":"max-snippet:-1","max-image-preview":"max-image-preview:large","max-video-preview":"max-video-preview:-1"},"canonical":"http:\/\/maismagazine.pt\/index.php\/2023\/06\/23\/pampilhosa-da-serra-viagem-de-descoberta-entre-o-ceu-e-a-terra\/","og_locale":"pt_PT","og_type":"article","og_title":"Pampilhosa da Serra - Viagem de descoberta, entre o c\u00e9u e a terra - Mais Magazine","og_description":"Entre 1 de julho e 30 agosto estar\u00e1 aberta a \u00e9poca balnear em Pampilhosa da Serra, um destino conhecido como o \u201csantu\u00e1rio das praias fluviais\u201d e onde poder\u00e1 encontrar o local ideal para ter um momento relaxante junto da Natureza. Para al\u00e9m das tr\u00eas praias distinguidas com Bandeira Azul, o munic\u00edpio oferece ainda uma diversidade de espa\u00e7os balneares e paisagens naturais que fazem de Pampilhosa de Serra um ponto de paragem obrigat\u00f3rio este ver\u00e3o.","og_url":"http:\/\/maismagazine.pt\/index.php\/2023\/06\/23\/pampilhosa-da-serra-viagem-de-descoberta-entre-o-ceu-e-a-terra\/","og_site_name":"Mais Magazine","article_published_time":"2023-06-23T06:00:00+00:00","og_image":[{"width":821,"height":548,"url":"http:\/\/maismagazine.pt\/wp-content\/uploads\/2023\/06\/Praia-Fluvial-de-Pessegueiro-Pampilhosa-da-Serra-2.jpg","type":"image\/jpeg"}],"author":"Tiago Costa","twitter_card":"summary_large_image","twitter_misc":{"Escrito por":false,"Tempo estimado de leitura":"4 minutos"},"schema":{"@context":"https:\/\/schema.org","@graph":[{"@type":"Article","@id":"http:\/\/maismagazine.pt\/index.php\/2023\/06\/23\/pampilhosa-da-serra-viagem-de-descoberta-entre-o-ceu-e-a-terra\/#article","isPartOf":{"@id":"http:\/\/maismagazine.pt\/index.php\/2023\/06\/23\/pampilhosa-da-serra-viagem-de-descoberta-entre-o-ceu-e-a-terra\/"},"author":{"name":"Tiago Costa","@id":"https:\/\/maismagazine.pt\/#\/schema\/person\/c6c5bfccc886434cbd11c74e035f9646"},"headline":"Pampilhosa da Serra &#8211; Viagem de descoberta, entre o c\u00e9u e a terra","datePublished":"2023-06-23T06:00:00+00:00","mainEntityOfPage":{"@id":"http:\/\/maismagazine.pt\/index.php\/2023\/06\/23\/pampilhosa-da-serra-viagem-de-descoberta-entre-o-ceu-e-a-terra\/"},"wordCount":873,"publisher":{"@id":"https:\/\/maismagazine.pt\/#organization"},"image":{"@id":"http:\/\/maismagazine.pt\/index.php\/2023\/06\/23\/pampilhosa-da-serra-viagem-de-descoberta-entre-o-ceu-e-a-terra\/#primaryimage"},"thumbnailUrl":"https:\/\/maismagazine.pt\/wp-content\/uploads\/2023\/06\/Praia-Fluvial-de-Pessegueiro-Pampilhosa-da-Serra-2.jpg","keywords":["Bandeira azul","Pampilhosa da Serra","praia"],"articleSection":["Turismo | Vinhos | Gastronomia"],"inLanguage":"pt-PT"},{"@type":"WebPage","@id":"http:\/\/maismagazine.pt\/index.php\/2023\/06\/23\/pampilhosa-da-serra-viagem-de-descoberta-entre-o-ceu-e-a-terra\/","url":"http:\/\/maismagazine.pt\/index.php\/2023\/06\/23\/pampilhosa-da-serra-viagem-de-descoberta-entre-o-ceu-e-a-terra\/","name":"Pampilhosa da Serra - Viagem de descoberta, entre o c\u00e9u e a terra - Mais Magazine","isPartOf":{"@id":"https:\/\/maismagazine.pt\/#website"},"primaryImageOfPage":{"@id":"http:\/\/maismagazine.pt\/index.php\/2023\/06\/23\/pampilhosa-da-serra-viagem-de-descoberta-entre-o-ceu-e-a-terra\/#primaryimage"},"image":{"@id":"http:\/\/maismagazine.pt\/index.php\/2023\/06\/23\/pampilhosa-da-serra-viagem-de-descoberta-entre-o-ceu-e-a-terra\/#primaryimage"},"thumbnailUrl":"https:\/\/maismagazine.pt\/wp-content\/uploads\/2023\/06\/Praia-Fluvial-de-Pessegueiro-Pampilhosa-da-Serra-2.jpg","datePublished":"2023-06-23T06:00:00+00:00","description":"Entre 1 de julho e 30 agosto estar\u00e1 aberta a \u00e9poca balnear em Pampilhosa da Serra, um destino conhecido como o \u201csantu\u00e1rio das praias fluviais\u201d e onde poder\u00e1 encontrar o local ideal para ter um momento relaxante junto da Natureza. Para al\u00e9m das tr\u00eas praias distinguidas com Bandeira Azul, o munic\u00edpio oferece ainda uma diversidade de espa\u00e7os balneares e paisagens naturais que fazem de Pampilhosa de Serra um ponto de paragem obrigat\u00f3rio este ver\u00e3o.","breadcrumb":{"@id":"http:\/\/maismagazine.pt\/index.php\/2023\/06\/23\/pampilhosa-da-serra-viagem-de-descoberta-entre-o-ceu-e-a-terra\/#breadcrumb"},"inLanguage":"pt-PT","potentialAction":[{"@type":"ReadAction","target":["http:\/\/maismagazine.pt\/index.php\/2023\/06\/23\/pampilhosa-da-serra-viagem-de-descoberta-entre-o-ceu-e-a-terra\/"]}]},{"@type":"ImageObject","inLanguage":"pt-PT","@id":"http:\/\/maismagazine.pt\/index.php\/2023\/06\/23\/pampilhosa-da-serra-viagem-de-descoberta-entre-o-ceu-e-a-terra\/#primaryimage","url":"https:\/\/maismagazine.pt\/wp-content\/uploads\/2023\/06\/Praia-Fluvial-de-Pessegueiro-Pampilhosa-da-Serra-2.jpg","contentUrl":"https:\/\/maismagazine.pt\/wp-content\/uploads\/2023\/06\/Praia-Fluvial-de-Pessegueiro-Pampilhosa-da-Serra-2.jpg","width":821,"height":548},{"@type":"BreadcrumbList","@id":"http:\/\/maismagazine.pt\/index.php\/2023\/06\/23\/pampilhosa-da-serra-viagem-de-descoberta-entre-o-ceu-e-a-terra\/#breadcrumb","itemListElement":[{"@type":"ListItem","position":1,"name":"Home","item":"https:\/\/maismagazine.pt\/"},{"@type":"ListItem","position":2,"name":"Pampilhosa da Serra &#8211; Viagem de descoberta, entre o c\u00e9u e a terra"}]},{"@type":"WebSite","@id":"https:\/\/maismagazine.pt\/#website","url":"https:\/\/maismagazine.pt\/","name":"Mais Magazine","description":"","publisher":{"@id":"https:\/\/maismagazine.pt\/#organization"},"potentialAction":[{"@type":"SearchAction","target":{"@type":"EntryPoint","urlTemplate":"https:\/\/maismagazine.pt\/?s={search_term_string}"},"query-input":{"@type":"PropertyValueSpecification","valueRequired":true,"valueName":"search_term_string"}}],"inLanguage":"pt-PT"},{"@type":"Organization","@id":"https:\/\/maismagazine.pt\/#organization","name":"Mais Magazine","url":"https:\/\/maismagazine.pt\/","logo":{"@type":"ImageObject","inLanguage":"pt-PT","@id":"https:\/\/maismagazine.pt\/#\/schema\/logo\/image\/","url":"https:\/\/maismagazine.pt\/wp-content\/uploads\/2020\/04\/cropped-cropped-mais-magazine-site-logo-2.png","contentUrl":"https:\/\/maismagazine.pt\/wp-content\/uploads\/2020\/04\/cropped-cropped-mais-magazine-site-logo-2.png","width":581,"height":90,"caption":"Mais Magazine"},"image":{"@id":"https:\/\/maismagazine.pt\/#\/schema\/logo\/image\/"}},{"@type":"Person","@id":"https:\/\/maismagazine.pt\/#\/schema\/person\/c6c5bfccc886434cbd11c74e035f9646","name":"Tiago Costa","image":{"@type":"ImageObject","inLanguage":"pt-PT","@id":"https:\/\/maismagazine.pt\/#\/schema\/person\/image\/","url":"https:\/\/secure.gravatar.com\/avatar\/c599b2bce16c9870429198cbad5ee022?s=96&d=mm&r=g","contentUrl":"https:\/\/secure.gravatar.com\/avatar\/c599b2bce16c9870429198cbad5ee022?s=96&d=mm&r=g","caption":"Tiago Costa"},"url":"https:\/\/maismagazine.pt\/index.php\/author\/tiago\/"}]}},"author_meta":{"display_name":false,"author_link":"https:\/\/maismagazine.pt\/index.php\/author\/tiago\/"},"featured_img":"https:\/\/maismagazine.pt\/wp-content\/uploads\/2023\/06\/Praia-Fluvial-de-Pessegueiro-Pampilhosa-da-Serra-2-300x200.jpg","coauthors":[],"tax_additional":{"categories":{"linked":["<a href=\"https:\/\/maismagazine.pt\/index.php\/category\/turismo-restaurantes\/\" class=\"advgb-post-tax-term\">Turismo | Vinhos | Gastronomia<\/a>"],"unlinked":["<span class=\"advgb-post-tax-term\">Turismo | Vinhos | Gastronomia<\/span>"]},"tags":{"linked":["<a href=\"https:\/\/maismagazine.pt\/index.php\/category\/turismo-restaurantes\/\" class=\"advgb-post-tax-term\">Bandeira azul<\/a>","<a href=\"https:\/\/maismagazine.pt\/index.php\/category\/turismo-restaurantes\/\" class=\"advgb-post-tax-term\">Pampilhosa da Serra<\/a>","<a href=\"https:\/\/maismagazine.pt\/index.php\/category\/turismo-restaurantes\/\" class=\"advgb-post-tax-term\">praia<\/a>"],"unlinked":["<span class=\"advgb-post-tax-term\">Bandeira azul<\/span>","<span class=\"advgb-post-tax-term\">Pampilhosa da Serra<\/span>","<span class=\"advgb-post-tax-term\">praia<\/span>"]}},"comment_count":"0","relative_dates":{"created":"Posted 3 anos ago","modified":"Updated 3 anos ago"},"absolute_dates":{"created":"Posted on 23 de Junho, 2023","modified":"Updated on 14 de Junho, 2023"},"absolute_dates_time":{"created":"Posted on 23 de Junho, 2023 7:00","modified":"Updated on 14 de Junho, 2023 15:38"},"featured_img_caption":"","series_order":"","_links":{"self":[{"href":"https:\/\/maismagazine.pt\/index.php\/wp-json\/wp\/v2\/posts\/7008","targetHints":{"allow":["GET"]}}],"collection":[{"href":"https:\/\/maismagazine.pt\/index.php\/wp-json\/wp\/v2\/posts"}],"about":[{"href":"https:\/\/maismagazine.pt\/index.php\/wp-json\/wp\/v2\/types\/post"}],"author":[{"embeddable":true,"href":"https:\/\/maismagazine.pt\/index.php\/wp-json\/wp\/v2\/users\/17"}],"replies":[{"embeddable":true,"href":"https:\/\/maismagazine.pt\/index.php\/wp-json\/wp\/v2\/comments?post=7008"}],"version-history":[{"count":1,"href":"https:\/\/maismagazine.pt\/index.php\/wp-json\/wp\/v2\/posts\/7008\/revisions"}],"predecessor-version":[{"id":7019,"href":"https:\/\/maismagazine.pt\/index.php\/wp-json\/wp\/v2\/posts\/7008\/revisions\/7019"}],"wp:featuredmedia":[{"embeddable":true,"href":"https:\/\/maismagazine.pt\/index.php\/wp-json\/wp\/v2\/media\/7018"}],"wp:attachment":[{"href":"https:\/\/maismagazine.pt\/index.php\/wp-json\/wp\/v2\/media?parent=7008"}],"wp:term":[{"taxonomy":"category","embeddable":true,"href":"https:\/\/maismagazine.pt\/index.php\/wp-json\/wp\/v2\/categories?post=7008"},{"taxonomy":"post_tag","embeddable":true,"href":"https:\/\/maismagazine.pt\/index.php\/wp-json\/wp\/v2\/tags?post=7008"}],"curies":[{"name":"wp","href":"https:\/\/api.w.org\/{rel}","templated":true}]}}