{"id":6996,"date":"2023-06-23T07:00:00","date_gmt":"2023-06-23T06:00:00","guid":{"rendered":"https:\/\/maismagazine.pt\/?p=6996"},"modified":"2023-06-14T15:27:53","modified_gmt":"2023-06-14T14:27:53","slug":"praias-do-concelho-da-murtosa-voltam-a-ondular-a-bandeira-azul","status":"publish","type":"post","link":"https:\/\/maismagazine.pt\/index.php\/2023\/06\/23\/praias-do-concelho-da-murtosa-voltam-a-ondular-a-bandeira-azul\/","title":{"rendered":"Praias do concelho da Murtosa voltam a ondular a Bandeira Azul"},"content":{"rendered":"\n<p><strong>Enquadrado entre a Ria e o Mar, o <a href=\"http:\/\/www.cm-murtosa.pt\">Munic\u00edpio da Murtosa<\/a> foi aben\u00e7oado com algumas das melhores praias de Portugal. \u00c0s suas caracter\u00edsticas naturais \u00fanicas e condi\u00e7\u00f5es de excel\u00eancia para a pr\u00e1tica desportiva, as Praias do Bico, Monte Branco e Torreira voltam a juntar, este ano, o estandarte azul, s\u00edmbolo de qualidade de ouro. \u00c9 caso para dizer que, com a atribui\u00e7\u00e3o da Bandeira Azul a tr\u00eas locais, o que era bom tornou-se ainda melhor. <\/strong><\/p>\n\n\n\n<p>Como \u00e9 do conhecimento geral, n\u00e3o \u00e9 de agora a liga\u00e7\u00e3o do Munic\u00edpio da Murtosa \u00e0s pr\u00e1ticas sustent\u00e1veis. A vontade de querer ver as suas praias reconhecidas, por todo o potencial e pelas condi\u00e7\u00f5es que t\u00eam e mant\u00eam, tem motivado o munic\u00edpio a reunir esfor\u00e7os ao longo dos anos, trabalhando afincadamente para se afirmar como um territ\u00f3rio amigo do ambiente e, em especial, do ambiente marinho. A atribui\u00e7\u00e3o do Galard\u00e3o Bandeira Azul 2023 \u00e0s praias do Bico, do Monte Branco e da Torreira voltou a reconhecer o esfor\u00e7o cont\u00ednuo deste munic\u00edpio na ado\u00e7\u00e3o de boas pr\u00e1ticas no dom\u00ednio da sustentabilidade, na preserva\u00e7\u00e3o do meio ambiente, bem como na melhoria de todas as condi\u00e7\u00f5es de utiliza\u00e7\u00e3o e usufruto destes espa\u00e7os em \u00e9poca balnear. Com o objetivo claro de manter toda a qualidade que as suas zonas balneares t\u00eam apresentado ao longo dos \u00faltimos anos, o Munic\u00edpio da Murtosa tem realizado um esfor\u00e7o cont\u00ednuo de qualifica\u00e7\u00e3o das condi\u00e7\u00f5es de acessibilidade e salubridade das praias e \u00e1reas envolventes, aumentando o n\u00famero de lugares de estacionamento, construindo novos passadi\u00e7os e requalificando os j\u00e1 existentes, nos cerca de 900 metros de extens\u00e3o do seu areal. A qualifica\u00e7\u00e3o de acessibilidades, a constru\u00e7\u00e3o de novas instala\u00e7\u00f5es sanit\u00e1rias, a promo\u00e7\u00e3o de sistemas de recolha seletiva de res\u00edduos mais eficientes, foram tamb\u00e9m algumas das a\u00e7\u00f5es desenvolvidas com vista a proporcionar todas as condi\u00e7\u00f5es necess\u00e1rias para que os visitantes tenham uma experi\u00eancia o mais agrad\u00e1vel e seguran\u00e7a poss\u00edvel. <\/p>\n\n\n\n<figure class=\"wp-block-gallery has-nested-images columns-default is-cropped wp-block-gallery-1 is-layout-flex wp-block-gallery-is-layout-flex\">\n<figure class=\"wp-block-image size-large\"><img loading=\"lazy\" decoding=\"async\" width=\"1024\" height=\"639\" data-id=\"7004\" src=\"https:\/\/maismagazine.pt\/wp-content\/uploads\/2023\/06\/Praia-do-Bico-1-1024x639.jpg\" alt=\"\" class=\"wp-image-7004\" srcset=\"https:\/\/maismagazine.pt\/wp-content\/uploads\/2023\/06\/Praia-do-Bico-1-1024x639.jpg 1024w, https:\/\/maismagazine.pt\/wp-content\/uploads\/2023\/06\/Praia-do-Bico-1-300x187.jpg 300w, https:\/\/maismagazine.pt\/wp-content\/uploads\/2023\/06\/Praia-do-Bico-1-768x480.jpg 768w, https:\/\/maismagazine.pt\/wp-content\/uploads\/2023\/06\/Praia-do-Bico-1-1536x959.jpg 1536w, https:\/\/maismagazine.pt\/wp-content\/uploads\/2023\/06\/Praia-do-Bico-1.jpg 2000w\" sizes=\"auto, (max-width: 1024px) 100vw, 1024px\" \/><\/figure>\n\n\n\n<figure class=\"wp-block-image size-large\"><img loading=\"lazy\" decoding=\"async\" width=\"801\" height=\"483\" data-id=\"7005\" src=\"https:\/\/maismagazine.pt\/wp-content\/uploads\/2023\/06\/Praia-do-Monte-Branco-1.jpg\" alt=\"\" class=\"wp-image-7005\" srcset=\"https:\/\/maismagazine.pt\/wp-content\/uploads\/2023\/06\/Praia-do-Monte-Branco-1.jpg 801w, https:\/\/maismagazine.pt\/wp-content\/uploads\/2023\/06\/Praia-do-Monte-Branco-1-300x181.jpg 300w, https:\/\/maismagazine.pt\/wp-content\/uploads\/2023\/06\/Praia-do-Monte-Branco-1-768x463.jpg 768w\" sizes=\"auto, (max-width: 801px) 100vw, 801px\" \/><\/figure>\n<\/figure>\n\n\n\n<p><strong>Um bem de todos<\/strong><\/p>\n\n\n\n<p>Em mais de tr\u00eas d\u00e9cadas de exist\u00eancia da Bandeira Azul, muitos t\u00eam sido os temas das campanhas anuais. Este ano, a Bandeira Azul saiu do seu meio tradicional e desafiou os promotores a colocarem os \u201cp\u00e9s em terra firme\u201d, a \u201colhar para baixo\u201d, a trabalhar e a preservar outro tipo de diversidade, a Geodiversidade. Consciente da import\u00e2ncia de envolver toda a comunidade na defesa e promo\u00e7\u00e3o deste patrim\u00f3nio \u00fanico, o Munic\u00edpio da Murtosa tem desenvolvido ao longo dos anos diversas a\u00e7\u00f5es e iniciativas que convidam a uma participa\u00e7\u00e3o mais ativa da popula\u00e7\u00e3o em prol do ambiente. Este ano, para al\u00e9m das habituais iniciativas desenvolvidas por todos os estabelecimentos de ensino do Agrupamento de Escolas da Murtosa, no \u00e2mbito do Programa Eco-Escolas, a comunidade educativa voltou a colocar \u201cm\u00e3os \u00e0 obra\u201d em v\u00e1rias iniciativas, incluindo a remo\u00e7\u00e3o de plantas infestantes e diversas atividades de prote\u00e7\u00e3o da orla costeira e do cord\u00e3o dunar. Numa altura em que grande parte das fam\u00edlias portuguesas j\u00e1 est\u00e3o a planear as suas f\u00e9rias, desafiamo-lo a aproveitar a singularidade e excel\u00eancia das praias deste concelho, mas tamb\u00e9m a conhecer o que de mais genu\u00edno este tem para lhe oferecer. Que tal juntar o melhor dos dois mundos e aproveitar as condi\u00e7\u00f5es de excel\u00eancia das suas praias para se aventura na pr\u00e1tica de desportos n\u00e1uticos, como, por exemplo, o caiaque? Sabemos que as praias j\u00e1 s\u00e3o por si s\u00f3 um motivo de visita, mas a experi\u00eancia pode ficar ainda mais completa se adicionar ao seu roteiro uma aventura pela natureza. A p\u00e9 ou a pedalar h\u00e1 muito para descobrir. <\/p>\n\n\n<div class=\"wp-block-image\">\n<figure class=\"aligncenter size-full is-resized\"><img loading=\"lazy\" decoding=\"async\" src=\"https:\/\/maismagazine.pt\/wp-content\/uploads\/2023\/06\/logo_municipiodamurtosa-1.png\" alt=\"\" class=\"wp-image-7002\" width=\"263\" height=\"158\"\/><\/figure><\/div>","protected":false},"excerpt":{"rendered":"<p>Enquadrado entre a Ria e o Mar, o Munic\u00edpio da Murtosa foi aben\u00e7oado com algumas das melhores praias de Portugal. \u00c0s suas caracter\u00edsticas naturais \u00fanicas e condi\u00e7\u00f5es de excel\u00eancia para a pr\u00e1tica desportiva, as Praias do Bico, Monte Branco e Torreira voltam a juntar, este ano, o estandarte azul, s\u00edmbolo&hellip;<\/p>\n","protected":false},"author":17,"featured_media":6999,"comment_status":"closed","ping_status":"open","sticky":false,"template":"","format":"standard","meta":{"advgb_blocks_editor_width":"","advgb_blocks_columns_visual_guide":"","_monsterinsights_skip_tracking":false,"_monsterinsights_sitenote_active":false,"_monsterinsights_sitenote_note":"","_monsterinsights_sitenote_category":0,"footnotes":""},"categories":[53],"tags":[734,790,520,64],"class_list":["post-6996","post","type-post","status-publish","format-standard","has-post-thumbnail","hentry","category-turismo-restaurantes","tag-bandeira-azul","tag-murtosa","tag-praia","tag-turismo"],"yoast_head":"<!-- This site is optimized with the Yoast SEO plugin v24.4 - https:\/\/yoast.com\/wordpress\/plugins\/seo\/ -->\n<title>Praias do concelho da Murtosa voltam a ondular a Bandeira Azul - Mais Magazine<\/title>\n<meta name=\"description\" content=\"Enquadrado entre a Ria e o Mar, o Munic\u00edpio da Murtosa foi aben\u00e7oado com algumas das melhores praias de Portugal. \u00c0s suas caracter\u00edsticas naturais \u00fanicas e condi\u00e7\u00f5es de excel\u00eancia para a pr\u00e1tica desportiva, as Praias do Bico, Monte Branco e Torreira voltam a juntar, este ano, o estandarte azul, s\u00edmbolo de qualidade de ouro. \u00c9 caso para dizer que, com a atribui\u00e7\u00e3o da Bandeira Azul a tr\u00eas locais, o que era bom tornou-se ainda melhor.\" \/>\n<meta name=\"robots\" content=\"index, follow, max-snippet:-1, max-image-preview:large, max-video-preview:-1\" \/>\n<link rel=\"canonical\" href=\"https:\/\/maismagazine.pt\/index.php\/2023\/06\/23\/praias-do-concelho-da-murtosa-voltam-a-ondular-a-bandeira-azul\/\" \/>\n<meta property=\"og:locale\" content=\"pt_PT\" \/>\n<meta property=\"og:type\" content=\"article\" \/>\n<meta property=\"og:title\" content=\"Praias do concelho da Murtosa voltam a ondular a Bandeira Azul - Mais Magazine\" \/>\n<meta property=\"og:description\" content=\"Enquadrado entre a Ria e o Mar, o Munic\u00edpio da Murtosa foi aben\u00e7oado com algumas das melhores praias de Portugal. \u00c0s suas caracter\u00edsticas naturais \u00fanicas e condi\u00e7\u00f5es de excel\u00eancia para a pr\u00e1tica desportiva, as Praias do Bico, Monte Branco e Torreira voltam a juntar, este ano, o estandarte azul, s\u00edmbolo de qualidade de ouro. \u00c9 caso para dizer que, com a atribui\u00e7\u00e3o da Bandeira Azul a tr\u00eas locais, o que era bom tornou-se ainda melhor.\" \/>\n<meta property=\"og:url\" content=\"https:\/\/maismagazine.pt\/index.php\/2023\/06\/23\/praias-do-concelho-da-murtosa-voltam-a-ondular-a-bandeira-azul\/\" \/>\n<meta property=\"og:site_name\" content=\"Mais Magazine\" \/>\n<meta property=\"article:published_time\" content=\"2023-06-23T06:00:00+00:00\" \/>\n<meta property=\"og:image\" content=\"https:\/\/maismagazine.pt\/wp-content\/uploads\/2023\/06\/Praia-da-Torreira-3-1024x543.jpg\" \/>\n\t<meta property=\"og:image:width\" content=\"1024\" \/>\n\t<meta property=\"og:image:height\" content=\"543\" \/>\n\t<meta property=\"og:image:type\" content=\"image\/jpeg\" \/>\n<meta name=\"author\" content=\"Tiago Costa\" \/>\n<meta name=\"twitter:card\" content=\"summary_large_image\" \/>\n<meta name=\"twitter:label1\" content=\"Escrito por\" \/>\n\t<meta name=\"twitter:data1\" content=\"\" \/>\n\t<meta name=\"twitter:label2\" content=\"Tempo estimado de leitura\" \/>\n\t<meta name=\"twitter:data2\" content=\"3 minutos\" \/>\n<script type=\"application\/ld+json\" class=\"yoast-schema-graph\">{\"@context\":\"https:\/\/schema.org\",\"@graph\":[{\"@type\":\"Article\",\"@id\":\"https:\/\/maismagazine.pt\/index.php\/2023\/06\/23\/praias-do-concelho-da-murtosa-voltam-a-ondular-a-bandeira-azul\/#article\",\"isPartOf\":{\"@id\":\"https:\/\/maismagazine.pt\/index.php\/2023\/06\/23\/praias-do-concelho-da-murtosa-voltam-a-ondular-a-bandeira-azul\/\"},\"author\":{\"name\":\"Tiago Costa\",\"@id\":\"http:\/\/maismagazine.pt\/#\/schema\/person\/c6c5bfccc886434cbd11c74e035f9646\"},\"headline\":\"Praias do concelho da Murtosa voltam a ondular a Bandeira Azul\",\"datePublished\":\"2023-06-23T06:00:00+00:00\",\"mainEntityOfPage\":{\"@id\":\"https:\/\/maismagazine.pt\/index.php\/2023\/06\/23\/praias-do-concelho-da-murtosa-voltam-a-ondular-a-bandeira-azul\/\"},\"wordCount\":668,\"publisher\":{\"@id\":\"http:\/\/maismagazine.pt\/#organization\"},\"image\":{\"@id\":\"https:\/\/maismagazine.pt\/index.php\/2023\/06\/23\/praias-do-concelho-da-murtosa-voltam-a-ondular-a-bandeira-azul\/#primaryimage\"},\"thumbnailUrl\":\"https:\/\/maismagazine.pt\/wp-content\/uploads\/2023\/06\/Praia-da-Torreira-3.jpg\",\"keywords\":[\"Bandeira azul\",\"Murtosa\",\"praia\",\"Turismo\"],\"articleSection\":[\"Turismo | Vinhos | Gastronomia\"],\"inLanguage\":\"pt-PT\"},{\"@type\":\"WebPage\",\"@id\":\"https:\/\/maismagazine.pt\/index.php\/2023\/06\/23\/praias-do-concelho-da-murtosa-voltam-a-ondular-a-bandeira-azul\/\",\"url\":\"https:\/\/maismagazine.pt\/index.php\/2023\/06\/23\/praias-do-concelho-da-murtosa-voltam-a-ondular-a-bandeira-azul\/\",\"name\":\"Praias do concelho da Murtosa voltam a ondular a Bandeira Azul - Mais Magazine\",\"isPartOf\":{\"@id\":\"http:\/\/maismagazine.pt\/#website\"},\"primaryImageOfPage\":{\"@id\":\"https:\/\/maismagazine.pt\/index.php\/2023\/06\/23\/praias-do-concelho-da-murtosa-voltam-a-ondular-a-bandeira-azul\/#primaryimage\"},\"image\":{\"@id\":\"https:\/\/maismagazine.pt\/index.php\/2023\/06\/23\/praias-do-concelho-da-murtosa-voltam-a-ondular-a-bandeira-azul\/#primaryimage\"},\"thumbnailUrl\":\"https:\/\/maismagazine.pt\/wp-content\/uploads\/2023\/06\/Praia-da-Torreira-3.jpg\",\"datePublished\":\"2023-06-23T06:00:00+00:00\",\"description\":\"Enquadrado entre a Ria e o Mar, o Munic\u00edpio da Murtosa foi aben\u00e7oado com algumas das melhores praias de Portugal. \u00c0s suas caracter\u00edsticas naturais \u00fanicas e condi\u00e7\u00f5es de excel\u00eancia para a pr\u00e1tica desportiva, as Praias do Bico, Monte Branco e Torreira voltam a juntar, este ano, o estandarte azul, s\u00edmbolo de qualidade de ouro. \u00c9 caso para dizer que, com a atribui\u00e7\u00e3o da Bandeira Azul a tr\u00eas locais, o que era bom tornou-se ainda melhor.\",\"breadcrumb\":{\"@id\":\"https:\/\/maismagazine.pt\/index.php\/2023\/06\/23\/praias-do-concelho-da-murtosa-voltam-a-ondular-a-bandeira-azul\/#breadcrumb\"},\"inLanguage\":\"pt-PT\",\"potentialAction\":[{\"@type\":\"ReadAction\",\"target\":[\"https:\/\/maismagazine.pt\/index.php\/2023\/06\/23\/praias-do-concelho-da-murtosa-voltam-a-ondular-a-bandeira-azul\/\"]}]},{\"@type\":\"ImageObject\",\"inLanguage\":\"pt-PT\",\"@id\":\"https:\/\/maismagazine.pt\/index.php\/2023\/06\/23\/praias-do-concelho-da-murtosa-voltam-a-ondular-a-bandeira-azul\/#primaryimage\",\"url\":\"https:\/\/maismagazine.pt\/wp-content\/uploads\/2023\/06\/Praia-da-Torreira-3.jpg\",\"contentUrl\":\"https:\/\/maismagazine.pt\/wp-content\/uploads\/2023\/06\/Praia-da-Torreira-3.jpg\",\"width\":2510,\"height\":1332,\"caption\":\"OLYMPUS DIGITAL CAMERA\"},{\"@type\":\"BreadcrumbList\",\"@id\":\"https:\/\/maismagazine.pt\/index.php\/2023\/06\/23\/praias-do-concelho-da-murtosa-voltam-a-ondular-a-bandeira-azul\/#breadcrumb\",\"itemListElement\":[{\"@type\":\"ListItem\",\"position\":1,\"name\":\"Home\",\"item\":\"http:\/\/maismagazine.pt\/\"},{\"@type\":\"ListItem\",\"position\":2,\"name\":\"Praias do concelho da Murtosa voltam a ondular a Bandeira Azul\"}]},{\"@type\":\"WebSite\",\"@id\":\"http:\/\/maismagazine.pt\/#website\",\"url\":\"http:\/\/maismagazine.pt\/\",\"name\":\"Mais Magazine\",\"description\":\"\",\"publisher\":{\"@id\":\"http:\/\/maismagazine.pt\/#organization\"},\"potentialAction\":[{\"@type\":\"SearchAction\",\"target\":{\"@type\":\"EntryPoint\",\"urlTemplate\":\"http:\/\/maismagazine.pt\/?s={search_term_string}\"},\"query-input\":{\"@type\":\"PropertyValueSpecification\",\"valueRequired\":true,\"valueName\":\"search_term_string\"}}],\"inLanguage\":\"pt-PT\"},{\"@type\":\"Organization\",\"@id\":\"http:\/\/maismagazine.pt\/#organization\",\"name\":\"Mais Magazine\",\"url\":\"http:\/\/maismagazine.pt\/\",\"logo\":{\"@type\":\"ImageObject\",\"inLanguage\":\"pt-PT\",\"@id\":\"http:\/\/maismagazine.pt\/#\/schema\/logo\/image\/\",\"url\":\"https:\/\/maismagazine.pt\/wp-content\/uploads\/2020\/04\/cropped-cropped-mais-magazine-site-logo-2.png\",\"contentUrl\":\"https:\/\/maismagazine.pt\/wp-content\/uploads\/2020\/04\/cropped-cropped-mais-magazine-site-logo-2.png\",\"width\":581,\"height\":90,\"caption\":\"Mais Magazine\"},\"image\":{\"@id\":\"http:\/\/maismagazine.pt\/#\/schema\/logo\/image\/\"}},{\"@type\":\"Person\",\"@id\":\"http:\/\/maismagazine.pt\/#\/schema\/person\/c6c5bfccc886434cbd11c74e035f9646\",\"name\":\"Tiago Costa\",\"image\":{\"@type\":\"ImageObject\",\"inLanguage\":\"pt-PT\",\"@id\":\"http:\/\/maismagazine.pt\/#\/schema\/person\/image\/\",\"url\":\"https:\/\/secure.gravatar.com\/avatar\/c599b2bce16c9870429198cbad5ee022?s=96&d=mm&r=g\",\"contentUrl\":\"https:\/\/secure.gravatar.com\/avatar\/c599b2bce16c9870429198cbad5ee022?s=96&d=mm&r=g\",\"caption\":\"Tiago Costa\"},\"url\":\"https:\/\/maismagazine.pt\/index.php\/author\/tiago\/\"}]}<\/script>\n<!-- \/ Yoast SEO plugin. -->","yoast_head_json":{"title":"Praias do concelho da Murtosa voltam a ondular a Bandeira Azul - Mais Magazine","description":"Enquadrado entre a Ria e o Mar, o Munic\u00edpio da Murtosa foi aben\u00e7oado com algumas das melhores praias de Portugal. \u00c0s suas caracter\u00edsticas naturais \u00fanicas e condi\u00e7\u00f5es de excel\u00eancia para a pr\u00e1tica desportiva, as Praias do Bico, Monte Branco e Torreira voltam a juntar, este ano, o estandarte azul, s\u00edmbolo de qualidade de ouro. \u00c9 caso para dizer que, com a atribui\u00e7\u00e3o da Bandeira Azul a tr\u00eas locais, o que era bom tornou-se ainda melhor.","robots":{"index":"index","follow":"follow","max-snippet":"max-snippet:-1","max-image-preview":"max-image-preview:large","max-video-preview":"max-video-preview:-1"},"canonical":"https:\/\/maismagazine.pt\/index.php\/2023\/06\/23\/praias-do-concelho-da-murtosa-voltam-a-ondular-a-bandeira-azul\/","og_locale":"pt_PT","og_type":"article","og_title":"Praias do concelho da Murtosa voltam a ondular a Bandeira Azul - Mais Magazine","og_description":"Enquadrado entre a Ria e o Mar, o Munic\u00edpio da Murtosa foi aben\u00e7oado com algumas das melhores praias de Portugal. \u00c0s suas caracter\u00edsticas naturais \u00fanicas e condi\u00e7\u00f5es de excel\u00eancia para a pr\u00e1tica desportiva, as Praias do Bico, Monte Branco e Torreira voltam a juntar, este ano, o estandarte azul, s\u00edmbolo de qualidade de ouro. \u00c9 caso para dizer que, com a atribui\u00e7\u00e3o da Bandeira Azul a tr\u00eas locais, o que era bom tornou-se ainda melhor.","og_url":"https:\/\/maismagazine.pt\/index.php\/2023\/06\/23\/praias-do-concelho-da-murtosa-voltam-a-ondular-a-bandeira-azul\/","og_site_name":"Mais Magazine","article_published_time":"2023-06-23T06:00:00+00:00","og_image":[{"width":1024,"height":543,"url":"https:\/\/maismagazine.pt\/wp-content\/uploads\/2023\/06\/Praia-da-Torreira-3-1024x543.jpg","type":"image\/jpeg"}],"author":"Tiago Costa","twitter_card":"summary_large_image","twitter_misc":{"Escrito por":false,"Tempo estimado de leitura":"3 minutos"},"schema":{"@context":"https:\/\/schema.org","@graph":[{"@type":"Article","@id":"https:\/\/maismagazine.pt\/index.php\/2023\/06\/23\/praias-do-concelho-da-murtosa-voltam-a-ondular-a-bandeira-azul\/#article","isPartOf":{"@id":"https:\/\/maismagazine.pt\/index.php\/2023\/06\/23\/praias-do-concelho-da-murtosa-voltam-a-ondular-a-bandeira-azul\/"},"author":{"name":"Tiago Costa","@id":"http:\/\/maismagazine.pt\/#\/schema\/person\/c6c5bfccc886434cbd11c74e035f9646"},"headline":"Praias do concelho da Murtosa voltam a ondular a Bandeira Azul","datePublished":"2023-06-23T06:00:00+00:00","mainEntityOfPage":{"@id":"https:\/\/maismagazine.pt\/index.php\/2023\/06\/23\/praias-do-concelho-da-murtosa-voltam-a-ondular-a-bandeira-azul\/"},"wordCount":668,"publisher":{"@id":"http:\/\/maismagazine.pt\/#organization"},"image":{"@id":"https:\/\/maismagazine.pt\/index.php\/2023\/06\/23\/praias-do-concelho-da-murtosa-voltam-a-ondular-a-bandeira-azul\/#primaryimage"},"thumbnailUrl":"https:\/\/maismagazine.pt\/wp-content\/uploads\/2023\/06\/Praia-da-Torreira-3.jpg","keywords":["Bandeira azul","Murtosa","praia","Turismo"],"articleSection":["Turismo | Vinhos | Gastronomia"],"inLanguage":"pt-PT"},{"@type":"WebPage","@id":"https:\/\/maismagazine.pt\/index.php\/2023\/06\/23\/praias-do-concelho-da-murtosa-voltam-a-ondular-a-bandeira-azul\/","url":"https:\/\/maismagazine.pt\/index.php\/2023\/06\/23\/praias-do-concelho-da-murtosa-voltam-a-ondular-a-bandeira-azul\/","name":"Praias do concelho da Murtosa voltam a ondular a Bandeira Azul - Mais Magazine","isPartOf":{"@id":"http:\/\/maismagazine.pt\/#website"},"primaryImageOfPage":{"@id":"https:\/\/maismagazine.pt\/index.php\/2023\/06\/23\/praias-do-concelho-da-murtosa-voltam-a-ondular-a-bandeira-azul\/#primaryimage"},"image":{"@id":"https:\/\/maismagazine.pt\/index.php\/2023\/06\/23\/praias-do-concelho-da-murtosa-voltam-a-ondular-a-bandeira-azul\/#primaryimage"},"thumbnailUrl":"https:\/\/maismagazine.pt\/wp-content\/uploads\/2023\/06\/Praia-da-Torreira-3.jpg","datePublished":"2023-06-23T06:00:00+00:00","description":"Enquadrado entre a Ria e o Mar, o Munic\u00edpio da Murtosa foi aben\u00e7oado com algumas das melhores praias de Portugal. \u00c0s suas caracter\u00edsticas naturais \u00fanicas e condi\u00e7\u00f5es de excel\u00eancia para a pr\u00e1tica desportiva, as Praias do Bico, Monte Branco e Torreira voltam a juntar, este ano, o estandarte azul, s\u00edmbolo de qualidade de ouro. \u00c9 caso para dizer que, com a atribui\u00e7\u00e3o da Bandeira Azul a tr\u00eas locais, o que era bom tornou-se ainda melhor.","breadcrumb":{"@id":"https:\/\/maismagazine.pt\/index.php\/2023\/06\/23\/praias-do-concelho-da-murtosa-voltam-a-ondular-a-bandeira-azul\/#breadcrumb"},"inLanguage":"pt-PT","potentialAction":[{"@type":"ReadAction","target":["https:\/\/maismagazine.pt\/index.php\/2023\/06\/23\/praias-do-concelho-da-murtosa-voltam-a-ondular-a-bandeira-azul\/"]}]},{"@type":"ImageObject","inLanguage":"pt-PT","@id":"https:\/\/maismagazine.pt\/index.php\/2023\/06\/23\/praias-do-concelho-da-murtosa-voltam-a-ondular-a-bandeira-azul\/#primaryimage","url":"https:\/\/maismagazine.pt\/wp-content\/uploads\/2023\/06\/Praia-da-Torreira-3.jpg","contentUrl":"https:\/\/maismagazine.pt\/wp-content\/uploads\/2023\/06\/Praia-da-Torreira-3.jpg","width":2510,"height":1332,"caption":"OLYMPUS DIGITAL CAMERA"},{"@type":"BreadcrumbList","@id":"https:\/\/maismagazine.pt\/index.php\/2023\/06\/23\/praias-do-concelho-da-murtosa-voltam-a-ondular-a-bandeira-azul\/#breadcrumb","itemListElement":[{"@type":"ListItem","position":1,"name":"Home","item":"http:\/\/maismagazine.pt\/"},{"@type":"ListItem","position":2,"name":"Praias do concelho da Murtosa voltam a ondular a Bandeira Azul"}]},{"@type":"WebSite","@id":"http:\/\/maismagazine.pt\/#website","url":"http:\/\/maismagazine.pt\/","name":"Mais Magazine","description":"","publisher":{"@id":"http:\/\/maismagazine.pt\/#organization"},"potentialAction":[{"@type":"SearchAction","target":{"@type":"EntryPoint","urlTemplate":"http:\/\/maismagazine.pt\/?s={search_term_string}"},"query-input":{"@type":"PropertyValueSpecification","valueRequired":true,"valueName":"search_term_string"}}],"inLanguage":"pt-PT"},{"@type":"Organization","@id":"http:\/\/maismagazine.pt\/#organization","name":"Mais Magazine","url":"http:\/\/maismagazine.pt\/","logo":{"@type":"ImageObject","inLanguage":"pt-PT","@id":"http:\/\/maismagazine.pt\/#\/schema\/logo\/image\/","url":"https:\/\/maismagazine.pt\/wp-content\/uploads\/2020\/04\/cropped-cropped-mais-magazine-site-logo-2.png","contentUrl":"https:\/\/maismagazine.pt\/wp-content\/uploads\/2020\/04\/cropped-cropped-mais-magazine-site-logo-2.png","width":581,"height":90,"caption":"Mais Magazine"},"image":{"@id":"http:\/\/maismagazine.pt\/#\/schema\/logo\/image\/"}},{"@type":"Person","@id":"http:\/\/maismagazine.pt\/#\/schema\/person\/c6c5bfccc886434cbd11c74e035f9646","name":"Tiago Costa","image":{"@type":"ImageObject","inLanguage":"pt-PT","@id":"http:\/\/maismagazine.pt\/#\/schema\/person\/image\/","url":"https:\/\/secure.gravatar.com\/avatar\/c599b2bce16c9870429198cbad5ee022?s=96&d=mm&r=g","contentUrl":"https:\/\/secure.gravatar.com\/avatar\/c599b2bce16c9870429198cbad5ee022?s=96&d=mm&r=g","caption":"Tiago Costa"},"url":"https:\/\/maismagazine.pt\/index.php\/author\/tiago\/"}]}},"author_meta":{"display_name":false,"author_link":"https:\/\/maismagazine.pt\/index.php\/author\/tiago\/"},"featured_img":"https:\/\/maismagazine.pt\/wp-content\/uploads\/2023\/06\/Praia-da-Torreira-3-300x159.jpg","coauthors":[],"tax_additional":{"categories":{"linked":["<a href=\"https:\/\/maismagazine.pt\/index.php\/category\/turismo-restaurantes\/\" class=\"advgb-post-tax-term\">Turismo | Vinhos | Gastronomia<\/a>"],"unlinked":["<span class=\"advgb-post-tax-term\">Turismo | Vinhos | Gastronomia<\/span>"]},"tags":{"linked":["<a href=\"https:\/\/maismagazine.pt\/index.php\/category\/turismo-restaurantes\/\" class=\"advgb-post-tax-term\">Bandeira azul<\/a>","<a href=\"https:\/\/maismagazine.pt\/index.php\/category\/turismo-restaurantes\/\" class=\"advgb-post-tax-term\">Murtosa<\/a>","<a href=\"https:\/\/maismagazine.pt\/index.php\/category\/turismo-restaurantes\/\" class=\"advgb-post-tax-term\">praia<\/a>","<a href=\"https:\/\/maismagazine.pt\/index.php\/category\/turismo-restaurantes\/\" class=\"advgb-post-tax-term\">Turismo<\/a>"],"unlinked":["<span class=\"advgb-post-tax-term\">Bandeira azul<\/span>","<span class=\"advgb-post-tax-term\">Murtosa<\/span>","<span class=\"advgb-post-tax-term\">praia<\/span>","<span class=\"advgb-post-tax-term\">Turismo<\/span>"]}},"comment_count":"0","relative_dates":{"created":"Posted 3 anos ago","modified":"Updated 3 anos ago"},"absolute_dates":{"created":"Posted on 23 de Junho, 2023","modified":"Updated on 14 de Junho, 2023"},"absolute_dates_time":{"created":"Posted on 23 de Junho, 2023 7:00","modified":"Updated on 14 de Junho, 2023 15:27"},"featured_img_caption":"OLYMPUS DIGITAL CAMERA","series_order":"","_links":{"self":[{"href":"https:\/\/maismagazine.pt\/index.php\/wp-json\/wp\/v2\/posts\/6996","targetHints":{"allow":["GET"]}}],"collection":[{"href":"https:\/\/maismagazine.pt\/index.php\/wp-json\/wp\/v2\/posts"}],"about":[{"href":"https:\/\/maismagazine.pt\/index.php\/wp-json\/wp\/v2\/types\/post"}],"author":[{"embeddable":true,"href":"https:\/\/maismagazine.pt\/index.php\/wp-json\/wp\/v2\/users\/17"}],"replies":[{"embeddable":true,"href":"https:\/\/maismagazine.pt\/index.php\/wp-json\/wp\/v2\/comments?post=6996"}],"version-history":[{"count":1,"href":"https:\/\/maismagazine.pt\/index.php\/wp-json\/wp\/v2\/posts\/6996\/revisions"}],"predecessor-version":[{"id":7006,"href":"https:\/\/maismagazine.pt\/index.php\/wp-json\/wp\/v2\/posts\/6996\/revisions\/7006"}],"wp:featuredmedia":[{"embeddable":true,"href":"https:\/\/maismagazine.pt\/index.php\/wp-json\/wp\/v2\/media\/6999"}],"wp:attachment":[{"href":"https:\/\/maismagazine.pt\/index.php\/wp-json\/wp\/v2\/media?parent=6996"}],"wp:term":[{"taxonomy":"category","embeddable":true,"href":"https:\/\/maismagazine.pt\/index.php\/wp-json\/wp\/v2\/categories?post=6996"},{"taxonomy":"post_tag","embeddable":true,"href":"https:\/\/maismagazine.pt\/index.php\/wp-json\/wp\/v2\/tags?post=6996"}],"curies":[{"name":"wp","href":"https:\/\/api.w.org\/{rel}","templated":true}]}}