{"id":5901,"date":"2023-03-24T07:00:00","date_gmt":"2023-03-24T07:00:00","guid":{"rendered":"https:\/\/maismagazine.pt\/?p=5901"},"modified":"2023-03-15T11:38:39","modified_gmt":"2023-03-15T11:38:39","slug":"recue-no-tempo-e-viva-de-perto-as-emocoes-do-seculo-xix","status":"publish","type":"post","link":"https:\/\/maismagazine.pt\/index.php\/2023\/03\/24\/recue-no-tempo-e-viva-de-perto-as-emocoes-do-seculo-xix\/","title":{"rendered":"Recue no tempo e viva de perto as emo\u00e7\u00f5es do s\u00e9culo XIX"},"content":{"rendered":"\n<p><strong>No preciso local onde se travou a Batalha do Vimeiro, a 21 de agosto de 1808, situa-se atualmente o <a href=\"https:\/\/www.batalhadovimeiro.pt\/\">Centro de Interpreta\u00e7\u00e3o da Batalha do Vimeiro (CIBV)<\/a>. Com portas abertas desde 2008, esta institui\u00e7\u00e3o serve como um importante arquivo hist\u00f3rico e cultural da heran\u00e7a e identidade comuns das na\u00e7\u00f5es envolvidas no confronto que p\u00f4s fim \u00e0 Primeira Invas\u00e3o Francesa de Portugal<\/strong>.<\/p>\n\n\n\n<p><\/p>\n\n\n\n<p>Com o objetivo de manter bem vivo na mem\u00f3ria de todos os portugueses o esfor\u00e7o dos combatentes durante o derradeiro confronto referente \u00e0 Primeira Invas\u00e3o Francesa, nasceu o Centro de Interpreta\u00e7\u00e3o da Batalha do Vimeiro (CIBV). Este espa\u00e7o localiza-se no mesmo local onde foi travada a Batalha do Vimeiro, no concelho da Lourinh\u00e3, e assume-se como um agen-te de preserva\u00e7\u00e3o do patrim\u00f3nio material e imaterial da batalha e da sua divulga\u00e7\u00e3o e ativa\u00e7\u00e3o tur\u00edstica. O Centro de Inter-preta\u00e7\u00e3o da Batalha do Vimeiro oferece um rico acervo composto por armamento, fardamento, documenta\u00e7\u00e3o da \u00e9poca, pe\u00e7as arqueol\u00f3gicas \u00fanicas e equipamentos que fazem do CIBV um equipamento tur\u00edstico inclusivo e acess\u00edvel: r\u00e9plicas 3D, audioguias com audiodescri\u00e7\u00e3o, folhas de sala com informa\u00e7\u00e3o simplificada, Braille e LGP, v\u00eddeos com legendagem e LGP, piso t\u00e1til e elevador.<\/p>\n\n\n\n<p><\/p>\n\n\n\n<p><strong>\u201cRecria\u00e7\u00e3o Hist\u00f3rica &amp; Mercado Oitocentista\u201d<\/strong><\/p>\n\n\n\n<p>Este espa\u00e7o hist\u00f3rico e cultural apresenta uma grande variedade de iniciativas que visam promover o patrim\u00f3nio local, sendo a mais afamada a \u201cRecria\u00e7\u00e3o Hist\u00f3rica &amp; Mercado Oitocentista\u201d. Durante o m\u00eas de julho a hist\u00f3ria ganha vida e recria-se um cen\u00e1rio alusivo \u00e0 \u00e9poca da Primeira Invas\u00e3o Francesa. Este ano, o evento vai ter lugar nos dias 14, 15, 16 de julho e contar\u00e1 com a presen\u00e7a de um Mercado Oitocentista, tasquinhas, anima\u00e7\u00e3o de rua e um programa de iniciativas diversificado que conta com concertos, baile oitocentista, espet\u00e1culos de fogo, mostras de produtos gastron\u00f4micos, pe\u00e7as de teatro e workshops.<\/p>\n\n\n\n<div class=\"wp-block-image\"><figure class=\"aligncenter size-full is-resized\"><img loading=\"lazy\" decoding=\"async\" src=\"https:\/\/maismagazine.pt\/wp-content\/uploads\/2023\/03\/Turismo-Militar-c-Marco-Parracho.png\" alt=\"\" class=\"wp-image-5903\" width=\"428\" height=\"286\" srcset=\"https:\/\/maismagazine.pt\/wp-content\/uploads\/2023\/03\/Turismo-Militar-c-Marco-Parracho.png 752w, https:\/\/maismagazine.pt\/wp-content\/uploads\/2023\/03\/Turismo-Militar-c-Marco-Parracho-300x200.png 300w, https:\/\/maismagazine.pt\/wp-content\/uploads\/2023\/03\/Turismo-Militar-c-Marco-Parracho-150x100.png 150w\" sizes=\"auto, (max-width: 428px) 100vw, 428px\" \/><\/figure><\/div>\n\n\n\n<p><\/p>\n\n\n\n<p><strong>Este ano a programa\u00e7\u00e3o cultural centra-se na tem\u00e1tica \u201cEducar para a Paz\u201d<\/strong><\/p>\n\n\n\n<p>Anualmente, o Centro de Interpreta\u00e7\u00e3o da Batalha do Vimeiro conta com uma programa\u00e7\u00e3o cultural tem\u00e1tica, focando-se este ano no tema \u201cEducar para a Paz\u201d. Uma iniciativa que decorre da atual situa\u00e7\u00e3o de guerra na Europa e prop\u00f5e um conjunto de atividades em torno do conceito de paz, contrariando a ideia de que os locais que assinalam batalhas t\u00eam que remeter unicamente para mat\u00e9rias relacionadas com epis\u00f3dios de guerra. A par disso, este ano celebra-se, no dia 21 de agosto, o 215\u00aa anivers\u00e1rio da Batalha do Vimeiro, efem\u00e9ride que ser\u00e1 relembrada com comemora\u00e7\u00f5es oficiais organizadas em conjunto com o ex\u00e9rcito portugu\u00eas. Dando continuidade ao trabalho de valoriza\u00e7\u00e3o do patrim\u00f3nio militar, o munic\u00edpio da Lourinh\u00e3 tornou-se associado da Rota Hist\u00f3rica das Linhas de Torres e integra o cons\u00f3rcio dos Itiner\u00e1rios Napole\u00f3nicos, um cons\u00f3rcio de 13 munic\u00edpios que trabalha conjuntamente para desenvolver a\u00e7\u00f5es de qualifica\u00e7\u00e3o da oferta, capacita\u00e7\u00e3o de recursos, inova\u00e7\u00e3o da rede e comunica\u00e7\u00e3o do produto. Neste \u00faltimo \u00e2mbito, foi desenvolvido o jogo exclusivo \u201cNapole\u00e3o Bonaparte: O princ\u00edpio do Fim\u201d com a empresa Science4You. Assim, n\u00e3o faltam raz\u00f5es para visitar o Centro de Interpreta\u00e7\u00e3o da Batalha do Vimeiro e viver uma p\u00e1gina dourada da hist\u00f3ria de Portugal. <\/p>\n\n\n\n<div class=\"wp-block-image\"><figure class=\"aligncenter size-large is-resized\"><img loading=\"lazy\" decoding=\"async\" src=\"https:\/\/maismagazine.pt\/wp-content\/uploads\/2023\/03\/CMLourinha_Assinatura_vert-2-1024x508.jpg\" alt=\"\" class=\"wp-image-5909\" width=\"371\" height=\"184\" srcset=\"https:\/\/maismagazine.pt\/wp-content\/uploads\/2023\/03\/CMLourinha_Assinatura_vert-2-1024x508.jpg 1024w, https:\/\/maismagazine.pt\/wp-content\/uploads\/2023\/03\/CMLourinha_Assinatura_vert-2-300x149.jpg 300w, https:\/\/maismagazine.pt\/wp-content\/uploads\/2023\/03\/CMLourinha_Assinatura_vert-2-768x381.jpg 768w, https:\/\/maismagazine.pt\/wp-content\/uploads\/2023\/03\/CMLourinha_Assinatura_vert-2.jpg 1412w\" sizes=\"auto, (max-width: 371px) 100vw, 371px\" \/><\/figure><\/div>\n","protected":false},"excerpt":{"rendered":"<p>No preciso local onde se travou a Batalha do Vimeiro, a 21 de agosto de 1808, situa-se atualmente o Centro de Interpreta\u00e7\u00e3o da Batalha do Vimeiro (CIBV). Com portas abertas desde 2008, esta institui\u00e7\u00e3o serve como um importante arquivo hist\u00f3rico e cultural da heran\u00e7a e identidade comuns das na\u00e7\u00f5es envolvidas&hellip;<\/p>\n","protected":false},"author":17,"featured_media":5902,"comment_status":"closed","ping_status":"open","sticky":false,"template":"","format":"standard","meta":{"advgb_blocks_editor_width":"","advgb_blocks_columns_visual_guide":"","_monsterinsights_skip_tracking":false,"_monsterinsights_sitenote_active":false,"_monsterinsights_sitenote_note":"","_monsterinsights_sitenote_category":0,"footnotes":""},"categories":[9,53],"tags":[1344,1343,1341,1342],"class_list":["post-5901","post","type-post","status-publish","format-standard","has-post-thumbnail","hentry","category-cultura","category-turismo-restaurantes","tag-batalha-de-vimeiro","tag-centro-de-interpretacao-da-batalha-de-vimeiro","tag-lourinha","tag-patrimonio-militar"],"yoast_head":"<!-- This site is optimized with the Yoast SEO plugin v24.4 - https:\/\/yoast.com\/wordpress\/plugins\/seo\/ -->\n<title>Recue no tempo e viva de perto as emo\u00e7\u00f5es do s\u00e9culo XIX - Mais Magazine<\/title>\n<meta name=\"description\" content=\"No preciso local onde se travou a Batalha do Vimeiro, a 21 de agosto de 1808, situa-se atualmente o Centro de Interpreta\u00e7\u00e3o da Batalha do Vimeiro (CIBV). Com portas abertas desde 2008, esta institui\u00e7\u00e3o serve como um importante arquivo hist\u00f3rico e cultural da heran\u00e7a e identidade comuns das na\u00e7\u00f5es envolvidas no confronto que p\u00f4s fim \u00e0 Primeira Invas\u00e3o Francesa de Portugal.\" \/>\n<meta name=\"robots\" content=\"index, follow, max-snippet:-1, max-image-preview:large, max-video-preview:-1\" \/>\n<link rel=\"canonical\" href=\"https:\/\/maismagazine.pt\/index.php\/2023\/03\/24\/recue-no-tempo-e-viva-de-perto-as-emocoes-do-seculo-xix\/\" \/>\n<meta property=\"og:locale\" content=\"pt_PT\" \/>\n<meta property=\"og:type\" content=\"article\" \/>\n<meta property=\"og:title\" content=\"Recue no tempo e viva de perto as emo\u00e7\u00f5es do s\u00e9culo XIX - Mais Magazine\" \/>\n<meta property=\"og:description\" content=\"No preciso local onde se travou a Batalha do Vimeiro, a 21 de agosto de 1808, situa-se atualmente o Centro de Interpreta\u00e7\u00e3o da Batalha do Vimeiro (CIBV). Com portas abertas desde 2008, esta institui\u00e7\u00e3o serve como um importante arquivo hist\u00f3rico e cultural da heran\u00e7a e identidade comuns das na\u00e7\u00f5es envolvidas no confronto que p\u00f4s fim \u00e0 Primeira Invas\u00e3o Francesa de Portugal.\" \/>\n<meta property=\"og:url\" content=\"https:\/\/maismagazine.pt\/index.php\/2023\/03\/24\/recue-no-tempo-e-viva-de-perto-as-emocoes-do-seculo-xix\/\" \/>\n<meta property=\"og:site_name\" content=\"Mais Magazine\" \/>\n<meta property=\"article:published_time\" content=\"2023-03-24T07:00:00+00:00\" \/>\n<meta property=\"og:image\" content=\"https:\/\/maismagazine.pt\/wp-content\/uploads\/2023\/03\/CIBV-scaled.jpg\" \/>\n\t<meta property=\"og:image:width\" content=\"2560\" \/>\n\t<meta property=\"og:image:height\" content=\"1703\" \/>\n\t<meta property=\"og:image:type\" content=\"image\/jpeg\" \/>\n<meta name=\"author\" content=\"Tiago Costa\" \/>\n<meta name=\"twitter:card\" content=\"summary_large_image\" \/>\n<meta name=\"twitter:label1\" content=\"Escrito por\" \/>\n\t<meta name=\"twitter:data1\" content=\"\" \/>\n\t<meta name=\"twitter:label2\" content=\"Tempo estimado de leitura\" \/>\n\t<meta name=\"twitter:data2\" content=\"3 minutos\" \/>\n<script type=\"application\/ld+json\" class=\"yoast-schema-graph\">{\"@context\":\"https:\/\/schema.org\",\"@graph\":[{\"@type\":\"Article\",\"@id\":\"https:\/\/maismagazine.pt\/index.php\/2023\/03\/24\/recue-no-tempo-e-viva-de-perto-as-emocoes-do-seculo-xix\/#article\",\"isPartOf\":{\"@id\":\"https:\/\/maismagazine.pt\/index.php\/2023\/03\/24\/recue-no-tempo-e-viva-de-perto-as-emocoes-do-seculo-xix\/\"},\"author\":{\"name\":\"Tiago Costa\",\"@id\":\"https:\/\/maismagazine.pt\/#\/schema\/person\/c6c5bfccc886434cbd11c74e035f9646\"},\"headline\":\"Recue no tempo e viva de perto as emo\u00e7\u00f5es do s\u00e9culo XIX\",\"datePublished\":\"2023-03-24T07:00:00+00:00\",\"mainEntityOfPage\":{\"@id\":\"https:\/\/maismagazine.pt\/index.php\/2023\/03\/24\/recue-no-tempo-e-viva-de-perto-as-emocoes-do-seculo-xix\/\"},\"wordCount\":585,\"publisher\":{\"@id\":\"https:\/\/maismagazine.pt\/#organization\"},\"image\":{\"@id\":\"https:\/\/maismagazine.pt\/index.php\/2023\/03\/24\/recue-no-tempo-e-viva-de-perto-as-emocoes-do-seculo-xix\/#primaryimage\"},\"thumbnailUrl\":\"https:\/\/maismagazine.pt\/wp-content\/uploads\/2023\/03\/CIBV-scaled.jpg\",\"keywords\":[\"Batalha de Vimeiro\",\"Centro de Interpreta\u00e7\u00e3o da Batalha de Vimeiro\",\"Lourinh\u00e3\",\"patrim\u00f3nio militar\"],\"articleSection\":[\"Cultura\",\"Turismo | Vinhos | Gastronomia\"],\"inLanguage\":\"pt-PT\"},{\"@type\":\"WebPage\",\"@id\":\"https:\/\/maismagazine.pt\/index.php\/2023\/03\/24\/recue-no-tempo-e-viva-de-perto-as-emocoes-do-seculo-xix\/\",\"url\":\"https:\/\/maismagazine.pt\/index.php\/2023\/03\/24\/recue-no-tempo-e-viva-de-perto-as-emocoes-do-seculo-xix\/\",\"name\":\"Recue no tempo e viva de perto as emo\u00e7\u00f5es do s\u00e9culo XIX - Mais Magazine\",\"isPartOf\":{\"@id\":\"https:\/\/maismagazine.pt\/#website\"},\"primaryImageOfPage\":{\"@id\":\"https:\/\/maismagazine.pt\/index.php\/2023\/03\/24\/recue-no-tempo-e-viva-de-perto-as-emocoes-do-seculo-xix\/#primaryimage\"},\"image\":{\"@id\":\"https:\/\/maismagazine.pt\/index.php\/2023\/03\/24\/recue-no-tempo-e-viva-de-perto-as-emocoes-do-seculo-xix\/#primaryimage\"},\"thumbnailUrl\":\"https:\/\/maismagazine.pt\/wp-content\/uploads\/2023\/03\/CIBV-scaled.jpg\",\"datePublished\":\"2023-03-24T07:00:00+00:00\",\"description\":\"No preciso local onde se travou a Batalha do Vimeiro, a 21 de agosto de 1808, situa-se atualmente o Centro de Interpreta\u00e7\u00e3o da Batalha do Vimeiro (CIBV). Com portas abertas desde 2008, esta institui\u00e7\u00e3o serve como um importante arquivo hist\u00f3rico e cultural da heran\u00e7a e identidade comuns das na\u00e7\u00f5es envolvidas no confronto que p\u00f4s fim \u00e0 Primeira Invas\u00e3o Francesa de Portugal.\",\"breadcrumb\":{\"@id\":\"https:\/\/maismagazine.pt\/index.php\/2023\/03\/24\/recue-no-tempo-e-viva-de-perto-as-emocoes-do-seculo-xix\/#breadcrumb\"},\"inLanguage\":\"pt-PT\",\"potentialAction\":[{\"@type\":\"ReadAction\",\"target\":[\"https:\/\/maismagazine.pt\/index.php\/2023\/03\/24\/recue-no-tempo-e-viva-de-perto-as-emocoes-do-seculo-xix\/\"]}]},{\"@type\":\"ImageObject\",\"inLanguage\":\"pt-PT\",\"@id\":\"https:\/\/maismagazine.pt\/index.php\/2023\/03\/24\/recue-no-tempo-e-viva-de-perto-as-emocoes-do-seculo-xix\/#primaryimage\",\"url\":\"https:\/\/maismagazine.pt\/wp-content\/uploads\/2023\/03\/CIBV-scaled.jpg\",\"contentUrl\":\"https:\/\/maismagazine.pt\/wp-content\/uploads\/2023\/03\/CIBV-scaled.jpg\",\"width\":2560,\"height\":1703},{\"@type\":\"BreadcrumbList\",\"@id\":\"https:\/\/maismagazine.pt\/index.php\/2023\/03\/24\/recue-no-tempo-e-viva-de-perto-as-emocoes-do-seculo-xix\/#breadcrumb\",\"itemListElement\":[{\"@type\":\"ListItem\",\"position\":1,\"name\":\"Home\",\"item\":\"https:\/\/maismagazine.pt\/\"},{\"@type\":\"ListItem\",\"position\":2,\"name\":\"Recue no tempo e viva de perto as emo\u00e7\u00f5es do s\u00e9culo XIX\"}]},{\"@type\":\"WebSite\",\"@id\":\"https:\/\/maismagazine.pt\/#website\",\"url\":\"https:\/\/maismagazine.pt\/\",\"name\":\"Mais Magazine\",\"description\":\"\",\"publisher\":{\"@id\":\"https:\/\/maismagazine.pt\/#organization\"},\"potentialAction\":[{\"@type\":\"SearchAction\",\"target\":{\"@type\":\"EntryPoint\",\"urlTemplate\":\"https:\/\/maismagazine.pt\/?s={search_term_string}\"},\"query-input\":{\"@type\":\"PropertyValueSpecification\",\"valueRequired\":true,\"valueName\":\"search_term_string\"}}],\"inLanguage\":\"pt-PT\"},{\"@type\":\"Organization\",\"@id\":\"https:\/\/maismagazine.pt\/#organization\",\"name\":\"Mais Magazine\",\"url\":\"https:\/\/maismagazine.pt\/\",\"logo\":{\"@type\":\"ImageObject\",\"inLanguage\":\"pt-PT\",\"@id\":\"https:\/\/maismagazine.pt\/#\/schema\/logo\/image\/\",\"url\":\"https:\/\/maismagazine.pt\/wp-content\/uploads\/2020\/04\/cropped-cropped-mais-magazine-site-logo-2.png\",\"contentUrl\":\"https:\/\/maismagazine.pt\/wp-content\/uploads\/2020\/04\/cropped-cropped-mais-magazine-site-logo-2.png\",\"width\":581,\"height\":90,\"caption\":\"Mais Magazine\"},\"image\":{\"@id\":\"https:\/\/maismagazine.pt\/#\/schema\/logo\/image\/\"}},{\"@type\":\"Person\",\"@id\":\"https:\/\/maismagazine.pt\/#\/schema\/person\/c6c5bfccc886434cbd11c74e035f9646\",\"name\":\"Tiago Costa\",\"image\":{\"@type\":\"ImageObject\",\"inLanguage\":\"pt-PT\",\"@id\":\"https:\/\/maismagazine.pt\/#\/schema\/person\/image\/\",\"url\":\"https:\/\/secure.gravatar.com\/avatar\/c599b2bce16c9870429198cbad5ee022?s=96&d=mm&r=g\",\"contentUrl\":\"https:\/\/secure.gravatar.com\/avatar\/c599b2bce16c9870429198cbad5ee022?s=96&d=mm&r=g\",\"caption\":\"Tiago Costa\"},\"url\":\"https:\/\/maismagazine.pt\/index.php\/author\/tiago\/\"}]}<\/script>\n<!-- \/ Yoast SEO plugin. -->","yoast_head_json":{"title":"Recue no tempo e viva de perto as emo\u00e7\u00f5es do s\u00e9culo XIX - Mais Magazine","description":"No preciso local onde se travou a Batalha do Vimeiro, a 21 de agosto de 1808, situa-se atualmente o Centro de Interpreta\u00e7\u00e3o da Batalha do Vimeiro (CIBV). Com portas abertas desde 2008, esta institui\u00e7\u00e3o serve como um importante arquivo hist\u00f3rico e cultural da heran\u00e7a e identidade comuns das na\u00e7\u00f5es envolvidas no confronto que p\u00f4s fim \u00e0 Primeira Invas\u00e3o Francesa de Portugal.","robots":{"index":"index","follow":"follow","max-snippet":"max-snippet:-1","max-image-preview":"max-image-preview:large","max-video-preview":"max-video-preview:-1"},"canonical":"https:\/\/maismagazine.pt\/index.php\/2023\/03\/24\/recue-no-tempo-e-viva-de-perto-as-emocoes-do-seculo-xix\/","og_locale":"pt_PT","og_type":"article","og_title":"Recue no tempo e viva de perto as emo\u00e7\u00f5es do s\u00e9culo XIX - Mais Magazine","og_description":"No preciso local onde se travou a Batalha do Vimeiro, a 21 de agosto de 1808, situa-se atualmente o Centro de Interpreta\u00e7\u00e3o da Batalha do Vimeiro (CIBV). Com portas abertas desde 2008, esta institui\u00e7\u00e3o serve como um importante arquivo hist\u00f3rico e cultural da heran\u00e7a e identidade comuns das na\u00e7\u00f5es envolvidas no confronto que p\u00f4s fim \u00e0 Primeira Invas\u00e3o Francesa de Portugal.","og_url":"https:\/\/maismagazine.pt\/index.php\/2023\/03\/24\/recue-no-tempo-e-viva-de-perto-as-emocoes-do-seculo-xix\/","og_site_name":"Mais Magazine","article_published_time":"2023-03-24T07:00:00+00:00","og_image":[{"width":2560,"height":1703,"url":"https:\/\/maismagazine.pt\/wp-content\/uploads\/2023\/03\/CIBV-scaled.jpg","type":"image\/jpeg"}],"author":"Tiago Costa","twitter_card":"summary_large_image","twitter_misc":{"Escrito por":false,"Tempo estimado de leitura":"3 minutos"},"schema":{"@context":"https:\/\/schema.org","@graph":[{"@type":"Article","@id":"https:\/\/maismagazine.pt\/index.php\/2023\/03\/24\/recue-no-tempo-e-viva-de-perto-as-emocoes-do-seculo-xix\/#article","isPartOf":{"@id":"https:\/\/maismagazine.pt\/index.php\/2023\/03\/24\/recue-no-tempo-e-viva-de-perto-as-emocoes-do-seculo-xix\/"},"author":{"name":"Tiago Costa","@id":"https:\/\/maismagazine.pt\/#\/schema\/person\/c6c5bfccc886434cbd11c74e035f9646"},"headline":"Recue no tempo e viva de perto as emo\u00e7\u00f5es do s\u00e9culo XIX","datePublished":"2023-03-24T07:00:00+00:00","mainEntityOfPage":{"@id":"https:\/\/maismagazine.pt\/index.php\/2023\/03\/24\/recue-no-tempo-e-viva-de-perto-as-emocoes-do-seculo-xix\/"},"wordCount":585,"publisher":{"@id":"https:\/\/maismagazine.pt\/#organization"},"image":{"@id":"https:\/\/maismagazine.pt\/index.php\/2023\/03\/24\/recue-no-tempo-e-viva-de-perto-as-emocoes-do-seculo-xix\/#primaryimage"},"thumbnailUrl":"https:\/\/maismagazine.pt\/wp-content\/uploads\/2023\/03\/CIBV-scaled.jpg","keywords":["Batalha de Vimeiro","Centro de Interpreta\u00e7\u00e3o da Batalha de Vimeiro","Lourinh\u00e3","patrim\u00f3nio militar"],"articleSection":["Cultura","Turismo | Vinhos | Gastronomia"],"inLanguage":"pt-PT"},{"@type":"WebPage","@id":"https:\/\/maismagazine.pt\/index.php\/2023\/03\/24\/recue-no-tempo-e-viva-de-perto-as-emocoes-do-seculo-xix\/","url":"https:\/\/maismagazine.pt\/index.php\/2023\/03\/24\/recue-no-tempo-e-viva-de-perto-as-emocoes-do-seculo-xix\/","name":"Recue no tempo e viva de perto as emo\u00e7\u00f5es do s\u00e9culo XIX - Mais Magazine","isPartOf":{"@id":"https:\/\/maismagazine.pt\/#website"},"primaryImageOfPage":{"@id":"https:\/\/maismagazine.pt\/index.php\/2023\/03\/24\/recue-no-tempo-e-viva-de-perto-as-emocoes-do-seculo-xix\/#primaryimage"},"image":{"@id":"https:\/\/maismagazine.pt\/index.php\/2023\/03\/24\/recue-no-tempo-e-viva-de-perto-as-emocoes-do-seculo-xix\/#primaryimage"},"thumbnailUrl":"https:\/\/maismagazine.pt\/wp-content\/uploads\/2023\/03\/CIBV-scaled.jpg","datePublished":"2023-03-24T07:00:00+00:00","description":"No preciso local onde se travou a Batalha do Vimeiro, a 21 de agosto de 1808, situa-se atualmente o Centro de Interpreta\u00e7\u00e3o da Batalha do Vimeiro (CIBV). Com portas abertas desde 2008, esta institui\u00e7\u00e3o serve como um importante arquivo hist\u00f3rico e cultural da heran\u00e7a e identidade comuns das na\u00e7\u00f5es envolvidas no confronto que p\u00f4s fim \u00e0 Primeira Invas\u00e3o Francesa de Portugal.","breadcrumb":{"@id":"https:\/\/maismagazine.pt\/index.php\/2023\/03\/24\/recue-no-tempo-e-viva-de-perto-as-emocoes-do-seculo-xix\/#breadcrumb"},"inLanguage":"pt-PT","potentialAction":[{"@type":"ReadAction","target":["https:\/\/maismagazine.pt\/index.php\/2023\/03\/24\/recue-no-tempo-e-viva-de-perto-as-emocoes-do-seculo-xix\/"]}]},{"@type":"ImageObject","inLanguage":"pt-PT","@id":"https:\/\/maismagazine.pt\/index.php\/2023\/03\/24\/recue-no-tempo-e-viva-de-perto-as-emocoes-do-seculo-xix\/#primaryimage","url":"https:\/\/maismagazine.pt\/wp-content\/uploads\/2023\/03\/CIBV-scaled.jpg","contentUrl":"https:\/\/maismagazine.pt\/wp-content\/uploads\/2023\/03\/CIBV-scaled.jpg","width":2560,"height":1703},{"@type":"BreadcrumbList","@id":"https:\/\/maismagazine.pt\/index.php\/2023\/03\/24\/recue-no-tempo-e-viva-de-perto-as-emocoes-do-seculo-xix\/#breadcrumb","itemListElement":[{"@type":"ListItem","position":1,"name":"Home","item":"https:\/\/maismagazine.pt\/"},{"@type":"ListItem","position":2,"name":"Recue no tempo e viva de perto as emo\u00e7\u00f5es do s\u00e9culo XIX"}]},{"@type":"WebSite","@id":"https:\/\/maismagazine.pt\/#website","url":"https:\/\/maismagazine.pt\/","name":"Mais Magazine","description":"","publisher":{"@id":"https:\/\/maismagazine.pt\/#organization"},"potentialAction":[{"@type":"SearchAction","target":{"@type":"EntryPoint","urlTemplate":"https:\/\/maismagazine.pt\/?s={search_term_string}"},"query-input":{"@type":"PropertyValueSpecification","valueRequired":true,"valueName":"search_term_string"}}],"inLanguage":"pt-PT"},{"@type":"Organization","@id":"https:\/\/maismagazine.pt\/#organization","name":"Mais Magazine","url":"https:\/\/maismagazine.pt\/","logo":{"@type":"ImageObject","inLanguage":"pt-PT","@id":"https:\/\/maismagazine.pt\/#\/schema\/logo\/image\/","url":"https:\/\/maismagazine.pt\/wp-content\/uploads\/2020\/04\/cropped-cropped-mais-magazine-site-logo-2.png","contentUrl":"https:\/\/maismagazine.pt\/wp-content\/uploads\/2020\/04\/cropped-cropped-mais-magazine-site-logo-2.png","width":581,"height":90,"caption":"Mais Magazine"},"image":{"@id":"https:\/\/maismagazine.pt\/#\/schema\/logo\/image\/"}},{"@type":"Person","@id":"https:\/\/maismagazine.pt\/#\/schema\/person\/c6c5bfccc886434cbd11c74e035f9646","name":"Tiago Costa","image":{"@type":"ImageObject","inLanguage":"pt-PT","@id":"https:\/\/maismagazine.pt\/#\/schema\/person\/image\/","url":"https:\/\/secure.gravatar.com\/avatar\/c599b2bce16c9870429198cbad5ee022?s=96&d=mm&r=g","contentUrl":"https:\/\/secure.gravatar.com\/avatar\/c599b2bce16c9870429198cbad5ee022?s=96&d=mm&r=g","caption":"Tiago Costa"},"url":"https:\/\/maismagazine.pt\/index.php\/author\/tiago\/"}]}},"author_meta":{"display_name":false,"author_link":"https:\/\/maismagazine.pt\/index.php\/author\/tiago\/"},"featured_img":"https:\/\/maismagazine.pt\/wp-content\/uploads\/2023\/03\/CIBV-300x200.jpg","coauthors":[],"tax_additional":{"categories":{"linked":["<a href=\"https:\/\/maismagazine.pt\/index.php\/category\/cultura\/\" class=\"advgb-post-tax-term\">Cultura<\/a>","<a href=\"https:\/\/maismagazine.pt\/index.php\/category\/turismo-restaurantes\/\" class=\"advgb-post-tax-term\">Turismo | Vinhos | Gastronomia<\/a>"],"unlinked":["<span class=\"advgb-post-tax-term\">Cultura<\/span>","<span class=\"advgb-post-tax-term\">Turismo | Vinhos | Gastronomia<\/span>"]},"tags":{"linked":["<a href=\"https:\/\/maismagazine.pt\/index.php\/category\/turismo-restaurantes\/\" class=\"advgb-post-tax-term\">Batalha de Vimeiro<\/a>","<a href=\"https:\/\/maismagazine.pt\/index.php\/category\/turismo-restaurantes\/\" class=\"advgb-post-tax-term\">Centro de Interpreta\u00e7\u00e3o da Batalha de Vimeiro<\/a>","<a href=\"https:\/\/maismagazine.pt\/index.php\/category\/turismo-restaurantes\/\" class=\"advgb-post-tax-term\">Lourinh\u00e3<\/a>","<a href=\"https:\/\/maismagazine.pt\/index.php\/category\/turismo-restaurantes\/\" class=\"advgb-post-tax-term\">patrim\u00f3nio militar<\/a>"],"unlinked":["<span class=\"advgb-post-tax-term\">Batalha de Vimeiro<\/span>","<span class=\"advgb-post-tax-term\">Centro de Interpreta\u00e7\u00e3o da Batalha de Vimeiro<\/span>","<span class=\"advgb-post-tax-term\">Lourinh\u00e3<\/span>","<span class=\"advgb-post-tax-term\">patrim\u00f3nio militar<\/span>"]}},"comment_count":"0","relative_dates":{"created":"Posted 3 anos ago","modified":"Updated 3 anos ago"},"absolute_dates":{"created":"Posted on 24 de Mar\u00e7o, 2023","modified":"Updated on 15 de Mar\u00e7o, 2023"},"absolute_dates_time":{"created":"Posted on 24 de Mar\u00e7o, 2023 7:00","modified":"Updated on 15 de Mar\u00e7o, 2023 11:38"},"featured_img_caption":"","series_order":"","_links":{"self":[{"href":"https:\/\/maismagazine.pt\/index.php\/wp-json\/wp\/v2\/posts\/5901","targetHints":{"allow":["GET"]}}],"collection":[{"href":"https:\/\/maismagazine.pt\/index.php\/wp-json\/wp\/v2\/posts"}],"about":[{"href":"https:\/\/maismagazine.pt\/index.php\/wp-json\/wp\/v2\/types\/post"}],"author":[{"embeddable":true,"href":"https:\/\/maismagazine.pt\/index.php\/wp-json\/wp\/v2\/users\/17"}],"replies":[{"embeddable":true,"href":"https:\/\/maismagazine.pt\/index.php\/wp-json\/wp\/v2\/comments?post=5901"}],"version-history":[{"count":3,"href":"https:\/\/maismagazine.pt\/index.php\/wp-json\/wp\/v2\/posts\/5901\/revisions"}],"predecessor-version":[{"id":5911,"href":"https:\/\/maismagazine.pt\/index.php\/wp-json\/wp\/v2\/posts\/5901\/revisions\/5911"}],"wp:featuredmedia":[{"embeddable":true,"href":"https:\/\/maismagazine.pt\/index.php\/wp-json\/wp\/v2\/media\/5902"}],"wp:attachment":[{"href":"https:\/\/maismagazine.pt\/index.php\/wp-json\/wp\/v2\/media?parent=5901"}],"wp:term":[{"taxonomy":"category","embeddable":true,"href":"https:\/\/maismagazine.pt\/index.php\/wp-json\/wp\/v2\/categories?post=5901"},{"taxonomy":"post_tag","embeddable":true,"href":"https:\/\/maismagazine.pt\/index.php\/wp-json\/wp\/v2\/tags?post=5901"}],"curies":[{"name":"wp","href":"https:\/\/api.w.org\/{rel}","templated":true}]}}