{"id":5800,"date":"2023-02-24T07:00:00","date_gmt":"2023-02-24T07:00:00","guid":{"rendered":"http:\/\/maismagazine.pt\/?p=5800"},"modified":"2023-02-16T14:16:45","modified_gmt":"2023-02-16T14:16:45","slug":"uie-uma-universidade-100-especializada-na-area-empresarial-da-galiza-para-o-mundo","status":"publish","type":"post","link":"https:\/\/maismagazine.pt\/index.php\/2023\/02\/24\/uie-uma-universidade-100-especializada-na-area-empresarial-da-galiza-para-o-mundo\/","title":{"rendered":"UIE: Uma Universidade 100% especializada na \u00e1rea empresarial da Galiza para o mundo"},"content":{"rendered":"\n<p><strong>As origens da <a href=\"https:\/\/uie.edu\/\">Universidad Intercontinental de La Empresa (UIE)<\/a> remontam a 1987. Ao longo de mais de tr\u00eas d\u00e9cadas a institui\u00e7\u00e3o cresceu, evoluiu e alcan\u00e7ou uma posi\u00e7\u00e3o de destaque no panorama mundial, sendo hoje a universidade com a forma\u00e7\u00e3o executiva mais internacionalizada do mercado galego. Bego\u00f1a Jamardo Su\u00e1rez, Head of International Relations da UIE, deu a conhecer \u00e0 Mais Magazine esta institui\u00e7\u00e3o de ensino superior que, gra\u00e7as a um programa inovador e atento \u00e0s necessidades do setor empresarial e tecnol\u00f3gico, \u00e9 respons\u00e1vel por formar os profissionais do futuro.<\/strong><br><br><strong>Fundada h\u00e1 tr\u00eas d\u00e9cadas, na Galiza, a Universidad Intercontinental de La Empresa \u00e9 hoje uma escola refer\u00eancia mundial nas \u00e1reas de neg\u00f3cio, empreendedorismo e tecnologia. Comecemos a nossa conversa por conhecer um pouco melhor o \u201cuniverso\u201d da UIE e quais s\u00e3o os valores que a t\u00eam guiado ao longo dos anos?<\/strong><br>A origem da UIE remonta a 1987, ano em que nasceu a sua escola de neg\u00f3cios, a primeira na Galiza e l\u00edder da regi\u00e3o h\u00e1 tr\u00eas d\u00e9cadas. H\u00e1 30 anos que formamos mais de 60 mil gestores de todos os setores estrat\u00e9gicos do Noroeste de Espanha, como a pesca, os t\u00eaxteis ou o autom\u00f3vel, o que reflete um dos nossos principais valores: saber ouvir e responder \u00e0s necessidades do nosso ambiente. Outro valor que nos tem guiado at\u00e9 hoje \u00e9 saber antecipar essas necessidades, ou seja, inovar constantemente. Introduzimos o primeiro MBA na Galiza e hoje oferecemos a forma\u00e7\u00e3o executiva mais internacionalizada no mercado galego. Mas se h\u00e1 algo que nos distingue, e assim dizem os nossos antigos alunos, \u00e9 a nossa sincera voca\u00e7\u00e3o aos nossos alunos, eles sempre foram e s\u00e3o a nossa raz\u00e3o de ser. A responsabilidade social \u00e9 tamb\u00e9m uma parte fundamental do curr\u00edculo de forma\u00e7\u00e3o da UIE. Todos os programas de licenciatura e p\u00f3s-gradua\u00e7\u00e3o incluem uma disciplina obrigat\u00f3ria de economia circular e desenvolvimento sustent\u00e1vel. Todos os graus incorporam um m\u00f3dulo transversal com temas que promovem o desenvolvimento de cidad\u00e3os sens\u00edveis, com compromisso social e com respeito pela natureza. Definimo-nos como \u201cuma universidade com prop\u00f3sito\u201d porque formamos n\u00e3o s\u00f3 profissionais competentes, mas tamb\u00e9m cidad\u00e3os empenhados na cultura de participa\u00e7\u00e3o e no compromisso social e ambiental. Acreditamos que faz parte do nosso ADN ser pioneiros na educa\u00e7\u00e3o empresarial. Fomos a primeira escola de neg\u00f3cios e este ano conseguimos outro novo marco: ser a primeira e \u00fanica universidade privada da Galiza. Este novo marco \u00e9 o resultado dos nossos valores: inovar, dar resposta \u00e0s necessidades das empresas, formando profissionais antes do seu tempo. Somos uma universidade 100% especializada na \u00e1rea do neg\u00f3cio. No mundo, apenas 2% das universidades s\u00e3o especializadas. Em Espanha somos os primeiros.<br><br><\/p>\n\n\n\n<p><strong>A UIE como um \u201couvinte ativo\u201d e atento \u00e0s necessidades do setor empresarial e tecnol\u00f3gico, apresenta um leque de forma\u00e7\u00f5es permanentemente atualizado, procurando responder a essas necessidades, sendo algumas inovadoras e \u00fanicas a n\u00edvel mundial. Atualmente, qual \u00e9 a forma\u00e7\u00e3o oferecida pela institui\u00e7\u00e3o e de que forma vem colmatar necessidades reais e futuras do mercado de trabalho?<\/strong><br>Enquanto universidade temos de dotar os nossos licenciados de compet\u00eancias e capacidades que lhes permitam ser bem sucedidos, num ambiente em que a \u00fanica certeza \u00e9 a incerteza. A UIE oferece licenciaturas e mestra[1]dos apenas em Gest\u00e3o de Neg\u00f3cios e Engenharia, nos seus dois campus, na Corunha e em Vigo, embora a sua sede seja em Santiago de Compostela. Neste momento, oferecemos quatro licenciaturas universit\u00e1rias &#8211; Administra\u00e7\u00e3o e Gest\u00e3o de Empresas, Gest\u00e3o de Neg\u00f3cios Digitais, Engenharia Empresarial e Engenharia de Sistemas Inteligentes &#8211; e dois mestrados &#8211; o Exponential MBA e um Mestrado em Tecnologia e Intelig\u00eancia de Dados Empresariais, que incorpora uma estadia sobre inova\u00e7\u00e3o com o nosso parceiro, a NOVA School of Business &amp; Economics, em Lisboa. A nossa rela\u00e7\u00e3o com Portugal \u00e9 estrat\u00e9gica dada a forte inter-rela\u00e7\u00e3o comercial, hist\u00f3rica e social que temos. Este portef\u00f3lio de forma\u00e7\u00e3o \u00e9 complementado por um vasto leque de forma\u00e7\u00e3o executiva e educa\u00e7\u00e3o cont\u00ednua em que o nosso MBA Executivo se destaca com tr\u00eas especializa\u00e7\u00f5es e tr\u00eas estadias internacionais na Europa, com a Porto Business School e a London School of Economics, e na \u00c1sia, em Israel e na China.<\/p>\n\n\n\n<p>Todos os nossos diplomas tentam responder \u00e0s tend\u00eancias que as mudan\u00e7as sociais, tecnol\u00f3gicas e econ\u00f3micas apontam. Por exemplo, a Licenciatura em Engenharia Empresarial (GIE) \u00e9 um importante apoio da UIE ao setor universit\u00e1rio da Galiza e de Espanha. Foi a primeira engenharia empresarial aprovada no nosso pa\u00eds e antecipa a necessidade de profissionais interdisciplinares, com compet\u00eancias em ci\u00eancia, tecnologia, engenharia e matem\u00e1tica, conhecidos como profissionais dos STEM (Ci\u00eancia, Tecnologia, Engenharia e Matem\u00e1tica), que s\u00e3o necess\u00e1rios para fazer avan\u00e7ar os planos de desenvolvimento propostos para a Europa, Espanha e Galiza. A forma\u00e7\u00e3o t\u00e9cnica da GIE \u00e9 complementada por compet\u00eancias conhecidas como \u201csoft skills\u201d, como o empreendedorismo, a sensibilidade social e a consciencializa\u00e7\u00e3o ambiental. As compet\u00eancias indicadas est\u00e3o integradas numa forte componente de gest\u00e3o em todas as \u00e1reas funcionais das organiza\u00e7\u00f5es e na dire\u00e7\u00e3o de uma economia circular que s\u00e3o os elementos-chave para a realiza\u00e7\u00e3o dos objetivos propostos.<br><br><\/p>\n\n\n\n<div class=\"wp-block-image\"><figure class=\"aligncenter size-large\"><img loading=\"lazy\" decoding=\"async\" width=\"1024\" height=\"683\" src=\"http:\/\/maismagazine.pt\/wp-content\/uploads\/2023\/02\/MG_2205-1024x683.jpg\" alt=\"\" class=\"wp-image-5833\" srcset=\"https:\/\/maismagazine.pt\/wp-content\/uploads\/2023\/02\/MG_2205-1024x683.jpg 1024w, https:\/\/maismagazine.pt\/wp-content\/uploads\/2023\/02\/MG_2205-300x200.jpg 300w, https:\/\/maismagazine.pt\/wp-content\/uploads\/2023\/02\/MG_2205-768x512.jpg 768w, https:\/\/maismagazine.pt\/wp-content\/uploads\/2023\/02\/MG_2205-150x100.jpg 150w, https:\/\/maismagazine.pt\/wp-content\/uploads\/2023\/02\/MG_2205.jpg 1335w\" sizes=\"auto, (max-width: 1024px) 100vw, 1024px\" \/><\/figure><\/div>\n\n\n\n<p><br><\/p>\n\n\n\n<p><strong>Na UIE, o mais importante \u00e9 o aluno e o seu futuro. Por isso, aposta numa metodologia e oferta formativa \u00fanicas focadas na&nbsp;inova\u00e7\u00e3o,&nbsp;neg\u00f3cio&nbsp;e&nbsp;tecnologia.&nbsp; Tem sido esta uma das facetas mais marcantes da institui\u00e7\u00e3o?<\/strong><br>A UIE desenhou um modelo disruptivo de ensino-aprendizagem em Espanha, onde o aluno est\u00e1 no centro. Trata-se de um verdadeiro modelo de avalia\u00e7\u00e3o cont\u00ednua, com sistemas de autoavalia\u00e7\u00e3o, onde o importante \u00e9 o esfor\u00e7o di\u00e1rio e a aprendizagem real. Somos a primeira universidade de Espanha em que os exames finais foram eliminados. O ano letivo realiza-se em dois semestres ordin\u00e1rios e um extraordin\u00e1rio intensivo nos meses de ver\u00e3o, de car\u00e1ter opcional. O semestre intensivo de ver\u00e3o, por um lado, recompensa a excel\u00eancia, permitindo que os excelentes estudantes avancem ao seu ritmo e, por outro, oferece uma oportunidade aos estudantes que, devido \u00e0s circunst\u00e2ncias, necessitam recuperar disciplinas perdidas, o que constitui um modelo universit\u00e1rio humanizado. Tamb\u00e9m acompanhamos o aluno com o nosso programa de tutorias acad\u00e9micas e mentoria, em que cada aluno tem um mentor de apoio e orienta\u00e7\u00e3o, desde o momento da sua entrada na UIE at\u00e9 \u00e0 conclus\u00e3o dos seus estudos.<br><\/p>\n\n\n\n<p><strong>A UIE diferencia-se ainda por um modelo de ensino-aprendizagem focado no aluno, capaz de o preparar para se tornar um profissional<\/strong> <strong>capaz de enfrentar com sucesso os desafios de uma realidade em constante mudan\u00e7a. De que forma a UIE tem procurado manter-se na vanguarda educativa e assim criar um ecossistema de aprendizagem \u00fanico e inovador?<\/strong><br>O nosso compromisso com os alunos reflete-se formalmente nos \u201cContratos de Aprendizagem\u201d, obrigat\u00f3rios, de natureza geral e particular para cada disciplina, onde os compromissos s\u00e3o assumidos pela institui\u00e7\u00e3o, professores e alunos. O contrato para cada disciplina envolve o professor, o aluno inscrito e a autoridade apropriada, designada pela institui\u00e7\u00e3o. Neste contrato s\u00e3o estabelecidas todas as atividades que ambas as partes devem desenvolver e completar de modo a atingir as compet\u00eancias previstas. Valorizamos a opini\u00e3o do aluno e a sua participa\u00e7\u00e3o em inqu\u00e9ritos de qualidade d\u00e1-lhes a oportunidade de ser parte ativa na melhoria da sua forma\u00e7\u00e3o. Somos a primeira universidade a introduzir uma \u201cCaixa de Correio do Reitor\u201d para que todos os alunos possam transmitir diretamente as suas opini\u00f5es sobre a sua experi\u00eancia de aprendizagem.<\/p>\n\n\n\n<p>Somos uma universidade com uma clara voca\u00e7\u00e3o para a inova\u00e7\u00e3o tecnol\u00f3gica. A forma\u00e7\u00e3o \u00e9 desenvolvida na modalidade presencial e virtual sincronizada, com um campus virtual vanguardista, que proporciona flexibilidade e personaliza\u00e7\u00e3o num modelo omnipresente de aprendizagem (U-Learning). O processo de ensino-aprendizagem combina os pontos fortes do modelo presencial com o uso de tecnologias, para que alunos e professores possam estabelecer uma liga\u00e7\u00e3o com o ambiente de aprendizagem e aceder a todos os recursos humanos e materiais, a qualquer momento, em qualquer lugar e a partir de qualquer dispositivo. Para estar na vanguarda da inova\u00e7\u00e3o tecnol\u00f3gica, temos um Conselho Consultivo Internacional composto pela Google, Amazon e Microsoft.<br><br><\/p>\n\n\n\n<div class=\"wp-block-image\"><figure class=\"aligncenter size-large\"><img loading=\"lazy\" decoding=\"async\" width=\"1024\" height=\"683\" src=\"http:\/\/maismagazine.pt\/wp-content\/uploads\/2023\/02\/MG_2821-1024x683.jpg\" alt=\"\" class=\"wp-image-5834\" srcset=\"https:\/\/maismagazine.pt\/wp-content\/uploads\/2023\/02\/MG_2821-1024x683.jpg 1024w, https:\/\/maismagazine.pt\/wp-content\/uploads\/2023\/02\/MG_2821-300x200.jpg 300w, https:\/\/maismagazine.pt\/wp-content\/uploads\/2023\/02\/MG_2821-768x512.jpg 768w, https:\/\/maismagazine.pt\/wp-content\/uploads\/2023\/02\/MG_2821-150x100.jpg 150w, https:\/\/maismagazine.pt\/wp-content\/uploads\/2023\/02\/MG_2821.jpg 1342w\" sizes=\"auto, (max-width: 1024px) 100vw, 1024px\" \/><\/figure><\/div>\n\n\n\n<p><br><\/p>\n\n\n\n<p><strong>A internacionaliza\u00e7\u00e3o&nbsp; e&nbsp; a interculturalidade s\u00e3o tamb\u00e9m princ\u00edpios fundadores da UIE, promovidos atrav\u00e9s da sua oferta formativa e dos diversos acordos internacionais. Qual a import\u00e2ncia que estas parcerias representam para a institui\u00e7\u00e3o e de que forma proporcionam \u00e0 comunidade escolar uma importante forma\u00e7\u00e3o c\u00edvica e humana, complementar \u00e0 tradicional forma\u00e7\u00e3o t\u00e9cnica e acad\u00e9mica?<\/strong><br>Como o nosso nome indica, a UIE nasceu com a voca\u00e7\u00e3o de construir pontes \u201cintercontinentais\u201d da Galiza para o mundo, formando l\u00edderes com compet\u00eancias interculturais e capazes de partilhar conhecimentos e experi\u00eancias, a partir de um prisma de respeito pelo que \u00e9 diferente.<\/p>\n\n\n\n<p>A internacionaliza\u00e7\u00e3o tem sido essencial no nosso posicionamento nacional e internacional. Oferecemos a nossa primeira licenciatura em 1994 como um centro ligado \u00e0 Universidade de Gales (Cardiff Business School) e, desde 2009, temos participado em programas de mobilidade Erasmus. Temos o nosso pr\u00f3prio modelo de forma\u00e7\u00e3o em ingl\u00eas, em alian\u00e7a exclusiva com o British Council, que oferecemos a todos os nossos alunos e somos um centro de exames do IELTS. Temos parceiros internacionais de prest\u00edgio na Europa, Am\u00e9rica e \u00c1sia. Para citar alguns, a Universidade de Georgetown (EUA), a California Riverside (EUA), a Universidade Estatal de Nova Iorque em Albany (EUA), a London School of Economics (Reino Unido), a Universidade de Cambridge (Reino Unido), a Flensburg University of Applied Sciences (Alemanha), a Haute \u00c9cole de Gestion (Su\u00ed\u00e7a), a Universidade de Tel-Aviv (Israel) ou a Universidade de Neg\u00f3cios Internacionais &amp; Economia (China). Oferecemos um duplo diploma internacional em Administra\u00e7\u00e3o de Empresas com a Dublin Business School (Irlanda) e ofereceremos uma nova licenciatura em engenharia com outro pa\u00eds europeu. Toda a nossa carteira executiva tamb\u00e9m inclui estadias acad\u00e9micas internacionais.<\/p>\n\n\n\n<p><\/p>\n\n\n\n<p><\/p>\n\n\n\n<p><strong>A integra\u00e7\u00e3o em equipas multiculturais, tanto presenciais como em ambientes virtuais, \u00e9 uma compet\u00eancia cada vez mais necess\u00e1ria no mundo profissional. Nesse sentido, a UIE desenvolveu a UIE International Journey. Fale-nos um pouco mais sobre esta \u201cjornada internacional\u201d e quais as principais vantagens que pode trazer aos alunos?<\/strong><br>Nas nossas licenciaturas, a internacionaliza\u00e7\u00e3o \u00e9 um percurso progressivo em que o aluno pode escolher diferentes itiner\u00e1rios para desenvolver as suas compet\u00eancias interculturais. Em primeiro lugar, para al\u00e9m de ingl\u00eas e forma\u00e7\u00e3o intercultural, podem participar numa escola de ver\u00e3o, com a dura\u00e7\u00e3o de um m\u00eas, na Universidade de Cambridge (Girton Col[1]lege). Em segundo lugar, come\u00e7a o itiner\u00e1rio BIP (Blended Intensive Programs) de mobiliza\u00e7\u00f5es virtuais entre tr\u00eas pa\u00edses e que incorpora uma estadia curta, de at\u00e9 dez dias, em qualquer um deles. Ainda antes da COVID-19, a UIE foi pioneira no lan\u00e7amento do primeiro projeto virtual entre a China e a Galiza aplicado ao setor da moda sustent\u00e1vel. Um projeto inovador que permitiu que 40 alunos pudessem trabalhar em equipas multiculturais e ser avaliados por empreendedores do setor, aprendendo a ultrapassar barreiras culturais, trabalhar em diferentes faixas hor\u00e1rias, complementar conhecimento, ser eficientes em ambientes virtuais&#8230; Foi uma experi\u00eancia intensa e emocionante, com um excelente resultado. Por outro lado, no caso de n\u00e3o poderem ou quererem viajar, no segundo ano podem participar na nossa escola internacional de ver\u00e3o com alunos de outros pa\u00edses.<\/p>\n\n\n\n<p>Em terceiro lugar, podem tamb\u00e9m optar pela mobilidade Erasmus. No final dos estudos os alunos podem fazer est\u00e1gios noutro pa\u00eds, optar por uma dupla licenciatura internacional, uma p\u00f3s-gradua\u00e7\u00e3o especializada nos EUA, ou est\u00e1gios em Washington, em empresas da Fortune 500, gra\u00e7as a uma parceria que temos com a The Advanced Leadership Foundation, presidido por Juan Verde, ex-assessor de Barack Obama e vencedor da Medalha de Honra da UIE.<br><br><\/p>\n\n\n\n<div class=\"wp-block-image\"><figure class=\"aligncenter size-large\"><img loading=\"lazy\" decoding=\"async\" width=\"1024\" height=\"692\" src=\"http:\/\/maismagazine.pt\/wp-content\/uploads\/2023\/02\/MG_2897-1-1024x692.jpg\" alt=\"\" class=\"wp-image-5836\" srcset=\"https:\/\/maismagazine.pt\/wp-content\/uploads\/2023\/02\/MG_2897-1-1024x692.jpg 1024w, https:\/\/maismagazine.pt\/wp-content\/uploads\/2023\/02\/MG_2897-1-300x203.jpg 300w, https:\/\/maismagazine.pt\/wp-content\/uploads\/2023\/02\/MG_2897-1-768x519.jpg 768w, https:\/\/maismagazine.pt\/wp-content\/uploads\/2023\/02\/MG_2897-1-150x100.jpg 150w, https:\/\/maismagazine.pt\/wp-content\/uploads\/2023\/02\/MG_2897-1.jpg 1358w\" sizes=\"auto, (max-width: 1024px) 100vw, 1024px\" \/><\/figure><\/div>\n\n\n\n<p><br><\/p>\n\n\n\n<p><strong>Assumindo como prioridade a empregabilidade dos seus alunos, a UIE n\u00e3o concebe forma\u00e7\u00f5es que n\u00e3o incluam pr\u00e1ticas laborais ou que n\u00e3o o preparem para iniciar a sua carreira profissional. Gra\u00e7as a uma estreita rela\u00e7\u00e3o com executivos e empresas de diversos setores, a institui\u00e7\u00e3o de ensino consegue oferecer um programa de est\u00e1gio em empresas de relev\u00e2ncia nacional e internacional, p\u00fablicas e privadas. Atualmente, quais as principais parcerias estabelecidas e de que forma se afiguram uma importante ferramenta na prepara\u00e7\u00e3o dos alunos para o ingresso no mercado de trabalho?<\/strong><br>A UIE mant\u00e9m uma estreita e constante rela\u00e7\u00e3o com mais de 600 entidades empresariais e institucionais do Noroeste da pen\u00ednsula e de outras regi\u00f5es de Espanha, fruto de uma colabora\u00e7\u00e3o permanente com a comunidade empresarial desde a nossa cria\u00e7\u00e3o, em 1987. Oferecer aos nossos alunos a oportunidade de colocar em pr\u00e1tica o que aprenderam, ao mesmo tempo que prosseguem a sua forma\u00e7\u00e3o nas empresas, \u00e9 uma das nossas prioridades. O nosso objetivo \u00e9 que os estudantes possam ser incorporados, tanto em pr\u00e1ticas curriculares, como extracurriculares num vasto leque de organiza\u00e7\u00f5es que v\u00e3o desde multinacionais do setor t\u00eaxtil e do setor autom\u00f3vel, at\u00e9 \u00e0 \u00e1rea das TIC, auditoria internacional e consultoria, pesca e alimenta\u00e7\u00e3o.<br><\/p>\n\n\n\n<p>Na UIE n\u00e3o servimos apenas como ponte para que as empresas possam contactar e aceder aos nossos alunos, tamb\u00e9m nos preocupamos com a sua excel\u00eancia. Para isso, os alunos recebem forma\u00e7\u00e3o espec\u00edfica &#8211; Forma\u00e7\u00e3o Profissional \u2013 de forma a valorizar as suas compet\u00eancias no momento dos processos de sele\u00e7\u00e3o. Al\u00e9m disso, para melhorar a empregabilidade, presente e futura, dos nossos alunos, estabelecemos o programa complementar Pr\u00e1cticum. Um conjunto de atividades extracurriculares, durante os quatro cursos de cada grau (mais de 200 horas de atividades), que incluem workshops e cursos de compet\u00eancias profissionais e pessoais, bem como confer\u00eancias, palestras, visitas e exposi\u00e7\u00f5es de empresas e profissionais, al\u00e9m de poderem participar em projetos conjuntos no \u00e2mbito dos seus estudos.<\/p>\n\n\n\n<p>A partir da \u00e1rea de Desenvolvimento Profissional estabelecemos como objetivo que todos os estudantes da UIE maximizem a sua capacidade de alcan\u00e7ar e manter satisfatoriamente os seus empregos ou atividade profissional ao longo da sua vida profissional, para que tenham um servi\u00e7o permanente e sine die nesta \u00e1rea.<br><br><br><\/p>\n\n\n\n<div class=\"wp-block-image\"><figure class=\"aligncenter size-full\"><img loading=\"lazy\" decoding=\"async\" width=\"598\" height=\"84\" src=\"http:\/\/maismagazine.pt\/wp-content\/uploads\/2023\/02\/transferir.png\" alt=\"\" class=\"wp-image-5817\" srcset=\"https:\/\/maismagazine.pt\/wp-content\/uploads\/2023\/02\/transferir.png 598w, https:\/\/maismagazine.pt\/wp-content\/uploads\/2023\/02\/transferir-300x42.png 300w\" sizes=\"auto, (max-width: 598px) 100vw, 598px\" \/><\/figure><\/div>\n","protected":false},"excerpt":{"rendered":"<p>As origens da Universidad Intercontinental de La Empresa (UIE) remontam a 1987. Ao longo de mais de tr\u00eas d\u00e9cadas a institui\u00e7\u00e3o cresceu, evoluiu e alcan\u00e7ou uma posi\u00e7\u00e3o de destaque no panorama mundial, sendo hoje a universidade com a forma\u00e7\u00e3o executiva mais internacionalizada do mercado galego. Bego\u00f1a Jamardo Su\u00e1rez, Head of&hellip;<\/p>\n","protected":false},"author":7,"featured_media":5837,"comment_status":"closed","ping_status":"open","sticky":false,"template":"","format":"standard","meta":{"advgb_blocks_editor_width":"","advgb_blocks_columns_visual_guide":"","_monsterinsights_skip_tracking":false,"_monsterinsights_sitenote_active":false,"_monsterinsights_sitenote_note":"","_monsterinsights_sitenote_category":0,"footnotes":""},"categories":[1,50,149,161,79],"tags":[525,521,616,1336,1335,1334],"class_list":["post-5800","post","type-post","status-publish","format-standard","has-post-thumbnail","hentry","category-atualidade","category-destaques","category-educacao","category-mundo-empresarial","category-tecnologia-e-inovacao","tag-educacao","tag-ensino","tag-ensino-superior","tag-espanha","tag-galiza","tag-universidad-intercontinental-de-la-empresa"],"yoast_head":"<!-- This site is optimized with the Yoast SEO plugin v24.4 - https:\/\/yoast.com\/wordpress\/plugins\/seo\/ -->\n<title>UIE: Uma Universidade 100% especializada na \u00e1rea empresarial da Galiza para o mundo - Mais Magazine<\/title>\n<meta name=\"description\" content=\"As origens da Universidad Intercontinental de La Empresa (UIE) remontam a 1987. Ao longo de mais de tr\u00eas d\u00e9cadas a institui\u00e7\u00e3o cresceu, evoluiu e alcan\u00e7ou uma posi\u00e7\u00e3o de destaque no panorama mundial, sendo hoje a universidade com a forma\u00e7\u00e3o executiva mais internacionalizada do mercado galego. Bego\u00f1a Jamardo Su\u00e1rez, Head of International Relations da UIE, deu a conhecer \u00e0 Mais Magazine esta institui\u00e7\u00e3o de ensino superior que, gra\u00e7as a um programa inovador e atento \u00e0s necessidades do setor empresarial e tecnol\u00f3gico, \u00e9 respons\u00e1vel por formar os profissionais do futuro.\" \/>\n<meta name=\"robots\" content=\"index, follow, max-snippet:-1, max-image-preview:large, max-video-preview:-1\" \/>\n<link rel=\"canonical\" href=\"https:\/\/maismagazine.pt\/index.php\/2023\/02\/24\/uie-uma-universidade-100-especializada-na-area-empresarial-da-galiza-para-o-mundo\/\" \/>\n<meta property=\"og:locale\" content=\"pt_PT\" \/>\n<meta property=\"og:type\" content=\"article\" \/>\n<meta property=\"og:title\" content=\"UIE: Uma Universidade 100% especializada na \u00e1rea empresarial da Galiza para o mundo - Mais Magazine\" \/>\n<meta property=\"og:description\" content=\"As origens da Universidad Intercontinental de La Empresa (UIE) remontam a 1987. Ao longo de mais de tr\u00eas d\u00e9cadas a institui\u00e7\u00e3o cresceu, evoluiu e alcan\u00e7ou uma posi\u00e7\u00e3o de destaque no panorama mundial, sendo hoje a universidade com a forma\u00e7\u00e3o executiva mais internacionalizada do mercado galego. Bego\u00f1a Jamardo Su\u00e1rez, Head of International Relations da UIE, deu a conhecer \u00e0 Mais Magazine esta institui\u00e7\u00e3o de ensino superior que, gra\u00e7as a um programa inovador e atento \u00e0s necessidades do setor empresarial e tecnol\u00f3gico, \u00e9 respons\u00e1vel por formar os profissionais do futuro.\" \/>\n<meta property=\"og:url\" content=\"https:\/\/maismagazine.pt\/index.php\/2023\/02\/24\/uie-uma-universidade-100-especializada-na-area-empresarial-da-galiza-para-o-mundo\/\" \/>\n<meta property=\"og:site_name\" content=\"Mais Magazine\" \/>\n<meta property=\"article:published_time\" content=\"2023-02-24T07:00:00+00:00\" \/>\n<meta property=\"og:image\" content=\"https:\/\/maismagazine.pt\/wp-content\/uploads\/2023\/02\/MG_2256.jpg\" \/>\n\t<meta property=\"og:image:width\" content=\"1329\" \/>\n\t<meta property=\"og:image:height\" content=\"886\" \/>\n\t<meta property=\"og:image:type\" content=\"image\/jpeg\" \/>\n<meta name=\"author\" content=\"Jo\u00e3o Malainho\" \/>\n<meta name=\"twitter:card\" content=\"summary_large_image\" \/>\n<meta name=\"twitter:label1\" content=\"Escrito por\" \/>\n\t<meta name=\"twitter:data1\" content=\"\" \/>\n\t<meta name=\"twitter:label2\" content=\"Tempo estimado de leitura\" \/>\n\t<meta name=\"twitter:data2\" content=\"11 minutos\" \/>\n<script type=\"application\/ld+json\" class=\"yoast-schema-graph\">{\"@context\":\"https:\/\/schema.org\",\"@graph\":[{\"@type\":\"Article\",\"@id\":\"https:\/\/maismagazine.pt\/index.php\/2023\/02\/24\/uie-uma-universidade-100-especializada-na-area-empresarial-da-galiza-para-o-mundo\/#article\",\"isPartOf\":{\"@id\":\"https:\/\/maismagazine.pt\/index.php\/2023\/02\/24\/uie-uma-universidade-100-especializada-na-area-empresarial-da-galiza-para-o-mundo\/\"},\"author\":{\"name\":\"Jo\u00e3o Malainho\",\"@id\":\"https:\/\/maismagazine.pt\/#\/schema\/person\/999bd426f894ff56d397ec12ebd21ebb\"},\"headline\":\"UIE: Uma Universidade 100% especializada na \u00e1rea empresarial da Galiza para o mundo\",\"datePublished\":\"2023-02-24T07:00:00+00:00\",\"mainEntityOfPage\":{\"@id\":\"https:\/\/maismagazine.pt\/index.php\/2023\/02\/24\/uie-uma-universidade-100-especializada-na-area-empresarial-da-galiza-para-o-mundo\/\"},\"wordCount\":2462,\"publisher\":{\"@id\":\"https:\/\/maismagazine.pt\/#organization\"},\"image\":{\"@id\":\"https:\/\/maismagazine.pt\/index.php\/2023\/02\/24\/uie-uma-universidade-100-especializada-na-area-empresarial-da-galiza-para-o-mundo\/#primaryimage\"},\"thumbnailUrl\":\"https:\/\/maismagazine.pt\/wp-content\/uploads\/2023\/02\/MG_2256.jpg\",\"keywords\":[\"Educa\u00e7\u00e3o\",\"Ensino\",\"ensino superior\",\"Espanha\",\"Galiza\",\"Universidad Intercontinental de La Empresa\"],\"articleSection\":[\"Atualidade\",\"Destaques\",\"Educa\u00e7\u00e3o\",\"Mundo Empresarial\",\"Tecnologia e Inova\u00e7\u00e3o\"],\"inLanguage\":\"pt-PT\"},{\"@type\":\"WebPage\",\"@id\":\"https:\/\/maismagazine.pt\/index.php\/2023\/02\/24\/uie-uma-universidade-100-especializada-na-area-empresarial-da-galiza-para-o-mundo\/\",\"url\":\"https:\/\/maismagazine.pt\/index.php\/2023\/02\/24\/uie-uma-universidade-100-especializada-na-area-empresarial-da-galiza-para-o-mundo\/\",\"name\":\"UIE: Uma Universidade 100% especializada na \u00e1rea empresarial da Galiza para o mundo - Mais Magazine\",\"isPartOf\":{\"@id\":\"https:\/\/maismagazine.pt\/#website\"},\"primaryImageOfPage\":{\"@id\":\"https:\/\/maismagazine.pt\/index.php\/2023\/02\/24\/uie-uma-universidade-100-especializada-na-area-empresarial-da-galiza-para-o-mundo\/#primaryimage\"},\"image\":{\"@id\":\"https:\/\/maismagazine.pt\/index.php\/2023\/02\/24\/uie-uma-universidade-100-especializada-na-area-empresarial-da-galiza-para-o-mundo\/#primaryimage\"},\"thumbnailUrl\":\"https:\/\/maismagazine.pt\/wp-content\/uploads\/2023\/02\/MG_2256.jpg\",\"datePublished\":\"2023-02-24T07:00:00+00:00\",\"description\":\"As origens da Universidad Intercontinental de La Empresa (UIE) remontam a 1987. Ao longo de mais de tr\u00eas d\u00e9cadas a institui\u00e7\u00e3o cresceu, evoluiu e alcan\u00e7ou uma posi\u00e7\u00e3o de destaque no panorama mundial, sendo hoje a universidade com a forma\u00e7\u00e3o executiva mais internacionalizada do mercado galego. Bego\u00f1a Jamardo Su\u00e1rez, Head of International Relations da UIE, deu a conhecer \u00e0 Mais Magazine esta institui\u00e7\u00e3o de ensino superior que, gra\u00e7as a um programa inovador e atento \u00e0s necessidades do setor empresarial e tecnol\u00f3gico, \u00e9 respons\u00e1vel por formar os profissionais do futuro.\",\"breadcrumb\":{\"@id\":\"https:\/\/maismagazine.pt\/index.php\/2023\/02\/24\/uie-uma-universidade-100-especializada-na-area-empresarial-da-galiza-para-o-mundo\/#breadcrumb\"},\"inLanguage\":\"pt-PT\",\"potentialAction\":[{\"@type\":\"ReadAction\",\"target\":[\"https:\/\/maismagazine.pt\/index.php\/2023\/02\/24\/uie-uma-universidade-100-especializada-na-area-empresarial-da-galiza-para-o-mundo\/\"]}]},{\"@type\":\"ImageObject\",\"inLanguage\":\"pt-PT\",\"@id\":\"https:\/\/maismagazine.pt\/index.php\/2023\/02\/24\/uie-uma-universidade-100-especializada-na-area-empresarial-da-galiza-para-o-mundo\/#primaryimage\",\"url\":\"https:\/\/maismagazine.pt\/wp-content\/uploads\/2023\/02\/MG_2256.jpg\",\"contentUrl\":\"https:\/\/maismagazine.pt\/wp-content\/uploads\/2023\/02\/MG_2256.jpg\",\"width\":1329,\"height\":886},{\"@type\":\"BreadcrumbList\",\"@id\":\"https:\/\/maismagazine.pt\/index.php\/2023\/02\/24\/uie-uma-universidade-100-especializada-na-area-empresarial-da-galiza-para-o-mundo\/#breadcrumb\",\"itemListElement\":[{\"@type\":\"ListItem\",\"position\":1,\"name\":\"Home\",\"item\":\"https:\/\/maismagazine.pt\/\"},{\"@type\":\"ListItem\",\"position\":2,\"name\":\"UIE: Uma Universidade 100% especializada na \u00e1rea empresarial da Galiza para o mundo\"}]},{\"@type\":\"WebSite\",\"@id\":\"https:\/\/maismagazine.pt\/#website\",\"url\":\"https:\/\/maismagazine.pt\/\",\"name\":\"Mais Magazine\",\"description\":\"\",\"publisher\":{\"@id\":\"https:\/\/maismagazine.pt\/#organization\"},\"potentialAction\":[{\"@type\":\"SearchAction\",\"target\":{\"@type\":\"EntryPoint\",\"urlTemplate\":\"https:\/\/maismagazine.pt\/?s={search_term_string}\"},\"query-input\":{\"@type\":\"PropertyValueSpecification\",\"valueRequired\":true,\"valueName\":\"search_term_string\"}}],\"inLanguage\":\"pt-PT\"},{\"@type\":\"Organization\",\"@id\":\"https:\/\/maismagazine.pt\/#organization\",\"name\":\"Mais Magazine\",\"url\":\"https:\/\/maismagazine.pt\/\",\"logo\":{\"@type\":\"ImageObject\",\"inLanguage\":\"pt-PT\",\"@id\":\"https:\/\/maismagazine.pt\/#\/schema\/logo\/image\/\",\"url\":\"https:\/\/maismagazine.pt\/wp-content\/uploads\/2020\/04\/cropped-cropped-mais-magazine-site-logo-2.png\",\"contentUrl\":\"https:\/\/maismagazine.pt\/wp-content\/uploads\/2020\/04\/cropped-cropped-mais-magazine-site-logo-2.png\",\"width\":581,\"height\":90,\"caption\":\"Mais Magazine\"},\"image\":{\"@id\":\"https:\/\/maismagazine.pt\/#\/schema\/logo\/image\/\"}},{\"@type\":\"Person\",\"@id\":\"https:\/\/maismagazine.pt\/#\/schema\/person\/999bd426f894ff56d397ec12ebd21ebb\",\"name\":\"Jo\u00e3o Malainho\",\"image\":{\"@type\":\"ImageObject\",\"inLanguage\":\"pt-PT\",\"@id\":\"https:\/\/maismagazine.pt\/#\/schema\/person\/image\/\",\"url\":\"https:\/\/secure.gravatar.com\/avatar\/ff03c2f38edf60b2a827aa4f74878491?s=96&d=mm&r=g\",\"contentUrl\":\"https:\/\/secure.gravatar.com\/avatar\/ff03c2f38edf60b2a827aa4f74878491?s=96&d=mm&r=g\",\"caption\":\"Jo\u00e3o Malainho\"},\"url\":\"https:\/\/maismagazine.pt\/index.php\/author\/maismagazine\/\"}]}<\/script>\n<!-- \/ Yoast SEO plugin. -->","yoast_head_json":{"title":"UIE: Uma Universidade 100% especializada na \u00e1rea empresarial da Galiza para o mundo - Mais Magazine","description":"As origens da Universidad Intercontinental de La Empresa (UIE) remontam a 1987. Ao longo de mais de tr\u00eas d\u00e9cadas a institui\u00e7\u00e3o cresceu, evoluiu e alcan\u00e7ou uma posi\u00e7\u00e3o de destaque no panorama mundial, sendo hoje a universidade com a forma\u00e7\u00e3o executiva mais internacionalizada do mercado galego. Bego\u00f1a Jamardo Su\u00e1rez, Head of International Relations da UIE, deu a conhecer \u00e0 Mais Magazine esta institui\u00e7\u00e3o de ensino superior que, gra\u00e7as a um programa inovador e atento \u00e0s necessidades do setor empresarial e tecnol\u00f3gico, \u00e9 respons\u00e1vel por formar os profissionais do futuro.","robots":{"index":"index","follow":"follow","max-snippet":"max-snippet:-1","max-image-preview":"max-image-preview:large","max-video-preview":"max-video-preview:-1"},"canonical":"https:\/\/maismagazine.pt\/index.php\/2023\/02\/24\/uie-uma-universidade-100-especializada-na-area-empresarial-da-galiza-para-o-mundo\/","og_locale":"pt_PT","og_type":"article","og_title":"UIE: Uma Universidade 100% especializada na \u00e1rea empresarial da Galiza para o mundo - Mais Magazine","og_description":"As origens da Universidad Intercontinental de La Empresa (UIE) remontam a 1987. Ao longo de mais de tr\u00eas d\u00e9cadas a institui\u00e7\u00e3o cresceu, evoluiu e alcan\u00e7ou uma posi\u00e7\u00e3o de destaque no panorama mundial, sendo hoje a universidade com a forma\u00e7\u00e3o executiva mais internacionalizada do mercado galego. Bego\u00f1a Jamardo Su\u00e1rez, Head of International Relations da UIE, deu a conhecer \u00e0 Mais Magazine esta institui\u00e7\u00e3o de ensino superior que, gra\u00e7as a um programa inovador e atento \u00e0s necessidades do setor empresarial e tecnol\u00f3gico, \u00e9 respons\u00e1vel por formar os profissionais do futuro.","og_url":"https:\/\/maismagazine.pt\/index.php\/2023\/02\/24\/uie-uma-universidade-100-especializada-na-area-empresarial-da-galiza-para-o-mundo\/","og_site_name":"Mais Magazine","article_published_time":"2023-02-24T07:00:00+00:00","og_image":[{"width":1329,"height":886,"url":"https:\/\/maismagazine.pt\/wp-content\/uploads\/2023\/02\/MG_2256.jpg","type":"image\/jpeg"}],"author":"Jo\u00e3o Malainho","twitter_card":"summary_large_image","twitter_misc":{"Escrito por":false,"Tempo estimado de leitura":"11 minutos"},"schema":{"@context":"https:\/\/schema.org","@graph":[{"@type":"Article","@id":"https:\/\/maismagazine.pt\/index.php\/2023\/02\/24\/uie-uma-universidade-100-especializada-na-area-empresarial-da-galiza-para-o-mundo\/#article","isPartOf":{"@id":"https:\/\/maismagazine.pt\/index.php\/2023\/02\/24\/uie-uma-universidade-100-especializada-na-area-empresarial-da-galiza-para-o-mundo\/"},"author":{"name":"Jo\u00e3o Malainho","@id":"https:\/\/maismagazine.pt\/#\/schema\/person\/999bd426f894ff56d397ec12ebd21ebb"},"headline":"UIE: Uma Universidade 100% especializada na \u00e1rea empresarial da Galiza para o mundo","datePublished":"2023-02-24T07:00:00+00:00","mainEntityOfPage":{"@id":"https:\/\/maismagazine.pt\/index.php\/2023\/02\/24\/uie-uma-universidade-100-especializada-na-area-empresarial-da-galiza-para-o-mundo\/"},"wordCount":2462,"publisher":{"@id":"https:\/\/maismagazine.pt\/#organization"},"image":{"@id":"https:\/\/maismagazine.pt\/index.php\/2023\/02\/24\/uie-uma-universidade-100-especializada-na-area-empresarial-da-galiza-para-o-mundo\/#primaryimage"},"thumbnailUrl":"https:\/\/maismagazine.pt\/wp-content\/uploads\/2023\/02\/MG_2256.jpg","keywords":["Educa\u00e7\u00e3o","Ensino","ensino superior","Espanha","Galiza","Universidad Intercontinental de La Empresa"],"articleSection":["Atualidade","Destaques","Educa\u00e7\u00e3o","Mundo Empresarial","Tecnologia e Inova\u00e7\u00e3o"],"inLanguage":"pt-PT"},{"@type":"WebPage","@id":"https:\/\/maismagazine.pt\/index.php\/2023\/02\/24\/uie-uma-universidade-100-especializada-na-area-empresarial-da-galiza-para-o-mundo\/","url":"https:\/\/maismagazine.pt\/index.php\/2023\/02\/24\/uie-uma-universidade-100-especializada-na-area-empresarial-da-galiza-para-o-mundo\/","name":"UIE: Uma Universidade 100% especializada na \u00e1rea empresarial da Galiza para o mundo - Mais Magazine","isPartOf":{"@id":"https:\/\/maismagazine.pt\/#website"},"primaryImageOfPage":{"@id":"https:\/\/maismagazine.pt\/index.php\/2023\/02\/24\/uie-uma-universidade-100-especializada-na-area-empresarial-da-galiza-para-o-mundo\/#primaryimage"},"image":{"@id":"https:\/\/maismagazine.pt\/index.php\/2023\/02\/24\/uie-uma-universidade-100-especializada-na-area-empresarial-da-galiza-para-o-mundo\/#primaryimage"},"thumbnailUrl":"https:\/\/maismagazine.pt\/wp-content\/uploads\/2023\/02\/MG_2256.jpg","datePublished":"2023-02-24T07:00:00+00:00","description":"As origens da Universidad Intercontinental de La Empresa (UIE) remontam a 1987. Ao longo de mais de tr\u00eas d\u00e9cadas a institui\u00e7\u00e3o cresceu, evoluiu e alcan\u00e7ou uma posi\u00e7\u00e3o de destaque no panorama mundial, sendo hoje a universidade com a forma\u00e7\u00e3o executiva mais internacionalizada do mercado galego. Bego\u00f1a Jamardo Su\u00e1rez, Head of International Relations da UIE, deu a conhecer \u00e0 Mais Magazine esta institui\u00e7\u00e3o de ensino superior que, gra\u00e7as a um programa inovador e atento \u00e0s necessidades do setor empresarial e tecnol\u00f3gico, \u00e9 respons\u00e1vel por formar os profissionais do futuro.","breadcrumb":{"@id":"https:\/\/maismagazine.pt\/index.php\/2023\/02\/24\/uie-uma-universidade-100-especializada-na-area-empresarial-da-galiza-para-o-mundo\/#breadcrumb"},"inLanguage":"pt-PT","potentialAction":[{"@type":"ReadAction","target":["https:\/\/maismagazine.pt\/index.php\/2023\/02\/24\/uie-uma-universidade-100-especializada-na-area-empresarial-da-galiza-para-o-mundo\/"]}]},{"@type":"ImageObject","inLanguage":"pt-PT","@id":"https:\/\/maismagazine.pt\/index.php\/2023\/02\/24\/uie-uma-universidade-100-especializada-na-area-empresarial-da-galiza-para-o-mundo\/#primaryimage","url":"https:\/\/maismagazine.pt\/wp-content\/uploads\/2023\/02\/MG_2256.jpg","contentUrl":"https:\/\/maismagazine.pt\/wp-content\/uploads\/2023\/02\/MG_2256.jpg","width":1329,"height":886},{"@type":"BreadcrumbList","@id":"https:\/\/maismagazine.pt\/index.php\/2023\/02\/24\/uie-uma-universidade-100-especializada-na-area-empresarial-da-galiza-para-o-mundo\/#breadcrumb","itemListElement":[{"@type":"ListItem","position":1,"name":"Home","item":"https:\/\/maismagazine.pt\/"},{"@type":"ListItem","position":2,"name":"UIE: Uma Universidade 100% especializada na \u00e1rea empresarial da Galiza para o mundo"}]},{"@type":"WebSite","@id":"https:\/\/maismagazine.pt\/#website","url":"https:\/\/maismagazine.pt\/","name":"Mais Magazine","description":"","publisher":{"@id":"https:\/\/maismagazine.pt\/#organization"},"potentialAction":[{"@type":"SearchAction","target":{"@type":"EntryPoint","urlTemplate":"https:\/\/maismagazine.pt\/?s={search_term_string}"},"query-input":{"@type":"PropertyValueSpecification","valueRequired":true,"valueName":"search_term_string"}}],"inLanguage":"pt-PT"},{"@type":"Organization","@id":"https:\/\/maismagazine.pt\/#organization","name":"Mais Magazine","url":"https:\/\/maismagazine.pt\/","logo":{"@type":"ImageObject","inLanguage":"pt-PT","@id":"https:\/\/maismagazine.pt\/#\/schema\/logo\/image\/","url":"https:\/\/maismagazine.pt\/wp-content\/uploads\/2020\/04\/cropped-cropped-mais-magazine-site-logo-2.png","contentUrl":"https:\/\/maismagazine.pt\/wp-content\/uploads\/2020\/04\/cropped-cropped-mais-magazine-site-logo-2.png","width":581,"height":90,"caption":"Mais Magazine"},"image":{"@id":"https:\/\/maismagazine.pt\/#\/schema\/logo\/image\/"}},{"@type":"Person","@id":"https:\/\/maismagazine.pt\/#\/schema\/person\/999bd426f894ff56d397ec12ebd21ebb","name":"Jo\u00e3o Malainho","image":{"@type":"ImageObject","inLanguage":"pt-PT","@id":"https:\/\/maismagazine.pt\/#\/schema\/person\/image\/","url":"https:\/\/secure.gravatar.com\/avatar\/ff03c2f38edf60b2a827aa4f74878491?s=96&d=mm&r=g","contentUrl":"https:\/\/secure.gravatar.com\/avatar\/ff03c2f38edf60b2a827aa4f74878491?s=96&d=mm&r=g","caption":"Jo\u00e3o Malainho"},"url":"https:\/\/maismagazine.pt\/index.php\/author\/maismagazine\/"}]}},"author_meta":{"display_name":false,"author_link":"https:\/\/maismagazine.pt\/index.php\/author\/maismagazine\/"},"featured_img":"https:\/\/maismagazine.pt\/wp-content\/uploads\/2023\/02\/MG_2256-300x200.jpg","coauthors":[],"tax_additional":{"categories":{"linked":["<a href=\"https:\/\/maismagazine.pt\/index.php\/category\/atualidade\/\" class=\"advgb-post-tax-term\">Atualidade<\/a>","<a href=\"https:\/\/maismagazine.pt\/index.php\/category\/destaques\/\" class=\"advgb-post-tax-term\">Destaques<\/a>","<a href=\"https:\/\/maismagazine.pt\/index.php\/category\/educacao\/\" class=\"advgb-post-tax-term\">Educa\u00e7\u00e3o<\/a>","<a href=\"https:\/\/maismagazine.pt\/index.php\/category\/mundo-empresarial\/\" class=\"advgb-post-tax-term\">Mundo Empresarial<\/a>","<a href=\"https:\/\/maismagazine.pt\/index.php\/category\/empreendedorismo\/tecnologia-e-inovacao\/\" class=\"advgb-post-tax-term\">Tecnologia e Inova\u00e7\u00e3o<\/a>"],"unlinked":["<span class=\"advgb-post-tax-term\">Atualidade<\/span>","<span class=\"advgb-post-tax-term\">Destaques<\/span>","<span class=\"advgb-post-tax-term\">Educa\u00e7\u00e3o<\/span>","<span class=\"advgb-post-tax-term\">Mundo Empresarial<\/span>","<span class=\"advgb-post-tax-term\">Tecnologia e Inova\u00e7\u00e3o<\/span>"]},"tags":{"linked":["<a href=\"https:\/\/maismagazine.pt\/index.php\/category\/empreendedorismo\/tecnologia-e-inovacao\/\" class=\"advgb-post-tax-term\">Educa\u00e7\u00e3o<\/a>","<a href=\"https:\/\/maismagazine.pt\/index.php\/category\/empreendedorismo\/tecnologia-e-inovacao\/\" class=\"advgb-post-tax-term\">Ensino<\/a>","<a href=\"https:\/\/maismagazine.pt\/index.php\/category\/empreendedorismo\/tecnologia-e-inovacao\/\" class=\"advgb-post-tax-term\">ensino superior<\/a>","<a href=\"https:\/\/maismagazine.pt\/index.php\/category\/empreendedorismo\/tecnologia-e-inovacao\/\" class=\"advgb-post-tax-term\">Espanha<\/a>","<a href=\"https:\/\/maismagazine.pt\/index.php\/category\/empreendedorismo\/tecnologia-e-inovacao\/\" class=\"advgb-post-tax-term\">Galiza<\/a>","<a href=\"https:\/\/maismagazine.pt\/index.php\/category\/empreendedorismo\/tecnologia-e-inovacao\/\" class=\"advgb-post-tax-term\">Universidad Intercontinental de La Empresa<\/a>"],"unlinked":["<span class=\"advgb-post-tax-term\">Educa\u00e7\u00e3o<\/span>","<span class=\"advgb-post-tax-term\">Ensino<\/span>","<span class=\"advgb-post-tax-term\">ensino superior<\/span>","<span class=\"advgb-post-tax-term\">Espanha<\/span>","<span class=\"advgb-post-tax-term\">Galiza<\/span>","<span class=\"advgb-post-tax-term\">Universidad Intercontinental de La Empresa<\/span>"]}},"comment_count":"0","relative_dates":{"created":"Posted 3 anos ago","modified":"Updated 3 anos ago"},"absolute_dates":{"created":"Posted on 24 de Fevereiro, 2023","modified":"Updated on 16 de Fevereiro, 2023"},"absolute_dates_time":{"created":"Posted on 24 de Fevereiro, 2023 7:00","modified":"Updated on 16 de Fevereiro, 2023 14:16"},"featured_img_caption":"","series_order":"","_links":{"self":[{"href":"https:\/\/maismagazine.pt\/index.php\/wp-json\/wp\/v2\/posts\/5800","targetHints":{"allow":["GET"]}}],"collection":[{"href":"https:\/\/maismagazine.pt\/index.php\/wp-json\/wp\/v2\/posts"}],"about":[{"href":"https:\/\/maismagazine.pt\/index.php\/wp-json\/wp\/v2\/types\/post"}],"author":[{"embeddable":true,"href":"https:\/\/maismagazine.pt\/index.php\/wp-json\/wp\/v2\/users\/7"}],"replies":[{"embeddable":true,"href":"https:\/\/maismagazine.pt\/index.php\/wp-json\/wp\/v2\/comments?post=5800"}],"version-history":[{"count":3,"href":"https:\/\/maismagazine.pt\/index.php\/wp-json\/wp\/v2\/posts\/5800\/revisions"}],"predecessor-version":[{"id":5841,"href":"https:\/\/maismagazine.pt\/index.php\/wp-json\/wp\/v2\/posts\/5800\/revisions\/5841"}],"wp:featuredmedia":[{"embeddable":true,"href":"https:\/\/maismagazine.pt\/index.php\/wp-json\/wp\/v2\/media\/5837"}],"wp:attachment":[{"href":"https:\/\/maismagazine.pt\/index.php\/wp-json\/wp\/v2\/media?parent=5800"}],"wp:term":[{"taxonomy":"category","embeddable":true,"href":"https:\/\/maismagazine.pt\/index.php\/wp-json\/wp\/v2\/categories?post=5800"},{"taxonomy":"post_tag","embeddable":true,"href":"https:\/\/maismagazine.pt\/index.php\/wp-json\/wp\/v2\/tags?post=5800"}],"curies":[{"name":"wp","href":"https:\/\/api.w.org\/{rel}","templated":true}]}}