{"id":5633,"date":"2023-02-24T07:00:00","date_gmt":"2023-02-24T07:00:00","guid":{"rendered":"https:\/\/maismagazine.pt\/?p=5633"},"modified":"2023-02-16T09:55:30","modified_gmt":"2023-02-16T09:55:30","slug":"vila-vicosa-tem-todas-as-condicoes-para-merecer-essa-classificacao","status":"publish","type":"post","link":"https:\/\/maismagazine.pt\/index.php\/2023\/02\/24\/vila-vicosa-tem-todas-as-condicoes-para-merecer-essa-classificacao\/","title":{"rendered":"\u201cVila Vi\u00e7osa tem todas as condi\u00e7\u00f5es para merecer essa classifica\u00e7\u00e3o\u201d"},"content":{"rendered":"\n<p><strong>A UNESCO j\u00e1 efetuou em Portugal 25 classifica\u00e7\u00f5es de Patrim\u00f3nio da Humanidade. Entre centros hist\u00f3ricos, paisagens culturais, parques naturais e s\u00edtios arqueol\u00f3gicos s\u00e3o diversos os pontos de visita obrigat\u00f3ria.<a href=\"https:\/\/www.cm-vilavicosa.pt\/\"> Vila Vi\u00e7osa<\/a> pode, brevemente, ser o mais recente munic\u00edpio a ver parte do seu patrim\u00f3nio classificado como \u201cpatrim\u00f3nio de todos\u201d. Tiago Salgueiro, o Vice-Presidente da C\u00e2mara Municipal, d\u00e1 a conhecer as principais linhas de orienta\u00e7\u00e3o do renovado processo de candidatura, que se encontra j\u00e1 em fase final.<\/strong><\/p>\n\n\n\n<p><\/p>\n\n\n\n<p>Conhecida pelo seu patrim\u00f3nio hist\u00f3rico e monumentos renascentistas, Vila Vi\u00e7osa \u00e9 candidata a Patrim\u00f3nio Mundial pela UNESCO. A decis\u00e3o de candidatar a vila a Patrim\u00f3nio Mundial, numa primeira inst\u00e2ncia, sob a designa\u00e7\u00e3o de \u201cVila Vi\u00e7osa \u2013 Vila Ducal Renascentista\u201d, assentava nas carater\u00edsticas da sua expans\u00e3o urban\u00edstica do s\u00e9culo XVI, de acordo com os ideais renascentistas difundidos na \u00e9poca. Ap\u00f3s uma primeira candidatura, a C\u00e2mara Municipal de Vila Vi\u00e7osa e a Funda\u00e7\u00e3o da Casa de Bragan\u00e7a preparam agora um novo dossier de acordo com as altera\u00e7\u00f5es solicitadas, pelo Grupo de Trabalho do Patrim\u00f3nio Mundial da Comiss\u00e3o Nacional da UNESCO. \u201cO renovado processo de candidatura de Vila Vi\u00e7osa encontra-se em franco desenvolvimento. A Casa de Bragan\u00e7a, a sua hist\u00f3ria e o seu patrim\u00f3nio s\u00e3o agora fatores fundamentais no projeto e a sua inclus\u00e3o como promotora desta iniciativa parece-nos ser determinante na forma como estamos a definir o planeamento e a estrutura\u00e7\u00e3o dos conte\u00fados\u201d, adianta Tiago Salgueiro. Se anteriormente a quest\u00e3o urban\u00edstica de Vila Vi\u00e7osa constitu\u00eda o eixo fundamental do processo, nesta nova etapa a Casa de Bragan\u00e7a e a constitui\u00e7\u00e3o da \u201ccorte na aldeia\u201d, como uma esp\u00e9cie de \u201cgoverno-sombra\u201d face \u00e0 Monarquia Dual, at\u00e9 \u00e0 chegada ao poder em 1640, afigura-se como o elemento diferenciador \u201cpara que todos percebam a import\u00e2ncia pol\u00edtica e geoestrat\u00e9gica de Vila Vi\u00e7osa em diversas vertentes\u201d. Para al\u00e9m da import\u00e2ncia do urbanismo e da componente do m\u00e1rmore, neste novo caminho, a inclus\u00e3o da Tapada como elemento diferenciador em termos do planeamento pol\u00edtico da Casa de Bragan\u00e7a, a sua promo\u00e7\u00e3o no espa\u00e7o ib\u00e9rico como parque cineg\u00e9tico de excel\u00eancia e a valoriza\u00e7\u00e3o do culto mariano na vertente imaterial, no \u00e2mbito do crit\u00e9rio VI, s\u00e3o dois dos aspetos fundamentais deste renovado projeto. \u201cAvan\u00e7amos tamb\u00e9m para uma primeira campanha de sondagens arqueol\u00f3gicas, que visam procurar elementos das antigas fortifica\u00e7\u00f5es quinhentistas e est\u00e3o a ser tamb\u00e9m desenvolvidos novos estudos hist\u00f3ricos sobre as vertentes que n\u00e3o estavam devidamente assumidas no anterior processo\u201d. Toda a hist\u00f3ria, o patrim\u00f3nio e a excecionalidade deste territ\u00f3rio justificam claramente que a UNESCO possa atribuir este galard\u00e3o \u00e0 vila alentejana. Tiago Salgueiro mostra-se confiante na obten\u00e7\u00e3o desta classifica\u00e7\u00e3o mundial, sem nunca esquecer que este \u00e9 apenas o primeiro passo: \u201cComo calipolense, acredito que Vila Vi\u00e7osa tem todas as condi\u00e7\u00f5es para merecer essa classifica\u00e7\u00e3o. Mas h\u00e1 um longo caminho pela frente. N\u00e3o basta a obten\u00e7\u00e3o de um merecido pr\u00e9mio. \u00c9 necess\u00e1rio trabalhar afincadamente para perpetuar a classifica\u00e7\u00e3o, sem correr riscos. Temos que olhar na dire\u00e7\u00e3o do futuro e encontrar no horizonte formas de recuperar o patrim\u00f3nio\u201d. Sabendo que este processo acarreta dificuldades e desafios, o atual executivo est\u00e1 empenhado na valoriza\u00e7\u00e3o, preserva\u00e7\u00e3o e classifica\u00e7\u00e3o de um legado hist\u00f3rico\/ patrimonial inigual\u00e1vel. Para isso, conta com o apoio e participa\u00e7\u00e3o de toda a popula\u00e7\u00e3o, uma vez que a colabora\u00e7\u00e3o e inclus\u00e3o de todos os agentes locais no desenvolvimento desta a\u00e7\u00e3o, \u00e9 fundamental e priorit\u00e1ria para o munic\u00edpio. \u201cO envolvimento dos calipolenses nesta candidatura \u00e9 absolutamente fundamental. Sem um processo democr\u00e1tico em que as pessoas estejam realmente comprometidas com as responsabilidades e desafios, torna-se imposs\u00edvel levar este projeto a bom porto.\u201d<\/p>\n\n\n\n<p><\/p>\n\n\n\n<figure class=\"wp-block-gallery aligncenter columns-1 is-cropped wp-block-gallery-1\"><ul class=\"blocks-gallery-grid\"><li class=\"blocks-gallery-item\"><figure><img loading=\"lazy\" decoding=\"async\" width=\"1024\" height=\"485\" src=\"https:\/\/maismagazine.pt\/wp-content\/uploads\/2023\/02\/Logos-CMVV-E-BRASAO_Prancheta-1-1024x485.png\" alt=\"\" data-id=\"5635\" data-full-url=\"https:\/\/maismagazine.pt\/wp-content\/uploads\/2023\/02\/Logos-CMVV-E-BRASAO_Prancheta-1.png\" data-link=\"https:\/\/maismagazine.pt\/?attachment_id=5635\" class=\"wp-image-5635 is-layout-flex wp-block-gallery-is-layout-flex\" srcset=\"https:\/\/maismagazine.pt\/wp-content\/uploads\/2023\/02\/Logos-CMVV-E-BRASAO_Prancheta-1-1024x485.png 1024w, https:\/\/maismagazine.pt\/wp-content\/uploads\/2023\/02\/Logos-CMVV-E-BRASAO_Prancheta-1-300x142.png 300w, https:\/\/maismagazine.pt\/wp-content\/uploads\/2023\/02\/Logos-CMVV-E-BRASAO_Prancheta-1-768x364.png 768w, https:\/\/maismagazine.pt\/wp-content\/uploads\/2023\/02\/Logos-CMVV-E-BRASAO_Prancheta-1-1536x727.png 1536w, https:\/\/maismagazine.pt\/wp-content\/uploads\/2023\/02\/Logos-CMVV-E-BRASAO_Prancheta-1-2048x969.png 2048w\" sizes=\"auto, (max-width: 1024px) 100vw, 1024px\" \/><\/figure><\/li><\/ul><\/figure>\n","protected":false},"excerpt":{"rendered":"<p>A UNESCO j\u00e1 efetuou em Portugal 25 classifica\u00e7\u00f5es de Patrim\u00f3nio da Humanidade. Entre centros hist\u00f3ricos, paisagens culturais, parques naturais e s\u00edtios arqueol\u00f3gicos s\u00e3o diversos os pontos de visita obrigat\u00f3ria. Vila Vi\u00e7osa pode, brevemente, ser o mais recente munic\u00edpio a ver parte do seu patrim\u00f3nio classificado como \u201cpatrim\u00f3nio de todos\u201d. Tiago&hellip;<\/p>\n","protected":false},"author":17,"featured_media":5636,"comment_status":"closed","ping_status":"open","sticky":false,"template":"","format":"standard","meta":{"advgb_blocks_editor_width":"","advgb_blocks_columns_visual_guide":"","_monsterinsights_skip_tracking":false,"_monsterinsights_sitenote_active":false,"_monsterinsights_sitenote_note":"","_monsterinsights_sitenote_category":0,"footnotes":""},"categories":[9],"tags":[1298,1249,1297,1296],"class_list":["post-5633","post","type-post","status-publish","format-standard","has-post-thumbnail","hentry","category-cultura","tag-patrimonio-da-humanidade","tag-unesco","tag-vila-ducal","tag-vila-vicosa"],"yoast_head":"<!-- This site is optimized with the Yoast SEO plugin v24.4 - https:\/\/yoast.com\/wordpress\/plugins\/seo\/ -->\n<title>\u201cVila Vi\u00e7osa tem todas as condi\u00e7\u00f5es para merecer essa classifica\u00e7\u00e3o\u201d - Mais Magazine<\/title>\n<meta name=\"description\" content=\"A UNESCO j\u00e1 efetuou em Portugal 25 classifica\u00e7\u00f5es de Patrim\u00f3nio da Humanidade. Entre centros hist\u00f3ricos, paisagens culturais, parques naturais e s\u00edtios arqueol\u00f3gicos s\u00e3o diversos os pontos de visita obrigat\u00f3ria. Vila Vi\u00e7osa pode, brevemente, ser o mais recente munic\u00edpio a ver parte do seu patrim\u00f3nio classificado como \u201cpatrim\u00f3nio de todos\u201d. Tiago Salgueiro, o Vice-Presidente da C\u00e2mara Municipal, d\u00e1 a conhecer as principais linhas de orienta\u00e7\u00e3o do renovado processo de candidatura, que se encontra j\u00e1 em fase final.\" \/>\n<meta name=\"robots\" content=\"index, follow, max-snippet:-1, max-image-preview:large, max-video-preview:-1\" \/>\n<link rel=\"canonical\" href=\"http:\/\/maismagazine.pt\/index.php\/2023\/02\/24\/vila-vicosa-tem-todas-as-condicoes-para-merecer-essa-classificacao\/\" \/>\n<meta property=\"og:locale\" content=\"pt_PT\" \/>\n<meta property=\"og:type\" content=\"article\" \/>\n<meta property=\"og:title\" content=\"\u201cVila Vi\u00e7osa tem todas as condi\u00e7\u00f5es para merecer essa classifica\u00e7\u00e3o\u201d - Mais Magazine\" \/>\n<meta property=\"og:description\" content=\"A UNESCO j\u00e1 efetuou em Portugal 25 classifica\u00e7\u00f5es de Patrim\u00f3nio da Humanidade. Entre centros hist\u00f3ricos, paisagens culturais, parques naturais e s\u00edtios arqueol\u00f3gicos s\u00e3o diversos os pontos de visita obrigat\u00f3ria. Vila Vi\u00e7osa pode, brevemente, ser o mais recente munic\u00edpio a ver parte do seu patrim\u00f3nio classificado como \u201cpatrim\u00f3nio de todos\u201d. Tiago Salgueiro, o Vice-Presidente da C\u00e2mara Municipal, d\u00e1 a conhecer as principais linhas de orienta\u00e7\u00e3o do renovado processo de candidatura, que se encontra j\u00e1 em fase final.\" \/>\n<meta property=\"og:url\" content=\"http:\/\/maismagazine.pt\/index.php\/2023\/02\/24\/vila-vicosa-tem-todas-as-condicoes-para-merecer-essa-classificacao\/\" \/>\n<meta property=\"og:site_name\" content=\"Mais Magazine\" \/>\n<meta property=\"article:published_time\" content=\"2023-02-24T07:00:00+00:00\" \/>\n<meta property=\"og:image\" content=\"http:\/\/maismagazine.pt\/wp-content\/uploads\/2023\/02\/Paco-Ducal-de-Vila-Vicosa-scaled.jpg\" \/>\n\t<meta property=\"og:image:width\" content=\"2560\" \/>\n\t<meta property=\"og:image:height\" content=\"1440\" \/>\n\t<meta property=\"og:image:type\" content=\"image\/jpeg\" \/>\n<meta name=\"author\" content=\"Tiago Costa\" \/>\n<meta name=\"twitter:card\" content=\"summary_large_image\" \/>\n<meta name=\"twitter:label1\" content=\"Escrito por\" \/>\n\t<meta name=\"twitter:data1\" content=\"\" \/>\n\t<meta name=\"twitter:label2\" content=\"Tempo estimado de leitura\" \/>\n\t<meta name=\"twitter:data2\" content=\"3 minutos\" \/>\n<script type=\"application\/ld+json\" class=\"yoast-schema-graph\">{\"@context\":\"https:\/\/schema.org\",\"@graph\":[{\"@type\":\"Article\",\"@id\":\"http:\/\/maismagazine.pt\/index.php\/2023\/02\/24\/vila-vicosa-tem-todas-as-condicoes-para-merecer-essa-classificacao\/#article\",\"isPartOf\":{\"@id\":\"http:\/\/maismagazine.pt\/index.php\/2023\/02\/24\/vila-vicosa-tem-todas-as-condicoes-para-merecer-essa-classificacao\/\"},\"author\":{\"name\":\"Tiago Costa\",\"@id\":\"https:\/\/maismagazine.pt\/#\/schema\/person\/c6c5bfccc886434cbd11c74e035f9646\"},\"headline\":\"\u201cVila Vi\u00e7osa tem todas as condi\u00e7\u00f5es para merecer essa classifica\u00e7\u00e3o\u201d\",\"datePublished\":\"2023-02-24T07:00:00+00:00\",\"mainEntityOfPage\":{\"@id\":\"http:\/\/maismagazine.pt\/index.php\/2023\/02\/24\/vila-vicosa-tem-todas-as-condicoes-para-merecer-essa-classificacao\/\"},\"wordCount\":690,\"publisher\":{\"@id\":\"https:\/\/maismagazine.pt\/#organization\"},\"image\":{\"@id\":\"http:\/\/maismagazine.pt\/index.php\/2023\/02\/24\/vila-vicosa-tem-todas-as-condicoes-para-merecer-essa-classificacao\/#primaryimage\"},\"thumbnailUrl\":\"https:\/\/maismagazine.pt\/wp-content\/uploads\/2023\/02\/Paco-Ducal-de-Vila-Vicosa-scaled.jpg\",\"keywords\":[\"Patrim\u00f3nio da Humanidade\",\"UNESCO\",\"Vila Ducal\",\"Vila Vi\u00e7osa\"],\"articleSection\":[\"Cultura\"],\"inLanguage\":\"pt-PT\"},{\"@type\":\"WebPage\",\"@id\":\"http:\/\/maismagazine.pt\/index.php\/2023\/02\/24\/vila-vicosa-tem-todas-as-condicoes-para-merecer-essa-classificacao\/\",\"url\":\"http:\/\/maismagazine.pt\/index.php\/2023\/02\/24\/vila-vicosa-tem-todas-as-condicoes-para-merecer-essa-classificacao\/\",\"name\":\"\u201cVila Vi\u00e7osa tem todas as condi\u00e7\u00f5es para merecer essa classifica\u00e7\u00e3o\u201d - Mais Magazine\",\"isPartOf\":{\"@id\":\"https:\/\/maismagazine.pt\/#website\"},\"primaryImageOfPage\":{\"@id\":\"http:\/\/maismagazine.pt\/index.php\/2023\/02\/24\/vila-vicosa-tem-todas-as-condicoes-para-merecer-essa-classificacao\/#primaryimage\"},\"image\":{\"@id\":\"http:\/\/maismagazine.pt\/index.php\/2023\/02\/24\/vila-vicosa-tem-todas-as-condicoes-para-merecer-essa-classificacao\/#primaryimage\"},\"thumbnailUrl\":\"https:\/\/maismagazine.pt\/wp-content\/uploads\/2023\/02\/Paco-Ducal-de-Vila-Vicosa-scaled.jpg\",\"datePublished\":\"2023-02-24T07:00:00+00:00\",\"description\":\"A UNESCO j\u00e1 efetuou em Portugal 25 classifica\u00e7\u00f5es de Patrim\u00f3nio da Humanidade. Entre centros hist\u00f3ricos, paisagens culturais, parques naturais e s\u00edtios arqueol\u00f3gicos s\u00e3o diversos os pontos de visita obrigat\u00f3ria. Vila Vi\u00e7osa pode, brevemente, ser o mais recente munic\u00edpio a ver parte do seu patrim\u00f3nio classificado como \u201cpatrim\u00f3nio de todos\u201d. Tiago Salgueiro, o Vice-Presidente da C\u00e2mara Municipal, d\u00e1 a conhecer as principais linhas de orienta\u00e7\u00e3o do renovado processo de candidatura, que se encontra j\u00e1 em fase final.\",\"breadcrumb\":{\"@id\":\"http:\/\/maismagazine.pt\/index.php\/2023\/02\/24\/vila-vicosa-tem-todas-as-condicoes-para-merecer-essa-classificacao\/#breadcrumb\"},\"inLanguage\":\"pt-PT\",\"potentialAction\":[{\"@type\":\"ReadAction\",\"target\":[\"http:\/\/maismagazine.pt\/index.php\/2023\/02\/24\/vila-vicosa-tem-todas-as-condicoes-para-merecer-essa-classificacao\/\"]}]},{\"@type\":\"ImageObject\",\"inLanguage\":\"pt-PT\",\"@id\":\"http:\/\/maismagazine.pt\/index.php\/2023\/02\/24\/vila-vicosa-tem-todas-as-condicoes-para-merecer-essa-classificacao\/#primaryimage\",\"url\":\"https:\/\/maismagazine.pt\/wp-content\/uploads\/2023\/02\/Paco-Ducal-de-Vila-Vicosa-scaled.jpg\",\"contentUrl\":\"https:\/\/maismagazine.pt\/wp-content\/uploads\/2023\/02\/Paco-Ducal-de-Vila-Vicosa-scaled.jpg\",\"width\":2560,\"height\":1440,\"caption\":\"DCIM100MEDIADJI_0414.JPG\"},{\"@type\":\"BreadcrumbList\",\"@id\":\"http:\/\/maismagazine.pt\/index.php\/2023\/02\/24\/vila-vicosa-tem-todas-as-condicoes-para-merecer-essa-classificacao\/#breadcrumb\",\"itemListElement\":[{\"@type\":\"ListItem\",\"position\":1,\"name\":\"Home\",\"item\":\"https:\/\/maismagazine.pt\/\"},{\"@type\":\"ListItem\",\"position\":2,\"name\":\"\u201cVila Vi\u00e7osa tem todas as condi\u00e7\u00f5es para merecer essa classifica\u00e7\u00e3o\u201d\"}]},{\"@type\":\"WebSite\",\"@id\":\"https:\/\/maismagazine.pt\/#website\",\"url\":\"https:\/\/maismagazine.pt\/\",\"name\":\"Mais Magazine\",\"description\":\"\",\"publisher\":{\"@id\":\"https:\/\/maismagazine.pt\/#organization\"},\"potentialAction\":[{\"@type\":\"SearchAction\",\"target\":{\"@type\":\"EntryPoint\",\"urlTemplate\":\"https:\/\/maismagazine.pt\/?s={search_term_string}\"},\"query-input\":{\"@type\":\"PropertyValueSpecification\",\"valueRequired\":true,\"valueName\":\"search_term_string\"}}],\"inLanguage\":\"pt-PT\"},{\"@type\":\"Organization\",\"@id\":\"https:\/\/maismagazine.pt\/#organization\",\"name\":\"Mais Magazine\",\"url\":\"https:\/\/maismagazine.pt\/\",\"logo\":{\"@type\":\"ImageObject\",\"inLanguage\":\"pt-PT\",\"@id\":\"https:\/\/maismagazine.pt\/#\/schema\/logo\/image\/\",\"url\":\"https:\/\/maismagazine.pt\/wp-content\/uploads\/2020\/04\/cropped-cropped-mais-magazine-site-logo-2.png\",\"contentUrl\":\"https:\/\/maismagazine.pt\/wp-content\/uploads\/2020\/04\/cropped-cropped-mais-magazine-site-logo-2.png\",\"width\":581,\"height\":90,\"caption\":\"Mais Magazine\"},\"image\":{\"@id\":\"https:\/\/maismagazine.pt\/#\/schema\/logo\/image\/\"}},{\"@type\":\"Person\",\"@id\":\"https:\/\/maismagazine.pt\/#\/schema\/person\/c6c5bfccc886434cbd11c74e035f9646\",\"name\":\"Tiago Costa\",\"image\":{\"@type\":\"ImageObject\",\"inLanguage\":\"pt-PT\",\"@id\":\"https:\/\/maismagazine.pt\/#\/schema\/person\/image\/\",\"url\":\"https:\/\/secure.gravatar.com\/avatar\/c599b2bce16c9870429198cbad5ee022?s=96&d=mm&r=g\",\"contentUrl\":\"https:\/\/secure.gravatar.com\/avatar\/c599b2bce16c9870429198cbad5ee022?s=96&d=mm&r=g\",\"caption\":\"Tiago Costa\"},\"url\":\"https:\/\/maismagazine.pt\/index.php\/author\/tiago\/\"}]}<\/script>\n<!-- \/ Yoast SEO plugin. -->","yoast_head_json":{"title":"\u201cVila Vi\u00e7osa tem todas as condi\u00e7\u00f5es para merecer essa classifica\u00e7\u00e3o\u201d - Mais Magazine","description":"A UNESCO j\u00e1 efetuou em Portugal 25 classifica\u00e7\u00f5es de Patrim\u00f3nio da Humanidade. Entre centros hist\u00f3ricos, paisagens culturais, parques naturais e s\u00edtios arqueol\u00f3gicos s\u00e3o diversos os pontos de visita obrigat\u00f3ria. Vila Vi\u00e7osa pode, brevemente, ser o mais recente munic\u00edpio a ver parte do seu patrim\u00f3nio classificado como \u201cpatrim\u00f3nio de todos\u201d. Tiago Salgueiro, o Vice-Presidente da C\u00e2mara Municipal, d\u00e1 a conhecer as principais linhas de orienta\u00e7\u00e3o do renovado processo de candidatura, que se encontra j\u00e1 em fase final.","robots":{"index":"index","follow":"follow","max-snippet":"max-snippet:-1","max-image-preview":"max-image-preview:large","max-video-preview":"max-video-preview:-1"},"canonical":"http:\/\/maismagazine.pt\/index.php\/2023\/02\/24\/vila-vicosa-tem-todas-as-condicoes-para-merecer-essa-classificacao\/","og_locale":"pt_PT","og_type":"article","og_title":"\u201cVila Vi\u00e7osa tem todas as condi\u00e7\u00f5es para merecer essa classifica\u00e7\u00e3o\u201d - Mais Magazine","og_description":"A UNESCO j\u00e1 efetuou em Portugal 25 classifica\u00e7\u00f5es de Patrim\u00f3nio da Humanidade. Entre centros hist\u00f3ricos, paisagens culturais, parques naturais e s\u00edtios arqueol\u00f3gicos s\u00e3o diversos os pontos de visita obrigat\u00f3ria. Vila Vi\u00e7osa pode, brevemente, ser o mais recente munic\u00edpio a ver parte do seu patrim\u00f3nio classificado como \u201cpatrim\u00f3nio de todos\u201d. Tiago Salgueiro, o Vice-Presidente da C\u00e2mara Municipal, d\u00e1 a conhecer as principais linhas de orienta\u00e7\u00e3o do renovado processo de candidatura, que se encontra j\u00e1 em fase final.","og_url":"http:\/\/maismagazine.pt\/index.php\/2023\/02\/24\/vila-vicosa-tem-todas-as-condicoes-para-merecer-essa-classificacao\/","og_site_name":"Mais Magazine","article_published_time":"2023-02-24T07:00:00+00:00","og_image":[{"width":2560,"height":1440,"url":"http:\/\/maismagazine.pt\/wp-content\/uploads\/2023\/02\/Paco-Ducal-de-Vila-Vicosa-scaled.jpg","type":"image\/jpeg"}],"author":"Tiago Costa","twitter_card":"summary_large_image","twitter_misc":{"Escrito por":false,"Tempo estimado de leitura":"3 minutos"},"schema":{"@context":"https:\/\/schema.org","@graph":[{"@type":"Article","@id":"http:\/\/maismagazine.pt\/index.php\/2023\/02\/24\/vila-vicosa-tem-todas-as-condicoes-para-merecer-essa-classificacao\/#article","isPartOf":{"@id":"http:\/\/maismagazine.pt\/index.php\/2023\/02\/24\/vila-vicosa-tem-todas-as-condicoes-para-merecer-essa-classificacao\/"},"author":{"name":"Tiago Costa","@id":"https:\/\/maismagazine.pt\/#\/schema\/person\/c6c5bfccc886434cbd11c74e035f9646"},"headline":"\u201cVila Vi\u00e7osa tem todas as condi\u00e7\u00f5es para merecer essa classifica\u00e7\u00e3o\u201d","datePublished":"2023-02-24T07:00:00+00:00","mainEntityOfPage":{"@id":"http:\/\/maismagazine.pt\/index.php\/2023\/02\/24\/vila-vicosa-tem-todas-as-condicoes-para-merecer-essa-classificacao\/"},"wordCount":690,"publisher":{"@id":"https:\/\/maismagazine.pt\/#organization"},"image":{"@id":"http:\/\/maismagazine.pt\/index.php\/2023\/02\/24\/vila-vicosa-tem-todas-as-condicoes-para-merecer-essa-classificacao\/#primaryimage"},"thumbnailUrl":"https:\/\/maismagazine.pt\/wp-content\/uploads\/2023\/02\/Paco-Ducal-de-Vila-Vicosa-scaled.jpg","keywords":["Patrim\u00f3nio da Humanidade","UNESCO","Vila Ducal","Vila Vi\u00e7osa"],"articleSection":["Cultura"],"inLanguage":"pt-PT"},{"@type":"WebPage","@id":"http:\/\/maismagazine.pt\/index.php\/2023\/02\/24\/vila-vicosa-tem-todas-as-condicoes-para-merecer-essa-classificacao\/","url":"http:\/\/maismagazine.pt\/index.php\/2023\/02\/24\/vila-vicosa-tem-todas-as-condicoes-para-merecer-essa-classificacao\/","name":"\u201cVila Vi\u00e7osa tem todas as condi\u00e7\u00f5es para merecer essa classifica\u00e7\u00e3o\u201d - Mais Magazine","isPartOf":{"@id":"https:\/\/maismagazine.pt\/#website"},"primaryImageOfPage":{"@id":"http:\/\/maismagazine.pt\/index.php\/2023\/02\/24\/vila-vicosa-tem-todas-as-condicoes-para-merecer-essa-classificacao\/#primaryimage"},"image":{"@id":"http:\/\/maismagazine.pt\/index.php\/2023\/02\/24\/vila-vicosa-tem-todas-as-condicoes-para-merecer-essa-classificacao\/#primaryimage"},"thumbnailUrl":"https:\/\/maismagazine.pt\/wp-content\/uploads\/2023\/02\/Paco-Ducal-de-Vila-Vicosa-scaled.jpg","datePublished":"2023-02-24T07:00:00+00:00","description":"A UNESCO j\u00e1 efetuou em Portugal 25 classifica\u00e7\u00f5es de Patrim\u00f3nio da Humanidade. Entre centros hist\u00f3ricos, paisagens culturais, parques naturais e s\u00edtios arqueol\u00f3gicos s\u00e3o diversos os pontos de visita obrigat\u00f3ria. Vila Vi\u00e7osa pode, brevemente, ser o mais recente munic\u00edpio a ver parte do seu patrim\u00f3nio classificado como \u201cpatrim\u00f3nio de todos\u201d. Tiago Salgueiro, o Vice-Presidente da C\u00e2mara Municipal, d\u00e1 a conhecer as principais linhas de orienta\u00e7\u00e3o do renovado processo de candidatura, que se encontra j\u00e1 em fase final.","breadcrumb":{"@id":"http:\/\/maismagazine.pt\/index.php\/2023\/02\/24\/vila-vicosa-tem-todas-as-condicoes-para-merecer-essa-classificacao\/#breadcrumb"},"inLanguage":"pt-PT","potentialAction":[{"@type":"ReadAction","target":["http:\/\/maismagazine.pt\/index.php\/2023\/02\/24\/vila-vicosa-tem-todas-as-condicoes-para-merecer-essa-classificacao\/"]}]},{"@type":"ImageObject","inLanguage":"pt-PT","@id":"http:\/\/maismagazine.pt\/index.php\/2023\/02\/24\/vila-vicosa-tem-todas-as-condicoes-para-merecer-essa-classificacao\/#primaryimage","url":"https:\/\/maismagazine.pt\/wp-content\/uploads\/2023\/02\/Paco-Ducal-de-Vila-Vicosa-scaled.jpg","contentUrl":"https:\/\/maismagazine.pt\/wp-content\/uploads\/2023\/02\/Paco-Ducal-de-Vila-Vicosa-scaled.jpg","width":2560,"height":1440,"caption":"DCIM100MEDIADJI_0414.JPG"},{"@type":"BreadcrumbList","@id":"http:\/\/maismagazine.pt\/index.php\/2023\/02\/24\/vila-vicosa-tem-todas-as-condicoes-para-merecer-essa-classificacao\/#breadcrumb","itemListElement":[{"@type":"ListItem","position":1,"name":"Home","item":"https:\/\/maismagazine.pt\/"},{"@type":"ListItem","position":2,"name":"\u201cVila Vi\u00e7osa tem todas as condi\u00e7\u00f5es para merecer essa classifica\u00e7\u00e3o\u201d"}]},{"@type":"WebSite","@id":"https:\/\/maismagazine.pt\/#website","url":"https:\/\/maismagazine.pt\/","name":"Mais Magazine","description":"","publisher":{"@id":"https:\/\/maismagazine.pt\/#organization"},"potentialAction":[{"@type":"SearchAction","target":{"@type":"EntryPoint","urlTemplate":"https:\/\/maismagazine.pt\/?s={search_term_string}"},"query-input":{"@type":"PropertyValueSpecification","valueRequired":true,"valueName":"search_term_string"}}],"inLanguage":"pt-PT"},{"@type":"Organization","@id":"https:\/\/maismagazine.pt\/#organization","name":"Mais Magazine","url":"https:\/\/maismagazine.pt\/","logo":{"@type":"ImageObject","inLanguage":"pt-PT","@id":"https:\/\/maismagazine.pt\/#\/schema\/logo\/image\/","url":"https:\/\/maismagazine.pt\/wp-content\/uploads\/2020\/04\/cropped-cropped-mais-magazine-site-logo-2.png","contentUrl":"https:\/\/maismagazine.pt\/wp-content\/uploads\/2020\/04\/cropped-cropped-mais-magazine-site-logo-2.png","width":581,"height":90,"caption":"Mais Magazine"},"image":{"@id":"https:\/\/maismagazine.pt\/#\/schema\/logo\/image\/"}},{"@type":"Person","@id":"https:\/\/maismagazine.pt\/#\/schema\/person\/c6c5bfccc886434cbd11c74e035f9646","name":"Tiago Costa","image":{"@type":"ImageObject","inLanguage":"pt-PT","@id":"https:\/\/maismagazine.pt\/#\/schema\/person\/image\/","url":"https:\/\/secure.gravatar.com\/avatar\/c599b2bce16c9870429198cbad5ee022?s=96&d=mm&r=g","contentUrl":"https:\/\/secure.gravatar.com\/avatar\/c599b2bce16c9870429198cbad5ee022?s=96&d=mm&r=g","caption":"Tiago Costa"},"url":"https:\/\/maismagazine.pt\/index.php\/author\/tiago\/"}]}},"author_meta":{"display_name":false,"author_link":"https:\/\/maismagazine.pt\/index.php\/author\/tiago\/"},"featured_img":"https:\/\/maismagazine.pt\/wp-content\/uploads\/2023\/02\/Paco-Ducal-de-Vila-Vicosa-300x169.jpg","coauthors":[],"tax_additional":{"categories":{"linked":["<a href=\"https:\/\/maismagazine.pt\/index.php\/category\/cultura\/\" class=\"advgb-post-tax-term\">Cultura<\/a>"],"unlinked":["<span class=\"advgb-post-tax-term\">Cultura<\/span>"]},"tags":{"linked":["<a href=\"https:\/\/maismagazine.pt\/index.php\/category\/cultura\/\" class=\"advgb-post-tax-term\">Patrim\u00f3nio da Humanidade<\/a>","<a href=\"https:\/\/maismagazine.pt\/index.php\/category\/cultura\/\" class=\"advgb-post-tax-term\">UNESCO<\/a>","<a href=\"https:\/\/maismagazine.pt\/index.php\/category\/cultura\/\" class=\"advgb-post-tax-term\">Vila Ducal<\/a>","<a href=\"https:\/\/maismagazine.pt\/index.php\/category\/cultura\/\" class=\"advgb-post-tax-term\">Vila Vi\u00e7osa<\/a>"],"unlinked":["<span class=\"advgb-post-tax-term\">Patrim\u00f3nio da Humanidade<\/span>","<span class=\"advgb-post-tax-term\">UNESCO<\/span>","<span class=\"advgb-post-tax-term\">Vila Ducal<\/span>","<span class=\"advgb-post-tax-term\">Vila Vi\u00e7osa<\/span>"]}},"comment_count":"0","relative_dates":{"created":"Posted 3 anos ago","modified":"Updated 3 anos ago"},"absolute_dates":{"created":"Posted on 24 de Fevereiro, 2023","modified":"Updated on 16 de Fevereiro, 2023"},"absolute_dates_time":{"created":"Posted on 24 de Fevereiro, 2023 7:00","modified":"Updated on 16 de Fevereiro, 2023 9:55"},"featured_img_caption":"DCIM100MEDIADJI_0414.JPG","series_order":"","_links":{"self":[{"href":"https:\/\/maismagazine.pt\/index.php\/wp-json\/wp\/v2\/posts\/5633","targetHints":{"allow":["GET"]}}],"collection":[{"href":"https:\/\/maismagazine.pt\/index.php\/wp-json\/wp\/v2\/posts"}],"about":[{"href":"https:\/\/maismagazine.pt\/index.php\/wp-json\/wp\/v2\/types\/post"}],"author":[{"embeddable":true,"href":"https:\/\/maismagazine.pt\/index.php\/wp-json\/wp\/v2\/users\/17"}],"replies":[{"embeddable":true,"href":"https:\/\/maismagazine.pt\/index.php\/wp-json\/wp\/v2\/comments?post=5633"}],"version-history":[{"count":2,"href":"https:\/\/maismagazine.pt\/index.php\/wp-json\/wp\/v2\/posts\/5633\/revisions"}],"predecessor-version":[{"id":5674,"href":"https:\/\/maismagazine.pt\/index.php\/wp-json\/wp\/v2\/posts\/5633\/revisions\/5674"}],"wp:featuredmedia":[{"embeddable":true,"href":"https:\/\/maismagazine.pt\/index.php\/wp-json\/wp\/v2\/media\/5636"}],"wp:attachment":[{"href":"https:\/\/maismagazine.pt\/index.php\/wp-json\/wp\/v2\/media?parent=5633"}],"wp:term":[{"taxonomy":"category","embeddable":true,"href":"https:\/\/maismagazine.pt\/index.php\/wp-json\/wp\/v2\/categories?post=5633"},{"taxonomy":"post_tag","embeddable":true,"href":"https:\/\/maismagazine.pt\/index.php\/wp-json\/wp\/v2\/tags?post=5633"}],"curies":[{"name":"wp","href":"https:\/\/api.w.org\/{rel}","templated":true}]}}