{"id":5179,"date":"2022-12-23T07:00:00","date_gmt":"2022-12-23T07:00:00","guid":{"rendered":"http:\/\/maismagazine.pt\/?p=5179"},"modified":"2022-12-19T10:43:14","modified_gmt":"2022-12-19T10:43:14","slug":"as-novas-tendencias-da-medicina-estetica","status":"publish","type":"post","link":"https:\/\/maismagazine.pt\/index.php\/2022\/12\/23\/as-novas-tendencias-da-medicina-estetica\/","title":{"rendered":"As novas tend\u00eancias da medicina est\u00e9tica"},"content":{"rendered":"\n<p>O ser humano atual, informado e evolu\u00eddo, procura a harmonia e mesmo a perfei\u00e7\u00e3o corporal de acordo com a sua vida interior, profissional, social e cultural, de modo a sentir-se realizado e vivenciar a longevidade com qualidade e vitalidade. Deste modo, a medicina, em especial a est\u00e9tica, na sua vertente m\u00e9dica e cir\u00fargica, tem evolu\u00eddo tecnologicamente a fim de concretizar estes objetivos, conseguidos de forma duradoura ou tempor\u00e1ria. A cirurgia est\u00e9tica confere um contributo mais duradouro e efetivo na morfologia e na harmonia corporal. No t\u00f3rax, abd\u00f3men e membros, surge a lipoescultura do volume e da forma, conseguindo-se, nalgumas situa\u00e7\u00f5es, a lipomodela\u00e7\u00e3o de ultradefini\u00e7\u00e3o, em que se evidencia o pr\u00f3prio relevo muscular. Na cirurgia da mama, as cicatrizes s\u00e3o cada vez mais ocultas, umas na prega axilar e outras peri-areolares e submam\u00e1rias. As pr\u00f3teses de materiais sint\u00e9ticos t\u00eam sido substitu\u00eddas com enorme vantagem por material biol\u00f3gico colhido do paciente que \u00e9 preparado e aplicado no mesmo ato cir\u00fargico na face, m\u00e3os, p\u00e9s, pernas, gl\u00fateos e regi\u00f5es \u00edntimas. J\u00e1 a cirurgia \u00edntima da mulher e homem, na \u00faltima d\u00e9cada, tem tido um forte incremento e uma evolu\u00e7\u00e3o not\u00e1vel gra\u00e7as \u00e0 capacidade informativa e \u00e0 procura do bem-estar que \u00e9 proporcional \u00e0 evolu\u00e7\u00e3o positiva da sociedade contempor\u00e2nea.<br><br><\/p>\n\n\n\n<p><em>Z. Biscaia Fraga<\/em><br><em>Especialista em Cirurgia Pl\u00e1stica e Est\u00e9tica<br>Presidente de MECIGENERA e Federa\u00e7\u00e3o Ib\u00e9rica de Medicina e Terapia Celular<\/em><\/p>\n","protected":false},"excerpt":{"rendered":"<p>O ser humano atual, informado e evolu\u00eddo, procura a harmonia e mesmo a perfei\u00e7\u00e3o corporal de acordo com a sua vida interior, profissional, social e cultural, de modo a sentir-se realizado e vivenciar a longevidade com qualidade e vitalidade. Deste modo, a medicina, em especial a est\u00e9tica, na sua vertente&hellip;<\/p>\n","protected":false},"author":7,"featured_media":5180,"comment_status":"closed","ping_status":"open","sticky":false,"template":"","format":"standard","meta":{"advgb_blocks_editor_width":"","advgb_blocks_columns_visual_guide":"","_monsterinsights_skip_tracking":false,"_monsterinsights_sitenote_active":false,"_monsterinsights_sitenote_note":"","_monsterinsights_sitenote_category":0,"footnotes":""},"categories":[52,54,313],"tags":[1178,1179,307,1091],"class_list":["post-5179","post","type-post","status-publish","format-standard","has-post-thumbnail","hentry","category-destaque","category-lifestyle","category-saude","tag-biscaia-fraga","tag-cirurgia-plastica-e-estetica","tag-medicina-estetica","tag-opiniao"],"yoast_head":"<!-- This site is optimized with the Yoast SEO plugin v24.4 - https:\/\/yoast.com\/wordpress\/plugins\/seo\/ -->\n<title>As novas tend\u00eancias da medicina est\u00e9tica - Mais Magazine<\/title>\n<meta name=\"description\" content=\"social e cultural, de modo a sentir-se realizado e vivenciar a longevidade com qualidade e vitalidade. Deste modo, a medicina, em especial a est\u00e9tica, na sua vertente m\u00e9dica e cir\u00fargica, tem evolu\u00eddo tecnologicamente a fim de concretizar estes objetivos, conseguidos de forma duradoura ou tempor\u00e1ria.\" \/>\n<meta name=\"robots\" content=\"index, follow, max-snippet:-1, max-image-preview:large, max-video-preview:-1\" \/>\n<link rel=\"canonical\" href=\"https:\/\/maismagazine.pt\/index.php\/2022\/12\/23\/as-novas-tendencias-da-medicina-estetica\/\" \/>\n<meta property=\"og:locale\" content=\"pt_PT\" \/>\n<meta property=\"og:type\" content=\"article\" \/>\n<meta property=\"og:title\" content=\"As novas tend\u00eancias da medicina est\u00e9tica - Mais Magazine\" \/>\n<meta property=\"og:description\" content=\"social e cultural, de modo a sentir-se realizado e vivenciar a longevidade com qualidade e vitalidade. Deste modo, a medicina, em especial a est\u00e9tica, na sua vertente m\u00e9dica e cir\u00fargica, tem evolu\u00eddo tecnologicamente a fim de concretizar estes objetivos, conseguidos de forma duradoura ou tempor\u00e1ria.\" \/>\n<meta property=\"og:url\" content=\"https:\/\/maismagazine.pt\/index.php\/2022\/12\/23\/as-novas-tendencias-da-medicina-estetica\/\" \/>\n<meta property=\"og:site_name\" content=\"Mais Magazine\" \/>\n<meta property=\"article:published_time\" content=\"2022-12-23T07:00:00+00:00\" \/>\n<meta property=\"og:image\" content=\"https:\/\/maismagazine.pt\/wp-content\/uploads\/2022\/12\/Dr.-Biscaia-Fraga.jpg\" \/>\n\t<meta property=\"og:image:width\" content=\"1367\" \/>\n\t<meta property=\"og:image:height\" content=\"2048\" \/>\n\t<meta property=\"og:image:type\" content=\"image\/jpeg\" \/>\n<meta name=\"author\" content=\"Jo\u00e3o Malainho\" \/>\n<meta name=\"twitter:card\" content=\"summary_large_image\" \/>\n<meta name=\"twitter:label1\" content=\"Escrito por\" \/>\n\t<meta name=\"twitter:data1\" content=\"\" \/>\n\t<meta name=\"twitter:label2\" content=\"Tempo estimado de leitura\" \/>\n\t<meta name=\"twitter:data2\" content=\"1 minuto\" \/>\n<script type=\"application\/ld+json\" class=\"yoast-schema-graph\">{\"@context\":\"https:\/\/schema.org\",\"@graph\":[{\"@type\":\"Article\",\"@id\":\"https:\/\/maismagazine.pt\/index.php\/2022\/12\/23\/as-novas-tendencias-da-medicina-estetica\/#article\",\"isPartOf\":{\"@id\":\"https:\/\/maismagazine.pt\/index.php\/2022\/12\/23\/as-novas-tendencias-da-medicina-estetica\/\"},\"author\":{\"name\":\"Jo\u00e3o Malainho\",\"@id\":\"https:\/\/maismagazine.pt\/#\/schema\/person\/999bd426f894ff56d397ec12ebd21ebb\"},\"headline\":\"As novas tend\u00eancias da medicina est\u00e9tica\",\"datePublished\":\"2022-12-23T07:00:00+00:00\",\"mainEntityOfPage\":{\"@id\":\"https:\/\/maismagazine.pt\/index.php\/2022\/12\/23\/as-novas-tendencias-da-medicina-estetica\/\"},\"wordCount\":263,\"publisher\":{\"@id\":\"https:\/\/maismagazine.pt\/#organization\"},\"image\":{\"@id\":\"https:\/\/maismagazine.pt\/index.php\/2022\/12\/23\/as-novas-tendencias-da-medicina-estetica\/#primaryimage\"},\"thumbnailUrl\":\"https:\/\/maismagazine.pt\/wp-content\/uploads\/2022\/12\/Dr.-Biscaia-Fraga.jpg\",\"keywords\":[\"Biscaia Fraga\",\"Cirurgia Pl\u00e1stica e Est\u00e9tica\",\"Medicina Est\u00e9tica\",\"Opini\u00e3o\"],\"articleSection\":[\"Destaque lateral\",\"LifeStyle\",\"Sa\u00fade\"],\"inLanguage\":\"pt-PT\"},{\"@type\":\"WebPage\",\"@id\":\"https:\/\/maismagazine.pt\/index.php\/2022\/12\/23\/as-novas-tendencias-da-medicina-estetica\/\",\"url\":\"https:\/\/maismagazine.pt\/index.php\/2022\/12\/23\/as-novas-tendencias-da-medicina-estetica\/\",\"name\":\"As novas tend\u00eancias da medicina est\u00e9tica - Mais Magazine\",\"isPartOf\":{\"@id\":\"https:\/\/maismagazine.pt\/#website\"},\"primaryImageOfPage\":{\"@id\":\"https:\/\/maismagazine.pt\/index.php\/2022\/12\/23\/as-novas-tendencias-da-medicina-estetica\/#primaryimage\"},\"image\":{\"@id\":\"https:\/\/maismagazine.pt\/index.php\/2022\/12\/23\/as-novas-tendencias-da-medicina-estetica\/#primaryimage\"},\"thumbnailUrl\":\"https:\/\/maismagazine.pt\/wp-content\/uploads\/2022\/12\/Dr.-Biscaia-Fraga.jpg\",\"datePublished\":\"2022-12-23T07:00:00+00:00\",\"description\":\"social e cultural, de modo a sentir-se realizado e vivenciar a longevidade com qualidade e vitalidade. Deste modo, a medicina, em especial a est\u00e9tica, na sua vertente m\u00e9dica e cir\u00fargica, tem evolu\u00eddo tecnologicamente a fim de concretizar estes objetivos, conseguidos de forma duradoura ou tempor\u00e1ria.\",\"breadcrumb\":{\"@id\":\"https:\/\/maismagazine.pt\/index.php\/2022\/12\/23\/as-novas-tendencias-da-medicina-estetica\/#breadcrumb\"},\"inLanguage\":\"pt-PT\",\"potentialAction\":[{\"@type\":\"ReadAction\",\"target\":[\"https:\/\/maismagazine.pt\/index.php\/2022\/12\/23\/as-novas-tendencias-da-medicina-estetica\/\"]}]},{\"@type\":\"ImageObject\",\"inLanguage\":\"pt-PT\",\"@id\":\"https:\/\/maismagazine.pt\/index.php\/2022\/12\/23\/as-novas-tendencias-da-medicina-estetica\/#primaryimage\",\"url\":\"https:\/\/maismagazine.pt\/wp-content\/uploads\/2022\/12\/Dr.-Biscaia-Fraga.jpg\",\"contentUrl\":\"https:\/\/maismagazine.pt\/wp-content\/uploads\/2022\/12\/Dr.-Biscaia-Fraga.jpg\",\"width\":1367,\"height\":2048},{\"@type\":\"BreadcrumbList\",\"@id\":\"https:\/\/maismagazine.pt\/index.php\/2022\/12\/23\/as-novas-tendencias-da-medicina-estetica\/#breadcrumb\",\"itemListElement\":[{\"@type\":\"ListItem\",\"position\":1,\"name\":\"Home\",\"item\":\"https:\/\/maismagazine.pt\/\"},{\"@type\":\"ListItem\",\"position\":2,\"name\":\"As novas tend\u00eancias da medicina est\u00e9tica\"}]},{\"@type\":\"WebSite\",\"@id\":\"https:\/\/maismagazine.pt\/#website\",\"url\":\"https:\/\/maismagazine.pt\/\",\"name\":\"Mais Magazine\",\"description\":\"\",\"publisher\":{\"@id\":\"https:\/\/maismagazine.pt\/#organization\"},\"potentialAction\":[{\"@type\":\"SearchAction\",\"target\":{\"@type\":\"EntryPoint\",\"urlTemplate\":\"https:\/\/maismagazine.pt\/?s={search_term_string}\"},\"query-input\":{\"@type\":\"PropertyValueSpecification\",\"valueRequired\":true,\"valueName\":\"search_term_string\"}}],\"inLanguage\":\"pt-PT\"},{\"@type\":\"Organization\",\"@id\":\"https:\/\/maismagazine.pt\/#organization\",\"name\":\"Mais Magazine\",\"url\":\"https:\/\/maismagazine.pt\/\",\"logo\":{\"@type\":\"ImageObject\",\"inLanguage\":\"pt-PT\",\"@id\":\"https:\/\/maismagazine.pt\/#\/schema\/logo\/image\/\",\"url\":\"https:\/\/maismagazine.pt\/wp-content\/uploads\/2020\/04\/cropped-cropped-mais-magazine-site-logo-2.png\",\"contentUrl\":\"https:\/\/maismagazine.pt\/wp-content\/uploads\/2020\/04\/cropped-cropped-mais-magazine-site-logo-2.png\",\"width\":581,\"height\":90,\"caption\":\"Mais Magazine\"},\"image\":{\"@id\":\"https:\/\/maismagazine.pt\/#\/schema\/logo\/image\/\"}},{\"@type\":\"Person\",\"@id\":\"https:\/\/maismagazine.pt\/#\/schema\/person\/999bd426f894ff56d397ec12ebd21ebb\",\"name\":\"Jo\u00e3o Malainho\",\"image\":{\"@type\":\"ImageObject\",\"inLanguage\":\"pt-PT\",\"@id\":\"https:\/\/maismagazine.pt\/#\/schema\/person\/image\/\",\"url\":\"https:\/\/secure.gravatar.com\/avatar\/ff03c2f38edf60b2a827aa4f74878491?s=96&d=mm&r=g\",\"contentUrl\":\"https:\/\/secure.gravatar.com\/avatar\/ff03c2f38edf60b2a827aa4f74878491?s=96&d=mm&r=g\",\"caption\":\"Jo\u00e3o Malainho\"},\"url\":\"https:\/\/maismagazine.pt\/index.php\/author\/maismagazine\/\"}]}<\/script>\n<!-- \/ Yoast SEO plugin. -->","yoast_head_json":{"title":"As novas tend\u00eancias da medicina est\u00e9tica - Mais Magazine","description":"social e cultural, de modo a sentir-se realizado e vivenciar a longevidade com qualidade e vitalidade. Deste modo, a medicina, em especial a est\u00e9tica, na sua vertente m\u00e9dica e cir\u00fargica, tem evolu\u00eddo tecnologicamente a fim de concretizar estes objetivos, conseguidos de forma duradoura ou tempor\u00e1ria.","robots":{"index":"index","follow":"follow","max-snippet":"max-snippet:-1","max-image-preview":"max-image-preview:large","max-video-preview":"max-video-preview:-1"},"canonical":"https:\/\/maismagazine.pt\/index.php\/2022\/12\/23\/as-novas-tendencias-da-medicina-estetica\/","og_locale":"pt_PT","og_type":"article","og_title":"As novas tend\u00eancias da medicina est\u00e9tica - Mais Magazine","og_description":"social e cultural, de modo a sentir-se realizado e vivenciar a longevidade com qualidade e vitalidade. Deste modo, a medicina, em especial a est\u00e9tica, na sua vertente m\u00e9dica e cir\u00fargica, tem evolu\u00eddo tecnologicamente a fim de concretizar estes objetivos, conseguidos de forma duradoura ou tempor\u00e1ria.","og_url":"https:\/\/maismagazine.pt\/index.php\/2022\/12\/23\/as-novas-tendencias-da-medicina-estetica\/","og_site_name":"Mais Magazine","article_published_time":"2022-12-23T07:00:00+00:00","og_image":[{"width":1367,"height":2048,"url":"https:\/\/maismagazine.pt\/wp-content\/uploads\/2022\/12\/Dr.-Biscaia-Fraga.jpg","type":"image\/jpeg"}],"author":"Jo\u00e3o Malainho","twitter_card":"summary_large_image","twitter_misc":{"Escrito por":false,"Tempo estimado de leitura":"1 minuto"},"schema":{"@context":"https:\/\/schema.org","@graph":[{"@type":"Article","@id":"https:\/\/maismagazine.pt\/index.php\/2022\/12\/23\/as-novas-tendencias-da-medicina-estetica\/#article","isPartOf":{"@id":"https:\/\/maismagazine.pt\/index.php\/2022\/12\/23\/as-novas-tendencias-da-medicina-estetica\/"},"author":{"name":"Jo\u00e3o Malainho","@id":"https:\/\/maismagazine.pt\/#\/schema\/person\/999bd426f894ff56d397ec12ebd21ebb"},"headline":"As novas tend\u00eancias da medicina est\u00e9tica","datePublished":"2022-12-23T07:00:00+00:00","mainEntityOfPage":{"@id":"https:\/\/maismagazine.pt\/index.php\/2022\/12\/23\/as-novas-tendencias-da-medicina-estetica\/"},"wordCount":263,"publisher":{"@id":"https:\/\/maismagazine.pt\/#organization"},"image":{"@id":"https:\/\/maismagazine.pt\/index.php\/2022\/12\/23\/as-novas-tendencias-da-medicina-estetica\/#primaryimage"},"thumbnailUrl":"https:\/\/maismagazine.pt\/wp-content\/uploads\/2022\/12\/Dr.-Biscaia-Fraga.jpg","keywords":["Biscaia Fraga","Cirurgia Pl\u00e1stica e Est\u00e9tica","Medicina Est\u00e9tica","Opini\u00e3o"],"articleSection":["Destaque lateral","LifeStyle","Sa\u00fade"],"inLanguage":"pt-PT"},{"@type":"WebPage","@id":"https:\/\/maismagazine.pt\/index.php\/2022\/12\/23\/as-novas-tendencias-da-medicina-estetica\/","url":"https:\/\/maismagazine.pt\/index.php\/2022\/12\/23\/as-novas-tendencias-da-medicina-estetica\/","name":"As novas tend\u00eancias da medicina est\u00e9tica - Mais Magazine","isPartOf":{"@id":"https:\/\/maismagazine.pt\/#website"},"primaryImageOfPage":{"@id":"https:\/\/maismagazine.pt\/index.php\/2022\/12\/23\/as-novas-tendencias-da-medicina-estetica\/#primaryimage"},"image":{"@id":"https:\/\/maismagazine.pt\/index.php\/2022\/12\/23\/as-novas-tendencias-da-medicina-estetica\/#primaryimage"},"thumbnailUrl":"https:\/\/maismagazine.pt\/wp-content\/uploads\/2022\/12\/Dr.-Biscaia-Fraga.jpg","datePublished":"2022-12-23T07:00:00+00:00","description":"social e cultural, de modo a sentir-se realizado e vivenciar a longevidade com qualidade e vitalidade. Deste modo, a medicina, em especial a est\u00e9tica, na sua vertente m\u00e9dica e cir\u00fargica, tem evolu\u00eddo tecnologicamente a fim de concretizar estes objetivos, conseguidos de forma duradoura ou tempor\u00e1ria.","breadcrumb":{"@id":"https:\/\/maismagazine.pt\/index.php\/2022\/12\/23\/as-novas-tendencias-da-medicina-estetica\/#breadcrumb"},"inLanguage":"pt-PT","potentialAction":[{"@type":"ReadAction","target":["https:\/\/maismagazine.pt\/index.php\/2022\/12\/23\/as-novas-tendencias-da-medicina-estetica\/"]}]},{"@type":"ImageObject","inLanguage":"pt-PT","@id":"https:\/\/maismagazine.pt\/index.php\/2022\/12\/23\/as-novas-tendencias-da-medicina-estetica\/#primaryimage","url":"https:\/\/maismagazine.pt\/wp-content\/uploads\/2022\/12\/Dr.-Biscaia-Fraga.jpg","contentUrl":"https:\/\/maismagazine.pt\/wp-content\/uploads\/2022\/12\/Dr.-Biscaia-Fraga.jpg","width":1367,"height":2048},{"@type":"BreadcrumbList","@id":"https:\/\/maismagazine.pt\/index.php\/2022\/12\/23\/as-novas-tendencias-da-medicina-estetica\/#breadcrumb","itemListElement":[{"@type":"ListItem","position":1,"name":"Home","item":"https:\/\/maismagazine.pt\/"},{"@type":"ListItem","position":2,"name":"As novas tend\u00eancias da medicina est\u00e9tica"}]},{"@type":"WebSite","@id":"https:\/\/maismagazine.pt\/#website","url":"https:\/\/maismagazine.pt\/","name":"Mais Magazine","description":"","publisher":{"@id":"https:\/\/maismagazine.pt\/#organization"},"potentialAction":[{"@type":"SearchAction","target":{"@type":"EntryPoint","urlTemplate":"https:\/\/maismagazine.pt\/?s={search_term_string}"},"query-input":{"@type":"PropertyValueSpecification","valueRequired":true,"valueName":"search_term_string"}}],"inLanguage":"pt-PT"},{"@type":"Organization","@id":"https:\/\/maismagazine.pt\/#organization","name":"Mais Magazine","url":"https:\/\/maismagazine.pt\/","logo":{"@type":"ImageObject","inLanguage":"pt-PT","@id":"https:\/\/maismagazine.pt\/#\/schema\/logo\/image\/","url":"https:\/\/maismagazine.pt\/wp-content\/uploads\/2020\/04\/cropped-cropped-mais-magazine-site-logo-2.png","contentUrl":"https:\/\/maismagazine.pt\/wp-content\/uploads\/2020\/04\/cropped-cropped-mais-magazine-site-logo-2.png","width":581,"height":90,"caption":"Mais Magazine"},"image":{"@id":"https:\/\/maismagazine.pt\/#\/schema\/logo\/image\/"}},{"@type":"Person","@id":"https:\/\/maismagazine.pt\/#\/schema\/person\/999bd426f894ff56d397ec12ebd21ebb","name":"Jo\u00e3o Malainho","image":{"@type":"ImageObject","inLanguage":"pt-PT","@id":"https:\/\/maismagazine.pt\/#\/schema\/person\/image\/","url":"https:\/\/secure.gravatar.com\/avatar\/ff03c2f38edf60b2a827aa4f74878491?s=96&d=mm&r=g","contentUrl":"https:\/\/secure.gravatar.com\/avatar\/ff03c2f38edf60b2a827aa4f74878491?s=96&d=mm&r=g","caption":"Jo\u00e3o Malainho"},"url":"https:\/\/maismagazine.pt\/index.php\/author\/maismagazine\/"}]}},"author_meta":{"display_name":false,"author_link":"https:\/\/maismagazine.pt\/index.php\/author\/maismagazine\/"},"featured_img":"https:\/\/maismagazine.pt\/wp-content\/uploads\/2022\/12\/Dr.-Biscaia-Fraga-200x300.jpg","coauthors":[],"tax_additional":{"categories":{"linked":["<a href=\"https:\/\/maismagazine.pt\/index.php\/category\/destaque\/\" class=\"advgb-post-tax-term\">Destaque lateral<\/a>","<a href=\"https:\/\/maismagazine.pt\/index.php\/category\/lifestyle\/\" class=\"advgb-post-tax-term\">LifeStyle<\/a>","<a href=\"https:\/\/maismagazine.pt\/index.php\/category\/mundo-empresarial\/saude\/\" class=\"advgb-post-tax-term\">Sa\u00fade<\/a>"],"unlinked":["<span class=\"advgb-post-tax-term\">Destaque lateral<\/span>","<span class=\"advgb-post-tax-term\">LifeStyle<\/span>","<span class=\"advgb-post-tax-term\">Sa\u00fade<\/span>"]},"tags":{"linked":["<a href=\"https:\/\/maismagazine.pt\/index.php\/category\/mundo-empresarial\/saude\/\" class=\"advgb-post-tax-term\">Biscaia Fraga<\/a>","<a href=\"https:\/\/maismagazine.pt\/index.php\/category\/mundo-empresarial\/saude\/\" class=\"advgb-post-tax-term\">Cirurgia Pl\u00e1stica e Est\u00e9tica<\/a>","<a href=\"https:\/\/maismagazine.pt\/index.php\/category\/mundo-empresarial\/saude\/\" class=\"advgb-post-tax-term\">Medicina Est\u00e9tica<\/a>","<a href=\"https:\/\/maismagazine.pt\/index.php\/category\/mundo-empresarial\/saude\/\" class=\"advgb-post-tax-term\">Opini\u00e3o<\/a>"],"unlinked":["<span class=\"advgb-post-tax-term\">Biscaia Fraga<\/span>","<span class=\"advgb-post-tax-term\">Cirurgia Pl\u00e1stica e Est\u00e9tica<\/span>","<span class=\"advgb-post-tax-term\">Medicina Est\u00e9tica<\/span>","<span class=\"advgb-post-tax-term\">Opini\u00e3o<\/span>"]}},"comment_count":"0","relative_dates":{"created":"Posted 3 anos ago","modified":"Updated 3 anos ago"},"absolute_dates":{"created":"Posted on 23 de Dezembro, 2022","modified":"Updated on 19 de Dezembro, 2022"},"absolute_dates_time":{"created":"Posted on 23 de Dezembro, 2022 7:00","modified":"Updated on 19 de Dezembro, 2022 10:43"},"featured_img_caption":"","series_order":"","_links":{"self":[{"href":"https:\/\/maismagazine.pt\/index.php\/wp-json\/wp\/v2\/posts\/5179","targetHints":{"allow":["GET"]}}],"collection":[{"href":"https:\/\/maismagazine.pt\/index.php\/wp-json\/wp\/v2\/posts"}],"about":[{"href":"https:\/\/maismagazine.pt\/index.php\/wp-json\/wp\/v2\/types\/post"}],"author":[{"embeddable":true,"href":"https:\/\/maismagazine.pt\/index.php\/wp-json\/wp\/v2\/users\/7"}],"replies":[{"embeddable":true,"href":"https:\/\/maismagazine.pt\/index.php\/wp-json\/wp\/v2\/comments?post=5179"}],"version-history":[{"count":1,"href":"https:\/\/maismagazine.pt\/index.php\/wp-json\/wp\/v2\/posts\/5179\/revisions"}],"predecessor-version":[{"id":5181,"href":"https:\/\/maismagazine.pt\/index.php\/wp-json\/wp\/v2\/posts\/5179\/revisions\/5181"}],"wp:featuredmedia":[{"embeddable":true,"href":"https:\/\/maismagazine.pt\/index.php\/wp-json\/wp\/v2\/media\/5180"}],"wp:attachment":[{"href":"https:\/\/maismagazine.pt\/index.php\/wp-json\/wp\/v2\/media?parent=5179"}],"wp:term":[{"taxonomy":"category","embeddable":true,"href":"https:\/\/maismagazine.pt\/index.php\/wp-json\/wp\/v2\/categories?post=5179"},{"taxonomy":"post_tag","embeddable":true,"href":"https:\/\/maismagazine.pt\/index.php\/wp-json\/wp\/v2\/tags?post=5179"}],"curies":[{"name":"wp","href":"https:\/\/api.w.org\/{rel}","templated":true}]}}