{"id":5039,"date":"2022-11-18T16:36:42","date_gmt":"2022-11-18T16:36:42","guid":{"rendered":"http:\/\/maismagazine.pt\/?p=5039"},"modified":"2022-11-18T16:36:42","modified_gmt":"2022-11-18T16:36:42","slug":"presidente-da-anpac-o-setor-esta-descredibilizado","status":"publish","type":"post","link":"https:\/\/maismagazine.pt\/index.php\/2022\/11\/18\/presidente-da-anpac-o-setor-esta-descredibilizado\/","title":{"rendered":"Presidente da ANPAC: \u201cO setor est\u00e1 descredibilizado\u201d"},"content":{"rendered":"\n<p><strong>No meio do rebuli\u00e7o causado pela pandemia, nasceu a <a href=\"https:\/\/anpacondominios.pt\/\">Associa\u00e7\u00e3o Nacional dos Profissionais de Administra\u00e7\u00e3o de Condom\u00ednios (ANPAC)<\/a>. Esta associa\u00e7\u00e3o resultou dos v\u00e1rios pedidos de ajuda de empresas de gest\u00e3o de condom\u00ednios que, durante a pandemia, passaram por v\u00e1rias dificuldades.<\/strong><br><br>Em entrevista \u00e0 Mais Magazine, Alexandre Teixeira Mendes, Presidente da ANPAC, come\u00e7ou por dizer que \u201ca administra\u00e7\u00e3o de condom\u00ednio tem de ser uma guarda-avan\u00e7ada na sua prote\u00e7\u00e3o e cuidado, na qual cada cond\u00f3mino pode e deve confiar\u201d. Naturalmente que, para isto acontecer, as empresas de administra\u00e7\u00e3o de condom\u00ednios necessitam de ter as condi\u00e7\u00f5es e ferramentas para conseguir providenciar o melhor aos seus cond\u00f3minos. \u00c9 com este intui-to que nasce a ANPAC. De modo a fornecer todos os meios necess\u00e1rios aos seus associados para poderem realizar o seu trabalho da melhor maneira poss\u00edvel, Alexandre Teixeira Mendes refere que a associa\u00e7\u00e3o fornece, permanentemente, forma\u00e7\u00e3o aos seus associados e colaboradores, para al\u00e9m da aposta na cria\u00e7\u00e3o e manuten\u00e7\u00e3o de canais institucionalizados de partilha de boas pr\u00e1ticas e suporte. Entende ainda que o seguro de responsabilidade civil profissional deveria ser obrigat\u00f3rio, oferecendo a ANPAC uma cobertura de 50.000,00 \u20ac aos seus associados.<br><br>O tempo \u00e9 curto, mas o Presidente da associa\u00e7\u00e3o j\u00e1 encontrou alguns desafios. \u201cO setor encontra-se descredibilizado, contribuindo para isso o facto de o acesso ao exerc\u00edcio da atividade ser livre e \u00e0 inexist\u00eancia de regulamenta\u00e7\u00e3o\u201d, refere. O combate a esta descredibiliza\u00e7\u00e3o, segundo Alexandre Teixeira Mendes, passa pela forma\u00e7\u00e3o m\u00ednima, cont\u00ednua e obrigat\u00f3ria das administra\u00e7\u00f5es de condom\u00ednio, bem como pela \u201cconcretiza\u00e7\u00e3o de uma regulamenta\u00e7\u00e3o da atividade que permita sanar as car\u00eancias do sistema, sobretudo no apoio e na consulta permanente \u00e0s din\u00e2micas do sector, tal como j\u00e1 acontece em alguns pa\u00edses europeus, h\u00e1 d\u00e9cadas\u201d.<br><br>Tendo perfeita no\u00e7\u00e3o das dificuldades que o setor passa e das suas car\u00eancias, a ANPAC estabelece como eixo central da sua a\u00e7\u00e3o a monitoriza\u00e7\u00e3o permanente das necessidades dos seus associados e da identifica\u00e7\u00e3o de solu\u00e7\u00f5es que possam ajudar a colmat\u00e1-las. Relativamente \u00e0 regulamenta\u00e7\u00e3o da atividade, o Presidente reconhece que \u00e9 uma tarefa herc\u00falea, que poder\u00e1 demorar gera\u00e7\u00f5es, mas que \u00e9 preponderante que esse caminho comece a ser tra\u00e7ado j\u00e1, sendo essa uma prioridade para a associa\u00e7\u00e3o. Por fim, e como mote geral, Alexandre Teixeira Mendes referiu que pretende que a \u201cANPAC seja uma marca afirmativa de rigor, transpar\u00eancia e compet\u00eancia na opini\u00e3o p\u00fablica, porque \u00e9 isso que merecem os nossos associados. Trilhamos este caminho animados por uma confian\u00e7a inabal\u00e1vel na qualidade e na capacidade dos nossos associados\u201d. No meio do rebuli\u00e7o causado pela pandemia, nasceu a Associa\u00e7\u00e3o Nacional dos Profissionais de Administra\u00e7\u00e3o de Condom\u00ednios (ANPAC). Esta associa\u00e7\u00e3o resultou dos v\u00e1rios pedidos de ajuda de empresas de gest\u00e3o de condom\u00ednios que, durante a pandemia, passaram por v\u00e1rias dificuldades.<br><\/p>\n\n\n\n<div class=\"wp-block-image\"><figure class=\"aligncenter size-full\"><img loading=\"lazy\" decoding=\"async\" width=\"315\" height=\"217\" src=\"http:\/\/maismagazine.pt\/wp-content\/uploads\/2022\/11\/Logo-ANPAC.jpg\" alt=\"\" class=\"wp-image-5041\" srcset=\"https:\/\/maismagazine.pt\/wp-content\/uploads\/2022\/11\/Logo-ANPAC.jpg 315w, https:\/\/maismagazine.pt\/wp-content\/uploads\/2022\/11\/Logo-ANPAC-300x207.jpg 300w\" sizes=\"auto, (max-width: 315px) 100vw, 315px\" \/><\/figure><\/div>\n","protected":false},"excerpt":{"rendered":"<p>No meio do rebuli\u00e7o causado pela pandemia, nasceu a Associa\u00e7\u00e3o Nacional dos Profissionais de Administra\u00e7\u00e3o de Condom\u00ednios (ANPAC). Esta associa\u00e7\u00e3o resultou dos v\u00e1rios pedidos de ajuda de empresas de gest\u00e3o de condom\u00ednios que, durante a pandemia, passaram por v\u00e1rias dificuldades. Em entrevista \u00e0 Mais Magazine, Alexandre Teixeira Mendes, Presidente da&hellip;<\/p>\n","protected":false},"author":7,"featured_media":5040,"comment_status":"closed","ping_status":"open","sticky":false,"template":"","format":"standard","meta":{"advgb_blocks_editor_width":"","advgb_blocks_columns_visual_guide":"","_monsterinsights_skip_tracking":false,"_monsterinsights_sitenote_active":false,"_monsterinsights_sitenote_note":"","_monsterinsights_sitenote_category":0,"footnotes":""},"categories":[52,137],"tags":[1148,1146,247],"class_list":["post-5039","post","type-post","status-publish","format-standard","has-post-thumbnail","hentry","category-destaque","category-imobiliario","tag-administracao-de-condominios","tag-anpac","tag-associacao"],"yoast_head":"<!-- This site is optimized with the Yoast SEO plugin v24.4 - https:\/\/yoast.com\/wordpress\/plugins\/seo\/ -->\n<title>Presidente da ANPAC: \u201cO setor est\u00e1 descredibilizado\u201d - Mais Magazine<\/title>\n<meta name=\"description\" content=\"No meio do rebuli\u00e7o causado pela pandemia, nasceu a Associa\u00e7\u00e3o Nacional dos Profissionais de Administra\u00e7\u00e3o de Condom\u00ednios (ANPAC). Esta associa\u00e7\u00e3o resultou dos v\u00e1rios pedidos de ajuda de empresas de gest\u00e3o de condom\u00ednios que, durante a pandemia, passaram por v\u00e1rias dificuldades.\" \/>\n<meta name=\"robots\" content=\"index, follow, max-snippet:-1, max-image-preview:large, max-video-preview:-1\" \/>\n<link rel=\"canonical\" href=\"http:\/\/maismagazine.pt\/index.php\/2022\/11\/18\/presidente-da-anpac-o-setor-esta-descredibilizado\/\" \/>\n<meta property=\"og:locale\" content=\"pt_PT\" \/>\n<meta property=\"og:type\" content=\"article\" \/>\n<meta property=\"og:title\" content=\"Presidente da ANPAC: \u201cO setor est\u00e1 descredibilizado\u201d - Mais Magazine\" \/>\n<meta property=\"og:description\" content=\"No meio do rebuli\u00e7o causado pela pandemia, nasceu a Associa\u00e7\u00e3o Nacional dos Profissionais de Administra\u00e7\u00e3o de Condom\u00ednios (ANPAC). Esta associa\u00e7\u00e3o resultou dos v\u00e1rios pedidos de ajuda de empresas de gest\u00e3o de condom\u00ednios que, durante a pandemia, passaram por v\u00e1rias dificuldades.\" \/>\n<meta property=\"og:url\" content=\"http:\/\/maismagazine.pt\/index.php\/2022\/11\/18\/presidente-da-anpac-o-setor-esta-descredibilizado\/\" \/>\n<meta property=\"og:site_name\" content=\"Mais Magazine\" \/>\n<meta property=\"article:published_time\" content=\"2022-11-18T16:36:42+00:00\" \/>\n<meta property=\"og:image\" content=\"http:\/\/maismagazine.pt\/wp-content\/uploads\/2022\/11\/Alexandre-Teixeira-Mendes-e1668789311579.jpeg\" \/>\n\t<meta property=\"og:image:width\" content=\"1170\" \/>\n\t<meta property=\"og:image:height\" content=\"1728\" \/>\n\t<meta property=\"og:image:type\" content=\"image\/jpeg\" \/>\n<meta name=\"author\" content=\"Jo\u00e3o Malainho\" \/>\n<meta name=\"twitter:card\" content=\"summary_large_image\" \/>\n<meta name=\"twitter:label1\" content=\"Escrito por\" \/>\n\t<meta name=\"twitter:data1\" content=\"\" \/>\n\t<meta name=\"twitter:label2\" content=\"Tempo estimado de leitura\" \/>\n\t<meta name=\"twitter:data2\" content=\"3 minutos\" \/>\n<script type=\"application\/ld+json\" class=\"yoast-schema-graph\">{\"@context\":\"https:\/\/schema.org\",\"@graph\":[{\"@type\":\"Article\",\"@id\":\"http:\/\/maismagazine.pt\/index.php\/2022\/11\/18\/presidente-da-anpac-o-setor-esta-descredibilizado\/#article\",\"isPartOf\":{\"@id\":\"http:\/\/maismagazine.pt\/index.php\/2022\/11\/18\/presidente-da-anpac-o-setor-esta-descredibilizado\/\"},\"author\":{\"name\":\"Jo\u00e3o Malainho\",\"@id\":\"http:\/\/maismagazine.pt\/#\/schema\/person\/999bd426f894ff56d397ec12ebd21ebb\"},\"headline\":\"Presidente da ANPAC: \u201cO setor est\u00e1 descredibilizado\u201d\",\"datePublished\":\"2022-11-18T16:36:42+00:00\",\"mainEntityOfPage\":{\"@id\":\"http:\/\/maismagazine.pt\/index.php\/2022\/11\/18\/presidente-da-anpac-o-setor-esta-descredibilizado\/\"},\"wordCount\":518,\"publisher\":{\"@id\":\"http:\/\/maismagazine.pt\/#organization\"},\"image\":{\"@id\":\"http:\/\/maismagazine.pt\/index.php\/2022\/11\/18\/presidente-da-anpac-o-setor-esta-descredibilizado\/#primaryimage\"},\"thumbnailUrl\":\"https:\/\/maismagazine.pt\/wp-content\/uploads\/2022\/11\/Alexandre-Teixeira-Mendes-e1668789311579.jpeg\",\"keywords\":[\"Administra\u00e7\u00e3o de Condom\u00ednios\",\"ANPAC\",\"Associa\u00e7\u00e3o\"],\"articleSection\":[\"Destaque lateral\",\"Imobili\u00e1rio\"],\"inLanguage\":\"pt-PT\"},{\"@type\":\"WebPage\",\"@id\":\"http:\/\/maismagazine.pt\/index.php\/2022\/11\/18\/presidente-da-anpac-o-setor-esta-descredibilizado\/\",\"url\":\"http:\/\/maismagazine.pt\/index.php\/2022\/11\/18\/presidente-da-anpac-o-setor-esta-descredibilizado\/\",\"name\":\"Presidente da ANPAC: \u201cO setor est\u00e1 descredibilizado\u201d - Mais Magazine\",\"isPartOf\":{\"@id\":\"http:\/\/maismagazine.pt\/#website\"},\"primaryImageOfPage\":{\"@id\":\"http:\/\/maismagazine.pt\/index.php\/2022\/11\/18\/presidente-da-anpac-o-setor-esta-descredibilizado\/#primaryimage\"},\"image\":{\"@id\":\"http:\/\/maismagazine.pt\/index.php\/2022\/11\/18\/presidente-da-anpac-o-setor-esta-descredibilizado\/#primaryimage\"},\"thumbnailUrl\":\"https:\/\/maismagazine.pt\/wp-content\/uploads\/2022\/11\/Alexandre-Teixeira-Mendes-e1668789311579.jpeg\",\"datePublished\":\"2022-11-18T16:36:42+00:00\",\"description\":\"No meio do rebuli\u00e7o causado pela pandemia, nasceu a Associa\u00e7\u00e3o Nacional dos Profissionais de Administra\u00e7\u00e3o de Condom\u00ednios (ANPAC). Esta associa\u00e7\u00e3o resultou dos v\u00e1rios pedidos de ajuda de empresas de gest\u00e3o de condom\u00ednios que, durante a pandemia, passaram por v\u00e1rias dificuldades.\",\"breadcrumb\":{\"@id\":\"http:\/\/maismagazine.pt\/index.php\/2022\/11\/18\/presidente-da-anpac-o-setor-esta-descredibilizado\/#breadcrumb\"},\"inLanguage\":\"pt-PT\",\"potentialAction\":[{\"@type\":\"ReadAction\",\"target\":[\"http:\/\/maismagazine.pt\/index.php\/2022\/11\/18\/presidente-da-anpac-o-setor-esta-descredibilizado\/\"]}]},{\"@type\":\"ImageObject\",\"inLanguage\":\"pt-PT\",\"@id\":\"http:\/\/maismagazine.pt\/index.php\/2022\/11\/18\/presidente-da-anpac-o-setor-esta-descredibilizado\/#primaryimage\",\"url\":\"https:\/\/maismagazine.pt\/wp-content\/uploads\/2022\/11\/Alexandre-Teixeira-Mendes-e1668789311579.jpeg\",\"contentUrl\":\"https:\/\/maismagazine.pt\/wp-content\/uploads\/2022\/11\/Alexandre-Teixeira-Mendes-e1668789311579.jpeg\",\"width\":1170,\"height\":1728},{\"@type\":\"BreadcrumbList\",\"@id\":\"http:\/\/maismagazine.pt\/index.php\/2022\/11\/18\/presidente-da-anpac-o-setor-esta-descredibilizado\/#breadcrumb\",\"itemListElement\":[{\"@type\":\"ListItem\",\"position\":1,\"name\":\"Home\",\"item\":\"http:\/\/maismagazine.pt\/\"},{\"@type\":\"ListItem\",\"position\":2,\"name\":\"Presidente da ANPAC: \u201cO setor est\u00e1 descredibilizado\u201d\"}]},{\"@type\":\"WebSite\",\"@id\":\"http:\/\/maismagazine.pt\/#website\",\"url\":\"http:\/\/maismagazine.pt\/\",\"name\":\"Mais Magazine\",\"description\":\"\",\"publisher\":{\"@id\":\"http:\/\/maismagazine.pt\/#organization\"},\"potentialAction\":[{\"@type\":\"SearchAction\",\"target\":{\"@type\":\"EntryPoint\",\"urlTemplate\":\"http:\/\/maismagazine.pt\/?s={search_term_string}\"},\"query-input\":{\"@type\":\"PropertyValueSpecification\",\"valueRequired\":true,\"valueName\":\"search_term_string\"}}],\"inLanguage\":\"pt-PT\"},{\"@type\":\"Organization\",\"@id\":\"http:\/\/maismagazine.pt\/#organization\",\"name\":\"Mais Magazine\",\"url\":\"http:\/\/maismagazine.pt\/\",\"logo\":{\"@type\":\"ImageObject\",\"inLanguage\":\"pt-PT\",\"@id\":\"http:\/\/maismagazine.pt\/#\/schema\/logo\/image\/\",\"url\":\"https:\/\/maismagazine.pt\/wp-content\/uploads\/2020\/04\/cropped-cropped-mais-magazine-site-logo-2.png\",\"contentUrl\":\"https:\/\/maismagazine.pt\/wp-content\/uploads\/2020\/04\/cropped-cropped-mais-magazine-site-logo-2.png\",\"width\":581,\"height\":90,\"caption\":\"Mais Magazine\"},\"image\":{\"@id\":\"http:\/\/maismagazine.pt\/#\/schema\/logo\/image\/\"}},{\"@type\":\"Person\",\"@id\":\"http:\/\/maismagazine.pt\/#\/schema\/person\/999bd426f894ff56d397ec12ebd21ebb\",\"name\":\"Jo\u00e3o Malainho\",\"image\":{\"@type\":\"ImageObject\",\"inLanguage\":\"pt-PT\",\"@id\":\"http:\/\/maismagazine.pt\/#\/schema\/person\/image\/\",\"url\":\"https:\/\/secure.gravatar.com\/avatar\/ff03c2f38edf60b2a827aa4f74878491?s=96&d=mm&r=g\",\"contentUrl\":\"https:\/\/secure.gravatar.com\/avatar\/ff03c2f38edf60b2a827aa4f74878491?s=96&d=mm&r=g\",\"caption\":\"Jo\u00e3o Malainho\"},\"url\":\"https:\/\/maismagazine.pt\/index.php\/author\/maismagazine\/\"}]}<\/script>\n<!-- \/ Yoast SEO plugin. -->","yoast_head_json":{"title":"Presidente da ANPAC: \u201cO setor est\u00e1 descredibilizado\u201d - Mais Magazine","description":"No meio do rebuli\u00e7o causado pela pandemia, nasceu a Associa\u00e7\u00e3o Nacional dos Profissionais de Administra\u00e7\u00e3o de Condom\u00ednios (ANPAC). Esta associa\u00e7\u00e3o resultou dos v\u00e1rios pedidos de ajuda de empresas de gest\u00e3o de condom\u00ednios que, durante a pandemia, passaram por v\u00e1rias dificuldades.","robots":{"index":"index","follow":"follow","max-snippet":"max-snippet:-1","max-image-preview":"max-image-preview:large","max-video-preview":"max-video-preview:-1"},"canonical":"http:\/\/maismagazine.pt\/index.php\/2022\/11\/18\/presidente-da-anpac-o-setor-esta-descredibilizado\/","og_locale":"pt_PT","og_type":"article","og_title":"Presidente da ANPAC: \u201cO setor est\u00e1 descredibilizado\u201d - Mais Magazine","og_description":"No meio do rebuli\u00e7o causado pela pandemia, nasceu a Associa\u00e7\u00e3o Nacional dos Profissionais de Administra\u00e7\u00e3o de Condom\u00ednios (ANPAC). Esta associa\u00e7\u00e3o resultou dos v\u00e1rios pedidos de ajuda de empresas de gest\u00e3o de condom\u00ednios que, durante a pandemia, passaram por v\u00e1rias dificuldades.","og_url":"http:\/\/maismagazine.pt\/index.php\/2022\/11\/18\/presidente-da-anpac-o-setor-esta-descredibilizado\/","og_site_name":"Mais Magazine","article_published_time":"2022-11-18T16:36:42+00:00","og_image":[{"width":1170,"height":1728,"url":"http:\/\/maismagazine.pt\/wp-content\/uploads\/2022\/11\/Alexandre-Teixeira-Mendes-e1668789311579.jpeg","type":"image\/jpeg"}],"author":"Jo\u00e3o Malainho","twitter_card":"summary_large_image","twitter_misc":{"Escrito por":false,"Tempo estimado de leitura":"3 minutos"},"schema":{"@context":"https:\/\/schema.org","@graph":[{"@type":"Article","@id":"http:\/\/maismagazine.pt\/index.php\/2022\/11\/18\/presidente-da-anpac-o-setor-esta-descredibilizado\/#article","isPartOf":{"@id":"http:\/\/maismagazine.pt\/index.php\/2022\/11\/18\/presidente-da-anpac-o-setor-esta-descredibilizado\/"},"author":{"name":"Jo\u00e3o Malainho","@id":"http:\/\/maismagazine.pt\/#\/schema\/person\/999bd426f894ff56d397ec12ebd21ebb"},"headline":"Presidente da ANPAC: \u201cO setor est\u00e1 descredibilizado\u201d","datePublished":"2022-11-18T16:36:42+00:00","mainEntityOfPage":{"@id":"http:\/\/maismagazine.pt\/index.php\/2022\/11\/18\/presidente-da-anpac-o-setor-esta-descredibilizado\/"},"wordCount":518,"publisher":{"@id":"http:\/\/maismagazine.pt\/#organization"},"image":{"@id":"http:\/\/maismagazine.pt\/index.php\/2022\/11\/18\/presidente-da-anpac-o-setor-esta-descredibilizado\/#primaryimage"},"thumbnailUrl":"https:\/\/maismagazine.pt\/wp-content\/uploads\/2022\/11\/Alexandre-Teixeira-Mendes-e1668789311579.jpeg","keywords":["Administra\u00e7\u00e3o de Condom\u00ednios","ANPAC","Associa\u00e7\u00e3o"],"articleSection":["Destaque lateral","Imobili\u00e1rio"],"inLanguage":"pt-PT"},{"@type":"WebPage","@id":"http:\/\/maismagazine.pt\/index.php\/2022\/11\/18\/presidente-da-anpac-o-setor-esta-descredibilizado\/","url":"http:\/\/maismagazine.pt\/index.php\/2022\/11\/18\/presidente-da-anpac-o-setor-esta-descredibilizado\/","name":"Presidente da ANPAC: \u201cO setor est\u00e1 descredibilizado\u201d - Mais Magazine","isPartOf":{"@id":"http:\/\/maismagazine.pt\/#website"},"primaryImageOfPage":{"@id":"http:\/\/maismagazine.pt\/index.php\/2022\/11\/18\/presidente-da-anpac-o-setor-esta-descredibilizado\/#primaryimage"},"image":{"@id":"http:\/\/maismagazine.pt\/index.php\/2022\/11\/18\/presidente-da-anpac-o-setor-esta-descredibilizado\/#primaryimage"},"thumbnailUrl":"https:\/\/maismagazine.pt\/wp-content\/uploads\/2022\/11\/Alexandre-Teixeira-Mendes-e1668789311579.jpeg","datePublished":"2022-11-18T16:36:42+00:00","description":"No meio do rebuli\u00e7o causado pela pandemia, nasceu a Associa\u00e7\u00e3o Nacional dos Profissionais de Administra\u00e7\u00e3o de Condom\u00ednios (ANPAC). Esta associa\u00e7\u00e3o resultou dos v\u00e1rios pedidos de ajuda de empresas de gest\u00e3o de condom\u00ednios que, durante a pandemia, passaram por v\u00e1rias dificuldades.","breadcrumb":{"@id":"http:\/\/maismagazine.pt\/index.php\/2022\/11\/18\/presidente-da-anpac-o-setor-esta-descredibilizado\/#breadcrumb"},"inLanguage":"pt-PT","potentialAction":[{"@type":"ReadAction","target":["http:\/\/maismagazine.pt\/index.php\/2022\/11\/18\/presidente-da-anpac-o-setor-esta-descredibilizado\/"]}]},{"@type":"ImageObject","inLanguage":"pt-PT","@id":"http:\/\/maismagazine.pt\/index.php\/2022\/11\/18\/presidente-da-anpac-o-setor-esta-descredibilizado\/#primaryimage","url":"https:\/\/maismagazine.pt\/wp-content\/uploads\/2022\/11\/Alexandre-Teixeira-Mendes-e1668789311579.jpeg","contentUrl":"https:\/\/maismagazine.pt\/wp-content\/uploads\/2022\/11\/Alexandre-Teixeira-Mendes-e1668789311579.jpeg","width":1170,"height":1728},{"@type":"BreadcrumbList","@id":"http:\/\/maismagazine.pt\/index.php\/2022\/11\/18\/presidente-da-anpac-o-setor-esta-descredibilizado\/#breadcrumb","itemListElement":[{"@type":"ListItem","position":1,"name":"Home","item":"http:\/\/maismagazine.pt\/"},{"@type":"ListItem","position":2,"name":"Presidente da ANPAC: \u201cO setor est\u00e1 descredibilizado\u201d"}]},{"@type":"WebSite","@id":"http:\/\/maismagazine.pt\/#website","url":"http:\/\/maismagazine.pt\/","name":"Mais Magazine","description":"","publisher":{"@id":"http:\/\/maismagazine.pt\/#organization"},"potentialAction":[{"@type":"SearchAction","target":{"@type":"EntryPoint","urlTemplate":"http:\/\/maismagazine.pt\/?s={search_term_string}"},"query-input":{"@type":"PropertyValueSpecification","valueRequired":true,"valueName":"search_term_string"}}],"inLanguage":"pt-PT"},{"@type":"Organization","@id":"http:\/\/maismagazine.pt\/#organization","name":"Mais Magazine","url":"http:\/\/maismagazine.pt\/","logo":{"@type":"ImageObject","inLanguage":"pt-PT","@id":"http:\/\/maismagazine.pt\/#\/schema\/logo\/image\/","url":"https:\/\/maismagazine.pt\/wp-content\/uploads\/2020\/04\/cropped-cropped-mais-magazine-site-logo-2.png","contentUrl":"https:\/\/maismagazine.pt\/wp-content\/uploads\/2020\/04\/cropped-cropped-mais-magazine-site-logo-2.png","width":581,"height":90,"caption":"Mais Magazine"},"image":{"@id":"http:\/\/maismagazine.pt\/#\/schema\/logo\/image\/"}},{"@type":"Person","@id":"http:\/\/maismagazine.pt\/#\/schema\/person\/999bd426f894ff56d397ec12ebd21ebb","name":"Jo\u00e3o Malainho","image":{"@type":"ImageObject","inLanguage":"pt-PT","@id":"http:\/\/maismagazine.pt\/#\/schema\/person\/image\/","url":"https:\/\/secure.gravatar.com\/avatar\/ff03c2f38edf60b2a827aa4f74878491?s=96&d=mm&r=g","contentUrl":"https:\/\/secure.gravatar.com\/avatar\/ff03c2f38edf60b2a827aa4f74878491?s=96&d=mm&r=g","caption":"Jo\u00e3o Malainho"},"url":"https:\/\/maismagazine.pt\/index.php\/author\/maismagazine\/"}]}},"author_meta":{"display_name":false,"author_link":"https:\/\/maismagazine.pt\/index.php\/author\/maismagazine\/"},"featured_img":"https:\/\/maismagazine.pt\/wp-content\/uploads\/2022\/11\/Alexandre-Teixeira-Mendes-e1668789311579-203x300.jpeg","coauthors":[],"tax_additional":{"categories":{"linked":["<a href=\"https:\/\/maismagazine.pt\/index.php\/category\/destaque\/\" class=\"advgb-post-tax-term\">Destaque lateral<\/a>","<a href=\"https:\/\/maismagazine.pt\/index.php\/category\/empreendedorismo\/imobiliario\/\" class=\"advgb-post-tax-term\">Imobili\u00e1rio<\/a>"],"unlinked":["<span class=\"advgb-post-tax-term\">Destaque lateral<\/span>","<span class=\"advgb-post-tax-term\">Imobili\u00e1rio<\/span>"]},"tags":{"linked":["<a href=\"https:\/\/maismagazine.pt\/index.php\/category\/empreendedorismo\/imobiliario\/\" class=\"advgb-post-tax-term\">Administra\u00e7\u00e3o de Condom\u00ednios<\/a>","<a href=\"https:\/\/maismagazine.pt\/index.php\/category\/empreendedorismo\/imobiliario\/\" class=\"advgb-post-tax-term\">ANPAC<\/a>","<a href=\"https:\/\/maismagazine.pt\/index.php\/category\/empreendedorismo\/imobiliario\/\" class=\"advgb-post-tax-term\">Associa\u00e7\u00e3o<\/a>"],"unlinked":["<span class=\"advgb-post-tax-term\">Administra\u00e7\u00e3o de Condom\u00ednios<\/span>","<span class=\"advgb-post-tax-term\">ANPAC<\/span>","<span class=\"advgb-post-tax-term\">Associa\u00e7\u00e3o<\/span>"]}},"comment_count":"0","relative_dates":{"created":"Posted 3 anos ago","modified":"Updated 3 anos ago"},"absolute_dates":{"created":"Posted on 18 de Novembro, 2022","modified":"Updated on 18 de Novembro, 2022"},"absolute_dates_time":{"created":"Posted on 18 de Novembro, 2022 16:36","modified":"Updated on 18 de Novembro, 2022 16:36"},"featured_img_caption":"","series_order":"","_links":{"self":[{"href":"https:\/\/maismagazine.pt\/index.php\/wp-json\/wp\/v2\/posts\/5039","targetHints":{"allow":["GET"]}}],"collection":[{"href":"https:\/\/maismagazine.pt\/index.php\/wp-json\/wp\/v2\/posts"}],"about":[{"href":"https:\/\/maismagazine.pt\/index.php\/wp-json\/wp\/v2\/types\/post"}],"author":[{"embeddable":true,"href":"https:\/\/maismagazine.pt\/index.php\/wp-json\/wp\/v2\/users\/7"}],"replies":[{"embeddable":true,"href":"https:\/\/maismagazine.pt\/index.php\/wp-json\/wp\/v2\/comments?post=5039"}],"version-history":[{"count":2,"href":"https:\/\/maismagazine.pt\/index.php\/wp-json\/wp\/v2\/posts\/5039\/revisions"}],"predecessor-version":[{"id":5043,"href":"https:\/\/maismagazine.pt\/index.php\/wp-json\/wp\/v2\/posts\/5039\/revisions\/5043"}],"wp:featuredmedia":[{"embeddable":true,"href":"https:\/\/maismagazine.pt\/index.php\/wp-json\/wp\/v2\/media\/5040"}],"wp:attachment":[{"href":"https:\/\/maismagazine.pt\/index.php\/wp-json\/wp\/v2\/media?parent=5039"}],"wp:term":[{"taxonomy":"category","embeddable":true,"href":"https:\/\/maismagazine.pt\/index.php\/wp-json\/wp\/v2\/categories?post=5039"},{"taxonomy":"post_tag","embeddable":true,"href":"https:\/\/maismagazine.pt\/index.php\/wp-json\/wp\/v2\/tags?post=5039"}],"curies":[{"name":"wp","href":"https:\/\/api.w.org\/{rel}","templated":true}]}}