{"id":4869,"date":"2022-11-11T07:00:00","date_gmt":"2022-11-11T07:00:00","guid":{"rendered":"https:\/\/maismagazine.pt\/?p=4869"},"modified":"2022-11-04T16:47:10","modified_gmt":"2022-11-04T16:47:10","slug":"instituto-s-joao-de-deus-promove-uma-saude-mental-para-todos","status":"publish","type":"post","link":"https:\/\/maismagazine.pt\/index.php\/2022\/11\/11\/instituto-s-joao-de-deus-promove-uma-saude-mental-para-todos\/","title":{"rendered":"Instituto S. Jo\u00e3o de Deus promove uma \u201csa\u00fade mental para todos\u201d"},"content":{"rendered":"\n<p><strong>A<\/strong> <strong>presta\u00e7\u00e3o de cuidados de sa\u00fade a pessoas portadoras de doen\u00e7a mental \u00e9 uma das dimens\u00f5es do <a href=\"https:\/\/www.isjd.pt\/\">Instituto S. Jo\u00e3o de Deus<\/a> que, neste dom\u00ednio, tem vindo a desenvolver um merit\u00f3rio trabalho na preven\u00e7\u00e3o, diagn\u00f3stico e tratamento de problemas mentais, emocionais ou comportamentais. Para melhor conhecermos o trabalho desenvolvido pelo Instituto neste dom\u00ednio, estivemos \u00e0 conversa com V\u00edtor Cotovio, Diretor Cl\u00ednico do Hospital Psiqui\u00e1trico Casa de Sa\u00fade do Telhal, que nos revelou os principais desafios do presente e futuro da Sa\u00fade Mental em Portugal.<\/strong><\/p>\n\n\n\n<p><\/p>\n\n\n\n<p>Com tr\u00eas centros assistenciais em Portugal Continental dedicados \u00e0 Sa\u00fade Mental \u2013 Casa da Sa\u00fade do Telhal, Casa de Sa\u00fade S. Jo\u00e3o de Deus, em Barcelos, e Casa de Sa\u00fade S. Jos\u00e9, em Areias de Vilar \u2013 dois nos A\u00e7ores \u2013 Casa de Sa\u00fade S. Rafael, em Angra do Hero\u00edsmo, e Casa de Sa\u00fade S. Miguel, em Ponta Delgada \u2013 e um na Madeira \u2013 Casa de Sa\u00fade S. Jo\u00e3o de Deus, no Funchal \u2013 o Instituto S. Jo\u00e3o de Deus d\u00e1 atualmente resposta a solicita\u00e7\u00f5es do servi\u00e7o nacional e regionais de sa\u00fade no tratamento de utentes com patologias psiqui\u00e1tricas de grande complexidade. \u201cA nossa rela\u00e7\u00e3o com o Servi\u00e7o Nacional de Sa\u00fade \u00e9 regida atrav\u00e9s de um acordo com o Estado, subjacente a 1983, que, neste momento, est\u00e1 em fase de revis\u00e3o\u201d, informa V\u00edtor Cotovio, que explica ainda por qual via chegam grande parte dos utentes aos centros assistenciais do Instituto: \u201cOs servi\u00e7os de psiquiatria do pa\u00eds fazem uma referencia\u00e7\u00e3o destes doentes para que os avaliemos e tentemos perceber, em fun\u00e7\u00e3o dos seus crit\u00e9rios cl\u00ednicos e do encaminhamento que nos \u00e9 feito, em que tipologia de unidades e em que caracter\u00edsticas de doentes eles se integram\u201d.<\/p>\n\n\n\n<p>Com a pandemia, o n\u00famero referenciados agravou-se, fruto da falta de capacidade de resposta dos servi\u00e7os p\u00fablicos para estes casos, tornando-se, por isso, urgente a revis\u00e3o do acordo que rege a rela\u00e7\u00e3o do Instituto com o Servi\u00e7o Nacional de Sa\u00fade h\u00e1 cerca de 40 anos. \u201cN\u00e3o \u00e9 justo que estejamos a receber doentes de maior complexidade e que isso n\u00e3o esteja a ser tido em conta nos programas terap\u00eauticos e nos respetivos pagamentos. As di\u00e1rias t\u00eam de ser revistas e devem ser definidos graus de complexidade para os doentes que nos s\u00e3o encaminhados, de maneira que os pr\u00f3prios pagamentos sejam feitos de acordo com a complexidade dos doentes que nos chegam\u201d, explica.<\/p>\n\n\n\n<p><\/p>\n\n\n\n<p><strong>Sa\u00fade mental para todos<\/strong><\/p>\n\n\n\n<p><\/p>\n\n\n\n<p>Com equipas multidisciplinares e programas de interven\u00e7\u00e3o adequados \u00e0s necessidades dos utentes, os centros assistenciais do Instituto S. Jo\u00e3o de Deus s\u00e3o acreditados pelo Sistema EQUASS (European Quality Assurance for Social Service) no \u00e2mbito da EPR (European Plataform for Rehabilitation). \u201cOs institutos t\u00eam a filosofia de reabilita\u00e7\u00e3o psicossocial, que tem como objetivo criar programas de reabilita\u00e7\u00e3o, adaptados a cada um, com a finalidade de conseguir que o maior grau de autonomia e de compet\u00eancias n\u00e3o se percam ou sejam readquiridos\u201d.<\/p>\n\n\n\n<p>Apesar de apresentar grande parte dos seus servi\u00e7os direcionados para os seus utentes, V\u00edtor Cotovio esclarece que a a\u00e7\u00e3o do Instituto S. Jo\u00e3o de Deus n\u00e3o est\u00e1 \u201cfechada sobre si pr\u00f3pria\u201d e, por isso, aposta tamb\u00e9m em projetos direcionados para a comunidade. Neste contexto, importa referir projetos como o \u201cCuidando\u201d e o \u201cHome 360\u201d, criados com o objetivo de dar respostas comunit\u00e1rias e contribuir para melhoraria da qualidade de vida das pessoas com problemas de sa\u00fade mental e dem\u00eancia.<\/p>\n\n\n\n<p>Criado com o objetivo de promover a empregabilidade das pessoas com doen\u00e7a mental, o \u201cCuidando\u201d procura ser uma resposta integrada e de proximidade, de interven\u00e7\u00e3o comunit\u00e1ria, direcionada a pessoas com doen\u00e7a mental. \u201cO \u2018Cuidando\u2019, para al\u00e9m de dar apoio \u00e0s pessoas que est\u00e3o em casa, na identifica\u00e7\u00e3o da descompensa\u00e7\u00e3o, na forma de lidar com a doen\u00e7a e na forma de fazer tratamento adequado, de modo a evitar reinternamentos, visa ainda a inclus\u00e3o social e socioprofissional destes doentes\u201d. Por sua vez, o \u201cHome 360\u201d incide na \u00e1rea das dem\u00eancias, uma das mais carenciadas em Portugal. \u201cO \u2018Home 360\u2019 tem como objetivo dar apoio \u00e0s pessoas com dem\u00eancia e aos seus cuidadores\u201d. Atrav\u00e9s do apoio personalizado a pessoas com dem\u00eancia e aos seus cuidadores informais, em contexto comunit\u00e1rio\/domicili\u00e1rio e utilizando a metodologia centrada na figura do gestor de caso, \u201cHome 360\u201d pretende, promover a inclus\u00e3o social, diminuindo as institucionaliza\u00e7\u00f5es precoces da pessoa com dem\u00eancia e a diminui\u00e7\u00e3o da sobrecarga do seu cuidador. \u201cNeste \u00e2mbito, estamos a desenvolver uma app direcionada aos cuidadores informais, que n\u00e3o s\u00f3 explica o que s\u00e3o as dem\u00eancias, como tamb\u00e9m d\u00e1 dicas e sugest\u00f5es sobre como lidar com a pessoa ao seu cuidado\u201d.<\/p>\n\n\n\n<p><\/p>\n\n\n\n<p><strong>Preven\u00e7\u00e3o e promo\u00e7\u00e3o devem ser alvo de maior investimento<\/strong><\/p>\n\n\n\n<p><\/p>\n\n\n\n<p>Apesar de todo o trabalho j\u00e1 desenvolvido, V\u00edtor Cotovio n\u00e3o esconde que ainda existem, no \u00e2mbito da sa\u00fade mental, in\u00fameros desafios a ultrapassar. A pandemia, o confinamento e os consequentes sentimentos de medo, solid\u00e3o e ang\u00fastia, tiveram um impacto muito forte na sa\u00fade mental dos portugueses, gerando novos casos de patologia e agravando os que j\u00e1 existiam. Perante esta realidade, urge delinear novas estrat\u00e9gias que atribuam \u00e0 sa\u00fade mental o seu devido valor. \u201c\u00c9 fundamental que existam cada vez mais programas de preven\u00e7\u00e3o e de literacia, promo\u00e7\u00e3o de sa\u00fade mental e cada vez mais programas que desmontem o estigma ainda ligado a esta doen\u00e7a. Sinto que \u00e9 um trabalho que ainda est\u00e1 em desenvolvimento, mas que as pessoas est\u00e3o cada vez mais implicadas nisso.<\/p>\n","protected":false},"excerpt":{"rendered":"<p>A presta\u00e7\u00e3o de cuidados de sa\u00fade a pessoas portadoras de doen\u00e7a mental \u00e9 uma das dimens\u00f5es do Instituto S. Jo\u00e3o de Deus que, neste dom\u00ednio, tem vindo a desenvolver um merit\u00f3rio trabalho na preven\u00e7\u00e3o, diagn\u00f3stico e tratamento de problemas mentais, emocionais ou comportamentais. Para melhor conhecermos o trabalho desenvolvido pelo&hellip;<\/p>\n","protected":false},"author":17,"featured_media":4870,"comment_status":"closed","ping_status":"open","sticky":false,"template":"","format":"standard","meta":{"advgb_blocks_editor_width":"","advgb_blocks_columns_visual_guide":"","_monsterinsights_skip_tracking":false,"_monsterinsights_sitenote_active":false,"_monsterinsights_sitenote_note":"","_monsterinsights_sitenote_category":0,"footnotes":""},"categories":[313],"tags":[1119,1118,1120],"class_list":["post-4869","post","type-post","status-publish","format-standard","has-post-thumbnail","hentry","category-saude","tag-medo","tag-saude-mental","tag-solidao"],"yoast_head":"<!-- This site is optimized with the Yoast SEO plugin v24.4 - https:\/\/yoast.com\/wordpress\/plugins\/seo\/ -->\n<title>Instituto S. Jo\u00e3o de Deus promove uma \u201csa\u00fade mental para todos\u201d - Mais Magazine<\/title>\n<meta name=\"description\" content=\"A presta\u00e7\u00e3o de cuidados de sa\u00fade a pessoas portadoras de doen\u00e7a mental \u00e9 uma das dimens\u00f5es do Instituto S. Jo\u00e3o de Deus que, neste dom\u00ednio, tem vindo a desenvolver um merit\u00f3rio trabalho na preven\u00e7\u00e3o, diagn\u00f3stico e tratamento de problemas mentais, emocionais ou comportamentais. Para melhor conhecermos o trabalho desenvolvido pelo Instituto neste dom\u00ednio, estivemos \u00e0 conversa com V\u00edtor Cotovio, Diretor Cl\u00ednico do Hospital Psiqui\u00e1trico Casa de Sa\u00fade do Telhal, que nos revelou os principais desafios do presente e futuro da Sa\u00fade Mental em Portugal.\" \/>\n<meta name=\"robots\" content=\"index, follow, max-snippet:-1, max-image-preview:large, max-video-preview:-1\" \/>\n<link rel=\"canonical\" href=\"https:\/\/maismagazine.pt\/index.php\/2022\/11\/11\/instituto-s-joao-de-deus-promove-uma-saude-mental-para-todos\/\" \/>\n<meta property=\"og:locale\" content=\"pt_PT\" \/>\n<meta property=\"og:type\" content=\"article\" \/>\n<meta property=\"og:title\" content=\"Instituto S. Jo\u00e3o de Deus promove uma \u201csa\u00fade mental para todos\u201d - Mais Magazine\" \/>\n<meta property=\"og:description\" content=\"A presta\u00e7\u00e3o de cuidados de sa\u00fade a pessoas portadoras de doen\u00e7a mental \u00e9 uma das dimens\u00f5es do Instituto S. Jo\u00e3o de Deus que, neste dom\u00ednio, tem vindo a desenvolver um merit\u00f3rio trabalho na preven\u00e7\u00e3o, diagn\u00f3stico e tratamento de problemas mentais, emocionais ou comportamentais. Para melhor conhecermos o trabalho desenvolvido pelo Instituto neste dom\u00ednio, estivemos \u00e0 conversa com V\u00edtor Cotovio, Diretor Cl\u00ednico do Hospital Psiqui\u00e1trico Casa de Sa\u00fade do Telhal, que nos revelou os principais desafios do presente e futuro da Sa\u00fade Mental em Portugal.\" \/>\n<meta property=\"og:url\" content=\"https:\/\/maismagazine.pt\/index.php\/2022\/11\/11\/instituto-s-joao-de-deus-promove-uma-saude-mental-para-todos\/\" \/>\n<meta property=\"og:site_name\" content=\"Mais Magazine\" \/>\n<meta property=\"article:published_time\" content=\"2022-11-11T07:00:00+00:00\" \/>\n<meta property=\"og:image\" content=\"https:\/\/maismagazine.pt\/wp-content\/uploads\/2022\/11\/Meu-projeto.jpg\" \/>\n\t<meta property=\"og:image:width\" content=\"1080\" \/>\n\t<meta property=\"og:image:height\" content=\"1080\" \/>\n\t<meta property=\"og:image:type\" content=\"image\/jpeg\" \/>\n<meta name=\"author\" content=\"Tiago Costa\" \/>\n<meta name=\"twitter:card\" content=\"summary_large_image\" \/>\n<meta name=\"twitter:label1\" content=\"Escrito por\" \/>\n\t<meta name=\"twitter:data1\" content=\"\" \/>\n\t<meta name=\"twitter:label2\" content=\"Tempo estimado de leitura\" \/>\n\t<meta name=\"twitter:data2\" content=\"4 minutos\" \/>\n<script type=\"application\/ld+json\" class=\"yoast-schema-graph\">{\"@context\":\"https:\/\/schema.org\",\"@graph\":[{\"@type\":\"Article\",\"@id\":\"https:\/\/maismagazine.pt\/index.php\/2022\/11\/11\/instituto-s-joao-de-deus-promove-uma-saude-mental-para-todos\/#article\",\"isPartOf\":{\"@id\":\"https:\/\/maismagazine.pt\/index.php\/2022\/11\/11\/instituto-s-joao-de-deus-promove-uma-saude-mental-para-todos\/\"},\"author\":{\"name\":\"Tiago Costa\",\"@id\":\"http:\/\/maismagazine.pt\/#\/schema\/person\/c6c5bfccc886434cbd11c74e035f9646\"},\"headline\":\"Instituto S. Jo\u00e3o de Deus promove uma \u201csa\u00fade mental para todos\u201d\",\"datePublished\":\"2022-11-11T07:00:00+00:00\",\"mainEntityOfPage\":{\"@id\":\"https:\/\/maismagazine.pt\/index.php\/2022\/11\/11\/instituto-s-joao-de-deus-promove-uma-saude-mental-para-todos\/\"},\"wordCount\":995,\"publisher\":{\"@id\":\"http:\/\/maismagazine.pt\/#organization\"},\"image\":{\"@id\":\"https:\/\/maismagazine.pt\/index.php\/2022\/11\/11\/instituto-s-joao-de-deus-promove-uma-saude-mental-para-todos\/#primaryimage\"},\"thumbnailUrl\":\"https:\/\/maismagazine.pt\/wp-content\/uploads\/2022\/11\/Meu-projeto.jpg\",\"keywords\":[\"medo\",\"sa\u00fade mental\",\"solid\u00e3o\"],\"articleSection\":[\"Sa\u00fade\"],\"inLanguage\":\"pt-PT\"},{\"@type\":\"WebPage\",\"@id\":\"https:\/\/maismagazine.pt\/index.php\/2022\/11\/11\/instituto-s-joao-de-deus-promove-uma-saude-mental-para-todos\/\",\"url\":\"https:\/\/maismagazine.pt\/index.php\/2022\/11\/11\/instituto-s-joao-de-deus-promove-uma-saude-mental-para-todos\/\",\"name\":\"Instituto S. Jo\u00e3o de Deus promove uma \u201csa\u00fade mental para todos\u201d - Mais Magazine\",\"isPartOf\":{\"@id\":\"http:\/\/maismagazine.pt\/#website\"},\"primaryImageOfPage\":{\"@id\":\"https:\/\/maismagazine.pt\/index.php\/2022\/11\/11\/instituto-s-joao-de-deus-promove-uma-saude-mental-para-todos\/#primaryimage\"},\"image\":{\"@id\":\"https:\/\/maismagazine.pt\/index.php\/2022\/11\/11\/instituto-s-joao-de-deus-promove-uma-saude-mental-para-todos\/#primaryimage\"},\"thumbnailUrl\":\"https:\/\/maismagazine.pt\/wp-content\/uploads\/2022\/11\/Meu-projeto.jpg\",\"datePublished\":\"2022-11-11T07:00:00+00:00\",\"description\":\"A presta\u00e7\u00e3o de cuidados de sa\u00fade a pessoas portadoras de doen\u00e7a mental \u00e9 uma das dimens\u00f5es do Instituto S. Jo\u00e3o de Deus que, neste dom\u00ednio, tem vindo a desenvolver um merit\u00f3rio trabalho na preven\u00e7\u00e3o, diagn\u00f3stico e tratamento de problemas mentais, emocionais ou comportamentais. Para melhor conhecermos o trabalho desenvolvido pelo Instituto neste dom\u00ednio, estivemos \u00e0 conversa com V\u00edtor Cotovio, Diretor Cl\u00ednico do Hospital Psiqui\u00e1trico Casa de Sa\u00fade do Telhal, que nos revelou os principais desafios do presente e futuro da Sa\u00fade Mental em Portugal.\",\"breadcrumb\":{\"@id\":\"https:\/\/maismagazine.pt\/index.php\/2022\/11\/11\/instituto-s-joao-de-deus-promove-uma-saude-mental-para-todos\/#breadcrumb\"},\"inLanguage\":\"pt-PT\",\"potentialAction\":[{\"@type\":\"ReadAction\",\"target\":[\"https:\/\/maismagazine.pt\/index.php\/2022\/11\/11\/instituto-s-joao-de-deus-promove-uma-saude-mental-para-todos\/\"]}]},{\"@type\":\"ImageObject\",\"inLanguage\":\"pt-PT\",\"@id\":\"https:\/\/maismagazine.pt\/index.php\/2022\/11\/11\/instituto-s-joao-de-deus-promove-uma-saude-mental-para-todos\/#primaryimage\",\"url\":\"https:\/\/maismagazine.pt\/wp-content\/uploads\/2022\/11\/Meu-projeto.jpg\",\"contentUrl\":\"https:\/\/maismagazine.pt\/wp-content\/uploads\/2022\/11\/Meu-projeto.jpg\",\"width\":1080,\"height\":1080},{\"@type\":\"BreadcrumbList\",\"@id\":\"https:\/\/maismagazine.pt\/index.php\/2022\/11\/11\/instituto-s-joao-de-deus-promove-uma-saude-mental-para-todos\/#breadcrumb\",\"itemListElement\":[{\"@type\":\"ListItem\",\"position\":1,\"name\":\"Home\",\"item\":\"http:\/\/maismagazine.pt\/\"},{\"@type\":\"ListItem\",\"position\":2,\"name\":\"Instituto S. Jo\u00e3o de Deus promove uma \u201csa\u00fade mental para todos\u201d\"}]},{\"@type\":\"WebSite\",\"@id\":\"http:\/\/maismagazine.pt\/#website\",\"url\":\"http:\/\/maismagazine.pt\/\",\"name\":\"Mais Magazine\",\"description\":\"\",\"publisher\":{\"@id\":\"http:\/\/maismagazine.pt\/#organization\"},\"potentialAction\":[{\"@type\":\"SearchAction\",\"target\":{\"@type\":\"EntryPoint\",\"urlTemplate\":\"http:\/\/maismagazine.pt\/?s={search_term_string}\"},\"query-input\":{\"@type\":\"PropertyValueSpecification\",\"valueRequired\":true,\"valueName\":\"search_term_string\"}}],\"inLanguage\":\"pt-PT\"},{\"@type\":\"Organization\",\"@id\":\"http:\/\/maismagazine.pt\/#organization\",\"name\":\"Mais Magazine\",\"url\":\"http:\/\/maismagazine.pt\/\",\"logo\":{\"@type\":\"ImageObject\",\"inLanguage\":\"pt-PT\",\"@id\":\"http:\/\/maismagazine.pt\/#\/schema\/logo\/image\/\",\"url\":\"https:\/\/maismagazine.pt\/wp-content\/uploads\/2020\/04\/cropped-cropped-mais-magazine-site-logo-2.png\",\"contentUrl\":\"https:\/\/maismagazine.pt\/wp-content\/uploads\/2020\/04\/cropped-cropped-mais-magazine-site-logo-2.png\",\"width\":581,\"height\":90,\"caption\":\"Mais Magazine\"},\"image\":{\"@id\":\"http:\/\/maismagazine.pt\/#\/schema\/logo\/image\/\"}},{\"@type\":\"Person\",\"@id\":\"http:\/\/maismagazine.pt\/#\/schema\/person\/c6c5bfccc886434cbd11c74e035f9646\",\"name\":\"Tiago Costa\",\"image\":{\"@type\":\"ImageObject\",\"inLanguage\":\"pt-PT\",\"@id\":\"http:\/\/maismagazine.pt\/#\/schema\/person\/image\/\",\"url\":\"https:\/\/secure.gravatar.com\/avatar\/c599b2bce16c9870429198cbad5ee022?s=96&d=mm&r=g\",\"contentUrl\":\"https:\/\/secure.gravatar.com\/avatar\/c599b2bce16c9870429198cbad5ee022?s=96&d=mm&r=g\",\"caption\":\"Tiago Costa\"},\"url\":\"https:\/\/maismagazine.pt\/index.php\/author\/tiago\/\"}]}<\/script>\n<!-- \/ Yoast SEO plugin. -->","yoast_head_json":{"title":"Instituto S. Jo\u00e3o de Deus promove uma \u201csa\u00fade mental para todos\u201d - Mais Magazine","description":"A presta\u00e7\u00e3o de cuidados de sa\u00fade a pessoas portadoras de doen\u00e7a mental \u00e9 uma das dimens\u00f5es do Instituto S. Jo\u00e3o de Deus que, neste dom\u00ednio, tem vindo a desenvolver um merit\u00f3rio trabalho na preven\u00e7\u00e3o, diagn\u00f3stico e tratamento de problemas mentais, emocionais ou comportamentais. Para melhor conhecermos o trabalho desenvolvido pelo Instituto neste dom\u00ednio, estivemos \u00e0 conversa com V\u00edtor Cotovio, Diretor Cl\u00ednico do Hospital Psiqui\u00e1trico Casa de Sa\u00fade do Telhal, que nos revelou os principais desafios do presente e futuro da Sa\u00fade Mental em Portugal.","robots":{"index":"index","follow":"follow","max-snippet":"max-snippet:-1","max-image-preview":"max-image-preview:large","max-video-preview":"max-video-preview:-1"},"canonical":"https:\/\/maismagazine.pt\/index.php\/2022\/11\/11\/instituto-s-joao-de-deus-promove-uma-saude-mental-para-todos\/","og_locale":"pt_PT","og_type":"article","og_title":"Instituto S. Jo\u00e3o de Deus promove uma \u201csa\u00fade mental para todos\u201d - Mais Magazine","og_description":"A presta\u00e7\u00e3o de cuidados de sa\u00fade a pessoas portadoras de doen\u00e7a mental \u00e9 uma das dimens\u00f5es do Instituto S. Jo\u00e3o de Deus que, neste dom\u00ednio, tem vindo a desenvolver um merit\u00f3rio trabalho na preven\u00e7\u00e3o, diagn\u00f3stico e tratamento de problemas mentais, emocionais ou comportamentais. Para melhor conhecermos o trabalho desenvolvido pelo Instituto neste dom\u00ednio, estivemos \u00e0 conversa com V\u00edtor Cotovio, Diretor Cl\u00ednico do Hospital Psiqui\u00e1trico Casa de Sa\u00fade do Telhal, que nos revelou os principais desafios do presente e futuro da Sa\u00fade Mental em Portugal.","og_url":"https:\/\/maismagazine.pt\/index.php\/2022\/11\/11\/instituto-s-joao-de-deus-promove-uma-saude-mental-para-todos\/","og_site_name":"Mais Magazine","article_published_time":"2022-11-11T07:00:00+00:00","og_image":[{"width":1080,"height":1080,"url":"https:\/\/maismagazine.pt\/wp-content\/uploads\/2022\/11\/Meu-projeto.jpg","type":"image\/jpeg"}],"author":"Tiago Costa","twitter_card":"summary_large_image","twitter_misc":{"Escrito por":false,"Tempo estimado de leitura":"4 minutos"},"schema":{"@context":"https:\/\/schema.org","@graph":[{"@type":"Article","@id":"https:\/\/maismagazine.pt\/index.php\/2022\/11\/11\/instituto-s-joao-de-deus-promove-uma-saude-mental-para-todos\/#article","isPartOf":{"@id":"https:\/\/maismagazine.pt\/index.php\/2022\/11\/11\/instituto-s-joao-de-deus-promove-uma-saude-mental-para-todos\/"},"author":{"name":"Tiago Costa","@id":"http:\/\/maismagazine.pt\/#\/schema\/person\/c6c5bfccc886434cbd11c74e035f9646"},"headline":"Instituto S. Jo\u00e3o de Deus promove uma \u201csa\u00fade mental para todos\u201d","datePublished":"2022-11-11T07:00:00+00:00","mainEntityOfPage":{"@id":"https:\/\/maismagazine.pt\/index.php\/2022\/11\/11\/instituto-s-joao-de-deus-promove-uma-saude-mental-para-todos\/"},"wordCount":995,"publisher":{"@id":"http:\/\/maismagazine.pt\/#organization"},"image":{"@id":"https:\/\/maismagazine.pt\/index.php\/2022\/11\/11\/instituto-s-joao-de-deus-promove-uma-saude-mental-para-todos\/#primaryimage"},"thumbnailUrl":"https:\/\/maismagazine.pt\/wp-content\/uploads\/2022\/11\/Meu-projeto.jpg","keywords":["medo","sa\u00fade mental","solid\u00e3o"],"articleSection":["Sa\u00fade"],"inLanguage":"pt-PT"},{"@type":"WebPage","@id":"https:\/\/maismagazine.pt\/index.php\/2022\/11\/11\/instituto-s-joao-de-deus-promove-uma-saude-mental-para-todos\/","url":"https:\/\/maismagazine.pt\/index.php\/2022\/11\/11\/instituto-s-joao-de-deus-promove-uma-saude-mental-para-todos\/","name":"Instituto S. Jo\u00e3o de Deus promove uma \u201csa\u00fade mental para todos\u201d - Mais Magazine","isPartOf":{"@id":"http:\/\/maismagazine.pt\/#website"},"primaryImageOfPage":{"@id":"https:\/\/maismagazine.pt\/index.php\/2022\/11\/11\/instituto-s-joao-de-deus-promove-uma-saude-mental-para-todos\/#primaryimage"},"image":{"@id":"https:\/\/maismagazine.pt\/index.php\/2022\/11\/11\/instituto-s-joao-de-deus-promove-uma-saude-mental-para-todos\/#primaryimage"},"thumbnailUrl":"https:\/\/maismagazine.pt\/wp-content\/uploads\/2022\/11\/Meu-projeto.jpg","datePublished":"2022-11-11T07:00:00+00:00","description":"A presta\u00e7\u00e3o de cuidados de sa\u00fade a pessoas portadoras de doen\u00e7a mental \u00e9 uma das dimens\u00f5es do Instituto S. Jo\u00e3o de Deus que, neste dom\u00ednio, tem vindo a desenvolver um merit\u00f3rio trabalho na preven\u00e7\u00e3o, diagn\u00f3stico e tratamento de problemas mentais, emocionais ou comportamentais. Para melhor conhecermos o trabalho desenvolvido pelo Instituto neste dom\u00ednio, estivemos \u00e0 conversa com V\u00edtor Cotovio, Diretor Cl\u00ednico do Hospital Psiqui\u00e1trico Casa de Sa\u00fade do Telhal, que nos revelou os principais desafios do presente e futuro da Sa\u00fade Mental em Portugal.","breadcrumb":{"@id":"https:\/\/maismagazine.pt\/index.php\/2022\/11\/11\/instituto-s-joao-de-deus-promove-uma-saude-mental-para-todos\/#breadcrumb"},"inLanguage":"pt-PT","potentialAction":[{"@type":"ReadAction","target":["https:\/\/maismagazine.pt\/index.php\/2022\/11\/11\/instituto-s-joao-de-deus-promove-uma-saude-mental-para-todos\/"]}]},{"@type":"ImageObject","inLanguage":"pt-PT","@id":"https:\/\/maismagazine.pt\/index.php\/2022\/11\/11\/instituto-s-joao-de-deus-promove-uma-saude-mental-para-todos\/#primaryimage","url":"https:\/\/maismagazine.pt\/wp-content\/uploads\/2022\/11\/Meu-projeto.jpg","contentUrl":"https:\/\/maismagazine.pt\/wp-content\/uploads\/2022\/11\/Meu-projeto.jpg","width":1080,"height":1080},{"@type":"BreadcrumbList","@id":"https:\/\/maismagazine.pt\/index.php\/2022\/11\/11\/instituto-s-joao-de-deus-promove-uma-saude-mental-para-todos\/#breadcrumb","itemListElement":[{"@type":"ListItem","position":1,"name":"Home","item":"http:\/\/maismagazine.pt\/"},{"@type":"ListItem","position":2,"name":"Instituto S. Jo\u00e3o de Deus promove uma \u201csa\u00fade mental para todos\u201d"}]},{"@type":"WebSite","@id":"http:\/\/maismagazine.pt\/#website","url":"http:\/\/maismagazine.pt\/","name":"Mais Magazine","description":"","publisher":{"@id":"http:\/\/maismagazine.pt\/#organization"},"potentialAction":[{"@type":"SearchAction","target":{"@type":"EntryPoint","urlTemplate":"http:\/\/maismagazine.pt\/?s={search_term_string}"},"query-input":{"@type":"PropertyValueSpecification","valueRequired":true,"valueName":"search_term_string"}}],"inLanguage":"pt-PT"},{"@type":"Organization","@id":"http:\/\/maismagazine.pt\/#organization","name":"Mais Magazine","url":"http:\/\/maismagazine.pt\/","logo":{"@type":"ImageObject","inLanguage":"pt-PT","@id":"http:\/\/maismagazine.pt\/#\/schema\/logo\/image\/","url":"https:\/\/maismagazine.pt\/wp-content\/uploads\/2020\/04\/cropped-cropped-mais-magazine-site-logo-2.png","contentUrl":"https:\/\/maismagazine.pt\/wp-content\/uploads\/2020\/04\/cropped-cropped-mais-magazine-site-logo-2.png","width":581,"height":90,"caption":"Mais Magazine"},"image":{"@id":"http:\/\/maismagazine.pt\/#\/schema\/logo\/image\/"}},{"@type":"Person","@id":"http:\/\/maismagazine.pt\/#\/schema\/person\/c6c5bfccc886434cbd11c74e035f9646","name":"Tiago Costa","image":{"@type":"ImageObject","inLanguage":"pt-PT","@id":"http:\/\/maismagazine.pt\/#\/schema\/person\/image\/","url":"https:\/\/secure.gravatar.com\/avatar\/c599b2bce16c9870429198cbad5ee022?s=96&d=mm&r=g","contentUrl":"https:\/\/secure.gravatar.com\/avatar\/c599b2bce16c9870429198cbad5ee022?s=96&d=mm&r=g","caption":"Tiago Costa"},"url":"https:\/\/maismagazine.pt\/index.php\/author\/tiago\/"}]}},"author_meta":{"display_name":false,"author_link":"https:\/\/maismagazine.pt\/index.php\/author\/tiago\/"},"featured_img":"https:\/\/maismagazine.pt\/wp-content\/uploads\/2022\/11\/Meu-projeto-300x300.jpg","coauthors":[],"tax_additional":{"categories":{"linked":["<a href=\"https:\/\/maismagazine.pt\/index.php\/category\/mundo-empresarial\/saude\/\" class=\"advgb-post-tax-term\">Sa\u00fade<\/a>"],"unlinked":["<span class=\"advgb-post-tax-term\">Sa\u00fade<\/span>"]},"tags":{"linked":["<a href=\"https:\/\/maismagazine.pt\/index.php\/category\/mundo-empresarial\/saude\/\" class=\"advgb-post-tax-term\">medo<\/a>","<a href=\"https:\/\/maismagazine.pt\/index.php\/category\/mundo-empresarial\/saude\/\" class=\"advgb-post-tax-term\">sa\u00fade mental<\/a>","<a href=\"https:\/\/maismagazine.pt\/index.php\/category\/mundo-empresarial\/saude\/\" class=\"advgb-post-tax-term\">solid\u00e3o<\/a>"],"unlinked":["<span class=\"advgb-post-tax-term\">medo<\/span>","<span class=\"advgb-post-tax-term\">sa\u00fade mental<\/span>","<span class=\"advgb-post-tax-term\">solid\u00e3o<\/span>"]}},"comment_count":"0","relative_dates":{"created":"Posted 3 anos ago","modified":"Updated 3 anos ago"},"absolute_dates":{"created":"Posted on 11 de Novembro, 2022","modified":"Updated on 4 de Novembro, 2022"},"absolute_dates_time":{"created":"Posted on 11 de Novembro, 2022 7:00","modified":"Updated on 4 de Novembro, 2022 16:47"},"featured_img_caption":"","series_order":"","_links":{"self":[{"href":"https:\/\/maismagazine.pt\/index.php\/wp-json\/wp\/v2\/posts\/4869","targetHints":{"allow":["GET"]}}],"collection":[{"href":"https:\/\/maismagazine.pt\/index.php\/wp-json\/wp\/v2\/posts"}],"about":[{"href":"https:\/\/maismagazine.pt\/index.php\/wp-json\/wp\/v2\/types\/post"}],"author":[{"embeddable":true,"href":"https:\/\/maismagazine.pt\/index.php\/wp-json\/wp\/v2\/users\/17"}],"replies":[{"embeddable":true,"href":"https:\/\/maismagazine.pt\/index.php\/wp-json\/wp\/v2\/comments?post=4869"}],"version-history":[{"count":2,"href":"https:\/\/maismagazine.pt\/index.php\/wp-json\/wp\/v2\/posts\/4869\/revisions"}],"predecessor-version":[{"id":4976,"href":"https:\/\/maismagazine.pt\/index.php\/wp-json\/wp\/v2\/posts\/4869\/revisions\/4976"}],"wp:featuredmedia":[{"embeddable":true,"href":"https:\/\/maismagazine.pt\/index.php\/wp-json\/wp\/v2\/media\/4870"}],"wp:attachment":[{"href":"https:\/\/maismagazine.pt\/index.php\/wp-json\/wp\/v2\/media?parent=4869"}],"wp:term":[{"taxonomy":"category","embeddable":true,"href":"https:\/\/maismagazine.pt\/index.php\/wp-json\/wp\/v2\/categories?post=4869"},{"taxonomy":"post_tag","embeddable":true,"href":"https:\/\/maismagazine.pt\/index.php\/wp-json\/wp\/v2\/tags?post=4869"}],"curies":[{"name":"wp","href":"https:\/\/api.w.org\/{rel}","templated":true}]}}