{"id":4735,"date":"2022-10-06T13:44:25","date_gmt":"2022-10-06T12:44:25","guid":{"rendered":"http:\/\/maismagazine.pt\/?p=4735"},"modified":"2022-10-06T13:44:25","modified_gmt":"2022-10-06T12:44:25","slug":"editorial-agosto-2022","status":"publish","type":"post","link":"https:\/\/maismagazine.pt\/index.php\/2022\/10\/06\/editorial-agosto-2022\/","title":{"rendered":"Editorial | agosto 2022"},"content":{"rendered":"\n<p>\u00c9 com um copo de vinho na m\u00e3o que lhe abrimos as portas do nosso pa\u00eds, uma vez mais, ao longo das pr\u00f3ximas p\u00e1ginas. \u201cQuerido\u201d para alguns, detestado pelo marasmo da \u201csilly season\u201d por outros, o m\u00eas de agosto \u00e9 inevitavelmente associado a f\u00e9rias, calor e turismo. Nesta edi\u00e7\u00e3o dedicamo-nos particularmente ao Enoturismo, um setor com tanto caminho para crescer no nosso pa\u00eds. A ideia em si parece n\u00e3o poder encaixar melhor no conceito que temos de Portugal. Um pa\u00eds de \u00f3timos vinhos, com regi\u00f5es demarcadas em cada canto, com particularidades que parecem imposs\u00edveis para uma geografia t\u00e3o pequena.<\/p>\n\n\n\n<p><\/p>\n\n\n\n<p>A oferta \u00e9 cada vez maior e diversificada. Hoje \u00e9 poss\u00edvel visitar as incompar\u00e1veis quintas do Alto Douro e ver como s\u00e3o feitos os vinhos da \u201cregi\u00e3o demarcada mais antiga do mundo\u201d. Ou pelo Minho e Douro Litoral apreciar as tamb\u00e9m imponentes quintas onde se faz cada vez mais justi\u00e7a ao Vinho Verde. Descendo pela Bairrada, ou pela Beira Interior, seguindo pelo Tejo e pelos Vinhos de Lisboa, at\u00e9 ao imenso Alentejo e ao Algarve, em todas estas zonas h\u00e1 vinhos que qualquer apreciador tem mesmo de provar. E temos ainda as ilhas, com vinhos que v\u00e3o ganhando maior relev\u00e2ncia tamb\u00e9m na Madeira e nos A\u00e7ores. Em muitos destes locais, para al\u00e9m das habituais provas, j\u00e1 pode participar nas vindimas, por exemplo \u2013 e j\u00e1 n\u00e3o falta muito para que comecem. E, sobretudo, conhecer hist\u00f3rias de v\u00e1rias gera\u00e7\u00f5es familiares, numa atividade onde \u00e9 essa a tradi\u00e7\u00e3o e que resulta em relatos apaixonantes.<\/p>\n\n\n\n<p><\/p>\n\n\n\n<p>Deixamos ainda o convite para que se delicie, por exemplo, num picnic com vista para a cidade do Porto \u2013 \u00e9 folhear e descobrir, n\u00e3o revelando j\u00e1 tudo aqui.<\/p>\n\n\n\n<p>Ainda nesta edi\u00e7\u00e3o antecipamos o Plastic Summit, que se realiza no pr\u00f3ximo m\u00eas de outubro, em Lisboa. Um tema extremamente atual, com a \u201cguerra\u201d ao pl\u00e1stico na ordem do dia. Oportunidade para lermos as posi\u00e7\u00f5es de empres\u00e1rios do setor e conhecer as inova\u00e7\u00f5es desenvolvidas no campo da reciclagem e reutiliza\u00e7\u00e3o de materiais. Afinal s\u00f3 \u00e9 f\u00e1cil demonizar o pl\u00e1stico se nos esquecermos de todas as suas imensas utilidades. O maior perigo vir\u00e1, sim, do excesso de produ\u00e7\u00e3o de todo o tipo de materiais, em ciclos de utiliza\u00e7\u00e3o cada vez mais baixos e num reaproveitamento muito baixo dos mesmos. Parece cada vez mais \u00f3bvio que industria ligada ao pl\u00e1stico far\u00e1 (e ter\u00e1 de fazer) parte da solu\u00e7\u00e3o, e n\u00e3o ser encarada apenas como um alvo a abater. Basta pensar nas consequ\u00eancias terr\u00edveis de se aumentar o consumo de papel como alternativa.<\/p>\n\n\n\n<p><\/p>\n\n\n\n<p>Boas leituras e boas f\u00e9rias!<\/p>\n","protected":false},"excerpt":{"rendered":"<p>\u00c9 com um copo de vinho na m\u00e3o que lhe abrimos as portas do nosso pa\u00eds, uma vez mais, ao longo das pr\u00f3ximas p\u00e1ginas. \u201cQuerido\u201d para alguns, detestado pelo marasmo da \u201csilly season\u201d por outros, o m\u00eas de agosto \u00e9 inevitavelmente associado a f\u00e9rias, calor e turismo. Nesta edi\u00e7\u00e3o dedicamo-nos&hellip;<\/p>\n","protected":false},"author":7,"featured_media":4736,"comment_status":"closed","ping_status":"open","sticky":false,"template":"","format":"standard","meta":{"advgb_blocks_editor_width":"","advgb_blocks_columns_visual_guide":"","_monsterinsights_skip_tracking":false,"_monsterinsights_sitenote_active":false,"_monsterinsights_sitenote_note":"","_monsterinsights_sitenote_category":0,"footnotes":""},"categories":[815],"tags":[816,1063,172,171,818],"class_list":["post-4735","post","type-post","status-publish","format-standard","has-post-thumbnail","hentry","category-editoriais","tag-editorial","tag-joao-2","tag-magazine","tag-mais","tag-malainho"],"yoast_head":"<!-- This site is optimized with the Yoast SEO plugin v24.4 - https:\/\/yoast.com\/wordpress\/plugins\/seo\/ -->\n<title>Editorial | agosto 2022 - Mais Magazine<\/title>\n<meta name=\"description\" content=\"\u00c9 com um copo de vinho na m\u00e3o que lhe abrimos as portas do nosso pa\u00eds, uma vez mais, ao longo das pr\u00f3ximas p\u00e1ginas.\" \/>\n<meta name=\"robots\" content=\"index, follow, max-snippet:-1, max-image-preview:large, max-video-preview:-1\" \/>\n<link rel=\"canonical\" href=\"https:\/\/maismagazine.pt\/index.php\/2022\/10\/06\/editorial-agosto-2022\/\" \/>\n<meta property=\"og:locale\" content=\"pt_PT\" \/>\n<meta property=\"og:type\" content=\"article\" \/>\n<meta property=\"og:title\" content=\"Editorial | agosto 2022 - Mais Magazine\" \/>\n<meta property=\"og:description\" content=\"\u00c9 com um copo de vinho na m\u00e3o que lhe abrimos as portas do nosso pa\u00eds, uma vez mais, ao longo das pr\u00f3ximas p\u00e1ginas.\" \/>\n<meta property=\"og:url\" content=\"https:\/\/maismagazine.pt\/index.php\/2022\/10\/06\/editorial-agosto-2022\/\" \/>\n<meta property=\"og:site_name\" content=\"Mais Magazine\" \/>\n<meta property=\"article:published_time\" content=\"2022-10-06T12:44:25+00:00\" \/>\n<meta property=\"og:image\" content=\"https:\/\/maismagazine.pt\/wp-content\/uploads\/2022\/10\/facebook-cover-Mais-Agosto-22.jpg\" \/>\n\t<meta property=\"og:image:width\" content=\"1640\" \/>\n\t<meta property=\"og:image:height\" content=\"720\" \/>\n\t<meta property=\"og:image:type\" content=\"image\/jpeg\" \/>\n<meta name=\"author\" content=\"Jo\u00e3o Malainho\" \/>\n<meta name=\"twitter:card\" content=\"summary_large_image\" \/>\n<meta name=\"twitter:label1\" content=\"Escrito por\" \/>\n\t<meta name=\"twitter:data1\" content=\"\" \/>\n\t<meta name=\"twitter:label2\" content=\"Tempo estimado de leitura\" \/>\n\t<meta name=\"twitter:data2\" content=\"2 minutos\" \/>\n<script type=\"application\/ld+json\" class=\"yoast-schema-graph\">{\"@context\":\"https:\/\/schema.org\",\"@graph\":[{\"@type\":\"Article\",\"@id\":\"https:\/\/maismagazine.pt\/index.php\/2022\/10\/06\/editorial-agosto-2022\/#article\",\"isPartOf\":{\"@id\":\"https:\/\/maismagazine.pt\/index.php\/2022\/10\/06\/editorial-agosto-2022\/\"},\"author\":{\"name\":\"Jo\u00e3o Malainho\",\"@id\":\"https:\/\/maismagazine.pt\/#\/schema\/person\/999bd426f894ff56d397ec12ebd21ebb\"},\"headline\":\"Editorial | agosto 2022\",\"datePublished\":\"2022-10-06T12:44:25+00:00\",\"mainEntityOfPage\":{\"@id\":\"https:\/\/maismagazine.pt\/index.php\/2022\/10\/06\/editorial-agosto-2022\/\"},\"wordCount\":466,\"publisher\":{\"@id\":\"https:\/\/maismagazine.pt\/#organization\"},\"image\":{\"@id\":\"https:\/\/maismagazine.pt\/index.php\/2022\/10\/06\/editorial-agosto-2022\/#primaryimage\"},\"thumbnailUrl\":\"https:\/\/maismagazine.pt\/wp-content\/uploads\/2022\/10\/facebook-cover-Mais-Agosto-22.jpg\",\"keywords\":[\"editorial\",\"joao\",\"magazine\",\"mais\",\"malainho\"],\"articleSection\":[\"Editoriais\"],\"inLanguage\":\"pt-PT\"},{\"@type\":\"WebPage\",\"@id\":\"https:\/\/maismagazine.pt\/index.php\/2022\/10\/06\/editorial-agosto-2022\/\",\"url\":\"https:\/\/maismagazine.pt\/index.php\/2022\/10\/06\/editorial-agosto-2022\/\",\"name\":\"Editorial | agosto 2022 - Mais Magazine\",\"isPartOf\":{\"@id\":\"https:\/\/maismagazine.pt\/#website\"},\"primaryImageOfPage\":{\"@id\":\"https:\/\/maismagazine.pt\/index.php\/2022\/10\/06\/editorial-agosto-2022\/#primaryimage\"},\"image\":{\"@id\":\"https:\/\/maismagazine.pt\/index.php\/2022\/10\/06\/editorial-agosto-2022\/#primaryimage\"},\"thumbnailUrl\":\"https:\/\/maismagazine.pt\/wp-content\/uploads\/2022\/10\/facebook-cover-Mais-Agosto-22.jpg\",\"datePublished\":\"2022-10-06T12:44:25+00:00\",\"description\":\"\u00c9 com um copo de vinho na m\u00e3o que lhe abrimos as portas do nosso pa\u00eds, uma vez mais, ao longo das pr\u00f3ximas p\u00e1ginas.\",\"breadcrumb\":{\"@id\":\"https:\/\/maismagazine.pt\/index.php\/2022\/10\/06\/editorial-agosto-2022\/#breadcrumb\"},\"inLanguage\":\"pt-PT\",\"potentialAction\":[{\"@type\":\"ReadAction\",\"target\":[\"https:\/\/maismagazine.pt\/index.php\/2022\/10\/06\/editorial-agosto-2022\/\"]}]},{\"@type\":\"ImageObject\",\"inLanguage\":\"pt-PT\",\"@id\":\"https:\/\/maismagazine.pt\/index.php\/2022\/10\/06\/editorial-agosto-2022\/#primaryimage\",\"url\":\"https:\/\/maismagazine.pt\/wp-content\/uploads\/2022\/10\/facebook-cover-Mais-Agosto-22.jpg\",\"contentUrl\":\"https:\/\/maismagazine.pt\/wp-content\/uploads\/2022\/10\/facebook-cover-Mais-Agosto-22.jpg\",\"width\":1640,\"height\":720},{\"@type\":\"BreadcrumbList\",\"@id\":\"https:\/\/maismagazine.pt\/index.php\/2022\/10\/06\/editorial-agosto-2022\/#breadcrumb\",\"itemListElement\":[{\"@type\":\"ListItem\",\"position\":1,\"name\":\"Home\",\"item\":\"https:\/\/maismagazine.pt\/\"},{\"@type\":\"ListItem\",\"position\":2,\"name\":\"Editorial | agosto 2022\"}]},{\"@type\":\"WebSite\",\"@id\":\"https:\/\/maismagazine.pt\/#website\",\"url\":\"https:\/\/maismagazine.pt\/\",\"name\":\"Mais Magazine\",\"description\":\"\",\"publisher\":{\"@id\":\"https:\/\/maismagazine.pt\/#organization\"},\"potentialAction\":[{\"@type\":\"SearchAction\",\"target\":{\"@type\":\"EntryPoint\",\"urlTemplate\":\"https:\/\/maismagazine.pt\/?s={search_term_string}\"},\"query-input\":{\"@type\":\"PropertyValueSpecification\",\"valueRequired\":true,\"valueName\":\"search_term_string\"}}],\"inLanguage\":\"pt-PT\"},{\"@type\":\"Organization\",\"@id\":\"https:\/\/maismagazine.pt\/#organization\",\"name\":\"Mais Magazine\",\"url\":\"https:\/\/maismagazine.pt\/\",\"logo\":{\"@type\":\"ImageObject\",\"inLanguage\":\"pt-PT\",\"@id\":\"https:\/\/maismagazine.pt\/#\/schema\/logo\/image\/\",\"url\":\"https:\/\/maismagazine.pt\/wp-content\/uploads\/2020\/04\/cropped-cropped-mais-magazine-site-logo-2.png\",\"contentUrl\":\"https:\/\/maismagazine.pt\/wp-content\/uploads\/2020\/04\/cropped-cropped-mais-magazine-site-logo-2.png\",\"width\":581,\"height\":90,\"caption\":\"Mais Magazine\"},\"image\":{\"@id\":\"https:\/\/maismagazine.pt\/#\/schema\/logo\/image\/\"}},{\"@type\":\"Person\",\"@id\":\"https:\/\/maismagazine.pt\/#\/schema\/person\/999bd426f894ff56d397ec12ebd21ebb\",\"name\":\"Jo\u00e3o Malainho\",\"image\":{\"@type\":\"ImageObject\",\"inLanguage\":\"pt-PT\",\"@id\":\"https:\/\/maismagazine.pt\/#\/schema\/person\/image\/\",\"url\":\"https:\/\/secure.gravatar.com\/avatar\/ff03c2f38edf60b2a827aa4f74878491?s=96&d=mm&r=g\",\"contentUrl\":\"https:\/\/secure.gravatar.com\/avatar\/ff03c2f38edf60b2a827aa4f74878491?s=96&d=mm&r=g\",\"caption\":\"Jo\u00e3o Malainho\"},\"url\":\"https:\/\/maismagazine.pt\/index.php\/author\/maismagazine\/\"}]}<\/script>\n<!-- \/ Yoast SEO plugin. -->","yoast_head_json":{"title":"Editorial | agosto 2022 - Mais Magazine","description":"\u00c9 com um copo de vinho na m\u00e3o que lhe abrimos as portas do nosso pa\u00eds, uma vez mais, ao longo das pr\u00f3ximas p\u00e1ginas.","robots":{"index":"index","follow":"follow","max-snippet":"max-snippet:-1","max-image-preview":"max-image-preview:large","max-video-preview":"max-video-preview:-1"},"canonical":"https:\/\/maismagazine.pt\/index.php\/2022\/10\/06\/editorial-agosto-2022\/","og_locale":"pt_PT","og_type":"article","og_title":"Editorial | agosto 2022 - Mais Magazine","og_description":"\u00c9 com um copo de vinho na m\u00e3o que lhe abrimos as portas do nosso pa\u00eds, uma vez mais, ao longo das pr\u00f3ximas p\u00e1ginas.","og_url":"https:\/\/maismagazine.pt\/index.php\/2022\/10\/06\/editorial-agosto-2022\/","og_site_name":"Mais Magazine","article_published_time":"2022-10-06T12:44:25+00:00","og_image":[{"width":1640,"height":720,"url":"https:\/\/maismagazine.pt\/wp-content\/uploads\/2022\/10\/facebook-cover-Mais-Agosto-22.jpg","type":"image\/jpeg"}],"author":"Jo\u00e3o Malainho","twitter_card":"summary_large_image","twitter_misc":{"Escrito por":false,"Tempo estimado de leitura":"2 minutos"},"schema":{"@context":"https:\/\/schema.org","@graph":[{"@type":"Article","@id":"https:\/\/maismagazine.pt\/index.php\/2022\/10\/06\/editorial-agosto-2022\/#article","isPartOf":{"@id":"https:\/\/maismagazine.pt\/index.php\/2022\/10\/06\/editorial-agosto-2022\/"},"author":{"name":"Jo\u00e3o Malainho","@id":"https:\/\/maismagazine.pt\/#\/schema\/person\/999bd426f894ff56d397ec12ebd21ebb"},"headline":"Editorial | agosto 2022","datePublished":"2022-10-06T12:44:25+00:00","mainEntityOfPage":{"@id":"https:\/\/maismagazine.pt\/index.php\/2022\/10\/06\/editorial-agosto-2022\/"},"wordCount":466,"publisher":{"@id":"https:\/\/maismagazine.pt\/#organization"},"image":{"@id":"https:\/\/maismagazine.pt\/index.php\/2022\/10\/06\/editorial-agosto-2022\/#primaryimage"},"thumbnailUrl":"https:\/\/maismagazine.pt\/wp-content\/uploads\/2022\/10\/facebook-cover-Mais-Agosto-22.jpg","keywords":["editorial","joao","magazine","mais","malainho"],"articleSection":["Editoriais"],"inLanguage":"pt-PT"},{"@type":"WebPage","@id":"https:\/\/maismagazine.pt\/index.php\/2022\/10\/06\/editorial-agosto-2022\/","url":"https:\/\/maismagazine.pt\/index.php\/2022\/10\/06\/editorial-agosto-2022\/","name":"Editorial | agosto 2022 - Mais Magazine","isPartOf":{"@id":"https:\/\/maismagazine.pt\/#website"},"primaryImageOfPage":{"@id":"https:\/\/maismagazine.pt\/index.php\/2022\/10\/06\/editorial-agosto-2022\/#primaryimage"},"image":{"@id":"https:\/\/maismagazine.pt\/index.php\/2022\/10\/06\/editorial-agosto-2022\/#primaryimage"},"thumbnailUrl":"https:\/\/maismagazine.pt\/wp-content\/uploads\/2022\/10\/facebook-cover-Mais-Agosto-22.jpg","datePublished":"2022-10-06T12:44:25+00:00","description":"\u00c9 com um copo de vinho na m\u00e3o que lhe abrimos as portas do nosso pa\u00eds, uma vez mais, ao longo das pr\u00f3ximas p\u00e1ginas.","breadcrumb":{"@id":"https:\/\/maismagazine.pt\/index.php\/2022\/10\/06\/editorial-agosto-2022\/#breadcrumb"},"inLanguage":"pt-PT","potentialAction":[{"@type":"ReadAction","target":["https:\/\/maismagazine.pt\/index.php\/2022\/10\/06\/editorial-agosto-2022\/"]}]},{"@type":"ImageObject","inLanguage":"pt-PT","@id":"https:\/\/maismagazine.pt\/index.php\/2022\/10\/06\/editorial-agosto-2022\/#primaryimage","url":"https:\/\/maismagazine.pt\/wp-content\/uploads\/2022\/10\/facebook-cover-Mais-Agosto-22.jpg","contentUrl":"https:\/\/maismagazine.pt\/wp-content\/uploads\/2022\/10\/facebook-cover-Mais-Agosto-22.jpg","width":1640,"height":720},{"@type":"BreadcrumbList","@id":"https:\/\/maismagazine.pt\/index.php\/2022\/10\/06\/editorial-agosto-2022\/#breadcrumb","itemListElement":[{"@type":"ListItem","position":1,"name":"Home","item":"https:\/\/maismagazine.pt\/"},{"@type":"ListItem","position":2,"name":"Editorial | agosto 2022"}]},{"@type":"WebSite","@id":"https:\/\/maismagazine.pt\/#website","url":"https:\/\/maismagazine.pt\/","name":"Mais Magazine","description":"","publisher":{"@id":"https:\/\/maismagazine.pt\/#organization"},"potentialAction":[{"@type":"SearchAction","target":{"@type":"EntryPoint","urlTemplate":"https:\/\/maismagazine.pt\/?s={search_term_string}"},"query-input":{"@type":"PropertyValueSpecification","valueRequired":true,"valueName":"search_term_string"}}],"inLanguage":"pt-PT"},{"@type":"Organization","@id":"https:\/\/maismagazine.pt\/#organization","name":"Mais Magazine","url":"https:\/\/maismagazine.pt\/","logo":{"@type":"ImageObject","inLanguage":"pt-PT","@id":"https:\/\/maismagazine.pt\/#\/schema\/logo\/image\/","url":"https:\/\/maismagazine.pt\/wp-content\/uploads\/2020\/04\/cropped-cropped-mais-magazine-site-logo-2.png","contentUrl":"https:\/\/maismagazine.pt\/wp-content\/uploads\/2020\/04\/cropped-cropped-mais-magazine-site-logo-2.png","width":581,"height":90,"caption":"Mais Magazine"},"image":{"@id":"https:\/\/maismagazine.pt\/#\/schema\/logo\/image\/"}},{"@type":"Person","@id":"https:\/\/maismagazine.pt\/#\/schema\/person\/999bd426f894ff56d397ec12ebd21ebb","name":"Jo\u00e3o Malainho","image":{"@type":"ImageObject","inLanguage":"pt-PT","@id":"https:\/\/maismagazine.pt\/#\/schema\/person\/image\/","url":"https:\/\/secure.gravatar.com\/avatar\/ff03c2f38edf60b2a827aa4f74878491?s=96&d=mm&r=g","contentUrl":"https:\/\/secure.gravatar.com\/avatar\/ff03c2f38edf60b2a827aa4f74878491?s=96&d=mm&r=g","caption":"Jo\u00e3o Malainho"},"url":"https:\/\/maismagazine.pt\/index.php\/author\/maismagazine\/"}]}},"author_meta":{"display_name":false,"author_link":"https:\/\/maismagazine.pt\/index.php\/author\/maismagazine\/"},"featured_img":"https:\/\/maismagazine.pt\/wp-content\/uploads\/2022\/10\/facebook-cover-Mais-Agosto-22-300x132.jpg","coauthors":[],"tax_additional":{"categories":{"linked":["<a href=\"https:\/\/maismagazine.pt\/index.php\/category\/editoriais\/\" class=\"advgb-post-tax-term\">Editoriais<\/a>"],"unlinked":["<span class=\"advgb-post-tax-term\">Editoriais<\/span>"]},"tags":{"linked":["<a href=\"https:\/\/maismagazine.pt\/index.php\/category\/editoriais\/\" class=\"advgb-post-tax-term\">editorial<\/a>","<a href=\"https:\/\/maismagazine.pt\/index.php\/category\/editoriais\/\" class=\"advgb-post-tax-term\">joao<\/a>","<a href=\"https:\/\/maismagazine.pt\/index.php\/category\/editoriais\/\" class=\"advgb-post-tax-term\">magazine<\/a>","<a href=\"https:\/\/maismagazine.pt\/index.php\/category\/editoriais\/\" class=\"advgb-post-tax-term\">mais<\/a>","<a href=\"https:\/\/maismagazine.pt\/index.php\/category\/editoriais\/\" class=\"advgb-post-tax-term\">malainho<\/a>"],"unlinked":["<span class=\"advgb-post-tax-term\">editorial<\/span>","<span class=\"advgb-post-tax-term\">joao<\/span>","<span class=\"advgb-post-tax-term\">magazine<\/span>","<span class=\"advgb-post-tax-term\">mais<\/span>","<span class=\"advgb-post-tax-term\">malainho<\/span>"]}},"comment_count":"0","relative_dates":{"created":"Posted 4 anos ago","modified":"Updated 4 anos ago"},"absolute_dates":{"created":"Posted on 6 de Outubro, 2022","modified":"Updated on 6 de Outubro, 2022"},"absolute_dates_time":{"created":"Posted on 6 de Outubro, 2022 13:44","modified":"Updated on 6 de Outubro, 2022 13:44"},"featured_img_caption":"","series_order":"","_links":{"self":[{"href":"https:\/\/maismagazine.pt\/index.php\/wp-json\/wp\/v2\/posts\/4735","targetHints":{"allow":["GET"]}}],"collection":[{"href":"https:\/\/maismagazine.pt\/index.php\/wp-json\/wp\/v2\/posts"}],"about":[{"href":"https:\/\/maismagazine.pt\/index.php\/wp-json\/wp\/v2\/types\/post"}],"author":[{"embeddable":true,"href":"https:\/\/maismagazine.pt\/index.php\/wp-json\/wp\/v2\/users\/7"}],"replies":[{"embeddable":true,"href":"https:\/\/maismagazine.pt\/index.php\/wp-json\/wp\/v2\/comments?post=4735"}],"version-history":[{"count":1,"href":"https:\/\/maismagazine.pt\/index.php\/wp-json\/wp\/v2\/posts\/4735\/revisions"}],"predecessor-version":[{"id":4737,"href":"https:\/\/maismagazine.pt\/index.php\/wp-json\/wp\/v2\/posts\/4735\/revisions\/4737"}],"wp:featuredmedia":[{"embeddable":true,"href":"https:\/\/maismagazine.pt\/index.php\/wp-json\/wp\/v2\/media\/4736"}],"wp:attachment":[{"href":"https:\/\/maismagazine.pt\/index.php\/wp-json\/wp\/v2\/media?parent=4735"}],"wp:term":[{"taxonomy":"category","embeddable":true,"href":"https:\/\/maismagazine.pt\/index.php\/wp-json\/wp\/v2\/categories?post=4735"},{"taxonomy":"post_tag","embeddable":true,"href":"https:\/\/maismagazine.pt\/index.php\/wp-json\/wp\/v2\/tags?post=4735"}],"curies":[{"name":"wp","href":"https:\/\/api.w.org\/{rel}","templated":true}]}}