{"id":4429,"date":"2022-09-16T07:00:00","date_gmt":"2022-09-16T06:00:00","guid":{"rendered":"https:\/\/maismagazine.pt\/?p=4429"},"modified":"2022-09-08T12:05:21","modified_gmt":"2022-09-08T11:05:21","slug":"o-designio-coletivo-da-maia-e-a-sustentabilidade-integral","status":"publish","type":"post","link":"https:\/\/maismagazine.pt\/index.php\/2022\/09\/16\/o-designio-coletivo-da-maia-e-a-sustentabilidade-integral\/","title":{"rendered":"O des\u00edgnio coletivo da Maia \u00e9 a sustentabilidade integral"},"content":{"rendered":"\n<p><strong>Conduzir os maiatos \u00e0 sustentabilidade integral do territ\u00f3rio \u00e9 uma ambi\u00e7\u00e3o assumida pelo Presidente da C\u00e2mara Municipal da Maia, nesta entrevista \u00e0 Mais Magazine. Ant\u00f3nio Silva Tiago falou-nos sobre os projetos em curso para promover a mobilidade sustent\u00e1vel e adiantou as novidades da edi\u00e7\u00e3o deste ano da Semana Europeia da Mobilidade, como o concurso juvenil de ideias.<\/strong><\/p>\n\n\n\n<p><\/p>\n\n\n\n<p>O contributo do munic\u00edpio da Maia para uma mobilidade mais amiga do ambiente come\u00e7ou a dar cartas a partir de 2013, ano em que foi desenvolvido o Plano de Mobilidade Sustent\u00e1vel. Este tem em vista \u201co estabelecimento de uma estrat\u00e9gia para a organiza\u00e7\u00e3o das acessibilidades e a gest\u00e3o da mobilidade, sendo para tal definido um conjunto de propostas que contribuem para a implementa\u00e7\u00e3o e promo\u00e7\u00e3o de um modelo de mobilidade mais sustent\u00e1vel\u201d. Perante este desafio, o Presidente da <a href=\"https:\/\/www.cm-maia.pt\/\">C\u00e2mara Municipal da Maia<\/a> faz um balan\u00e7o positivo destes \u00faltimos anos, uma vez que est\u00e3o \u201ca construir um caminho rumo a uma mobilidade inclusiva, mais segura e sustent\u00e1vel\u201d. Ant\u00f3nio Silva Tiago vai mais longe ao afirmar que na \u201cC\u00e2mara Municipal trabalha-se, quotidianamente, com o prop\u00f3sito de promover, cada vez mais, a viv\u00eancia do territ\u00f3rio, proporcionando o contacto com a natureza, a pr\u00e1tica de exerc\u00edcio f\u00edsico e desporto ao ar livre, raz\u00e3o pela qual, mant\u00e9m o foco numa aposta firme nos modos suaves de mobilidade, privilegiando os percursos pedonais e cicl\u00e1veis\u201d.<\/p>\n\n\n\n<p><\/p>\n\n\n\n<p>Nesse sentido e \u00e0 semelhan\u00e7a do que tem ocorrido em anos transatos, na Semana da Mobilidade Europeia de 2022 a autarquia vai desenvolver \u201cuma s\u00e9rie de din\u00e2micas\u201d que ir\u00e3o, na sua maioria, ser realizadas na Pra\u00e7a do Munic\u00edpio. Este ano, \u201catrav\u00e9s da Empresa Metropolitana de Estacionamento da Maia, v\u00e3o lan\u00e7ar um concurso juvenil de ideias, para identificar os desafios, projetos, conceitos e as propostas que contribuam para uma mobilidade mais sustent\u00e1vel e eficiente\u201d. A par disso, \u201cexistir\u00e3o jogos interativos relacionados com a tem\u00e1tica da mobilidade suave e da neutralidade carb\u00f3nica, mas tamb\u00e9m campanhas e a\u00e7\u00f5es de sensibiliza\u00e7\u00e3o acerca da mobilidade sustent\u00e1vel e acessibilidade para todos, bem como iniciativas de seguran\u00e7a rodovi\u00e1ria direcionadas para o p\u00fablico mais jovem, exposi\u00e7\u00f5es relativas \u00e0 mobilidade, aos transportes p\u00fablicos e \u00e0s melhores liga\u00e7\u00f5es e ainda um pedipaper \u00e0 volta da tem\u00e1tica do BaZe \u2013 Living Lab\u201d. A edi\u00e7\u00e3o deste ano trar\u00e1 um maior envolvimento das crian\u00e7as e dos jovens, justificado por serem eles as vozes precursoras e os \u201cmediadores estrat\u00e9gicos\u201d para a mudan\u00e7a de comportamentos das gera\u00e7\u00f5es futuras, sem esquecer o \u201csucesso da C\u00e2mara Municipal de mais de 30 anos na educa\u00e7\u00e3o e sensibiliza\u00e7\u00e3o ambiental\u201d.<\/p>\n\n\n\n<p><\/p>\n\n\n\n<p>Fora esse evento, e em resposta aos dois objetivos ambiciosos estabelecidos pela Comiss\u00e3o Europeia &#8211; a elimina\u00e7\u00e3o gradual dos autom\u00f3veis alimentados com combust\u00edvel convencional at\u00e9 2050, nas cidades, e o progresso para uma log\u00edstica urbana com emiss\u00f5es zero nos principais centros urbanos at\u00e9 2030 \u2013 a Maia responde com a convic\u00e7\u00e3o de conquistar o t\u00edtulo de \u201cprimeira cidade do pa\u00eds a atingir a neutralidade carb\u00f3nica\u201d. Uma delas \u00e9 a aposta no BaZe \u2013 laborat\u00f3rio vivo para a descarboniza\u00e7\u00e3o, dentro do plano de implementa\u00e7\u00e3o Living LAB Maia: Net Zero Carbon City. Como o Presidente revela, este programa de a\u00e7\u00f5es \u201ctem permitido testar uma s\u00e9rie de solu\u00e7\u00f5es ambientalmente mais eficientes e sobretudo mais sustent\u00e1veis\u201d, sendo que o desejo futuro \u00e9 que \u201cseja replicado em todo o territ\u00f3rio, em dom\u00ednios como o consumo de energia e \u00e1gua, a cobertura dos edif\u00edcios, as hortas sociais biol\u00f3gicas, a mobilidade suave, inclusiva e sustent\u00e1-vel, a gest\u00e3o do tr\u00e2nsito e a monitoriza\u00e7\u00e3o de indicadores ambientais em tempo real, como por exemplo a qualidade do ar\u201d. Ainda neste cap\u00edtulo e seguindo a \u201cvis\u00e3o estrat\u00e9gica para a sustentabilidade integral do territ\u00f3rio\u201d, Ant\u00f3nio Silva Tiago acrescenta que recentemente substitu\u00edram a frota autom\u00f3vel por \u201cviaturas ambientalmente mais eficientes, a energia el\u00e9trica e h\u00edbridas plug-in\u201d.<\/p>\n\n\n\n<div class=\"wp-block-image\"><figure class=\"aligncenter size-large\"><img loading=\"lazy\" decoding=\"async\" width=\"1024\" height=\"683\" src=\"https:\/\/maismagazine.pt\/wp-content\/uploads\/2022\/09\/MSP21834_PRINT-1-1024x683.jpg\" alt=\"\" class=\"wp-image-4438\" srcset=\"https:\/\/maismagazine.pt\/wp-content\/uploads\/2022\/09\/MSP21834_PRINT-1-1024x683.jpg 1024w, https:\/\/maismagazine.pt\/wp-content\/uploads\/2022\/09\/MSP21834_PRINT-1-300x200.jpg 300w, https:\/\/maismagazine.pt\/wp-content\/uploads\/2022\/09\/MSP21834_PRINT-1-768x512.jpg 768w, https:\/\/maismagazine.pt\/wp-content\/uploads\/2022\/09\/MSP21834_PRINT-1-1536x1024.jpg 1536w, https:\/\/maismagazine.pt\/wp-content\/uploads\/2022\/09\/MSP21834_PRINT-1-2048x1365.jpg 2048w, https:\/\/maismagazine.pt\/wp-content\/uploads\/2022\/09\/MSP21834_PRINT-1-150x100.jpg 150w\" sizes=\"auto, (max-width: 1024px) 100vw, 1024px\" \/><\/figure><\/div>\n\n\n\n<p><strong>O incentivo \u00e0 participa\u00e7\u00e3o ativa da sociedade<\/strong><\/p>\n\n\n\n<p><\/p>\n\n\n\n<p>O empurr\u00e3o da C\u00e2mara Municipal da Maia aos seus mun\u00edcipes para a ado\u00e7\u00e3o de comportamentos sustent\u00e1veis tem sido feito atrav\u00e9s do projeto BaZe, de que j\u00e1 fal\u00e1mos, com o Fab Lab, que \u00e9 um \u201claborat\u00f3rio de desenvolvimento e execu\u00e7\u00e3o de ideias e projetos, de car\u00e1cter tecnol\u00f3gico ou art\u00edstico, com base na disponibiliza\u00e7\u00e3o de ferramentas de fabrica\u00e7\u00e3o digital. Com estas a\u00e7\u00f5es \u00e9 poss\u00edvel aumentar o conhecimento na tem\u00e1tica da sustentabilidade, desfazerem-se mitos e promover-se a reutiliza\u00e7\u00e3o e a Economia Circular\u201d. Entre as atividades j\u00e1 realizadas, contou-se com a participa\u00e7\u00e3o de \u201ccolaboradores do munic\u00edpio, alunos e professores da comunidade educativa local e a popula\u00e7\u00e3o em geral, envolvidos nas tem\u00e1ticas da \u201cCultura Maker\u201d.<\/p>\n\n\n\n<p><\/p>\n\n\n\n<p>Dentro do mesmo contexto, h\u00e1 uma iniciativa desenvolvida em parceria en-tre a C\u00e2mara Municipal e as associa\u00e7\u00f5es de pais das tr\u00eas escolas do Castelo da Maia, que merece destaque, que \u00e9 a Pedibus. Esta resolu\u00e7\u00e3o arrancou em abril deste ano, no \u00e2mbito do Dia Europeu Sem Carros, celebrado no dia 22 de setembro, e tem como objetivo \u201cincentivar as crian\u00e7as a abandonarem os transportes movidos a combust\u00edveis f\u00f3sseis e a fazerem o percurso para a escola a p\u00e9\u201d. E devido aos resultados positivos expressos em poucos meses, Ant\u00f3nio Silva Tiago confessa que \u201cpretendem alargar o modelo a todas as escolas do concelho\u201d.<\/p>\n\n\n\n<p><\/p>\n\n\n\n<p>O ponto final da conversa que teve como ator principal a mobilidade sustent\u00e1vel fez-se de previs\u00f5es e compromissos. O Presidente da C\u00e2mara deixou claro que a inten\u00e7\u00e3o coletiva \u00e9 \u201cconduzir a comunidade concelhia \u00e0 sustentabilidade integral, compaginando de forma harmoniosa a sustentabilidade ambiental que \u00e9, inequivocamente, o fator cr\u00edtico de sucesso para viabilizar a sustentabilidade demogr\u00e1fica e social e, tamb\u00e9m muito importante, para permitir a sustentabilidade econ\u00f3mica, por forma a que a riqueza gerada no territ\u00f3rio signifique igualmente, emprego qualificado, duradouro e melhor remunerado, con-jugando todas as premissas para que a Maia seja uma comunidade onde todos contam\u201d.<\/p>\n\n\n\n<p><\/p>\n\n\n\n<p><\/p>\n","protected":false},"excerpt":{"rendered":"<p>Conduzir os maiatos \u00e0 sustentabilidade integral do territ\u00f3rio \u00e9 uma ambi\u00e7\u00e3o assumida pelo Presidente da C\u00e2mara Municipal da Maia, nesta entrevista \u00e0 Mais Magazine. Ant\u00f3nio Silva Tiago falou-nos sobre os projetos em curso para promover a mobilidade sustent\u00e1vel e adiantou as novidades da edi\u00e7\u00e3o deste ano da Semana Europeia da&hellip;<\/p>\n","protected":false},"author":17,"featured_media":4437,"comment_status":"closed","ping_status":"open","sticky":false,"template":"","format":"standard","meta":{"advgb_blocks_editor_width":"","advgb_blocks_columns_visual_guide":"","_monsterinsights_skip_tracking":false,"_monsterinsights_sitenote_active":false,"_monsterinsights_sitenote_note":"","_monsterinsights_sitenote_category":0,"footnotes":""},"categories":[78,52,54],"tags":[977,732,84],"class_list":["post-4429","post","type-post","status-publish","format-standard","has-post-thumbnail","hentry","category-ambiente-e-sustentabilidade","category-destaque","category-lifestyle","tag-maia","tag-mobilidade","tag-sustentabilidade"],"yoast_head":"<!-- This site is optimized with the Yoast SEO plugin v24.4 - https:\/\/yoast.com\/wordpress\/plugins\/seo\/ -->\n<title>O des\u00edgnio coletivo da Maia \u00e9 a sustentabilidade integral - Mais Magazine<\/title>\n<meta name=\"description\" content=\"Conduzir os maiatos \u00e0 sustentabilidade integral do territ\u00f3rio \u00e9 uma ambi\u00e7\u00e3o assumida pelo Presidente da C\u00e2mara Municipal da Maia, nesta entrevista...\" \/>\n<meta name=\"robots\" content=\"index, follow, max-snippet:-1, max-image-preview:large, max-video-preview:-1\" \/>\n<link rel=\"canonical\" href=\"http:\/\/maismagazine.pt\/index.php\/2022\/09\/16\/o-designio-coletivo-da-maia-e-a-sustentabilidade-integral\/\" \/>\n<meta property=\"og:locale\" content=\"pt_PT\" \/>\n<meta property=\"og:type\" content=\"article\" \/>\n<meta property=\"og:title\" content=\"O des\u00edgnio coletivo da Maia \u00e9 a sustentabilidade integral - Mais Magazine\" \/>\n<meta property=\"og:description\" content=\"Conduzir os maiatos \u00e0 sustentabilidade integral do territ\u00f3rio \u00e9 uma ambi\u00e7\u00e3o assumida pelo Presidente da C\u00e2mara Municipal da Maia, nesta entrevista...\" \/>\n<meta property=\"og:url\" content=\"http:\/\/maismagazine.pt\/index.php\/2022\/09\/16\/o-designio-coletivo-da-maia-e-a-sustentabilidade-integral\/\" \/>\n<meta property=\"og:site_name\" content=\"Mais Magazine\" \/>\n<meta property=\"article:published_time\" content=\"2022-09-16T06:00:00+00:00\" \/>\n<meta property=\"og:image\" content=\"http:\/\/maismagazine.pt\/wp-content\/uploads\/2022\/09\/Semana_Europeia_Mobilidade_2021.jpg\" \/>\n\t<meta property=\"og:image:width\" content=\"1678\" \/>\n\t<meta property=\"og:image:height\" content=\"1241\" \/>\n\t<meta property=\"og:image:type\" content=\"image\/jpeg\" \/>\n<meta name=\"author\" content=\"Tiago Costa\" \/>\n<meta name=\"twitter:card\" content=\"summary_large_image\" \/>\n<meta name=\"twitter:label1\" content=\"Escrito por\" \/>\n\t<meta name=\"twitter:data1\" content=\"\" \/>\n\t<meta name=\"twitter:label2\" content=\"Tempo estimado de leitura\" \/>\n\t<meta name=\"twitter:data2\" content=\"5 minutos\" \/>\n<script type=\"application\/ld+json\" class=\"yoast-schema-graph\">{\"@context\":\"https:\/\/schema.org\",\"@graph\":[{\"@type\":\"Article\",\"@id\":\"http:\/\/maismagazine.pt\/index.php\/2022\/09\/16\/o-designio-coletivo-da-maia-e-a-sustentabilidade-integral\/#article\",\"isPartOf\":{\"@id\":\"http:\/\/maismagazine.pt\/index.php\/2022\/09\/16\/o-designio-coletivo-da-maia-e-a-sustentabilidade-integral\/\"},\"author\":{\"name\":\"Tiago Costa\",\"@id\":\"https:\/\/maismagazine.pt\/#\/schema\/person\/c6c5bfccc886434cbd11c74e035f9646\"},\"headline\":\"O des\u00edgnio coletivo da Maia \u00e9 a sustentabilidade integral\",\"datePublished\":\"2022-09-16T06:00:00+00:00\",\"mainEntityOfPage\":{\"@id\":\"http:\/\/maismagazine.pt\/index.php\/2022\/09\/16\/o-designio-coletivo-da-maia-e-a-sustentabilidade-integral\/\"},\"wordCount\":1056,\"publisher\":{\"@id\":\"https:\/\/maismagazine.pt\/#organization\"},\"image\":{\"@id\":\"http:\/\/maismagazine.pt\/index.php\/2022\/09\/16\/o-designio-coletivo-da-maia-e-a-sustentabilidade-integral\/#primaryimage\"},\"thumbnailUrl\":\"https:\/\/maismagazine.pt\/wp-content\/uploads\/2022\/09\/Semana_Europeia_Mobilidade_2021.jpg\",\"keywords\":[\"Maia\",\"mobilidade\",\"Sustentabilidade\"],\"articleSection\":[\"Ambiente e Sustentabilidade\",\"Destaque lateral\",\"LifeStyle\"],\"inLanguage\":\"pt-PT\"},{\"@type\":\"WebPage\",\"@id\":\"http:\/\/maismagazine.pt\/index.php\/2022\/09\/16\/o-designio-coletivo-da-maia-e-a-sustentabilidade-integral\/\",\"url\":\"http:\/\/maismagazine.pt\/index.php\/2022\/09\/16\/o-designio-coletivo-da-maia-e-a-sustentabilidade-integral\/\",\"name\":\"O des\u00edgnio coletivo da Maia \u00e9 a sustentabilidade integral - Mais Magazine\",\"isPartOf\":{\"@id\":\"https:\/\/maismagazine.pt\/#website\"},\"primaryImageOfPage\":{\"@id\":\"http:\/\/maismagazine.pt\/index.php\/2022\/09\/16\/o-designio-coletivo-da-maia-e-a-sustentabilidade-integral\/#primaryimage\"},\"image\":{\"@id\":\"http:\/\/maismagazine.pt\/index.php\/2022\/09\/16\/o-designio-coletivo-da-maia-e-a-sustentabilidade-integral\/#primaryimage\"},\"thumbnailUrl\":\"https:\/\/maismagazine.pt\/wp-content\/uploads\/2022\/09\/Semana_Europeia_Mobilidade_2021.jpg\",\"datePublished\":\"2022-09-16T06:00:00+00:00\",\"description\":\"Conduzir os maiatos \u00e0 sustentabilidade integral do territ\u00f3rio \u00e9 uma ambi\u00e7\u00e3o assumida pelo Presidente da C\u00e2mara Municipal da Maia, nesta entrevista...\",\"breadcrumb\":{\"@id\":\"http:\/\/maismagazine.pt\/index.php\/2022\/09\/16\/o-designio-coletivo-da-maia-e-a-sustentabilidade-integral\/#breadcrumb\"},\"inLanguage\":\"pt-PT\",\"potentialAction\":[{\"@type\":\"ReadAction\",\"target\":[\"http:\/\/maismagazine.pt\/index.php\/2022\/09\/16\/o-designio-coletivo-da-maia-e-a-sustentabilidade-integral\/\"]}]},{\"@type\":\"ImageObject\",\"inLanguage\":\"pt-PT\",\"@id\":\"http:\/\/maismagazine.pt\/index.php\/2022\/09\/16\/o-designio-coletivo-da-maia-e-a-sustentabilidade-integral\/#primaryimage\",\"url\":\"https:\/\/maismagazine.pt\/wp-content\/uploads\/2022\/09\/Semana_Europeia_Mobilidade_2021.jpg\",\"contentUrl\":\"https:\/\/maismagazine.pt\/wp-content\/uploads\/2022\/09\/Semana_Europeia_Mobilidade_2021.jpg\",\"width\":1678,\"height\":1241},{\"@type\":\"BreadcrumbList\",\"@id\":\"http:\/\/maismagazine.pt\/index.php\/2022\/09\/16\/o-designio-coletivo-da-maia-e-a-sustentabilidade-integral\/#breadcrumb\",\"itemListElement\":[{\"@type\":\"ListItem\",\"position\":1,\"name\":\"Home\",\"item\":\"https:\/\/maismagazine.pt\/\"},{\"@type\":\"ListItem\",\"position\":2,\"name\":\"O des\u00edgnio coletivo da Maia \u00e9 a sustentabilidade integral\"}]},{\"@type\":\"WebSite\",\"@id\":\"https:\/\/maismagazine.pt\/#website\",\"url\":\"https:\/\/maismagazine.pt\/\",\"name\":\"Mais Magazine\",\"description\":\"\",\"publisher\":{\"@id\":\"https:\/\/maismagazine.pt\/#organization\"},\"potentialAction\":[{\"@type\":\"SearchAction\",\"target\":{\"@type\":\"EntryPoint\",\"urlTemplate\":\"https:\/\/maismagazine.pt\/?s={search_term_string}\"},\"query-input\":{\"@type\":\"PropertyValueSpecification\",\"valueRequired\":true,\"valueName\":\"search_term_string\"}}],\"inLanguage\":\"pt-PT\"},{\"@type\":\"Organization\",\"@id\":\"https:\/\/maismagazine.pt\/#organization\",\"name\":\"Mais Magazine\",\"url\":\"https:\/\/maismagazine.pt\/\",\"logo\":{\"@type\":\"ImageObject\",\"inLanguage\":\"pt-PT\",\"@id\":\"https:\/\/maismagazine.pt\/#\/schema\/logo\/image\/\",\"url\":\"https:\/\/maismagazine.pt\/wp-content\/uploads\/2020\/04\/cropped-cropped-mais-magazine-site-logo-2.png\",\"contentUrl\":\"https:\/\/maismagazine.pt\/wp-content\/uploads\/2020\/04\/cropped-cropped-mais-magazine-site-logo-2.png\",\"width\":581,\"height\":90,\"caption\":\"Mais Magazine\"},\"image\":{\"@id\":\"https:\/\/maismagazine.pt\/#\/schema\/logo\/image\/\"}},{\"@type\":\"Person\",\"@id\":\"https:\/\/maismagazine.pt\/#\/schema\/person\/c6c5bfccc886434cbd11c74e035f9646\",\"name\":\"Tiago Costa\",\"image\":{\"@type\":\"ImageObject\",\"inLanguage\":\"pt-PT\",\"@id\":\"https:\/\/maismagazine.pt\/#\/schema\/person\/image\/\",\"url\":\"https:\/\/secure.gravatar.com\/avatar\/c599b2bce16c9870429198cbad5ee022?s=96&d=mm&r=g\",\"contentUrl\":\"https:\/\/secure.gravatar.com\/avatar\/c599b2bce16c9870429198cbad5ee022?s=96&d=mm&r=g\",\"caption\":\"Tiago Costa\"},\"url\":\"https:\/\/maismagazine.pt\/index.php\/author\/tiago\/\"}]}<\/script>\n<!-- \/ Yoast SEO plugin. -->","yoast_head_json":{"title":"O des\u00edgnio coletivo da Maia \u00e9 a sustentabilidade integral - Mais Magazine","description":"Conduzir os maiatos \u00e0 sustentabilidade integral do territ\u00f3rio \u00e9 uma ambi\u00e7\u00e3o assumida pelo Presidente da C\u00e2mara Municipal da Maia, nesta entrevista...","robots":{"index":"index","follow":"follow","max-snippet":"max-snippet:-1","max-image-preview":"max-image-preview:large","max-video-preview":"max-video-preview:-1"},"canonical":"http:\/\/maismagazine.pt\/index.php\/2022\/09\/16\/o-designio-coletivo-da-maia-e-a-sustentabilidade-integral\/","og_locale":"pt_PT","og_type":"article","og_title":"O des\u00edgnio coletivo da Maia \u00e9 a sustentabilidade integral - Mais Magazine","og_description":"Conduzir os maiatos \u00e0 sustentabilidade integral do territ\u00f3rio \u00e9 uma ambi\u00e7\u00e3o assumida pelo Presidente da C\u00e2mara Municipal da Maia, nesta entrevista...","og_url":"http:\/\/maismagazine.pt\/index.php\/2022\/09\/16\/o-designio-coletivo-da-maia-e-a-sustentabilidade-integral\/","og_site_name":"Mais Magazine","article_published_time":"2022-09-16T06:00:00+00:00","og_image":[{"width":1678,"height":1241,"url":"http:\/\/maismagazine.pt\/wp-content\/uploads\/2022\/09\/Semana_Europeia_Mobilidade_2021.jpg","type":"image\/jpeg"}],"author":"Tiago Costa","twitter_card":"summary_large_image","twitter_misc":{"Escrito por":false,"Tempo estimado de leitura":"5 minutos"},"schema":{"@context":"https:\/\/schema.org","@graph":[{"@type":"Article","@id":"http:\/\/maismagazine.pt\/index.php\/2022\/09\/16\/o-designio-coletivo-da-maia-e-a-sustentabilidade-integral\/#article","isPartOf":{"@id":"http:\/\/maismagazine.pt\/index.php\/2022\/09\/16\/o-designio-coletivo-da-maia-e-a-sustentabilidade-integral\/"},"author":{"name":"Tiago Costa","@id":"https:\/\/maismagazine.pt\/#\/schema\/person\/c6c5bfccc886434cbd11c74e035f9646"},"headline":"O des\u00edgnio coletivo da Maia \u00e9 a sustentabilidade integral","datePublished":"2022-09-16T06:00:00+00:00","mainEntityOfPage":{"@id":"http:\/\/maismagazine.pt\/index.php\/2022\/09\/16\/o-designio-coletivo-da-maia-e-a-sustentabilidade-integral\/"},"wordCount":1056,"publisher":{"@id":"https:\/\/maismagazine.pt\/#organization"},"image":{"@id":"http:\/\/maismagazine.pt\/index.php\/2022\/09\/16\/o-designio-coletivo-da-maia-e-a-sustentabilidade-integral\/#primaryimage"},"thumbnailUrl":"https:\/\/maismagazine.pt\/wp-content\/uploads\/2022\/09\/Semana_Europeia_Mobilidade_2021.jpg","keywords":["Maia","mobilidade","Sustentabilidade"],"articleSection":["Ambiente e Sustentabilidade","Destaque lateral","LifeStyle"],"inLanguage":"pt-PT"},{"@type":"WebPage","@id":"http:\/\/maismagazine.pt\/index.php\/2022\/09\/16\/o-designio-coletivo-da-maia-e-a-sustentabilidade-integral\/","url":"http:\/\/maismagazine.pt\/index.php\/2022\/09\/16\/o-designio-coletivo-da-maia-e-a-sustentabilidade-integral\/","name":"O des\u00edgnio coletivo da Maia \u00e9 a sustentabilidade integral - Mais Magazine","isPartOf":{"@id":"https:\/\/maismagazine.pt\/#website"},"primaryImageOfPage":{"@id":"http:\/\/maismagazine.pt\/index.php\/2022\/09\/16\/o-designio-coletivo-da-maia-e-a-sustentabilidade-integral\/#primaryimage"},"image":{"@id":"http:\/\/maismagazine.pt\/index.php\/2022\/09\/16\/o-designio-coletivo-da-maia-e-a-sustentabilidade-integral\/#primaryimage"},"thumbnailUrl":"https:\/\/maismagazine.pt\/wp-content\/uploads\/2022\/09\/Semana_Europeia_Mobilidade_2021.jpg","datePublished":"2022-09-16T06:00:00+00:00","description":"Conduzir os maiatos \u00e0 sustentabilidade integral do territ\u00f3rio \u00e9 uma ambi\u00e7\u00e3o assumida pelo Presidente da C\u00e2mara Municipal da Maia, nesta entrevista...","breadcrumb":{"@id":"http:\/\/maismagazine.pt\/index.php\/2022\/09\/16\/o-designio-coletivo-da-maia-e-a-sustentabilidade-integral\/#breadcrumb"},"inLanguage":"pt-PT","potentialAction":[{"@type":"ReadAction","target":["http:\/\/maismagazine.pt\/index.php\/2022\/09\/16\/o-designio-coletivo-da-maia-e-a-sustentabilidade-integral\/"]}]},{"@type":"ImageObject","inLanguage":"pt-PT","@id":"http:\/\/maismagazine.pt\/index.php\/2022\/09\/16\/o-designio-coletivo-da-maia-e-a-sustentabilidade-integral\/#primaryimage","url":"https:\/\/maismagazine.pt\/wp-content\/uploads\/2022\/09\/Semana_Europeia_Mobilidade_2021.jpg","contentUrl":"https:\/\/maismagazine.pt\/wp-content\/uploads\/2022\/09\/Semana_Europeia_Mobilidade_2021.jpg","width":1678,"height":1241},{"@type":"BreadcrumbList","@id":"http:\/\/maismagazine.pt\/index.php\/2022\/09\/16\/o-designio-coletivo-da-maia-e-a-sustentabilidade-integral\/#breadcrumb","itemListElement":[{"@type":"ListItem","position":1,"name":"Home","item":"https:\/\/maismagazine.pt\/"},{"@type":"ListItem","position":2,"name":"O des\u00edgnio coletivo da Maia \u00e9 a sustentabilidade integral"}]},{"@type":"WebSite","@id":"https:\/\/maismagazine.pt\/#website","url":"https:\/\/maismagazine.pt\/","name":"Mais Magazine","description":"","publisher":{"@id":"https:\/\/maismagazine.pt\/#organization"},"potentialAction":[{"@type":"SearchAction","target":{"@type":"EntryPoint","urlTemplate":"https:\/\/maismagazine.pt\/?s={search_term_string}"},"query-input":{"@type":"PropertyValueSpecification","valueRequired":true,"valueName":"search_term_string"}}],"inLanguage":"pt-PT"},{"@type":"Organization","@id":"https:\/\/maismagazine.pt\/#organization","name":"Mais Magazine","url":"https:\/\/maismagazine.pt\/","logo":{"@type":"ImageObject","inLanguage":"pt-PT","@id":"https:\/\/maismagazine.pt\/#\/schema\/logo\/image\/","url":"https:\/\/maismagazine.pt\/wp-content\/uploads\/2020\/04\/cropped-cropped-mais-magazine-site-logo-2.png","contentUrl":"https:\/\/maismagazine.pt\/wp-content\/uploads\/2020\/04\/cropped-cropped-mais-magazine-site-logo-2.png","width":581,"height":90,"caption":"Mais Magazine"},"image":{"@id":"https:\/\/maismagazine.pt\/#\/schema\/logo\/image\/"}},{"@type":"Person","@id":"https:\/\/maismagazine.pt\/#\/schema\/person\/c6c5bfccc886434cbd11c74e035f9646","name":"Tiago Costa","image":{"@type":"ImageObject","inLanguage":"pt-PT","@id":"https:\/\/maismagazine.pt\/#\/schema\/person\/image\/","url":"https:\/\/secure.gravatar.com\/avatar\/c599b2bce16c9870429198cbad5ee022?s=96&d=mm&r=g","contentUrl":"https:\/\/secure.gravatar.com\/avatar\/c599b2bce16c9870429198cbad5ee022?s=96&d=mm&r=g","caption":"Tiago Costa"},"url":"https:\/\/maismagazine.pt\/index.php\/author\/tiago\/"}]}},"author_meta":{"display_name":false,"author_link":"https:\/\/maismagazine.pt\/index.php\/author\/tiago\/"},"featured_img":"https:\/\/maismagazine.pt\/wp-content\/uploads\/2022\/09\/Semana_Europeia_Mobilidade_2021-300x222.jpg","coauthors":[],"tax_additional":{"categories":{"linked":["<a href=\"https:\/\/maismagazine.pt\/index.php\/category\/empreendedorismo\/ambiente-e-sustentabilidade\/\" class=\"advgb-post-tax-term\">Ambiente e Sustentabilidade<\/a>","<a href=\"https:\/\/maismagazine.pt\/index.php\/category\/destaque\/\" class=\"advgb-post-tax-term\">Destaque lateral<\/a>","<a href=\"https:\/\/maismagazine.pt\/index.php\/category\/lifestyle\/\" class=\"advgb-post-tax-term\">LifeStyle<\/a>"],"unlinked":["<span class=\"advgb-post-tax-term\">Ambiente e Sustentabilidade<\/span>","<span class=\"advgb-post-tax-term\">Destaque lateral<\/span>","<span class=\"advgb-post-tax-term\">LifeStyle<\/span>"]},"tags":{"linked":["<a href=\"https:\/\/maismagazine.pt\/index.php\/category\/lifestyle\/\" class=\"advgb-post-tax-term\">Maia<\/a>","<a href=\"https:\/\/maismagazine.pt\/index.php\/category\/lifestyle\/\" class=\"advgb-post-tax-term\">mobilidade<\/a>","<a href=\"https:\/\/maismagazine.pt\/index.php\/category\/lifestyle\/\" class=\"advgb-post-tax-term\">Sustentabilidade<\/a>"],"unlinked":["<span class=\"advgb-post-tax-term\">Maia<\/span>","<span class=\"advgb-post-tax-term\">mobilidade<\/span>","<span class=\"advgb-post-tax-term\">Sustentabilidade<\/span>"]}},"comment_count":"0","relative_dates":{"created":"Posted 4 anos ago","modified":"Updated 4 anos ago"},"absolute_dates":{"created":"Posted on 16 de Setembro, 2022","modified":"Updated on 8 de Setembro, 2022"},"absolute_dates_time":{"created":"Posted on 16 de Setembro, 2022 7:00","modified":"Updated on 8 de Setembro, 2022 12:05"},"featured_img_caption":"","series_order":"","_links":{"self":[{"href":"https:\/\/maismagazine.pt\/index.php\/wp-json\/wp\/v2\/posts\/4429","targetHints":{"allow":["GET"]}}],"collection":[{"href":"https:\/\/maismagazine.pt\/index.php\/wp-json\/wp\/v2\/posts"}],"about":[{"href":"https:\/\/maismagazine.pt\/index.php\/wp-json\/wp\/v2\/types\/post"}],"author":[{"embeddable":true,"href":"https:\/\/maismagazine.pt\/index.php\/wp-json\/wp\/v2\/users\/17"}],"replies":[{"embeddable":true,"href":"https:\/\/maismagazine.pt\/index.php\/wp-json\/wp\/v2\/comments?post=4429"}],"version-history":[{"count":3,"href":"https:\/\/maismagazine.pt\/index.php\/wp-json\/wp\/v2\/posts\/4429\/revisions"}],"predecessor-version":[{"id":4515,"href":"https:\/\/maismagazine.pt\/index.php\/wp-json\/wp\/v2\/posts\/4429\/revisions\/4515"}],"wp:featuredmedia":[{"embeddable":true,"href":"https:\/\/maismagazine.pt\/index.php\/wp-json\/wp\/v2\/media\/4437"}],"wp:attachment":[{"href":"https:\/\/maismagazine.pt\/index.php\/wp-json\/wp\/v2\/media?parent=4429"}],"wp:term":[{"taxonomy":"category","embeddable":true,"href":"https:\/\/maismagazine.pt\/index.php\/wp-json\/wp\/v2\/categories?post=4429"},{"taxonomy":"post_tag","embeddable":true,"href":"https:\/\/maismagazine.pt\/index.php\/wp-json\/wp\/v2\/tags?post=4429"}],"curies":[{"name":"wp","href":"https:\/\/api.w.org\/{rel}","templated":true}]}}