{"id":4393,"date":"2022-09-16T07:00:00","date_gmt":"2022-09-16T06:00:00","guid":{"rendered":"http:\/\/maismagazine.pt\/?p=4393"},"modified":"2022-09-16T09:48:21","modified_gmt":"2022-09-16T08:48:21","slug":"audio-arte-passa-a-ser-importador-e-distribuidor-exclusivo-da-synthesis","status":"publish","type":"post","link":"https:\/\/maismagazine.pt\/index.php\/2022\/09\/16\/audio-arte-passa-a-ser-importador-e-distribuidor-exclusivo-da-synthesis\/","title":{"rendered":"Audio-Arte passa a ser importador e distribuidor exclusivo da SYNTHESIS"},"content":{"rendered":"\n<p><strong>Novos de idade, mas maduros em experi\u00eancia, a loja assume a sua distin\u00e7\u00e3o no setor, atrav\u00e9s dos servi\u00e7os de comercializa\u00e7\u00e3o e no apoio que prestam aos clientes no pr\u00e9 e p\u00f3s-venda. No m\u00eas passado, a SYNTHESIS passou a ser \u201csua exclusiva\u201d e muito em breve prometem disponibilizar os seus produtos a pre\u00e7os em conta.<\/strong><br><br>Com ADN Madeirense, a <a href=\"https:\/\/audio-arte.pt\/\">Audio-Arte<\/a> surgiu em 2017 no mercado High-End, fruto da \u201cpaix\u00e3o de Ricardo Assun\u00e7\u00e3o, propriet\u00e1rio desta loja, pela m\u00fasica e pelos equipamentos de Alta-Fidelidade, que ali\u00e1s adv\u00e9m desde a sua tenra idade\u201d. Atualmente, esta empresa j\u00e1 \u00e9 agente de um portef\u00f3lio consistente de marcas internacionais. Nesse sentido, na conversa com a Mais Magazine, o administrador da loja revelou, em primeira m\u00e3o, que desde o final de agosto, tornaram-se importadores e distribuidores exclusivos para Portugal da marca SYNTHESIS, que \u00e9 composta de pe\u00e7as de grande beleza e \u201cde pura performance sonora, integralmente constru\u00eddas \u00e0 m\u00e3o, em It\u00e1lia\u201d. Ap\u00f3s o lan\u00e7amento da novidade, assume que dentro em breve, ir\u00e3o \u201capresentar \u00e0 carteira de clientes os novos <em>powers<\/em> monoblocos, do modelo Roma 98 DC, com um pre\u00e7o acess\u00edvel\u201d, o que para Ricardo Assun\u00e7\u00e3o \u201cir\u00e1 cair que nem uma \u201cbomba\u201d no mercado nacional. <br><br>Para al\u00e9m desta entidade, Ricardo Assun\u00e7\u00e3o falou-nos ainda da Pathos Acoustics &#8211; outra gama de marcas que importam e distribuem &#8211; com um carinho especial, j\u00e1 que, na sua opini\u00e3o, esta \u00e9 a que \u201cmelhor personifica o entrar da Audio-Arte no \u00e1udio High-End\u201d. No seu discurso elogioso destacou os seus <em>best sellers<\/em>, como o Pathos TT, Pathos Classic One, que se encontra dispon\u00edvel \u201cna vers\u00e3o MK3, e o Pathos Classic Remix, j\u00e1 com DAC\u201d.<br><br>As batidas que ao longo destes cinco anos t\u00eam dado nesta \u00e1rea n\u00e3o t\u00eam o intuito de os tornar em \u201cmais um <em>player<\/em> de mercado na comercializa\u00e7\u00e3o de equipamentos de \u00e1udio e v\u00eddeo\u201d, mas sim marcarem a diferen\u00e7a no modo como transmitem a informa\u00e7\u00e3o sobre os produtos que comercializam, atrav\u00e9s de campanhas ativas de proximidade com o consumidor, bem como na forma como descrevem \u201cas fun\u00e7\u00f5es e propriedades dos mesmos\u201d na plataforma de e-commerce, facto que lhes tem conferido \u201cum crescimento exponencial, em Portugal\u201d. Seguindo essa ideia, a acrescentar aos servi\u00e7os de comercializa\u00e7\u00e3o, \u201cfocam-se tamb\u00e9m nos de p\u00f3s-venda, aspeto que, para eles, falha na concorr\u00eancia, por n\u00e3o olharem para o cliente a longo prazo\u201d. Por isso, na ess\u00eancia da metodologia do trabalho que prestam \u201cest\u00e1 o gosto em falar com o p\u00fablico\u201d, sobretudo para compreenderem as suas necessidades, as condi\u00e7\u00f5es que possuem para adquirirem um certo produto no seu domic\u00edlio e ainda entenderem se s\u00e3o \u201cpais de primeira viagem\u201d. Neste \u201cmundo de prazeres auditivos, visuais e sensoriais\u201d, a oferta desta empresa \u00e9 \u201cdiversificada\u201d, com um perfil de utilizador que vai desde o jovem que \u201cpretende uma solu\u00e7\u00e3o simples, de qualidade, em que possa controlar em alguma aplica\u00e7\u00e3o no seu telefone\u201d, at\u00e9 ao mais tradicional, o dito apreciador de uma instala\u00e7\u00e3o \u201ccomplexa, em detrimento de uma solu\u00e7\u00e3o \u201c<em>on box solution<\/em>\u201d. Os que batem a esta porta no Funchal \u201calegram-se por encontrar novamente uma loja com produtos de excel\u00eancia e curiosamente muitos deles aparecem fruto da aposta nas plataformas digitais, que acabou por despertar o interesse para a plataforma de com\u00e9rcio online\u201d.<\/p>\n\n\n\n<figure class=\"wp-block-gallery columns-1 is-cropped wp-block-gallery-1\"><ul class=\"blocks-gallery-grid\"><li class=\"blocks-gallery-item\"><figure><img loading=\"lazy\" decoding=\"async\" width=\"1024\" height=\"854\" src=\"http:\/\/maismagazine.pt\/wp-content\/uploads\/2022\/09\/TT-1.png\" alt=\"\" data-id=\"4401\" data-full-url=\"http:\/\/maismagazine.pt\/wp-content\/uploads\/2022\/09\/TT-1.png\" data-link=\"http:\/\/maismagazine.pt\/?attachment_id=4401\" class=\"wp-image-4401 is-layout-flex wp-block-gallery-is-layout-flex\" srcset=\"https:\/\/maismagazine.pt\/wp-content\/uploads\/2022\/09\/TT-1.png 1024w, https:\/\/maismagazine.pt\/wp-content\/uploads\/2022\/09\/TT-1-300x250.png 300w, https:\/\/maismagazine.pt\/wp-content\/uploads\/2022\/09\/TT-1-768x641.png 768w\" sizes=\"auto, (max-width: 1024px) 100vw, 1024px\" \/><\/figure><\/li><\/ul><\/figure>\n\n\n\n<p><\/p>\n\n\n\n<p><strong>Estrat\u00e9gias para conquistar a camada jovem<\/strong><br><br>Para atrair as gera\u00e7\u00f5es mais jovens \u00e0 \u201cchama\u201d da Alta-Fidelidade, Ricardo Assun\u00e7\u00e3o criou um canal de Youtube, e perfis noutras redes sociais, onde apresenta o seu cat\u00e1logo e explica os cuidados e modos de funcionamento de alguns equipamentos. Estes esfor\u00e7os aparecem da tristeza que tem ao ver os \u201cmi\u00fados\u201d com um desconhecimento absoluto da m\u00fasica e dos meios e ferramentas que t\u00eam ao dispor para consumi-la com qualidade. <br><br><strong>O longe faz-se perto<\/strong><br><br>Apesar de estarem localizados numa ilha, a vastos quil\u00f3metros do continente, para a Audio-Arte a dist\u00e2ncia n\u00e3o \u00e9 entrave, nem um problema que se coloca na hora do consumidor adquirir um equipamento, uma vez que afirmam possuir \u201cuma excelente distribui\u00e7\u00e3o a n\u00edvel nacional\u201d, pois \u201cdependendo da hora em que o consumidor d\u00ea a sua ordem de compra, o produto adquirido poder\u00e1 chegar ao destino no mesmo dia em que foi efetuada a mesma\u201d. E nos casos de um produto solicitado estar indispon\u00edvel em armaz\u00e9m, o mesmo tamb\u00e9m pode, mais tarde, \u201cser expedido via <em>factory direct<\/em> para a casa do cliente, sempre com acompanhamento de <em>tracking<\/em>\u201d.<\/p>\n\n\n\n<figure class=\"wp-block-gallery columns-2 is-cropped wp-block-gallery-2\"><ul class=\"blocks-gallery-grid\"><li class=\"blocks-gallery-item\"><figure><img loading=\"lazy\" decoding=\"async\" width=\"1024\" height=\"854\" src=\"http:\/\/maismagazine.pt\/wp-content\/uploads\/2022\/09\/Classic-Remix.png\" alt=\"\" data-id=\"4404\" data-full-url=\"http:\/\/maismagazine.pt\/wp-content\/uploads\/2022\/09\/Classic-Remix.png\" data-link=\"http:\/\/maismagazine.pt\/?attachment_id=4404\" class=\"wp-image-4404\" srcset=\"https:\/\/maismagazine.pt\/wp-content\/uploads\/2022\/09\/Classic-Remix.png 1024w, https:\/\/maismagazine.pt\/wp-content\/uploads\/2022\/09\/Classic-Remix-300x250.png 300w, https:\/\/maismagazine.pt\/wp-content\/uploads\/2022\/09\/Classic-Remix-768x641.png 768w\" sizes=\"auto, (max-width: 1024px) 100vw, 1024px\" \/><\/figure><\/li><li class=\"blocks-gallery-item\"><figure><img loading=\"lazy\" decoding=\"async\" width=\"1024\" height=\"854\" src=\"http:\/\/maismagazine.pt\/wp-content\/uploads\/2022\/09\/Kratos.png\" alt=\"\" data-id=\"4405\" data-full-url=\"http:\/\/maismagazine.pt\/wp-content\/uploads\/2022\/09\/Kratos.png\" data-link=\"http:\/\/maismagazine.pt\/?attachment_id=4405\" class=\"wp-image-4405 is-layout-flex wp-block-gallery-is-layout-flex\" srcset=\"https:\/\/maismagazine.pt\/wp-content\/uploads\/2022\/09\/Kratos.png 1024w, https:\/\/maismagazine.pt\/wp-content\/uploads\/2022\/09\/Kratos-300x250.png 300w, https:\/\/maismagazine.pt\/wp-content\/uploads\/2022\/09\/Kratos-768x641.png 768w\" sizes=\"auto, (max-width: 1024px) 100vw, 1024px\" \/><\/figure><\/li><\/ul><\/figure>\n\n\n\n<p><strong>A M\u00fasica como uma \u201cmanifesta\u00e7\u00e3o art\u00edstica\u201d<\/strong><br><br>A arte musical pode encontrar o seu par \u201cna arte pl\u00e1stica e pintura\u201d, por \u201cnos despertarem os sentidos e o nosso imagin\u00e1rio\u201d. \u00c9 desta forma que o propriet\u00e1rio da loja come\u00e7a por explicar e justificar o facto de disponibilizar as paredes do espa\u00e7o do Showroom da Audio-Arte para os artistas pl\u00e1sticos da regi\u00e3o exporem os seus trabalhos. Uma \u201cl\u00f3gica\u201d que tamb\u00e9m \u201csofreu refor\u00e7o e materializa\u00e7\u00e3o\u201d por causa da sua irm\u00e3 ser artista autodidata, como nos confessa. <br><br>Ainda houve partitura e tempo para discutir o futuro. Sobre esse, Ricardo Assun\u00e7\u00e3o confessa o desejo de ver aumentada a \u201cestrutura B2B no Continente, alocando os produtos em v\u00e1rios pontos de venda, podendo desta forma as empresas interessadas pelos servi\u00e7os, contactarem a Audio-Arte\u201d, mais facilmente\u201d. O mesmo findou a \u201cm\u00fasica\u201d desta conversa, ao concluir que a perseveran\u00e7a \u00e9 uma das carater\u00edsticas da empresa que administra, rumo \u00e0 \u201cexig\u00eancia e estabilidade financeira\u201d que \u00e9 exigida a todas as organiza\u00e7\u00f5es que \u201coperam com este tipo de produto\u201d.<\/p>\n","protected":false},"excerpt":{"rendered":"<p>Novos de idade, mas maduros em experi\u00eancia, a loja assume a sua distin\u00e7\u00e3o no setor, atrav\u00e9s dos servi\u00e7os de comercializa\u00e7\u00e3o e no apoio que prestam aos clientes no pr\u00e9 e p\u00f3s-venda. No m\u00eas passado, a SYNTHESIS passou a ser \u201csua exclusiva\u201d e muito em breve prometem disponibilizar os seus produtos&hellip;<\/p>\n","protected":false},"author":7,"featured_media":4400,"comment_status":"closed","ping_status":"open","sticky":false,"template":"","format":"standard","meta":{"advgb_blocks_editor_width":"","advgb_blocks_columns_visual_guide":"","_monsterinsights_skip_tracking":false,"_monsterinsights_sitenote_active":false,"_monsterinsights_sitenote_note":"","_monsterinsights_sitenote_category":0,"footnotes":""},"categories":[1,9,54,79],"tags":[1011,371,102,594,1008,113],"class_list":["post-4393","post","type-post","status-publish","format-standard","has-post-thumbnail","hentry","category-atualidade","category-cultura","category-lifestyle","category-tecnologia-e-inovacao","tag-audio-arte","tag-equipamentos","tag-inovacao","tag-musica-2","tag-som","tag-tecnologia"],"yoast_head":"<!-- This site is optimized with the Yoast SEO plugin v24.4 - https:\/\/yoast.com\/wordpress\/plugins\/seo\/ -->\n<title>Audio-Arte passa a ser importador e distribuidor exclusivo da SYNTHESIS - Mais Magazine<\/title>\n<meta name=\"description\" content=\"Novos de idade, mas maduros em experi\u00eancia, a loja assume a sua distin\u00e7\u00e3o no setor, atrav\u00e9s dos servi\u00e7os de comercializa\u00e7\u00e3o e no apoio que prestam aos clientes no pr\u00e9 e p\u00f3s-venda. No m\u00eas passado, a SYNTHESIS passou a ser \u201csua exclusiva\u201d e muito em breve prometem disponibilizar os seus produtos a pre\u00e7os em conta.\" \/>\n<meta name=\"robots\" content=\"index, follow, max-snippet:-1, max-image-preview:large, max-video-preview:-1\" \/>\n<link rel=\"canonical\" href=\"https:\/\/maismagazine.pt\/index.php\/2022\/09\/16\/audio-arte-passa-a-ser-importador-e-distribuidor-exclusivo-da-synthesis\/\" \/>\n<meta property=\"og:locale\" content=\"pt_PT\" \/>\n<meta property=\"og:type\" content=\"article\" \/>\n<meta property=\"og:title\" content=\"Audio-Arte passa a ser importador e distribuidor exclusivo da SYNTHESIS - Mais Magazine\" \/>\n<meta property=\"og:description\" content=\"Novos de idade, mas maduros em experi\u00eancia, a loja assume a sua distin\u00e7\u00e3o no setor, atrav\u00e9s dos servi\u00e7os de comercializa\u00e7\u00e3o e no apoio que prestam aos clientes no pr\u00e9 e p\u00f3s-venda. No m\u00eas passado, a SYNTHESIS passou a ser \u201csua exclusiva\u201d e muito em breve prometem disponibilizar os seus produtos a pre\u00e7os em conta.\" \/>\n<meta property=\"og:url\" content=\"https:\/\/maismagazine.pt\/index.php\/2022\/09\/16\/audio-arte-passa-a-ser-importador-e-distribuidor-exclusivo-da-synthesis\/\" \/>\n<meta property=\"og:site_name\" content=\"Mais Magazine\" \/>\n<meta property=\"article:published_time\" content=\"2022-09-16T06:00:00+00:00\" \/>\n<meta property=\"article:modified_time\" content=\"2022-09-16T08:48:21+00:00\" \/>\n<meta property=\"og:image\" content=\"https:\/\/maismagazine.pt\/wp-content\/uploads\/2022\/09\/ROMA98DC_2-scaled.jpg\" \/>\n\t<meta property=\"og:image:width\" content=\"2560\" \/>\n\t<meta property=\"og:image:height\" content=\"1707\" \/>\n\t<meta property=\"og:image:type\" content=\"image\/jpeg\" \/>\n<meta name=\"author\" content=\"Jo\u00e3o Malainho\" \/>\n<meta name=\"twitter:card\" content=\"summary_large_image\" \/>\n<meta name=\"twitter:label1\" content=\"Escrito por\" \/>\n\t<meta name=\"twitter:data1\" content=\"\" \/>\n\t<meta name=\"twitter:label2\" content=\"Tempo estimado de leitura\" \/>\n\t<meta name=\"twitter:data2\" content=\"5 minutos\" \/>\n<script type=\"application\/ld+json\" class=\"yoast-schema-graph\">{\"@context\":\"https:\/\/schema.org\",\"@graph\":[{\"@type\":\"Article\",\"@id\":\"https:\/\/maismagazine.pt\/index.php\/2022\/09\/16\/audio-arte-passa-a-ser-importador-e-distribuidor-exclusivo-da-synthesis\/#article\",\"isPartOf\":{\"@id\":\"https:\/\/maismagazine.pt\/index.php\/2022\/09\/16\/audio-arte-passa-a-ser-importador-e-distribuidor-exclusivo-da-synthesis\/\"},\"author\":{\"name\":\"Jo\u00e3o Malainho\",\"@id\":\"https:\/\/maismagazine.pt\/#\/schema\/person\/999bd426f894ff56d397ec12ebd21ebb\"},\"headline\":\"Audio-Arte passa a ser importador e distribuidor exclusivo da SYNTHESIS\",\"datePublished\":\"2022-09-16T06:00:00+00:00\",\"dateModified\":\"2022-09-16T08:48:21+00:00\",\"mainEntityOfPage\":{\"@id\":\"https:\/\/maismagazine.pt\/index.php\/2022\/09\/16\/audio-arte-passa-a-ser-importador-e-distribuidor-exclusivo-da-synthesis\/\"},\"wordCount\":972,\"publisher\":{\"@id\":\"https:\/\/maismagazine.pt\/#organization\"},\"image\":{\"@id\":\"https:\/\/maismagazine.pt\/index.php\/2022\/09\/16\/audio-arte-passa-a-ser-importador-e-distribuidor-exclusivo-da-synthesis\/#primaryimage\"},\"thumbnailUrl\":\"https:\/\/maismagazine.pt\/wp-content\/uploads\/2022\/09\/ROMA98DC_2-scaled.jpg\",\"keywords\":[\"Audio-Arte\",\"equipamentos\",\"inova\u00e7\u00e3o\",\"M\u00fasica\",\"som\",\"tecnologia\"],\"articleSection\":[\"Atualidade\",\"Cultura\",\"LifeStyle\",\"Tecnologia e Inova\u00e7\u00e3o\"],\"inLanguage\":\"pt-PT\"},{\"@type\":\"WebPage\",\"@id\":\"https:\/\/maismagazine.pt\/index.php\/2022\/09\/16\/audio-arte-passa-a-ser-importador-e-distribuidor-exclusivo-da-synthesis\/\",\"url\":\"https:\/\/maismagazine.pt\/index.php\/2022\/09\/16\/audio-arte-passa-a-ser-importador-e-distribuidor-exclusivo-da-synthesis\/\",\"name\":\"Audio-Arte passa a ser importador e distribuidor exclusivo da SYNTHESIS - Mais Magazine\",\"isPartOf\":{\"@id\":\"https:\/\/maismagazine.pt\/#website\"},\"primaryImageOfPage\":{\"@id\":\"https:\/\/maismagazine.pt\/index.php\/2022\/09\/16\/audio-arte-passa-a-ser-importador-e-distribuidor-exclusivo-da-synthesis\/#primaryimage\"},\"image\":{\"@id\":\"https:\/\/maismagazine.pt\/index.php\/2022\/09\/16\/audio-arte-passa-a-ser-importador-e-distribuidor-exclusivo-da-synthesis\/#primaryimage\"},\"thumbnailUrl\":\"https:\/\/maismagazine.pt\/wp-content\/uploads\/2022\/09\/ROMA98DC_2-scaled.jpg\",\"datePublished\":\"2022-09-16T06:00:00+00:00\",\"dateModified\":\"2022-09-16T08:48:21+00:00\",\"description\":\"Novos de idade, mas maduros em experi\u00eancia, a loja assume a sua distin\u00e7\u00e3o no setor, atrav\u00e9s dos servi\u00e7os de comercializa\u00e7\u00e3o e no apoio que prestam aos clientes no pr\u00e9 e p\u00f3s-venda. No m\u00eas passado, a SYNTHESIS passou a ser \u201csua exclusiva\u201d e muito em breve prometem disponibilizar os seus produtos a pre\u00e7os em conta.\",\"breadcrumb\":{\"@id\":\"https:\/\/maismagazine.pt\/index.php\/2022\/09\/16\/audio-arte-passa-a-ser-importador-e-distribuidor-exclusivo-da-synthesis\/#breadcrumb\"},\"inLanguage\":\"pt-PT\",\"potentialAction\":[{\"@type\":\"ReadAction\",\"target\":[\"https:\/\/maismagazine.pt\/index.php\/2022\/09\/16\/audio-arte-passa-a-ser-importador-e-distribuidor-exclusivo-da-synthesis\/\"]}]},{\"@type\":\"ImageObject\",\"inLanguage\":\"pt-PT\",\"@id\":\"https:\/\/maismagazine.pt\/index.php\/2022\/09\/16\/audio-arte-passa-a-ser-importador-e-distribuidor-exclusivo-da-synthesis\/#primaryimage\",\"url\":\"https:\/\/maismagazine.pt\/wp-content\/uploads\/2022\/09\/ROMA98DC_2-scaled.jpg\",\"contentUrl\":\"https:\/\/maismagazine.pt\/wp-content\/uploads\/2022\/09\/ROMA98DC_2-scaled.jpg\",\"width\":2560,\"height\":1707},{\"@type\":\"BreadcrumbList\",\"@id\":\"https:\/\/maismagazine.pt\/index.php\/2022\/09\/16\/audio-arte-passa-a-ser-importador-e-distribuidor-exclusivo-da-synthesis\/#breadcrumb\",\"itemListElement\":[{\"@type\":\"ListItem\",\"position\":1,\"name\":\"Home\",\"item\":\"https:\/\/maismagazine.pt\/\"},{\"@type\":\"ListItem\",\"position\":2,\"name\":\"Audio-Arte passa a ser importador e distribuidor exclusivo da SYNTHESIS\"}]},{\"@type\":\"WebSite\",\"@id\":\"https:\/\/maismagazine.pt\/#website\",\"url\":\"https:\/\/maismagazine.pt\/\",\"name\":\"Mais Magazine\",\"description\":\"\",\"publisher\":{\"@id\":\"https:\/\/maismagazine.pt\/#organization\"},\"potentialAction\":[{\"@type\":\"SearchAction\",\"target\":{\"@type\":\"EntryPoint\",\"urlTemplate\":\"https:\/\/maismagazine.pt\/?s={search_term_string}\"},\"query-input\":{\"@type\":\"PropertyValueSpecification\",\"valueRequired\":true,\"valueName\":\"search_term_string\"}}],\"inLanguage\":\"pt-PT\"},{\"@type\":\"Organization\",\"@id\":\"https:\/\/maismagazine.pt\/#organization\",\"name\":\"Mais Magazine\",\"url\":\"https:\/\/maismagazine.pt\/\",\"logo\":{\"@type\":\"ImageObject\",\"inLanguage\":\"pt-PT\",\"@id\":\"https:\/\/maismagazine.pt\/#\/schema\/logo\/image\/\",\"url\":\"https:\/\/maismagazine.pt\/wp-content\/uploads\/2020\/04\/cropped-cropped-mais-magazine-site-logo-2.png\",\"contentUrl\":\"https:\/\/maismagazine.pt\/wp-content\/uploads\/2020\/04\/cropped-cropped-mais-magazine-site-logo-2.png\",\"width\":581,\"height\":90,\"caption\":\"Mais Magazine\"},\"image\":{\"@id\":\"https:\/\/maismagazine.pt\/#\/schema\/logo\/image\/\"}},{\"@type\":\"Person\",\"@id\":\"https:\/\/maismagazine.pt\/#\/schema\/person\/999bd426f894ff56d397ec12ebd21ebb\",\"name\":\"Jo\u00e3o Malainho\",\"image\":{\"@type\":\"ImageObject\",\"inLanguage\":\"pt-PT\",\"@id\":\"https:\/\/maismagazine.pt\/#\/schema\/person\/image\/\",\"url\":\"https:\/\/secure.gravatar.com\/avatar\/ff03c2f38edf60b2a827aa4f74878491?s=96&d=mm&r=g\",\"contentUrl\":\"https:\/\/secure.gravatar.com\/avatar\/ff03c2f38edf60b2a827aa4f74878491?s=96&d=mm&r=g\",\"caption\":\"Jo\u00e3o Malainho\"},\"url\":\"https:\/\/maismagazine.pt\/index.php\/author\/maismagazine\/\"}]}<\/script>\n<!-- \/ Yoast SEO plugin. -->","yoast_head_json":{"title":"Audio-Arte passa a ser importador e distribuidor exclusivo da SYNTHESIS - Mais Magazine","description":"Novos de idade, mas maduros em experi\u00eancia, a loja assume a sua distin\u00e7\u00e3o no setor, atrav\u00e9s dos servi\u00e7os de comercializa\u00e7\u00e3o e no apoio que prestam aos clientes no pr\u00e9 e p\u00f3s-venda. No m\u00eas passado, a SYNTHESIS passou a ser \u201csua exclusiva\u201d e muito em breve prometem disponibilizar os seus produtos a pre\u00e7os em conta.","robots":{"index":"index","follow":"follow","max-snippet":"max-snippet:-1","max-image-preview":"max-image-preview:large","max-video-preview":"max-video-preview:-1"},"canonical":"https:\/\/maismagazine.pt\/index.php\/2022\/09\/16\/audio-arte-passa-a-ser-importador-e-distribuidor-exclusivo-da-synthesis\/","og_locale":"pt_PT","og_type":"article","og_title":"Audio-Arte passa a ser importador e distribuidor exclusivo da SYNTHESIS - Mais Magazine","og_description":"Novos de idade, mas maduros em experi\u00eancia, a loja assume a sua distin\u00e7\u00e3o no setor, atrav\u00e9s dos servi\u00e7os de comercializa\u00e7\u00e3o e no apoio que prestam aos clientes no pr\u00e9 e p\u00f3s-venda. No m\u00eas passado, a SYNTHESIS passou a ser \u201csua exclusiva\u201d e muito em breve prometem disponibilizar os seus produtos a pre\u00e7os em conta.","og_url":"https:\/\/maismagazine.pt\/index.php\/2022\/09\/16\/audio-arte-passa-a-ser-importador-e-distribuidor-exclusivo-da-synthesis\/","og_site_name":"Mais Magazine","article_published_time":"2022-09-16T06:00:00+00:00","article_modified_time":"2022-09-16T08:48:21+00:00","og_image":[{"width":2560,"height":1707,"url":"https:\/\/maismagazine.pt\/wp-content\/uploads\/2022\/09\/ROMA98DC_2-scaled.jpg","type":"image\/jpeg"}],"author":"Jo\u00e3o Malainho","twitter_card":"summary_large_image","twitter_misc":{"Escrito por":false,"Tempo estimado de leitura":"5 minutos"},"schema":{"@context":"https:\/\/schema.org","@graph":[{"@type":"Article","@id":"https:\/\/maismagazine.pt\/index.php\/2022\/09\/16\/audio-arte-passa-a-ser-importador-e-distribuidor-exclusivo-da-synthesis\/#article","isPartOf":{"@id":"https:\/\/maismagazine.pt\/index.php\/2022\/09\/16\/audio-arte-passa-a-ser-importador-e-distribuidor-exclusivo-da-synthesis\/"},"author":{"name":"Jo\u00e3o Malainho","@id":"https:\/\/maismagazine.pt\/#\/schema\/person\/999bd426f894ff56d397ec12ebd21ebb"},"headline":"Audio-Arte passa a ser importador e distribuidor exclusivo da SYNTHESIS","datePublished":"2022-09-16T06:00:00+00:00","dateModified":"2022-09-16T08:48:21+00:00","mainEntityOfPage":{"@id":"https:\/\/maismagazine.pt\/index.php\/2022\/09\/16\/audio-arte-passa-a-ser-importador-e-distribuidor-exclusivo-da-synthesis\/"},"wordCount":972,"publisher":{"@id":"https:\/\/maismagazine.pt\/#organization"},"image":{"@id":"https:\/\/maismagazine.pt\/index.php\/2022\/09\/16\/audio-arte-passa-a-ser-importador-e-distribuidor-exclusivo-da-synthesis\/#primaryimage"},"thumbnailUrl":"https:\/\/maismagazine.pt\/wp-content\/uploads\/2022\/09\/ROMA98DC_2-scaled.jpg","keywords":["Audio-Arte","equipamentos","inova\u00e7\u00e3o","M\u00fasica","som","tecnologia"],"articleSection":["Atualidade","Cultura","LifeStyle","Tecnologia e Inova\u00e7\u00e3o"],"inLanguage":"pt-PT"},{"@type":"WebPage","@id":"https:\/\/maismagazine.pt\/index.php\/2022\/09\/16\/audio-arte-passa-a-ser-importador-e-distribuidor-exclusivo-da-synthesis\/","url":"https:\/\/maismagazine.pt\/index.php\/2022\/09\/16\/audio-arte-passa-a-ser-importador-e-distribuidor-exclusivo-da-synthesis\/","name":"Audio-Arte passa a ser importador e distribuidor exclusivo da SYNTHESIS - Mais Magazine","isPartOf":{"@id":"https:\/\/maismagazine.pt\/#website"},"primaryImageOfPage":{"@id":"https:\/\/maismagazine.pt\/index.php\/2022\/09\/16\/audio-arte-passa-a-ser-importador-e-distribuidor-exclusivo-da-synthesis\/#primaryimage"},"image":{"@id":"https:\/\/maismagazine.pt\/index.php\/2022\/09\/16\/audio-arte-passa-a-ser-importador-e-distribuidor-exclusivo-da-synthesis\/#primaryimage"},"thumbnailUrl":"https:\/\/maismagazine.pt\/wp-content\/uploads\/2022\/09\/ROMA98DC_2-scaled.jpg","datePublished":"2022-09-16T06:00:00+00:00","dateModified":"2022-09-16T08:48:21+00:00","description":"Novos de idade, mas maduros em experi\u00eancia, a loja assume a sua distin\u00e7\u00e3o no setor, atrav\u00e9s dos servi\u00e7os de comercializa\u00e7\u00e3o e no apoio que prestam aos clientes no pr\u00e9 e p\u00f3s-venda. No m\u00eas passado, a SYNTHESIS passou a ser \u201csua exclusiva\u201d e muito em breve prometem disponibilizar os seus produtos a pre\u00e7os em conta.","breadcrumb":{"@id":"https:\/\/maismagazine.pt\/index.php\/2022\/09\/16\/audio-arte-passa-a-ser-importador-e-distribuidor-exclusivo-da-synthesis\/#breadcrumb"},"inLanguage":"pt-PT","potentialAction":[{"@type":"ReadAction","target":["https:\/\/maismagazine.pt\/index.php\/2022\/09\/16\/audio-arte-passa-a-ser-importador-e-distribuidor-exclusivo-da-synthesis\/"]}]},{"@type":"ImageObject","inLanguage":"pt-PT","@id":"https:\/\/maismagazine.pt\/index.php\/2022\/09\/16\/audio-arte-passa-a-ser-importador-e-distribuidor-exclusivo-da-synthesis\/#primaryimage","url":"https:\/\/maismagazine.pt\/wp-content\/uploads\/2022\/09\/ROMA98DC_2-scaled.jpg","contentUrl":"https:\/\/maismagazine.pt\/wp-content\/uploads\/2022\/09\/ROMA98DC_2-scaled.jpg","width":2560,"height":1707},{"@type":"BreadcrumbList","@id":"https:\/\/maismagazine.pt\/index.php\/2022\/09\/16\/audio-arte-passa-a-ser-importador-e-distribuidor-exclusivo-da-synthesis\/#breadcrumb","itemListElement":[{"@type":"ListItem","position":1,"name":"Home","item":"https:\/\/maismagazine.pt\/"},{"@type":"ListItem","position":2,"name":"Audio-Arte passa a ser importador e distribuidor exclusivo da SYNTHESIS"}]},{"@type":"WebSite","@id":"https:\/\/maismagazine.pt\/#website","url":"https:\/\/maismagazine.pt\/","name":"Mais Magazine","description":"","publisher":{"@id":"https:\/\/maismagazine.pt\/#organization"},"potentialAction":[{"@type":"SearchAction","target":{"@type":"EntryPoint","urlTemplate":"https:\/\/maismagazine.pt\/?s={search_term_string}"},"query-input":{"@type":"PropertyValueSpecification","valueRequired":true,"valueName":"search_term_string"}}],"inLanguage":"pt-PT"},{"@type":"Organization","@id":"https:\/\/maismagazine.pt\/#organization","name":"Mais Magazine","url":"https:\/\/maismagazine.pt\/","logo":{"@type":"ImageObject","inLanguage":"pt-PT","@id":"https:\/\/maismagazine.pt\/#\/schema\/logo\/image\/","url":"https:\/\/maismagazine.pt\/wp-content\/uploads\/2020\/04\/cropped-cropped-mais-magazine-site-logo-2.png","contentUrl":"https:\/\/maismagazine.pt\/wp-content\/uploads\/2020\/04\/cropped-cropped-mais-magazine-site-logo-2.png","width":581,"height":90,"caption":"Mais Magazine"},"image":{"@id":"https:\/\/maismagazine.pt\/#\/schema\/logo\/image\/"}},{"@type":"Person","@id":"https:\/\/maismagazine.pt\/#\/schema\/person\/999bd426f894ff56d397ec12ebd21ebb","name":"Jo\u00e3o Malainho","image":{"@type":"ImageObject","inLanguage":"pt-PT","@id":"https:\/\/maismagazine.pt\/#\/schema\/person\/image\/","url":"https:\/\/secure.gravatar.com\/avatar\/ff03c2f38edf60b2a827aa4f74878491?s=96&d=mm&r=g","contentUrl":"https:\/\/secure.gravatar.com\/avatar\/ff03c2f38edf60b2a827aa4f74878491?s=96&d=mm&r=g","caption":"Jo\u00e3o Malainho"},"url":"https:\/\/maismagazine.pt\/index.php\/author\/maismagazine\/"}]}},"author_meta":{"display_name":false,"author_link":"https:\/\/maismagazine.pt\/index.php\/author\/maismagazine\/"},"featured_img":"https:\/\/maismagazine.pt\/wp-content\/uploads\/2022\/09\/ROMA98DC_2-300x200.jpg","coauthors":[],"tax_additional":{"categories":{"linked":["<a href=\"https:\/\/maismagazine.pt\/index.php\/category\/atualidade\/\" class=\"advgb-post-tax-term\">Atualidade<\/a>","<a href=\"https:\/\/maismagazine.pt\/index.php\/category\/cultura\/\" class=\"advgb-post-tax-term\">Cultura<\/a>","<a href=\"https:\/\/maismagazine.pt\/index.php\/category\/lifestyle\/\" class=\"advgb-post-tax-term\">LifeStyle<\/a>","<a href=\"https:\/\/maismagazine.pt\/index.php\/category\/empreendedorismo\/tecnologia-e-inovacao\/\" class=\"advgb-post-tax-term\">Tecnologia e Inova\u00e7\u00e3o<\/a>"],"unlinked":["<span class=\"advgb-post-tax-term\">Atualidade<\/span>","<span class=\"advgb-post-tax-term\">Cultura<\/span>","<span class=\"advgb-post-tax-term\">LifeStyle<\/span>","<span class=\"advgb-post-tax-term\">Tecnologia e Inova\u00e7\u00e3o<\/span>"]},"tags":{"linked":["<a href=\"https:\/\/maismagazine.pt\/index.php\/category\/empreendedorismo\/tecnologia-e-inovacao\/\" class=\"advgb-post-tax-term\">Audio-Arte<\/a>","<a href=\"https:\/\/maismagazine.pt\/index.php\/category\/empreendedorismo\/tecnologia-e-inovacao\/\" class=\"advgb-post-tax-term\">equipamentos<\/a>","<a href=\"https:\/\/maismagazine.pt\/index.php\/category\/empreendedorismo\/tecnologia-e-inovacao\/\" class=\"advgb-post-tax-term\">inova\u00e7\u00e3o<\/a>","<a href=\"https:\/\/maismagazine.pt\/index.php\/category\/empreendedorismo\/tecnologia-e-inovacao\/\" class=\"advgb-post-tax-term\">M\u00fasica<\/a>","<a href=\"https:\/\/maismagazine.pt\/index.php\/category\/empreendedorismo\/tecnologia-e-inovacao\/\" class=\"advgb-post-tax-term\">som<\/a>","<a href=\"https:\/\/maismagazine.pt\/index.php\/category\/empreendedorismo\/tecnologia-e-inovacao\/\" class=\"advgb-post-tax-term\">tecnologia<\/a>"],"unlinked":["<span class=\"advgb-post-tax-term\">Audio-Arte<\/span>","<span class=\"advgb-post-tax-term\">equipamentos<\/span>","<span class=\"advgb-post-tax-term\">inova\u00e7\u00e3o<\/span>","<span class=\"advgb-post-tax-term\">M\u00fasica<\/span>","<span class=\"advgb-post-tax-term\">som<\/span>","<span class=\"advgb-post-tax-term\">tecnologia<\/span>"]}},"comment_count":"0","relative_dates":{"created":"Posted 4 anos ago","modified":"Updated 4 anos ago"},"absolute_dates":{"created":"Posted on 16 de Setembro, 2022","modified":"Updated on 16 de Setembro, 2022"},"absolute_dates_time":{"created":"Posted on 16 de Setembro, 2022 7:00","modified":"Updated on 16 de Setembro, 2022 9:48"},"featured_img_caption":"","series_order":"","_links":{"self":[{"href":"https:\/\/maismagazine.pt\/index.php\/wp-json\/wp\/v2\/posts\/4393","targetHints":{"allow":["GET"]}}],"collection":[{"href":"https:\/\/maismagazine.pt\/index.php\/wp-json\/wp\/v2\/posts"}],"about":[{"href":"https:\/\/maismagazine.pt\/index.php\/wp-json\/wp\/v2\/types\/post"}],"author":[{"embeddable":true,"href":"https:\/\/maismagazine.pt\/index.php\/wp-json\/wp\/v2\/users\/7"}],"replies":[{"embeddable":true,"href":"https:\/\/maismagazine.pt\/index.php\/wp-json\/wp\/v2\/comments?post=4393"}],"version-history":[{"count":5,"href":"https:\/\/maismagazine.pt\/index.php\/wp-json\/wp\/v2\/posts\/4393\/revisions"}],"predecessor-version":[{"id":4546,"href":"https:\/\/maismagazine.pt\/index.php\/wp-json\/wp\/v2\/posts\/4393\/revisions\/4546"}],"wp:featuredmedia":[{"embeddable":true,"href":"https:\/\/maismagazine.pt\/index.php\/wp-json\/wp\/v2\/media\/4400"}],"wp:attachment":[{"href":"https:\/\/maismagazine.pt\/index.php\/wp-json\/wp\/v2\/media?parent=4393"}],"wp:term":[{"taxonomy":"category","embeddable":true,"href":"https:\/\/maismagazine.pt\/index.php\/wp-json\/wp\/v2\/categories?post=4393"},{"taxonomy":"post_tag","embeddable":true,"href":"https:\/\/maismagazine.pt\/index.php\/wp-json\/wp\/v2\/tags?post=4393"}],"curies":[{"name":"wp","href":"https:\/\/api.w.org\/{rel}","templated":true}]}}