{"id":4282,"date":"2022-09-16T07:00:00","date_gmt":"2022-09-16T06:00:00","guid":{"rendered":"http:\/\/maismagazine.pt\/?p=4282"},"modified":"2022-09-08T12:03:53","modified_gmt":"2022-09-08T11:03:53","slug":"apio-ha-mais-de-80-anos-a-dar-relevo-a-ourivesaria-portuguesa","status":"publish","type":"post","link":"https:\/\/maismagazine.pt\/index.php\/2022\/09\/16\/apio-ha-mais-de-80-anos-a-dar-relevo-a-ourivesaria-portuguesa\/","title":{"rendered":"APIO &#8211; H\u00e1 mais de 80 anos a dar relevo \u00e0 ourivesaria portuguesa"},"content":{"rendered":"\n<p>A <a href=\"https:\/\/www.apio.pt\/\">APIO &#8211; Associa\u00e7\u00e3o Portuguesa da Ind\u00fastria de Ourivesaria<\/a> foi fundada em 1941, tem a sua sede em Lisboa e \u00e2mbito nacional. \u00c9 uma associa\u00e7\u00e3o privada, sem fins lucrativos, que tem como principal objetivo a defesa e promo\u00e7\u00e3o das atividades do setor de ourivesaria que representa e, em particular, dos seus associados, a n\u00edvel nacional e internacional.<\/p>\n\n\n\n<p><\/p>\n\n\n\n<p>Na presente edi\u00e7\u00e3o da Portoj\u00f3ia a APIO dar\u00e1 a conhecer publicamente as pe\u00e7as candidatas ao 14.\u00ba concurso de ourivesaria promovido pela Associa\u00e7\u00e3o e que, este ano, tem como tema o Ano Internacional do Vidro contando com as parcerias institucionais do Museu do Vidro da Marinha Grande \u2013 C\u00e2mara Municipal da Marinha Grande e da Associa\u00e7\u00e3o dos Industriais do Vidro de Embalagem para al\u00e9m das j\u00e1 habituais parcerias com a JoiaPro e com o Espa\u00e7o Sarmento da Ourivesaria Sarmento. \u00c9 uma iniciativa enquadrada no Ano Internacional do Vidro e premiar\u00e1 o autor da pe\u00e7a vencedora com 500 euros. Este concurso tem como objetivo distinguir pela criatividade, inova\u00e7\u00e3o e design pe\u00e7as de joalharia e ourivesaria originais e \u00e9 uma forma de promover a ourivesaria.<br><\/p>\n\n\n\n<p>\u00c9 ainda uma inc\u00f3gnita o que nos reservar\u00e1 a Portoj\u00f3ia 2022 depois de um interregno de dois anos consecutivos pelos motivos sobejamente conhecidos, existindo algum otimismo mas contido pois o sector n\u00e3o passou naturalmente inc\u00f3lume aos per\u00edodos de confinamento que enfrentou e sem que ainda se tenha sa\u00eddo da crise causada pela pandemia de covid-19 v\u00ea-se a bra\u00e7os, tal como todos os sectores, com o aumento generalizado dos pre\u00e7os de produ\u00e7\u00e3o e com a crise energ\u00e9tica com um impacto ainda desconhecido em toda a sua dimens\u00e3o. Contudo o sector continua a produzir pe\u00e7as de ourivesaria com a paix\u00e3o e qualidade que se lhe reconhece e continua a atrair para o sector novas gera\u00e7\u00f5es de ourives e joalheiros com a consequente renova\u00e7\u00e3o de um sector que \u00e9 sempre um dos primeiros a entrar em crise e um dos \u00faltimos a dela sair dada as caracter\u00edsticas dos produtos finais que s\u00e3o colocados no mercado e, evidentemente, o poder de compra da popula\u00e7\u00e3o que, como sabemos, se encontra atualmente a ser seriamente abalado. A Associa\u00e7\u00e3o tem ali\u00e1s prestado todo o apoio t\u00e9cnico a estes novos criadores, desde que sejam seus associados, de forma gratuita, na obten\u00e7\u00e3o do licenciamento da sua atividade, tarefa que nem sempre se afigura muito simples.<\/p>\n\n\n\n<div class=\"wp-block-image\"><figure class=\"aligncenter size-full\"><img loading=\"lazy\" decoding=\"async\" width=\"268\" height=\"153\" src=\"http:\/\/maismagazine.pt\/wp-content\/uploads\/2022\/09\/Logo-APIO-jpg.jpg\" alt=\"\" class=\"wp-image-4511\" \/><\/figure><\/div>\n\n\n\n<p><br><\/p>\n","protected":false},"excerpt":{"rendered":"<p>A APIO &#8211; Associa\u00e7\u00e3o Portuguesa da Ind\u00fastria de Ourivesaria foi fundada em 1941, tem a sua sede em Lisboa e \u00e2mbito nacional. \u00c9 uma associa\u00e7\u00e3o privada, sem fins lucrativos, que tem como principal objetivo a defesa e promo\u00e7\u00e3o das atividades do setor de ourivesaria que representa e, em particular, dos&hellip;<\/p>\n","protected":false},"author":7,"featured_media":4287,"comment_status":"closed","ping_status":"open","sticky":false,"template":"","format":"standard","meta":{"advgb_blocks_editor_width":"","advgb_blocks_columns_visual_guide":"","_monsterinsights_skip_tracking":false,"_monsterinsights_sitenote_active":false,"_monsterinsights_sitenote_note":"","_monsterinsights_sitenote_category":0,"footnotes":""},"categories":[991],"tags":[994,247,993,582],"class_list":["post-4282","post","type-post","status-publish","format-standard","has-post-thumbnail","hentry","category-portojoia","tag-apio","tag-associacao","tag-joalharia","tag-nacional"],"yoast_head":"<!-- This site is optimized with the Yoast SEO plugin v24.4 - https:\/\/yoast.com\/wordpress\/plugins\/seo\/ -->\n<title>APIO - H\u00e1 mais de 80 anos a dar relevo \u00e0 ourivesaria portuguesa - Mais Magazine<\/title>\n<meta name=\"description\" content=\"A APIO - Associa\u00e7\u00e3o Portuguesa da Ind\u00fastria de Ourivesaria foi fundada em 1941, tem a sua sede em Lisboa e \u00e2mbito nacional. \u00c9 uma associa\u00e7\u00e3o privada, sem fins lucrativos, que tem como principal objetivo a defesa e promo\u00e7\u00e3o das atividades do setor de ourivesaria que representa e, em particular, dos seus associados, a n\u00edvel nacional e internacional.\" \/>\n<meta name=\"robots\" content=\"index, follow, max-snippet:-1, max-image-preview:large, max-video-preview:-1\" \/>\n<link rel=\"canonical\" href=\"http:\/\/maismagazine.pt\/index.php\/2022\/09\/16\/apio-ha-mais-de-80-anos-a-dar-relevo-a-ourivesaria-portuguesa\/\" \/>\n<meta property=\"og:locale\" content=\"pt_PT\" \/>\n<meta property=\"og:type\" content=\"article\" \/>\n<meta property=\"og:title\" content=\"APIO - H\u00e1 mais de 80 anos a dar relevo \u00e0 ourivesaria portuguesa - Mais Magazine\" \/>\n<meta property=\"og:description\" content=\"A APIO - Associa\u00e7\u00e3o Portuguesa da Ind\u00fastria de Ourivesaria foi fundada em 1941, tem a sua sede em Lisboa e \u00e2mbito nacional. \u00c9 uma associa\u00e7\u00e3o privada, sem fins lucrativos, que tem como principal objetivo a defesa e promo\u00e7\u00e3o das atividades do setor de ourivesaria que representa e, em particular, dos seus associados, a n\u00edvel nacional e internacional.\" \/>\n<meta property=\"og:url\" content=\"http:\/\/maismagazine.pt\/index.php\/2022\/09\/16\/apio-ha-mais-de-80-anos-a-dar-relevo-a-ourivesaria-portuguesa\/\" \/>\n<meta property=\"og:site_name\" content=\"Mais Magazine\" \/>\n<meta property=\"article:published_time\" content=\"2022-09-16T06:00:00+00:00\" \/>\n<meta property=\"og:image\" content=\"http:\/\/maismagazine.pt\/wp-content\/uploads\/2022\/09\/Carlos-Caria-Presidente-da-APIO.jpg\" \/>\n\t<meta property=\"og:image:width\" content=\"800\" \/>\n\t<meta property=\"og:image:height\" content=\"438\" \/>\n\t<meta property=\"og:image:type\" content=\"image\/jpeg\" \/>\n<meta name=\"author\" content=\"Jo\u00e3o Malainho\" \/>\n<meta name=\"twitter:card\" content=\"summary_large_image\" \/>\n<meta name=\"twitter:label1\" content=\"Escrito por\" \/>\n\t<meta name=\"twitter:data1\" content=\"\" \/>\n\t<meta name=\"twitter:label2\" content=\"Tempo estimado de leitura\" \/>\n\t<meta name=\"twitter:data2\" content=\"2 minutos\" \/>\n<script type=\"application\/ld+json\" class=\"yoast-schema-graph\">{\"@context\":\"https:\/\/schema.org\",\"@graph\":[{\"@type\":\"Article\",\"@id\":\"http:\/\/maismagazine.pt\/index.php\/2022\/09\/16\/apio-ha-mais-de-80-anos-a-dar-relevo-a-ourivesaria-portuguesa\/#article\",\"isPartOf\":{\"@id\":\"http:\/\/maismagazine.pt\/index.php\/2022\/09\/16\/apio-ha-mais-de-80-anos-a-dar-relevo-a-ourivesaria-portuguesa\/\"},\"author\":{\"name\":\"Jo\u00e3o Malainho\",\"@id\":\"https:\/\/maismagazine.pt\/#\/schema\/person\/999bd426f894ff56d397ec12ebd21ebb\"},\"headline\":\"APIO &#8211; H\u00e1 mais de 80 anos a dar relevo \u00e0 ourivesaria portuguesa\",\"datePublished\":\"2022-09-16T06:00:00+00:00\",\"mainEntityOfPage\":{\"@id\":\"http:\/\/maismagazine.pt\/index.php\/2022\/09\/16\/apio-ha-mais-de-80-anos-a-dar-relevo-a-ourivesaria-portuguesa\/\"},\"wordCount\":425,\"publisher\":{\"@id\":\"https:\/\/maismagazine.pt\/#organization\"},\"image\":{\"@id\":\"http:\/\/maismagazine.pt\/index.php\/2022\/09\/16\/apio-ha-mais-de-80-anos-a-dar-relevo-a-ourivesaria-portuguesa\/#primaryimage\"},\"thumbnailUrl\":\"https:\/\/maismagazine.pt\/wp-content\/uploads\/2022\/09\/Carlos-Caria-Presidente-da-APIO.jpg\",\"keywords\":[\"APIO\",\"Associa\u00e7\u00e3o\",\"joalharia\",\"nacional\"],\"articleSection\":[\"Portojoia\"],\"inLanguage\":\"pt-PT\"},{\"@type\":\"WebPage\",\"@id\":\"http:\/\/maismagazine.pt\/index.php\/2022\/09\/16\/apio-ha-mais-de-80-anos-a-dar-relevo-a-ourivesaria-portuguesa\/\",\"url\":\"http:\/\/maismagazine.pt\/index.php\/2022\/09\/16\/apio-ha-mais-de-80-anos-a-dar-relevo-a-ourivesaria-portuguesa\/\",\"name\":\"APIO - H\u00e1 mais de 80 anos a dar relevo \u00e0 ourivesaria portuguesa - Mais Magazine\",\"isPartOf\":{\"@id\":\"https:\/\/maismagazine.pt\/#website\"},\"primaryImageOfPage\":{\"@id\":\"http:\/\/maismagazine.pt\/index.php\/2022\/09\/16\/apio-ha-mais-de-80-anos-a-dar-relevo-a-ourivesaria-portuguesa\/#primaryimage\"},\"image\":{\"@id\":\"http:\/\/maismagazine.pt\/index.php\/2022\/09\/16\/apio-ha-mais-de-80-anos-a-dar-relevo-a-ourivesaria-portuguesa\/#primaryimage\"},\"thumbnailUrl\":\"https:\/\/maismagazine.pt\/wp-content\/uploads\/2022\/09\/Carlos-Caria-Presidente-da-APIO.jpg\",\"datePublished\":\"2022-09-16T06:00:00+00:00\",\"description\":\"A APIO - Associa\u00e7\u00e3o Portuguesa da Ind\u00fastria de Ourivesaria foi fundada em 1941, tem a sua sede em Lisboa e \u00e2mbito nacional. \u00c9 uma associa\u00e7\u00e3o privada, sem fins lucrativos, que tem como principal objetivo a defesa e promo\u00e7\u00e3o das atividades do setor de ourivesaria que representa e, em particular, dos seus associados, a n\u00edvel nacional e internacional.\",\"breadcrumb\":{\"@id\":\"http:\/\/maismagazine.pt\/index.php\/2022\/09\/16\/apio-ha-mais-de-80-anos-a-dar-relevo-a-ourivesaria-portuguesa\/#breadcrumb\"},\"inLanguage\":\"pt-PT\",\"potentialAction\":[{\"@type\":\"ReadAction\",\"target\":[\"http:\/\/maismagazine.pt\/index.php\/2022\/09\/16\/apio-ha-mais-de-80-anos-a-dar-relevo-a-ourivesaria-portuguesa\/\"]}]},{\"@type\":\"ImageObject\",\"inLanguage\":\"pt-PT\",\"@id\":\"http:\/\/maismagazine.pt\/index.php\/2022\/09\/16\/apio-ha-mais-de-80-anos-a-dar-relevo-a-ourivesaria-portuguesa\/#primaryimage\",\"url\":\"https:\/\/maismagazine.pt\/wp-content\/uploads\/2022\/09\/Carlos-Caria-Presidente-da-APIO.jpg\",\"contentUrl\":\"https:\/\/maismagazine.pt\/wp-content\/uploads\/2022\/09\/Carlos-Caria-Presidente-da-APIO.jpg\",\"width\":800,\"height\":438},{\"@type\":\"BreadcrumbList\",\"@id\":\"http:\/\/maismagazine.pt\/index.php\/2022\/09\/16\/apio-ha-mais-de-80-anos-a-dar-relevo-a-ourivesaria-portuguesa\/#breadcrumb\",\"itemListElement\":[{\"@type\":\"ListItem\",\"position\":1,\"name\":\"Home\",\"item\":\"https:\/\/maismagazine.pt\/\"},{\"@type\":\"ListItem\",\"position\":2,\"name\":\"APIO &#8211; H\u00e1 mais de 80 anos a dar relevo \u00e0 ourivesaria portuguesa\"}]},{\"@type\":\"WebSite\",\"@id\":\"https:\/\/maismagazine.pt\/#website\",\"url\":\"https:\/\/maismagazine.pt\/\",\"name\":\"Mais Magazine\",\"description\":\"\",\"publisher\":{\"@id\":\"https:\/\/maismagazine.pt\/#organization\"},\"potentialAction\":[{\"@type\":\"SearchAction\",\"target\":{\"@type\":\"EntryPoint\",\"urlTemplate\":\"https:\/\/maismagazine.pt\/?s={search_term_string}\"},\"query-input\":{\"@type\":\"PropertyValueSpecification\",\"valueRequired\":true,\"valueName\":\"search_term_string\"}}],\"inLanguage\":\"pt-PT\"},{\"@type\":\"Organization\",\"@id\":\"https:\/\/maismagazine.pt\/#organization\",\"name\":\"Mais Magazine\",\"url\":\"https:\/\/maismagazine.pt\/\",\"logo\":{\"@type\":\"ImageObject\",\"inLanguage\":\"pt-PT\",\"@id\":\"https:\/\/maismagazine.pt\/#\/schema\/logo\/image\/\",\"url\":\"https:\/\/maismagazine.pt\/wp-content\/uploads\/2020\/04\/cropped-cropped-mais-magazine-site-logo-2.png\",\"contentUrl\":\"https:\/\/maismagazine.pt\/wp-content\/uploads\/2020\/04\/cropped-cropped-mais-magazine-site-logo-2.png\",\"width\":581,\"height\":90,\"caption\":\"Mais Magazine\"},\"image\":{\"@id\":\"https:\/\/maismagazine.pt\/#\/schema\/logo\/image\/\"}},{\"@type\":\"Person\",\"@id\":\"https:\/\/maismagazine.pt\/#\/schema\/person\/999bd426f894ff56d397ec12ebd21ebb\",\"name\":\"Jo\u00e3o Malainho\",\"image\":{\"@type\":\"ImageObject\",\"inLanguage\":\"pt-PT\",\"@id\":\"https:\/\/maismagazine.pt\/#\/schema\/person\/image\/\",\"url\":\"https:\/\/secure.gravatar.com\/avatar\/ff03c2f38edf60b2a827aa4f74878491?s=96&d=mm&r=g\",\"contentUrl\":\"https:\/\/secure.gravatar.com\/avatar\/ff03c2f38edf60b2a827aa4f74878491?s=96&d=mm&r=g\",\"caption\":\"Jo\u00e3o Malainho\"},\"url\":\"https:\/\/maismagazine.pt\/index.php\/author\/maismagazine\/\"}]}<\/script>\n<!-- \/ Yoast SEO plugin. -->","yoast_head_json":{"title":"APIO - H\u00e1 mais de 80 anos a dar relevo \u00e0 ourivesaria portuguesa - Mais Magazine","description":"A APIO - Associa\u00e7\u00e3o Portuguesa da Ind\u00fastria de Ourivesaria foi fundada em 1941, tem a sua sede em Lisboa e \u00e2mbito nacional. \u00c9 uma associa\u00e7\u00e3o privada, sem fins lucrativos, que tem como principal objetivo a defesa e promo\u00e7\u00e3o das atividades do setor de ourivesaria que representa e, em particular, dos seus associados, a n\u00edvel nacional e internacional.","robots":{"index":"index","follow":"follow","max-snippet":"max-snippet:-1","max-image-preview":"max-image-preview:large","max-video-preview":"max-video-preview:-1"},"canonical":"http:\/\/maismagazine.pt\/index.php\/2022\/09\/16\/apio-ha-mais-de-80-anos-a-dar-relevo-a-ourivesaria-portuguesa\/","og_locale":"pt_PT","og_type":"article","og_title":"APIO - H\u00e1 mais de 80 anos a dar relevo \u00e0 ourivesaria portuguesa - Mais Magazine","og_description":"A APIO - Associa\u00e7\u00e3o Portuguesa da Ind\u00fastria de Ourivesaria foi fundada em 1941, tem a sua sede em Lisboa e \u00e2mbito nacional. \u00c9 uma associa\u00e7\u00e3o privada, sem fins lucrativos, que tem como principal objetivo a defesa e promo\u00e7\u00e3o das atividades do setor de ourivesaria que representa e, em particular, dos seus associados, a n\u00edvel nacional e internacional.","og_url":"http:\/\/maismagazine.pt\/index.php\/2022\/09\/16\/apio-ha-mais-de-80-anos-a-dar-relevo-a-ourivesaria-portuguesa\/","og_site_name":"Mais Magazine","article_published_time":"2022-09-16T06:00:00+00:00","og_image":[{"width":800,"height":438,"url":"http:\/\/maismagazine.pt\/wp-content\/uploads\/2022\/09\/Carlos-Caria-Presidente-da-APIO.jpg","type":"image\/jpeg"}],"author":"Jo\u00e3o Malainho","twitter_card":"summary_large_image","twitter_misc":{"Escrito por":false,"Tempo estimado de leitura":"2 minutos"},"schema":{"@context":"https:\/\/schema.org","@graph":[{"@type":"Article","@id":"http:\/\/maismagazine.pt\/index.php\/2022\/09\/16\/apio-ha-mais-de-80-anos-a-dar-relevo-a-ourivesaria-portuguesa\/#article","isPartOf":{"@id":"http:\/\/maismagazine.pt\/index.php\/2022\/09\/16\/apio-ha-mais-de-80-anos-a-dar-relevo-a-ourivesaria-portuguesa\/"},"author":{"name":"Jo\u00e3o Malainho","@id":"https:\/\/maismagazine.pt\/#\/schema\/person\/999bd426f894ff56d397ec12ebd21ebb"},"headline":"APIO &#8211; H\u00e1 mais de 80 anos a dar relevo \u00e0 ourivesaria portuguesa","datePublished":"2022-09-16T06:00:00+00:00","mainEntityOfPage":{"@id":"http:\/\/maismagazine.pt\/index.php\/2022\/09\/16\/apio-ha-mais-de-80-anos-a-dar-relevo-a-ourivesaria-portuguesa\/"},"wordCount":425,"publisher":{"@id":"https:\/\/maismagazine.pt\/#organization"},"image":{"@id":"http:\/\/maismagazine.pt\/index.php\/2022\/09\/16\/apio-ha-mais-de-80-anos-a-dar-relevo-a-ourivesaria-portuguesa\/#primaryimage"},"thumbnailUrl":"https:\/\/maismagazine.pt\/wp-content\/uploads\/2022\/09\/Carlos-Caria-Presidente-da-APIO.jpg","keywords":["APIO","Associa\u00e7\u00e3o","joalharia","nacional"],"articleSection":["Portojoia"],"inLanguage":"pt-PT"},{"@type":"WebPage","@id":"http:\/\/maismagazine.pt\/index.php\/2022\/09\/16\/apio-ha-mais-de-80-anos-a-dar-relevo-a-ourivesaria-portuguesa\/","url":"http:\/\/maismagazine.pt\/index.php\/2022\/09\/16\/apio-ha-mais-de-80-anos-a-dar-relevo-a-ourivesaria-portuguesa\/","name":"APIO - H\u00e1 mais de 80 anos a dar relevo \u00e0 ourivesaria portuguesa - Mais Magazine","isPartOf":{"@id":"https:\/\/maismagazine.pt\/#website"},"primaryImageOfPage":{"@id":"http:\/\/maismagazine.pt\/index.php\/2022\/09\/16\/apio-ha-mais-de-80-anos-a-dar-relevo-a-ourivesaria-portuguesa\/#primaryimage"},"image":{"@id":"http:\/\/maismagazine.pt\/index.php\/2022\/09\/16\/apio-ha-mais-de-80-anos-a-dar-relevo-a-ourivesaria-portuguesa\/#primaryimage"},"thumbnailUrl":"https:\/\/maismagazine.pt\/wp-content\/uploads\/2022\/09\/Carlos-Caria-Presidente-da-APIO.jpg","datePublished":"2022-09-16T06:00:00+00:00","description":"A APIO - Associa\u00e7\u00e3o Portuguesa da Ind\u00fastria de Ourivesaria foi fundada em 1941, tem a sua sede em Lisboa e \u00e2mbito nacional. \u00c9 uma associa\u00e7\u00e3o privada, sem fins lucrativos, que tem como principal objetivo a defesa e promo\u00e7\u00e3o das atividades do setor de ourivesaria que representa e, em particular, dos seus associados, a n\u00edvel nacional e internacional.","breadcrumb":{"@id":"http:\/\/maismagazine.pt\/index.php\/2022\/09\/16\/apio-ha-mais-de-80-anos-a-dar-relevo-a-ourivesaria-portuguesa\/#breadcrumb"},"inLanguage":"pt-PT","potentialAction":[{"@type":"ReadAction","target":["http:\/\/maismagazine.pt\/index.php\/2022\/09\/16\/apio-ha-mais-de-80-anos-a-dar-relevo-a-ourivesaria-portuguesa\/"]}]},{"@type":"ImageObject","inLanguage":"pt-PT","@id":"http:\/\/maismagazine.pt\/index.php\/2022\/09\/16\/apio-ha-mais-de-80-anos-a-dar-relevo-a-ourivesaria-portuguesa\/#primaryimage","url":"https:\/\/maismagazine.pt\/wp-content\/uploads\/2022\/09\/Carlos-Caria-Presidente-da-APIO.jpg","contentUrl":"https:\/\/maismagazine.pt\/wp-content\/uploads\/2022\/09\/Carlos-Caria-Presidente-da-APIO.jpg","width":800,"height":438},{"@type":"BreadcrumbList","@id":"http:\/\/maismagazine.pt\/index.php\/2022\/09\/16\/apio-ha-mais-de-80-anos-a-dar-relevo-a-ourivesaria-portuguesa\/#breadcrumb","itemListElement":[{"@type":"ListItem","position":1,"name":"Home","item":"https:\/\/maismagazine.pt\/"},{"@type":"ListItem","position":2,"name":"APIO &#8211; H\u00e1 mais de 80 anos a dar relevo \u00e0 ourivesaria portuguesa"}]},{"@type":"WebSite","@id":"https:\/\/maismagazine.pt\/#website","url":"https:\/\/maismagazine.pt\/","name":"Mais Magazine","description":"","publisher":{"@id":"https:\/\/maismagazine.pt\/#organization"},"potentialAction":[{"@type":"SearchAction","target":{"@type":"EntryPoint","urlTemplate":"https:\/\/maismagazine.pt\/?s={search_term_string}"},"query-input":{"@type":"PropertyValueSpecification","valueRequired":true,"valueName":"search_term_string"}}],"inLanguage":"pt-PT"},{"@type":"Organization","@id":"https:\/\/maismagazine.pt\/#organization","name":"Mais Magazine","url":"https:\/\/maismagazine.pt\/","logo":{"@type":"ImageObject","inLanguage":"pt-PT","@id":"https:\/\/maismagazine.pt\/#\/schema\/logo\/image\/","url":"https:\/\/maismagazine.pt\/wp-content\/uploads\/2020\/04\/cropped-cropped-mais-magazine-site-logo-2.png","contentUrl":"https:\/\/maismagazine.pt\/wp-content\/uploads\/2020\/04\/cropped-cropped-mais-magazine-site-logo-2.png","width":581,"height":90,"caption":"Mais Magazine"},"image":{"@id":"https:\/\/maismagazine.pt\/#\/schema\/logo\/image\/"}},{"@type":"Person","@id":"https:\/\/maismagazine.pt\/#\/schema\/person\/999bd426f894ff56d397ec12ebd21ebb","name":"Jo\u00e3o Malainho","image":{"@type":"ImageObject","inLanguage":"pt-PT","@id":"https:\/\/maismagazine.pt\/#\/schema\/person\/image\/","url":"https:\/\/secure.gravatar.com\/avatar\/ff03c2f38edf60b2a827aa4f74878491?s=96&d=mm&r=g","contentUrl":"https:\/\/secure.gravatar.com\/avatar\/ff03c2f38edf60b2a827aa4f74878491?s=96&d=mm&r=g","caption":"Jo\u00e3o Malainho"},"url":"https:\/\/maismagazine.pt\/index.php\/author\/maismagazine\/"}]}},"author_meta":{"display_name":false,"author_link":"https:\/\/maismagazine.pt\/index.php\/author\/maismagazine\/"},"featured_img":"https:\/\/maismagazine.pt\/wp-content\/uploads\/2022\/09\/Carlos-Caria-Presidente-da-APIO-300x164.jpg","coauthors":[],"tax_additional":{"categories":{"linked":["<a href=\"https:\/\/maismagazine.pt\/index.php\/category\/portojoia\/\" class=\"advgb-post-tax-term\">Portojoia<\/a>"],"unlinked":["<span class=\"advgb-post-tax-term\">Portojoia<\/span>"]},"tags":{"linked":["<a href=\"https:\/\/maismagazine.pt\/index.php\/category\/portojoia\/\" class=\"advgb-post-tax-term\">APIO<\/a>","<a href=\"https:\/\/maismagazine.pt\/index.php\/category\/portojoia\/\" class=\"advgb-post-tax-term\">Associa\u00e7\u00e3o<\/a>","<a href=\"https:\/\/maismagazine.pt\/index.php\/category\/portojoia\/\" class=\"advgb-post-tax-term\">joalharia<\/a>","<a href=\"https:\/\/maismagazine.pt\/index.php\/category\/portojoia\/\" class=\"advgb-post-tax-term\">nacional<\/a>"],"unlinked":["<span class=\"advgb-post-tax-term\">APIO<\/span>","<span class=\"advgb-post-tax-term\">Associa\u00e7\u00e3o<\/span>","<span class=\"advgb-post-tax-term\">joalharia<\/span>","<span class=\"advgb-post-tax-term\">nacional<\/span>"]}},"comment_count":"0","relative_dates":{"created":"Posted 4 anos ago","modified":"Updated 4 anos ago"},"absolute_dates":{"created":"Posted on 16 de Setembro, 2022","modified":"Updated on 8 de Setembro, 2022"},"absolute_dates_time":{"created":"Posted on 16 de Setembro, 2022 7:00","modified":"Updated on 8 de Setembro, 2022 12:03"},"featured_img_caption":"","series_order":"","_links":{"self":[{"href":"https:\/\/maismagazine.pt\/index.php\/wp-json\/wp\/v2\/posts\/4282","targetHints":{"allow":["GET"]}}],"collection":[{"href":"https:\/\/maismagazine.pt\/index.php\/wp-json\/wp\/v2\/posts"}],"about":[{"href":"https:\/\/maismagazine.pt\/index.php\/wp-json\/wp\/v2\/types\/post"}],"author":[{"embeddable":true,"href":"https:\/\/maismagazine.pt\/index.php\/wp-json\/wp\/v2\/users\/7"}],"replies":[{"embeddable":true,"href":"https:\/\/maismagazine.pt\/index.php\/wp-json\/wp\/v2\/comments?post=4282"}],"version-history":[{"count":4,"href":"https:\/\/maismagazine.pt\/index.php\/wp-json\/wp\/v2\/posts\/4282\/revisions"}],"predecessor-version":[{"id":4513,"href":"https:\/\/maismagazine.pt\/index.php\/wp-json\/wp\/v2\/posts\/4282\/revisions\/4513"}],"wp:featuredmedia":[{"embeddable":true,"href":"https:\/\/maismagazine.pt\/index.php\/wp-json\/wp\/v2\/media\/4287"}],"wp:attachment":[{"href":"https:\/\/maismagazine.pt\/index.php\/wp-json\/wp\/v2\/media?parent=4282"}],"wp:term":[{"taxonomy":"category","embeddable":true,"href":"https:\/\/maismagazine.pt\/index.php\/wp-json\/wp\/v2\/categories?post=4282"},{"taxonomy":"post_tag","embeddable":true,"href":"https:\/\/maismagazine.pt\/index.php\/wp-json\/wp\/v2\/tags?post=4282"}],"curies":[{"name":"wp","href":"https:\/\/api.w.org\/{rel}","templated":true}]}}