{"id":3965,"date":"2022-08-12T07:00:00","date_gmt":"2022-08-12T06:00:00","guid":{"rendered":"https:\/\/maismagazine.pt\/?p=3965"},"modified":"2022-08-12T11:01:15","modified_gmt":"2022-08-12T10:01:15","slug":"messala-alvarinho-um-verde-genuino","status":"publish","type":"post","link":"https:\/\/maismagazine.pt\/index.php\/2022\/08\/12\/messala-alvarinho-um-verde-genuino\/","title":{"rendered":"Messala Alvarinho, \u201cum verde genu\u00edno\u201d"},"content":{"rendered":"\n<p><\/p>\n\n\n\n<p><strong>\u00c9 uma empresa familiar, com 41 anos de exist\u00eancia, que entrou em 2005 na \u00e1rea dos vinhos. Com sede em Gondomar, tem produ\u00e7\u00e3o vin\u00edcola nas principais regi\u00f5es do pa\u00eds (Regi\u00e3o dos Vinhos Verdes, Douro, Alentejo e D\u00e3o), possuindo vinhos de elevada qualidade e proporcionando ao cliente um vasto leque de op\u00e7\u00f5es.<\/strong><\/p>\n\n\n\n<p><\/p>\n\n\n\n<p>Foi do \u201cfruto de uma paix\u00e3o de fam\u00edlia e da vontade e dedica\u00e7\u00e3o na produ\u00e7\u00e3o vin\u00edcola\u201d, que nasceu a <a href=\"https:\/\/www.grandeportovinhos.com\/\">Grande Porto Vinhos e Bebidas<\/a>. Os primeiros passos nesta \u00e1rea tiveram in\u00edcio com a cria\u00e7\u00e3o do Messala Alvarinho, \u201cvinho produzido com 100% da casta Alvarinho, a mais nobre casta da Regi\u00e3o dos Vinhos Verdes, sendo reconhecido pelo p\u00fablico como um genu\u00edno Alvarinho\u201d. O seu principal mentor, Messala Gon\u00e7alves, admitiu \u00e0 Mais Magazine que este vinho \u201c\u00e9 diferente de todos os outros verdes pelo seu aroma e sabor caracter\u00edsticos, mas tamb\u00e9m pelo corpo cheio, grau alco\u00f3lico superior e boa capacidade de envelhecimento, tendo uma interven\u00e7\u00e3o m\u00ednima na adega. Um vinho que nunca \u00e9 igual de ano para ano\u201d. Com a casta Alvarinho \u201ctemos ainda o Messala Alvarinho Trajadura, o Messala Alvarinho Reserva, o espumante Messala Alvarinho, destilados e espirituosas como, aguardente bagaceira, aguardente v\u00ednica velha e vinho licoroso.\u201d<\/p>\n\n\n\n<p><\/p>\n\n\n\n<p>Na descri\u00e7\u00e3o das suas marcas, Messala Gon\u00e7alves fala-nos que \u201cMessala Alvarinho foi a primeira marca. Representa a excel\u00eancia da regi\u00e3o de Mon\u00e7\u00e3o e a not\u00e1vel e distinta qualidade com a qual queremos pautar todos os nossos vinhos. O Desfiado \u00e9 a nossa homenagem aos caracter\u00edsticos bordados regionais do Minho. O Montes de L\u00e1 representa a diversidade do terroir Alentejano, conhecido pelos seus vastos montes pintalgados pela plan\u00edcie. O Serras de L\u00e1, proveniente da regi\u00e3o do D\u00e3o, bebe a sua ess\u00eancia no cora\u00e7\u00e3o e alma das imponentes<br>serras. Da mais antiga regi\u00e3o vin\u00edcola de Portugal e uma das mais ricas, surge o Encostas de L\u00e1, com vinhos distintos que representam a singularidade das belas encostas do Douro.\u201d<\/p>\n\n\n\n<p><\/p>\n\n\n\n<p>Messala revela que as regi\u00f5es v\u00ednicas onde produz os seus vinhos o \u201cinspiram a produzir o melhor em cada uma delas, numa intr\u00ednseca comunh\u00e3o entre o homem e a natureza\u201d. Ainda sobre a Regi\u00e3o dos Vinhos Verdes, onde \u00e9 produzido o verde Messala Alvarinho, diz-nos<br>que efetivamente existe \u201cuma grande influ\u00eancia do terroir na sua produ\u00e7\u00e3o, devido ao microclima muito particular, ou seja, as temperaturas amenas e a baixa amplitude t\u00e9rmica sentida, retiram o maior potencial das castas Alvarinho, dando origem a um Messala Alvarinho genu\u00edno\u201d.<\/p>\n\n\n\n<p><\/p>\n\n\n\n<div class=\"wp-block-image\"><figure class=\"aligncenter size-large is-resized\"><img loading=\"lazy\" decoding=\"async\" src=\"http:\/\/maismagazine.pt\/wp-content\/uploads\/2022\/08\/messala-alvarinho-familia-1024x575.jpg\" alt=\"\" class=\"wp-image-4251\" width=\"807\" height=\"453\" srcset=\"https:\/\/maismagazine.pt\/wp-content\/uploads\/2022\/08\/messala-alvarinho-familia-1024x575.jpg 1024w, https:\/\/maismagazine.pt\/wp-content\/uploads\/2022\/08\/messala-alvarinho-familia-300x168.jpg 300w, https:\/\/maismagazine.pt\/wp-content\/uploads\/2022\/08\/messala-alvarinho-familia-768x431.jpg 768w, https:\/\/maismagazine.pt\/wp-content\/uploads\/2022\/08\/messala-alvarinho-familia-1536x863.jpg 1536w, https:\/\/maismagazine.pt\/wp-content\/uploads\/2022\/08\/messala-alvarinho-familia-2048x1150.jpg 2048w\" sizes=\"auto, (max-width: 807px) 100vw, 807px\" \/><\/figure><\/div>\n\n\n\n<p><\/p>\n\n\n\n<p>No mercado nacional e internacional procuram divulgar os seus vinhos, \u201catrav\u00e9s da participa\u00e7\u00e3o em concursos, eventos e feiras v\u00ednicas conceituadas como \u00e9 o caso da ProWine, na Alemanha. A divulga\u00e7\u00e3o passa ainda por palestras realizadas em distribuidores, bem como<br>degusta\u00e7\u00f5es e workshops realizados pelos en\u00f3logos aos comerciais da \u00e1rea. O \u201csavoir-faire\u201d tamb\u00e9m \u00e9 representado al\u00e9m-fronteiras em pa\u00edses do norte da Europa, do Brasil, Estados Unidos da Am\u00e9rica e ainda no continente asi\u00e1tico.<\/p>\n\n\n\n<p><\/p>\n\n\n\n<p>Pode-se afirmar que o trabalho d\u00e1 frutos, uma vez que o Espumante Messala Alvarinho 2019 arrecadou, em 2022, a medalha Verde Ouro, pela Comiss\u00e3o de Viticultura da Regi\u00e3o dos Vinhos Verdes (CVRVV). Esta distin\u00e7\u00e3o \u00e9 um motivo de honra para Messala Gon\u00e7alves, deixando-o, juntamente com toda a equipa, \u201ccom mais vontade de continuar sempre em busca de vinhos de excel\u00eancia e de qualidade superior\u201d. Com este peso dourado ao peito, \u201c\u00e9 \u00f3bvio, que existe mais responsabilidade, mas essa sempre foi a base do nosso trabalho e da nossa dedica\u00e7\u00e3o di\u00e1ria\u201d.<\/p>\n\n\n\n<div class=\"wp-block-image\"><figure class=\"aligncenter size-large is-resized\"><img loading=\"lazy\" decoding=\"async\" src=\"https:\/\/maismagazine.pt\/wp-content\/uploads\/2022\/08\/00-Messala-esp-premio-garrafas-champanheira_quente-2-1024x875.jpg\" alt=\"\" class=\"wp-image-3992\" width=\"892\" height=\"762\" srcset=\"https:\/\/maismagazine.pt\/wp-content\/uploads\/2022\/08\/00-Messala-esp-premio-garrafas-champanheira_quente-2-1024x875.jpg 1024w, https:\/\/maismagazine.pt\/wp-content\/uploads\/2022\/08\/00-Messala-esp-premio-garrafas-champanheira_quente-2-300x256.jpg 300w, https:\/\/maismagazine.pt\/wp-content\/uploads\/2022\/08\/00-Messala-esp-premio-garrafas-champanheira_quente-2-768x656.jpg 768w, https:\/\/maismagazine.pt\/wp-content\/uploads\/2022\/08\/00-Messala-esp-premio-garrafas-champanheira_quente-2-1536x1312.jpg 1536w, https:\/\/maismagazine.pt\/wp-content\/uploads\/2022\/08\/00-Messala-esp-premio-garrafas-champanheira_quente-2-2048x1750.jpg 2048w\" sizes=\"auto, (max-width: 892px) 100vw, 892px\" \/><\/figure><\/div>\n\n\n\n<p><br>Antes de terminar a conversa, fizemos mais uma corrida a todos os vinhos, questionando o seu criador, dentro da gama da Grande Porto Vinhos e Bebidas, quais aqueles que recomendaria para este ver\u00e3o. Com algum tempo para decidir, afirmou que podia \u201caconselhar alguns vinhos para v\u00e1rias ocasi\u00f5es, por exemplo o Desfiado Branco ou Ros\u00e9, sendo jovem e leve pode ser apreciado numa esplanada; o Encostas de L\u00e1 Reserva Branco, com estrutura elegante e bem equilibrada, \u00e9 ideal para acompanhar pratos de carne e peixe; o Montes de L\u00e1 Reserva Tinto indicado na degusta\u00e7\u00e3o de uma t\u00e1bua de queijos fortes, por ser um alentejano estruturado\u201d; e por \u00faltimo, a sua prefer\u00eancia e paix\u00e3o, o \u201cespumante Messala Alvarinho, que \u00e9 um perfeito acompanhante em qualquer altura do dia, passando do social ao gastron\u00f3mico com muita<br>facilidade\u201d.<\/p>\n\n\n\n<p><br>Messala Gon\u00e7alves confessa que \u201co futuro passa pela cont\u00ednua aposta na produ\u00e7\u00e3o de vinhos, de reconhecido valor nacional e internacional\u201d. A par disso, sem levantar o v\u00e9u, enaltece o \u201cdesejo de alargar a produ\u00e7\u00e3o a outras regi\u00f5es vitivin\u00edcolas que sejam uma oportunidade para crescermos enquanto marca e empresa\u201d. Al\u00e9m disso, real\u00e7a o \u201csonho e a vontade de aliar o conhecimento com aquilo que fazemos atualmente, partilhando a paix\u00e3o e o saber com a vontade de comunicar experi\u00eancias e tradi\u00e7\u00f5es, atrav\u00e9s do enoturismo\u201d.<\/p>\n\n\n\n<div class=\"wp-block-image\"><figure class=\"aligncenter size-large is-resized\"><img loading=\"lazy\" decoding=\"async\" src=\"http:\/\/maismagazine.pt\/wp-content\/uploads\/2022\/08\/Messala-Porto-1024x827.jpg\" alt=\"\" class=\"wp-image-4254\" width=\"545\" height=\"440\" srcset=\"https:\/\/maismagazine.pt\/wp-content\/uploads\/2022\/08\/Messala-Porto-1024x827.jpg 1024w, https:\/\/maismagazine.pt\/wp-content\/uploads\/2022\/08\/Messala-Porto-300x242.jpg 300w, https:\/\/maismagazine.pt\/wp-content\/uploads\/2022\/08\/Messala-Porto-768x620.jpg 768w, https:\/\/maismagazine.pt\/wp-content\/uploads\/2022\/08\/Messala-Porto.jpg 1483w\" sizes=\"auto, (max-width: 545px) 100vw, 545px\" \/><\/figure><\/div>\n\n\n\n<p><\/p>\n","protected":false},"excerpt":{"rendered":"<p>\u00c9 uma empresa familiar, com 41 anos de exist\u00eancia, que entrou em 2005 na \u00e1rea dos vinhos. Com sede em Gondomar, tem produ\u00e7\u00e3o vin\u00edcola nas principais regi\u00f5es do pa\u00eds (Regi\u00e3o dos Vinhos Verdes, Douro, Alentejo e D\u00e3o), possuindo vinhos de elevada qualidade e proporcionando ao cliente um vasto leque de&hellip;<\/p>\n","protected":false},"author":7,"featured_media":4253,"comment_status":"closed","ping_status":"open","sticky":false,"template":"","format":"standard","meta":{"advgb_blocks_editor_width":"","advgb_blocks_columns_visual_guide":"","_monsterinsights_skip_tracking":false,"_monsterinsights_sitenote_active":false,"_monsterinsights_sitenote_note":"","_monsterinsights_sitenote_category":0,"footnotes":""},"categories":[50,6],"tags":[893,890,896,891,892,894,895,889,262],"class_list":["post-3965","post","type-post","status-publish","format-standard","has-post-thumbnail","hentry","category-destaques","category-empreendedorismo","tag-desfiado","tag-empresa-familiar","tag-encostas-de-la","tag-gondomar","tag-messala-alvarinho","tag-montes-de-la","tag-serras-de-la","tag-vinho-verde","tag-vinhos"],"yoast_head":"<!-- This site is optimized with the Yoast SEO plugin v24.4 - https:\/\/yoast.com\/wordpress\/plugins\/seo\/ -->\n<title>Messala Alvarinho, \u201cum verde genu\u00edno\u201d - Mais Magazine<\/title>\n<meta name=\"description\" content=\"Messala Alvarinho, \u201cum verde genu\u00edno\u201d\" \/>\n<meta name=\"robots\" content=\"index, follow, max-snippet:-1, max-image-preview:large, max-video-preview:-1\" \/>\n<link rel=\"canonical\" href=\"https:\/\/maismagazine.pt\/index.php\/2022\/08\/12\/messala-alvarinho-um-verde-genuino\/\" \/>\n<meta property=\"og:locale\" content=\"pt_PT\" \/>\n<meta property=\"og:type\" content=\"article\" \/>\n<meta property=\"og:title\" content=\"Messala Alvarinho, \u201cum verde genu\u00edno\u201d - Mais Magazine\" \/>\n<meta property=\"og:description\" content=\"Messala Alvarinho, \u201cum verde genu\u00edno\u201d\" \/>\n<meta property=\"og:url\" content=\"https:\/\/maismagazine.pt\/index.php\/2022\/08\/12\/messala-alvarinho-um-verde-genuino\/\" \/>\n<meta property=\"og:site_name\" content=\"Mais Magazine\" \/>\n<meta property=\"article:published_time\" content=\"2022-08-12T06:00:00+00:00\" \/>\n<meta property=\"article:modified_time\" content=\"2022-08-12T10:01:15+00:00\" \/>\n<meta property=\"og:image\" content=\"https:\/\/maismagazine.pt\/wp-content\/uploads\/2022\/08\/Messala-Copo-scaled.jpg\" \/>\n\t<meta property=\"og:image:width\" content=\"2560\" \/>\n\t<meta property=\"og:image:height\" content=\"1729\" \/>\n\t<meta property=\"og:image:type\" content=\"image\/jpeg\" \/>\n<meta name=\"author\" content=\"Jo\u00e3o Malainho\" \/>\n<meta name=\"twitter:card\" content=\"summary_large_image\" \/>\n<meta name=\"twitter:label1\" content=\"Escrito por\" \/>\n\t<meta name=\"twitter:data1\" content=\"\" \/>\n\t<meta name=\"twitter:label2\" content=\"Tempo estimado de leitura\" \/>\n\t<meta name=\"twitter:data2\" content=\"5 minutos\" \/>\n<script type=\"application\/ld+json\" class=\"yoast-schema-graph\">{\"@context\":\"https:\/\/schema.org\",\"@graph\":[{\"@type\":\"Article\",\"@id\":\"https:\/\/maismagazine.pt\/index.php\/2022\/08\/12\/messala-alvarinho-um-verde-genuino\/#article\",\"isPartOf\":{\"@id\":\"https:\/\/maismagazine.pt\/index.php\/2022\/08\/12\/messala-alvarinho-um-verde-genuino\/\"},\"author\":{\"name\":\"Jo\u00e3o Malainho\",\"@id\":\"https:\/\/maismagazine.pt\/#\/schema\/person\/999bd426f894ff56d397ec12ebd21ebb\"},\"headline\":\"Messala Alvarinho, \u201cum verde genu\u00edno\u201d\",\"datePublished\":\"2022-08-12T06:00:00+00:00\",\"dateModified\":\"2022-08-12T10:01:15+00:00\",\"mainEntityOfPage\":{\"@id\":\"https:\/\/maismagazine.pt\/index.php\/2022\/08\/12\/messala-alvarinho-um-verde-genuino\/\"},\"wordCount\":849,\"publisher\":{\"@id\":\"https:\/\/maismagazine.pt\/#organization\"},\"image\":{\"@id\":\"https:\/\/maismagazine.pt\/index.php\/2022\/08\/12\/messala-alvarinho-um-verde-genuino\/#primaryimage\"},\"thumbnailUrl\":\"https:\/\/maismagazine.pt\/wp-content\/uploads\/2022\/08\/Messala-Copo-scaled.jpg\",\"keywords\":[\"Desfiado\",\"empresa familiar\",\"Encostas de L\u00e1\",\"Gondomar\",\"Messala Alvarinho\",\"Montes de L\u00e1\",\"Serras de L\u00e1\",\"vinho verde\",\"vinhos\"],\"articleSection\":[\"Destaques\",\"Empreendedorismo\"],\"inLanguage\":\"pt-PT\"},{\"@type\":\"WebPage\",\"@id\":\"https:\/\/maismagazine.pt\/index.php\/2022\/08\/12\/messala-alvarinho-um-verde-genuino\/\",\"url\":\"https:\/\/maismagazine.pt\/index.php\/2022\/08\/12\/messala-alvarinho-um-verde-genuino\/\",\"name\":\"Messala Alvarinho, \u201cum verde genu\u00edno\u201d - Mais Magazine\",\"isPartOf\":{\"@id\":\"https:\/\/maismagazine.pt\/#website\"},\"primaryImageOfPage\":{\"@id\":\"https:\/\/maismagazine.pt\/index.php\/2022\/08\/12\/messala-alvarinho-um-verde-genuino\/#primaryimage\"},\"image\":{\"@id\":\"https:\/\/maismagazine.pt\/index.php\/2022\/08\/12\/messala-alvarinho-um-verde-genuino\/#primaryimage\"},\"thumbnailUrl\":\"https:\/\/maismagazine.pt\/wp-content\/uploads\/2022\/08\/Messala-Copo-scaled.jpg\",\"datePublished\":\"2022-08-12T06:00:00+00:00\",\"dateModified\":\"2022-08-12T10:01:15+00:00\",\"description\":\"Messala Alvarinho, \u201cum verde genu\u00edno\u201d\",\"breadcrumb\":{\"@id\":\"https:\/\/maismagazine.pt\/index.php\/2022\/08\/12\/messala-alvarinho-um-verde-genuino\/#breadcrumb\"},\"inLanguage\":\"pt-PT\",\"potentialAction\":[{\"@type\":\"ReadAction\",\"target\":[\"https:\/\/maismagazine.pt\/index.php\/2022\/08\/12\/messala-alvarinho-um-verde-genuino\/\"]}]},{\"@type\":\"ImageObject\",\"inLanguage\":\"pt-PT\",\"@id\":\"https:\/\/maismagazine.pt\/index.php\/2022\/08\/12\/messala-alvarinho-um-verde-genuino\/#primaryimage\",\"url\":\"https:\/\/maismagazine.pt\/wp-content\/uploads\/2022\/08\/Messala-Copo-scaled.jpg\",\"contentUrl\":\"https:\/\/maismagazine.pt\/wp-content\/uploads\/2022\/08\/Messala-Copo-scaled.jpg\",\"width\":2560,\"height\":1729},{\"@type\":\"BreadcrumbList\",\"@id\":\"https:\/\/maismagazine.pt\/index.php\/2022\/08\/12\/messala-alvarinho-um-verde-genuino\/#breadcrumb\",\"itemListElement\":[{\"@type\":\"ListItem\",\"position\":1,\"name\":\"Home\",\"item\":\"https:\/\/maismagazine.pt\/\"},{\"@type\":\"ListItem\",\"position\":2,\"name\":\"Messala Alvarinho, \u201cum verde genu\u00edno\u201d\"}]},{\"@type\":\"WebSite\",\"@id\":\"https:\/\/maismagazine.pt\/#website\",\"url\":\"https:\/\/maismagazine.pt\/\",\"name\":\"Mais Magazine\",\"description\":\"\",\"publisher\":{\"@id\":\"https:\/\/maismagazine.pt\/#organization\"},\"potentialAction\":[{\"@type\":\"SearchAction\",\"target\":{\"@type\":\"EntryPoint\",\"urlTemplate\":\"https:\/\/maismagazine.pt\/?s={search_term_string}\"},\"query-input\":{\"@type\":\"PropertyValueSpecification\",\"valueRequired\":true,\"valueName\":\"search_term_string\"}}],\"inLanguage\":\"pt-PT\"},{\"@type\":\"Organization\",\"@id\":\"https:\/\/maismagazine.pt\/#organization\",\"name\":\"Mais Magazine\",\"url\":\"https:\/\/maismagazine.pt\/\",\"logo\":{\"@type\":\"ImageObject\",\"inLanguage\":\"pt-PT\",\"@id\":\"https:\/\/maismagazine.pt\/#\/schema\/logo\/image\/\",\"url\":\"https:\/\/maismagazine.pt\/wp-content\/uploads\/2020\/04\/cropped-cropped-mais-magazine-site-logo-2.png\",\"contentUrl\":\"https:\/\/maismagazine.pt\/wp-content\/uploads\/2020\/04\/cropped-cropped-mais-magazine-site-logo-2.png\",\"width\":581,\"height\":90,\"caption\":\"Mais Magazine\"},\"image\":{\"@id\":\"https:\/\/maismagazine.pt\/#\/schema\/logo\/image\/\"}},{\"@type\":\"Person\",\"@id\":\"https:\/\/maismagazine.pt\/#\/schema\/person\/999bd426f894ff56d397ec12ebd21ebb\",\"name\":\"Jo\u00e3o Malainho\",\"image\":{\"@type\":\"ImageObject\",\"inLanguage\":\"pt-PT\",\"@id\":\"https:\/\/maismagazine.pt\/#\/schema\/person\/image\/\",\"url\":\"https:\/\/secure.gravatar.com\/avatar\/ff03c2f38edf60b2a827aa4f74878491?s=96&d=mm&r=g\",\"contentUrl\":\"https:\/\/secure.gravatar.com\/avatar\/ff03c2f38edf60b2a827aa4f74878491?s=96&d=mm&r=g\",\"caption\":\"Jo\u00e3o Malainho\"},\"url\":\"https:\/\/maismagazine.pt\/index.php\/author\/maismagazine\/\"}]}<\/script>\n<!-- \/ Yoast SEO plugin. -->","yoast_head_json":{"title":"Messala Alvarinho, \u201cum verde genu\u00edno\u201d - Mais Magazine","description":"Messala Alvarinho, \u201cum verde genu\u00edno\u201d","robots":{"index":"index","follow":"follow","max-snippet":"max-snippet:-1","max-image-preview":"max-image-preview:large","max-video-preview":"max-video-preview:-1"},"canonical":"https:\/\/maismagazine.pt\/index.php\/2022\/08\/12\/messala-alvarinho-um-verde-genuino\/","og_locale":"pt_PT","og_type":"article","og_title":"Messala Alvarinho, \u201cum verde genu\u00edno\u201d - Mais Magazine","og_description":"Messala Alvarinho, \u201cum verde genu\u00edno\u201d","og_url":"https:\/\/maismagazine.pt\/index.php\/2022\/08\/12\/messala-alvarinho-um-verde-genuino\/","og_site_name":"Mais Magazine","article_published_time":"2022-08-12T06:00:00+00:00","article_modified_time":"2022-08-12T10:01:15+00:00","og_image":[{"width":2560,"height":1729,"url":"https:\/\/maismagazine.pt\/wp-content\/uploads\/2022\/08\/Messala-Copo-scaled.jpg","type":"image\/jpeg"}],"author":"Jo\u00e3o Malainho","twitter_card":"summary_large_image","twitter_misc":{"Escrito por":false,"Tempo estimado de leitura":"5 minutos"},"schema":{"@context":"https:\/\/schema.org","@graph":[{"@type":"Article","@id":"https:\/\/maismagazine.pt\/index.php\/2022\/08\/12\/messala-alvarinho-um-verde-genuino\/#article","isPartOf":{"@id":"https:\/\/maismagazine.pt\/index.php\/2022\/08\/12\/messala-alvarinho-um-verde-genuino\/"},"author":{"name":"Jo\u00e3o Malainho","@id":"https:\/\/maismagazine.pt\/#\/schema\/person\/999bd426f894ff56d397ec12ebd21ebb"},"headline":"Messala Alvarinho, \u201cum verde genu\u00edno\u201d","datePublished":"2022-08-12T06:00:00+00:00","dateModified":"2022-08-12T10:01:15+00:00","mainEntityOfPage":{"@id":"https:\/\/maismagazine.pt\/index.php\/2022\/08\/12\/messala-alvarinho-um-verde-genuino\/"},"wordCount":849,"publisher":{"@id":"https:\/\/maismagazine.pt\/#organization"},"image":{"@id":"https:\/\/maismagazine.pt\/index.php\/2022\/08\/12\/messala-alvarinho-um-verde-genuino\/#primaryimage"},"thumbnailUrl":"https:\/\/maismagazine.pt\/wp-content\/uploads\/2022\/08\/Messala-Copo-scaled.jpg","keywords":["Desfiado","empresa familiar","Encostas de L\u00e1","Gondomar","Messala Alvarinho","Montes de L\u00e1","Serras de L\u00e1","vinho verde","vinhos"],"articleSection":["Destaques","Empreendedorismo"],"inLanguage":"pt-PT"},{"@type":"WebPage","@id":"https:\/\/maismagazine.pt\/index.php\/2022\/08\/12\/messala-alvarinho-um-verde-genuino\/","url":"https:\/\/maismagazine.pt\/index.php\/2022\/08\/12\/messala-alvarinho-um-verde-genuino\/","name":"Messala Alvarinho, \u201cum verde genu\u00edno\u201d - Mais Magazine","isPartOf":{"@id":"https:\/\/maismagazine.pt\/#website"},"primaryImageOfPage":{"@id":"https:\/\/maismagazine.pt\/index.php\/2022\/08\/12\/messala-alvarinho-um-verde-genuino\/#primaryimage"},"image":{"@id":"https:\/\/maismagazine.pt\/index.php\/2022\/08\/12\/messala-alvarinho-um-verde-genuino\/#primaryimage"},"thumbnailUrl":"https:\/\/maismagazine.pt\/wp-content\/uploads\/2022\/08\/Messala-Copo-scaled.jpg","datePublished":"2022-08-12T06:00:00+00:00","dateModified":"2022-08-12T10:01:15+00:00","description":"Messala Alvarinho, \u201cum verde genu\u00edno\u201d","breadcrumb":{"@id":"https:\/\/maismagazine.pt\/index.php\/2022\/08\/12\/messala-alvarinho-um-verde-genuino\/#breadcrumb"},"inLanguage":"pt-PT","potentialAction":[{"@type":"ReadAction","target":["https:\/\/maismagazine.pt\/index.php\/2022\/08\/12\/messala-alvarinho-um-verde-genuino\/"]}]},{"@type":"ImageObject","inLanguage":"pt-PT","@id":"https:\/\/maismagazine.pt\/index.php\/2022\/08\/12\/messala-alvarinho-um-verde-genuino\/#primaryimage","url":"https:\/\/maismagazine.pt\/wp-content\/uploads\/2022\/08\/Messala-Copo-scaled.jpg","contentUrl":"https:\/\/maismagazine.pt\/wp-content\/uploads\/2022\/08\/Messala-Copo-scaled.jpg","width":2560,"height":1729},{"@type":"BreadcrumbList","@id":"https:\/\/maismagazine.pt\/index.php\/2022\/08\/12\/messala-alvarinho-um-verde-genuino\/#breadcrumb","itemListElement":[{"@type":"ListItem","position":1,"name":"Home","item":"https:\/\/maismagazine.pt\/"},{"@type":"ListItem","position":2,"name":"Messala Alvarinho, \u201cum verde genu\u00edno\u201d"}]},{"@type":"WebSite","@id":"https:\/\/maismagazine.pt\/#website","url":"https:\/\/maismagazine.pt\/","name":"Mais Magazine","description":"","publisher":{"@id":"https:\/\/maismagazine.pt\/#organization"},"potentialAction":[{"@type":"SearchAction","target":{"@type":"EntryPoint","urlTemplate":"https:\/\/maismagazine.pt\/?s={search_term_string}"},"query-input":{"@type":"PropertyValueSpecification","valueRequired":true,"valueName":"search_term_string"}}],"inLanguage":"pt-PT"},{"@type":"Organization","@id":"https:\/\/maismagazine.pt\/#organization","name":"Mais Magazine","url":"https:\/\/maismagazine.pt\/","logo":{"@type":"ImageObject","inLanguage":"pt-PT","@id":"https:\/\/maismagazine.pt\/#\/schema\/logo\/image\/","url":"https:\/\/maismagazine.pt\/wp-content\/uploads\/2020\/04\/cropped-cropped-mais-magazine-site-logo-2.png","contentUrl":"https:\/\/maismagazine.pt\/wp-content\/uploads\/2020\/04\/cropped-cropped-mais-magazine-site-logo-2.png","width":581,"height":90,"caption":"Mais Magazine"},"image":{"@id":"https:\/\/maismagazine.pt\/#\/schema\/logo\/image\/"}},{"@type":"Person","@id":"https:\/\/maismagazine.pt\/#\/schema\/person\/999bd426f894ff56d397ec12ebd21ebb","name":"Jo\u00e3o Malainho","image":{"@type":"ImageObject","inLanguage":"pt-PT","@id":"https:\/\/maismagazine.pt\/#\/schema\/person\/image\/","url":"https:\/\/secure.gravatar.com\/avatar\/ff03c2f38edf60b2a827aa4f74878491?s=96&d=mm&r=g","contentUrl":"https:\/\/secure.gravatar.com\/avatar\/ff03c2f38edf60b2a827aa4f74878491?s=96&d=mm&r=g","caption":"Jo\u00e3o Malainho"},"url":"https:\/\/maismagazine.pt\/index.php\/author\/maismagazine\/"}]}},"author_meta":{"display_name":false,"author_link":"https:\/\/maismagazine.pt\/index.php\/author\/maismagazine\/"},"featured_img":"https:\/\/maismagazine.pt\/wp-content\/uploads\/2022\/08\/Messala-Copo-300x203.jpg","coauthors":[],"tax_additional":{"categories":{"linked":["<a href=\"https:\/\/maismagazine.pt\/index.php\/category\/destaques\/\" class=\"advgb-post-tax-term\">Destaques<\/a>","<a href=\"https:\/\/maismagazine.pt\/index.php\/category\/empreendedorismo\/\" class=\"advgb-post-tax-term\">Empreendedorismo<\/a>"],"unlinked":["<span class=\"advgb-post-tax-term\">Destaques<\/span>","<span class=\"advgb-post-tax-term\">Empreendedorismo<\/span>"]},"tags":{"linked":["<a href=\"https:\/\/maismagazine.pt\/index.php\/category\/empreendedorismo\/\" class=\"advgb-post-tax-term\">Desfiado<\/a>","<a href=\"https:\/\/maismagazine.pt\/index.php\/category\/empreendedorismo\/\" class=\"advgb-post-tax-term\">empresa familiar<\/a>","<a href=\"https:\/\/maismagazine.pt\/index.php\/category\/empreendedorismo\/\" class=\"advgb-post-tax-term\">Encostas de L\u00e1<\/a>","<a href=\"https:\/\/maismagazine.pt\/index.php\/category\/empreendedorismo\/\" class=\"advgb-post-tax-term\">Gondomar<\/a>","<a href=\"https:\/\/maismagazine.pt\/index.php\/category\/empreendedorismo\/\" class=\"advgb-post-tax-term\">Messala Alvarinho<\/a>","<a href=\"https:\/\/maismagazine.pt\/index.php\/category\/empreendedorismo\/\" class=\"advgb-post-tax-term\">Montes de L\u00e1<\/a>","<a href=\"https:\/\/maismagazine.pt\/index.php\/category\/empreendedorismo\/\" class=\"advgb-post-tax-term\">Serras de L\u00e1<\/a>","<a href=\"https:\/\/maismagazine.pt\/index.php\/category\/empreendedorismo\/\" class=\"advgb-post-tax-term\">vinho verde<\/a>","<a href=\"https:\/\/maismagazine.pt\/index.php\/category\/empreendedorismo\/\" class=\"advgb-post-tax-term\">vinhos<\/a>"],"unlinked":["<span class=\"advgb-post-tax-term\">Desfiado<\/span>","<span class=\"advgb-post-tax-term\">empresa familiar<\/span>","<span class=\"advgb-post-tax-term\">Encostas de L\u00e1<\/span>","<span class=\"advgb-post-tax-term\">Gondomar<\/span>","<span class=\"advgb-post-tax-term\">Messala Alvarinho<\/span>","<span class=\"advgb-post-tax-term\">Montes de L\u00e1<\/span>","<span class=\"advgb-post-tax-term\">Serras de L\u00e1<\/span>","<span class=\"advgb-post-tax-term\">vinho verde<\/span>","<span class=\"advgb-post-tax-term\">vinhos<\/span>"]}},"comment_count":"0","relative_dates":{"created":"Posted 4 anos ago","modified":"Updated 4 anos ago"},"absolute_dates":{"created":"Posted on 12 de Agosto, 2022","modified":"Updated on 12 de Agosto, 2022"},"absolute_dates_time":{"created":"Posted on 12 de Agosto, 2022 7:00","modified":"Updated on 12 de Agosto, 2022 11:01"},"featured_img_caption":"","series_order":"","_links":{"self":[{"href":"https:\/\/maismagazine.pt\/index.php\/wp-json\/wp\/v2\/posts\/3965","targetHints":{"allow":["GET"]}}],"collection":[{"href":"https:\/\/maismagazine.pt\/index.php\/wp-json\/wp\/v2\/posts"}],"about":[{"href":"https:\/\/maismagazine.pt\/index.php\/wp-json\/wp\/v2\/types\/post"}],"author":[{"embeddable":true,"href":"https:\/\/maismagazine.pt\/index.php\/wp-json\/wp\/v2\/users\/7"}],"replies":[{"embeddable":true,"href":"https:\/\/maismagazine.pt\/index.php\/wp-json\/wp\/v2\/comments?post=3965"}],"version-history":[{"count":2,"href":"https:\/\/maismagazine.pt\/index.php\/wp-json\/wp\/v2\/posts\/3965\/revisions"}],"predecessor-version":[{"id":4255,"href":"https:\/\/maismagazine.pt\/index.php\/wp-json\/wp\/v2\/posts\/3965\/revisions\/4255"}],"wp:featuredmedia":[{"embeddable":true,"href":"https:\/\/maismagazine.pt\/index.php\/wp-json\/wp\/v2\/media\/4253"}],"wp:attachment":[{"href":"https:\/\/maismagazine.pt\/index.php\/wp-json\/wp\/v2\/media?parent=3965"}],"wp:term":[{"taxonomy":"category","embeddable":true,"href":"https:\/\/maismagazine.pt\/index.php\/wp-json\/wp\/v2\/categories?post=3965"},{"taxonomy":"post_tag","embeddable":true,"href":"https:\/\/maismagazine.pt\/index.php\/wp-json\/wp\/v2\/tags?post=3965"}],"curies":[{"name":"wp","href":"https:\/\/api.w.org\/{rel}","templated":true}]}}