{"id":3847,"date":"2022-07-15T07:09:00","date_gmt":"2022-07-15T06:09:00","guid":{"rendered":"https:\/\/maismagazine.pt\/?p=3847"},"modified":"2022-07-11T12:17:20","modified_gmt":"2022-07-11T11:17:20","slug":"as-sinergias-com-os-municipios-e-as-entidades-locais-sao-uma-das-marcas-distintivas-da-esmad","status":"publish","type":"post","link":"https:\/\/maismagazine.pt\/index.php\/2022\/07\/15\/as-sinergias-com-os-municipios-e-as-entidades-locais-sao-uma-das-marcas-distintivas-da-esmad\/","title":{"rendered":"As sinergias com os munic\u00edpios e as entidades locais s\u00e3o uma das marcas distintivas da ESMAD"},"content":{"rendered":"\n<p><strong>Localizada em Vila do Conde, esta escola disponibiliza cursos diversificados desde a licenciatura, mestrado ou p\u00f3s-gradua\u00e7\u00f5es at\u00e9 aos t\u00e9cnicos superiores profissionais, e em todos eles h\u00e1 uma \u201carte\u201d que pode ser trabalhada e evidenciada pelos artistas estudantes. Nesse sentido, desenvolveram uma nova unidade de investiga\u00e7\u00e3o.<\/strong><\/p>\n\n\n\n<p>A <a href=\"http:\/\/www.esmad.ipp.pt\" target=\"_blank\" rel=\"noreferrer noopener\">Escola Superior de Media Artes e Design<\/a> pauta-se pela colabora\u00e7\u00e3o direta com os \u201cmunic\u00edpios e as entidades locais ao redor de Vila do Conde e P\u00f3voa de Varzim, atrav\u00e9s de programas de interven\u00e7\u00e3o, da realiza\u00e7\u00e3o de filmes, fotografia, publica\u00e7\u00f5es, plataformas e cria\u00e7\u00f5es multim\u00e9dia\u201d. Para a Presidente desta institui\u00e7\u00e3o, Ol\u00edvia Silva, este know-how \u201cpotencia a promo\u00e7\u00e3o, valoriza\u00e7\u00e3o e reconhecimento do patrim\u00f4nio hist\u00f3rico social e econ\u00f3mico\u201d das regi\u00f5es, al\u00e9m de acabar por apostar \u201cno desenvolvimento e na transfer\u00eancia de saberes com as empresas, como a \u201cOTII-MA\/Ecosteel, ou a Much More Than a Window\u201d. A respons\u00e1vel pela ESMAD tamb\u00e9m salientou que estas a\u00e7\u00f5es fomentam \u201ca mobilidade de estudantes\u201d, contribuindo para a descentraliza\u00e7\u00e3o, o que \u00e9 \u201cuma janela de oportunidades para os jovens\u201d, uma vez que ficam a ter \u201cacesso a uma realidade sociocultural, que \u00e9 pujante e ativa e ao mesmo tempo, pr\u00f3xima da cidade do Porto\u201d.<\/p>\n\n\n\n<p>J\u00e1 dizia Arist\u00f3teles, \u201ctoda a arte e toda a investiga\u00e7\u00e3o, assim como toda a\u00e7\u00e3o e toda a escolha tem em mira um bem qualquer\u201d. O desta institui\u00e7\u00e3o passa por \u201cpromover e desenvolver investiga\u00e7\u00e3o de \u00e2mbito art\u00edstico, te\u00f3rico e tecnol\u00f3gico\u201d. E para concretizar esse objetivo, recentemente desenvolveram uma Unidade de Investiga\u00e7\u00e3o em Media Artes e Design (uniMAD), que concretiza \u201cprojetos e programas nacionais e internacionais\u201d. Neste \u00faltimo, a respons\u00e1vel por esta escola salienta em Erasmus+, o \u201cChronos &#8211; An Artwork Educational Time Travel Framework\u201d e em Creative Europe, o \u201cThe Third City, no European Creative Lab\u201d. Estes s\u00e3o \u201cprojetos elaborados e candidatados em cons\u00f3rcio com institui\u00e7\u00f5es internacionais, como as Universidades Polit\u00e9cnicas de Val\u00eancia e de Madrid, o Polit\u00e9cnico de Mil\u00e3o, a Universidade de Ci\u00eancias Aplicadas de Hamburgo e outras dedicadas \u00e0 investiga\u00e7\u00e3o em artes, media e tecnologia\u201d. Quando o trabalho de investiga\u00e7\u00e3o prov\u00e9m desta \u201ccasa\u201d, atrav\u00e9s do seu corpo docente, quem acaba por ficar a ganhar \u00e9 \u201ca comunidade dos estudantes\u201d, uma vez que as mais-valias absorvidas podem refletir-se \u201cnuma melhor prepara\u00e7\u00e3o para o mercado de trabalho\u201d. Al\u00e9m disso, ao longo de todo ano, \u201cs\u00e3o tamb\u00e9m desafiados a participarem em oportunidades de I&amp;D em diversos enquadramentos, ora convites de empresas, bolseiros de investiga\u00e7\u00e3o ou em pr\u00e9mios de investiga\u00e7\u00e3o aplicada\u201d.<\/p>\n\n\n\n<p>A par da investiga\u00e7\u00e3o, \u201cas parcerias e conv\u00e9nios com institui\u00e7\u00f5es e escolas internacionais suscitando a mobilidade incoming e outgoing de estudantes, docentes e n\u00e3o docentes\u201d acabam por ser uma janela de oportunidades para a inova\u00e7\u00e3o, reconhecimento e acumula\u00e7\u00e3o de experi\u00eancias. Dessas, Ol\u00edvia Silva destaca a \u201cPorto Global Hub, celebrada com a Porto Design Factory, onde s\u00e3o concretizadas um conjunto de \u201ca\u00e7\u00f5es de empreendedorismo e de educa\u00e7\u00e3o com institui\u00e7\u00f5es dos quatro continentes\u201d; o \u201cLink Me Up, um projeto europeu que estimula o esp\u00edrito empresarial; o Carpe, um cons\u00f3rcio europeu que cruza investiga\u00e7\u00e3o e educa\u00e7\u00e3o; o Athena e a rede ELIA, que \u00e9 uma rede internacional que junta escolas internacionais art\u00edsticas e universidades, como o Instituto Audiovisual de Vigo ou a Universit\u00e9 Paris-Saclay\u201d, onde s\u00e3o discutidos \u201cjoint degrees, mostras internacionais e projetos de investiga\u00e7\u00e3o.\u201d<\/p>\n\n\n\n<p>H\u00e1 uma frase feita que diz que todo o esfor\u00e7o tem a sua recompensa. Este pensamento acaba por \u201cencaixar como uma luva\u201d no trabalho que \u00e9 desenvolvido e transmitido pela ESMAD, visto que ao longo dos anos t\u00eam uma fornada de estudantes com \u201cprojetos nomeados e premiados nos Pr\u00e9mios Sophia Estudante (Cinema), no Festival de Cannes, no Curtas Vila do Conde, no MACK First Book Award (Fotografia) e no Red Dot Design Award\u201d. Para al\u00e9m destas distin\u00e7\u00f5es, h\u00e1 outros alunos que se destacam em outras vertentes, como na \u201ccria\u00e7\u00e3o do prot\u00f3tipo da nova mota el\u00e9trica da AJP Motos ou no desenvolvimento dos Projetos de Design para o Territ\u00f3rio\u201d. A Presidente desta escola afirma orgulhosamente que, para que esta valoriza\u00e7\u00e3o da constru\u00e7\u00e3o art\u00edstica seja uma cont\u00ednua possibilidade, v\u00e3o manter \u201ca aposta na requalifica\u00e7\u00e3o dos espa\u00e7os com est\u00fadios profissionais &#8211; Black&#8211;Box, suites de edi\u00e7\u00e3o, cabines de locu\u00e7\u00e3o, est\u00fadio de som e r\u00e9gies, e ainda uma Oficina de Design e uma Galeria de Arte.\u201d<\/p>\n\n\n\n<p>Sobre o futuro que est\u00e1 a\u00ed \u00e0 porta, Ol\u00edvia Silva diz que vai ganhar \u201cnovos contornos\u201d, justificado com o elevado protagonismo que \u201co mundo online e as ind\u00fastrias criativas\u201d t\u00eam conquistado, e \u201cem que as \u00e1reas da ESMAD conseguem assumir \u201cum papel inspirador e catalisador.\u201d Nesse sentido, j\u00e1 no pr\u00f3ximo ano letivo, \u201cem parceria com a Universidade de Aveiro, ESMAE\/P.PORTO e ESAD\/IPL, a escola integrar\u00e1 o doutoramento em Cria\u00e7\u00e3o Art\u00edstica, mas tamb\u00e9m \u201cquatro p\u00f3s-Gradua\u00e7\u00f5es que est\u00e3o inclu\u00eddas no PRR, nas \u00e1reas de Cinematografia Digital, Fotolivro: Pr\u00e1ticas Fotogr\u00e1ficas e Editoriais, Web Design e Design de Interiores e Espa\u00e7os.\u201d<\/p>\n\n\n\n<div class=\"wp-block-image\"><figure class=\"aligncenter size-full is-resized\"><img loading=\"lazy\" decoding=\"async\" src=\"http:\/\/maismagazine.pt\/wp-content\/uploads\/2022\/07\/logo-ipp-1-1.png\" alt=\"\" class=\"wp-image-3854\" width=\"501\" height=\"100\" srcset=\"https:\/\/maismagazine.pt\/wp-content\/uploads\/2022\/07\/logo-ipp-1-1.png 316w, https:\/\/maismagazine.pt\/wp-content\/uploads\/2022\/07\/logo-ipp-1-1-300x61.png 300w\" sizes=\"auto, (max-width: 501px) 100vw, 501px\" \/><\/figure><\/div>\n","protected":false},"excerpt":{"rendered":"<p>Localizada em Vila do Conde, esta escola disponibiliza cursos diversificados desde a licenciatura, mestrado ou p\u00f3s-gradua\u00e7\u00f5es at\u00e9 aos t\u00e9cnicos superiores profissionais, e em todos eles h\u00e1 uma \u201carte\u201d que pode ser trabalhada e evidenciada pelos artistas estudantes. Nesse sentido, desenvolveram uma nova unidade de investiga\u00e7\u00e3o. A Escola Superior de Media&hellip;<\/p>\n","protected":false},"author":7,"featured_media":3853,"comment_status":"open","ping_status":"open","sticky":false,"template":"","format":"standard","meta":{"advgb_blocks_editor_width":"","advgb_blocks_columns_visual_guide":"","_monsterinsights_skip_tracking":false,"_monsterinsights_sitenote_active":false,"_monsterinsights_sitenote_note":"","_monsterinsights_sitenote_category":0,"footnotes":""},"categories":[149,828],"tags":[525,521,865],"class_list":["post-3847","post","type-post","status-publish","format-standard","has-post-thumbnail","hentry","category-educacao","category-pporto","tag-educacao","tag-ensino","tag-esmad"],"yoast_head":"<!-- This site is optimized with the Yoast SEO plugin v24.4 - https:\/\/yoast.com\/wordpress\/plugins\/seo\/ -->\n<title>As sinergias com os munic\u00edpios e as entidades locais s\u00e3o uma das marcas distintivas da ESMAD - Mais Magazine<\/title>\n<meta name=\"description\" content=\"Localizada em Vila do Conde, esta escola disponibiliza cursos diversificados desde a licenciatura, mestrado ou p\u00f3s-gradua\u00e7\u00f5es at\u00e9 aos...\" \/>\n<meta name=\"robots\" content=\"index, follow, max-snippet:-1, max-image-preview:large, max-video-preview:-1\" \/>\n<link rel=\"canonical\" href=\"http:\/\/maismagazine.pt\/index.php\/2022\/07\/15\/as-sinergias-com-os-municipios-e-as-entidades-locais-sao-uma-das-marcas-distintivas-da-esmad\/\" \/>\n<meta property=\"og:locale\" content=\"pt_PT\" \/>\n<meta property=\"og:type\" content=\"article\" \/>\n<meta property=\"og:title\" content=\"As sinergias com os munic\u00edpios e as entidades locais s\u00e3o uma das marcas distintivas da ESMAD - Mais Magazine\" \/>\n<meta property=\"og:description\" content=\"Localizada em Vila do Conde, esta escola disponibiliza cursos diversificados desde a licenciatura, mestrado ou p\u00f3s-gradua\u00e7\u00f5es at\u00e9 aos...\" \/>\n<meta property=\"og:url\" content=\"http:\/\/maismagazine.pt\/index.php\/2022\/07\/15\/as-sinergias-com-os-municipios-e-as-entidades-locais-sao-uma-das-marcas-distintivas-da-esmad\/\" \/>\n<meta property=\"og:site_name\" content=\"Mais Magazine\" \/>\n<meta property=\"article:published_time\" content=\"2022-07-15T06:09:00+00:00\" \/>\n<meta property=\"og:image\" content=\"http:\/\/maismagazine.pt\/wp-content\/uploads\/2022\/07\/IMG_20200917_145517-1-scaled.jpg\" \/>\n\t<meta property=\"og:image:width\" content=\"2560\" \/>\n\t<meta property=\"og:image:height\" content=\"1920\" \/>\n\t<meta property=\"og:image:type\" content=\"image\/jpeg\" \/>\n<meta name=\"author\" content=\"Jo\u00e3o Malainho\" \/>\n<meta name=\"twitter:card\" content=\"summary_large_image\" \/>\n<meta name=\"twitter:label1\" content=\"Escrito por\" \/>\n\t<meta name=\"twitter:data1\" content=\"\" \/>\n\t<meta name=\"twitter:label2\" content=\"Tempo estimado de leitura\" \/>\n\t<meta name=\"twitter:data2\" content=\"4 minutos\" \/>\n<script type=\"application\/ld+json\" class=\"yoast-schema-graph\">{\"@context\":\"https:\/\/schema.org\",\"@graph\":[{\"@type\":\"Article\",\"@id\":\"http:\/\/maismagazine.pt\/index.php\/2022\/07\/15\/as-sinergias-com-os-municipios-e-as-entidades-locais-sao-uma-das-marcas-distintivas-da-esmad\/#article\",\"isPartOf\":{\"@id\":\"http:\/\/maismagazine.pt\/index.php\/2022\/07\/15\/as-sinergias-com-os-municipios-e-as-entidades-locais-sao-uma-das-marcas-distintivas-da-esmad\/\"},\"author\":{\"name\":\"Jo\u00e3o Malainho\",\"@id\":\"https:\/\/maismagazine.pt\/#\/schema\/person\/999bd426f894ff56d397ec12ebd21ebb\"},\"headline\":\"As sinergias com os munic\u00edpios e as entidades locais s\u00e3o uma das marcas distintivas da ESMAD\",\"datePublished\":\"2022-07-15T06:09:00+00:00\",\"mainEntityOfPage\":{\"@id\":\"http:\/\/maismagazine.pt\/index.php\/2022\/07\/15\/as-sinergias-com-os-municipios-e-as-entidades-locais-sao-uma-das-marcas-distintivas-da-esmad\/\"},\"wordCount\":916,\"commentCount\":0,\"publisher\":{\"@id\":\"https:\/\/maismagazine.pt\/#organization\"},\"image\":{\"@id\":\"http:\/\/maismagazine.pt\/index.php\/2022\/07\/15\/as-sinergias-com-os-municipios-e-as-entidades-locais-sao-uma-das-marcas-distintivas-da-esmad\/#primaryimage\"},\"thumbnailUrl\":\"https:\/\/maismagazine.pt\/wp-content\/uploads\/2022\/07\/IMG_20200917_145517-1-scaled.jpg\",\"keywords\":[\"Educa\u00e7\u00e3o\",\"Ensino\",\"ESMAD\"],\"articleSection\":[\"Educa\u00e7\u00e3o\",\"P.Porto\"],\"inLanguage\":\"pt-PT\",\"potentialAction\":[{\"@type\":\"CommentAction\",\"name\":\"Comment\",\"target\":[\"http:\/\/maismagazine.pt\/index.php\/2022\/07\/15\/as-sinergias-com-os-municipios-e-as-entidades-locais-sao-uma-das-marcas-distintivas-da-esmad\/#respond\"]}]},{\"@type\":\"WebPage\",\"@id\":\"http:\/\/maismagazine.pt\/index.php\/2022\/07\/15\/as-sinergias-com-os-municipios-e-as-entidades-locais-sao-uma-das-marcas-distintivas-da-esmad\/\",\"url\":\"http:\/\/maismagazine.pt\/index.php\/2022\/07\/15\/as-sinergias-com-os-municipios-e-as-entidades-locais-sao-uma-das-marcas-distintivas-da-esmad\/\",\"name\":\"As sinergias com os munic\u00edpios e as entidades locais s\u00e3o uma das marcas distintivas da ESMAD - Mais Magazine\",\"isPartOf\":{\"@id\":\"https:\/\/maismagazine.pt\/#website\"},\"primaryImageOfPage\":{\"@id\":\"http:\/\/maismagazine.pt\/index.php\/2022\/07\/15\/as-sinergias-com-os-municipios-e-as-entidades-locais-sao-uma-das-marcas-distintivas-da-esmad\/#primaryimage\"},\"image\":{\"@id\":\"http:\/\/maismagazine.pt\/index.php\/2022\/07\/15\/as-sinergias-com-os-municipios-e-as-entidades-locais-sao-uma-das-marcas-distintivas-da-esmad\/#primaryimage\"},\"thumbnailUrl\":\"https:\/\/maismagazine.pt\/wp-content\/uploads\/2022\/07\/IMG_20200917_145517-1-scaled.jpg\",\"datePublished\":\"2022-07-15T06:09:00+00:00\",\"description\":\"Localizada em Vila do Conde, esta escola disponibiliza cursos diversificados desde a licenciatura, mestrado ou p\u00f3s-gradua\u00e7\u00f5es at\u00e9 aos...\",\"breadcrumb\":{\"@id\":\"http:\/\/maismagazine.pt\/index.php\/2022\/07\/15\/as-sinergias-com-os-municipios-e-as-entidades-locais-sao-uma-das-marcas-distintivas-da-esmad\/#breadcrumb\"},\"inLanguage\":\"pt-PT\",\"potentialAction\":[{\"@type\":\"ReadAction\",\"target\":[\"http:\/\/maismagazine.pt\/index.php\/2022\/07\/15\/as-sinergias-com-os-municipios-e-as-entidades-locais-sao-uma-das-marcas-distintivas-da-esmad\/\"]}]},{\"@type\":\"ImageObject\",\"inLanguage\":\"pt-PT\",\"@id\":\"http:\/\/maismagazine.pt\/index.php\/2022\/07\/15\/as-sinergias-com-os-municipios-e-as-entidades-locais-sao-uma-das-marcas-distintivas-da-esmad\/#primaryimage\",\"url\":\"https:\/\/maismagazine.pt\/wp-content\/uploads\/2022\/07\/IMG_20200917_145517-1-scaled.jpg\",\"contentUrl\":\"https:\/\/maismagazine.pt\/wp-content\/uploads\/2022\/07\/IMG_20200917_145517-1-scaled.jpg\",\"width\":2560,\"height\":1920},{\"@type\":\"BreadcrumbList\",\"@id\":\"http:\/\/maismagazine.pt\/index.php\/2022\/07\/15\/as-sinergias-com-os-municipios-e-as-entidades-locais-sao-uma-das-marcas-distintivas-da-esmad\/#breadcrumb\",\"itemListElement\":[{\"@type\":\"ListItem\",\"position\":1,\"name\":\"Home\",\"item\":\"https:\/\/maismagazine.pt\/\"},{\"@type\":\"ListItem\",\"position\":2,\"name\":\"As sinergias com os munic\u00edpios e as entidades locais s\u00e3o uma das marcas distintivas da ESMAD\"}]},{\"@type\":\"WebSite\",\"@id\":\"https:\/\/maismagazine.pt\/#website\",\"url\":\"https:\/\/maismagazine.pt\/\",\"name\":\"Mais Magazine\",\"description\":\"\",\"publisher\":{\"@id\":\"https:\/\/maismagazine.pt\/#organization\"},\"potentialAction\":[{\"@type\":\"SearchAction\",\"target\":{\"@type\":\"EntryPoint\",\"urlTemplate\":\"https:\/\/maismagazine.pt\/?s={search_term_string}\"},\"query-input\":{\"@type\":\"PropertyValueSpecification\",\"valueRequired\":true,\"valueName\":\"search_term_string\"}}],\"inLanguage\":\"pt-PT\"},{\"@type\":\"Organization\",\"@id\":\"https:\/\/maismagazine.pt\/#organization\",\"name\":\"Mais Magazine\",\"url\":\"https:\/\/maismagazine.pt\/\",\"logo\":{\"@type\":\"ImageObject\",\"inLanguage\":\"pt-PT\",\"@id\":\"https:\/\/maismagazine.pt\/#\/schema\/logo\/image\/\",\"url\":\"https:\/\/maismagazine.pt\/wp-content\/uploads\/2020\/04\/cropped-cropped-mais-magazine-site-logo-2.png\",\"contentUrl\":\"https:\/\/maismagazine.pt\/wp-content\/uploads\/2020\/04\/cropped-cropped-mais-magazine-site-logo-2.png\",\"width\":581,\"height\":90,\"caption\":\"Mais Magazine\"},\"image\":{\"@id\":\"https:\/\/maismagazine.pt\/#\/schema\/logo\/image\/\"}},{\"@type\":\"Person\",\"@id\":\"https:\/\/maismagazine.pt\/#\/schema\/person\/999bd426f894ff56d397ec12ebd21ebb\",\"name\":\"Jo\u00e3o Malainho\",\"image\":{\"@type\":\"ImageObject\",\"inLanguage\":\"pt-PT\",\"@id\":\"https:\/\/maismagazine.pt\/#\/schema\/person\/image\/\",\"url\":\"https:\/\/secure.gravatar.com\/avatar\/ff03c2f38edf60b2a827aa4f74878491?s=96&d=mm&r=g\",\"contentUrl\":\"https:\/\/secure.gravatar.com\/avatar\/ff03c2f38edf60b2a827aa4f74878491?s=96&d=mm&r=g\",\"caption\":\"Jo\u00e3o Malainho\"},\"url\":\"https:\/\/maismagazine.pt\/index.php\/author\/maismagazine\/\"}]}<\/script>\n<!-- \/ Yoast SEO plugin. -->","yoast_head_json":{"title":"As sinergias com os munic\u00edpios e as entidades locais s\u00e3o uma das marcas distintivas da ESMAD - Mais Magazine","description":"Localizada em Vila do Conde, esta escola disponibiliza cursos diversificados desde a licenciatura, mestrado ou p\u00f3s-gradua\u00e7\u00f5es at\u00e9 aos...","robots":{"index":"index","follow":"follow","max-snippet":"max-snippet:-1","max-image-preview":"max-image-preview:large","max-video-preview":"max-video-preview:-1"},"canonical":"http:\/\/maismagazine.pt\/index.php\/2022\/07\/15\/as-sinergias-com-os-municipios-e-as-entidades-locais-sao-uma-das-marcas-distintivas-da-esmad\/","og_locale":"pt_PT","og_type":"article","og_title":"As sinergias com os munic\u00edpios e as entidades locais s\u00e3o uma das marcas distintivas da ESMAD - Mais Magazine","og_description":"Localizada em Vila do Conde, esta escola disponibiliza cursos diversificados desde a licenciatura, mestrado ou p\u00f3s-gradua\u00e7\u00f5es at\u00e9 aos...","og_url":"http:\/\/maismagazine.pt\/index.php\/2022\/07\/15\/as-sinergias-com-os-municipios-e-as-entidades-locais-sao-uma-das-marcas-distintivas-da-esmad\/","og_site_name":"Mais Magazine","article_published_time":"2022-07-15T06:09:00+00:00","og_image":[{"width":2560,"height":1920,"url":"http:\/\/maismagazine.pt\/wp-content\/uploads\/2022\/07\/IMG_20200917_145517-1-scaled.jpg","type":"image\/jpeg"}],"author":"Jo\u00e3o Malainho","twitter_card":"summary_large_image","twitter_misc":{"Escrito por":false,"Tempo estimado de leitura":"4 minutos"},"schema":{"@context":"https:\/\/schema.org","@graph":[{"@type":"Article","@id":"http:\/\/maismagazine.pt\/index.php\/2022\/07\/15\/as-sinergias-com-os-municipios-e-as-entidades-locais-sao-uma-das-marcas-distintivas-da-esmad\/#article","isPartOf":{"@id":"http:\/\/maismagazine.pt\/index.php\/2022\/07\/15\/as-sinergias-com-os-municipios-e-as-entidades-locais-sao-uma-das-marcas-distintivas-da-esmad\/"},"author":{"name":"Jo\u00e3o Malainho","@id":"https:\/\/maismagazine.pt\/#\/schema\/person\/999bd426f894ff56d397ec12ebd21ebb"},"headline":"As sinergias com os munic\u00edpios e as entidades locais s\u00e3o uma das marcas distintivas da ESMAD","datePublished":"2022-07-15T06:09:00+00:00","mainEntityOfPage":{"@id":"http:\/\/maismagazine.pt\/index.php\/2022\/07\/15\/as-sinergias-com-os-municipios-e-as-entidades-locais-sao-uma-das-marcas-distintivas-da-esmad\/"},"wordCount":916,"commentCount":0,"publisher":{"@id":"https:\/\/maismagazine.pt\/#organization"},"image":{"@id":"http:\/\/maismagazine.pt\/index.php\/2022\/07\/15\/as-sinergias-com-os-municipios-e-as-entidades-locais-sao-uma-das-marcas-distintivas-da-esmad\/#primaryimage"},"thumbnailUrl":"https:\/\/maismagazine.pt\/wp-content\/uploads\/2022\/07\/IMG_20200917_145517-1-scaled.jpg","keywords":["Educa\u00e7\u00e3o","Ensino","ESMAD"],"articleSection":["Educa\u00e7\u00e3o","P.Porto"],"inLanguage":"pt-PT","potentialAction":[{"@type":"CommentAction","name":"Comment","target":["http:\/\/maismagazine.pt\/index.php\/2022\/07\/15\/as-sinergias-com-os-municipios-e-as-entidades-locais-sao-uma-das-marcas-distintivas-da-esmad\/#respond"]}]},{"@type":"WebPage","@id":"http:\/\/maismagazine.pt\/index.php\/2022\/07\/15\/as-sinergias-com-os-municipios-e-as-entidades-locais-sao-uma-das-marcas-distintivas-da-esmad\/","url":"http:\/\/maismagazine.pt\/index.php\/2022\/07\/15\/as-sinergias-com-os-municipios-e-as-entidades-locais-sao-uma-das-marcas-distintivas-da-esmad\/","name":"As sinergias com os munic\u00edpios e as entidades locais s\u00e3o uma das marcas distintivas da ESMAD - Mais Magazine","isPartOf":{"@id":"https:\/\/maismagazine.pt\/#website"},"primaryImageOfPage":{"@id":"http:\/\/maismagazine.pt\/index.php\/2022\/07\/15\/as-sinergias-com-os-municipios-e-as-entidades-locais-sao-uma-das-marcas-distintivas-da-esmad\/#primaryimage"},"image":{"@id":"http:\/\/maismagazine.pt\/index.php\/2022\/07\/15\/as-sinergias-com-os-municipios-e-as-entidades-locais-sao-uma-das-marcas-distintivas-da-esmad\/#primaryimage"},"thumbnailUrl":"https:\/\/maismagazine.pt\/wp-content\/uploads\/2022\/07\/IMG_20200917_145517-1-scaled.jpg","datePublished":"2022-07-15T06:09:00+00:00","description":"Localizada em Vila do Conde, esta escola disponibiliza cursos diversificados desde a licenciatura, mestrado ou p\u00f3s-gradua\u00e7\u00f5es at\u00e9 aos...","breadcrumb":{"@id":"http:\/\/maismagazine.pt\/index.php\/2022\/07\/15\/as-sinergias-com-os-municipios-e-as-entidades-locais-sao-uma-das-marcas-distintivas-da-esmad\/#breadcrumb"},"inLanguage":"pt-PT","potentialAction":[{"@type":"ReadAction","target":["http:\/\/maismagazine.pt\/index.php\/2022\/07\/15\/as-sinergias-com-os-municipios-e-as-entidades-locais-sao-uma-das-marcas-distintivas-da-esmad\/"]}]},{"@type":"ImageObject","inLanguage":"pt-PT","@id":"http:\/\/maismagazine.pt\/index.php\/2022\/07\/15\/as-sinergias-com-os-municipios-e-as-entidades-locais-sao-uma-das-marcas-distintivas-da-esmad\/#primaryimage","url":"https:\/\/maismagazine.pt\/wp-content\/uploads\/2022\/07\/IMG_20200917_145517-1-scaled.jpg","contentUrl":"https:\/\/maismagazine.pt\/wp-content\/uploads\/2022\/07\/IMG_20200917_145517-1-scaled.jpg","width":2560,"height":1920},{"@type":"BreadcrumbList","@id":"http:\/\/maismagazine.pt\/index.php\/2022\/07\/15\/as-sinergias-com-os-municipios-e-as-entidades-locais-sao-uma-das-marcas-distintivas-da-esmad\/#breadcrumb","itemListElement":[{"@type":"ListItem","position":1,"name":"Home","item":"https:\/\/maismagazine.pt\/"},{"@type":"ListItem","position":2,"name":"As sinergias com os munic\u00edpios e as entidades locais s\u00e3o uma das marcas distintivas da ESMAD"}]},{"@type":"WebSite","@id":"https:\/\/maismagazine.pt\/#website","url":"https:\/\/maismagazine.pt\/","name":"Mais Magazine","description":"","publisher":{"@id":"https:\/\/maismagazine.pt\/#organization"},"potentialAction":[{"@type":"SearchAction","target":{"@type":"EntryPoint","urlTemplate":"https:\/\/maismagazine.pt\/?s={search_term_string}"},"query-input":{"@type":"PropertyValueSpecification","valueRequired":true,"valueName":"search_term_string"}}],"inLanguage":"pt-PT"},{"@type":"Organization","@id":"https:\/\/maismagazine.pt\/#organization","name":"Mais Magazine","url":"https:\/\/maismagazine.pt\/","logo":{"@type":"ImageObject","inLanguage":"pt-PT","@id":"https:\/\/maismagazine.pt\/#\/schema\/logo\/image\/","url":"https:\/\/maismagazine.pt\/wp-content\/uploads\/2020\/04\/cropped-cropped-mais-magazine-site-logo-2.png","contentUrl":"https:\/\/maismagazine.pt\/wp-content\/uploads\/2020\/04\/cropped-cropped-mais-magazine-site-logo-2.png","width":581,"height":90,"caption":"Mais Magazine"},"image":{"@id":"https:\/\/maismagazine.pt\/#\/schema\/logo\/image\/"}},{"@type":"Person","@id":"https:\/\/maismagazine.pt\/#\/schema\/person\/999bd426f894ff56d397ec12ebd21ebb","name":"Jo\u00e3o Malainho","image":{"@type":"ImageObject","inLanguage":"pt-PT","@id":"https:\/\/maismagazine.pt\/#\/schema\/person\/image\/","url":"https:\/\/secure.gravatar.com\/avatar\/ff03c2f38edf60b2a827aa4f74878491?s=96&d=mm&r=g","contentUrl":"https:\/\/secure.gravatar.com\/avatar\/ff03c2f38edf60b2a827aa4f74878491?s=96&d=mm&r=g","caption":"Jo\u00e3o Malainho"},"url":"https:\/\/maismagazine.pt\/index.php\/author\/maismagazine\/"}]}},"author_meta":{"display_name":false,"author_link":"https:\/\/maismagazine.pt\/index.php\/author\/maismagazine\/"},"featured_img":"https:\/\/maismagazine.pt\/wp-content\/uploads\/2022\/07\/IMG_20200917_145517-1-300x225.jpg","coauthors":[],"tax_additional":{"categories":{"linked":["<a href=\"https:\/\/maismagazine.pt\/index.php\/category\/educacao\/\" class=\"advgb-post-tax-term\">Educa\u00e7\u00e3o<\/a>","<a href=\"https:\/\/maismagazine.pt\/index.php\/category\/pporto\/\" class=\"advgb-post-tax-term\">P.Porto<\/a>"],"unlinked":["<span class=\"advgb-post-tax-term\">Educa\u00e7\u00e3o<\/span>","<span class=\"advgb-post-tax-term\">P.Porto<\/span>"]},"tags":{"linked":["<a href=\"https:\/\/maismagazine.pt\/index.php\/category\/pporto\/\" class=\"advgb-post-tax-term\">Educa\u00e7\u00e3o<\/a>","<a href=\"https:\/\/maismagazine.pt\/index.php\/category\/pporto\/\" class=\"advgb-post-tax-term\">Ensino<\/a>","<a href=\"https:\/\/maismagazine.pt\/index.php\/category\/pporto\/\" class=\"advgb-post-tax-term\">ESMAD<\/a>"],"unlinked":["<span class=\"advgb-post-tax-term\">Educa\u00e7\u00e3o<\/span>","<span class=\"advgb-post-tax-term\">Ensino<\/span>","<span class=\"advgb-post-tax-term\">ESMAD<\/span>"]}},"comment_count":"0","relative_dates":{"created":"Posted 4 anos ago","modified":"Updated 4 anos ago"},"absolute_dates":{"created":"Posted on 15 de Julho, 2022","modified":"Updated on 11 de Julho, 2022"},"absolute_dates_time":{"created":"Posted on 15 de Julho, 2022 7:09","modified":"Updated on 11 de Julho, 2022 12:17"},"featured_img_caption":"","series_order":"","_links":{"self":[{"href":"https:\/\/maismagazine.pt\/index.php\/wp-json\/wp\/v2\/posts\/3847","targetHints":{"allow":["GET"]}}],"collection":[{"href":"https:\/\/maismagazine.pt\/index.php\/wp-json\/wp\/v2\/posts"}],"about":[{"href":"https:\/\/maismagazine.pt\/index.php\/wp-json\/wp\/v2\/types\/post"}],"author":[{"embeddable":true,"href":"https:\/\/maismagazine.pt\/index.php\/wp-json\/wp\/v2\/users\/7"}],"replies":[{"embeddable":true,"href":"https:\/\/maismagazine.pt\/index.php\/wp-json\/wp\/v2\/comments?post=3847"}],"version-history":[{"count":4,"href":"https:\/\/maismagazine.pt\/index.php\/wp-json\/wp\/v2\/posts\/3847\/revisions"}],"predecessor-version":[{"id":3876,"href":"https:\/\/maismagazine.pt\/index.php\/wp-json\/wp\/v2\/posts\/3847\/revisions\/3876"}],"wp:featuredmedia":[{"embeddable":true,"href":"https:\/\/maismagazine.pt\/index.php\/wp-json\/wp\/v2\/media\/3853"}],"wp:attachment":[{"href":"https:\/\/maismagazine.pt\/index.php\/wp-json\/wp\/v2\/media?parent=3847"}],"wp:term":[{"taxonomy":"category","embeddable":true,"href":"https:\/\/maismagazine.pt\/index.php\/wp-json\/wp\/v2\/categories?post=3847"},{"taxonomy":"post_tag","embeddable":true,"href":"https:\/\/maismagazine.pt\/index.php\/wp-json\/wp\/v2\/tags?post=3847"}],"curies":[{"name":"wp","href":"https:\/\/api.w.org\/{rel}","templated":true}]}}