{"id":3816,"date":"2022-07-15T07:00:00","date_gmt":"2022-07-15T06:00:00","guid":{"rendered":"https:\/\/maismagazine.pt\/?p=3816"},"modified":"2022-07-11T11:43:35","modified_gmt":"2022-07-11T10:43:35","slug":"turismo-nautico-e-o-produto-ancora-da-rede-de-oferta-turistica-de-avis","status":"publish","type":"post","link":"https:\/\/maismagazine.pt\/index.php\/2022\/07\/15\/turismo-nautico-e-o-produto-ancora-da-rede-de-oferta-turistica-de-avis\/","title":{"rendered":"\u201cTurismo n\u00e1utico \u00e9 o produto \u00e2ncora da rede\u201d de oferta tur\u00edstica de Avis"},"content":{"rendered":"\n<p><\/p>\n\n\n\n<p><strong>A <a href=\"http:\/\/estacaonautica.cm-avis.pt\">Esta\u00e7\u00e3o N\u00e1utica de Avi<\/a>s situa-se no interior de Portugal, em Avis, no Alentejo. A albufeira do Maranh\u00e3o \u00e9 o recurso natural que d\u00e1 forma \u00e0 rede de oferta onde os produtos associados ao turismo n\u00e1utico s\u00e3o m\u00faltiplos e diferenciadores neste territ\u00f3rio.<\/strong><\/p>\n\n\n\n<p><\/p>\n\n\n\n<p>O turismo n\u00e1utico \u00e9 o produto \u00e2ncora da rede, com ofertas que v\u00e3o da canoagem, aquapedestre, soft canyoning, hidrospeed, canoa rafting, passeios em barco solar ou stand up paddle. Mas se for adepto de nata\u00e7\u00e3o em \u00e1guas abertas ou de remo, tem a oportunidade de p\u00f4r em pr\u00e1tica estas atividades bem como de se cruzar com remadores reconhecidos a n\u00edvel nacional e internacional, pois este \u00e9 um dos melhores<br>locais do mundo para a pr\u00e1tica da modalidade.<br><\/p>\n\n\n\n<p>Mas a Esta\u00e7\u00e3o N\u00e1utica tem muito mais para oferecer. Pode ficar alojado num Hotel de 4 estrelas, integrado num ecossistema marcado pelo montado. Tamb\u00e9m pode  optar pelos empreendimentos de turismo em espa\u00e7o rural e desfrutar dos sons e cheiros da natureza atrav\u00e9s da pr\u00e1tica de diversas atividades, andar a p\u00e9, de bicicleta ou simplesmente observar a mudan\u00e7a de cores ao longo do dia. Mas se preferir estar<br>junto da comunidade local, nada melhor do que ficar num dos alojamentos locais existentes, at\u00e9 pode dormir numa livraria, se o desejar.<\/p>\n\n\n\n<p><\/p>\n\n\n\n<div class=\"wp-block-image\"><figure class=\"aligncenter size-large\"><img loading=\"lazy\" decoding=\"async\" width=\"1014\" height=\"1024\" src=\"https:\/\/maismagazine.pt\/wp-content\/uploads\/2022\/07\/nautical_avis_final-1014x1024.jpg\" alt=\"\" class=\"wp-image-3829\" srcset=\"https:\/\/maismagazine.pt\/wp-content\/uploads\/2022\/07\/nautical_avis_final-1014x1024.jpg 1014w, https:\/\/maismagazine.pt\/wp-content\/uploads\/2022\/07\/nautical_avis_final-297x300.jpg 297w, https:\/\/maismagazine.pt\/wp-content\/uploads\/2022\/07\/nautical_avis_final-150x150.jpg 150w, https:\/\/maismagazine.pt\/wp-content\/uploads\/2022\/07\/nautical_avis_final-768x775.jpg 768w, https:\/\/maismagazine.pt\/wp-content\/uploads\/2022\/07\/nautical_avis_final-1521x1536.jpg 1521w, https:\/\/maismagazine.pt\/wp-content\/uploads\/2022\/07\/nautical_avis_final.jpg 1755w\" sizes=\"auto, (max-width: 1014px) 100vw, 1014px\" \/><\/figure><\/div>\n\n\n\n<p><\/p>\n\n\n\n<p>Vir ao Alentejo e provar a gastronomia tradicional \u00e9 ter uma experi\u00eancia associada \u00e0 identidade e cultura deste povo. A cozinha tradicional baseia-se no princ\u00edpio da sustentabilidade, resulta do aproveitamento dos produtos da terra, como os cardos, as alaba\u00e7as, as beldroegas e os espargos, enriquecendo os sabores com ervas arom\u00e1ticas como o poejo, os or\u00e9g\u00e3os, os coentros e o alecrim, que tornaram os pratos regionais \u00fanicos, bem regados com o vinho regional. Aqui, pode passear entre montados ou vinhas, degustar os n\u00e9ctares \u00fanicos, acompanhados de produtos regionais como os enchidos de porco preto ou compotas dos frutos que a terra nos d\u00e1.<\/p>\n\n\n\n<p><br>Nos dias 30 de setembro, 1 e 2 de outubro Avis recebe a 1.\u00aa edi\u00e7\u00e3o do \u201cNautical Avis\u201d, um encontro que ir\u00e1 abordar diversos temas relativos ao turismo n\u00e1utico e ao seu impacto no territ\u00f3rio e que convida os participantes a descobrir a oferta tur\u00edstica integrada na Esta\u00e7\u00e3o N\u00e1utica de Avis. Atrav\u00e9s da Esta\u00e7\u00e3o N\u00e1utica de Avis conhe\u00e7a um Alentejo diferente e aut\u00eantico, inspire natureza e d\u00ea vida \u00e0 sua energia!<\/p>\n","protected":false},"excerpt":{"rendered":"<p>A Esta\u00e7\u00e3o N\u00e1utica de Avis situa-se no interior de Portugal, em Avis, no Alentejo. A albufeira do Maranh\u00e3o \u00e9 o recurso natural que d\u00e1 forma \u00e0 rede de oferta onde os produtos associados ao turismo n\u00e1utico s\u00e3o m\u00faltiplos e diferenciadores neste territ\u00f3rio. O turismo n\u00e1utico \u00e9 o produto \u00e2ncora da&hellip;<\/p>\n","protected":false},"author":7,"featured_media":3826,"comment_status":"open","ping_status":"open","sticky":false,"template":"","format":"standard","meta":{"advgb_blocks_editor_width":"","advgb_blocks_columns_visual_guide":"","_monsterinsights_skip_tracking":false,"_monsterinsights_sitenote_active":false,"_monsterinsights_sitenote_note":"","_monsterinsights_sitenote_category":0,"footnotes":""},"categories":[53],"tags":[858,859,64],"class_list":["post-3816","post","type-post","status-publish","format-standard","has-post-thumbnail","hentry","category-turismo-restaurantes","tag-estacao-nautica-de-avis","tag-nautico","tag-turismo"],"yoast_head":"<!-- This site is optimized with the Yoast SEO plugin v24.4 - https:\/\/yoast.com\/wordpress\/plugins\/seo\/ -->\n<title>\u201cTurismo n\u00e1utico \u00e9 o produto \u00e2ncora da rede\u201d de oferta tur\u00edstica de Avis - Mais Magazine<\/title>\n<meta name=\"description\" content=\"Esta\u00e7\u00e3o N\u00e1utica de Avis\" \/>\n<meta name=\"robots\" content=\"index, follow, max-snippet:-1, max-image-preview:large, max-video-preview:-1\" \/>\n<link rel=\"canonical\" href=\"https:\/\/maismagazine.pt\/index.php\/2022\/07\/15\/turismo-nautico-e-o-produto-ancora-da-rede-de-oferta-turistica-de-avis\/\" \/>\n<meta property=\"og:locale\" content=\"pt_PT\" \/>\n<meta property=\"og:type\" content=\"article\" \/>\n<meta property=\"og:title\" content=\"\u201cTurismo n\u00e1utico \u00e9 o produto \u00e2ncora da rede\u201d de oferta tur\u00edstica de Avis - Mais Magazine\" \/>\n<meta property=\"og:description\" content=\"Esta\u00e7\u00e3o N\u00e1utica de Avis\" \/>\n<meta property=\"og:url\" content=\"https:\/\/maismagazine.pt\/index.php\/2022\/07\/15\/turismo-nautico-e-o-produto-ancora-da-rede-de-oferta-turistica-de-avis\/\" \/>\n<meta property=\"og:site_name\" content=\"Mais Magazine\" \/>\n<meta property=\"article:published_time\" content=\"2022-07-15T06:00:00+00:00\" \/>\n<meta property=\"og:image\" content=\"https:\/\/maismagazine.pt\/wp-content\/uploads\/2022\/07\/Remo-scaled.jpg\" \/>\n\t<meta property=\"og:image:width\" content=\"2560\" \/>\n\t<meta property=\"og:image:height\" content=\"1707\" \/>\n\t<meta property=\"og:image:type\" content=\"image\/jpeg\" \/>\n<meta name=\"author\" content=\"Jo\u00e3o Malainho\" \/>\n<meta name=\"twitter:card\" content=\"summary_large_image\" \/>\n<meta name=\"twitter:label1\" content=\"Escrito por\" \/>\n\t<meta name=\"twitter:data1\" content=\"\" \/>\n\t<meta name=\"twitter:label2\" content=\"Tempo estimado de leitura\" \/>\n\t<meta name=\"twitter:data2\" content=\"2 minutos\" \/>\n<script type=\"application\/ld+json\" class=\"yoast-schema-graph\">{\"@context\":\"https:\/\/schema.org\",\"@graph\":[{\"@type\":\"Article\",\"@id\":\"https:\/\/maismagazine.pt\/index.php\/2022\/07\/15\/turismo-nautico-e-o-produto-ancora-da-rede-de-oferta-turistica-de-avis\/#article\",\"isPartOf\":{\"@id\":\"https:\/\/maismagazine.pt\/index.php\/2022\/07\/15\/turismo-nautico-e-o-produto-ancora-da-rede-de-oferta-turistica-de-avis\/\"},\"author\":{\"name\":\"Jo\u00e3o Malainho\",\"@id\":\"https:\/\/maismagazine.pt\/#\/schema\/person\/999bd426f894ff56d397ec12ebd21ebb\"},\"headline\":\"\u201cTurismo n\u00e1utico \u00e9 o produto \u00e2ncora da rede\u201d de oferta tur\u00edstica de Avis\",\"datePublished\":\"2022-07-15T06:00:00+00:00\",\"mainEntityOfPage\":{\"@id\":\"https:\/\/maismagazine.pt\/index.php\/2022\/07\/15\/turismo-nautico-e-o-produto-ancora-da-rede-de-oferta-turistica-de-avis\/\"},\"wordCount\":420,\"commentCount\":0,\"publisher\":{\"@id\":\"https:\/\/maismagazine.pt\/#organization\"},\"image\":{\"@id\":\"https:\/\/maismagazine.pt\/index.php\/2022\/07\/15\/turismo-nautico-e-o-produto-ancora-da-rede-de-oferta-turistica-de-avis\/#primaryimage\"},\"thumbnailUrl\":\"https:\/\/maismagazine.pt\/wp-content\/uploads\/2022\/07\/Remo-scaled.jpg\",\"keywords\":[\"Esta\u00e7\u00e3o N\u00e1utica de Avis\",\"n\u00e1utico\",\"Turismo\"],\"articleSection\":[\"Turismo | Vinhos | Gastronomia\"],\"inLanguage\":\"pt-PT\",\"potentialAction\":[{\"@type\":\"CommentAction\",\"name\":\"Comment\",\"target\":[\"https:\/\/maismagazine.pt\/index.php\/2022\/07\/15\/turismo-nautico-e-o-produto-ancora-da-rede-de-oferta-turistica-de-avis\/#respond\"]}]},{\"@type\":\"WebPage\",\"@id\":\"https:\/\/maismagazine.pt\/index.php\/2022\/07\/15\/turismo-nautico-e-o-produto-ancora-da-rede-de-oferta-turistica-de-avis\/\",\"url\":\"https:\/\/maismagazine.pt\/index.php\/2022\/07\/15\/turismo-nautico-e-o-produto-ancora-da-rede-de-oferta-turistica-de-avis\/\",\"name\":\"\u201cTurismo n\u00e1utico \u00e9 o produto \u00e2ncora da rede\u201d de oferta tur\u00edstica de Avis - Mais Magazine\",\"isPartOf\":{\"@id\":\"https:\/\/maismagazine.pt\/#website\"},\"primaryImageOfPage\":{\"@id\":\"https:\/\/maismagazine.pt\/index.php\/2022\/07\/15\/turismo-nautico-e-o-produto-ancora-da-rede-de-oferta-turistica-de-avis\/#primaryimage\"},\"image\":{\"@id\":\"https:\/\/maismagazine.pt\/index.php\/2022\/07\/15\/turismo-nautico-e-o-produto-ancora-da-rede-de-oferta-turistica-de-avis\/#primaryimage\"},\"thumbnailUrl\":\"https:\/\/maismagazine.pt\/wp-content\/uploads\/2022\/07\/Remo-scaled.jpg\",\"datePublished\":\"2022-07-15T06:00:00+00:00\",\"description\":\"Esta\u00e7\u00e3o N\u00e1utica de Avis\",\"breadcrumb\":{\"@id\":\"https:\/\/maismagazine.pt\/index.php\/2022\/07\/15\/turismo-nautico-e-o-produto-ancora-da-rede-de-oferta-turistica-de-avis\/#breadcrumb\"},\"inLanguage\":\"pt-PT\",\"potentialAction\":[{\"@type\":\"ReadAction\",\"target\":[\"https:\/\/maismagazine.pt\/index.php\/2022\/07\/15\/turismo-nautico-e-o-produto-ancora-da-rede-de-oferta-turistica-de-avis\/\"]}]},{\"@type\":\"ImageObject\",\"inLanguage\":\"pt-PT\",\"@id\":\"https:\/\/maismagazine.pt\/index.php\/2022\/07\/15\/turismo-nautico-e-o-produto-ancora-da-rede-de-oferta-turistica-de-avis\/#primaryimage\",\"url\":\"https:\/\/maismagazine.pt\/wp-content\/uploads\/2022\/07\/Remo-scaled.jpg\",\"contentUrl\":\"https:\/\/maismagazine.pt\/wp-content\/uploads\/2022\/07\/Remo-scaled.jpg\",\"width\":2560,\"height\":1707},{\"@type\":\"BreadcrumbList\",\"@id\":\"https:\/\/maismagazine.pt\/index.php\/2022\/07\/15\/turismo-nautico-e-o-produto-ancora-da-rede-de-oferta-turistica-de-avis\/#breadcrumb\",\"itemListElement\":[{\"@type\":\"ListItem\",\"position\":1,\"name\":\"Home\",\"item\":\"https:\/\/maismagazine.pt\/\"},{\"@type\":\"ListItem\",\"position\":2,\"name\":\"\u201cTurismo n\u00e1utico \u00e9 o produto \u00e2ncora da rede\u201d de oferta tur\u00edstica de Avis\"}]},{\"@type\":\"WebSite\",\"@id\":\"https:\/\/maismagazine.pt\/#website\",\"url\":\"https:\/\/maismagazine.pt\/\",\"name\":\"Mais Magazine\",\"description\":\"\",\"publisher\":{\"@id\":\"https:\/\/maismagazine.pt\/#organization\"},\"potentialAction\":[{\"@type\":\"SearchAction\",\"target\":{\"@type\":\"EntryPoint\",\"urlTemplate\":\"https:\/\/maismagazine.pt\/?s={search_term_string}\"},\"query-input\":{\"@type\":\"PropertyValueSpecification\",\"valueRequired\":true,\"valueName\":\"search_term_string\"}}],\"inLanguage\":\"pt-PT\"},{\"@type\":\"Organization\",\"@id\":\"https:\/\/maismagazine.pt\/#organization\",\"name\":\"Mais Magazine\",\"url\":\"https:\/\/maismagazine.pt\/\",\"logo\":{\"@type\":\"ImageObject\",\"inLanguage\":\"pt-PT\",\"@id\":\"https:\/\/maismagazine.pt\/#\/schema\/logo\/image\/\",\"url\":\"https:\/\/maismagazine.pt\/wp-content\/uploads\/2020\/04\/cropped-cropped-mais-magazine-site-logo-2.png\",\"contentUrl\":\"https:\/\/maismagazine.pt\/wp-content\/uploads\/2020\/04\/cropped-cropped-mais-magazine-site-logo-2.png\",\"width\":581,\"height\":90,\"caption\":\"Mais Magazine\"},\"image\":{\"@id\":\"https:\/\/maismagazine.pt\/#\/schema\/logo\/image\/\"}},{\"@type\":\"Person\",\"@id\":\"https:\/\/maismagazine.pt\/#\/schema\/person\/999bd426f894ff56d397ec12ebd21ebb\",\"name\":\"Jo\u00e3o Malainho\",\"image\":{\"@type\":\"ImageObject\",\"inLanguage\":\"pt-PT\",\"@id\":\"https:\/\/maismagazine.pt\/#\/schema\/person\/image\/\",\"url\":\"https:\/\/secure.gravatar.com\/avatar\/ff03c2f38edf60b2a827aa4f74878491?s=96&d=mm&r=g\",\"contentUrl\":\"https:\/\/secure.gravatar.com\/avatar\/ff03c2f38edf60b2a827aa4f74878491?s=96&d=mm&r=g\",\"caption\":\"Jo\u00e3o Malainho\"},\"url\":\"https:\/\/maismagazine.pt\/index.php\/author\/maismagazine\/\"}]}<\/script>\n<!-- \/ Yoast SEO plugin. -->","yoast_head_json":{"title":"\u201cTurismo n\u00e1utico \u00e9 o produto \u00e2ncora da rede\u201d de oferta tur\u00edstica de Avis - Mais Magazine","description":"Esta\u00e7\u00e3o N\u00e1utica de Avis","robots":{"index":"index","follow":"follow","max-snippet":"max-snippet:-1","max-image-preview":"max-image-preview:large","max-video-preview":"max-video-preview:-1"},"canonical":"https:\/\/maismagazine.pt\/index.php\/2022\/07\/15\/turismo-nautico-e-o-produto-ancora-da-rede-de-oferta-turistica-de-avis\/","og_locale":"pt_PT","og_type":"article","og_title":"\u201cTurismo n\u00e1utico \u00e9 o produto \u00e2ncora da rede\u201d de oferta tur\u00edstica de Avis - Mais Magazine","og_description":"Esta\u00e7\u00e3o N\u00e1utica de Avis","og_url":"https:\/\/maismagazine.pt\/index.php\/2022\/07\/15\/turismo-nautico-e-o-produto-ancora-da-rede-de-oferta-turistica-de-avis\/","og_site_name":"Mais Magazine","article_published_time":"2022-07-15T06:00:00+00:00","og_image":[{"width":2560,"height":1707,"url":"https:\/\/maismagazine.pt\/wp-content\/uploads\/2022\/07\/Remo-scaled.jpg","type":"image\/jpeg"}],"author":"Jo\u00e3o Malainho","twitter_card":"summary_large_image","twitter_misc":{"Escrito por":false,"Tempo estimado de leitura":"2 minutos"},"schema":{"@context":"https:\/\/schema.org","@graph":[{"@type":"Article","@id":"https:\/\/maismagazine.pt\/index.php\/2022\/07\/15\/turismo-nautico-e-o-produto-ancora-da-rede-de-oferta-turistica-de-avis\/#article","isPartOf":{"@id":"https:\/\/maismagazine.pt\/index.php\/2022\/07\/15\/turismo-nautico-e-o-produto-ancora-da-rede-de-oferta-turistica-de-avis\/"},"author":{"name":"Jo\u00e3o Malainho","@id":"https:\/\/maismagazine.pt\/#\/schema\/person\/999bd426f894ff56d397ec12ebd21ebb"},"headline":"\u201cTurismo n\u00e1utico \u00e9 o produto \u00e2ncora da rede\u201d de oferta tur\u00edstica de Avis","datePublished":"2022-07-15T06:00:00+00:00","mainEntityOfPage":{"@id":"https:\/\/maismagazine.pt\/index.php\/2022\/07\/15\/turismo-nautico-e-o-produto-ancora-da-rede-de-oferta-turistica-de-avis\/"},"wordCount":420,"commentCount":0,"publisher":{"@id":"https:\/\/maismagazine.pt\/#organization"},"image":{"@id":"https:\/\/maismagazine.pt\/index.php\/2022\/07\/15\/turismo-nautico-e-o-produto-ancora-da-rede-de-oferta-turistica-de-avis\/#primaryimage"},"thumbnailUrl":"https:\/\/maismagazine.pt\/wp-content\/uploads\/2022\/07\/Remo-scaled.jpg","keywords":["Esta\u00e7\u00e3o N\u00e1utica de Avis","n\u00e1utico","Turismo"],"articleSection":["Turismo | Vinhos | Gastronomia"],"inLanguage":"pt-PT","potentialAction":[{"@type":"CommentAction","name":"Comment","target":["https:\/\/maismagazine.pt\/index.php\/2022\/07\/15\/turismo-nautico-e-o-produto-ancora-da-rede-de-oferta-turistica-de-avis\/#respond"]}]},{"@type":"WebPage","@id":"https:\/\/maismagazine.pt\/index.php\/2022\/07\/15\/turismo-nautico-e-o-produto-ancora-da-rede-de-oferta-turistica-de-avis\/","url":"https:\/\/maismagazine.pt\/index.php\/2022\/07\/15\/turismo-nautico-e-o-produto-ancora-da-rede-de-oferta-turistica-de-avis\/","name":"\u201cTurismo n\u00e1utico \u00e9 o produto \u00e2ncora da rede\u201d de oferta tur\u00edstica de Avis - Mais Magazine","isPartOf":{"@id":"https:\/\/maismagazine.pt\/#website"},"primaryImageOfPage":{"@id":"https:\/\/maismagazine.pt\/index.php\/2022\/07\/15\/turismo-nautico-e-o-produto-ancora-da-rede-de-oferta-turistica-de-avis\/#primaryimage"},"image":{"@id":"https:\/\/maismagazine.pt\/index.php\/2022\/07\/15\/turismo-nautico-e-o-produto-ancora-da-rede-de-oferta-turistica-de-avis\/#primaryimage"},"thumbnailUrl":"https:\/\/maismagazine.pt\/wp-content\/uploads\/2022\/07\/Remo-scaled.jpg","datePublished":"2022-07-15T06:00:00+00:00","description":"Esta\u00e7\u00e3o N\u00e1utica de Avis","breadcrumb":{"@id":"https:\/\/maismagazine.pt\/index.php\/2022\/07\/15\/turismo-nautico-e-o-produto-ancora-da-rede-de-oferta-turistica-de-avis\/#breadcrumb"},"inLanguage":"pt-PT","potentialAction":[{"@type":"ReadAction","target":["https:\/\/maismagazine.pt\/index.php\/2022\/07\/15\/turismo-nautico-e-o-produto-ancora-da-rede-de-oferta-turistica-de-avis\/"]}]},{"@type":"ImageObject","inLanguage":"pt-PT","@id":"https:\/\/maismagazine.pt\/index.php\/2022\/07\/15\/turismo-nautico-e-o-produto-ancora-da-rede-de-oferta-turistica-de-avis\/#primaryimage","url":"https:\/\/maismagazine.pt\/wp-content\/uploads\/2022\/07\/Remo-scaled.jpg","contentUrl":"https:\/\/maismagazine.pt\/wp-content\/uploads\/2022\/07\/Remo-scaled.jpg","width":2560,"height":1707},{"@type":"BreadcrumbList","@id":"https:\/\/maismagazine.pt\/index.php\/2022\/07\/15\/turismo-nautico-e-o-produto-ancora-da-rede-de-oferta-turistica-de-avis\/#breadcrumb","itemListElement":[{"@type":"ListItem","position":1,"name":"Home","item":"https:\/\/maismagazine.pt\/"},{"@type":"ListItem","position":2,"name":"\u201cTurismo n\u00e1utico \u00e9 o produto \u00e2ncora da rede\u201d de oferta tur\u00edstica de Avis"}]},{"@type":"WebSite","@id":"https:\/\/maismagazine.pt\/#website","url":"https:\/\/maismagazine.pt\/","name":"Mais Magazine","description":"","publisher":{"@id":"https:\/\/maismagazine.pt\/#organization"},"potentialAction":[{"@type":"SearchAction","target":{"@type":"EntryPoint","urlTemplate":"https:\/\/maismagazine.pt\/?s={search_term_string}"},"query-input":{"@type":"PropertyValueSpecification","valueRequired":true,"valueName":"search_term_string"}}],"inLanguage":"pt-PT"},{"@type":"Organization","@id":"https:\/\/maismagazine.pt\/#organization","name":"Mais Magazine","url":"https:\/\/maismagazine.pt\/","logo":{"@type":"ImageObject","inLanguage":"pt-PT","@id":"https:\/\/maismagazine.pt\/#\/schema\/logo\/image\/","url":"https:\/\/maismagazine.pt\/wp-content\/uploads\/2020\/04\/cropped-cropped-mais-magazine-site-logo-2.png","contentUrl":"https:\/\/maismagazine.pt\/wp-content\/uploads\/2020\/04\/cropped-cropped-mais-magazine-site-logo-2.png","width":581,"height":90,"caption":"Mais Magazine"},"image":{"@id":"https:\/\/maismagazine.pt\/#\/schema\/logo\/image\/"}},{"@type":"Person","@id":"https:\/\/maismagazine.pt\/#\/schema\/person\/999bd426f894ff56d397ec12ebd21ebb","name":"Jo\u00e3o Malainho","image":{"@type":"ImageObject","inLanguage":"pt-PT","@id":"https:\/\/maismagazine.pt\/#\/schema\/person\/image\/","url":"https:\/\/secure.gravatar.com\/avatar\/ff03c2f38edf60b2a827aa4f74878491?s=96&d=mm&r=g","contentUrl":"https:\/\/secure.gravatar.com\/avatar\/ff03c2f38edf60b2a827aa4f74878491?s=96&d=mm&r=g","caption":"Jo\u00e3o Malainho"},"url":"https:\/\/maismagazine.pt\/index.php\/author\/maismagazine\/"}]}},"author_meta":{"display_name":false,"author_link":"https:\/\/maismagazine.pt\/index.php\/author\/maismagazine\/"},"featured_img":"https:\/\/maismagazine.pt\/wp-content\/uploads\/2022\/07\/Remo-300x200.jpg","coauthors":[],"tax_additional":{"categories":{"linked":["<a href=\"https:\/\/maismagazine.pt\/index.php\/category\/turismo-restaurantes\/\" class=\"advgb-post-tax-term\">Turismo | Vinhos | Gastronomia<\/a>"],"unlinked":["<span class=\"advgb-post-tax-term\">Turismo | Vinhos | Gastronomia<\/span>"]},"tags":{"linked":["<a href=\"https:\/\/maismagazine.pt\/index.php\/category\/turismo-restaurantes\/\" class=\"advgb-post-tax-term\">Esta\u00e7\u00e3o N\u00e1utica de Avis<\/a>","<a href=\"https:\/\/maismagazine.pt\/index.php\/category\/turismo-restaurantes\/\" class=\"advgb-post-tax-term\">n\u00e1utico<\/a>","<a href=\"https:\/\/maismagazine.pt\/index.php\/category\/turismo-restaurantes\/\" class=\"advgb-post-tax-term\">Turismo<\/a>"],"unlinked":["<span class=\"advgb-post-tax-term\">Esta\u00e7\u00e3o N\u00e1utica de Avis<\/span>","<span class=\"advgb-post-tax-term\">n\u00e1utico<\/span>","<span class=\"advgb-post-tax-term\">Turismo<\/span>"]}},"comment_count":"0","relative_dates":{"created":"Posted 4 anos ago","modified":"Updated 4 anos ago"},"absolute_dates":{"created":"Posted on 15 de Julho, 2022","modified":"Updated on 11 de Julho, 2022"},"absolute_dates_time":{"created":"Posted on 15 de Julho, 2022 7:00","modified":"Updated on 11 de Julho, 2022 11:43"},"featured_img_caption":"","series_order":"","_links":{"self":[{"href":"https:\/\/maismagazine.pt\/index.php\/wp-json\/wp\/v2\/posts\/3816","targetHints":{"allow":["GET"]}}],"collection":[{"href":"https:\/\/maismagazine.pt\/index.php\/wp-json\/wp\/v2\/posts"}],"about":[{"href":"https:\/\/maismagazine.pt\/index.php\/wp-json\/wp\/v2\/types\/post"}],"author":[{"embeddable":true,"href":"https:\/\/maismagazine.pt\/index.php\/wp-json\/wp\/v2\/users\/7"}],"replies":[{"embeddable":true,"href":"https:\/\/maismagazine.pt\/index.php\/wp-json\/wp\/v2\/comments?post=3816"}],"version-history":[{"count":1,"href":"https:\/\/maismagazine.pt\/index.php\/wp-json\/wp\/v2\/posts\/3816\/revisions"}],"predecessor-version":[{"id":3830,"href":"https:\/\/maismagazine.pt\/index.php\/wp-json\/wp\/v2\/posts\/3816\/revisions\/3830"}],"wp:featuredmedia":[{"embeddable":true,"href":"https:\/\/maismagazine.pt\/index.php\/wp-json\/wp\/v2\/media\/3826"}],"wp:attachment":[{"href":"https:\/\/maismagazine.pt\/index.php\/wp-json\/wp\/v2\/media?parent=3816"}],"wp:term":[{"taxonomy":"category","embeddable":true,"href":"https:\/\/maismagazine.pt\/index.php\/wp-json\/wp\/v2\/categories?post=3816"},{"taxonomy":"post_tag","embeddable":true,"href":"https:\/\/maismagazine.pt\/index.php\/wp-json\/wp\/v2\/tags?post=3816"}],"curies":[{"name":"wp","href":"https:\/\/api.w.org\/{rel}","templated":true}]}}