{"id":3674,"date":"2022-05-01T14:37:00","date_gmt":"2022-05-01T13:37:00","guid":{"rendered":"http:\/\/maismagazine.pt\/?p=3674"},"modified":"2022-06-09T15:08:02","modified_gmt":"2022-06-09T14:08:02","slug":"editorial-maio-2022","status":"publish","type":"post","link":"https:\/\/maismagazine.pt\/index.php\/2022\/05\/01\/editorial-maio-2022\/","title":{"rendered":"Editorial | abril 2022"},"content":{"rendered":"\n<p>Deu-se a coincid\u00eancia desta edi\u00e7\u00e3o estar a ser finalizada pouco depois de 24 de mar\u00e7o, data em que a democracia ultrapassou em n\u00famero de dias a ditadura. A ocasi\u00e3o marcou o in\u00edcio das comemora\u00e7\u00f5es oficiais dos 50 anos do 25 de Abril, este ano com uma programa\u00e7\u00e3o mais alargada devido ao anivers\u00e1rio redondo. O balan\u00e7o da &#8220;meia-idade&#8221; da democracia n\u00e3o cabe aqui, mas um dos progressos indiscut\u00edveis foi ao n\u00edvel da educa\u00e7\u00e3o. A ela dedicamos-lhe o merecido espa\u00e7o nesta revista.<\/p>\n\n\n\n<p><\/p>\n\n\n\n<p>Todos nos lembramos das hist\u00f3rias dos pais e av\u00f3s sobre a separa\u00e7\u00e3o por g\u00e9neros nas salas de aulas, a &#8220;pedagogia&#8221; do Estado Novo e do ensino autorit\u00e1rio, com recurso a castigos f\u00edsicos. Decorridos 50 anos, muito mudou na Educa\u00e7\u00e3o que, a par com o Servi\u00e7o Nacional de Sa\u00fade, \u00e9 considerada por muitos a maior conquista da democracia. Mesmo em tempos de pandemia, a Escola parece n\u00e3o ter desiludido. Um inqu\u00e9rito feito pela Deco no ano passado d\u00e1 conta que a institui\u00e7\u00e3o que mais confian\u00e7a inspira nos portugueses, de entre institui\u00e7\u00f5es nacionais e internacionais, \u00e9 o sistema de educa\u00e7\u00e3o p\u00fablico.<\/p>\n\n\n\n<p><\/p>\n\n\n\n<p>Deixamos os testemunhos das escolas que, um pouco por todo o pa\u00eds, trabalham diariamente para garantir um futuro aos seus alunos, mas tamb\u00e9m para formar cidad\u00e3os mais avan\u00e7ados. Afinal os &#8220;quatro pilares&#8221; da Educa\u00e7\u00e3o para a UNESCO definidos em 1999 s\u00e3o: aprender a conhecer, aprender a fazer, aprender a viver juntos e aprender a ser.<\/p>\n\n\n\n<p><\/p>\n\n\n\n<p>\u00a0\u201cSer e ter\u201d (2002) \u00e9 precisamente o t\u00edtulo do document\u00e1rio de Nicolas Philibert, acompanhando ao longo de um ano um professor perto da reforma que ensina crian\u00e7as entre os 4 e 11 anos. Georges Lopez cria uma esp\u00e9cie de bolha onde a afetividade e a compreens\u00e3o t\u00eam como resposta o respeito dos alunos. Uma sala de aula que contrasta com a geografia e o clima frio daquela regi\u00e3o de Auvergne. Temos vislumbres da vida das crian\u00e7as na comunidade rural, a ajudar os pais no trabalho, o modo como estes t\u00eam de ser sensibilizados para um tipo de educa\u00e7\u00e3o diferente daquela que tiveram.<\/p>\n\n\n\n<p><\/p>\n\n\n\n<p>N\u00e3o h\u00e1 como n\u00e3o projetar neste professor o idealismo de quem se recusa a aceitar que o ponto de partida de uma vida tem de definir o resto dela. Afinal esta \u00e9 tamb\u00e9m uma li\u00e7\u00e3o e uma conquista de Abril.<\/p>\n","protected":false},"excerpt":{"rendered":"<p>Deu-se a coincid\u00eancia desta edi\u00e7\u00e3o estar a ser finalizada pouco depois de 24 de mar\u00e7o, data em que a democracia ultrapassou em n\u00famero de dias a ditadura. A ocasi\u00e3o marcou o in\u00edcio das comemora\u00e7\u00f5es oficiais dos 50 anos do 25 de Abril, este ano com uma programa\u00e7\u00e3o mais alargada devido&hellip;<\/p>\n","protected":false},"author":7,"featured_media":3677,"comment_status":"open","ping_status":"open","sticky":false,"template":"","format":"standard","meta":{"advgb_blocks_editor_width":"","advgb_blocks_columns_visual_guide":"","_monsterinsights_skip_tracking":false,"_monsterinsights_sitenote_active":false,"_monsterinsights_sitenote_note":"","_monsterinsights_sitenote_category":0,"footnotes":""},"categories":[815],"tags":[816,817,818],"class_list":["post-3674","post","type-post","status-publish","format-standard","has-post-thumbnail","hentry","category-editoriais","tag-editorial","tag-joao","tag-malainho"],"yoast_head":"<!-- This site is optimized with the Yoast SEO plugin v24.4 - https:\/\/yoast.com\/wordpress\/plugins\/seo\/ -->\n<title>Editorial | abril 2022 - Mais Magazine<\/title>\n<meta name=\"description\" content=\"N\u00e3o h\u00e1 como n\u00e3o projetar neste professor o idealismo de quem se recusa a aceitar que o ponto de partida de uma vida tem de definir o resto dela.\" \/>\n<meta name=\"robots\" content=\"index, follow, max-snippet:-1, max-image-preview:large, max-video-preview:-1\" \/>\n<link rel=\"canonical\" href=\"https:\/\/maismagazine.pt\/index.php\/2022\/05\/01\/editorial-maio-2022\/\" \/>\n<meta property=\"og:locale\" content=\"pt_PT\" \/>\n<meta property=\"og:type\" content=\"article\" \/>\n<meta property=\"og:title\" content=\"Editorial | abril 2022 - Mais Magazine\" \/>\n<meta property=\"og:description\" content=\"N\u00e3o h\u00e1 como n\u00e3o projetar neste professor o idealismo de quem se recusa a aceitar que o ponto de partida de uma vida tem de definir o resto dela.\" \/>\n<meta property=\"og:url\" content=\"https:\/\/maismagazine.pt\/index.php\/2022\/05\/01\/editorial-maio-2022\/\" \/>\n<meta property=\"og:site_name\" content=\"Mais Magazine\" \/>\n<meta property=\"article:published_time\" content=\"2022-05-01T13:37:00+00:00\" \/>\n<meta property=\"article:modified_time\" content=\"2022-06-09T14:08:02+00:00\" \/>\n<meta property=\"og:image\" content=\"https:\/\/maismagazine.pt\/wp-content\/uploads\/2022\/05\/Facebook-cover-MAIS-ABR2022.jpg\" \/>\n\t<meta property=\"og:image:width\" content=\"1640\" \/>\n\t<meta property=\"og:image:height\" content=\"720\" \/>\n\t<meta property=\"og:image:type\" content=\"image\/jpeg\" \/>\n<meta name=\"author\" content=\"Jo\u00e3o Malainho\" \/>\n<meta name=\"twitter:card\" content=\"summary_large_image\" \/>\n<meta name=\"twitter:label1\" content=\"Escrito por\" \/>\n\t<meta name=\"twitter:data1\" content=\"\" \/>\n\t<meta name=\"twitter:label2\" content=\"Tempo estimado de leitura\" \/>\n\t<meta name=\"twitter:data2\" content=\"2 minutos\" \/>\n<script type=\"application\/ld+json\" class=\"yoast-schema-graph\">{\"@context\":\"https:\/\/schema.org\",\"@graph\":[{\"@type\":\"Article\",\"@id\":\"https:\/\/maismagazine.pt\/index.php\/2022\/05\/01\/editorial-maio-2022\/#article\",\"isPartOf\":{\"@id\":\"https:\/\/maismagazine.pt\/index.php\/2022\/05\/01\/editorial-maio-2022\/\"},\"author\":{\"name\":\"Jo\u00e3o Malainho\",\"@id\":\"https:\/\/maismagazine.pt\/#\/schema\/person\/999bd426f894ff56d397ec12ebd21ebb\"},\"headline\":\"Editorial | abril 2022\",\"datePublished\":\"2022-05-01T13:37:00+00:00\",\"dateModified\":\"2022-06-09T14:08:02+00:00\",\"mainEntityOfPage\":{\"@id\":\"https:\/\/maismagazine.pt\/index.php\/2022\/05\/01\/editorial-maio-2022\/\"},\"wordCount\":417,\"commentCount\":0,\"publisher\":{\"@id\":\"https:\/\/maismagazine.pt\/#organization\"},\"image\":{\"@id\":\"https:\/\/maismagazine.pt\/index.php\/2022\/05\/01\/editorial-maio-2022\/#primaryimage\"},\"thumbnailUrl\":\"https:\/\/maismagazine.pt\/wp-content\/uploads\/2022\/05\/Facebook-cover-MAIS-ABR2022.jpg\",\"keywords\":[\"editorial\",\"jo\u00e3o\",\"malainho\"],\"articleSection\":[\"Editoriais\"],\"inLanguage\":\"pt-PT\",\"potentialAction\":[{\"@type\":\"CommentAction\",\"name\":\"Comment\",\"target\":[\"https:\/\/maismagazine.pt\/index.php\/2022\/05\/01\/editorial-maio-2022\/#respond\"]}]},{\"@type\":\"WebPage\",\"@id\":\"https:\/\/maismagazine.pt\/index.php\/2022\/05\/01\/editorial-maio-2022\/\",\"url\":\"https:\/\/maismagazine.pt\/index.php\/2022\/05\/01\/editorial-maio-2022\/\",\"name\":\"Editorial | abril 2022 - Mais Magazine\",\"isPartOf\":{\"@id\":\"https:\/\/maismagazine.pt\/#website\"},\"primaryImageOfPage\":{\"@id\":\"https:\/\/maismagazine.pt\/index.php\/2022\/05\/01\/editorial-maio-2022\/#primaryimage\"},\"image\":{\"@id\":\"https:\/\/maismagazine.pt\/index.php\/2022\/05\/01\/editorial-maio-2022\/#primaryimage\"},\"thumbnailUrl\":\"https:\/\/maismagazine.pt\/wp-content\/uploads\/2022\/05\/Facebook-cover-MAIS-ABR2022.jpg\",\"datePublished\":\"2022-05-01T13:37:00+00:00\",\"dateModified\":\"2022-06-09T14:08:02+00:00\",\"description\":\"N\u00e3o h\u00e1 como n\u00e3o projetar neste professor o idealismo de quem se recusa a aceitar que o ponto de partida de uma vida tem de definir o resto dela.\",\"breadcrumb\":{\"@id\":\"https:\/\/maismagazine.pt\/index.php\/2022\/05\/01\/editorial-maio-2022\/#breadcrumb\"},\"inLanguage\":\"pt-PT\",\"potentialAction\":[{\"@type\":\"ReadAction\",\"target\":[\"https:\/\/maismagazine.pt\/index.php\/2022\/05\/01\/editorial-maio-2022\/\"]}]},{\"@type\":\"ImageObject\",\"inLanguage\":\"pt-PT\",\"@id\":\"https:\/\/maismagazine.pt\/index.php\/2022\/05\/01\/editorial-maio-2022\/#primaryimage\",\"url\":\"https:\/\/maismagazine.pt\/wp-content\/uploads\/2022\/05\/Facebook-cover-MAIS-ABR2022.jpg\",\"contentUrl\":\"https:\/\/maismagazine.pt\/wp-content\/uploads\/2022\/05\/Facebook-cover-MAIS-ABR2022.jpg\",\"width\":1640,\"height\":720},{\"@type\":\"BreadcrumbList\",\"@id\":\"https:\/\/maismagazine.pt\/index.php\/2022\/05\/01\/editorial-maio-2022\/#breadcrumb\",\"itemListElement\":[{\"@type\":\"ListItem\",\"position\":1,\"name\":\"Home\",\"item\":\"https:\/\/maismagazine.pt\/\"},{\"@type\":\"ListItem\",\"position\":2,\"name\":\"Editorial | abril 2022\"}]},{\"@type\":\"WebSite\",\"@id\":\"https:\/\/maismagazine.pt\/#website\",\"url\":\"https:\/\/maismagazine.pt\/\",\"name\":\"Mais Magazine\",\"description\":\"\",\"publisher\":{\"@id\":\"https:\/\/maismagazine.pt\/#organization\"},\"potentialAction\":[{\"@type\":\"SearchAction\",\"target\":{\"@type\":\"EntryPoint\",\"urlTemplate\":\"https:\/\/maismagazine.pt\/?s={search_term_string}\"},\"query-input\":{\"@type\":\"PropertyValueSpecification\",\"valueRequired\":true,\"valueName\":\"search_term_string\"}}],\"inLanguage\":\"pt-PT\"},{\"@type\":\"Organization\",\"@id\":\"https:\/\/maismagazine.pt\/#organization\",\"name\":\"Mais Magazine\",\"url\":\"https:\/\/maismagazine.pt\/\",\"logo\":{\"@type\":\"ImageObject\",\"inLanguage\":\"pt-PT\",\"@id\":\"https:\/\/maismagazine.pt\/#\/schema\/logo\/image\/\",\"url\":\"https:\/\/maismagazine.pt\/wp-content\/uploads\/2020\/04\/cropped-cropped-mais-magazine-site-logo-2.png\",\"contentUrl\":\"https:\/\/maismagazine.pt\/wp-content\/uploads\/2020\/04\/cropped-cropped-mais-magazine-site-logo-2.png\",\"width\":581,\"height\":90,\"caption\":\"Mais Magazine\"},\"image\":{\"@id\":\"https:\/\/maismagazine.pt\/#\/schema\/logo\/image\/\"}},{\"@type\":\"Person\",\"@id\":\"https:\/\/maismagazine.pt\/#\/schema\/person\/999bd426f894ff56d397ec12ebd21ebb\",\"name\":\"Jo\u00e3o Malainho\",\"image\":{\"@type\":\"ImageObject\",\"inLanguage\":\"pt-PT\",\"@id\":\"https:\/\/maismagazine.pt\/#\/schema\/person\/image\/\",\"url\":\"https:\/\/secure.gravatar.com\/avatar\/ff03c2f38edf60b2a827aa4f74878491?s=96&d=mm&r=g\",\"contentUrl\":\"https:\/\/secure.gravatar.com\/avatar\/ff03c2f38edf60b2a827aa4f74878491?s=96&d=mm&r=g\",\"caption\":\"Jo\u00e3o Malainho\"},\"url\":\"https:\/\/maismagazine.pt\/index.php\/author\/maismagazine\/\"}]}<\/script>\n<!-- \/ Yoast SEO plugin. -->","yoast_head_json":{"title":"Editorial | abril 2022 - Mais Magazine","description":"N\u00e3o h\u00e1 como n\u00e3o projetar neste professor o idealismo de quem se recusa a aceitar que o ponto de partida de uma vida tem de definir o resto dela.","robots":{"index":"index","follow":"follow","max-snippet":"max-snippet:-1","max-image-preview":"max-image-preview:large","max-video-preview":"max-video-preview:-1"},"canonical":"https:\/\/maismagazine.pt\/index.php\/2022\/05\/01\/editorial-maio-2022\/","og_locale":"pt_PT","og_type":"article","og_title":"Editorial | abril 2022 - Mais Magazine","og_description":"N\u00e3o h\u00e1 como n\u00e3o projetar neste professor o idealismo de quem se recusa a aceitar que o ponto de partida de uma vida tem de definir o resto dela.","og_url":"https:\/\/maismagazine.pt\/index.php\/2022\/05\/01\/editorial-maio-2022\/","og_site_name":"Mais Magazine","article_published_time":"2022-05-01T13:37:00+00:00","article_modified_time":"2022-06-09T14:08:02+00:00","og_image":[{"width":1640,"height":720,"url":"https:\/\/maismagazine.pt\/wp-content\/uploads\/2022\/05\/Facebook-cover-MAIS-ABR2022.jpg","type":"image\/jpeg"}],"author":"Jo\u00e3o Malainho","twitter_card":"summary_large_image","twitter_misc":{"Escrito por":false,"Tempo estimado de leitura":"2 minutos"},"schema":{"@context":"https:\/\/schema.org","@graph":[{"@type":"Article","@id":"https:\/\/maismagazine.pt\/index.php\/2022\/05\/01\/editorial-maio-2022\/#article","isPartOf":{"@id":"https:\/\/maismagazine.pt\/index.php\/2022\/05\/01\/editorial-maio-2022\/"},"author":{"name":"Jo\u00e3o Malainho","@id":"https:\/\/maismagazine.pt\/#\/schema\/person\/999bd426f894ff56d397ec12ebd21ebb"},"headline":"Editorial | abril 2022","datePublished":"2022-05-01T13:37:00+00:00","dateModified":"2022-06-09T14:08:02+00:00","mainEntityOfPage":{"@id":"https:\/\/maismagazine.pt\/index.php\/2022\/05\/01\/editorial-maio-2022\/"},"wordCount":417,"commentCount":0,"publisher":{"@id":"https:\/\/maismagazine.pt\/#organization"},"image":{"@id":"https:\/\/maismagazine.pt\/index.php\/2022\/05\/01\/editorial-maio-2022\/#primaryimage"},"thumbnailUrl":"https:\/\/maismagazine.pt\/wp-content\/uploads\/2022\/05\/Facebook-cover-MAIS-ABR2022.jpg","keywords":["editorial","jo\u00e3o","malainho"],"articleSection":["Editoriais"],"inLanguage":"pt-PT","potentialAction":[{"@type":"CommentAction","name":"Comment","target":["https:\/\/maismagazine.pt\/index.php\/2022\/05\/01\/editorial-maio-2022\/#respond"]}]},{"@type":"WebPage","@id":"https:\/\/maismagazine.pt\/index.php\/2022\/05\/01\/editorial-maio-2022\/","url":"https:\/\/maismagazine.pt\/index.php\/2022\/05\/01\/editorial-maio-2022\/","name":"Editorial | abril 2022 - Mais Magazine","isPartOf":{"@id":"https:\/\/maismagazine.pt\/#website"},"primaryImageOfPage":{"@id":"https:\/\/maismagazine.pt\/index.php\/2022\/05\/01\/editorial-maio-2022\/#primaryimage"},"image":{"@id":"https:\/\/maismagazine.pt\/index.php\/2022\/05\/01\/editorial-maio-2022\/#primaryimage"},"thumbnailUrl":"https:\/\/maismagazine.pt\/wp-content\/uploads\/2022\/05\/Facebook-cover-MAIS-ABR2022.jpg","datePublished":"2022-05-01T13:37:00+00:00","dateModified":"2022-06-09T14:08:02+00:00","description":"N\u00e3o h\u00e1 como n\u00e3o projetar neste professor o idealismo de quem se recusa a aceitar que o ponto de partida de uma vida tem de definir o resto dela.","breadcrumb":{"@id":"https:\/\/maismagazine.pt\/index.php\/2022\/05\/01\/editorial-maio-2022\/#breadcrumb"},"inLanguage":"pt-PT","potentialAction":[{"@type":"ReadAction","target":["https:\/\/maismagazine.pt\/index.php\/2022\/05\/01\/editorial-maio-2022\/"]}]},{"@type":"ImageObject","inLanguage":"pt-PT","@id":"https:\/\/maismagazine.pt\/index.php\/2022\/05\/01\/editorial-maio-2022\/#primaryimage","url":"https:\/\/maismagazine.pt\/wp-content\/uploads\/2022\/05\/Facebook-cover-MAIS-ABR2022.jpg","contentUrl":"https:\/\/maismagazine.pt\/wp-content\/uploads\/2022\/05\/Facebook-cover-MAIS-ABR2022.jpg","width":1640,"height":720},{"@type":"BreadcrumbList","@id":"https:\/\/maismagazine.pt\/index.php\/2022\/05\/01\/editorial-maio-2022\/#breadcrumb","itemListElement":[{"@type":"ListItem","position":1,"name":"Home","item":"https:\/\/maismagazine.pt\/"},{"@type":"ListItem","position":2,"name":"Editorial | abril 2022"}]},{"@type":"WebSite","@id":"https:\/\/maismagazine.pt\/#website","url":"https:\/\/maismagazine.pt\/","name":"Mais Magazine","description":"","publisher":{"@id":"https:\/\/maismagazine.pt\/#organization"},"potentialAction":[{"@type":"SearchAction","target":{"@type":"EntryPoint","urlTemplate":"https:\/\/maismagazine.pt\/?s={search_term_string}"},"query-input":{"@type":"PropertyValueSpecification","valueRequired":true,"valueName":"search_term_string"}}],"inLanguage":"pt-PT"},{"@type":"Organization","@id":"https:\/\/maismagazine.pt\/#organization","name":"Mais Magazine","url":"https:\/\/maismagazine.pt\/","logo":{"@type":"ImageObject","inLanguage":"pt-PT","@id":"https:\/\/maismagazine.pt\/#\/schema\/logo\/image\/","url":"https:\/\/maismagazine.pt\/wp-content\/uploads\/2020\/04\/cropped-cropped-mais-magazine-site-logo-2.png","contentUrl":"https:\/\/maismagazine.pt\/wp-content\/uploads\/2020\/04\/cropped-cropped-mais-magazine-site-logo-2.png","width":581,"height":90,"caption":"Mais Magazine"},"image":{"@id":"https:\/\/maismagazine.pt\/#\/schema\/logo\/image\/"}},{"@type":"Person","@id":"https:\/\/maismagazine.pt\/#\/schema\/person\/999bd426f894ff56d397ec12ebd21ebb","name":"Jo\u00e3o Malainho","image":{"@type":"ImageObject","inLanguage":"pt-PT","@id":"https:\/\/maismagazine.pt\/#\/schema\/person\/image\/","url":"https:\/\/secure.gravatar.com\/avatar\/ff03c2f38edf60b2a827aa4f74878491?s=96&d=mm&r=g","contentUrl":"https:\/\/secure.gravatar.com\/avatar\/ff03c2f38edf60b2a827aa4f74878491?s=96&d=mm&r=g","caption":"Jo\u00e3o Malainho"},"url":"https:\/\/maismagazine.pt\/index.php\/author\/maismagazine\/"}]}},"author_meta":{"display_name":false,"author_link":"https:\/\/maismagazine.pt\/index.php\/author\/maismagazine\/"},"featured_img":"https:\/\/maismagazine.pt\/wp-content\/uploads\/2022\/05\/Facebook-cover-MAIS-ABR2022-300x132.jpg","coauthors":[],"tax_additional":{"categories":{"linked":["<a href=\"https:\/\/maismagazine.pt\/index.php\/category\/editoriais\/\" class=\"advgb-post-tax-term\">Editoriais<\/a>"],"unlinked":["<span class=\"advgb-post-tax-term\">Editoriais<\/span>"]},"tags":{"linked":["<a href=\"https:\/\/maismagazine.pt\/index.php\/category\/editoriais\/\" class=\"advgb-post-tax-term\">editorial<\/a>","<a href=\"https:\/\/maismagazine.pt\/index.php\/category\/editoriais\/\" class=\"advgb-post-tax-term\">jo\u00e3o<\/a>","<a href=\"https:\/\/maismagazine.pt\/index.php\/category\/editoriais\/\" class=\"advgb-post-tax-term\">malainho<\/a>"],"unlinked":["<span class=\"advgb-post-tax-term\">editorial<\/span>","<span class=\"advgb-post-tax-term\">jo\u00e3o<\/span>","<span class=\"advgb-post-tax-term\">malainho<\/span>"]}},"comment_count":"0","relative_dates":{"created":"Posted 4 anos ago","modified":"Updated 4 anos ago"},"absolute_dates":{"created":"Posted on 1 de Maio, 2022","modified":"Updated on 9 de Junho, 2022"},"absolute_dates_time":{"created":"Posted on 1 de Maio, 2022 14:37","modified":"Updated on 9 de Junho, 2022 15:08"},"featured_img_caption":"","series_order":"","_links":{"self":[{"href":"https:\/\/maismagazine.pt\/index.php\/wp-json\/wp\/v2\/posts\/3674","targetHints":{"allow":["GET"]}}],"collection":[{"href":"https:\/\/maismagazine.pt\/index.php\/wp-json\/wp\/v2\/posts"}],"about":[{"href":"https:\/\/maismagazine.pt\/index.php\/wp-json\/wp\/v2\/types\/post"}],"author":[{"embeddable":true,"href":"https:\/\/maismagazine.pt\/index.php\/wp-json\/wp\/v2\/users\/7"}],"replies":[{"embeddable":true,"href":"https:\/\/maismagazine.pt\/index.php\/wp-json\/wp\/v2\/comments?post=3674"}],"version-history":[{"count":2,"href":"https:\/\/maismagazine.pt\/index.php\/wp-json\/wp\/v2\/posts\/3674\/revisions"}],"predecessor-version":[{"id":3678,"href":"https:\/\/maismagazine.pt\/index.php\/wp-json\/wp\/v2\/posts\/3674\/revisions\/3678"}],"wp:featuredmedia":[{"embeddable":true,"href":"https:\/\/maismagazine.pt\/index.php\/wp-json\/wp\/v2\/media\/3677"}],"wp:attachment":[{"href":"https:\/\/maismagazine.pt\/index.php\/wp-json\/wp\/v2\/media?parent=3674"}],"wp:term":[{"taxonomy":"category","embeddable":true,"href":"https:\/\/maismagazine.pt\/index.php\/wp-json\/wp\/v2\/categories?post=3674"},{"taxonomy":"post_tag","embeddable":true,"href":"https:\/\/maismagazine.pt\/index.php\/wp-json\/wp\/v2\/tags?post=3674"}],"curies":[{"name":"wp","href":"https:\/\/api.w.org\/{rel}","templated":true}]}}