{"id":3583,"date":"2022-06-09T07:00:00","date_gmt":"2022-06-09T06:00:00","guid":{"rendered":"https:\/\/maismagazine.pt\/?p=3583"},"modified":"2022-06-01T15:03:00","modified_gmt":"2022-06-01T14:03:00","slug":"praias-de-vagos-fazem-historia-ao-serem-novamente-galardoadas-com-bandeira-azul","status":"publish","type":"post","link":"https:\/\/maismagazine.pt\/index.php\/2022\/06\/09\/praias-de-vagos-fazem-historia-ao-serem-novamente-galardoadas-com-bandeira-azul\/","title":{"rendered":"Praias de Vagos fazem hist\u00f3ria ao serem novamente galardoadas com Bandeira Azul"},"content":{"rendered":"\n<p><strong>O Munic\u00edpio de Vagos foi, uma vez mais, agraciado com duas Bandeiras Azuis. Desta feita, as Praias da Vagueira e do Are\u00e3o voltaram a ser premiadas, naquela que \u00e9 a iniciativa que mais contribui para o desenvolvimento sustent\u00e1vel em praias costeiras, fluviais e lacustres, portos de recreio e marinas. Gra\u00e7as \u00e0s cont\u00ednuas boas pr\u00e1ticas ambientais, \u00e0 qualidade da \u00e1gua, \u00e0 boa gest\u00e3o da zona balnear, aos bons servi\u00e7os e seguran\u00e7a, as praias da Vagueira e do Are\u00e3o ostentam h\u00e1 33 e 14 anos, respetivamente, o Galard\u00e3o Bandeira Azul.<\/strong><\/p>\n\n\n\n<p><\/p>\n\n\n\n<p>A ABAE galardoou este ano 393 praias, mais 21 do que no ano passado. Da lista fazem novamente parte, como j\u00e1 vem sendo tradi\u00e7\u00e3o, as Praias da Vagueira e do Are\u00e3o, que ostentam o Galard\u00e3o Bandeira Azul desde 1989 e 2008, respetivamente. Para Silv\u00e9rio Regalado, Presidente da C\u00e2mara Municipal de <a href=\"http:\/\/www.cm-vagos.pt\" target=\"_blank\" rel=\"noreferrer noopener\">Vagos<\/a>, alcan\u00e7ar uma vez mais esta distin\u00e7\u00e3o, que reconhece e visa premiar a ado\u00e7\u00e3o de boas pr\u00e1ticas no dom\u00ednio da sustentabilidade, na preserva\u00e7\u00e3o do ambiente marinho, costeiro e lacustre, \u00e9 uma honra para o munic\u00edpio e o reflexo do trabalho desenvolvido no sentido de cumprir um conjunto de crit\u00e9rios de natureza ambiental, de seguran\u00e7a e conforto dos utilizadores da praia e de informa\u00e7\u00e3o e sensibiliza\u00e7\u00e3o ambiental. \u201cFazemos tudo o que est\u00e1 ao nosso alcance para oferecer uma excelente experi\u00eancia a quem nos visita. N\u00e3o \u00e9 por acaso que chamamos a \u2018melhor praia do mundo\u2019, \u00e0 nossa Praia da Vagueira. Esta forma carinhosa como definimos a nossa praia \u00e9, no fundo, uma forma de destacarmos a qualidade das nossas praias e as experi\u00eancias fant\u00e1sticas que podemos vivenciar aqui\u201d.<\/p>\n\n\n\n<p>No \u00e2mbito do Programa Bandeira Azul s\u00e3o desenvolvidas, anualmente, em Vagos in\u00fameras atividades de Educa\u00e7\u00e3o Ambiental, atrav\u00e9s das quais o munic\u00edpio pretende elucidar e sensibilizar a popula\u00e7\u00e3o para a defesa do meio ambiente, mas tamb\u00e9m proteger, conservar e recuperar o seu inestim\u00e1vel patrim\u00f3nio natural. \u201cApostamos no desenvolvimento de atividades abrangentes a toda a comunidade, abordando os mais diversificados temas\u201d. Atrav\u00e9s da promo\u00e7\u00e3o de uma participa\u00e7\u00e3o mais ativa dos vaguenses nas iniciativas em prol do meio ambiente, o munic\u00edpio pretende refor\u00e7ar ainda mais a sua caminhada na cria\u00e7\u00e3o de um territ\u00f3rio mais sustent\u00e1vel. \u201cSabemos que as nossas a\u00e7\u00f5es t\u00eam repercuss\u00f5es, por isso acreditamos que a altera\u00e7\u00e3o de alguns comportamentos pode contribuir para a mitiga\u00e7\u00e3o das altera\u00e7\u00f5es clim\u00e1ticas. O nosso papel \u00e9 fornecer ferramentas aos nossos mun\u00edcipes e tornar o territ\u00f3rio mais sustent\u00e1vel. Sabemos que o desafio que temos pela frente \u00e9 enorme, mas estamos determinados a percorrer este caminho\u201d, afirma o autarca.<\/p>\n\n\n\n<p><\/p>\n","protected":false},"excerpt":{"rendered":"<p>O Munic\u00edpio de Vagos foi, uma vez mais, agraciado com duas Bandeiras Azuis. Desta feita, as Praias da Vagueira e do Are\u00e3o voltaram a ser premiadas, naquela que \u00e9 a iniciativa que mais contribui para o desenvolvimento sustent\u00e1vel em praias costeiras, fluviais e lacustres, portos de recreio e marinas. Gra\u00e7as&hellip;<\/p>\n","protected":false},"author":7,"featured_media":3588,"comment_status":"open","ping_status":"open","sticky":false,"template":"","format":"standard","meta":{"advgb_blocks_editor_width":"","advgb_blocks_columns_visual_guide":"","_monsterinsights_skip_tracking":false,"_monsterinsights_sitenote_active":false,"_monsterinsights_sitenote_note":"","_monsterinsights_sitenote_category":0,"footnotes":""},"categories":[722],"tags":[734,520,795],"class_list":["post-3583","post","type-post","status-publish","format-standard","has-post-thumbnail","hentry","category-abae","tag-bandeira-azul","tag-praia","tag-vagos"],"yoast_head":"<!-- This site is optimized with the Yoast SEO plugin v24.4 - https:\/\/yoast.com\/wordpress\/plugins\/seo\/ -->\n<title>Praias de Vagos fazem hist\u00f3ria ao serem novamente galardoadas com Bandeira Azul - Mais Magazine<\/title>\n<meta name=\"description\" content=\"O Munic\u00edpio de Vagos foi, uma vez mais, agraciado com duas Bandeiras Azuis. Desta feita, as Praias da Vagueira e do Are\u00e3o...\" \/>\n<meta name=\"robots\" content=\"index, follow, max-snippet:-1, max-image-preview:large, max-video-preview:-1\" \/>\n<link rel=\"canonical\" href=\"https:\/\/maismagazine.pt\/index.php\/2022\/06\/09\/praias-de-vagos-fazem-historia-ao-serem-novamente-galardoadas-com-bandeira-azul\/\" \/>\n<meta property=\"og:locale\" content=\"pt_PT\" \/>\n<meta property=\"og:type\" content=\"article\" \/>\n<meta property=\"og:title\" content=\"Praias de Vagos fazem hist\u00f3ria ao serem novamente galardoadas com Bandeira Azul - Mais Magazine\" \/>\n<meta property=\"og:description\" content=\"O Munic\u00edpio de Vagos foi, uma vez mais, agraciado com duas Bandeiras Azuis. Desta feita, as Praias da Vagueira e do Are\u00e3o...\" \/>\n<meta property=\"og:url\" content=\"https:\/\/maismagazine.pt\/index.php\/2022\/06\/09\/praias-de-vagos-fazem-historia-ao-serem-novamente-galardoadas-com-bandeira-azul\/\" \/>\n<meta property=\"og:site_name\" content=\"Mais Magazine\" \/>\n<meta property=\"article:published_time\" content=\"2022-06-09T06:00:00+00:00\" \/>\n<meta property=\"og:image\" content=\"https:\/\/maismagazine.pt\/wp-content\/uploads\/2022\/06\/PRESIDENTE.jpg\" \/>\n\t<meta property=\"og:image:width\" content=\"1124\" \/>\n\t<meta property=\"og:image:height\" content=\"665\" \/>\n\t<meta property=\"og:image:type\" content=\"image\/jpeg\" \/>\n<meta name=\"author\" content=\"Jo\u00e3o Malainho\" \/>\n<meta name=\"twitter:card\" content=\"summary_large_image\" \/>\n<meta name=\"twitter:label1\" content=\"Escrito por\" \/>\n\t<meta name=\"twitter:data1\" content=\"\" \/>\n\t<meta name=\"twitter:label2\" content=\"Tempo estimado de leitura\" \/>\n\t<meta name=\"twitter:data2\" content=\"2 minutos\" \/>\n<script type=\"application\/ld+json\" class=\"yoast-schema-graph\">{\"@context\":\"https:\/\/schema.org\",\"@graph\":[{\"@type\":\"Article\",\"@id\":\"https:\/\/maismagazine.pt\/index.php\/2022\/06\/09\/praias-de-vagos-fazem-historia-ao-serem-novamente-galardoadas-com-bandeira-azul\/#article\",\"isPartOf\":{\"@id\":\"https:\/\/maismagazine.pt\/index.php\/2022\/06\/09\/praias-de-vagos-fazem-historia-ao-serem-novamente-galardoadas-com-bandeira-azul\/\"},\"author\":{\"name\":\"Jo\u00e3o Malainho\",\"@id\":\"http:\/\/maismagazine.pt\/#\/schema\/person\/999bd426f894ff56d397ec12ebd21ebb\"},\"headline\":\"Praias de Vagos fazem hist\u00f3ria ao serem novamente galardoadas com Bandeira Azul\",\"datePublished\":\"2022-06-09T06:00:00+00:00\",\"mainEntityOfPage\":{\"@id\":\"https:\/\/maismagazine.pt\/index.php\/2022\/06\/09\/praias-de-vagos-fazem-historia-ao-serem-novamente-galardoadas-com-bandeira-azul\/\"},\"wordCount\":472,\"commentCount\":0,\"publisher\":{\"@id\":\"http:\/\/maismagazine.pt\/#organization\"},\"image\":{\"@id\":\"https:\/\/maismagazine.pt\/index.php\/2022\/06\/09\/praias-de-vagos-fazem-historia-ao-serem-novamente-galardoadas-com-bandeira-azul\/#primaryimage\"},\"thumbnailUrl\":\"https:\/\/maismagazine.pt\/wp-content\/uploads\/2022\/06\/PRESIDENTE.jpg\",\"keywords\":[\"Bandeira azul\",\"praia\",\"Vagos\"],\"articleSection\":[\"ABAE\"],\"inLanguage\":\"pt-PT\",\"potentialAction\":[{\"@type\":\"CommentAction\",\"name\":\"Comment\",\"target\":[\"https:\/\/maismagazine.pt\/index.php\/2022\/06\/09\/praias-de-vagos-fazem-historia-ao-serem-novamente-galardoadas-com-bandeira-azul\/#respond\"]}]},{\"@type\":\"WebPage\",\"@id\":\"https:\/\/maismagazine.pt\/index.php\/2022\/06\/09\/praias-de-vagos-fazem-historia-ao-serem-novamente-galardoadas-com-bandeira-azul\/\",\"url\":\"https:\/\/maismagazine.pt\/index.php\/2022\/06\/09\/praias-de-vagos-fazem-historia-ao-serem-novamente-galardoadas-com-bandeira-azul\/\",\"name\":\"Praias de Vagos fazem hist\u00f3ria ao serem novamente galardoadas com Bandeira Azul - Mais Magazine\",\"isPartOf\":{\"@id\":\"http:\/\/maismagazine.pt\/#website\"},\"primaryImageOfPage\":{\"@id\":\"https:\/\/maismagazine.pt\/index.php\/2022\/06\/09\/praias-de-vagos-fazem-historia-ao-serem-novamente-galardoadas-com-bandeira-azul\/#primaryimage\"},\"image\":{\"@id\":\"https:\/\/maismagazine.pt\/index.php\/2022\/06\/09\/praias-de-vagos-fazem-historia-ao-serem-novamente-galardoadas-com-bandeira-azul\/#primaryimage\"},\"thumbnailUrl\":\"https:\/\/maismagazine.pt\/wp-content\/uploads\/2022\/06\/PRESIDENTE.jpg\",\"datePublished\":\"2022-06-09T06:00:00+00:00\",\"description\":\"O Munic\u00edpio de Vagos foi, uma vez mais, agraciado com duas Bandeiras Azuis. Desta feita, as Praias da Vagueira e do Are\u00e3o...\",\"breadcrumb\":{\"@id\":\"https:\/\/maismagazine.pt\/index.php\/2022\/06\/09\/praias-de-vagos-fazem-historia-ao-serem-novamente-galardoadas-com-bandeira-azul\/#breadcrumb\"},\"inLanguage\":\"pt-PT\",\"potentialAction\":[{\"@type\":\"ReadAction\",\"target\":[\"https:\/\/maismagazine.pt\/index.php\/2022\/06\/09\/praias-de-vagos-fazem-historia-ao-serem-novamente-galardoadas-com-bandeira-azul\/\"]}]},{\"@type\":\"ImageObject\",\"inLanguage\":\"pt-PT\",\"@id\":\"https:\/\/maismagazine.pt\/index.php\/2022\/06\/09\/praias-de-vagos-fazem-historia-ao-serem-novamente-galardoadas-com-bandeira-azul\/#primaryimage\",\"url\":\"https:\/\/maismagazine.pt\/wp-content\/uploads\/2022\/06\/PRESIDENTE.jpg\",\"contentUrl\":\"https:\/\/maismagazine.pt\/wp-content\/uploads\/2022\/06\/PRESIDENTE.jpg\",\"width\":1124,\"height\":665},{\"@type\":\"BreadcrumbList\",\"@id\":\"https:\/\/maismagazine.pt\/index.php\/2022\/06\/09\/praias-de-vagos-fazem-historia-ao-serem-novamente-galardoadas-com-bandeira-azul\/#breadcrumb\",\"itemListElement\":[{\"@type\":\"ListItem\",\"position\":1,\"name\":\"Home\",\"item\":\"http:\/\/maismagazine.pt\/\"},{\"@type\":\"ListItem\",\"position\":2,\"name\":\"Praias de Vagos fazem hist\u00f3ria ao serem novamente galardoadas com Bandeira Azul\"}]},{\"@type\":\"WebSite\",\"@id\":\"http:\/\/maismagazine.pt\/#website\",\"url\":\"http:\/\/maismagazine.pt\/\",\"name\":\"Mais Magazine\",\"description\":\"\",\"publisher\":{\"@id\":\"http:\/\/maismagazine.pt\/#organization\"},\"potentialAction\":[{\"@type\":\"SearchAction\",\"target\":{\"@type\":\"EntryPoint\",\"urlTemplate\":\"http:\/\/maismagazine.pt\/?s={search_term_string}\"},\"query-input\":{\"@type\":\"PropertyValueSpecification\",\"valueRequired\":true,\"valueName\":\"search_term_string\"}}],\"inLanguage\":\"pt-PT\"},{\"@type\":\"Organization\",\"@id\":\"http:\/\/maismagazine.pt\/#organization\",\"name\":\"Mais Magazine\",\"url\":\"http:\/\/maismagazine.pt\/\",\"logo\":{\"@type\":\"ImageObject\",\"inLanguage\":\"pt-PT\",\"@id\":\"http:\/\/maismagazine.pt\/#\/schema\/logo\/image\/\",\"url\":\"https:\/\/maismagazine.pt\/wp-content\/uploads\/2020\/04\/cropped-cropped-mais-magazine-site-logo-2.png\",\"contentUrl\":\"https:\/\/maismagazine.pt\/wp-content\/uploads\/2020\/04\/cropped-cropped-mais-magazine-site-logo-2.png\",\"width\":581,\"height\":90,\"caption\":\"Mais Magazine\"},\"image\":{\"@id\":\"http:\/\/maismagazine.pt\/#\/schema\/logo\/image\/\"}},{\"@type\":\"Person\",\"@id\":\"http:\/\/maismagazine.pt\/#\/schema\/person\/999bd426f894ff56d397ec12ebd21ebb\",\"name\":\"Jo\u00e3o Malainho\",\"image\":{\"@type\":\"ImageObject\",\"inLanguage\":\"pt-PT\",\"@id\":\"http:\/\/maismagazine.pt\/#\/schema\/person\/image\/\",\"url\":\"https:\/\/secure.gravatar.com\/avatar\/ff03c2f38edf60b2a827aa4f74878491?s=96&d=mm&r=g\",\"contentUrl\":\"https:\/\/secure.gravatar.com\/avatar\/ff03c2f38edf60b2a827aa4f74878491?s=96&d=mm&r=g\",\"caption\":\"Jo\u00e3o Malainho\"},\"url\":\"https:\/\/maismagazine.pt\/index.php\/author\/maismagazine\/\"}]}<\/script>\n<!-- \/ Yoast SEO plugin. -->","yoast_head_json":{"title":"Praias de Vagos fazem hist\u00f3ria ao serem novamente galardoadas com Bandeira Azul - Mais Magazine","description":"O Munic\u00edpio de Vagos foi, uma vez mais, agraciado com duas Bandeiras Azuis. Desta feita, as Praias da Vagueira e do Are\u00e3o...","robots":{"index":"index","follow":"follow","max-snippet":"max-snippet:-1","max-image-preview":"max-image-preview:large","max-video-preview":"max-video-preview:-1"},"canonical":"https:\/\/maismagazine.pt\/index.php\/2022\/06\/09\/praias-de-vagos-fazem-historia-ao-serem-novamente-galardoadas-com-bandeira-azul\/","og_locale":"pt_PT","og_type":"article","og_title":"Praias de Vagos fazem hist\u00f3ria ao serem novamente galardoadas com Bandeira Azul - Mais Magazine","og_description":"O Munic\u00edpio de Vagos foi, uma vez mais, agraciado com duas Bandeiras Azuis. Desta feita, as Praias da Vagueira e do Are\u00e3o...","og_url":"https:\/\/maismagazine.pt\/index.php\/2022\/06\/09\/praias-de-vagos-fazem-historia-ao-serem-novamente-galardoadas-com-bandeira-azul\/","og_site_name":"Mais Magazine","article_published_time":"2022-06-09T06:00:00+00:00","og_image":[{"width":1124,"height":665,"url":"https:\/\/maismagazine.pt\/wp-content\/uploads\/2022\/06\/PRESIDENTE.jpg","type":"image\/jpeg"}],"author":"Jo\u00e3o Malainho","twitter_card":"summary_large_image","twitter_misc":{"Escrito por":false,"Tempo estimado de leitura":"2 minutos"},"schema":{"@context":"https:\/\/schema.org","@graph":[{"@type":"Article","@id":"https:\/\/maismagazine.pt\/index.php\/2022\/06\/09\/praias-de-vagos-fazem-historia-ao-serem-novamente-galardoadas-com-bandeira-azul\/#article","isPartOf":{"@id":"https:\/\/maismagazine.pt\/index.php\/2022\/06\/09\/praias-de-vagos-fazem-historia-ao-serem-novamente-galardoadas-com-bandeira-azul\/"},"author":{"name":"Jo\u00e3o Malainho","@id":"http:\/\/maismagazine.pt\/#\/schema\/person\/999bd426f894ff56d397ec12ebd21ebb"},"headline":"Praias de Vagos fazem hist\u00f3ria ao serem novamente galardoadas com Bandeira Azul","datePublished":"2022-06-09T06:00:00+00:00","mainEntityOfPage":{"@id":"https:\/\/maismagazine.pt\/index.php\/2022\/06\/09\/praias-de-vagos-fazem-historia-ao-serem-novamente-galardoadas-com-bandeira-azul\/"},"wordCount":472,"commentCount":0,"publisher":{"@id":"http:\/\/maismagazine.pt\/#organization"},"image":{"@id":"https:\/\/maismagazine.pt\/index.php\/2022\/06\/09\/praias-de-vagos-fazem-historia-ao-serem-novamente-galardoadas-com-bandeira-azul\/#primaryimage"},"thumbnailUrl":"https:\/\/maismagazine.pt\/wp-content\/uploads\/2022\/06\/PRESIDENTE.jpg","keywords":["Bandeira azul","praia","Vagos"],"articleSection":["ABAE"],"inLanguage":"pt-PT","potentialAction":[{"@type":"CommentAction","name":"Comment","target":["https:\/\/maismagazine.pt\/index.php\/2022\/06\/09\/praias-de-vagos-fazem-historia-ao-serem-novamente-galardoadas-com-bandeira-azul\/#respond"]}]},{"@type":"WebPage","@id":"https:\/\/maismagazine.pt\/index.php\/2022\/06\/09\/praias-de-vagos-fazem-historia-ao-serem-novamente-galardoadas-com-bandeira-azul\/","url":"https:\/\/maismagazine.pt\/index.php\/2022\/06\/09\/praias-de-vagos-fazem-historia-ao-serem-novamente-galardoadas-com-bandeira-azul\/","name":"Praias de Vagos fazem hist\u00f3ria ao serem novamente galardoadas com Bandeira Azul - Mais Magazine","isPartOf":{"@id":"http:\/\/maismagazine.pt\/#website"},"primaryImageOfPage":{"@id":"https:\/\/maismagazine.pt\/index.php\/2022\/06\/09\/praias-de-vagos-fazem-historia-ao-serem-novamente-galardoadas-com-bandeira-azul\/#primaryimage"},"image":{"@id":"https:\/\/maismagazine.pt\/index.php\/2022\/06\/09\/praias-de-vagos-fazem-historia-ao-serem-novamente-galardoadas-com-bandeira-azul\/#primaryimage"},"thumbnailUrl":"https:\/\/maismagazine.pt\/wp-content\/uploads\/2022\/06\/PRESIDENTE.jpg","datePublished":"2022-06-09T06:00:00+00:00","description":"O Munic\u00edpio de Vagos foi, uma vez mais, agraciado com duas Bandeiras Azuis. Desta feita, as Praias da Vagueira e do Are\u00e3o...","breadcrumb":{"@id":"https:\/\/maismagazine.pt\/index.php\/2022\/06\/09\/praias-de-vagos-fazem-historia-ao-serem-novamente-galardoadas-com-bandeira-azul\/#breadcrumb"},"inLanguage":"pt-PT","potentialAction":[{"@type":"ReadAction","target":["https:\/\/maismagazine.pt\/index.php\/2022\/06\/09\/praias-de-vagos-fazem-historia-ao-serem-novamente-galardoadas-com-bandeira-azul\/"]}]},{"@type":"ImageObject","inLanguage":"pt-PT","@id":"https:\/\/maismagazine.pt\/index.php\/2022\/06\/09\/praias-de-vagos-fazem-historia-ao-serem-novamente-galardoadas-com-bandeira-azul\/#primaryimage","url":"https:\/\/maismagazine.pt\/wp-content\/uploads\/2022\/06\/PRESIDENTE.jpg","contentUrl":"https:\/\/maismagazine.pt\/wp-content\/uploads\/2022\/06\/PRESIDENTE.jpg","width":1124,"height":665},{"@type":"BreadcrumbList","@id":"https:\/\/maismagazine.pt\/index.php\/2022\/06\/09\/praias-de-vagos-fazem-historia-ao-serem-novamente-galardoadas-com-bandeira-azul\/#breadcrumb","itemListElement":[{"@type":"ListItem","position":1,"name":"Home","item":"http:\/\/maismagazine.pt\/"},{"@type":"ListItem","position":2,"name":"Praias de Vagos fazem hist\u00f3ria ao serem novamente galardoadas com Bandeira Azul"}]},{"@type":"WebSite","@id":"http:\/\/maismagazine.pt\/#website","url":"http:\/\/maismagazine.pt\/","name":"Mais Magazine","description":"","publisher":{"@id":"http:\/\/maismagazine.pt\/#organization"},"potentialAction":[{"@type":"SearchAction","target":{"@type":"EntryPoint","urlTemplate":"http:\/\/maismagazine.pt\/?s={search_term_string}"},"query-input":{"@type":"PropertyValueSpecification","valueRequired":true,"valueName":"search_term_string"}}],"inLanguage":"pt-PT"},{"@type":"Organization","@id":"http:\/\/maismagazine.pt\/#organization","name":"Mais Magazine","url":"http:\/\/maismagazine.pt\/","logo":{"@type":"ImageObject","inLanguage":"pt-PT","@id":"http:\/\/maismagazine.pt\/#\/schema\/logo\/image\/","url":"https:\/\/maismagazine.pt\/wp-content\/uploads\/2020\/04\/cropped-cropped-mais-magazine-site-logo-2.png","contentUrl":"https:\/\/maismagazine.pt\/wp-content\/uploads\/2020\/04\/cropped-cropped-mais-magazine-site-logo-2.png","width":581,"height":90,"caption":"Mais Magazine"},"image":{"@id":"http:\/\/maismagazine.pt\/#\/schema\/logo\/image\/"}},{"@type":"Person","@id":"http:\/\/maismagazine.pt\/#\/schema\/person\/999bd426f894ff56d397ec12ebd21ebb","name":"Jo\u00e3o Malainho","image":{"@type":"ImageObject","inLanguage":"pt-PT","@id":"http:\/\/maismagazine.pt\/#\/schema\/person\/image\/","url":"https:\/\/secure.gravatar.com\/avatar\/ff03c2f38edf60b2a827aa4f74878491?s=96&d=mm&r=g","contentUrl":"https:\/\/secure.gravatar.com\/avatar\/ff03c2f38edf60b2a827aa4f74878491?s=96&d=mm&r=g","caption":"Jo\u00e3o Malainho"},"url":"https:\/\/maismagazine.pt\/index.php\/author\/maismagazine\/"}]}},"author_meta":{"display_name":false,"author_link":"https:\/\/maismagazine.pt\/index.php\/author\/maismagazine\/"},"featured_img":"https:\/\/maismagazine.pt\/wp-content\/uploads\/2022\/06\/PRESIDENTE-300x177.jpg","coauthors":[],"tax_additional":{"categories":{"linked":["<a href=\"https:\/\/maismagazine.pt\/index.php\/category\/abae\/\" class=\"advgb-post-tax-term\">ABAE<\/a>"],"unlinked":["<span class=\"advgb-post-tax-term\">ABAE<\/span>"]},"tags":{"linked":["<a href=\"https:\/\/maismagazine.pt\/index.php\/category\/abae\/\" class=\"advgb-post-tax-term\">Bandeira azul<\/a>","<a href=\"https:\/\/maismagazine.pt\/index.php\/category\/abae\/\" class=\"advgb-post-tax-term\">praia<\/a>","<a href=\"https:\/\/maismagazine.pt\/index.php\/category\/abae\/\" class=\"advgb-post-tax-term\">Vagos<\/a>"],"unlinked":["<span class=\"advgb-post-tax-term\">Bandeira azul<\/span>","<span class=\"advgb-post-tax-term\">praia<\/span>","<span class=\"advgb-post-tax-term\">Vagos<\/span>"]}},"comment_count":"0","relative_dates":{"created":"Posted 4 anos ago","modified":"Updated 4 anos ago"},"absolute_dates":{"created":"Posted on 9 de Junho, 2022","modified":"Updated on 1 de Junho, 2022"},"absolute_dates_time":{"created":"Posted on 9 de Junho, 2022 7:00","modified":"Updated on 1 de Junho, 2022 15:03"},"featured_img_caption":"","series_order":"","_links":{"self":[{"href":"https:\/\/maismagazine.pt\/index.php\/wp-json\/wp\/v2\/posts\/3583","targetHints":{"allow":["GET"]}}],"collection":[{"href":"https:\/\/maismagazine.pt\/index.php\/wp-json\/wp\/v2\/posts"}],"about":[{"href":"https:\/\/maismagazine.pt\/index.php\/wp-json\/wp\/v2\/types\/post"}],"author":[{"embeddable":true,"href":"https:\/\/maismagazine.pt\/index.php\/wp-json\/wp\/v2\/users\/7"}],"replies":[{"embeddable":true,"href":"https:\/\/maismagazine.pt\/index.php\/wp-json\/wp\/v2\/comments?post=3583"}],"version-history":[{"count":1,"href":"https:\/\/maismagazine.pt\/index.php\/wp-json\/wp\/v2\/posts\/3583\/revisions"}],"predecessor-version":[{"id":3589,"href":"https:\/\/maismagazine.pt\/index.php\/wp-json\/wp\/v2\/posts\/3583\/revisions\/3589"}],"wp:featuredmedia":[{"embeddable":true,"href":"https:\/\/maismagazine.pt\/index.php\/wp-json\/wp\/v2\/media\/3588"}],"wp:attachment":[{"href":"https:\/\/maismagazine.pt\/index.php\/wp-json\/wp\/v2\/media?parent=3583"}],"wp:term":[{"taxonomy":"category","embeddable":true,"href":"https:\/\/maismagazine.pt\/index.php\/wp-json\/wp\/v2\/categories?post=3583"},{"taxonomy":"post_tag","embeddable":true,"href":"https:\/\/maismagazine.pt\/index.php\/wp-json\/wp\/v2\/tags?post=3583"}],"curies":[{"name":"wp","href":"https:\/\/api.w.org\/{rel}","templated":true}]}}