{"id":3577,"date":"2022-06-09T07:07:00","date_gmt":"2022-06-09T06:07:00","guid":{"rendered":"https:\/\/maismagazine.pt\/?p=3577"},"modified":"2022-06-01T14:59:20","modified_gmt":"2022-06-01T13:59:20","slug":"bandeira-azul-e-o-importante-cartao-de-visita-que-oeiras-vai-erguer-esta-epoca-balnear","status":"publish","type":"post","link":"https:\/\/maismagazine.pt\/index.php\/2022\/06\/09\/bandeira-azul-e-o-importante-cartao-de-visita-que-oeiras-vai-erguer-esta-epoca-balnear\/","title":{"rendered":"Bandeira Azul \u00e9 o importante cart\u00e3o de visita que Oeiras vai erguer esta \u00e9poca balnear"},"content":{"rendered":"\n<p><strong>A Associa\u00e7\u00e3o Bandeira Azul da Europa (ABAE) distinguiu a excel\u00eancia das praias de <a href=\"http:\/\/www.oeiras.pt\" target=\"_blank\" rel=\"noreferrer noopener\">Oeiras<\/a> atribuindo, pela terceira vez consecutiva, a Bandeira Azul \u00e0s praias da Torre, de Santo Amaro de Oeiras, de Pa\u00e7o de Arcos e de Caxias. O munic\u00edpio congratula-se por manter o estatuto de ter todas as suas praias oficiais com o galard\u00e3o, bem como o Porto de Recreio de Oeiras, que este ano ondular\u00e1, uma vez mais, o distintivo que comprova a sua qualidade e compromisso ambiental.<\/strong><\/p>\n\n\n\n<p>J\u00e1 \u00e9 conhecida a lista de munic\u00edpios galardoadas com a Bandeira Azul 2022. Como n\u00e3o poderia deixar de ser, \u00e0 semelhan\u00e7a das edi\u00e7\u00f5es anteriores, todas as praias de Oeiras foram distinguidas com este s\u00edmbolo, incluindo o porto de recreio que ondular\u00e1 o estandarte pelo 17.\u00ba ano consecutivo. A atribui\u00e7\u00e3o deste galard\u00e3o \u00e9, acima de tudo, o merecido reconhecimento de d\u00e9cadas de investimento e requalifica\u00e7\u00e3o no territ\u00f3rio, levados a cabo pelo executivo aut\u00e1rquico. \u201cO Munic\u00edpio de Oeiras investe h\u00e1 v\u00e1rias d\u00e9cadas na requalifica\u00e7\u00e3o dos seus ecossistemas naturais. O trabalho de base assentou na monitoriza\u00e7\u00e3o intensa das desconformidades ambientais registadas e consequentes a\u00e7\u00f5es de requalifica\u00e7\u00e3o ambiental na rede hidrogr\u00e1fica municipal, cujas linhas de \u00e1gua t\u00eam forte influ\u00eancia na qualidade de \u00e1gua balnear das nossas praias\u201d, come\u00e7a por explicar Joana Baptista, Vereadora da C\u00e2mara Municipal de Oeiras. Todo o trabalho desenvolvido foi ainda complementado com investimentos diversos na orla mar\u00edtima, desde equipamentos de limpeza mec\u00e2nica \u00e0 requalifica\u00e7\u00e3o de infraestruturas para usufruto da popula\u00e7\u00e3o, a\u00e7\u00f5es que contribu\u00edram para que Oeiras alcan\u00e7asse, uma vez mais, esta importante distin\u00e7\u00e3o ambiental.<\/p>\n\n\n\n<p>Mais do que distinguir o esfor\u00e7o de diversas entidades em tornar poss\u00edvel a coexist\u00eancia do desenvolvimento local a par do respeito pelo ambiente, a atribui\u00e7\u00e3o da Bandeira Azul eleva tamb\u00e9m o grau de consciencializa\u00e7\u00e3o de cidad\u00e3os e empresas para a import\u00e2ncia da defesa do ambiente marinho e da promo\u00e7\u00e3o da sustentabilidade. Por forma a refor\u00e7ar o seu compromisso com a preserva\u00e7\u00e3o do meio ambiente, o Munic\u00edpio de Oeiras desenvolve, h\u00e1 cerca de 40 anos, a\u00e7\u00f5es de sensibiliza\u00e7\u00e3o ambiental, que em muito t\u00eam contribu\u00eddo para uma maior consci\u00eancia ecol\u00f3gica dos seus mun\u00edcipes. \u201cUm dos crit\u00e9rios principais do galard\u00e3o Bandeira Azul \u00e9 a promo\u00e7\u00e3o de a\u00e7\u00f5es de sensibiliza\u00e7\u00e3o ambiental. O j\u00fari imp\u00f5e um limite m\u00e1ximo de 12 a\u00e7\u00f5es por candidatura anual e para Oeiras tem sido um desafio selecionar as que propor, dada, n\u00e3o s\u00f3 a quantidade, mas tamb\u00e9m a multiplicidade de a\u00e7\u00f5es que promovemos\u201d, afirma. Neste contexto, vale ressalvar que as a\u00e7\u00f5es propostas e concretizadas pelo munic\u00edpio t\u00eam atingido pontua\u00e7\u00f5es elevadas e, inclusive, merecido men\u00e7\u00f5es honrosas por parte dos promotores do programa, atestando a qualidade das iniciativas de sensibiliza\u00e7\u00e3o desenvolvidas.<\/p>\n\n\n\n<p>A atribui\u00e7\u00e3o de uma Bandeira Azul significa que a praia galardoada apresenta um conjunto de servi\u00e7os de qualidade e excel\u00eancia o que transmite, naturalmente, aos seus utilizadores um grau de confian\u00e7a superior ao das praias n\u00e3o galardoadas. Dito isto, Oeiras orgulha-se voltar a erguer bem alto um dos seus melhores cart\u00f5es de visita. \u201cO reconhecimento de excel\u00eancia por entidades externas \u00e9 naturalmente um cart\u00e3o de visita e um convite a cidad\u00e3os nacionais e estrangeiros. Temos no\u00e7\u00e3o de que as nossas praias t\u00eam uma taxa de frequ\u00eancia elevada o que contribui para o seu posicionamento como das melhores praias urbanas de Portugal e da Europa\u201d, finaliza.<\/p>\n","protected":false},"excerpt":{"rendered":"<p>A Associa\u00e7\u00e3o Bandeira Azul da Europa (ABAE) distinguiu a excel\u00eancia das praias de Oeiras atribuindo, pela terceira vez consecutiva, a Bandeira Azul \u00e0s praias da Torre, de Santo Amaro de Oeiras, de Pa\u00e7o de Arcos e de Caxias. O munic\u00edpio congratula-se por manter o estatuto de ter todas as suas&hellip;<\/p>\n","protected":false},"author":7,"featured_media":3582,"comment_status":"open","ping_status":"open","sticky":false,"template":"","format":"standard","meta":{"advgb_blocks_editor_width":"","advgb_blocks_columns_visual_guide":"","_monsterinsights_skip_tracking":false,"_monsterinsights_sitenote_active":false,"_monsterinsights_sitenote_note":"","_monsterinsights_sitenote_category":0,"footnotes":""},"categories":[722],"tags":[733,734,794],"class_list":["post-3577","post","type-post","status-publish","format-standard","has-post-thumbnail","hentry","category-abae","tag-abae","tag-bandeira-azul","tag-oeiras"],"yoast_head":"<!-- This site is optimized with the Yoast SEO plugin v24.4 - https:\/\/yoast.com\/wordpress\/plugins\/seo\/ -->\n<title>Bandeira Azul \u00e9 o importante cart\u00e3o de visita que Oeiras vai erguer esta \u00e9poca balnear - Mais Magazine<\/title>\n<meta name=\"description\" content=\"A Associa\u00e7\u00e3o Bandeira Azul da Europa (ABAE) distinguiu a excel\u00eancia das praias de Oeiras atribuindo, pela terceira vez consecutiva, a...\" \/>\n<meta name=\"robots\" content=\"index, follow, max-snippet:-1, max-image-preview:large, max-video-preview:-1\" \/>\n<link rel=\"canonical\" href=\"https:\/\/maismagazine.pt\/index.php\/2022\/06\/09\/bandeira-azul-e-o-importante-cartao-de-visita-que-oeiras-vai-erguer-esta-epoca-balnear\/\" \/>\n<meta property=\"og:locale\" content=\"pt_PT\" \/>\n<meta property=\"og:type\" content=\"article\" \/>\n<meta property=\"og:title\" content=\"Bandeira Azul \u00e9 o importante cart\u00e3o de visita que Oeiras vai erguer esta \u00e9poca balnear - Mais Magazine\" \/>\n<meta property=\"og:description\" content=\"A Associa\u00e7\u00e3o Bandeira Azul da Europa (ABAE) distinguiu a excel\u00eancia das praias de Oeiras atribuindo, pela terceira vez consecutiva, a...\" \/>\n<meta property=\"og:url\" content=\"https:\/\/maismagazine.pt\/index.php\/2022\/06\/09\/bandeira-azul-e-o-importante-cartao-de-visita-que-oeiras-vai-erguer-esta-epoca-balnear\/\" \/>\n<meta property=\"og:site_name\" content=\"Mais Magazine\" \/>\n<meta property=\"article:published_time\" content=\"2022-06-09T06:07:00+00:00\" \/>\n<meta property=\"og:image\" content=\"https:\/\/maismagazine.pt\/wp-content\/uploads\/2022\/06\/praia-de-sto-amaro.jpg\" \/>\n\t<meta property=\"og:image:width\" content=\"960\" \/>\n\t<meta property=\"og:image:height\" content=\"640\" \/>\n\t<meta property=\"og:image:type\" content=\"image\/jpeg\" \/>\n<meta name=\"author\" content=\"Jo\u00e3o Malainho\" \/>\n<meta name=\"twitter:card\" content=\"summary_large_image\" \/>\n<meta name=\"twitter:label1\" content=\"Escrito por\" \/>\n\t<meta name=\"twitter:data1\" content=\"\" \/>\n\t<meta name=\"twitter:label2\" content=\"Tempo estimado de leitura\" \/>\n\t<meta name=\"twitter:data2\" content=\"3 minutos\" \/>\n<script type=\"application\/ld+json\" class=\"yoast-schema-graph\">{\"@context\":\"https:\/\/schema.org\",\"@graph\":[{\"@type\":\"Article\",\"@id\":\"https:\/\/maismagazine.pt\/index.php\/2022\/06\/09\/bandeira-azul-e-o-importante-cartao-de-visita-que-oeiras-vai-erguer-esta-epoca-balnear\/#article\",\"isPartOf\":{\"@id\":\"https:\/\/maismagazine.pt\/index.php\/2022\/06\/09\/bandeira-azul-e-o-importante-cartao-de-visita-que-oeiras-vai-erguer-esta-epoca-balnear\/\"},\"author\":{\"name\":\"Jo\u00e3o Malainho\",\"@id\":\"http:\/\/maismagazine.pt\/#\/schema\/person\/999bd426f894ff56d397ec12ebd21ebb\"},\"headline\":\"Bandeira Azul \u00e9 o importante cart\u00e3o de visita que Oeiras vai erguer esta \u00e9poca balnear\",\"datePublished\":\"2022-06-09T06:07:00+00:00\",\"mainEntityOfPage\":{\"@id\":\"https:\/\/maismagazine.pt\/index.php\/2022\/06\/09\/bandeira-azul-e-o-importante-cartao-de-visita-que-oeiras-vai-erguer-esta-epoca-balnear\/\"},\"wordCount\":628,\"commentCount\":0,\"publisher\":{\"@id\":\"http:\/\/maismagazine.pt\/#organization\"},\"image\":{\"@id\":\"https:\/\/maismagazine.pt\/index.php\/2022\/06\/09\/bandeira-azul-e-o-importante-cartao-de-visita-que-oeiras-vai-erguer-esta-epoca-balnear\/#primaryimage\"},\"thumbnailUrl\":\"https:\/\/maismagazine.pt\/wp-content\/uploads\/2022\/06\/praia-de-sto-amaro.jpg\",\"keywords\":[\"Abae\",\"Bandeira azul\",\"Oeiras\"],\"articleSection\":[\"ABAE\"],\"inLanguage\":\"pt-PT\",\"potentialAction\":[{\"@type\":\"CommentAction\",\"name\":\"Comment\",\"target\":[\"https:\/\/maismagazine.pt\/index.php\/2022\/06\/09\/bandeira-azul-e-o-importante-cartao-de-visita-que-oeiras-vai-erguer-esta-epoca-balnear\/#respond\"]}]},{\"@type\":\"WebPage\",\"@id\":\"https:\/\/maismagazine.pt\/index.php\/2022\/06\/09\/bandeira-azul-e-o-importante-cartao-de-visita-que-oeiras-vai-erguer-esta-epoca-balnear\/\",\"url\":\"https:\/\/maismagazine.pt\/index.php\/2022\/06\/09\/bandeira-azul-e-o-importante-cartao-de-visita-que-oeiras-vai-erguer-esta-epoca-balnear\/\",\"name\":\"Bandeira Azul \u00e9 o importante cart\u00e3o de visita que Oeiras vai erguer esta \u00e9poca balnear - Mais Magazine\",\"isPartOf\":{\"@id\":\"http:\/\/maismagazine.pt\/#website\"},\"primaryImageOfPage\":{\"@id\":\"https:\/\/maismagazine.pt\/index.php\/2022\/06\/09\/bandeira-azul-e-o-importante-cartao-de-visita-que-oeiras-vai-erguer-esta-epoca-balnear\/#primaryimage\"},\"image\":{\"@id\":\"https:\/\/maismagazine.pt\/index.php\/2022\/06\/09\/bandeira-azul-e-o-importante-cartao-de-visita-que-oeiras-vai-erguer-esta-epoca-balnear\/#primaryimage\"},\"thumbnailUrl\":\"https:\/\/maismagazine.pt\/wp-content\/uploads\/2022\/06\/praia-de-sto-amaro.jpg\",\"datePublished\":\"2022-06-09T06:07:00+00:00\",\"description\":\"A Associa\u00e7\u00e3o Bandeira Azul da Europa (ABAE) distinguiu a excel\u00eancia das praias de Oeiras atribuindo, pela terceira vez consecutiva, a...\",\"breadcrumb\":{\"@id\":\"https:\/\/maismagazine.pt\/index.php\/2022\/06\/09\/bandeira-azul-e-o-importante-cartao-de-visita-que-oeiras-vai-erguer-esta-epoca-balnear\/#breadcrumb\"},\"inLanguage\":\"pt-PT\",\"potentialAction\":[{\"@type\":\"ReadAction\",\"target\":[\"https:\/\/maismagazine.pt\/index.php\/2022\/06\/09\/bandeira-azul-e-o-importante-cartao-de-visita-que-oeiras-vai-erguer-esta-epoca-balnear\/\"]}]},{\"@type\":\"ImageObject\",\"inLanguage\":\"pt-PT\",\"@id\":\"https:\/\/maismagazine.pt\/index.php\/2022\/06\/09\/bandeira-azul-e-o-importante-cartao-de-visita-que-oeiras-vai-erguer-esta-epoca-balnear\/#primaryimage\",\"url\":\"https:\/\/maismagazine.pt\/wp-content\/uploads\/2022\/06\/praia-de-sto-amaro.jpg\",\"contentUrl\":\"https:\/\/maismagazine.pt\/wp-content\/uploads\/2022\/06\/praia-de-sto-amaro.jpg\",\"width\":960,\"height\":640,\"caption\":\"Praia de Santo Amaro de Oeiras. Passeio Mar\u00edtimo | Av. Marginal\"},{\"@type\":\"BreadcrumbList\",\"@id\":\"https:\/\/maismagazine.pt\/index.php\/2022\/06\/09\/bandeira-azul-e-o-importante-cartao-de-visita-que-oeiras-vai-erguer-esta-epoca-balnear\/#breadcrumb\",\"itemListElement\":[{\"@type\":\"ListItem\",\"position\":1,\"name\":\"Home\",\"item\":\"http:\/\/maismagazine.pt\/\"},{\"@type\":\"ListItem\",\"position\":2,\"name\":\"Bandeira Azul \u00e9 o importante cart\u00e3o de visita que Oeiras vai erguer esta \u00e9poca balnear\"}]},{\"@type\":\"WebSite\",\"@id\":\"http:\/\/maismagazine.pt\/#website\",\"url\":\"http:\/\/maismagazine.pt\/\",\"name\":\"Mais Magazine\",\"description\":\"\",\"publisher\":{\"@id\":\"http:\/\/maismagazine.pt\/#organization\"},\"potentialAction\":[{\"@type\":\"SearchAction\",\"target\":{\"@type\":\"EntryPoint\",\"urlTemplate\":\"http:\/\/maismagazine.pt\/?s={search_term_string}\"},\"query-input\":{\"@type\":\"PropertyValueSpecification\",\"valueRequired\":true,\"valueName\":\"search_term_string\"}}],\"inLanguage\":\"pt-PT\"},{\"@type\":\"Organization\",\"@id\":\"http:\/\/maismagazine.pt\/#organization\",\"name\":\"Mais Magazine\",\"url\":\"http:\/\/maismagazine.pt\/\",\"logo\":{\"@type\":\"ImageObject\",\"inLanguage\":\"pt-PT\",\"@id\":\"http:\/\/maismagazine.pt\/#\/schema\/logo\/image\/\",\"url\":\"https:\/\/maismagazine.pt\/wp-content\/uploads\/2020\/04\/cropped-cropped-mais-magazine-site-logo-2.png\",\"contentUrl\":\"https:\/\/maismagazine.pt\/wp-content\/uploads\/2020\/04\/cropped-cropped-mais-magazine-site-logo-2.png\",\"width\":581,\"height\":90,\"caption\":\"Mais Magazine\"},\"image\":{\"@id\":\"http:\/\/maismagazine.pt\/#\/schema\/logo\/image\/\"}},{\"@type\":\"Person\",\"@id\":\"http:\/\/maismagazine.pt\/#\/schema\/person\/999bd426f894ff56d397ec12ebd21ebb\",\"name\":\"Jo\u00e3o Malainho\",\"image\":{\"@type\":\"ImageObject\",\"inLanguage\":\"pt-PT\",\"@id\":\"http:\/\/maismagazine.pt\/#\/schema\/person\/image\/\",\"url\":\"https:\/\/secure.gravatar.com\/avatar\/ff03c2f38edf60b2a827aa4f74878491?s=96&d=mm&r=g\",\"contentUrl\":\"https:\/\/secure.gravatar.com\/avatar\/ff03c2f38edf60b2a827aa4f74878491?s=96&d=mm&r=g\",\"caption\":\"Jo\u00e3o Malainho\"},\"url\":\"https:\/\/maismagazine.pt\/index.php\/author\/maismagazine\/\"}]}<\/script>\n<!-- \/ Yoast SEO plugin. -->","yoast_head_json":{"title":"Bandeira Azul \u00e9 o importante cart\u00e3o de visita que Oeiras vai erguer esta \u00e9poca balnear - Mais Magazine","description":"A Associa\u00e7\u00e3o Bandeira Azul da Europa (ABAE) distinguiu a excel\u00eancia das praias de Oeiras atribuindo, pela terceira vez consecutiva, a...","robots":{"index":"index","follow":"follow","max-snippet":"max-snippet:-1","max-image-preview":"max-image-preview:large","max-video-preview":"max-video-preview:-1"},"canonical":"https:\/\/maismagazine.pt\/index.php\/2022\/06\/09\/bandeira-azul-e-o-importante-cartao-de-visita-que-oeiras-vai-erguer-esta-epoca-balnear\/","og_locale":"pt_PT","og_type":"article","og_title":"Bandeira Azul \u00e9 o importante cart\u00e3o de visita que Oeiras vai erguer esta \u00e9poca balnear - Mais Magazine","og_description":"A Associa\u00e7\u00e3o Bandeira Azul da Europa (ABAE) distinguiu a excel\u00eancia das praias de Oeiras atribuindo, pela terceira vez consecutiva, a...","og_url":"https:\/\/maismagazine.pt\/index.php\/2022\/06\/09\/bandeira-azul-e-o-importante-cartao-de-visita-que-oeiras-vai-erguer-esta-epoca-balnear\/","og_site_name":"Mais Magazine","article_published_time":"2022-06-09T06:07:00+00:00","og_image":[{"width":960,"height":640,"url":"https:\/\/maismagazine.pt\/wp-content\/uploads\/2022\/06\/praia-de-sto-amaro.jpg","type":"image\/jpeg"}],"author":"Jo\u00e3o Malainho","twitter_card":"summary_large_image","twitter_misc":{"Escrito por":false,"Tempo estimado de leitura":"3 minutos"},"schema":{"@context":"https:\/\/schema.org","@graph":[{"@type":"Article","@id":"https:\/\/maismagazine.pt\/index.php\/2022\/06\/09\/bandeira-azul-e-o-importante-cartao-de-visita-que-oeiras-vai-erguer-esta-epoca-balnear\/#article","isPartOf":{"@id":"https:\/\/maismagazine.pt\/index.php\/2022\/06\/09\/bandeira-azul-e-o-importante-cartao-de-visita-que-oeiras-vai-erguer-esta-epoca-balnear\/"},"author":{"name":"Jo\u00e3o Malainho","@id":"http:\/\/maismagazine.pt\/#\/schema\/person\/999bd426f894ff56d397ec12ebd21ebb"},"headline":"Bandeira Azul \u00e9 o importante cart\u00e3o de visita que Oeiras vai erguer esta \u00e9poca balnear","datePublished":"2022-06-09T06:07:00+00:00","mainEntityOfPage":{"@id":"https:\/\/maismagazine.pt\/index.php\/2022\/06\/09\/bandeira-azul-e-o-importante-cartao-de-visita-que-oeiras-vai-erguer-esta-epoca-balnear\/"},"wordCount":628,"commentCount":0,"publisher":{"@id":"http:\/\/maismagazine.pt\/#organization"},"image":{"@id":"https:\/\/maismagazine.pt\/index.php\/2022\/06\/09\/bandeira-azul-e-o-importante-cartao-de-visita-que-oeiras-vai-erguer-esta-epoca-balnear\/#primaryimage"},"thumbnailUrl":"https:\/\/maismagazine.pt\/wp-content\/uploads\/2022\/06\/praia-de-sto-amaro.jpg","keywords":["Abae","Bandeira azul","Oeiras"],"articleSection":["ABAE"],"inLanguage":"pt-PT","potentialAction":[{"@type":"CommentAction","name":"Comment","target":["https:\/\/maismagazine.pt\/index.php\/2022\/06\/09\/bandeira-azul-e-o-importante-cartao-de-visita-que-oeiras-vai-erguer-esta-epoca-balnear\/#respond"]}]},{"@type":"WebPage","@id":"https:\/\/maismagazine.pt\/index.php\/2022\/06\/09\/bandeira-azul-e-o-importante-cartao-de-visita-que-oeiras-vai-erguer-esta-epoca-balnear\/","url":"https:\/\/maismagazine.pt\/index.php\/2022\/06\/09\/bandeira-azul-e-o-importante-cartao-de-visita-que-oeiras-vai-erguer-esta-epoca-balnear\/","name":"Bandeira Azul \u00e9 o importante cart\u00e3o de visita que Oeiras vai erguer esta \u00e9poca balnear - Mais Magazine","isPartOf":{"@id":"http:\/\/maismagazine.pt\/#website"},"primaryImageOfPage":{"@id":"https:\/\/maismagazine.pt\/index.php\/2022\/06\/09\/bandeira-azul-e-o-importante-cartao-de-visita-que-oeiras-vai-erguer-esta-epoca-balnear\/#primaryimage"},"image":{"@id":"https:\/\/maismagazine.pt\/index.php\/2022\/06\/09\/bandeira-azul-e-o-importante-cartao-de-visita-que-oeiras-vai-erguer-esta-epoca-balnear\/#primaryimage"},"thumbnailUrl":"https:\/\/maismagazine.pt\/wp-content\/uploads\/2022\/06\/praia-de-sto-amaro.jpg","datePublished":"2022-06-09T06:07:00+00:00","description":"A Associa\u00e7\u00e3o Bandeira Azul da Europa (ABAE) distinguiu a excel\u00eancia das praias de Oeiras atribuindo, pela terceira vez consecutiva, a...","breadcrumb":{"@id":"https:\/\/maismagazine.pt\/index.php\/2022\/06\/09\/bandeira-azul-e-o-importante-cartao-de-visita-que-oeiras-vai-erguer-esta-epoca-balnear\/#breadcrumb"},"inLanguage":"pt-PT","potentialAction":[{"@type":"ReadAction","target":["https:\/\/maismagazine.pt\/index.php\/2022\/06\/09\/bandeira-azul-e-o-importante-cartao-de-visita-que-oeiras-vai-erguer-esta-epoca-balnear\/"]}]},{"@type":"ImageObject","inLanguage":"pt-PT","@id":"https:\/\/maismagazine.pt\/index.php\/2022\/06\/09\/bandeira-azul-e-o-importante-cartao-de-visita-que-oeiras-vai-erguer-esta-epoca-balnear\/#primaryimage","url":"https:\/\/maismagazine.pt\/wp-content\/uploads\/2022\/06\/praia-de-sto-amaro.jpg","contentUrl":"https:\/\/maismagazine.pt\/wp-content\/uploads\/2022\/06\/praia-de-sto-amaro.jpg","width":960,"height":640,"caption":"Praia de Santo Amaro de Oeiras. Passeio Mar\u00edtimo | Av. Marginal"},{"@type":"BreadcrumbList","@id":"https:\/\/maismagazine.pt\/index.php\/2022\/06\/09\/bandeira-azul-e-o-importante-cartao-de-visita-que-oeiras-vai-erguer-esta-epoca-balnear\/#breadcrumb","itemListElement":[{"@type":"ListItem","position":1,"name":"Home","item":"http:\/\/maismagazine.pt\/"},{"@type":"ListItem","position":2,"name":"Bandeira Azul \u00e9 o importante cart\u00e3o de visita que Oeiras vai erguer esta \u00e9poca balnear"}]},{"@type":"WebSite","@id":"http:\/\/maismagazine.pt\/#website","url":"http:\/\/maismagazine.pt\/","name":"Mais Magazine","description":"","publisher":{"@id":"http:\/\/maismagazine.pt\/#organization"},"potentialAction":[{"@type":"SearchAction","target":{"@type":"EntryPoint","urlTemplate":"http:\/\/maismagazine.pt\/?s={search_term_string}"},"query-input":{"@type":"PropertyValueSpecification","valueRequired":true,"valueName":"search_term_string"}}],"inLanguage":"pt-PT"},{"@type":"Organization","@id":"http:\/\/maismagazine.pt\/#organization","name":"Mais Magazine","url":"http:\/\/maismagazine.pt\/","logo":{"@type":"ImageObject","inLanguage":"pt-PT","@id":"http:\/\/maismagazine.pt\/#\/schema\/logo\/image\/","url":"https:\/\/maismagazine.pt\/wp-content\/uploads\/2020\/04\/cropped-cropped-mais-magazine-site-logo-2.png","contentUrl":"https:\/\/maismagazine.pt\/wp-content\/uploads\/2020\/04\/cropped-cropped-mais-magazine-site-logo-2.png","width":581,"height":90,"caption":"Mais Magazine"},"image":{"@id":"http:\/\/maismagazine.pt\/#\/schema\/logo\/image\/"}},{"@type":"Person","@id":"http:\/\/maismagazine.pt\/#\/schema\/person\/999bd426f894ff56d397ec12ebd21ebb","name":"Jo\u00e3o Malainho","image":{"@type":"ImageObject","inLanguage":"pt-PT","@id":"http:\/\/maismagazine.pt\/#\/schema\/person\/image\/","url":"https:\/\/secure.gravatar.com\/avatar\/ff03c2f38edf60b2a827aa4f74878491?s=96&d=mm&r=g","contentUrl":"https:\/\/secure.gravatar.com\/avatar\/ff03c2f38edf60b2a827aa4f74878491?s=96&d=mm&r=g","caption":"Jo\u00e3o Malainho"},"url":"https:\/\/maismagazine.pt\/index.php\/author\/maismagazine\/"}]}},"author_meta":{"display_name":false,"author_link":"https:\/\/maismagazine.pt\/index.php\/author\/maismagazine\/"},"featured_img":"https:\/\/maismagazine.pt\/wp-content\/uploads\/2022\/06\/praia-de-sto-amaro-300x200.jpg","coauthors":[],"tax_additional":{"categories":{"linked":["<a href=\"https:\/\/maismagazine.pt\/index.php\/category\/abae\/\" class=\"advgb-post-tax-term\">ABAE<\/a>"],"unlinked":["<span class=\"advgb-post-tax-term\">ABAE<\/span>"]},"tags":{"linked":["<a href=\"https:\/\/maismagazine.pt\/index.php\/category\/abae\/\" class=\"advgb-post-tax-term\">Abae<\/a>","<a href=\"https:\/\/maismagazine.pt\/index.php\/category\/abae\/\" class=\"advgb-post-tax-term\">Bandeira azul<\/a>","<a href=\"https:\/\/maismagazine.pt\/index.php\/category\/abae\/\" class=\"advgb-post-tax-term\">Oeiras<\/a>"],"unlinked":["<span class=\"advgb-post-tax-term\">Abae<\/span>","<span class=\"advgb-post-tax-term\">Bandeira azul<\/span>","<span class=\"advgb-post-tax-term\">Oeiras<\/span>"]}},"comment_count":"0","relative_dates":{"created":"Posted 4 anos ago","modified":"Updated 4 anos ago"},"absolute_dates":{"created":"Posted on 9 de Junho, 2022","modified":"Updated on 1 de Junho, 2022"},"absolute_dates_time":{"created":"Posted on 9 de Junho, 2022 7:07","modified":"Updated on 1 de Junho, 2022 14:59"},"featured_img_caption":"Praia de Santo Amaro de Oeiras. Passeio Mar\u00edtimo | Av. Marginal","series_order":"","_links":{"self":[{"href":"https:\/\/maismagazine.pt\/index.php\/wp-json\/wp\/v2\/posts\/3577","targetHints":{"allow":["GET"]}}],"collection":[{"href":"https:\/\/maismagazine.pt\/index.php\/wp-json\/wp\/v2\/posts"}],"about":[{"href":"https:\/\/maismagazine.pt\/index.php\/wp-json\/wp\/v2\/types\/post"}],"author":[{"embeddable":true,"href":"https:\/\/maismagazine.pt\/index.php\/wp-json\/wp\/v2\/users\/7"}],"replies":[{"embeddable":true,"href":"https:\/\/maismagazine.pt\/index.php\/wp-json\/wp\/v2\/comments?post=3577"}],"version-history":[{"count":1,"href":"https:\/\/maismagazine.pt\/index.php\/wp-json\/wp\/v2\/posts\/3577\/revisions"}],"predecessor-version":[{"id":3584,"href":"https:\/\/maismagazine.pt\/index.php\/wp-json\/wp\/v2\/posts\/3577\/revisions\/3584"}],"wp:featuredmedia":[{"embeddable":true,"href":"https:\/\/maismagazine.pt\/index.php\/wp-json\/wp\/v2\/media\/3582"}],"wp:attachment":[{"href":"https:\/\/maismagazine.pt\/index.php\/wp-json\/wp\/v2\/media?parent=3577"}],"wp:term":[{"taxonomy":"category","embeddable":true,"href":"https:\/\/maismagazine.pt\/index.php\/wp-json\/wp\/v2\/categories?post=3577"},{"taxonomy":"post_tag","embeddable":true,"href":"https:\/\/maismagazine.pt\/index.php\/wp-json\/wp\/v2\/tags?post=3577"}],"curies":[{"name":"wp","href":"https:\/\/api.w.org\/{rel}","templated":true}]}}