{"id":3571,"date":"2022-06-09T07:00:00","date_gmt":"2022-06-09T06:00:00","guid":{"rendered":"https:\/\/maismagazine.pt\/?p=3571"},"modified":"2022-06-01T14:58:45","modified_gmt":"2022-06-01T13:58:45","slug":"sterna-a-primeira-operacao-na-zona-centro-de-portugal-galardoada-com-a-bandeira-azul","status":"publish","type":"post","link":"https:\/\/maismagazine.pt\/index.php\/2022\/06\/09\/sterna-a-primeira-operacao-na-zona-centro-de-portugal-galardoada-com-a-bandeira-azul\/","title":{"rendered":"Sterna: \u201cA primeira opera\u00e7\u00e3o na zona Centro de Portugal galardoada\u201d com a Bandeira Azul"},"content":{"rendered":"\n<p><strong>Localizados no Salgado da Ria de Aveiro, mais do que um passeio de barco, oferecem aos turistas de v\u00e1rias nacionalidades \u201cuma experi\u00eancia\u201d 100% ecol\u00f3gica, onde fazem quest\u00e3o de vigorar o patrim\u00f3nio natural, industrial e gastron\u00f3mico da regi\u00e3o.<\/strong><\/p>\n\n\n\n<p><\/p>\n\n\n\n<p>Na \u201ccidade dos canais\u201d h\u00e1 uma embarca\u00e7\u00e3o que na pr\u00f3xima \u00e9poca balnear abra\u00e7ar\u00e1 o Salgado da Ria de Aveiro com a Bandeira Azul i\u00e7ada. A Gaivinha \u00e9 \u201ca primeira opera\u00e7\u00e3o na zona do Centro de Portugal galardoada\u201d e foi \u201ccom uma boa satisfa\u00e7\u00e3o\u201d que toda a equipa da <a href=\"http:\/\/www.sterna.pt\" target=\"_blank\" rel=\"noreferrer noopener\">Sterna<\/a> Boat Tours recebeu esta distin\u00e7\u00e3o, tal como nos confessou Sandra Oliveira, a gestora deste projeto. Para al\u00e9m deste reconhecimento &#8211; uma \u201cimportante equa\u00e7\u00e3o para o presente e futuro\u201d, e j\u00e1 com a sustentabilidade e o \u201cacrescentar valor\u201d na mira do horizonte, esta empresa tem \u201cem curso um processo de certifica\u00e7\u00e3o ambiental, que estar\u00e1 conclu\u00eddo, at\u00e9 meados do m\u00eas de julho\u201d. Um contributo para o compromisso do desenvolvimento ambiental desta cidade e das metas europeias para 2030.<\/p>\n\n\n\n<p>Navegar ao leme deste barco ecotur\u00edstico, n\u00e3o poluente, movido a energia solar \u201cnuma imers\u00e3o pelo Salgado da Ria de Aveiro, as antigas marinhas de sal, que fazem parte da Zona de Prote\u00e7\u00e3o Especial\u201d n\u00e3o \u00e9 apenas um \u201cpasseio\u201d, \u201cmas sim uma experi\u00eancia\u201d. O sil\u00eancio e a aus\u00eancia \u201cdos cheiros a combust\u00edveis f\u00f3sseis\u201d al\u00e9m de ser uma diferen\u00e7a que demarca o sonho dos propriet\u00e1rios desta organiza\u00e7\u00e3o, \u00e9 tamb\u00e9m um fator de atra\u00e7\u00e3o para \u201cos turistas de v\u00e1rias nacionalidades\u201d que entram nesta aventura e ficam, em primeiro lugar, \u201csurpreendidos\u201d e depois \u201cmuito agradados com a combina\u00e7\u00e3o\u201d. Contudo, este atravessar pela ria fora \u201cem esteiros mais intimistas\u201d, nem sempre \u00e9 acess\u00edvel \u201cdevido \u00e0s mar\u00e9s\u201d.<\/p>\n\n\n\n<p>A viagem pelo patrim\u00f3nio natural e industrial de Aveiro \u00e9 \u201csempre acompanhada de uma guia\u201d, que conta aos visitantes as hist\u00f3rias da forma\u00e7\u00e3o da Ria, \u201cda Safra do Sal e do Bacalhau, da abertura da Barra, do Rio Novo do Pr\u00edncipe, dos Estaleiros navais de S\u00e3o Jacinto, as Ilhas da Ria\u201d, entre outros. E n\u00e3o \u00e9 s\u00f3 pela \u00e1gua que se complementa esta \u201cimers\u00e3o\u201d. H\u00e1 ainda o Birdwatching com o privil\u00e9gio de vislumbrar as aves que pousam por Aveiro.<\/p>\n\n\n\n<p>Desengane-se se pensa que a liga\u00e7\u00e3o \u00e0 terra fica por aqui. \u201cPercebemos que a generalidade dos habitantes (&#8230;) n\u00e3o conhecem a ria de Aveiro\u201d, por isso a Sterna no ano passado, de forma a captarem mais \u201cturistas nativos\u201d organizou a \u201capanha de bibalves\u201d. J\u00e1 em 2022, em prol do mesmo objetivo, Sandra Oliveira relata que \u201cuma vez por m\u00eas\u201d salta a bordo um \u201cMarnoto\u201d, um conhecedor da ria como ningu\u00e9m, que proporciona relatos reais e no fundo uma partilha de saberes e mem\u00f3rias. A gastronomia carater\u00edstica desta regi\u00e3o tamb\u00e9m \u00e9 transportada para a Gaivinha. Os ovos moles s\u00e3o a \u201ccereja do topo do bolo\u201d para fechar a simbiose \u201cintimista e personalizada\u201d das tradi\u00e7\u00f5es de Aveiro.<\/p>\n\n\n\n<p>\u201cSer uma refer\u00eancia\u201d no mercado em que atuam \u00e9 o objetivo da Sterna para o futuro, confessa-nos a sua gestora, que ainda adianta o grande trabalho que t\u00eam pela frente para conseguirem \u201catuar neste canal\u201d. A expectativa para este ver\u00e3o \u00e9 alta, sobretudo \u201cde crescimento\u201d, uma vez que \u00e9 \u201co terceiro ano de opera\u00e7\u00e3o (&#8230;) somos mais conhecidos e referenciados\u201d e j\u00e1 prestam servi\u00e7os durante todos os meses, o que acaba por \u201cajudar a combater a sazonalidade\u201d. Sem levantar o v\u00e9u, a propriet\u00e1ria finaliza a conversa ao divulgar que t\u00eam \u201calgumas ideias que pretendemos concretizar\u201d em 2023.<\/p>\n\n\n\n<p><\/p>\n","protected":false},"excerpt":{"rendered":"<p>Localizados no Salgado da Ria de Aveiro, mais do que um passeio de barco, oferecem aos turistas de v\u00e1rias nacionalidades \u201cuma experi\u00eancia\u201d 100% ecol\u00f3gica, onde fazem quest\u00e3o de vigorar o patrim\u00f3nio natural, industrial e gastron\u00f3mico da regi\u00e3o. Na \u201ccidade dos canais\u201d h\u00e1 uma embarca\u00e7\u00e3o que na pr\u00f3xima \u00e9poca balnear abra\u00e7ar\u00e1&hellip;<\/p>\n","protected":false},"author":7,"featured_media":3579,"comment_status":"open","ping_status":"open","sticky":false,"template":"","format":"standard","meta":{"advgb_blocks_editor_width":"","advgb_blocks_columns_visual_guide":"","_monsterinsights_skip_tracking":false,"_monsterinsights_sitenote_active":false,"_monsterinsights_sitenote_note":"","_monsterinsights_sitenote_category":0,"footnotes":""},"categories":[722],"tags":[196,734],"class_list":["post-3571","post","type-post","status-publish","format-standard","has-post-thumbnail","hentry","category-abae","tag-aveiro","tag-bandeira-azul"],"yoast_head":"<!-- This site is optimized with the Yoast SEO plugin v24.4 - https:\/\/yoast.com\/wordpress\/plugins\/seo\/ -->\n<title>Sterna: \u201cA primeira opera\u00e7\u00e3o na zona Centro de Portugal galardoada\u201d com a Bandeira Azul - Mais Magazine<\/title>\n<meta name=\"description\" content=\"Localizados no Salgado da Ria de Aveiro, mais do que um passeio de barco, oferecem aos turistas de v\u00e1rias nacionalidades...\" \/>\n<meta name=\"robots\" content=\"index, follow, max-snippet:-1, max-image-preview:large, max-video-preview:-1\" \/>\n<link rel=\"canonical\" href=\"https:\/\/maismagazine.pt\/index.php\/2022\/06\/09\/sterna-a-primeira-operacao-na-zona-centro-de-portugal-galardoada-com-a-bandeira-azul\/\" \/>\n<meta property=\"og:locale\" content=\"pt_PT\" \/>\n<meta property=\"og:type\" content=\"article\" \/>\n<meta property=\"og:title\" content=\"Sterna: \u201cA primeira opera\u00e7\u00e3o na zona Centro de Portugal galardoada\u201d com a Bandeira Azul - Mais Magazine\" \/>\n<meta property=\"og:description\" content=\"Localizados no Salgado da Ria de Aveiro, mais do que um passeio de barco, oferecem aos turistas de v\u00e1rias nacionalidades...\" \/>\n<meta property=\"og:url\" content=\"https:\/\/maismagazine.pt\/index.php\/2022\/06\/09\/sterna-a-primeira-operacao-na-zona-centro-de-portugal-galardoada-com-a-bandeira-azul\/\" \/>\n<meta property=\"og:site_name\" content=\"Mais Magazine\" \/>\n<meta property=\"article:published_time\" content=\"2022-06-09T06:00:00+00:00\" \/>\n<meta property=\"og:image\" content=\"https:\/\/maismagazine.pt\/wp-content\/uploads\/2022\/06\/IMG_6987-scaled.jpg\" \/>\n\t<meta property=\"og:image:width\" content=\"2560\" \/>\n\t<meta property=\"og:image:height\" content=\"1920\" \/>\n\t<meta property=\"og:image:type\" content=\"image\/jpeg\" \/>\n<meta name=\"author\" content=\"Jo\u00e3o Malainho\" \/>\n<meta name=\"twitter:card\" content=\"summary_large_image\" \/>\n<meta name=\"twitter:label1\" content=\"Escrito por\" \/>\n\t<meta name=\"twitter:data1\" content=\"\" \/>\n\t<meta name=\"twitter:label2\" content=\"Tempo estimado de leitura\" \/>\n\t<meta name=\"twitter:data2\" content=\"3 minutos\" \/>\n<script type=\"application\/ld+json\" class=\"yoast-schema-graph\">{\"@context\":\"https:\/\/schema.org\",\"@graph\":[{\"@type\":\"Article\",\"@id\":\"https:\/\/maismagazine.pt\/index.php\/2022\/06\/09\/sterna-a-primeira-operacao-na-zona-centro-de-portugal-galardoada-com-a-bandeira-azul\/#article\",\"isPartOf\":{\"@id\":\"https:\/\/maismagazine.pt\/index.php\/2022\/06\/09\/sterna-a-primeira-operacao-na-zona-centro-de-portugal-galardoada-com-a-bandeira-azul\/\"},\"author\":{\"name\":\"Jo\u00e3o Malainho\",\"@id\":\"http:\/\/maismagazine.pt\/#\/schema\/person\/999bd426f894ff56d397ec12ebd21ebb\"},\"headline\":\"Sterna: \u201cA primeira opera\u00e7\u00e3o na zona Centro de Portugal galardoada\u201d com a Bandeira Azul\",\"datePublished\":\"2022-06-09T06:00:00+00:00\",\"mainEntityOfPage\":{\"@id\":\"https:\/\/maismagazine.pt\/index.php\/2022\/06\/09\/sterna-a-primeira-operacao-na-zona-centro-de-portugal-galardoada-com-a-bandeira-azul\/\"},\"wordCount\":627,\"commentCount\":0,\"publisher\":{\"@id\":\"http:\/\/maismagazine.pt\/#organization\"},\"image\":{\"@id\":\"https:\/\/maismagazine.pt\/index.php\/2022\/06\/09\/sterna-a-primeira-operacao-na-zona-centro-de-portugal-galardoada-com-a-bandeira-azul\/#primaryimage\"},\"thumbnailUrl\":\"https:\/\/maismagazine.pt\/wp-content\/uploads\/2022\/06\/IMG_6987-scaled.jpg\",\"keywords\":[\"aveiro\",\"Bandeira azul\"],\"articleSection\":[\"ABAE\"],\"inLanguage\":\"pt-PT\",\"potentialAction\":[{\"@type\":\"CommentAction\",\"name\":\"Comment\",\"target\":[\"https:\/\/maismagazine.pt\/index.php\/2022\/06\/09\/sterna-a-primeira-operacao-na-zona-centro-de-portugal-galardoada-com-a-bandeira-azul\/#respond\"]}]},{\"@type\":\"WebPage\",\"@id\":\"https:\/\/maismagazine.pt\/index.php\/2022\/06\/09\/sterna-a-primeira-operacao-na-zona-centro-de-portugal-galardoada-com-a-bandeira-azul\/\",\"url\":\"https:\/\/maismagazine.pt\/index.php\/2022\/06\/09\/sterna-a-primeira-operacao-na-zona-centro-de-portugal-galardoada-com-a-bandeira-azul\/\",\"name\":\"Sterna: \u201cA primeira opera\u00e7\u00e3o na zona Centro de Portugal galardoada\u201d com a Bandeira Azul - Mais Magazine\",\"isPartOf\":{\"@id\":\"http:\/\/maismagazine.pt\/#website\"},\"primaryImageOfPage\":{\"@id\":\"https:\/\/maismagazine.pt\/index.php\/2022\/06\/09\/sterna-a-primeira-operacao-na-zona-centro-de-portugal-galardoada-com-a-bandeira-azul\/#primaryimage\"},\"image\":{\"@id\":\"https:\/\/maismagazine.pt\/index.php\/2022\/06\/09\/sterna-a-primeira-operacao-na-zona-centro-de-portugal-galardoada-com-a-bandeira-azul\/#primaryimage\"},\"thumbnailUrl\":\"https:\/\/maismagazine.pt\/wp-content\/uploads\/2022\/06\/IMG_6987-scaled.jpg\",\"datePublished\":\"2022-06-09T06:00:00+00:00\",\"description\":\"Localizados no Salgado da Ria de Aveiro, mais do que um passeio de barco, oferecem aos turistas de v\u00e1rias nacionalidades...\",\"breadcrumb\":{\"@id\":\"https:\/\/maismagazine.pt\/index.php\/2022\/06\/09\/sterna-a-primeira-operacao-na-zona-centro-de-portugal-galardoada-com-a-bandeira-azul\/#breadcrumb\"},\"inLanguage\":\"pt-PT\",\"potentialAction\":[{\"@type\":\"ReadAction\",\"target\":[\"https:\/\/maismagazine.pt\/index.php\/2022\/06\/09\/sterna-a-primeira-operacao-na-zona-centro-de-portugal-galardoada-com-a-bandeira-azul\/\"]}]},{\"@type\":\"ImageObject\",\"inLanguage\":\"pt-PT\",\"@id\":\"https:\/\/maismagazine.pt\/index.php\/2022\/06\/09\/sterna-a-primeira-operacao-na-zona-centro-de-portugal-galardoada-com-a-bandeira-azul\/#primaryimage\",\"url\":\"https:\/\/maismagazine.pt\/wp-content\/uploads\/2022\/06\/IMG_6987-scaled.jpg\",\"contentUrl\":\"https:\/\/maismagazine.pt\/wp-content\/uploads\/2022\/06\/IMG_6987-scaled.jpg\",\"width\":2560,\"height\":1920},{\"@type\":\"BreadcrumbList\",\"@id\":\"https:\/\/maismagazine.pt\/index.php\/2022\/06\/09\/sterna-a-primeira-operacao-na-zona-centro-de-portugal-galardoada-com-a-bandeira-azul\/#breadcrumb\",\"itemListElement\":[{\"@type\":\"ListItem\",\"position\":1,\"name\":\"Home\",\"item\":\"http:\/\/maismagazine.pt\/\"},{\"@type\":\"ListItem\",\"position\":2,\"name\":\"Sterna: \u201cA primeira opera\u00e7\u00e3o na zona Centro de Portugal galardoada\u201d com a Bandeira Azul\"}]},{\"@type\":\"WebSite\",\"@id\":\"http:\/\/maismagazine.pt\/#website\",\"url\":\"http:\/\/maismagazine.pt\/\",\"name\":\"Mais Magazine\",\"description\":\"\",\"publisher\":{\"@id\":\"http:\/\/maismagazine.pt\/#organization\"},\"potentialAction\":[{\"@type\":\"SearchAction\",\"target\":{\"@type\":\"EntryPoint\",\"urlTemplate\":\"http:\/\/maismagazine.pt\/?s={search_term_string}\"},\"query-input\":{\"@type\":\"PropertyValueSpecification\",\"valueRequired\":true,\"valueName\":\"search_term_string\"}}],\"inLanguage\":\"pt-PT\"},{\"@type\":\"Organization\",\"@id\":\"http:\/\/maismagazine.pt\/#organization\",\"name\":\"Mais Magazine\",\"url\":\"http:\/\/maismagazine.pt\/\",\"logo\":{\"@type\":\"ImageObject\",\"inLanguage\":\"pt-PT\",\"@id\":\"http:\/\/maismagazine.pt\/#\/schema\/logo\/image\/\",\"url\":\"https:\/\/maismagazine.pt\/wp-content\/uploads\/2020\/04\/cropped-cropped-mais-magazine-site-logo-2.png\",\"contentUrl\":\"https:\/\/maismagazine.pt\/wp-content\/uploads\/2020\/04\/cropped-cropped-mais-magazine-site-logo-2.png\",\"width\":581,\"height\":90,\"caption\":\"Mais Magazine\"},\"image\":{\"@id\":\"http:\/\/maismagazine.pt\/#\/schema\/logo\/image\/\"}},{\"@type\":\"Person\",\"@id\":\"http:\/\/maismagazine.pt\/#\/schema\/person\/999bd426f894ff56d397ec12ebd21ebb\",\"name\":\"Jo\u00e3o Malainho\",\"image\":{\"@type\":\"ImageObject\",\"inLanguage\":\"pt-PT\",\"@id\":\"http:\/\/maismagazine.pt\/#\/schema\/person\/image\/\",\"url\":\"https:\/\/secure.gravatar.com\/avatar\/ff03c2f38edf60b2a827aa4f74878491?s=96&d=mm&r=g\",\"contentUrl\":\"https:\/\/secure.gravatar.com\/avatar\/ff03c2f38edf60b2a827aa4f74878491?s=96&d=mm&r=g\",\"caption\":\"Jo\u00e3o Malainho\"},\"url\":\"https:\/\/maismagazine.pt\/index.php\/author\/maismagazine\/\"}]}<\/script>\n<!-- \/ Yoast SEO plugin. -->","yoast_head_json":{"title":"Sterna: \u201cA primeira opera\u00e7\u00e3o na zona Centro de Portugal galardoada\u201d com a Bandeira Azul - Mais Magazine","description":"Localizados no Salgado da Ria de Aveiro, mais do que um passeio de barco, oferecem aos turistas de v\u00e1rias nacionalidades...","robots":{"index":"index","follow":"follow","max-snippet":"max-snippet:-1","max-image-preview":"max-image-preview:large","max-video-preview":"max-video-preview:-1"},"canonical":"https:\/\/maismagazine.pt\/index.php\/2022\/06\/09\/sterna-a-primeira-operacao-na-zona-centro-de-portugal-galardoada-com-a-bandeira-azul\/","og_locale":"pt_PT","og_type":"article","og_title":"Sterna: \u201cA primeira opera\u00e7\u00e3o na zona Centro de Portugal galardoada\u201d com a Bandeira Azul - Mais Magazine","og_description":"Localizados no Salgado da Ria de Aveiro, mais do que um passeio de barco, oferecem aos turistas de v\u00e1rias nacionalidades...","og_url":"https:\/\/maismagazine.pt\/index.php\/2022\/06\/09\/sterna-a-primeira-operacao-na-zona-centro-de-portugal-galardoada-com-a-bandeira-azul\/","og_site_name":"Mais Magazine","article_published_time":"2022-06-09T06:00:00+00:00","og_image":[{"width":2560,"height":1920,"url":"https:\/\/maismagazine.pt\/wp-content\/uploads\/2022\/06\/IMG_6987-scaled.jpg","type":"image\/jpeg"}],"author":"Jo\u00e3o Malainho","twitter_card":"summary_large_image","twitter_misc":{"Escrito por":false,"Tempo estimado de leitura":"3 minutos"},"schema":{"@context":"https:\/\/schema.org","@graph":[{"@type":"Article","@id":"https:\/\/maismagazine.pt\/index.php\/2022\/06\/09\/sterna-a-primeira-operacao-na-zona-centro-de-portugal-galardoada-com-a-bandeira-azul\/#article","isPartOf":{"@id":"https:\/\/maismagazine.pt\/index.php\/2022\/06\/09\/sterna-a-primeira-operacao-na-zona-centro-de-portugal-galardoada-com-a-bandeira-azul\/"},"author":{"name":"Jo\u00e3o Malainho","@id":"http:\/\/maismagazine.pt\/#\/schema\/person\/999bd426f894ff56d397ec12ebd21ebb"},"headline":"Sterna: \u201cA primeira opera\u00e7\u00e3o na zona Centro de Portugal galardoada\u201d com a Bandeira Azul","datePublished":"2022-06-09T06:00:00+00:00","mainEntityOfPage":{"@id":"https:\/\/maismagazine.pt\/index.php\/2022\/06\/09\/sterna-a-primeira-operacao-na-zona-centro-de-portugal-galardoada-com-a-bandeira-azul\/"},"wordCount":627,"commentCount":0,"publisher":{"@id":"http:\/\/maismagazine.pt\/#organization"},"image":{"@id":"https:\/\/maismagazine.pt\/index.php\/2022\/06\/09\/sterna-a-primeira-operacao-na-zona-centro-de-portugal-galardoada-com-a-bandeira-azul\/#primaryimage"},"thumbnailUrl":"https:\/\/maismagazine.pt\/wp-content\/uploads\/2022\/06\/IMG_6987-scaled.jpg","keywords":["aveiro","Bandeira azul"],"articleSection":["ABAE"],"inLanguage":"pt-PT","potentialAction":[{"@type":"CommentAction","name":"Comment","target":["https:\/\/maismagazine.pt\/index.php\/2022\/06\/09\/sterna-a-primeira-operacao-na-zona-centro-de-portugal-galardoada-com-a-bandeira-azul\/#respond"]}]},{"@type":"WebPage","@id":"https:\/\/maismagazine.pt\/index.php\/2022\/06\/09\/sterna-a-primeira-operacao-na-zona-centro-de-portugal-galardoada-com-a-bandeira-azul\/","url":"https:\/\/maismagazine.pt\/index.php\/2022\/06\/09\/sterna-a-primeira-operacao-na-zona-centro-de-portugal-galardoada-com-a-bandeira-azul\/","name":"Sterna: \u201cA primeira opera\u00e7\u00e3o na zona Centro de Portugal galardoada\u201d com a Bandeira Azul - Mais Magazine","isPartOf":{"@id":"http:\/\/maismagazine.pt\/#website"},"primaryImageOfPage":{"@id":"https:\/\/maismagazine.pt\/index.php\/2022\/06\/09\/sterna-a-primeira-operacao-na-zona-centro-de-portugal-galardoada-com-a-bandeira-azul\/#primaryimage"},"image":{"@id":"https:\/\/maismagazine.pt\/index.php\/2022\/06\/09\/sterna-a-primeira-operacao-na-zona-centro-de-portugal-galardoada-com-a-bandeira-azul\/#primaryimage"},"thumbnailUrl":"https:\/\/maismagazine.pt\/wp-content\/uploads\/2022\/06\/IMG_6987-scaled.jpg","datePublished":"2022-06-09T06:00:00+00:00","description":"Localizados no Salgado da Ria de Aveiro, mais do que um passeio de barco, oferecem aos turistas de v\u00e1rias nacionalidades...","breadcrumb":{"@id":"https:\/\/maismagazine.pt\/index.php\/2022\/06\/09\/sterna-a-primeira-operacao-na-zona-centro-de-portugal-galardoada-com-a-bandeira-azul\/#breadcrumb"},"inLanguage":"pt-PT","potentialAction":[{"@type":"ReadAction","target":["https:\/\/maismagazine.pt\/index.php\/2022\/06\/09\/sterna-a-primeira-operacao-na-zona-centro-de-portugal-galardoada-com-a-bandeira-azul\/"]}]},{"@type":"ImageObject","inLanguage":"pt-PT","@id":"https:\/\/maismagazine.pt\/index.php\/2022\/06\/09\/sterna-a-primeira-operacao-na-zona-centro-de-portugal-galardoada-com-a-bandeira-azul\/#primaryimage","url":"https:\/\/maismagazine.pt\/wp-content\/uploads\/2022\/06\/IMG_6987-scaled.jpg","contentUrl":"https:\/\/maismagazine.pt\/wp-content\/uploads\/2022\/06\/IMG_6987-scaled.jpg","width":2560,"height":1920},{"@type":"BreadcrumbList","@id":"https:\/\/maismagazine.pt\/index.php\/2022\/06\/09\/sterna-a-primeira-operacao-na-zona-centro-de-portugal-galardoada-com-a-bandeira-azul\/#breadcrumb","itemListElement":[{"@type":"ListItem","position":1,"name":"Home","item":"http:\/\/maismagazine.pt\/"},{"@type":"ListItem","position":2,"name":"Sterna: \u201cA primeira opera\u00e7\u00e3o na zona Centro de Portugal galardoada\u201d com a Bandeira Azul"}]},{"@type":"WebSite","@id":"http:\/\/maismagazine.pt\/#website","url":"http:\/\/maismagazine.pt\/","name":"Mais Magazine","description":"","publisher":{"@id":"http:\/\/maismagazine.pt\/#organization"},"potentialAction":[{"@type":"SearchAction","target":{"@type":"EntryPoint","urlTemplate":"http:\/\/maismagazine.pt\/?s={search_term_string}"},"query-input":{"@type":"PropertyValueSpecification","valueRequired":true,"valueName":"search_term_string"}}],"inLanguage":"pt-PT"},{"@type":"Organization","@id":"http:\/\/maismagazine.pt\/#organization","name":"Mais Magazine","url":"http:\/\/maismagazine.pt\/","logo":{"@type":"ImageObject","inLanguage":"pt-PT","@id":"http:\/\/maismagazine.pt\/#\/schema\/logo\/image\/","url":"https:\/\/maismagazine.pt\/wp-content\/uploads\/2020\/04\/cropped-cropped-mais-magazine-site-logo-2.png","contentUrl":"https:\/\/maismagazine.pt\/wp-content\/uploads\/2020\/04\/cropped-cropped-mais-magazine-site-logo-2.png","width":581,"height":90,"caption":"Mais Magazine"},"image":{"@id":"http:\/\/maismagazine.pt\/#\/schema\/logo\/image\/"}},{"@type":"Person","@id":"http:\/\/maismagazine.pt\/#\/schema\/person\/999bd426f894ff56d397ec12ebd21ebb","name":"Jo\u00e3o Malainho","image":{"@type":"ImageObject","inLanguage":"pt-PT","@id":"http:\/\/maismagazine.pt\/#\/schema\/person\/image\/","url":"https:\/\/secure.gravatar.com\/avatar\/ff03c2f38edf60b2a827aa4f74878491?s=96&d=mm&r=g","contentUrl":"https:\/\/secure.gravatar.com\/avatar\/ff03c2f38edf60b2a827aa4f74878491?s=96&d=mm&r=g","caption":"Jo\u00e3o Malainho"},"url":"https:\/\/maismagazine.pt\/index.php\/author\/maismagazine\/"}]}},"author_meta":{"display_name":false,"author_link":"https:\/\/maismagazine.pt\/index.php\/author\/maismagazine\/"},"featured_img":"https:\/\/maismagazine.pt\/wp-content\/uploads\/2022\/06\/IMG_6987-300x225.jpg","coauthors":[],"tax_additional":{"categories":{"linked":["<a href=\"https:\/\/maismagazine.pt\/index.php\/category\/abae\/\" class=\"advgb-post-tax-term\">ABAE<\/a>"],"unlinked":["<span class=\"advgb-post-tax-term\">ABAE<\/span>"]},"tags":{"linked":["<a href=\"https:\/\/maismagazine.pt\/index.php\/category\/abae\/\" class=\"advgb-post-tax-term\">aveiro<\/a>","<a href=\"https:\/\/maismagazine.pt\/index.php\/category\/abae\/\" class=\"advgb-post-tax-term\">Bandeira azul<\/a>"],"unlinked":["<span class=\"advgb-post-tax-term\">aveiro<\/span>","<span class=\"advgb-post-tax-term\">Bandeira azul<\/span>"]}},"comment_count":"0","relative_dates":{"created":"Posted 4 anos ago","modified":"Updated 4 anos ago"},"absolute_dates":{"created":"Posted on 9 de Junho, 2022","modified":"Updated on 1 de Junho, 2022"},"absolute_dates_time":{"created":"Posted on 9 de Junho, 2022 7:00","modified":"Updated on 1 de Junho, 2022 14:58"},"featured_img_caption":"","series_order":"","_links":{"self":[{"href":"https:\/\/maismagazine.pt\/index.php\/wp-json\/wp\/v2\/posts\/3571","targetHints":{"allow":["GET"]}}],"collection":[{"href":"https:\/\/maismagazine.pt\/index.php\/wp-json\/wp\/v2\/posts"}],"about":[{"href":"https:\/\/maismagazine.pt\/index.php\/wp-json\/wp\/v2\/types\/post"}],"author":[{"embeddable":true,"href":"https:\/\/maismagazine.pt\/index.php\/wp-json\/wp\/v2\/users\/7"}],"replies":[{"embeddable":true,"href":"https:\/\/maismagazine.pt\/index.php\/wp-json\/wp\/v2\/comments?post=3571"}],"version-history":[{"count":1,"href":"https:\/\/maismagazine.pt\/index.php\/wp-json\/wp\/v2\/posts\/3571\/revisions"}],"predecessor-version":[{"id":3581,"href":"https:\/\/maismagazine.pt\/index.php\/wp-json\/wp\/v2\/posts\/3571\/revisions\/3581"}],"wp:featuredmedia":[{"embeddable":true,"href":"https:\/\/maismagazine.pt\/index.php\/wp-json\/wp\/v2\/media\/3579"}],"wp:attachment":[{"href":"https:\/\/maismagazine.pt\/index.php\/wp-json\/wp\/v2\/media?parent=3571"}],"wp:term":[{"taxonomy":"category","embeddable":true,"href":"https:\/\/maismagazine.pt\/index.php\/wp-json\/wp\/v2\/categories?post=3571"},{"taxonomy":"post_tag","embeddable":true,"href":"https:\/\/maismagazine.pt\/index.php\/wp-json\/wp\/v2\/tags?post=3571"}],"curies":[{"name":"wp","href":"https:\/\/api.w.org\/{rel}","templated":true}]}}