{"id":3532,"date":"2022-06-09T07:00:00","date_gmt":"2022-06-09T06:00:00","guid":{"rendered":"https:\/\/maismagazine.pt\/?p=3532"},"modified":"2022-06-01T14:33:22","modified_gmt":"2022-06-01T13:33:22","slug":"povoa-de-varzim-oito-praias-do-concelho-mantem-a-bandeira-simbolo-de-qualidade-ambiental","status":"publish","type":"post","link":"https:\/\/maismagazine.pt\/index.php\/2022\/06\/09\/povoa-de-varzim-oito-praias-do-concelho-mantem-a-bandeira-simbolo-de-qualidade-ambiental\/","title":{"rendered":"P\u00f3voa de Varzim:  oito praias do concelho mant\u00eam a bandeira s\u00edmbolo de qualidade ambiental"},"content":{"rendered":"\n<p><strong>Em 2022 a P\u00f3voa de Varzim mant\u00e9m as suas oito praias galardoadas com a Bandeira Azul. Na \u00e9poca balnear que se inicia ainda este m\u00eas, as Praias da Barranha, Fragosa, Lagoa, Paimo, Qui\u00e3o, Zona Urbana Norte, Zona Urbana Sul I, Zona Urbana Sul II voltar\u00e3o a hastear o maior s\u00edmbolo de qualidade, reflexo do esfor\u00e7o de diversas entidades em tornar poss\u00edvel a coexist\u00eancia do desenvolvimento local a par do respeito pelo ambiente, mas tamb\u00e9m da estrat\u00e9gia de sustentabilidade que impera no munic\u00edpio.<\/strong><\/p>\n\n\n\n<p><\/p>\n\n\n\n<p>\u00c9 inequ\u00edvoca a liga\u00e7\u00e3o de <a href=\"http:\/\/www.cm-pvarzim.pt\" target=\"_blank\" rel=\"noreferrer noopener\">P\u00f3voa de Varzim<\/a> ao oceano. Terra de mar e de pescadores, a sua hist\u00f3ria construiu-se em torno desta entidade misteriosa e encantadora que banha o concelho numa frente de aproximadamente 13 quil\u00f3metros. Dada a sua import\u00e2ncia hist\u00f3rica, econ\u00f3mica e tur\u00edstica para o concelho, o mar \u00e9 assim um dos enfoques da estrat\u00e9gia levada a cabo pelo munic\u00edpio na promo\u00e7\u00e3o de um territ\u00f3rio mais sustent\u00e1vel e amigo do ambiente. \u201cSendo um concelho com reconhecida tradi\u00e7\u00e3o balnear, a qualidade das nossas praias s\u00e3o o nosso cart\u00e3o de visita e o que esperamos \u00e9 que, quem nos visita, leve consigo a melhor experi\u00eancia poss\u00edvel quer pela qualidade das nossas praias, quer pelas infraestruturas dispon\u00edveis\u201d, explica S\u00edlvia Costa, Vereadora do Ambiente da C\u00e2mara Municipal da P\u00f3voa de Varzim.<\/p>\n\n\n\n<p>Nesta edi\u00e7\u00e3o do Programa Bandeira Azul, o Munic\u00edpio de P\u00f3voa do Varzim foi distinguido com oito galard\u00f5es, e assim tem sido ao longo dos \u00faltimos anos. Desta feita, as Praias da Barranha, Fragosa, Lagoa, Paimo, Qui\u00e3o, Zona Urbana Norte, Zona Urbana Sul I, Zona Urbana Sul II voltar\u00e3o a ondular o estandarte que comprova o esfor\u00e7o e trabalho cont\u00ednuo de aposta na sustentabilidade costeira, marinha e ambiental desenvolvido ao longo do \u00faltimo ano. \u201cO Munic\u00edpio da P\u00f3voa de Varzim apresenta, por exemplo, um elevado \u00edndice de cobertura da sua rede de \u00e1guas residuais, encaminhando o efluente gerado pela sua popula\u00e7\u00e3o para tratamento em ETAR da \u00c1guas do Norte. Por outro lado, temos implementado, ao longo dos \u00faltimos anos, um ambicioso programa de gest\u00e3o de res\u00edduos que nos permitiu superar as metas que nos foram impostas em mat\u00e9ria de deposi\u00e7\u00e3o em aterro (depositamos menos de 2% dos nossos res\u00edduos em aterro), de prepara\u00e7\u00e3o para a reutiliza\u00e7\u00e3o e reciclagem e de retomas de recolha seletiva. Somos, atualmente, dos munic\u00edpios portugueses com melhor desempenho nesta mat\u00e9ria\u201d. Todas estas preocupa\u00e7\u00f5es s\u00e3o tamb\u00e9m transpostas para as praias e nelas se refletem os resultados do trabalho desenvolvido em terra.<\/p>\n\n\n\n<div class=\"wp-block-image\"><figure class=\"aligncenter size-large\"><img loading=\"lazy\" decoding=\"async\" width=\"1024\" height=\"682\" src=\"https:\/\/maismagazine.pt\/wp-content\/uploads\/2022\/06\/032-1024x682.jpg\" alt=\"\" class=\"wp-image-3542\" srcset=\"https:\/\/maismagazine.pt\/wp-content\/uploads\/2022\/06\/032-1024x682.jpg 1024w, https:\/\/maismagazine.pt\/wp-content\/uploads\/2022\/06\/032-300x200.jpg 300w, https:\/\/maismagazine.pt\/wp-content\/uploads\/2022\/06\/032-768x512.jpg 768w, https:\/\/maismagazine.pt\/wp-content\/uploads\/2022\/06\/032-1536x1024.jpg 1536w, https:\/\/maismagazine.pt\/wp-content\/uploads\/2022\/06\/032-150x100.jpg 150w, https:\/\/maismagazine.pt\/wp-content\/uploads\/2022\/06\/032.jpg 1808w\" sizes=\"auto, (max-width: 1024px) 100vw, 1024px\" \/><\/figure><\/div>\n\n\n\n<p>No \u00e2mbito desta estrat\u00e9gia, o Munic\u00edpio da P\u00f3voa de Varzim envolve todos os setores da sociedade no processo, onde as escolas desenvolvem, com o seu apoio, um trabalho not\u00e1vel em mat\u00e9ria de sensibiliza\u00e7\u00e3o e de envolvimento da comunidade. \u201cSendo um concelho costeiro foi com muito orgulho que assistimos \u00e0 distin\u00e7\u00e3o das nossas escolas no \u00e2mbito do projeto \u2018Escola Azul\u2019. Tamb\u00e9m, aqui, os conceitos de sustentabilidade costeira e marinha foram trabalhados de forma exemplar\u201d. Para al\u00e9m disso, o Programa de Educa\u00e7\u00e3o Ambiental do Munic\u00edpio da P\u00f3voa de Varzim d\u00e1 grande destaque ao tema da prote\u00e7\u00e3o costeira, lixo marinho e sustentabilidade ambiental, enquanto tema transversal. Todos os anos s\u00e3o promovidas a\u00e7\u00f5es de envolvimento comunit\u00e1rio em prol do ambiente, designadamente a\u00e7\u00f5es regulares de limpeza de praia que, no presente ano, atingiram n\u00fameros record de participa\u00e7\u00f5es. Fatores que demonstram uma consciencializa\u00e7\u00e3o crescente junto da popula\u00e7\u00e3o para as quest\u00f5es do lixo marinho e a import\u00e2ncia de terem um papel mais ativo na promo\u00e7\u00e3o de um concelho de bom ambiente.<\/p>\n\n\n\n<p>A P\u00f3voa de Varzim tem uma longa hist\u00f3ria de liga\u00e7\u00e3o ao mar. Seja pela pesca, pela pr\u00e1tica de atividades n\u00e1uticas, ou pelas suas praias que todos os anos recebem milhares de banhistas, o concelho afirma-se como um destino de excel\u00eancia em mat\u00e9ria de turismo balnear pela qualidade e n\u00edvel de organiza\u00e7\u00e3o dos servi\u00e7os prestados nas suas praias, pela seguran\u00e7a, pela qualidade consistente das \u00e1guas e pela limpeza das praias, continuamente reconhecidas pela atribui\u00e7\u00e3o da Bandeira Azul a todas as suas zonas balneares.<\/p>\n\n\n\n<div class=\"wp-block-image\"><figure class=\"aligncenter size-large\"><img loading=\"lazy\" decoding=\"async\" width=\"1024\" height=\"682\" src=\"https:\/\/maismagazine.pt\/wp-content\/uploads\/2022\/06\/029-1024x682.jpg\" alt=\"\" class=\"wp-image-3540\" srcset=\"https:\/\/maismagazine.pt\/wp-content\/uploads\/2022\/06\/029-1024x682.jpg 1024w, https:\/\/maismagazine.pt\/wp-content\/uploads\/2022\/06\/029-300x200.jpg 300w, https:\/\/maismagazine.pt\/wp-content\/uploads\/2022\/06\/029-768x512.jpg 768w, https:\/\/maismagazine.pt\/wp-content\/uploads\/2022\/06\/029-1536x1024.jpg 1536w, https:\/\/maismagazine.pt\/wp-content\/uploads\/2022\/06\/029-150x100.jpg 150w, https:\/\/maismagazine.pt\/wp-content\/uploads\/2022\/06\/029.jpg 1808w\" sizes=\"auto, (max-width: 1024px) 100vw, 1024px\" \/><\/figure><\/div>\n","protected":false},"excerpt":{"rendered":"<p>Em 2022 a P\u00f3voa de Varzim mant\u00e9m as suas oito praias galardoadas com a Bandeira Azul. Na \u00e9poca balnear que se inicia ainda este m\u00eas, as Praias da Barranha, Fragosa, Lagoa, Paimo, Qui\u00e3o, Zona Urbana Norte, Zona Urbana Sul I, Zona Urbana Sul II voltar\u00e3o a hastear o maior s\u00edmbolo&hellip;<\/p>\n","protected":false},"author":7,"featured_media":3538,"comment_status":"open","ping_status":"open","sticky":false,"template":"","format":"standard","meta":{"advgb_blocks_editor_width":"","advgb_blocks_columns_visual_guide":"","_monsterinsights_skip_tracking":false,"_monsterinsights_sitenote_active":false,"_monsterinsights_sitenote_note":"","_monsterinsights_sitenote_category":0,"footnotes":""},"categories":[722],"tags":[734,752,64,759],"class_list":["post-3532","post","type-post","status-publish","format-standard","has-post-thumbnail","hentry","category-abae","tag-bandeira-azul","tag-praias","tag-turismo","tag-verao"],"yoast_head":"<!-- This site is optimized with the Yoast SEO plugin v24.4 - https:\/\/yoast.com\/wordpress\/plugins\/seo\/ -->\n<title>P\u00f3voa de Varzim: oito praias do concelho mant\u00eam a bandeira s\u00edmbolo de qualidade ambiental - Mais Magazine<\/title>\n<meta name=\"description\" content=\"Em 2022 a P\u00f3voa de Varzim mant\u00e9m as suas oito praias galardoadas com a Bandeira Azul. Na \u00e9poca balnear que se inicia ainda este m\u00eas, as Praias...\" \/>\n<meta name=\"robots\" content=\"index, follow, max-snippet:-1, max-image-preview:large, max-video-preview:-1\" \/>\n<link rel=\"canonical\" href=\"https:\/\/maismagazine.pt\/index.php\/2022\/06\/09\/povoa-de-varzim-oito-praias-do-concelho-mantem-a-bandeira-simbolo-de-qualidade-ambiental\/\" \/>\n<meta property=\"og:locale\" content=\"pt_PT\" \/>\n<meta property=\"og:type\" content=\"article\" \/>\n<meta property=\"og:title\" content=\"P\u00f3voa de Varzim: oito praias do concelho mant\u00eam a bandeira s\u00edmbolo de qualidade ambiental - Mais Magazine\" \/>\n<meta property=\"og:description\" content=\"Em 2022 a P\u00f3voa de Varzim mant\u00e9m as suas oito praias galardoadas com a Bandeira Azul. Na \u00e9poca balnear que se inicia ainda este m\u00eas, as Praias...\" \/>\n<meta property=\"og:url\" content=\"https:\/\/maismagazine.pt\/index.php\/2022\/06\/09\/povoa-de-varzim-oito-praias-do-concelho-mantem-a-bandeira-simbolo-de-qualidade-ambiental\/\" \/>\n<meta property=\"og:site_name\" content=\"Mais Magazine\" \/>\n<meta property=\"article:published_time\" content=\"2022-06-09T06:00:00+00:00\" \/>\n<meta property=\"og:image\" content=\"https:\/\/maismagazine.pt\/wp-content\/uploads\/2022\/06\/012.jpg\" \/>\n\t<meta property=\"og:image:width\" content=\"1701\" \/>\n\t<meta property=\"og:image:height\" content=\"1134\" \/>\n\t<meta property=\"og:image:type\" content=\"image\/jpeg\" \/>\n<meta name=\"author\" content=\"Jo\u00e3o Malainho\" \/>\n<meta name=\"twitter:card\" content=\"summary_large_image\" \/>\n<meta name=\"twitter:label1\" content=\"Escrito por\" \/>\n\t<meta name=\"twitter:data1\" content=\"\" \/>\n\t<meta name=\"twitter:label2\" content=\"Tempo estimado de leitura\" \/>\n\t<meta name=\"twitter:data2\" content=\"4 minutos\" \/>\n<script type=\"application\/ld+json\" class=\"yoast-schema-graph\">{\"@context\":\"https:\/\/schema.org\",\"@graph\":[{\"@type\":\"Article\",\"@id\":\"https:\/\/maismagazine.pt\/index.php\/2022\/06\/09\/povoa-de-varzim-oito-praias-do-concelho-mantem-a-bandeira-simbolo-de-qualidade-ambiental\/#article\",\"isPartOf\":{\"@id\":\"https:\/\/maismagazine.pt\/index.php\/2022\/06\/09\/povoa-de-varzim-oito-praias-do-concelho-mantem-a-bandeira-simbolo-de-qualidade-ambiental\/\"},\"author\":{\"name\":\"Jo\u00e3o Malainho\",\"@id\":\"http:\/\/maismagazine.pt\/#\/schema\/person\/999bd426f894ff56d397ec12ebd21ebb\"},\"headline\":\"P\u00f3voa de Varzim: oito praias do concelho mant\u00eam a bandeira s\u00edmbolo de qualidade ambiental\",\"datePublished\":\"2022-06-09T06:00:00+00:00\",\"mainEntityOfPage\":{\"@id\":\"https:\/\/maismagazine.pt\/index.php\/2022\/06\/09\/povoa-de-varzim-oito-praias-do-concelho-mantem-a-bandeira-simbolo-de-qualidade-ambiental\/\"},\"wordCount\":754,\"commentCount\":0,\"publisher\":{\"@id\":\"http:\/\/maismagazine.pt\/#organization\"},\"image\":{\"@id\":\"https:\/\/maismagazine.pt\/index.php\/2022\/06\/09\/povoa-de-varzim-oito-praias-do-concelho-mantem-a-bandeira-simbolo-de-qualidade-ambiental\/#primaryimage\"},\"thumbnailUrl\":\"https:\/\/maismagazine.pt\/wp-content\/uploads\/2022\/06\/012.jpg\",\"keywords\":[\"Bandeira azul\",\"Praias\",\"Turismo\",\"Ver\u00e3o\"],\"articleSection\":[\"ABAE\"],\"inLanguage\":\"pt-PT\",\"potentialAction\":[{\"@type\":\"CommentAction\",\"name\":\"Comment\",\"target\":[\"https:\/\/maismagazine.pt\/index.php\/2022\/06\/09\/povoa-de-varzim-oito-praias-do-concelho-mantem-a-bandeira-simbolo-de-qualidade-ambiental\/#respond\"]}]},{\"@type\":\"WebPage\",\"@id\":\"https:\/\/maismagazine.pt\/index.php\/2022\/06\/09\/povoa-de-varzim-oito-praias-do-concelho-mantem-a-bandeira-simbolo-de-qualidade-ambiental\/\",\"url\":\"https:\/\/maismagazine.pt\/index.php\/2022\/06\/09\/povoa-de-varzim-oito-praias-do-concelho-mantem-a-bandeira-simbolo-de-qualidade-ambiental\/\",\"name\":\"P\u00f3voa de Varzim: oito praias do concelho mant\u00eam a bandeira s\u00edmbolo de qualidade ambiental - Mais Magazine\",\"isPartOf\":{\"@id\":\"http:\/\/maismagazine.pt\/#website\"},\"primaryImageOfPage\":{\"@id\":\"https:\/\/maismagazine.pt\/index.php\/2022\/06\/09\/povoa-de-varzim-oito-praias-do-concelho-mantem-a-bandeira-simbolo-de-qualidade-ambiental\/#primaryimage\"},\"image\":{\"@id\":\"https:\/\/maismagazine.pt\/index.php\/2022\/06\/09\/povoa-de-varzim-oito-praias-do-concelho-mantem-a-bandeira-simbolo-de-qualidade-ambiental\/#primaryimage\"},\"thumbnailUrl\":\"https:\/\/maismagazine.pt\/wp-content\/uploads\/2022\/06\/012.jpg\",\"datePublished\":\"2022-06-09T06:00:00+00:00\",\"description\":\"Em 2022 a P\u00f3voa de Varzim mant\u00e9m as suas oito praias galardoadas com a Bandeira Azul. Na \u00e9poca balnear que se inicia ainda este m\u00eas, as Praias...\",\"breadcrumb\":{\"@id\":\"https:\/\/maismagazine.pt\/index.php\/2022\/06\/09\/povoa-de-varzim-oito-praias-do-concelho-mantem-a-bandeira-simbolo-de-qualidade-ambiental\/#breadcrumb\"},\"inLanguage\":\"pt-PT\",\"potentialAction\":[{\"@type\":\"ReadAction\",\"target\":[\"https:\/\/maismagazine.pt\/index.php\/2022\/06\/09\/povoa-de-varzim-oito-praias-do-concelho-mantem-a-bandeira-simbolo-de-qualidade-ambiental\/\"]}]},{\"@type\":\"ImageObject\",\"inLanguage\":\"pt-PT\",\"@id\":\"https:\/\/maismagazine.pt\/index.php\/2022\/06\/09\/povoa-de-varzim-oito-praias-do-concelho-mantem-a-bandeira-simbolo-de-qualidade-ambiental\/#primaryimage\",\"url\":\"https:\/\/maismagazine.pt\/wp-content\/uploads\/2022\/06\/012.jpg\",\"contentUrl\":\"https:\/\/maismagazine.pt\/wp-content\/uploads\/2022\/06\/012.jpg\",\"width\":1701,\"height\":1134},{\"@type\":\"BreadcrumbList\",\"@id\":\"https:\/\/maismagazine.pt\/index.php\/2022\/06\/09\/povoa-de-varzim-oito-praias-do-concelho-mantem-a-bandeira-simbolo-de-qualidade-ambiental\/#breadcrumb\",\"itemListElement\":[{\"@type\":\"ListItem\",\"position\":1,\"name\":\"Home\",\"item\":\"http:\/\/maismagazine.pt\/\"},{\"@type\":\"ListItem\",\"position\":2,\"name\":\"P\u00f3voa de Varzim: oito praias do concelho mant\u00eam a bandeira s\u00edmbolo de qualidade ambiental\"}]},{\"@type\":\"WebSite\",\"@id\":\"http:\/\/maismagazine.pt\/#website\",\"url\":\"http:\/\/maismagazine.pt\/\",\"name\":\"Mais Magazine\",\"description\":\"\",\"publisher\":{\"@id\":\"http:\/\/maismagazine.pt\/#organization\"},\"potentialAction\":[{\"@type\":\"SearchAction\",\"target\":{\"@type\":\"EntryPoint\",\"urlTemplate\":\"http:\/\/maismagazine.pt\/?s={search_term_string}\"},\"query-input\":{\"@type\":\"PropertyValueSpecification\",\"valueRequired\":true,\"valueName\":\"search_term_string\"}}],\"inLanguage\":\"pt-PT\"},{\"@type\":\"Organization\",\"@id\":\"http:\/\/maismagazine.pt\/#organization\",\"name\":\"Mais Magazine\",\"url\":\"http:\/\/maismagazine.pt\/\",\"logo\":{\"@type\":\"ImageObject\",\"inLanguage\":\"pt-PT\",\"@id\":\"http:\/\/maismagazine.pt\/#\/schema\/logo\/image\/\",\"url\":\"https:\/\/maismagazine.pt\/wp-content\/uploads\/2020\/04\/cropped-cropped-mais-magazine-site-logo-2.png\",\"contentUrl\":\"https:\/\/maismagazine.pt\/wp-content\/uploads\/2020\/04\/cropped-cropped-mais-magazine-site-logo-2.png\",\"width\":581,\"height\":90,\"caption\":\"Mais Magazine\"},\"image\":{\"@id\":\"http:\/\/maismagazine.pt\/#\/schema\/logo\/image\/\"}},{\"@type\":\"Person\",\"@id\":\"http:\/\/maismagazine.pt\/#\/schema\/person\/999bd426f894ff56d397ec12ebd21ebb\",\"name\":\"Jo\u00e3o Malainho\",\"image\":{\"@type\":\"ImageObject\",\"inLanguage\":\"pt-PT\",\"@id\":\"http:\/\/maismagazine.pt\/#\/schema\/person\/image\/\",\"url\":\"https:\/\/secure.gravatar.com\/avatar\/ff03c2f38edf60b2a827aa4f74878491?s=96&d=mm&r=g\",\"contentUrl\":\"https:\/\/secure.gravatar.com\/avatar\/ff03c2f38edf60b2a827aa4f74878491?s=96&d=mm&r=g\",\"caption\":\"Jo\u00e3o Malainho\"},\"url\":\"https:\/\/maismagazine.pt\/index.php\/author\/maismagazine\/\"}]}<\/script>\n<!-- \/ Yoast SEO plugin. -->","yoast_head_json":{"title":"P\u00f3voa de Varzim: oito praias do concelho mant\u00eam a bandeira s\u00edmbolo de qualidade ambiental - Mais Magazine","description":"Em 2022 a P\u00f3voa de Varzim mant\u00e9m as suas oito praias galardoadas com a Bandeira Azul. Na \u00e9poca balnear que se inicia ainda este m\u00eas, as Praias...","robots":{"index":"index","follow":"follow","max-snippet":"max-snippet:-1","max-image-preview":"max-image-preview:large","max-video-preview":"max-video-preview:-1"},"canonical":"https:\/\/maismagazine.pt\/index.php\/2022\/06\/09\/povoa-de-varzim-oito-praias-do-concelho-mantem-a-bandeira-simbolo-de-qualidade-ambiental\/","og_locale":"pt_PT","og_type":"article","og_title":"P\u00f3voa de Varzim: oito praias do concelho mant\u00eam a bandeira s\u00edmbolo de qualidade ambiental - Mais Magazine","og_description":"Em 2022 a P\u00f3voa de Varzim mant\u00e9m as suas oito praias galardoadas com a Bandeira Azul. Na \u00e9poca balnear que se inicia ainda este m\u00eas, as Praias...","og_url":"https:\/\/maismagazine.pt\/index.php\/2022\/06\/09\/povoa-de-varzim-oito-praias-do-concelho-mantem-a-bandeira-simbolo-de-qualidade-ambiental\/","og_site_name":"Mais Magazine","article_published_time":"2022-06-09T06:00:00+00:00","og_image":[{"width":1701,"height":1134,"url":"https:\/\/maismagazine.pt\/wp-content\/uploads\/2022\/06\/012.jpg","type":"image\/jpeg"}],"author":"Jo\u00e3o Malainho","twitter_card":"summary_large_image","twitter_misc":{"Escrito por":false,"Tempo estimado de leitura":"4 minutos"},"schema":{"@context":"https:\/\/schema.org","@graph":[{"@type":"Article","@id":"https:\/\/maismagazine.pt\/index.php\/2022\/06\/09\/povoa-de-varzim-oito-praias-do-concelho-mantem-a-bandeira-simbolo-de-qualidade-ambiental\/#article","isPartOf":{"@id":"https:\/\/maismagazine.pt\/index.php\/2022\/06\/09\/povoa-de-varzim-oito-praias-do-concelho-mantem-a-bandeira-simbolo-de-qualidade-ambiental\/"},"author":{"name":"Jo\u00e3o Malainho","@id":"http:\/\/maismagazine.pt\/#\/schema\/person\/999bd426f894ff56d397ec12ebd21ebb"},"headline":"P\u00f3voa de Varzim: oito praias do concelho mant\u00eam a bandeira s\u00edmbolo de qualidade ambiental","datePublished":"2022-06-09T06:00:00+00:00","mainEntityOfPage":{"@id":"https:\/\/maismagazine.pt\/index.php\/2022\/06\/09\/povoa-de-varzim-oito-praias-do-concelho-mantem-a-bandeira-simbolo-de-qualidade-ambiental\/"},"wordCount":754,"commentCount":0,"publisher":{"@id":"http:\/\/maismagazine.pt\/#organization"},"image":{"@id":"https:\/\/maismagazine.pt\/index.php\/2022\/06\/09\/povoa-de-varzim-oito-praias-do-concelho-mantem-a-bandeira-simbolo-de-qualidade-ambiental\/#primaryimage"},"thumbnailUrl":"https:\/\/maismagazine.pt\/wp-content\/uploads\/2022\/06\/012.jpg","keywords":["Bandeira azul","Praias","Turismo","Ver\u00e3o"],"articleSection":["ABAE"],"inLanguage":"pt-PT","potentialAction":[{"@type":"CommentAction","name":"Comment","target":["https:\/\/maismagazine.pt\/index.php\/2022\/06\/09\/povoa-de-varzim-oito-praias-do-concelho-mantem-a-bandeira-simbolo-de-qualidade-ambiental\/#respond"]}]},{"@type":"WebPage","@id":"https:\/\/maismagazine.pt\/index.php\/2022\/06\/09\/povoa-de-varzim-oito-praias-do-concelho-mantem-a-bandeira-simbolo-de-qualidade-ambiental\/","url":"https:\/\/maismagazine.pt\/index.php\/2022\/06\/09\/povoa-de-varzim-oito-praias-do-concelho-mantem-a-bandeira-simbolo-de-qualidade-ambiental\/","name":"P\u00f3voa de Varzim: oito praias do concelho mant\u00eam a bandeira s\u00edmbolo de qualidade ambiental - Mais Magazine","isPartOf":{"@id":"http:\/\/maismagazine.pt\/#website"},"primaryImageOfPage":{"@id":"https:\/\/maismagazine.pt\/index.php\/2022\/06\/09\/povoa-de-varzim-oito-praias-do-concelho-mantem-a-bandeira-simbolo-de-qualidade-ambiental\/#primaryimage"},"image":{"@id":"https:\/\/maismagazine.pt\/index.php\/2022\/06\/09\/povoa-de-varzim-oito-praias-do-concelho-mantem-a-bandeira-simbolo-de-qualidade-ambiental\/#primaryimage"},"thumbnailUrl":"https:\/\/maismagazine.pt\/wp-content\/uploads\/2022\/06\/012.jpg","datePublished":"2022-06-09T06:00:00+00:00","description":"Em 2022 a P\u00f3voa de Varzim mant\u00e9m as suas oito praias galardoadas com a Bandeira Azul. Na \u00e9poca balnear que se inicia ainda este m\u00eas, as Praias...","breadcrumb":{"@id":"https:\/\/maismagazine.pt\/index.php\/2022\/06\/09\/povoa-de-varzim-oito-praias-do-concelho-mantem-a-bandeira-simbolo-de-qualidade-ambiental\/#breadcrumb"},"inLanguage":"pt-PT","potentialAction":[{"@type":"ReadAction","target":["https:\/\/maismagazine.pt\/index.php\/2022\/06\/09\/povoa-de-varzim-oito-praias-do-concelho-mantem-a-bandeira-simbolo-de-qualidade-ambiental\/"]}]},{"@type":"ImageObject","inLanguage":"pt-PT","@id":"https:\/\/maismagazine.pt\/index.php\/2022\/06\/09\/povoa-de-varzim-oito-praias-do-concelho-mantem-a-bandeira-simbolo-de-qualidade-ambiental\/#primaryimage","url":"https:\/\/maismagazine.pt\/wp-content\/uploads\/2022\/06\/012.jpg","contentUrl":"https:\/\/maismagazine.pt\/wp-content\/uploads\/2022\/06\/012.jpg","width":1701,"height":1134},{"@type":"BreadcrumbList","@id":"https:\/\/maismagazine.pt\/index.php\/2022\/06\/09\/povoa-de-varzim-oito-praias-do-concelho-mantem-a-bandeira-simbolo-de-qualidade-ambiental\/#breadcrumb","itemListElement":[{"@type":"ListItem","position":1,"name":"Home","item":"http:\/\/maismagazine.pt\/"},{"@type":"ListItem","position":2,"name":"P\u00f3voa de Varzim: oito praias do concelho mant\u00eam a bandeira s\u00edmbolo de qualidade ambiental"}]},{"@type":"WebSite","@id":"http:\/\/maismagazine.pt\/#website","url":"http:\/\/maismagazine.pt\/","name":"Mais Magazine","description":"","publisher":{"@id":"http:\/\/maismagazine.pt\/#organization"},"potentialAction":[{"@type":"SearchAction","target":{"@type":"EntryPoint","urlTemplate":"http:\/\/maismagazine.pt\/?s={search_term_string}"},"query-input":{"@type":"PropertyValueSpecification","valueRequired":true,"valueName":"search_term_string"}}],"inLanguage":"pt-PT"},{"@type":"Organization","@id":"http:\/\/maismagazine.pt\/#organization","name":"Mais Magazine","url":"http:\/\/maismagazine.pt\/","logo":{"@type":"ImageObject","inLanguage":"pt-PT","@id":"http:\/\/maismagazine.pt\/#\/schema\/logo\/image\/","url":"https:\/\/maismagazine.pt\/wp-content\/uploads\/2020\/04\/cropped-cropped-mais-magazine-site-logo-2.png","contentUrl":"https:\/\/maismagazine.pt\/wp-content\/uploads\/2020\/04\/cropped-cropped-mais-magazine-site-logo-2.png","width":581,"height":90,"caption":"Mais Magazine"},"image":{"@id":"http:\/\/maismagazine.pt\/#\/schema\/logo\/image\/"}},{"@type":"Person","@id":"http:\/\/maismagazine.pt\/#\/schema\/person\/999bd426f894ff56d397ec12ebd21ebb","name":"Jo\u00e3o Malainho","image":{"@type":"ImageObject","inLanguage":"pt-PT","@id":"http:\/\/maismagazine.pt\/#\/schema\/person\/image\/","url":"https:\/\/secure.gravatar.com\/avatar\/ff03c2f38edf60b2a827aa4f74878491?s=96&d=mm&r=g","contentUrl":"https:\/\/secure.gravatar.com\/avatar\/ff03c2f38edf60b2a827aa4f74878491?s=96&d=mm&r=g","caption":"Jo\u00e3o Malainho"},"url":"https:\/\/maismagazine.pt\/index.php\/author\/maismagazine\/"}]}},"author_meta":{"display_name":false,"author_link":"https:\/\/maismagazine.pt\/index.php\/author\/maismagazine\/"},"featured_img":"https:\/\/maismagazine.pt\/wp-content\/uploads\/2022\/06\/012-300x200.jpg","coauthors":[],"tax_additional":{"categories":{"linked":["<a href=\"https:\/\/maismagazine.pt\/index.php\/category\/abae\/\" class=\"advgb-post-tax-term\">ABAE<\/a>"],"unlinked":["<span class=\"advgb-post-tax-term\">ABAE<\/span>"]},"tags":{"linked":["<a href=\"https:\/\/maismagazine.pt\/index.php\/category\/abae\/\" class=\"advgb-post-tax-term\">Bandeira azul<\/a>","<a href=\"https:\/\/maismagazine.pt\/index.php\/category\/abae\/\" class=\"advgb-post-tax-term\">Praias<\/a>","<a href=\"https:\/\/maismagazine.pt\/index.php\/category\/abae\/\" class=\"advgb-post-tax-term\">Turismo<\/a>","<a href=\"https:\/\/maismagazine.pt\/index.php\/category\/abae\/\" class=\"advgb-post-tax-term\">Ver\u00e3o<\/a>"],"unlinked":["<span class=\"advgb-post-tax-term\">Bandeira azul<\/span>","<span class=\"advgb-post-tax-term\">Praias<\/span>","<span class=\"advgb-post-tax-term\">Turismo<\/span>","<span class=\"advgb-post-tax-term\">Ver\u00e3o<\/span>"]}},"comment_count":"0","relative_dates":{"created":"Posted 4 anos ago","modified":"Updated 4 anos ago"},"absolute_dates":{"created":"Posted on 9 de Junho, 2022","modified":"Updated on 1 de Junho, 2022"},"absolute_dates_time":{"created":"Posted on 9 de Junho, 2022 7:00","modified":"Updated on 1 de Junho, 2022 14:33"},"featured_img_caption":"","series_order":"","_links":{"self":[{"href":"https:\/\/maismagazine.pt\/index.php\/wp-json\/wp\/v2\/posts\/3532","targetHints":{"allow":["GET"]}}],"collection":[{"href":"https:\/\/maismagazine.pt\/index.php\/wp-json\/wp\/v2\/posts"}],"about":[{"href":"https:\/\/maismagazine.pt\/index.php\/wp-json\/wp\/v2\/types\/post"}],"author":[{"embeddable":true,"href":"https:\/\/maismagazine.pt\/index.php\/wp-json\/wp\/v2\/users\/7"}],"replies":[{"embeddable":true,"href":"https:\/\/maismagazine.pt\/index.php\/wp-json\/wp\/v2\/comments?post=3532"}],"version-history":[{"count":1,"href":"https:\/\/maismagazine.pt\/index.php\/wp-json\/wp\/v2\/posts\/3532\/revisions"}],"predecessor-version":[{"id":3543,"href":"https:\/\/maismagazine.pt\/index.php\/wp-json\/wp\/v2\/posts\/3532\/revisions\/3543"}],"wp:featuredmedia":[{"embeddable":true,"href":"https:\/\/maismagazine.pt\/index.php\/wp-json\/wp\/v2\/media\/3538"}],"wp:attachment":[{"href":"https:\/\/maismagazine.pt\/index.php\/wp-json\/wp\/v2\/media?parent=3532"}],"wp:term":[{"taxonomy":"category","embeddable":true,"href":"https:\/\/maismagazine.pt\/index.php\/wp-json\/wp\/v2\/categories?post=3532"},{"taxonomy":"post_tag","embeddable":true,"href":"https:\/\/maismagazine.pt\/index.php\/wp-json\/wp\/v2\/tags?post=3532"}],"curies":[{"name":"wp","href":"https:\/\/api.w.org\/{rel}","templated":true}]}}