{"id":3438,"date":"2022-06-09T07:01:00","date_gmt":"2022-06-09T06:01:00","guid":{"rendered":"https:\/\/maismagazine.pt\/?p=3438"},"modified":"2022-06-08T11:11:03","modified_gmt":"2022-06-08T10:11:03","slug":"a-beira-mar-plantada-lagoa-volta-a-vestir-se-de-azul","status":"publish","type":"post","link":"https:\/\/maismagazine.pt\/index.php\/2022\/06\/09\/a-beira-mar-plantada-lagoa-volta-a-vestir-se-de-azul\/","title":{"rendered":"\u00c0 beira-mar plantada, Lagoa volta a \u201cvestir-se\u201d de azul"},"content":{"rendered":"\n<p><strong>\u00c9 uma das cidades portuguesas do Algarve que nesta \u00e9poca balnear vai voltar a iluminar o c\u00e9u com a Bandeira Azul em seis praias. Para manter a qualidade e seguran\u00e7a destes locais, a <a href=\"http:\/\/www.cm-lagoa.pt\" target=\"_blank\" rel=\"noreferrer noopener\">C\u00e2mara Municipal de Lagoa<\/a> tem procurado \u201cidentificar e antecipar todas as debilidades\u201d que possam existir e manter o estreito contacto com as entidades respons\u00e1veis pela orla costeira.<\/strong><\/p>\n\n\n\n<p>S\u00e3o 17 quil\u00f3metros de cor azul-turquesa com um mar pintado, que atravessa fal\u00e9sias e arribas rendilhadas. Este navegar pela costa de Lagoa \u00e9 verdadeiramente de ver e chorar por mais, e n\u00e3o se limita aos meses quentes de agosto. Ferragudo, Caneiros, Carvoeiro, Vale Centeanes, Senhora da Rocha e Vale do Olival s\u00e3o as seis praias do concelho que v\u00e3o hastear a Bandeira Azul. O Presidente da C\u00e2mara Municipal, Lu\u00eds Encarna\u00e7\u00e3o destaca que este reconhecimento \u00e9 \u201cimportante\u201d para os \u201cresidentes\u201d e para aqueles \u201cque nos visitam\u201d, mas com cautela nas palavras refere que \u201ca prefer\u00eancia exige de n\u00f3s um compromisso regular\u201d, com o intuito de oferecer as \u201cmelhores condi\u00e7\u00f5es poss\u00edveis\u201d.<\/p>\n\n\n\n<p>De modo a que o deitar nas \u201cDunas\u201d, \u201cde cabelos molhados, bastante enrolados\u201d, em \u201csacos cama salgados\u201d n\u00e3o seja comprometido, \u201ca autarquia procura identificar e antecipar todas as debilidades que possam existir\u201d, sobretudo \u201cao n\u00edvel das acessibilidades\u201d. E aqui h\u00e1 a consci\u00eancia que devido a essas caracter\u00edsticas algumas das praias da regi\u00e3o ficam de fora da lista dos conquistadores do galard\u00e3o. O munic\u00edpio tamb\u00e9m tem estreitado la\u00e7os \u201cde coopera\u00e7\u00e3o e comunica\u00e7\u00e3o com as entidades que partilham responsabilidades na orla costeira, o que facilita a ado\u00e7\u00e3o de medidas adicionais \u00e0s obrigat\u00f3rias da Bandeira Azul\u201d. Dentro desse pacote encontra-se \u201cpor exemplo, o protocolo estabelecido com Ag\u00eancia Portuguesa do Ambiente\u201d, que tem como princ\u00edpio a cria\u00e7\u00e3o de \u201cum programa complementar de monitoriza\u00e7\u00e3o das \u00e1guas balneares do concelho\u201d, para a melhoria e respetiva \u201catua\u00e7\u00e3o preventiva em situa\u00e7\u00f5es de contamina\u00e7\u00e3o.\u201d<\/p>\n\n\n\n<p>Como \u201ca seguran\u00e7a est\u00e1 em primeiro lugar\u201d, Lu\u00eds Encarna\u00e7\u00e3o conta que t\u00eam feito v\u00e1rias interven\u00e7\u00f5es, como \u201ca cria\u00e7\u00e3o dos percursos ordenados e sinalizados dos Sete Vales Suspensos e o Caminho dos Promont\u00f3rios, que possibilitam caminhadas seguras\u201d pelas arribas. O mesmo acrescenta que \u201cna vertente mar\u00edtima, conclu\u00edram \u201cum protocolo de coopera\u00e7\u00e3o com o Instituto de Socorros a N\u00e1ufragos e a Capitania do Porto de Portim\u00e3o para garantir a assist\u00eancia a banhistas em \u00e1reas n\u00e3o vigiadas\u201d. \u201cParalelamente, disponibilizamos uma segunda mota de \u00e1gua ao servi\u00e7o dos nadadores salvadores da autarquia\u201d, assegurando o \u201cpatrulhamento de um tro\u00e7o de costa mais a nascente do concelho\u201d. Numa perspectiva sanit\u00e1ria, o autarca relembra ainda que foram os \u201cpioneiros\u201d na \u201cimplementa\u00e7\u00e3o de um sistema de informa\u00e7\u00e3o da capacidade ocupada das praias\u201d, que permitiu a consulta antecipada da lota\u00e7\u00e3o das mesmas.<\/p>\n\n\n\n<p>\u201cAs praias s\u00e3o determinantes para a economia local\u201d. Para esta certeza continuar a ser \u201cpartilhada pela comunidade\u201d, a regi\u00e3o algarvia tem celebrado \u201cpol\u00edticas de sensibiliza\u00e7\u00e3o\u201d, como por exemplo a limpeza das praias, \u201cmuitas vezes integradas nas atividades de educa\u00e7\u00e3o ambiental da Bandeira Azul\u201d. Al\u00e9m dessa, apoiam outras iniciativas do mesmo cariz, \u201cque nascem da esfera privada, tanto por parte do associativismo, como pelas empresas\u201d de Lagoa. Estas a\u00e7\u00f5es que j\u00e1 s\u00e3o uma \u201ctend\u00eancia\u201d, demonstram a maior consciencializa\u00e7\u00e3o dos habitantes, no que toca \u00e0 \u201cprote\u00e7\u00e3o e valoriza\u00e7\u00e3o\u201d dos seus recursos naturais.<\/p>\n\n\n\n<p><strong>O \u201cgrito\u201d de ver\u00e3o para a economia e cultura algarvia<\/strong><\/p>\n\n\n\n<p>\u00c0 tem\u00e1tica da conversa n\u00e3o podia faltar a FATACIL (Feira de Artesanato, Turismo, Agricultura, Com\u00e9rcio e Ind\u00fastria) que, tal como divulga o Presidente da C\u00e2mara \u201ctem uma import\u00e2ncia estrat\u00e9gica para o concelho de Lagoa e para o Algarves, uma vez que se trata do seu principal certame de promo\u00e7\u00e3o das atividades econ\u00f4micas, culturais, naturais, socias e de lazer\u201d.<\/p>\n\n\n\n<p>Lu\u00eds Encarna\u00e7\u00e3o confirma que \u201co regresso\u201d desta festa vai trazer \u201cv\u00e1rias novidades\u201d e admite estar otimista e expectante com o chegar da nova edi\u00e7\u00e3o. Mas \u201ccomo o segredo \u00e9 a alma do neg\u00f3cio\u201d s\u00f3 nos desvenda alguns: \u201ca amplia\u00e7\u00e3o do recinto de concertos e a requalifica\u00e7\u00e3o do espa\u00e7o lounge\u201d. Relacionadas com estas mudan\u00e7as log\u00edsticas refor\u00e7aram \u201cos meios de promo\u00e7\u00e3o, criaram tamb\u00e9m \u201cnovos acessos de servi\u00e7o ao recinto\u201d, aumentaram a \u00e1rea de estacionamento para o p\u00fablico em geral e otimizaram o plano de seguran\u00e7a num \u201ctrabalho de prepara\u00e7\u00e3o que leva j\u00e1 longos meses de realiza\u00e7\u00e3o\u201d.<\/p>\n\n\n\n<div class=\"wp-block-image\"><figure class=\"aligncenter size-full\"><img loading=\"lazy\" decoding=\"async\" width=\"1024\" height=\"683\" src=\"http:\/\/maismagazine.pt\/wp-content\/uploads\/2022\/06\/MaisMagazine_Caneiros.jpg\" alt=\"\" class=\"wp-image-3447\" srcset=\"https:\/\/maismagazine.pt\/wp-content\/uploads\/2022\/06\/MaisMagazine_Caneiros.jpg 1024w, https:\/\/maismagazine.pt\/wp-content\/uploads\/2022\/06\/MaisMagazine_Caneiros-300x200.jpg 300w, https:\/\/maismagazine.pt\/wp-content\/uploads\/2022\/06\/MaisMagazine_Caneiros-768x512.jpg 768w, https:\/\/maismagazine.pt\/wp-content\/uploads\/2022\/06\/MaisMagazine_Caneiros-150x100.jpg 150w\" sizes=\"auto, (max-width: 1024px) 100vw, 1024px\" \/><\/figure><\/div>\n\n\n\n<p><strong>Um recente \u201csavoir-faire\u201d que levou \u00e0 Candidatura a Cidade Europeia do Vinho 2023<\/strong><\/p>\n\n\n\n<p>No territ\u00f3rio que, acima de tudo, \u201cprocura servir os lagoenses\u201d, h\u00e1 um \u201cproduto tur\u00edstico que tem apresentado algum crescimento: o da Gastronomia e Vinhos\u201d. \u201cEste per\u00edodo mais fulgente no sector vitivin\u00edcola\u201d estimulou Lagoa \u201ca apresentar uma candidatura a Cidade Europeia do Vinho 2023, conjuntamente com os munic\u00edpios de Albufeira, Lagos e Silves\u201d. Para manter este \u201clance\u201d o munic\u00edpio tamb\u00e9m tem procurado acelerar o crescimento do enoturismo, atrav\u00e9s da organiza\u00e7\u00e3o de eventos, com os produtores locais.<\/p>\n\n\n\n<p><strong>Na \u201cterra da atividade\u201d h\u00e1 v\u00e1rios desportos que s\u00e3o campe\u00f5es<\/strong><\/p>\n\n\n\n<p>Por uma Lagoa ativa, em terra que j\u00e1 \u00e9 de camp\u00f5es, tendo em conta os v\u00e1rios pr\u00e9mios conquistados nas diferentes modalidades, \u00e9 o mote para a aposta na \u00e1rea do desporto. Em termos estruturais, a atra\u00e7\u00e3o para este ramo \u201cest\u00e1 enquadrada em tr\u00eas eixos estrat\u00e9gicos\u201d, afirma o Presidente. \u201cO primeiro \u00e9 o desporto para todos\u201d, para que possam dispor \u201cde uma oferta diversificada para toda a popula\u00e7\u00e3o lagoense\u201d; o segundo \u201c\u00e9 o desporto de competi\u00e7\u00e3o\u201d, aqui existe um claro destaque e n\u00edtido apoio \u201cao movimento as associativo federativo\u201d e o terceiro e \u00faltimo est\u00e1 relacionado com a promo\u00e7\u00e3o de grandes eventos e provas desportivas para o munic\u00edpio, o que tamb\u00e9m se torna vantajoso para a economia local.<\/p>\n\n\n\n<p><strong>O destino mais seguro da Europa e a cidade Sustent\u00e1vel 2020-2021<\/strong><\/p>\n\n\n\n<p>No ano passado, Lagoa foi considerada um dos destinos mais seguros para viajar, de acordo com o European Best Destinations, que levou em conta o respeito pelas circunst\u00e2ncias sanit\u00e1rias e as restri\u00e7\u00f5es da covid-19. Para o autarca \u201cesta distin\u00e7\u00e3o foi relevante para sentirmos que a abordagem ao combate da pandemia estava a ser eficaz, a n\u00edvel local\u201d. O mesmo ainda exp\u00f5e que, aliado \u201ca uma rela\u00e7\u00e3o pr\u00f3xima com as empresas do concelho\u201d, o \u201ct\u00edtulo\u201d possibilitou a chegada de muitos turistas, \u201cainda que naturalmente abaixo dos indicadores habituais para o per\u00edodo\u201d em quest\u00e3o.<\/p>\n\n\n\n<p>De uma \u201cforma transversal a todas as pol\u00edticas municipais\u201d, estruturando a sua \u201catua\u00e7\u00e3o em tr\u00eas pilares complementares entre si: o desenvolvimento econ\u00f3mico, social e ambiental\u201d. \u00c9 assim que Lagoa coloca o seu lugar na fila dos \u201camigos do ambiente\u201d.<\/p>\n\n\n\n<p>Na sequ\u00eancia deste compromisso, Lu\u00eds Encarna\u00e7\u00e3o menciona a promo\u00e7\u00e3o de investimentos \u201cna educa\u00e7\u00e3o ambiental\u201d, mas tamb\u00e9m \u201cna ado\u00e7\u00e3o das energias renov\u00e1veis e na efici\u00eancia energ\u00e9tica\u201d. Isso pode ser vis\u00edvel, por exemplo, na \u201csubstitui\u00e7\u00e3o do parque de viaturas municipais movidas a diesel por viaturas el\u00e9tricas\u201d, ou \u201cna ilumina\u00e7\u00e3o p\u00fablica, com a troca sistem\u00e1tica das l\u00e2mpadas tradicionais pelas LED\u201d, bem como nos edif\u00edcios municipais, em equipamentos desportivos e culturais\u201d, que de \u201caparelhos obsoletos\u201d passaram para \u201csolu\u00e7\u00f5es que permitem reduzir a pot\u00eancia instalada e atingir n\u00edveis significativos de poupan\u00e7a energ\u00e9tica\u201d.<\/p>\n","protected":false},"excerpt":{"rendered":"<p>\u00c9 uma das cidades portuguesas do Algarve que nesta \u00e9poca balnear vai voltar a iluminar o c\u00e9u com a Bandeira Azul em seis praias. Para manter a qualidade e seguran\u00e7a destes locais, a C\u00e2mara Municipal de Lagoa tem procurado \u201cidentificar e antecipar todas as debilidades\u201d que possam existir e manter&hellip;<\/p>\n","protected":false},"author":7,"featured_media":3448,"comment_status":"open","ping_status":"open","sticky":false,"template":"","format":"standard","meta":{"advgb_blocks_editor_width":"","advgb_blocks_columns_visual_guide":"","_monsterinsights_skip_tracking":false,"_monsterinsights_sitenote_active":false,"_monsterinsights_sitenote_note":"","_monsterinsights_sitenote_category":0,"footnotes":""},"categories":[722,50,53],"tags":[733,734,517],"class_list":["post-3438","post","type-post","status-publish","format-standard","has-post-thumbnail","hentry","category-abae","category-destaques","category-turismo-restaurantes","tag-abae","tag-bandeira-azul","tag-lagoa"],"yoast_head":"<!-- This site is optimized with the Yoast SEO plugin v24.4 - https:\/\/yoast.com\/wordpress\/plugins\/seo\/ -->\n<title>\u00c0 beira-mar plantada, Lagoa volta a \u201cvestir-se\u201d de azul - Mais Magazine<\/title>\n<meta name=\"description\" content=\"a Bandeira Azul em seis praias. Para manter a qualidade e seguran\u00e7a destes locais, a C\u00e2mara Municipal de Lagoa tem procurado \u201cidentificar...\" \/>\n<meta name=\"robots\" content=\"index, follow, max-snippet:-1, max-image-preview:large, max-video-preview:-1\" \/>\n<link rel=\"canonical\" href=\"https:\/\/maismagazine.pt\/index.php\/2022\/06\/09\/a-beira-mar-plantada-lagoa-volta-a-vestir-se-de-azul\/\" \/>\n<meta property=\"og:locale\" content=\"pt_PT\" \/>\n<meta property=\"og:type\" content=\"article\" \/>\n<meta property=\"og:title\" content=\"\u00c0 beira-mar plantada, Lagoa volta a \u201cvestir-se\u201d de azul - Mais Magazine\" \/>\n<meta property=\"og:description\" content=\"a Bandeira Azul em seis praias. Para manter a qualidade e seguran\u00e7a destes locais, a C\u00e2mara Municipal de Lagoa tem procurado \u201cidentificar...\" \/>\n<meta property=\"og:url\" content=\"https:\/\/maismagazine.pt\/index.php\/2022\/06\/09\/a-beira-mar-plantada-lagoa-volta-a-vestir-se-de-azul\/\" \/>\n<meta property=\"og:site_name\" content=\"Mais Magazine\" \/>\n<meta property=\"article:published_time\" content=\"2022-06-09T06:01:00+00:00\" \/>\n<meta property=\"og:image\" content=\"https:\/\/maismagazine.pt\/wp-content\/uploads\/2022\/06\/foto_Presidente.jpg\" \/>\n\t<meta property=\"og:image:width\" content=\"1095\" \/>\n\t<meta property=\"og:image:height\" content=\"730\" \/>\n\t<meta property=\"og:image:type\" content=\"image\/jpeg\" \/>\n<meta name=\"author\" content=\"Jo\u00e3o Malainho\" \/>\n<meta name=\"twitter:card\" content=\"summary_large_image\" \/>\n<meta name=\"twitter:label1\" content=\"Escrito por\" \/>\n\t<meta name=\"twitter:data1\" content=\"\" \/>\n\t<meta name=\"twitter:label2\" content=\"Tempo estimado de leitura\" \/>\n\t<meta name=\"twitter:data2\" content=\"6 minutos\" \/>\n<script type=\"application\/ld+json\" class=\"yoast-schema-graph\">{\"@context\":\"https:\/\/schema.org\",\"@graph\":[{\"@type\":\"Article\",\"@id\":\"https:\/\/maismagazine.pt\/index.php\/2022\/06\/09\/a-beira-mar-plantada-lagoa-volta-a-vestir-se-de-azul\/#article\",\"isPartOf\":{\"@id\":\"https:\/\/maismagazine.pt\/index.php\/2022\/06\/09\/a-beira-mar-plantada-lagoa-volta-a-vestir-se-de-azul\/\"},\"author\":{\"name\":\"Jo\u00e3o Malainho\",\"@id\":\"http:\/\/maismagazine.pt\/#\/schema\/person\/999bd426f894ff56d397ec12ebd21ebb\"},\"headline\":\"\u00c0 beira-mar plantada, Lagoa volta a \u201cvestir-se\u201d de azul\",\"datePublished\":\"2022-06-09T06:01:00+00:00\",\"mainEntityOfPage\":{\"@id\":\"https:\/\/maismagazine.pt\/index.php\/2022\/06\/09\/a-beira-mar-plantada-lagoa-volta-a-vestir-se-de-azul\/\"},\"wordCount\":1287,\"commentCount\":0,\"publisher\":{\"@id\":\"http:\/\/maismagazine.pt\/#organization\"},\"image\":{\"@id\":\"https:\/\/maismagazine.pt\/index.php\/2022\/06\/09\/a-beira-mar-plantada-lagoa-volta-a-vestir-se-de-azul\/#primaryimage\"},\"thumbnailUrl\":\"https:\/\/maismagazine.pt\/wp-content\/uploads\/2022\/06\/foto_Presidente.jpg\",\"keywords\":[\"Abae\",\"Bandeira azul\",\"Lagoa\"],\"articleSection\":[\"ABAE\",\"Destaques\",\"Turismo | Vinhos | Gastronomia\"],\"inLanguage\":\"pt-PT\",\"potentialAction\":[{\"@type\":\"CommentAction\",\"name\":\"Comment\",\"target\":[\"https:\/\/maismagazine.pt\/index.php\/2022\/06\/09\/a-beira-mar-plantada-lagoa-volta-a-vestir-se-de-azul\/#respond\"]}]},{\"@type\":\"WebPage\",\"@id\":\"https:\/\/maismagazine.pt\/index.php\/2022\/06\/09\/a-beira-mar-plantada-lagoa-volta-a-vestir-se-de-azul\/\",\"url\":\"https:\/\/maismagazine.pt\/index.php\/2022\/06\/09\/a-beira-mar-plantada-lagoa-volta-a-vestir-se-de-azul\/\",\"name\":\"\u00c0 beira-mar plantada, Lagoa volta a \u201cvestir-se\u201d de azul - Mais Magazine\",\"isPartOf\":{\"@id\":\"http:\/\/maismagazine.pt\/#website\"},\"primaryImageOfPage\":{\"@id\":\"https:\/\/maismagazine.pt\/index.php\/2022\/06\/09\/a-beira-mar-plantada-lagoa-volta-a-vestir-se-de-azul\/#primaryimage\"},\"image\":{\"@id\":\"https:\/\/maismagazine.pt\/index.php\/2022\/06\/09\/a-beira-mar-plantada-lagoa-volta-a-vestir-se-de-azul\/#primaryimage\"},\"thumbnailUrl\":\"https:\/\/maismagazine.pt\/wp-content\/uploads\/2022\/06\/foto_Presidente.jpg\",\"datePublished\":\"2022-06-09T06:01:00+00:00\",\"description\":\"a Bandeira Azul em seis praias. Para manter a qualidade e seguran\u00e7a destes locais, a C\u00e2mara Municipal de Lagoa tem procurado \u201cidentificar...\",\"breadcrumb\":{\"@id\":\"https:\/\/maismagazine.pt\/index.php\/2022\/06\/09\/a-beira-mar-plantada-lagoa-volta-a-vestir-se-de-azul\/#breadcrumb\"},\"inLanguage\":\"pt-PT\",\"potentialAction\":[{\"@type\":\"ReadAction\",\"target\":[\"https:\/\/maismagazine.pt\/index.php\/2022\/06\/09\/a-beira-mar-plantada-lagoa-volta-a-vestir-se-de-azul\/\"]}]},{\"@type\":\"ImageObject\",\"inLanguage\":\"pt-PT\",\"@id\":\"https:\/\/maismagazine.pt\/index.php\/2022\/06\/09\/a-beira-mar-plantada-lagoa-volta-a-vestir-se-de-azul\/#primaryimage\",\"url\":\"https:\/\/maismagazine.pt\/wp-content\/uploads\/2022\/06\/foto_Presidente.jpg\",\"contentUrl\":\"https:\/\/maismagazine.pt\/wp-content\/uploads\/2022\/06\/foto_Presidente.jpg\",\"width\":1095,\"height\":730},{\"@type\":\"BreadcrumbList\",\"@id\":\"https:\/\/maismagazine.pt\/index.php\/2022\/06\/09\/a-beira-mar-plantada-lagoa-volta-a-vestir-se-de-azul\/#breadcrumb\",\"itemListElement\":[{\"@type\":\"ListItem\",\"position\":1,\"name\":\"Home\",\"item\":\"http:\/\/maismagazine.pt\/\"},{\"@type\":\"ListItem\",\"position\":2,\"name\":\"\u00c0 beira-mar plantada, Lagoa volta a \u201cvestir-se\u201d de azul\"}]},{\"@type\":\"WebSite\",\"@id\":\"http:\/\/maismagazine.pt\/#website\",\"url\":\"http:\/\/maismagazine.pt\/\",\"name\":\"Mais Magazine\",\"description\":\"\",\"publisher\":{\"@id\":\"http:\/\/maismagazine.pt\/#organization\"},\"potentialAction\":[{\"@type\":\"SearchAction\",\"target\":{\"@type\":\"EntryPoint\",\"urlTemplate\":\"http:\/\/maismagazine.pt\/?s={search_term_string}\"},\"query-input\":{\"@type\":\"PropertyValueSpecification\",\"valueRequired\":true,\"valueName\":\"search_term_string\"}}],\"inLanguage\":\"pt-PT\"},{\"@type\":\"Organization\",\"@id\":\"http:\/\/maismagazine.pt\/#organization\",\"name\":\"Mais Magazine\",\"url\":\"http:\/\/maismagazine.pt\/\",\"logo\":{\"@type\":\"ImageObject\",\"inLanguage\":\"pt-PT\",\"@id\":\"http:\/\/maismagazine.pt\/#\/schema\/logo\/image\/\",\"url\":\"https:\/\/maismagazine.pt\/wp-content\/uploads\/2020\/04\/cropped-cropped-mais-magazine-site-logo-2.png\",\"contentUrl\":\"https:\/\/maismagazine.pt\/wp-content\/uploads\/2020\/04\/cropped-cropped-mais-magazine-site-logo-2.png\",\"width\":581,\"height\":90,\"caption\":\"Mais Magazine\"},\"image\":{\"@id\":\"http:\/\/maismagazine.pt\/#\/schema\/logo\/image\/\"}},{\"@type\":\"Person\",\"@id\":\"http:\/\/maismagazine.pt\/#\/schema\/person\/999bd426f894ff56d397ec12ebd21ebb\",\"name\":\"Jo\u00e3o Malainho\",\"image\":{\"@type\":\"ImageObject\",\"inLanguage\":\"pt-PT\",\"@id\":\"http:\/\/maismagazine.pt\/#\/schema\/person\/image\/\",\"url\":\"https:\/\/secure.gravatar.com\/avatar\/ff03c2f38edf60b2a827aa4f74878491?s=96&d=mm&r=g\",\"contentUrl\":\"https:\/\/secure.gravatar.com\/avatar\/ff03c2f38edf60b2a827aa4f74878491?s=96&d=mm&r=g\",\"caption\":\"Jo\u00e3o Malainho\"},\"url\":\"https:\/\/maismagazine.pt\/index.php\/author\/maismagazine\/\"}]}<\/script>\n<!-- \/ Yoast SEO plugin. -->","yoast_head_json":{"title":"\u00c0 beira-mar plantada, Lagoa volta a \u201cvestir-se\u201d de azul - Mais Magazine","description":"a Bandeira Azul em seis praias. Para manter a qualidade e seguran\u00e7a destes locais, a C\u00e2mara Municipal de Lagoa tem procurado \u201cidentificar...","robots":{"index":"index","follow":"follow","max-snippet":"max-snippet:-1","max-image-preview":"max-image-preview:large","max-video-preview":"max-video-preview:-1"},"canonical":"https:\/\/maismagazine.pt\/index.php\/2022\/06\/09\/a-beira-mar-plantada-lagoa-volta-a-vestir-se-de-azul\/","og_locale":"pt_PT","og_type":"article","og_title":"\u00c0 beira-mar plantada, Lagoa volta a \u201cvestir-se\u201d de azul - Mais Magazine","og_description":"a Bandeira Azul em seis praias. Para manter a qualidade e seguran\u00e7a destes locais, a C\u00e2mara Municipal de Lagoa tem procurado \u201cidentificar...","og_url":"https:\/\/maismagazine.pt\/index.php\/2022\/06\/09\/a-beira-mar-plantada-lagoa-volta-a-vestir-se-de-azul\/","og_site_name":"Mais Magazine","article_published_time":"2022-06-09T06:01:00+00:00","og_image":[{"width":1095,"height":730,"url":"https:\/\/maismagazine.pt\/wp-content\/uploads\/2022\/06\/foto_Presidente.jpg","type":"image\/jpeg"}],"author":"Jo\u00e3o Malainho","twitter_card":"summary_large_image","twitter_misc":{"Escrito por":false,"Tempo estimado de leitura":"6 minutos"},"schema":{"@context":"https:\/\/schema.org","@graph":[{"@type":"Article","@id":"https:\/\/maismagazine.pt\/index.php\/2022\/06\/09\/a-beira-mar-plantada-lagoa-volta-a-vestir-se-de-azul\/#article","isPartOf":{"@id":"https:\/\/maismagazine.pt\/index.php\/2022\/06\/09\/a-beira-mar-plantada-lagoa-volta-a-vestir-se-de-azul\/"},"author":{"name":"Jo\u00e3o Malainho","@id":"http:\/\/maismagazine.pt\/#\/schema\/person\/999bd426f894ff56d397ec12ebd21ebb"},"headline":"\u00c0 beira-mar plantada, Lagoa volta a \u201cvestir-se\u201d de azul","datePublished":"2022-06-09T06:01:00+00:00","mainEntityOfPage":{"@id":"https:\/\/maismagazine.pt\/index.php\/2022\/06\/09\/a-beira-mar-plantada-lagoa-volta-a-vestir-se-de-azul\/"},"wordCount":1287,"commentCount":0,"publisher":{"@id":"http:\/\/maismagazine.pt\/#organization"},"image":{"@id":"https:\/\/maismagazine.pt\/index.php\/2022\/06\/09\/a-beira-mar-plantada-lagoa-volta-a-vestir-se-de-azul\/#primaryimage"},"thumbnailUrl":"https:\/\/maismagazine.pt\/wp-content\/uploads\/2022\/06\/foto_Presidente.jpg","keywords":["Abae","Bandeira azul","Lagoa"],"articleSection":["ABAE","Destaques","Turismo | Vinhos | Gastronomia"],"inLanguage":"pt-PT","potentialAction":[{"@type":"CommentAction","name":"Comment","target":["https:\/\/maismagazine.pt\/index.php\/2022\/06\/09\/a-beira-mar-plantada-lagoa-volta-a-vestir-se-de-azul\/#respond"]}]},{"@type":"WebPage","@id":"https:\/\/maismagazine.pt\/index.php\/2022\/06\/09\/a-beira-mar-plantada-lagoa-volta-a-vestir-se-de-azul\/","url":"https:\/\/maismagazine.pt\/index.php\/2022\/06\/09\/a-beira-mar-plantada-lagoa-volta-a-vestir-se-de-azul\/","name":"\u00c0 beira-mar plantada, Lagoa volta a \u201cvestir-se\u201d de azul - Mais Magazine","isPartOf":{"@id":"http:\/\/maismagazine.pt\/#website"},"primaryImageOfPage":{"@id":"https:\/\/maismagazine.pt\/index.php\/2022\/06\/09\/a-beira-mar-plantada-lagoa-volta-a-vestir-se-de-azul\/#primaryimage"},"image":{"@id":"https:\/\/maismagazine.pt\/index.php\/2022\/06\/09\/a-beira-mar-plantada-lagoa-volta-a-vestir-se-de-azul\/#primaryimage"},"thumbnailUrl":"https:\/\/maismagazine.pt\/wp-content\/uploads\/2022\/06\/foto_Presidente.jpg","datePublished":"2022-06-09T06:01:00+00:00","description":"a Bandeira Azul em seis praias. Para manter a qualidade e seguran\u00e7a destes locais, a C\u00e2mara Municipal de Lagoa tem procurado \u201cidentificar...","breadcrumb":{"@id":"https:\/\/maismagazine.pt\/index.php\/2022\/06\/09\/a-beira-mar-plantada-lagoa-volta-a-vestir-se-de-azul\/#breadcrumb"},"inLanguage":"pt-PT","potentialAction":[{"@type":"ReadAction","target":["https:\/\/maismagazine.pt\/index.php\/2022\/06\/09\/a-beira-mar-plantada-lagoa-volta-a-vestir-se-de-azul\/"]}]},{"@type":"ImageObject","inLanguage":"pt-PT","@id":"https:\/\/maismagazine.pt\/index.php\/2022\/06\/09\/a-beira-mar-plantada-lagoa-volta-a-vestir-se-de-azul\/#primaryimage","url":"https:\/\/maismagazine.pt\/wp-content\/uploads\/2022\/06\/foto_Presidente.jpg","contentUrl":"https:\/\/maismagazine.pt\/wp-content\/uploads\/2022\/06\/foto_Presidente.jpg","width":1095,"height":730},{"@type":"BreadcrumbList","@id":"https:\/\/maismagazine.pt\/index.php\/2022\/06\/09\/a-beira-mar-plantada-lagoa-volta-a-vestir-se-de-azul\/#breadcrumb","itemListElement":[{"@type":"ListItem","position":1,"name":"Home","item":"http:\/\/maismagazine.pt\/"},{"@type":"ListItem","position":2,"name":"\u00c0 beira-mar plantada, Lagoa volta a \u201cvestir-se\u201d de azul"}]},{"@type":"WebSite","@id":"http:\/\/maismagazine.pt\/#website","url":"http:\/\/maismagazine.pt\/","name":"Mais Magazine","description":"","publisher":{"@id":"http:\/\/maismagazine.pt\/#organization"},"potentialAction":[{"@type":"SearchAction","target":{"@type":"EntryPoint","urlTemplate":"http:\/\/maismagazine.pt\/?s={search_term_string}"},"query-input":{"@type":"PropertyValueSpecification","valueRequired":true,"valueName":"search_term_string"}}],"inLanguage":"pt-PT"},{"@type":"Organization","@id":"http:\/\/maismagazine.pt\/#organization","name":"Mais Magazine","url":"http:\/\/maismagazine.pt\/","logo":{"@type":"ImageObject","inLanguage":"pt-PT","@id":"http:\/\/maismagazine.pt\/#\/schema\/logo\/image\/","url":"https:\/\/maismagazine.pt\/wp-content\/uploads\/2020\/04\/cropped-cropped-mais-magazine-site-logo-2.png","contentUrl":"https:\/\/maismagazine.pt\/wp-content\/uploads\/2020\/04\/cropped-cropped-mais-magazine-site-logo-2.png","width":581,"height":90,"caption":"Mais Magazine"},"image":{"@id":"http:\/\/maismagazine.pt\/#\/schema\/logo\/image\/"}},{"@type":"Person","@id":"http:\/\/maismagazine.pt\/#\/schema\/person\/999bd426f894ff56d397ec12ebd21ebb","name":"Jo\u00e3o Malainho","image":{"@type":"ImageObject","inLanguage":"pt-PT","@id":"http:\/\/maismagazine.pt\/#\/schema\/person\/image\/","url":"https:\/\/secure.gravatar.com\/avatar\/ff03c2f38edf60b2a827aa4f74878491?s=96&d=mm&r=g","contentUrl":"https:\/\/secure.gravatar.com\/avatar\/ff03c2f38edf60b2a827aa4f74878491?s=96&d=mm&r=g","caption":"Jo\u00e3o Malainho"},"url":"https:\/\/maismagazine.pt\/index.php\/author\/maismagazine\/"}]}},"author_meta":{"display_name":false,"author_link":"https:\/\/maismagazine.pt\/index.php\/author\/maismagazine\/"},"featured_img":"https:\/\/maismagazine.pt\/wp-content\/uploads\/2022\/06\/foto_Presidente-300x200.jpg","coauthors":[],"tax_additional":{"categories":{"linked":["<a href=\"https:\/\/maismagazine.pt\/index.php\/category\/abae\/\" class=\"advgb-post-tax-term\">ABAE<\/a>","<a href=\"https:\/\/maismagazine.pt\/index.php\/category\/destaques\/\" class=\"advgb-post-tax-term\">Destaques<\/a>","<a href=\"https:\/\/maismagazine.pt\/index.php\/category\/turismo-restaurantes\/\" class=\"advgb-post-tax-term\">Turismo | Vinhos | Gastronomia<\/a>"],"unlinked":["<span class=\"advgb-post-tax-term\">ABAE<\/span>","<span class=\"advgb-post-tax-term\">Destaques<\/span>","<span class=\"advgb-post-tax-term\">Turismo | Vinhos | Gastronomia<\/span>"]},"tags":{"linked":["<a href=\"https:\/\/maismagazine.pt\/index.php\/category\/turismo-restaurantes\/\" class=\"advgb-post-tax-term\">Abae<\/a>","<a href=\"https:\/\/maismagazine.pt\/index.php\/category\/turismo-restaurantes\/\" class=\"advgb-post-tax-term\">Bandeira azul<\/a>","<a href=\"https:\/\/maismagazine.pt\/index.php\/category\/turismo-restaurantes\/\" class=\"advgb-post-tax-term\">Lagoa<\/a>"],"unlinked":["<span class=\"advgb-post-tax-term\">Abae<\/span>","<span class=\"advgb-post-tax-term\">Bandeira azul<\/span>","<span class=\"advgb-post-tax-term\">Lagoa<\/span>"]}},"comment_count":"0","relative_dates":{"created":"Posted 4 anos ago","modified":"Updated 4 anos ago"},"absolute_dates":{"created":"Posted on 9 de Junho, 2022","modified":"Updated on 8 de Junho, 2022"},"absolute_dates_time":{"created":"Posted on 9 de Junho, 2022 7:01","modified":"Updated on 8 de Junho, 2022 11:11"},"featured_img_caption":"","series_order":"","_links":{"self":[{"href":"https:\/\/maismagazine.pt\/index.php\/wp-json\/wp\/v2\/posts\/3438","targetHints":{"allow":["GET"]}}],"collection":[{"href":"https:\/\/maismagazine.pt\/index.php\/wp-json\/wp\/v2\/posts"}],"about":[{"href":"https:\/\/maismagazine.pt\/index.php\/wp-json\/wp\/v2\/types\/post"}],"author":[{"embeddable":true,"href":"https:\/\/maismagazine.pt\/index.php\/wp-json\/wp\/v2\/users\/7"}],"replies":[{"embeddable":true,"href":"https:\/\/maismagazine.pt\/index.php\/wp-json\/wp\/v2\/comments?post=3438"}],"version-history":[{"count":2,"href":"https:\/\/maismagazine.pt\/index.php\/wp-json\/wp\/v2\/posts\/3438\/revisions"}],"predecessor-version":[{"id":3641,"href":"https:\/\/maismagazine.pt\/index.php\/wp-json\/wp\/v2\/posts\/3438\/revisions\/3641"}],"wp:featuredmedia":[{"embeddable":true,"href":"https:\/\/maismagazine.pt\/index.php\/wp-json\/wp\/v2\/media\/3448"}],"wp:attachment":[{"href":"https:\/\/maismagazine.pt\/index.php\/wp-json\/wp\/v2\/media?parent=3438"}],"wp:term":[{"taxonomy":"category","embeddable":true,"href":"https:\/\/maismagazine.pt\/index.php\/wp-json\/wp\/v2\/categories?post=3438"},{"taxonomy":"post_tag","embeddable":true,"href":"https:\/\/maismagazine.pt\/index.php\/wp-json\/wp\/v2\/tags?post=3438"}],"curies":[{"name":"wp","href":"https:\/\/api.w.org\/{rel}","templated":true}]}}