{"id":3420,"date":"2022-06-09T07:00:00","date_gmt":"2022-06-09T06:00:00","guid":{"rendered":"https:\/\/maismagazine.pt\/?p=3420"},"modified":"2022-06-08T11:11:38","modified_gmt":"2022-06-08T10:11:38","slug":"presente-e-futuro-da-faculdade-de-direito-da-up","status":"publish","type":"post","link":"https:\/\/maismagazine.pt\/index.php\/2022\/06\/09\/presente-e-futuro-da-faculdade-de-direito-da-up\/","title":{"rendered":"Presente e Futuro da Faculdade de Direito da UP"},"content":{"rendered":"\n<p><\/p>\n\n\n\n<p><strong>Depois de soprar as 25 velas, o Diretor e Professor da <a href=\"http:\/\/www.sigarra.up.pt\">Institui\u00e7\u00e3o<\/a>, Paulo Tarso Domingues, esteve \u00e0 conversa com a Mais Magazine, onde destacou as mais-valias sociais e culturais dos programas de mobilidade para os estudantes, e a qualidade da investiga\u00e7\u00e3o em Portugal.<\/strong><\/p>\n\n\n\n<p><\/p>\n\n\n\n<p><strong>Como caraterizaria a posi\u00e7\u00e3o atual da Faculdade de Direito da Universidade do Porto (FDUP) no panorama universit\u00e1rio nacional?<\/strong><\/p>\n\n\n\n<p><\/p>\n\n\n\n<p>A FDUP \u2013 que acaba de celebrar 25 anos, o que faz dela a mais nova Faculdade de Direito p\u00fablica do pa\u00eds \u2013 faz parte da Universidade do Porto, compartilhando dos seus valores e beneficiando da integra\u00e7\u00e3o em uma das melhores universidades portuguesas e europeias.<br><\/p>\n\n\n\n<p>\u00c9 pretens\u00e3o da FDUP continuar a promover o aprofundamento das rela\u00e7\u00f5es da Faculdade seja com a Reitoria seja com as demais Faculdades da UP, por forma a que a FDUP ocupe \u2013 na constela\u00e7\u00e3o da UP \u2013 o lugar que \u00e9 seu por direito, passando nomeadamente a ter um papel mais ativo e uma voz mais interventiva no que respeita a mat\u00e9rias atinentes ao Direito e\/ou \u00e0 Criminologia que sejam suscitadas dentro da UP.<br><\/p>\n\n\n\n<p>Por outro lado, a FDUP pretende igualmente \u2013 numa posi\u00e7\u00e3o de igualdade e de total autonomia e independ\u00eancia \u2013 aprofundar o relacionamento com as outras Faculdades de Direito p\u00fablicas, nomeadamente para que, em conjunto, possam refletir e tentar resolver problemas comuns a todas elas e para que as mesmas possam ter um papel mais proeminente e participativo junto das entidades p\u00fablicas, mormente no que respeita \u00e0 atividade legiferante e a mat\u00e9rias que contendam com a \u00e1rea de saber cultivada pela Criminologia.<\/p>\n\n\n\n<p><\/p>\n\n\n\n<p><strong>Qual \u00e9 a aposta da vossa institui\u00e7\u00e3o relativamente aos programas de mobilidade?<\/strong><\/p>\n\n\n\n<p><\/p>\n\n\n\n<p>Qualquer um fica sempre mais rico quando frequenta um programa de mobilidade! Com efeito, a mobilidade contribui fortemente para a abertura de horizontes e para o enriquecimento cultural dos que dela beneficiam, dada a proximidade do contacto com outras culturas e colegas de outros pa\u00edses, o que potencia sobremaneira o desenvolvimento de conhecimentos \u00fanicos sobre o pa\u00eds de acolhimento, bem como<br>o estabelecimento de rela\u00e7\u00f5es que podem perdurar e ser importantes para toda a vida.<\/p>\n\n\n\n<p><\/p>\n\n\n\n<p>E, por isso, esta \u00e9 uma das principais apostas que tem sido feita na FDUP, que disp\u00f5e de um Gabinete de Mobilidade apenas dedicado a este assunto, para apoiar e a acompanhar a mobilidade in e out, seja de estudantes seja de docentes. A FDUP tem, para este efeito, celebrado protocolos de mobilidade com as mais prestigiadas universidades europeias e do mundo, em especial com os pa\u00edses e territ\u00f3rios (e.g., Macau) da lusofonia. A FDUP est\u00e1 ainda firmemente empenhada \u2013 de resto, alinhada com a pol\u00edtica da UP \u2013 em desenvolver a sua internacionaliza\u00e7\u00e3o e as parcerias com outras Faculdades estrangeiras, estando, por exemplo, neste momento a acompanhar e assessorar a cria\u00e7\u00e3o do Curso de Direito na Universidade de Cabo Verde.<\/p>\n\n\n\n<p><\/p>\n\n\n\n<p><strong>De que forma a FDUP investe na qualidade do seu ensino e investiga\u00e7\u00e3o?<\/strong><\/p>\n\n\n\n<p><\/p>\n\n\n\n<p>A qualidade do ensino \u00e9 absolutamente crucial para a afirma\u00e7\u00e3o de qualquer institui\u00e7\u00e3o de ensino e, portanto, tamb\u00e9m da FDUP, pelo que temos estimulado as a\u00e7\u00f5es \u2013 individuais ou coletivas \u2013 que possam melhorar a qualidade do ensino na FDUP, nomeadamente a frequ\u00eancia de a\u00e7\u00f5es de forma\u00e7\u00e3o que contribuam para a melhoria pedag\u00f3gica dos docentes.<\/p>\n\n\n\n<p><\/p>\n\n\n\n<p>Por outro lado, a qualidade do ensino assenta tamb\u00e9m necessariamente na investiga\u00e7\u00e3o cient\u00edfica, que constitui, por isso, uma aposta fundamental da atual Dire\u00e7\u00e3o. A investiga\u00e7\u00e3o cient\u00edfica \u00e9, na verdade, um imperativo para todo o universit\u00e1rio! E, por isso, a FDUP promove esta investiga\u00e7\u00e3o e desenvolvimento cient\u00edficos, mormente a n\u00edvel internacional, uma vez que \u00e9 importante que a nossa atividade e a nossa ci\u00eancia jur\u00eddica cheguem a todos os fora internacionais.<\/p>\n\n\n\n<p><\/p>\n\n\n\n<p>Parece-nos, em todo o caso, que esse esfor\u00e7o dever\u00e1 ser precipuamente dirigido para os pa\u00edses lus\u00f3fonos, com os quais temos, para al\u00e9m do mais, um edif\u00edcio jur\u00eddico matricial comum.<\/p>\n\n\n\n<p><\/p>\n\n\n\n<p>Por isso, a nossa investiga\u00e7\u00e3o, que, obviamente n\u00e3o pode prescindir da investiga\u00e7\u00e3o  de ponta que \u00e9 feita l\u00e1 fora e em l\u00ednguas estrangeiras, deve sobretudo almejar chegar aos pa\u00edses lus\u00f3fonos. E, para tanto, deve essencialmente ser feita na nossa l\u00edngua m\u00e1tria e n\u00e3o em outras l\u00ednguas, pois s\u00f3 essa solu\u00e7\u00e3o nos permitir\u00e1 fazer uma concorr\u00eancia diferencial relativamente ao que \u00e9 feito em outras paragens.<\/p>\n\n\n\n<p><\/p>\n\n\n\n<p><strong>Quais s\u00e3o os projetos que a Faculdade de Direito tem para o futuro? H\u00e1 alguma novidade para o pr\u00f3ximo ano letivo?<\/strong><\/p>\n\n\n\n<p><\/p>\n\n\n\n<p>A FDUP tem a decorrer um processo de revis\u00e3o dos programas curriculares dos primeiros e segundo ciclos de estudos em Direito, no sentido de serem disponibilizadas mais disciplinas optativas e novas \u00e1reas de especializa\u00e7\u00e3o, por forma a que a nossa oferta formativa possa ir, cada vez mais, ao encontro dos interesses dos estudantes e que estes possam, em maior medida, customizar o curso de acordo com as suas prefer\u00eancias.<\/p>\n\n\n\n<p><br>Trata-se de um processo que tomar\u00e1 algum tempo, uma vez que, de caso pensado, pretendemos que seja algo profundamente amadurecido, de modo a assegurar que os nossos Cursos \u2013 que, felizmente, t\u00eam tido enorme procura e sucesso \u2013 possam tornar-se ainda mais apelativos do que j\u00e1 s\u00e3o.<\/p>\n\n\n\n<p><\/p>\n\n\n\n<p><strong>Que balan\u00e7o faz do ensino de Direito em Portugal?<\/strong><\/p>\n\n\n\n<p><\/p>\n\n\n\n<p>O ensino do Direito, em Portugal e n\u00e3o s\u00f3, confronta-se atualmente com um mundo em constante transforma\u00e7\u00e3o e que procura cada vez mais a especializa\u00e7\u00e3o. Parece-nos, em todo o caso, que, no essencial, o Curso de Direito deve continuar a ter por matriz um ensino de banda larga, seja pelas ferramentas e prepara\u00e7\u00e3o global que proporciona aos seus estudantes, seja pela vasta gama de sa\u00eddas profissionais a que este tipo de ensino continua a abrir portas.<\/p>\n","protected":false},"excerpt":{"rendered":"<p>Depois de soprar as 25 velas, o Diretor e Professor da Institui\u00e7\u00e3o, Paulo Tarso Domingues, esteve \u00e0 conversa com a Mais Magazine, onde destacou as mais-valias sociais e culturais dos programas de mobilidade para os estudantes, e a qualidade da investiga\u00e7\u00e3o em Portugal. Como caraterizaria a posi\u00e7\u00e3o atual da Faculdade&hellip;<\/p>\n","protected":false},"author":7,"featured_media":3432,"comment_status":"open","ping_status":"open","sticky":false,"template":"","format":"standard","meta":{"advgb_blocks_editor_width":"","advgb_blocks_columns_visual_guide":"","_monsterinsights_skip_tracking":false,"_monsterinsights_sitenote_active":false,"_monsterinsights_sitenote_note":"","_monsterinsights_sitenote_category":0,"footnotes":""},"categories":[52,149],"tags":[94,729,728,730,731,732,727],"class_list":["post-3420","post","type-post","status-publish","format-standard","has-post-thumbnail","hentry","category-destaque","category-educacao","tag-autonomia","tag-direito","tag-faculdade-de-direito-da-universidade-do-porto","tag-igualdade","tag-independencia","tag-mobilidade","tag-up"],"yoast_head":"<!-- This site is optimized with the Yoast SEO plugin v24.4 - https:\/\/yoast.com\/wordpress\/plugins\/seo\/ -->\n<title>Presente e Futuro da Faculdade de Direito da UP - Mais Magazine<\/title>\n<meta name=\"description\" content=\"Presente e Futuro da Faculdade de Direito da UP\" \/>\n<meta name=\"robots\" content=\"index, follow, max-snippet:-1, max-image-preview:large, max-video-preview:-1\" \/>\n<link rel=\"canonical\" href=\"https:\/\/maismagazine.pt\/index.php\/2022\/06\/09\/presente-e-futuro-da-faculdade-de-direito-da-up\/\" \/>\n<meta property=\"og:locale\" content=\"pt_PT\" \/>\n<meta property=\"og:type\" content=\"article\" \/>\n<meta property=\"og:title\" content=\"Presente e Futuro da Faculdade de Direito da UP - Mais Magazine\" \/>\n<meta property=\"og:description\" content=\"Presente e Futuro da Faculdade de Direito da UP\" \/>\n<meta property=\"og:url\" content=\"https:\/\/maismagazine.pt\/index.php\/2022\/06\/09\/presente-e-futuro-da-faculdade-de-direito-da-up\/\" \/>\n<meta property=\"og:site_name\" content=\"Mais Magazine\" \/>\n<meta property=\"article:published_time\" content=\"2022-06-09T06:00:00+00:00\" \/>\n<meta property=\"og:image\" content=\"https:\/\/maismagazine.pt\/wp-content\/uploads\/2022\/06\/DSC_0211.jpg\" \/>\n\t<meta property=\"og:image:width\" content=\"1424\" \/>\n\t<meta property=\"og:image:height\" content=\"2144\" \/>\n\t<meta property=\"og:image:type\" content=\"image\/jpeg\" \/>\n<meta name=\"author\" content=\"Jo\u00e3o Malainho\" \/>\n<meta name=\"twitter:card\" content=\"summary_large_image\" \/>\n<meta name=\"twitter:label1\" content=\"Escrito por\" \/>\n\t<meta name=\"twitter:data1\" content=\"\" \/>\n\t<meta name=\"twitter:label2\" content=\"Tempo estimado de leitura\" \/>\n\t<meta name=\"twitter:data2\" content=\"4 minutos\" \/>\n<script type=\"application\/ld+json\" class=\"yoast-schema-graph\">{\"@context\":\"https:\/\/schema.org\",\"@graph\":[{\"@type\":\"Article\",\"@id\":\"https:\/\/maismagazine.pt\/index.php\/2022\/06\/09\/presente-e-futuro-da-faculdade-de-direito-da-up\/#article\",\"isPartOf\":{\"@id\":\"https:\/\/maismagazine.pt\/index.php\/2022\/06\/09\/presente-e-futuro-da-faculdade-de-direito-da-up\/\"},\"author\":{\"name\":\"Jo\u00e3o Malainho\",\"@id\":\"http:\/\/maismagazine.pt\/#\/schema\/person\/999bd426f894ff56d397ec12ebd21ebb\"},\"headline\":\"Presente e Futuro da Faculdade de Direito da UP\",\"datePublished\":\"2022-06-09T06:00:00+00:00\",\"mainEntityOfPage\":{\"@id\":\"https:\/\/maismagazine.pt\/index.php\/2022\/06\/09\/presente-e-futuro-da-faculdade-de-direito-da-up\/\"},\"wordCount\":984,\"commentCount\":0,\"publisher\":{\"@id\":\"http:\/\/maismagazine.pt\/#organization\"},\"image\":{\"@id\":\"https:\/\/maismagazine.pt\/index.php\/2022\/06\/09\/presente-e-futuro-da-faculdade-de-direito-da-up\/#primaryimage\"},\"thumbnailUrl\":\"https:\/\/maismagazine.pt\/wp-content\/uploads\/2022\/06\/DSC_0211.jpg\",\"keywords\":[\"autonomia\",\"Direito\",\"Faculdade de Direito da Universidade do Porto\",\"igualdade\",\"independ\u00eancia\",\"mobilidade\",\"UP\"],\"articleSection\":[\"Destaque lateral\",\"Educa\u00e7\u00e3o\"],\"inLanguage\":\"pt-PT\",\"potentialAction\":[{\"@type\":\"CommentAction\",\"name\":\"Comment\",\"target\":[\"https:\/\/maismagazine.pt\/index.php\/2022\/06\/09\/presente-e-futuro-da-faculdade-de-direito-da-up\/#respond\"]}]},{\"@type\":\"WebPage\",\"@id\":\"https:\/\/maismagazine.pt\/index.php\/2022\/06\/09\/presente-e-futuro-da-faculdade-de-direito-da-up\/\",\"url\":\"https:\/\/maismagazine.pt\/index.php\/2022\/06\/09\/presente-e-futuro-da-faculdade-de-direito-da-up\/\",\"name\":\"Presente e Futuro da Faculdade de Direito da UP - Mais Magazine\",\"isPartOf\":{\"@id\":\"http:\/\/maismagazine.pt\/#website\"},\"primaryImageOfPage\":{\"@id\":\"https:\/\/maismagazine.pt\/index.php\/2022\/06\/09\/presente-e-futuro-da-faculdade-de-direito-da-up\/#primaryimage\"},\"image\":{\"@id\":\"https:\/\/maismagazine.pt\/index.php\/2022\/06\/09\/presente-e-futuro-da-faculdade-de-direito-da-up\/#primaryimage\"},\"thumbnailUrl\":\"https:\/\/maismagazine.pt\/wp-content\/uploads\/2022\/06\/DSC_0211.jpg\",\"datePublished\":\"2022-06-09T06:00:00+00:00\",\"description\":\"Presente e Futuro da Faculdade de Direito da UP\",\"breadcrumb\":{\"@id\":\"https:\/\/maismagazine.pt\/index.php\/2022\/06\/09\/presente-e-futuro-da-faculdade-de-direito-da-up\/#breadcrumb\"},\"inLanguage\":\"pt-PT\",\"potentialAction\":[{\"@type\":\"ReadAction\",\"target\":[\"https:\/\/maismagazine.pt\/index.php\/2022\/06\/09\/presente-e-futuro-da-faculdade-de-direito-da-up\/\"]}]},{\"@type\":\"ImageObject\",\"inLanguage\":\"pt-PT\",\"@id\":\"https:\/\/maismagazine.pt\/index.php\/2022\/06\/09\/presente-e-futuro-da-faculdade-de-direito-da-up\/#primaryimage\",\"url\":\"https:\/\/maismagazine.pt\/wp-content\/uploads\/2022\/06\/DSC_0211.jpg\",\"contentUrl\":\"https:\/\/maismagazine.pt\/wp-content\/uploads\/2022\/06\/DSC_0211.jpg\",\"width\":1424,\"height\":2144},{\"@type\":\"BreadcrumbList\",\"@id\":\"https:\/\/maismagazine.pt\/index.php\/2022\/06\/09\/presente-e-futuro-da-faculdade-de-direito-da-up\/#breadcrumb\",\"itemListElement\":[{\"@type\":\"ListItem\",\"position\":1,\"name\":\"Home\",\"item\":\"http:\/\/maismagazine.pt\/\"},{\"@type\":\"ListItem\",\"position\":2,\"name\":\"Presente e Futuro da Faculdade de Direito da UP\"}]},{\"@type\":\"WebSite\",\"@id\":\"http:\/\/maismagazine.pt\/#website\",\"url\":\"http:\/\/maismagazine.pt\/\",\"name\":\"Mais Magazine\",\"description\":\"\",\"publisher\":{\"@id\":\"http:\/\/maismagazine.pt\/#organization\"},\"potentialAction\":[{\"@type\":\"SearchAction\",\"target\":{\"@type\":\"EntryPoint\",\"urlTemplate\":\"http:\/\/maismagazine.pt\/?s={search_term_string}\"},\"query-input\":{\"@type\":\"PropertyValueSpecification\",\"valueRequired\":true,\"valueName\":\"search_term_string\"}}],\"inLanguage\":\"pt-PT\"},{\"@type\":\"Organization\",\"@id\":\"http:\/\/maismagazine.pt\/#organization\",\"name\":\"Mais Magazine\",\"url\":\"http:\/\/maismagazine.pt\/\",\"logo\":{\"@type\":\"ImageObject\",\"inLanguage\":\"pt-PT\",\"@id\":\"http:\/\/maismagazine.pt\/#\/schema\/logo\/image\/\",\"url\":\"https:\/\/maismagazine.pt\/wp-content\/uploads\/2020\/04\/cropped-cropped-mais-magazine-site-logo-2.png\",\"contentUrl\":\"https:\/\/maismagazine.pt\/wp-content\/uploads\/2020\/04\/cropped-cropped-mais-magazine-site-logo-2.png\",\"width\":581,\"height\":90,\"caption\":\"Mais Magazine\"},\"image\":{\"@id\":\"http:\/\/maismagazine.pt\/#\/schema\/logo\/image\/\"}},{\"@type\":\"Person\",\"@id\":\"http:\/\/maismagazine.pt\/#\/schema\/person\/999bd426f894ff56d397ec12ebd21ebb\",\"name\":\"Jo\u00e3o Malainho\",\"image\":{\"@type\":\"ImageObject\",\"inLanguage\":\"pt-PT\",\"@id\":\"http:\/\/maismagazine.pt\/#\/schema\/person\/image\/\",\"url\":\"https:\/\/secure.gravatar.com\/avatar\/ff03c2f38edf60b2a827aa4f74878491?s=96&d=mm&r=g\",\"contentUrl\":\"https:\/\/secure.gravatar.com\/avatar\/ff03c2f38edf60b2a827aa4f74878491?s=96&d=mm&r=g\",\"caption\":\"Jo\u00e3o Malainho\"},\"url\":\"https:\/\/maismagazine.pt\/index.php\/author\/maismagazine\/\"}]}<\/script>\n<!-- \/ Yoast SEO plugin. -->","yoast_head_json":{"title":"Presente e Futuro da Faculdade de Direito da UP - Mais Magazine","description":"Presente e Futuro da Faculdade de Direito da UP","robots":{"index":"index","follow":"follow","max-snippet":"max-snippet:-1","max-image-preview":"max-image-preview:large","max-video-preview":"max-video-preview:-1"},"canonical":"https:\/\/maismagazine.pt\/index.php\/2022\/06\/09\/presente-e-futuro-da-faculdade-de-direito-da-up\/","og_locale":"pt_PT","og_type":"article","og_title":"Presente e Futuro da Faculdade de Direito da UP - Mais Magazine","og_description":"Presente e Futuro da Faculdade de Direito da UP","og_url":"https:\/\/maismagazine.pt\/index.php\/2022\/06\/09\/presente-e-futuro-da-faculdade-de-direito-da-up\/","og_site_name":"Mais Magazine","article_published_time":"2022-06-09T06:00:00+00:00","og_image":[{"width":1424,"height":2144,"url":"https:\/\/maismagazine.pt\/wp-content\/uploads\/2022\/06\/DSC_0211.jpg","type":"image\/jpeg"}],"author":"Jo\u00e3o Malainho","twitter_card":"summary_large_image","twitter_misc":{"Escrito por":false,"Tempo estimado de leitura":"4 minutos"},"schema":{"@context":"https:\/\/schema.org","@graph":[{"@type":"Article","@id":"https:\/\/maismagazine.pt\/index.php\/2022\/06\/09\/presente-e-futuro-da-faculdade-de-direito-da-up\/#article","isPartOf":{"@id":"https:\/\/maismagazine.pt\/index.php\/2022\/06\/09\/presente-e-futuro-da-faculdade-de-direito-da-up\/"},"author":{"name":"Jo\u00e3o Malainho","@id":"http:\/\/maismagazine.pt\/#\/schema\/person\/999bd426f894ff56d397ec12ebd21ebb"},"headline":"Presente e Futuro da Faculdade de Direito da UP","datePublished":"2022-06-09T06:00:00+00:00","mainEntityOfPage":{"@id":"https:\/\/maismagazine.pt\/index.php\/2022\/06\/09\/presente-e-futuro-da-faculdade-de-direito-da-up\/"},"wordCount":984,"commentCount":0,"publisher":{"@id":"http:\/\/maismagazine.pt\/#organization"},"image":{"@id":"https:\/\/maismagazine.pt\/index.php\/2022\/06\/09\/presente-e-futuro-da-faculdade-de-direito-da-up\/#primaryimage"},"thumbnailUrl":"https:\/\/maismagazine.pt\/wp-content\/uploads\/2022\/06\/DSC_0211.jpg","keywords":["autonomia","Direito","Faculdade de Direito da Universidade do Porto","igualdade","independ\u00eancia","mobilidade","UP"],"articleSection":["Destaque lateral","Educa\u00e7\u00e3o"],"inLanguage":"pt-PT","potentialAction":[{"@type":"CommentAction","name":"Comment","target":["https:\/\/maismagazine.pt\/index.php\/2022\/06\/09\/presente-e-futuro-da-faculdade-de-direito-da-up\/#respond"]}]},{"@type":"WebPage","@id":"https:\/\/maismagazine.pt\/index.php\/2022\/06\/09\/presente-e-futuro-da-faculdade-de-direito-da-up\/","url":"https:\/\/maismagazine.pt\/index.php\/2022\/06\/09\/presente-e-futuro-da-faculdade-de-direito-da-up\/","name":"Presente e Futuro da Faculdade de Direito da UP - Mais Magazine","isPartOf":{"@id":"http:\/\/maismagazine.pt\/#website"},"primaryImageOfPage":{"@id":"https:\/\/maismagazine.pt\/index.php\/2022\/06\/09\/presente-e-futuro-da-faculdade-de-direito-da-up\/#primaryimage"},"image":{"@id":"https:\/\/maismagazine.pt\/index.php\/2022\/06\/09\/presente-e-futuro-da-faculdade-de-direito-da-up\/#primaryimage"},"thumbnailUrl":"https:\/\/maismagazine.pt\/wp-content\/uploads\/2022\/06\/DSC_0211.jpg","datePublished":"2022-06-09T06:00:00+00:00","description":"Presente e Futuro da Faculdade de Direito da UP","breadcrumb":{"@id":"https:\/\/maismagazine.pt\/index.php\/2022\/06\/09\/presente-e-futuro-da-faculdade-de-direito-da-up\/#breadcrumb"},"inLanguage":"pt-PT","potentialAction":[{"@type":"ReadAction","target":["https:\/\/maismagazine.pt\/index.php\/2022\/06\/09\/presente-e-futuro-da-faculdade-de-direito-da-up\/"]}]},{"@type":"ImageObject","inLanguage":"pt-PT","@id":"https:\/\/maismagazine.pt\/index.php\/2022\/06\/09\/presente-e-futuro-da-faculdade-de-direito-da-up\/#primaryimage","url":"https:\/\/maismagazine.pt\/wp-content\/uploads\/2022\/06\/DSC_0211.jpg","contentUrl":"https:\/\/maismagazine.pt\/wp-content\/uploads\/2022\/06\/DSC_0211.jpg","width":1424,"height":2144},{"@type":"BreadcrumbList","@id":"https:\/\/maismagazine.pt\/index.php\/2022\/06\/09\/presente-e-futuro-da-faculdade-de-direito-da-up\/#breadcrumb","itemListElement":[{"@type":"ListItem","position":1,"name":"Home","item":"http:\/\/maismagazine.pt\/"},{"@type":"ListItem","position":2,"name":"Presente e Futuro da Faculdade de Direito da UP"}]},{"@type":"WebSite","@id":"http:\/\/maismagazine.pt\/#website","url":"http:\/\/maismagazine.pt\/","name":"Mais Magazine","description":"","publisher":{"@id":"http:\/\/maismagazine.pt\/#organization"},"potentialAction":[{"@type":"SearchAction","target":{"@type":"EntryPoint","urlTemplate":"http:\/\/maismagazine.pt\/?s={search_term_string}"},"query-input":{"@type":"PropertyValueSpecification","valueRequired":true,"valueName":"search_term_string"}}],"inLanguage":"pt-PT"},{"@type":"Organization","@id":"http:\/\/maismagazine.pt\/#organization","name":"Mais Magazine","url":"http:\/\/maismagazine.pt\/","logo":{"@type":"ImageObject","inLanguage":"pt-PT","@id":"http:\/\/maismagazine.pt\/#\/schema\/logo\/image\/","url":"https:\/\/maismagazine.pt\/wp-content\/uploads\/2020\/04\/cropped-cropped-mais-magazine-site-logo-2.png","contentUrl":"https:\/\/maismagazine.pt\/wp-content\/uploads\/2020\/04\/cropped-cropped-mais-magazine-site-logo-2.png","width":581,"height":90,"caption":"Mais Magazine"},"image":{"@id":"http:\/\/maismagazine.pt\/#\/schema\/logo\/image\/"}},{"@type":"Person","@id":"http:\/\/maismagazine.pt\/#\/schema\/person\/999bd426f894ff56d397ec12ebd21ebb","name":"Jo\u00e3o Malainho","image":{"@type":"ImageObject","inLanguage":"pt-PT","@id":"http:\/\/maismagazine.pt\/#\/schema\/person\/image\/","url":"https:\/\/secure.gravatar.com\/avatar\/ff03c2f38edf60b2a827aa4f74878491?s=96&d=mm&r=g","contentUrl":"https:\/\/secure.gravatar.com\/avatar\/ff03c2f38edf60b2a827aa4f74878491?s=96&d=mm&r=g","caption":"Jo\u00e3o Malainho"},"url":"https:\/\/maismagazine.pt\/index.php\/author\/maismagazine\/"}]}},"author_meta":{"display_name":false,"author_link":"https:\/\/maismagazine.pt\/index.php\/author\/maismagazine\/"},"featured_img":"https:\/\/maismagazine.pt\/wp-content\/uploads\/2022\/06\/DSC_0211-199x300.jpg","coauthors":[],"tax_additional":{"categories":{"linked":["<a href=\"https:\/\/maismagazine.pt\/index.php\/category\/destaque\/\" class=\"advgb-post-tax-term\">Destaque lateral<\/a>","<a href=\"https:\/\/maismagazine.pt\/index.php\/category\/educacao\/\" class=\"advgb-post-tax-term\">Educa\u00e7\u00e3o<\/a>"],"unlinked":["<span class=\"advgb-post-tax-term\">Destaque lateral<\/span>","<span class=\"advgb-post-tax-term\">Educa\u00e7\u00e3o<\/span>"]},"tags":{"linked":["<a href=\"https:\/\/maismagazine.pt\/index.php\/category\/educacao\/\" class=\"advgb-post-tax-term\">autonomia<\/a>","<a href=\"https:\/\/maismagazine.pt\/index.php\/category\/educacao\/\" class=\"advgb-post-tax-term\">Direito<\/a>","<a href=\"https:\/\/maismagazine.pt\/index.php\/category\/educacao\/\" class=\"advgb-post-tax-term\">Faculdade de Direito da Universidade do Porto<\/a>","<a href=\"https:\/\/maismagazine.pt\/index.php\/category\/educacao\/\" class=\"advgb-post-tax-term\">igualdade<\/a>","<a href=\"https:\/\/maismagazine.pt\/index.php\/category\/educacao\/\" class=\"advgb-post-tax-term\">independ\u00eancia<\/a>","<a href=\"https:\/\/maismagazine.pt\/index.php\/category\/educacao\/\" class=\"advgb-post-tax-term\">mobilidade<\/a>","<a href=\"https:\/\/maismagazine.pt\/index.php\/category\/educacao\/\" class=\"advgb-post-tax-term\">UP<\/a>"],"unlinked":["<span class=\"advgb-post-tax-term\">autonomia<\/span>","<span class=\"advgb-post-tax-term\">Direito<\/span>","<span class=\"advgb-post-tax-term\">Faculdade de Direito da Universidade do Porto<\/span>","<span class=\"advgb-post-tax-term\">igualdade<\/span>","<span class=\"advgb-post-tax-term\">independ\u00eancia<\/span>","<span class=\"advgb-post-tax-term\">mobilidade<\/span>","<span class=\"advgb-post-tax-term\">UP<\/span>"]}},"comment_count":"0","relative_dates":{"created":"Posted 4 anos ago","modified":"Updated 4 anos ago"},"absolute_dates":{"created":"Posted on 9 de Junho, 2022","modified":"Updated on 8 de Junho, 2022"},"absolute_dates_time":{"created":"Posted on 9 de Junho, 2022 7:00","modified":"Updated on 8 de Junho, 2022 11:11"},"featured_img_caption":"","series_order":"","_links":{"self":[{"href":"https:\/\/maismagazine.pt\/index.php\/wp-json\/wp\/v2\/posts\/3420","targetHints":{"allow":["GET"]}}],"collection":[{"href":"https:\/\/maismagazine.pt\/index.php\/wp-json\/wp\/v2\/posts"}],"about":[{"href":"https:\/\/maismagazine.pt\/index.php\/wp-json\/wp\/v2\/types\/post"}],"author":[{"embeddable":true,"href":"https:\/\/maismagazine.pt\/index.php\/wp-json\/wp\/v2\/users\/7"}],"replies":[{"embeddable":true,"href":"https:\/\/maismagazine.pt\/index.php\/wp-json\/wp\/v2\/comments?post=3420"}],"version-history":[{"count":1,"href":"https:\/\/maismagazine.pt\/index.php\/wp-json\/wp\/v2\/posts\/3420\/revisions"}],"predecessor-version":[{"id":3434,"href":"https:\/\/maismagazine.pt\/index.php\/wp-json\/wp\/v2\/posts\/3420\/revisions\/3434"}],"wp:featuredmedia":[{"embeddable":true,"href":"https:\/\/maismagazine.pt\/index.php\/wp-json\/wp\/v2\/media\/3432"}],"wp:attachment":[{"href":"https:\/\/maismagazine.pt\/index.php\/wp-json\/wp\/v2\/media?parent=3420"}],"wp:term":[{"taxonomy":"category","embeddable":true,"href":"https:\/\/maismagazine.pt\/index.php\/wp-json\/wp\/v2\/categories?post=3420"},{"taxonomy":"post_tag","embeddable":true,"href":"https:\/\/maismagazine.pt\/index.php\/wp-json\/wp\/v2\/tags?post=3420"}],"curies":[{"name":"wp","href":"https:\/\/api.w.org\/{rel}","templated":true}]}}