{"id":3416,"date":"2022-06-09T07:00:00","date_gmt":"2022-06-09T06:00:00","guid":{"rendered":"https:\/\/maismagazine.pt\/?p=3416"},"modified":"2022-06-08T10:58:35","modified_gmt":"2022-06-08T09:58:35","slug":"a-bandeira-azul-tornou-se-um-simbolo-incontornavel-de-qualidade-e-confianca-e-um-fator-de-atracao-turistica","status":"publish","type":"post","link":"https:\/\/maismagazine.pt\/index.php\/2022\/06\/09\/a-bandeira-azul-tornou-se-um-simbolo-incontornavel-de-qualidade-e-confianca-e-um-fator-de-atracao-turistica\/","title":{"rendered":"\u201cA Bandeira Azul tornou-se um s\u00edmbolo incontorn\u00e1vel de qualidade e confian\u00e7a e um fator de atra\u00e7\u00e3o tur\u00edstica\u201d"},"content":{"rendered":"\n<p><strong>J\u00e1 s\u00e3o conhecidos os vencedores da edi\u00e7\u00e3o de 2022 do Galard\u00e3o Bandeira Azul. Este ano subordinado ao tema \u201cRecupera\u00e7\u00e3o de Ecossistemas\u201d, o programa promovido pela <a href=\"https:\/\/abae.pt\/\" target=\"_blank\" rel=\"noreferrer noopener\">Associa\u00e7\u00e3o Bandeira Azul da Europa (ABAE)<\/a> premiou 393 praias, 18 marinas e 20 embarca\u00e7\u00f5es ecotur\u00edsticas, num total de 431 bandeiras atribu\u00eddas \u2013 mais 32 do que no passado ano. Trinto e cinco anos depois de hastear a primeira Bandeira Azul, Portugal continua a tra\u00e7ar um importante caminho rumo \u00e0 sustentabilidade e na prote\u00e7\u00e3o do ambiente marinho, costeiro e lacustre, como nos explica em entrevista Jos\u00e9 Archer, Presidente da Associa\u00e7\u00e3o Bandeira Azul da Europa.<\/strong><\/p>\n\n\n\n<p>A Associa\u00e7\u00e3o Bandeira Azul da Europa (ABAE), fundada em 1990, \u00e9 uma Organiza\u00e7\u00e3o N\u00e3o Governamental de Ambiente, dedicada \u00e0 Educa\u00e7\u00e3o para o Desenvolvimento Sustent\u00e1vel e \u00e0 gest\u00e3o e reconhecimento de boas pr\u00e1ticas ambientais. Iniciou a sua atividade com o programa Bandeira Azul, o qual espelha a import\u00e2ncia do seu trabalho no campo da educa\u00e7\u00e3o ambiental e para um desenvolvimento sustent\u00e1vel. Tendo como \u201ccore business\u201d a educa\u00e7\u00e3o ambiental para um desenvolvimento mais sustent\u00e1vel, a atua\u00e7\u00e3o da ABAE vem-se centrando ao longo das d\u00e9cadas na altera\u00e7\u00e3o dos comportamentos individuais e coletivos. \u201cEntendemos que \u00e9 atrav\u00e9s da mudan\u00e7a de atitude de cada um, no seu dia a dia, no seu territ\u00f3rio, na sua esfera de atua\u00e7\u00e3o, na intera\u00e7\u00e3o com os outros e com o que nos rodeia, que se pode contribuir para mudar o rumo dos acontecimentos, inverter tend\u00eancias e orientar, na dire\u00e7\u00e3o certa, a atividade e o desenvolvimento de cada pessoa, entidade ou comunidade\u201d, come\u00e7a por confidenciar Jos\u00e9 Archer. Assim, a ABAE, atrav\u00e9s dos m\u00faltiplos programas e projetos que implementa, procura conduzir pessoas e entidades a uma mudan\u00e7a de atitude, consciente e voluntariamente. \u201cTrata-se de uma abordagem pela positiva, evidenciando os resultados alcan\u00e7ados a curto e longo prazo, promovendo o reconhecimento do empenho, trabalho feito e a responsabilidade pela continuidade e progresso no caminho da sustentabilidade\u201d, explica.<\/p>\n\n\n\n<p><strong>Programas ABAE educam para a sustentabilidade<\/strong><\/p>\n\n\n\n<p>Parte da Funda\u00e7\u00e3o para a Educa\u00e7\u00e3o Ambiental (FEE), que agrupa entidades internacionais oriundas de 60 pa\u00edses, e com a qual desenvolve e promove atividades de Educa\u00e7\u00e3o Ambiental para a Sustentabilidade, a ABAE implementa atualmente em Portugal, e em outros territ\u00f3rios de l\u00edngua oficial portuguesa, os programas: Bandeira Azul &#8211; focado nas zonas balneares, costeiras e interiores, no ambiente marinho, portos de recreio, embarca\u00e7\u00f5es mar\u00edtimo tur\u00edsticas e embarca\u00e7\u00f5es de recreio; Eco &#8211; Escolas &#8211; iniciado em 1996 \u00e9 destinado a escolas de todos os graus de ensino, desde o pr\u00e9-escolar ao ensino superior, escolas profissionais e lares de dia; Jovens Rep\u00f3rteres para o Ambiente &#8211; pretende contribuir para o treino do exerc\u00edcio de uma cidadania ativa e participativa, enfatizando a vertente do jornalismo ambiental, no qual os jovens investigam e interpretam quest\u00f5es ambientais\/de sustentabilidade relevantes a n\u00edvel local; Green Key &#8211; um galard\u00e3o internacional que promove o turismo sustent\u00e1vel atrav\u00e9s do reconhecimento de estabelecimentos tur\u00edsticos, alojamento local, parques de campismo e restaurantes que implementam boas pr\u00e1ticas ambientais e sociais, que valorizam a gest\u00e3o ambiental nos seus estabelecimentos e que promovem a Educa\u00e7\u00e3o Ambiental para a Sustentabilidade; ECO XXI &#8211; nasceu em Portugal em 2005 e tem como objetivos, entre outros, motivar os munic\u00edpios para a import\u00e2ncia do seu papel como parceiros e como agentes do processo de educa\u00e7\u00e3o ambiental para o desenvolvimento sustent\u00e1vel formal e n\u00e3o formal; Eco Freguesias XXI &#8211; visa incrementar o desenvolvimento sustent\u00e1vel \u00e0 escala local procurando envolver os cidad\u00e3os em geral e os dirigentes das juntas de freguesias em particular, na constru\u00e7\u00e3o de uma sustentabilidade participada.<\/p>\n\n\n\n<p><strong>Parceiros &#8211; um importante aliado da ABAE na prossecu\u00e7\u00e3o da sua miss\u00e3o<\/strong><\/p>\n\n\n\n<p>Para al\u00e9m dos elementos presentes nas diversas Comiss\u00f5es Nacionais dos programas, a ABAE tem contado tamb\u00e9m com colabora\u00e7\u00e3o de um conjunto de entidades que apoiam iniciativas espec\u00edficas de cada programa e que constituem um importante aliado na prossecu\u00e7\u00e3o da miss\u00e3o da associa\u00e7\u00e3o. \u201cA ABAE sempre privilegiou em todas as suas atividades o trabalho em parceria. Assumindo naturalmente a coordena\u00e7\u00e3o dos projetos em que se envolve, a ABAE beneficia assim da sua posi\u00e7\u00e3o de entidade n\u00e3o governamental, independente e transparente, procurando unir e juntar esfor\u00e7os, aproveitar e valorizar o trabalho feito pelos seus parceiros e reconhecer o envolvimento de cada um\u201d, explica o Presidente da associa\u00e7\u00e3o. Cada programa conta assim com o inestim\u00e1vel apoio e contributo de diversos organismos e departamentos do Estado, universidades, institutos, associa\u00e7\u00f5es e organiza\u00e7\u00f5es, sob a dire\u00e7\u00e3o da ABAE. A cada programa est\u00e3o ligados parceiros, que permitem \u00e0 ABAE um desenvolvimento e inova\u00e7\u00e3o permanentes, quer atrav\u00e9s do apoio espec\u00edfico a projetos implementados em cada ano nos diversos programas, quer no apoio continuado e de longo prazo a determinado programa. \u201cCome\u00e7o por destacar as parcerias estabelecidas entre a ABAE e 234 munic\u00edpios portugueses, que asseguram o apoio a in\u00fameras iniciativas escolares, para al\u00e9m de apoio log\u00edstico para a realiza\u00e7\u00e3o regular de eventos, semin\u00e1rios, ou cerim\u00f3nias de entrega de galard\u00f5es\u201d. Tamb\u00e9m o apoio da APA (Ag\u00eancia Portuguesa do Ambiente), envolvida em perman\u00eancia em todos os programas desenvolvidos pela ABAE, do Turismo de Portugal, da Dire\u00e7\u00e3o-Geral da Educa\u00e7\u00e3o e respetivas dire\u00e7\u00f5es regionais, da Dire\u00e7\u00e3o-Geral da Sa\u00fade, da Marinha Portuguesa e dos Governos Regionais, tem sido fundamental para que a Organiza\u00e7\u00e3o N\u00e3o Governamental de Ambiente leve a bom porto as iniciativas e programas desenvolvidos. \u201cDe destacar na Bandeira Azul a Funda\u00e7\u00e3o Vodafone, parceiro h\u00e1 mais de 16 anos, com o programa da vigil\u00e2ncia nas praias inserido no Projeto \u201cPraia Saud\u00e1vel\u201d; o Ocean\u00e1rio de Lisboa, que assegura anualmente a edi\u00e7\u00e3o do folheto da Bandeira Azul; o LIDL, com a campanha \u201cTransforMar\u201d de sensibiliza\u00e7\u00e3o para a reutiliza\u00e7\u00e3o do pl\u00e1stico; a P&amp;G, com o \u201cConcurso das Boas Pr\u00e1ticas para Concession\u00e1rios\u201d; e a empresa \u00c1guas de Portugal, bem como as suas concessionadas regionais em programas de Educa\u00e7\u00e3o e Sensibiliza\u00e7\u00e3o Ambiental\u201d, enumera.<\/p>\n\n\n\n<p><strong>H\u00e1 35 anos a tornar Portugal mais azul<\/strong><\/p>\n\n\n\n<p>A Bandeira Azul, que este ano celebra o 35.\u00ba anivers\u00e1rio, \u00e9 um dos programas de educa\u00e7\u00e3o para desenvolvimento sustent\u00e1vel desenvolvido pela ABAE. Iniciado em 1987, ainda antes da cria\u00e7\u00e3o da ABAE, foca-se nas zonas balneares, costeiras e interiores, no ambiente marinho, portos de recreio, embarca\u00e7\u00f5es mar\u00edtimo tur\u00edsticas e embarca\u00e7\u00f5es de recreio. Assenta em crit\u00e9rios distribu\u00eddos por quatro grupos \u2013 (I) Informa\u00e7\u00e3o e educa\u00e7\u00e3o ambiental, (II) qualidade da \u00e1gua, (III) gest\u00e3o ambiental e equipamentos e (IV) seguran\u00e7a e servi\u00e7os \u2013 sendo 27 crit\u00e9rios imperativos, quatro crit\u00e9rios guia e um n\u00e3o aplic\u00e1vel em Portugal, perfazendo assim 32 crit\u00e9rios.<\/p>\n\n\n\n<div class=\"wp-block-image\"><figure class=\"aligncenter size-large\"><img loading=\"lazy\" decoding=\"async\" width=\"1024\" height=\"681\" src=\"http:\/\/maismagazine.pt\/wp-content\/uploads\/2022\/06\/19-11-21-003-1024x681.jpg\" alt=\"\" class=\"wp-image-3429\" srcset=\"https:\/\/maismagazine.pt\/wp-content\/uploads\/2022\/06\/19-11-21-003-1024x681.jpg 1024w, https:\/\/maismagazine.pt\/wp-content\/uploads\/2022\/06\/19-11-21-003-300x200.jpg 300w, https:\/\/maismagazine.pt\/wp-content\/uploads\/2022\/06\/19-11-21-003-768x511.jpg 768w, https:\/\/maismagazine.pt\/wp-content\/uploads\/2022\/06\/19-11-21-003-150x100.jpg 150w, https:\/\/maismagazine.pt\/wp-content\/uploads\/2022\/06\/19-11-21-003.jpg 1064w\" sizes=\"auto, (max-width: 1024px) 100vw, 1024px\" \/><\/figure><\/div>\n\n\n\n<p>Portugal conta este ano com 393 praias, 18 marinas e 20 embarca\u00e7\u00f5es galardoadas, num total de 431 bandeiras azuis atribu\u00eddas. N\u00fameros que refletem o importante contributo da ABAE na consciencializa\u00e7\u00e3o para a import\u00e2ncia da defesa do ambiente marinho. \u201cEste n\u00famero \u00e9 muito expressivo e gratificante, pois, antes de mais, coloca Portugal, em termos percentuais, como o primeiro pa\u00eds, a n\u00edvel mundial, com Bandeiras Azuis. O n\u00famero atingido este ano \u00e9 a melhor prova de que a Bandeira Azul se tornou um s\u00edmbolo incontorn\u00e1vel de qualidade e confian\u00e7a e um fator de atra\u00e7\u00e3o tur\u00edstica\u201d, reconhece o Presidente. Os galard\u00f5es atribu\u00eddos representam hoje quase 15 vezes mais Bandeiras Azuis que h\u00e1 35 anos, e um aumento de 32 Bandeira Azuis em rela\u00e7\u00e3o ao ano passado.<\/p>\n\n\n\n<p><strong>Em 2022 h\u00e1 mais embarca\u00e7\u00f5es de ecoturismo premiadas<\/strong><\/p>\n\n\n\n<p>O maior crescimento desta edi\u00e7\u00e3o \u00e9 o do Galard\u00e3o Bandeira Azul para embarca\u00e7\u00f5es de ecoturismo, que conta com mais nove embarca\u00e7\u00f5es, de cinco novos operadores, passando, desta forma, a estar presente em todas as regi\u00f5es, exceto nos A\u00e7ores. Perante estes n\u00fameros, podemos afirmar que Portugal vem registando uma clara aposta num segmento tur\u00edstico que utiliza de forma sustent\u00e1vel, o patrim\u00f3nio natural e cultural, incentivando a sua conserva\u00e7\u00e3o tendo em vista o desenvolvimento de uma consci\u00eancia ambiental. \u201cAs embarca\u00e7\u00f5es de ecoturismo s\u00e3o, para al\u00e9m de um posto de turismo itinerante, uma potencial ferramenta de forma\u00e7\u00e3o e educa\u00e7\u00e3o ambiental, por isso, registamos com muito agrado este crescimento que revela, por um lado, uma maior preocupa\u00e7\u00e3o em transmitir aos visitantes a import\u00e2ncia da preserva\u00e7\u00e3o do nosso mar e das esp\u00e9cies marinhas e, por outro, o reconhecimento da Bandeira Azul como sinal distintivo destas embarca\u00e7\u00f5es\u201d, assume. Uma embarca\u00e7\u00e3o ecotur\u00edstica com Bandeira Azul \u00e9 hoje sinal de uma atividade tur\u00edstica consciente e sustent\u00e1vel, mas tamb\u00e9m de um potencial centro de sensibiliza\u00e7\u00e3o e educa\u00e7\u00e3o ambiental, que promove o nosso patrim\u00f3nio e constitui um cart\u00e3o de visita para o territ\u00f3rio e regi\u00e3o onde opera.<\/p>\n\n\n\n<p><strong>Praias fluviais premiadas potenciam desenvolvimento econ\u00f3mico das regi\u00f5es<\/strong><\/p>\n\n\n\n<p>Este ano voltou a real\u00e7ar-se o crescimento cont\u00ednuo e seguro das praias fluviais portuguesas galardoadas. A aposta na melhoria da qualidade das \u00e1guas interiores e das zonas balneares portuguesas revelaram-se fundamentais para que, este ano, 50 praias fluviais possam hastear a bandeira, s\u00edmbolo m\u00e1ximo da qualidade ambiental e fator de atra\u00e7\u00e3o tur\u00edstica e desenvolvimento econ\u00f3mico dessas regi\u00f5es. A este prop\u00f3sito a ABAE, juntamente com duas universidades portuguesas, realizou recentemente um estudo que procurou apurar o impacto econ\u00f3mico de uma Bandeira Azul, denominado \u201cO Lado Verde da Bandeira Azul\u201d. \u201cEste estudo teve, entre outros, como caso de an\u00e1lise a praia fluvial da Albufeira do Azibo, em Macedo de Cavaleiros. O estudo apurou, em rela\u00e7\u00e3o a 2016, o valor de 2.432.610 euros como excedente do consumidor. Isto demonstra a import\u00e2ncia de que se reveste uma Bandeira Azul nas zonas balneares, especialmente do interior, e do retorno do investimento feito para dotar tais regi\u00f5es de boas condi\u00e7\u00f5es.<\/p>\n\n\n\n<p><strong>ABAE na luta contra as altera\u00e7\u00f5es clim\u00e1ticas<\/strong><\/p>\n\n\n\n<p>Nos 35 anos da Bandeira Azul muitos t\u00eam sido os temas das campanhas anuais. \u00c0 semelhan\u00e7a de 2021, este ano, o programa continuou a trabalhar na \u201cRecupera\u00e7\u00e3o dos Ecossistemas\u201d. Um tema incontorn\u00e1vel que vem reafirmar o compromisso da ABAE de trabalhar todos os dias em prol da sustentabilidade do nosso mar e das nossas zonas balneares. \u201cA degrada\u00e7\u00e3o dos ecossistemas tem um impacto direto no bem-estar de cerca 3,3 mil milh\u00f5es de pessoas. Restaurar um ecossistema, terrestre ou marinho, \u00e9 o processo de reverter a sua degrada\u00e7\u00e3o e recuperar a sua funcionalidade ecol\u00f3gica, \u00e9 melhorar a produtividade e a capacidade que o ecossistema tem para responder \u00e0s necessidades da sociedade\u201d, afirma Jos\u00e9 Archer. Alinhada com a D\u00e9cada das Na\u00e7\u00f5es Unidas para a Recupera\u00e7\u00e3o dos Ecossistemas, a edi\u00e7\u00e3o da Bandeira Azul 2022 \u00e9 tamb\u00e9m assim parte ativa na estrat\u00e9gia adotada por um Portugal resiliente no que respeita \u00e0s altera\u00e7\u00f5es clim\u00e1ticas. \u201cA FEE e a ABAE est\u00e3o alinhadas com a D\u00e9cada das Na\u00e7\u00f5es Unidas para a Recupera\u00e7\u00e3o dos Ecossistemas e elaboraram uma estrat\u00e9gia &#8211; GAIA 20:30 &#8211; para abordar as tr\u00eas maiores amea\u00e7as ambientais, durante a pr\u00f3xima d\u00e9cada &#8211; altera\u00e7\u00f5es clim\u00e1ticas, perda de biodiversidade e polui\u00e7\u00e3o ambiental \u2013 o que ilustra o compromisso da organiza\u00e7\u00e3o para se adaptar aos desafios ambientais que enfrentar\u00e3o as gera\u00e7\u00f5es futuras. Hoje, mais do que um s\u00edmbolo de qualidade, que distingue o esfor\u00e7o de diversas entidades em tornar poss\u00edvel a coexist\u00eancia do desenvolvimento local a par do respeito pelo ambiente, a Bandeira Azul eleva o grau de consciencializa\u00e7\u00e3o dos cidad\u00e3os, em geral, e dos decisores, em particular, para a necessidade de proteger o meio ambiente.<\/p>\n\n\n\n<p>Trinta e cinco anos depois de hastear a primeira Bandeira Azul, Portugal continua no caminho da sustentabilidade. Para o futuro, fica a garantia de que a ABAE continuar\u00e1 a reafirmar o seu compromisso de trabalhar todos os dias em prol da sustentabilidade do mar e das zonas balneares, mas tamb\u00e9m a motivar a sociedade a fazer deste tema a sua luta. \u201cA miss\u00e3o da ABAE continuar\u00e1 firmemente a implementar os seus programas, alargando o seu campo de a\u00e7\u00e3o, procurando que com estes programas e com a sua dimens\u00e3o a n\u00edvel internacional, continue a contribuir para a mudan\u00e7a de comportamentos, tornando cada pessoa um cidad\u00e3o mais consciente e um agente de mudan\u00e7a\u201d.<\/p>\n\n\n\n<div class=\"wp-block-image\"><figure class=\"aligncenter size-large\"><img loading=\"lazy\" decoding=\"async\" width=\"1024\" height=\"680\" src=\"http:\/\/maismagazine.pt\/wp-content\/uploads\/2022\/06\/DSC_5208-OK-1024x680.jpg\" alt=\"\" class=\"wp-image-3428\" srcset=\"https:\/\/maismagazine.pt\/wp-content\/uploads\/2022\/06\/DSC_5208-OK-1024x680.jpg 1024w, https:\/\/maismagazine.pt\/wp-content\/uploads\/2022\/06\/DSC_5208-OK-300x199.jpg 300w, https:\/\/maismagazine.pt\/wp-content\/uploads\/2022\/06\/DSC_5208-OK-768x510.jpg 768w, https:\/\/maismagazine.pt\/wp-content\/uploads\/2022\/06\/DSC_5208-OK-150x100.jpg 150w, https:\/\/maismagazine.pt\/wp-content\/uploads\/2022\/06\/DSC_5208-OK.jpg 1451w\" sizes=\"auto, (max-width: 1024px) 100vw, 1024px\" \/><\/figure><\/div>\n\n\n\n<p><\/p>\n","protected":false},"excerpt":{"rendered":"<p>J\u00e1 s\u00e3o conhecidos os vencedores da edi\u00e7\u00e3o de 2022 do Galard\u00e3o Bandeira Azul. Este ano subordinado ao tema \u201cRecupera\u00e7\u00e3o de Ecossistemas\u201d, o programa promovido pela Associa\u00e7\u00e3o Bandeira Azul da Europa (ABAE) premiou 393 praias, 18 marinas e 20 embarca\u00e7\u00f5es ecotur\u00edsticas, num total de 431 bandeiras atribu\u00eddas \u2013 mais 32 do&hellip;<\/p>\n","protected":false},"author":7,"featured_media":3430,"comment_status":"open","ping_status":"open","sticky":false,"template":"","format":"standard","meta":{"advgb_blocks_editor_width":"","advgb_blocks_columns_visual_guide":"","_monsterinsights_skip_tracking":false,"_monsterinsights_sitenote_active":false,"_monsterinsights_sitenote_note":"","_monsterinsights_sitenote_category":0,"footnotes":""},"categories":[722,50,53],"tags":[733,734],"class_list":["post-3416","post","type-post","status-publish","format-standard","has-post-thumbnail","hentry","category-abae","category-destaques","category-turismo-restaurantes","tag-abae","tag-bandeira-azul"],"yoast_head":"<!-- This site is optimized with the Yoast SEO plugin v24.4 - https:\/\/yoast.com\/wordpress\/plugins\/seo\/ -->\n<title>\u201cA Bandeira Azul tornou-se um s\u00edmbolo incontorn\u00e1vel de qualidade e confian\u00e7a e um fator de atra\u00e7\u00e3o tur\u00edstica\u201d - Mais Magazine<\/title>\n<meta name=\"description\" content=\"J\u00e1 s\u00e3o conhecidos os vencedores da edi\u00e7\u00e3o de 2022 do Galard\u00e3o Bandeira Azul. Este ano subordinado ao tema \u201cRecupera\u00e7\u00e3o de Ecossistemas...\" \/>\n<meta name=\"robots\" content=\"index, follow, max-snippet:-1, max-image-preview:large, max-video-preview:-1\" \/>\n<link rel=\"canonical\" href=\"https:\/\/maismagazine.pt\/index.php\/2022\/06\/09\/a-bandeira-azul-tornou-se-um-simbolo-incontornavel-de-qualidade-e-confianca-e-um-fator-de-atracao-turistica\/\" \/>\n<meta property=\"og:locale\" content=\"pt_PT\" \/>\n<meta property=\"og:type\" content=\"article\" \/>\n<meta property=\"og:title\" content=\"\u201cA Bandeira Azul tornou-se um s\u00edmbolo incontorn\u00e1vel de qualidade e confian\u00e7a e um fator de atra\u00e7\u00e3o tur\u00edstica\u201d - Mais Magazine\" \/>\n<meta property=\"og:description\" content=\"J\u00e1 s\u00e3o conhecidos os vencedores da edi\u00e7\u00e3o de 2022 do Galard\u00e3o Bandeira Azul. Este ano subordinado ao tema \u201cRecupera\u00e7\u00e3o de Ecossistemas...\" \/>\n<meta property=\"og:url\" content=\"https:\/\/maismagazine.pt\/index.php\/2022\/06\/09\/a-bandeira-azul-tornou-se-um-simbolo-incontornavel-de-qualidade-e-confianca-e-um-fator-de-atracao-turistica\/\" \/>\n<meta property=\"og:site_name\" content=\"Mais Magazine\" \/>\n<meta property=\"article:published_time\" content=\"2022-06-09T06:00:00+00:00\" \/>\n<meta property=\"og:image\" content=\"https:\/\/maismagazine.pt\/wp-content\/uploads\/2022\/06\/19-11-21-067.jpg\" \/>\n\t<meta property=\"og:image:width\" content=\"1064\" \/>\n\t<meta property=\"og:image:height\" content=\"708\" \/>\n\t<meta property=\"og:image:type\" content=\"image\/jpeg\" \/>\n<meta name=\"author\" content=\"Jo\u00e3o Malainho\" \/>\n<meta name=\"twitter:card\" content=\"summary_large_image\" \/>\n<meta name=\"twitter:label1\" content=\"Escrito por\" \/>\n\t<meta name=\"twitter:data1\" content=\"\" \/>\n\t<meta name=\"twitter:label2\" content=\"Tempo estimado de leitura\" \/>\n\t<meta name=\"twitter:data2\" content=\"9 minutos\" \/>\n<script type=\"application\/ld+json\" class=\"yoast-schema-graph\">{\"@context\":\"https:\/\/schema.org\",\"@graph\":[{\"@type\":\"Article\",\"@id\":\"https:\/\/maismagazine.pt\/index.php\/2022\/06\/09\/a-bandeira-azul-tornou-se-um-simbolo-incontornavel-de-qualidade-e-confianca-e-um-fator-de-atracao-turistica\/#article\",\"isPartOf\":{\"@id\":\"https:\/\/maismagazine.pt\/index.php\/2022\/06\/09\/a-bandeira-azul-tornou-se-um-simbolo-incontornavel-de-qualidade-e-confianca-e-um-fator-de-atracao-turistica\/\"},\"author\":{\"name\":\"Jo\u00e3o Malainho\",\"@id\":\"http:\/\/maismagazine.pt\/#\/schema\/person\/999bd426f894ff56d397ec12ebd21ebb\"},\"headline\":\"\u201cA Bandeira Azul tornou-se um s\u00edmbolo incontorn\u00e1vel de qualidade e confian\u00e7a e um fator de atra\u00e7\u00e3o tur\u00edstica\u201d\",\"datePublished\":\"2022-06-09T06:00:00+00:00\",\"mainEntityOfPage\":{\"@id\":\"https:\/\/maismagazine.pt\/index.php\/2022\/06\/09\/a-bandeira-azul-tornou-se-um-simbolo-incontornavel-de-qualidade-e-confianca-e-um-fator-de-atracao-turistica\/\"},\"wordCount\":2144,\"commentCount\":0,\"publisher\":{\"@id\":\"http:\/\/maismagazine.pt\/#organization\"},\"image\":{\"@id\":\"https:\/\/maismagazine.pt\/index.php\/2022\/06\/09\/a-bandeira-azul-tornou-se-um-simbolo-incontornavel-de-qualidade-e-confianca-e-um-fator-de-atracao-turistica\/#primaryimage\"},\"thumbnailUrl\":\"https:\/\/maismagazine.pt\/wp-content\/uploads\/2022\/06\/19-11-21-067.jpg\",\"keywords\":[\"Abae\",\"Bandeira azul\"],\"articleSection\":[\"ABAE\",\"Destaques\",\"Turismo | Vinhos | Gastronomia\"],\"inLanguage\":\"pt-PT\",\"potentialAction\":[{\"@type\":\"CommentAction\",\"name\":\"Comment\",\"target\":[\"https:\/\/maismagazine.pt\/index.php\/2022\/06\/09\/a-bandeira-azul-tornou-se-um-simbolo-incontornavel-de-qualidade-e-confianca-e-um-fator-de-atracao-turistica\/#respond\"]}]},{\"@type\":\"WebPage\",\"@id\":\"https:\/\/maismagazine.pt\/index.php\/2022\/06\/09\/a-bandeira-azul-tornou-se-um-simbolo-incontornavel-de-qualidade-e-confianca-e-um-fator-de-atracao-turistica\/\",\"url\":\"https:\/\/maismagazine.pt\/index.php\/2022\/06\/09\/a-bandeira-azul-tornou-se-um-simbolo-incontornavel-de-qualidade-e-confianca-e-um-fator-de-atracao-turistica\/\",\"name\":\"\u201cA Bandeira Azul tornou-se um s\u00edmbolo incontorn\u00e1vel de qualidade e confian\u00e7a e um fator de atra\u00e7\u00e3o tur\u00edstica\u201d - Mais Magazine\",\"isPartOf\":{\"@id\":\"http:\/\/maismagazine.pt\/#website\"},\"primaryImageOfPage\":{\"@id\":\"https:\/\/maismagazine.pt\/index.php\/2022\/06\/09\/a-bandeira-azul-tornou-se-um-simbolo-incontornavel-de-qualidade-e-confianca-e-um-fator-de-atracao-turistica\/#primaryimage\"},\"image\":{\"@id\":\"https:\/\/maismagazine.pt\/index.php\/2022\/06\/09\/a-bandeira-azul-tornou-se-um-simbolo-incontornavel-de-qualidade-e-confianca-e-um-fator-de-atracao-turistica\/#primaryimage\"},\"thumbnailUrl\":\"https:\/\/maismagazine.pt\/wp-content\/uploads\/2022\/06\/19-11-21-067.jpg\",\"datePublished\":\"2022-06-09T06:00:00+00:00\",\"description\":\"J\u00e1 s\u00e3o conhecidos os vencedores da edi\u00e7\u00e3o de 2022 do Galard\u00e3o Bandeira Azul. Este ano subordinado ao tema \u201cRecupera\u00e7\u00e3o de Ecossistemas...\",\"breadcrumb\":{\"@id\":\"https:\/\/maismagazine.pt\/index.php\/2022\/06\/09\/a-bandeira-azul-tornou-se-um-simbolo-incontornavel-de-qualidade-e-confianca-e-um-fator-de-atracao-turistica\/#breadcrumb\"},\"inLanguage\":\"pt-PT\",\"potentialAction\":[{\"@type\":\"ReadAction\",\"target\":[\"https:\/\/maismagazine.pt\/index.php\/2022\/06\/09\/a-bandeira-azul-tornou-se-um-simbolo-incontornavel-de-qualidade-e-confianca-e-um-fator-de-atracao-turistica\/\"]}]},{\"@type\":\"ImageObject\",\"inLanguage\":\"pt-PT\",\"@id\":\"https:\/\/maismagazine.pt\/index.php\/2022\/06\/09\/a-bandeira-azul-tornou-se-um-simbolo-incontornavel-de-qualidade-e-confianca-e-um-fator-de-atracao-turistica\/#primaryimage\",\"url\":\"https:\/\/maismagazine.pt\/wp-content\/uploads\/2022\/06\/19-11-21-067.jpg\",\"contentUrl\":\"https:\/\/maismagazine.pt\/wp-content\/uploads\/2022\/06\/19-11-21-067.jpg\",\"width\":1064,\"height\":708},{\"@type\":\"BreadcrumbList\",\"@id\":\"https:\/\/maismagazine.pt\/index.php\/2022\/06\/09\/a-bandeira-azul-tornou-se-um-simbolo-incontornavel-de-qualidade-e-confianca-e-um-fator-de-atracao-turistica\/#breadcrumb\",\"itemListElement\":[{\"@type\":\"ListItem\",\"position\":1,\"name\":\"Home\",\"item\":\"http:\/\/maismagazine.pt\/\"},{\"@type\":\"ListItem\",\"position\":2,\"name\":\"\u201cA Bandeira Azul tornou-se um s\u00edmbolo incontorn\u00e1vel de qualidade e confian\u00e7a e um fator de atra\u00e7\u00e3o tur\u00edstica\u201d\"}]},{\"@type\":\"WebSite\",\"@id\":\"http:\/\/maismagazine.pt\/#website\",\"url\":\"http:\/\/maismagazine.pt\/\",\"name\":\"Mais Magazine\",\"description\":\"\",\"publisher\":{\"@id\":\"http:\/\/maismagazine.pt\/#organization\"},\"potentialAction\":[{\"@type\":\"SearchAction\",\"target\":{\"@type\":\"EntryPoint\",\"urlTemplate\":\"http:\/\/maismagazine.pt\/?s={search_term_string}\"},\"query-input\":{\"@type\":\"PropertyValueSpecification\",\"valueRequired\":true,\"valueName\":\"search_term_string\"}}],\"inLanguage\":\"pt-PT\"},{\"@type\":\"Organization\",\"@id\":\"http:\/\/maismagazine.pt\/#organization\",\"name\":\"Mais Magazine\",\"url\":\"http:\/\/maismagazine.pt\/\",\"logo\":{\"@type\":\"ImageObject\",\"inLanguage\":\"pt-PT\",\"@id\":\"http:\/\/maismagazine.pt\/#\/schema\/logo\/image\/\",\"url\":\"https:\/\/maismagazine.pt\/wp-content\/uploads\/2020\/04\/cropped-cropped-mais-magazine-site-logo-2.png\",\"contentUrl\":\"https:\/\/maismagazine.pt\/wp-content\/uploads\/2020\/04\/cropped-cropped-mais-magazine-site-logo-2.png\",\"width\":581,\"height\":90,\"caption\":\"Mais Magazine\"},\"image\":{\"@id\":\"http:\/\/maismagazine.pt\/#\/schema\/logo\/image\/\"}},{\"@type\":\"Person\",\"@id\":\"http:\/\/maismagazine.pt\/#\/schema\/person\/999bd426f894ff56d397ec12ebd21ebb\",\"name\":\"Jo\u00e3o Malainho\",\"image\":{\"@type\":\"ImageObject\",\"inLanguage\":\"pt-PT\",\"@id\":\"http:\/\/maismagazine.pt\/#\/schema\/person\/image\/\",\"url\":\"https:\/\/secure.gravatar.com\/avatar\/ff03c2f38edf60b2a827aa4f74878491?s=96&d=mm&r=g\",\"contentUrl\":\"https:\/\/secure.gravatar.com\/avatar\/ff03c2f38edf60b2a827aa4f74878491?s=96&d=mm&r=g\",\"caption\":\"Jo\u00e3o Malainho\"},\"url\":\"https:\/\/maismagazine.pt\/index.php\/author\/maismagazine\/\"}]}<\/script>\n<!-- \/ Yoast SEO plugin. -->","yoast_head_json":{"title":"\u201cA Bandeira Azul tornou-se um s\u00edmbolo incontorn\u00e1vel de qualidade e confian\u00e7a e um fator de atra\u00e7\u00e3o tur\u00edstica\u201d - Mais Magazine","description":"J\u00e1 s\u00e3o conhecidos os vencedores da edi\u00e7\u00e3o de 2022 do Galard\u00e3o Bandeira Azul. Este ano subordinado ao tema \u201cRecupera\u00e7\u00e3o de Ecossistemas...","robots":{"index":"index","follow":"follow","max-snippet":"max-snippet:-1","max-image-preview":"max-image-preview:large","max-video-preview":"max-video-preview:-1"},"canonical":"https:\/\/maismagazine.pt\/index.php\/2022\/06\/09\/a-bandeira-azul-tornou-se-um-simbolo-incontornavel-de-qualidade-e-confianca-e-um-fator-de-atracao-turistica\/","og_locale":"pt_PT","og_type":"article","og_title":"\u201cA Bandeira Azul tornou-se um s\u00edmbolo incontorn\u00e1vel de qualidade e confian\u00e7a e um fator de atra\u00e7\u00e3o tur\u00edstica\u201d - Mais Magazine","og_description":"J\u00e1 s\u00e3o conhecidos os vencedores da edi\u00e7\u00e3o de 2022 do Galard\u00e3o Bandeira Azul. Este ano subordinado ao tema \u201cRecupera\u00e7\u00e3o de Ecossistemas...","og_url":"https:\/\/maismagazine.pt\/index.php\/2022\/06\/09\/a-bandeira-azul-tornou-se-um-simbolo-incontornavel-de-qualidade-e-confianca-e-um-fator-de-atracao-turistica\/","og_site_name":"Mais Magazine","article_published_time":"2022-06-09T06:00:00+00:00","og_image":[{"width":1064,"height":708,"url":"https:\/\/maismagazine.pt\/wp-content\/uploads\/2022\/06\/19-11-21-067.jpg","type":"image\/jpeg"}],"author":"Jo\u00e3o Malainho","twitter_card":"summary_large_image","twitter_misc":{"Escrito por":false,"Tempo estimado de leitura":"9 minutos"},"schema":{"@context":"https:\/\/schema.org","@graph":[{"@type":"Article","@id":"https:\/\/maismagazine.pt\/index.php\/2022\/06\/09\/a-bandeira-azul-tornou-se-um-simbolo-incontornavel-de-qualidade-e-confianca-e-um-fator-de-atracao-turistica\/#article","isPartOf":{"@id":"https:\/\/maismagazine.pt\/index.php\/2022\/06\/09\/a-bandeira-azul-tornou-se-um-simbolo-incontornavel-de-qualidade-e-confianca-e-um-fator-de-atracao-turistica\/"},"author":{"name":"Jo\u00e3o Malainho","@id":"http:\/\/maismagazine.pt\/#\/schema\/person\/999bd426f894ff56d397ec12ebd21ebb"},"headline":"\u201cA Bandeira Azul tornou-se um s\u00edmbolo incontorn\u00e1vel de qualidade e confian\u00e7a e um fator de atra\u00e7\u00e3o tur\u00edstica\u201d","datePublished":"2022-06-09T06:00:00+00:00","mainEntityOfPage":{"@id":"https:\/\/maismagazine.pt\/index.php\/2022\/06\/09\/a-bandeira-azul-tornou-se-um-simbolo-incontornavel-de-qualidade-e-confianca-e-um-fator-de-atracao-turistica\/"},"wordCount":2144,"commentCount":0,"publisher":{"@id":"http:\/\/maismagazine.pt\/#organization"},"image":{"@id":"https:\/\/maismagazine.pt\/index.php\/2022\/06\/09\/a-bandeira-azul-tornou-se-um-simbolo-incontornavel-de-qualidade-e-confianca-e-um-fator-de-atracao-turistica\/#primaryimage"},"thumbnailUrl":"https:\/\/maismagazine.pt\/wp-content\/uploads\/2022\/06\/19-11-21-067.jpg","keywords":["Abae","Bandeira azul"],"articleSection":["ABAE","Destaques","Turismo | Vinhos | Gastronomia"],"inLanguage":"pt-PT","potentialAction":[{"@type":"CommentAction","name":"Comment","target":["https:\/\/maismagazine.pt\/index.php\/2022\/06\/09\/a-bandeira-azul-tornou-se-um-simbolo-incontornavel-de-qualidade-e-confianca-e-um-fator-de-atracao-turistica\/#respond"]}]},{"@type":"WebPage","@id":"https:\/\/maismagazine.pt\/index.php\/2022\/06\/09\/a-bandeira-azul-tornou-se-um-simbolo-incontornavel-de-qualidade-e-confianca-e-um-fator-de-atracao-turistica\/","url":"https:\/\/maismagazine.pt\/index.php\/2022\/06\/09\/a-bandeira-azul-tornou-se-um-simbolo-incontornavel-de-qualidade-e-confianca-e-um-fator-de-atracao-turistica\/","name":"\u201cA Bandeira Azul tornou-se um s\u00edmbolo incontorn\u00e1vel de qualidade e confian\u00e7a e um fator de atra\u00e7\u00e3o tur\u00edstica\u201d - Mais Magazine","isPartOf":{"@id":"http:\/\/maismagazine.pt\/#website"},"primaryImageOfPage":{"@id":"https:\/\/maismagazine.pt\/index.php\/2022\/06\/09\/a-bandeira-azul-tornou-se-um-simbolo-incontornavel-de-qualidade-e-confianca-e-um-fator-de-atracao-turistica\/#primaryimage"},"image":{"@id":"https:\/\/maismagazine.pt\/index.php\/2022\/06\/09\/a-bandeira-azul-tornou-se-um-simbolo-incontornavel-de-qualidade-e-confianca-e-um-fator-de-atracao-turistica\/#primaryimage"},"thumbnailUrl":"https:\/\/maismagazine.pt\/wp-content\/uploads\/2022\/06\/19-11-21-067.jpg","datePublished":"2022-06-09T06:00:00+00:00","description":"J\u00e1 s\u00e3o conhecidos os vencedores da edi\u00e7\u00e3o de 2022 do Galard\u00e3o Bandeira Azul. Este ano subordinado ao tema \u201cRecupera\u00e7\u00e3o de Ecossistemas...","breadcrumb":{"@id":"https:\/\/maismagazine.pt\/index.php\/2022\/06\/09\/a-bandeira-azul-tornou-se-um-simbolo-incontornavel-de-qualidade-e-confianca-e-um-fator-de-atracao-turistica\/#breadcrumb"},"inLanguage":"pt-PT","potentialAction":[{"@type":"ReadAction","target":["https:\/\/maismagazine.pt\/index.php\/2022\/06\/09\/a-bandeira-azul-tornou-se-um-simbolo-incontornavel-de-qualidade-e-confianca-e-um-fator-de-atracao-turistica\/"]}]},{"@type":"ImageObject","inLanguage":"pt-PT","@id":"https:\/\/maismagazine.pt\/index.php\/2022\/06\/09\/a-bandeira-azul-tornou-se-um-simbolo-incontornavel-de-qualidade-e-confianca-e-um-fator-de-atracao-turistica\/#primaryimage","url":"https:\/\/maismagazine.pt\/wp-content\/uploads\/2022\/06\/19-11-21-067.jpg","contentUrl":"https:\/\/maismagazine.pt\/wp-content\/uploads\/2022\/06\/19-11-21-067.jpg","width":1064,"height":708},{"@type":"BreadcrumbList","@id":"https:\/\/maismagazine.pt\/index.php\/2022\/06\/09\/a-bandeira-azul-tornou-se-um-simbolo-incontornavel-de-qualidade-e-confianca-e-um-fator-de-atracao-turistica\/#breadcrumb","itemListElement":[{"@type":"ListItem","position":1,"name":"Home","item":"http:\/\/maismagazine.pt\/"},{"@type":"ListItem","position":2,"name":"\u201cA Bandeira Azul tornou-se um s\u00edmbolo incontorn\u00e1vel de qualidade e confian\u00e7a e um fator de atra\u00e7\u00e3o tur\u00edstica\u201d"}]},{"@type":"WebSite","@id":"http:\/\/maismagazine.pt\/#website","url":"http:\/\/maismagazine.pt\/","name":"Mais Magazine","description":"","publisher":{"@id":"http:\/\/maismagazine.pt\/#organization"},"potentialAction":[{"@type":"SearchAction","target":{"@type":"EntryPoint","urlTemplate":"http:\/\/maismagazine.pt\/?s={search_term_string}"},"query-input":{"@type":"PropertyValueSpecification","valueRequired":true,"valueName":"search_term_string"}}],"inLanguage":"pt-PT"},{"@type":"Organization","@id":"http:\/\/maismagazine.pt\/#organization","name":"Mais Magazine","url":"http:\/\/maismagazine.pt\/","logo":{"@type":"ImageObject","inLanguage":"pt-PT","@id":"http:\/\/maismagazine.pt\/#\/schema\/logo\/image\/","url":"https:\/\/maismagazine.pt\/wp-content\/uploads\/2020\/04\/cropped-cropped-mais-magazine-site-logo-2.png","contentUrl":"https:\/\/maismagazine.pt\/wp-content\/uploads\/2020\/04\/cropped-cropped-mais-magazine-site-logo-2.png","width":581,"height":90,"caption":"Mais Magazine"},"image":{"@id":"http:\/\/maismagazine.pt\/#\/schema\/logo\/image\/"}},{"@type":"Person","@id":"http:\/\/maismagazine.pt\/#\/schema\/person\/999bd426f894ff56d397ec12ebd21ebb","name":"Jo\u00e3o Malainho","image":{"@type":"ImageObject","inLanguage":"pt-PT","@id":"http:\/\/maismagazine.pt\/#\/schema\/person\/image\/","url":"https:\/\/secure.gravatar.com\/avatar\/ff03c2f38edf60b2a827aa4f74878491?s=96&d=mm&r=g","contentUrl":"https:\/\/secure.gravatar.com\/avatar\/ff03c2f38edf60b2a827aa4f74878491?s=96&d=mm&r=g","caption":"Jo\u00e3o Malainho"},"url":"https:\/\/maismagazine.pt\/index.php\/author\/maismagazine\/"}]}},"author_meta":{"display_name":false,"author_link":"https:\/\/maismagazine.pt\/index.php\/author\/maismagazine\/"},"featured_img":"https:\/\/maismagazine.pt\/wp-content\/uploads\/2022\/06\/19-11-21-067-300x200.jpg","coauthors":[],"tax_additional":{"categories":{"linked":["<a href=\"https:\/\/maismagazine.pt\/index.php\/category\/abae\/\" class=\"advgb-post-tax-term\">ABAE<\/a>","<a href=\"https:\/\/maismagazine.pt\/index.php\/category\/destaques\/\" class=\"advgb-post-tax-term\">Destaques<\/a>","<a href=\"https:\/\/maismagazine.pt\/index.php\/category\/turismo-restaurantes\/\" class=\"advgb-post-tax-term\">Turismo | Vinhos | Gastronomia<\/a>"],"unlinked":["<span class=\"advgb-post-tax-term\">ABAE<\/span>","<span class=\"advgb-post-tax-term\">Destaques<\/span>","<span class=\"advgb-post-tax-term\">Turismo | Vinhos | Gastronomia<\/span>"]},"tags":{"linked":["<a href=\"https:\/\/maismagazine.pt\/index.php\/category\/turismo-restaurantes\/\" class=\"advgb-post-tax-term\">Abae<\/a>","<a href=\"https:\/\/maismagazine.pt\/index.php\/category\/turismo-restaurantes\/\" class=\"advgb-post-tax-term\">Bandeira azul<\/a>"],"unlinked":["<span class=\"advgb-post-tax-term\">Abae<\/span>","<span class=\"advgb-post-tax-term\">Bandeira azul<\/span>"]}},"comment_count":"0","relative_dates":{"created":"Posted 4 anos ago","modified":"Updated 4 anos ago"},"absolute_dates":{"created":"Posted on 9 de Junho, 2022","modified":"Updated on 8 de Junho, 2022"},"absolute_dates_time":{"created":"Posted on 9 de Junho, 2022 7:00","modified":"Updated on 8 de Junho, 2022 10:58"},"featured_img_caption":"","series_order":"","_links":{"self":[{"href":"https:\/\/maismagazine.pt\/index.php\/wp-json\/wp\/v2\/posts\/3416","targetHints":{"allow":["GET"]}}],"collection":[{"href":"https:\/\/maismagazine.pt\/index.php\/wp-json\/wp\/v2\/posts"}],"about":[{"href":"https:\/\/maismagazine.pt\/index.php\/wp-json\/wp\/v2\/types\/post"}],"author":[{"embeddable":true,"href":"https:\/\/maismagazine.pt\/index.php\/wp-json\/wp\/v2\/users\/7"}],"replies":[{"embeddable":true,"href":"https:\/\/maismagazine.pt\/index.php\/wp-json\/wp\/v2\/comments?post=3416"}],"version-history":[{"count":6,"href":"https:\/\/maismagazine.pt\/index.php\/wp-json\/wp\/v2\/posts\/3416\/revisions"}],"predecessor-version":[{"id":3635,"href":"https:\/\/maismagazine.pt\/index.php\/wp-json\/wp\/v2\/posts\/3416\/revisions\/3635"}],"wp:featuredmedia":[{"embeddable":true,"href":"https:\/\/maismagazine.pt\/index.php\/wp-json\/wp\/v2\/media\/3430"}],"wp:attachment":[{"href":"https:\/\/maismagazine.pt\/index.php\/wp-json\/wp\/v2\/media?parent=3416"}],"wp:term":[{"taxonomy":"category","embeddable":true,"href":"https:\/\/maismagazine.pt\/index.php\/wp-json\/wp\/v2\/categories?post=3416"},{"taxonomy":"post_tag","embeddable":true,"href":"https:\/\/maismagazine.pt\/index.php\/wp-json\/wp\/v2\/tags?post=3416"}],"curies":[{"name":"wp","href":"https:\/\/api.w.org\/{rel}","templated":true}]}}