{"id":3320,"date":"2022-05-13T07:00:00","date_gmt":"2022-05-13T06:00:00","guid":{"rendered":"http:\/\/maismagazine.pt\/?p=3320"},"modified":"2022-05-06T10:43:41","modified_gmt":"2022-05-06T09:43:41","slug":"obra-social-paulo-vi-educar-pela-via-do-coracao-e-do-amor","status":"publish","type":"post","link":"https:\/\/maismagazine.pt\/index.php\/2022\/05\/13\/obra-social-paulo-vi-educar-pela-via-do-coracao-e-do-amor\/","title":{"rendered":"Obra Social Paulo VI: educar pela via do cora\u00e7\u00e3o e do amor"},"content":{"rendered":"\n<p><strong>Inspirada no carisma de Santa Paula Frassinetti e coordenada pelas Irm\u00e3s Doroteias, a Obra Social Paulo VI surgiu em 1976 com as val\u00eancias de Creche, Jardim-de-Inf\u00e2ncia e Atividades de Tempos Livres. Hoje, a institui\u00e7\u00e3o distingue-se por promover uma educa\u00e7\u00e3o integral, pautando-se por uma oferta pedag\u00f3gica inovadora e de qualidade, que acompanha de uma forma individualizada cada crian\u00e7a e fam\u00edlia.<\/strong><\/p>\n\n\n\n<p><\/p>\n\n\n\n<p>Foi em 1976 que abriu portas a Obra Social Paulo VI, criada com a miss\u00e3o de educar crian\u00e7as e suas fam\u00edlias e para responder \u00e0s necessidades da popula\u00e7\u00e3o carenciada do Lumiar, em Lisboa. Hoje, a Obra Social Paulo VI \u00e9 uma <a href=\"http:\/\/www.obrasocialpaulovi.pt\/\" target=\"_blank\" rel=\"noreferrer noopener\">Institui\u00e7\u00e3o<\/a> Particular de Solidariedade Social (IPSS), com as val\u00eancias de Creche e Jardim de Inf\u00e2ncia. Coordenada pela Congrega\u00e7\u00e3o e alicer\u00e7ada nos princ\u00edpios fundadores de Paula Frassinetti, a Obra Social Paulo VI desenvolve uma pedagogia assente na marca educativa das Irm\u00e3s Doroteias: simplicidade, esp\u00edrito de fam\u00edlia e esp\u00edrito de servi\u00e7o. \u201cProcuramos ter uma pr\u00e1tica educativa renovada, inovadora, criativa, diferenciada, tendo em vista o modo de educar e a intui\u00e7\u00e3o pedag\u00f3gica de Santa Paula Frassinetti\u201d, come\u00e7a por explicar a Irm\u00e3 Anabela Pereira, Diretora da IP-SS. Em parceria com as fam\u00edlias e em trabalho multidisciplinar a institui\u00e7\u00e3o procura criar din\u00e2micas capazes de desenvolver nas crian\u00e7as compet\u00eancias que conduzam \u00e0 aquisi\u00e7\u00e3o de valores crist\u00e3os, cultivando o acolhimento, a solidariedade, a verdade e a simplicidade, promovendo a participa\u00e7\u00e3o da crian\u00e7a e as rela\u00e7\u00f5es interpessoais, o cuidado da natureza e a educa\u00e7\u00e3o para a interioridade. <\/p>\n\n\n\n<p><\/p>\n\n\n\n<p>Enquanto centro <a href=\"https:\/\/maismagazine.pt\/index.php\/category\/educacao\/\" target=\"_blank\" rel=\"noreferrer noopener\">educativo<\/a> das Irm\u00e3s Doroteias, a Obra Social Paulo VI promove uma educa\u00e7\u00e3o integral, pautando-se por uma oferta pedag\u00f3gica inovadora e de qualidade. \u201cA viv\u00eancia do esp\u00edrito de fam\u00edlia faz com que orientemos a nossa a\u00e7\u00e3o educativa para cada crian\u00e7a, como ser \u00fanico e irrepet\u00edvel, com a sua hist\u00f3ria e envolv\u00eancia pr\u00f3prias\u201d, esclarece.<\/p>\n\n\n\n<p><\/p>\n\n\n\n<p>A Obra Social Paulo VI destaca-se tamb\u00e9m pela pr\u00e1tica de uma pedagogia centrada nos interesses das crian\u00e7as e nas suas aprendizagens. Para isso, aposta em experi\u00eancias chave para o seu desenvolvimento, valorizando o sentido est\u00e9tico e a criatividade. \u201cDamos primazia \u00e0 escuta ativa das crian\u00e7as para que a a\u00e7\u00e3o seja projetada de acordo com os seus interesses, apliados atrav\u00e9s do desenvolvimento de projetos e de contextos desafiadores\u201d. A Obra Social Paulo VI procura, desta forma, que as crian\u00e7as acedam a m\u00faltiplas ferramentas expressivas, atrav\u00e9s de v\u00e1rias linguagens, como \u00e9 o caso das artes visuais, da dan\u00e7a ou da m\u00fasica, que se encontram integradas no curr\u00edculo e na rotina da institui\u00e7\u00e3o. \u201cAcreditamos assim estar a contribuir para o desenvolvimento de compet\u00eancias fundamentais para a constru\u00e7\u00e3o de seres humanos mais completos e inteiros\u201d.<\/p>\n\n\n\n<p><\/p>\n\n\n\n<p>A Obra Social Paulo VI afirma-se, a cada dia, uma escola virada para o futuro. Por essa raz\u00e3o procura manter-se atualizada e responder aos desafios de hoje, investigando, estudando e experimentando novas pr\u00e1ticas e abordagens pedag\u00f3gicas inovadoras. \u201cTemos vindo a desenvolver um estreito trabalho em rede com os outros Centros Educativos das Irm\u00e3s Doroteias no \u00e2mbito do projeto de inova\u00e7\u00e3o pedag\u00f3gica B\u00fassola 21, no qual t\u00eam sido desenvolvidos v\u00e1rios projetos e experi\u00eancias pedag\u00f3gicas muito significativos\u201d.<\/p>\n","protected":false},"excerpt":{"rendered":"<p>Inspirada no carisma de Santa Paula Frassinetti e coordenada pelas Irm\u00e3s Doroteias, a Obra Social Paulo VI surgiu em 1976 com as val\u00eancias de Creche, Jardim-de-Inf\u00e2ncia e Atividades de Tempos Livres. Hoje, a institui\u00e7\u00e3o distingue-se por promover uma educa\u00e7\u00e3o integral, pautando-se por uma oferta pedag\u00f3gica inovadora e de qualidade, que&hellip;<\/p>\n","protected":false},"author":7,"featured_media":3321,"comment_status":"open","ping_status":"open","sticky":false,"template":"","format":"standard","meta":{"advgb_blocks_editor_width":"","advgb_blocks_columns_visual_guide":"","_monsterinsights_skip_tracking":false,"_monsterinsights_sitenote_active":false,"_monsterinsights_sitenote_note":"","_monsterinsights_sitenote_category":0,"footnotes":""},"categories":[149,656],"tags":[706,707,705,704],"class_list":["post-3320","post","type-post","status-publish","format-standard","has-post-thumbnail","hentry","category-educacao","category-religiao","tag-educacao-integral","tag-ipss","tag-irmas-doroteias","tag-santa-paula-frassinetti"],"yoast_head":"<!-- This site is optimized with the Yoast SEO plugin v24.4 - https:\/\/yoast.com\/wordpress\/plugins\/seo\/ -->\n<title>Obra Social Paulo VI: educar pela via do cora\u00e7\u00e3o e do amor - Mais Magazine<\/title>\n<meta name=\"description\" content=\"A Obra Social Paulo VI surgiu em 1976 com as val\u00eancias de Creche, Jardim-de-Inf\u00e2ncia e Atividades de Tempos Livres.\" \/>\n<meta name=\"robots\" content=\"index, follow, max-snippet:-1, max-image-preview:large, max-video-preview:-1\" \/>\n<link rel=\"canonical\" href=\"https:\/\/maismagazine.pt\/index.php\/2022\/05\/13\/obra-social-paulo-vi-educar-pela-via-do-coracao-e-do-amor\/\" \/>\n<meta property=\"og:locale\" content=\"pt_PT\" \/>\n<meta property=\"og:type\" content=\"article\" \/>\n<meta property=\"og:title\" content=\"Obra Social Paulo VI: educar pela via do cora\u00e7\u00e3o e do amor - Mais Magazine\" \/>\n<meta property=\"og:description\" content=\"A Obra Social Paulo VI surgiu em 1976 com as val\u00eancias de Creche, Jardim-de-Inf\u00e2ncia e Atividades de Tempos Livres.\" \/>\n<meta property=\"og:url\" content=\"https:\/\/maismagazine.pt\/index.php\/2022\/05\/13\/obra-social-paulo-vi-educar-pela-via-do-coracao-e-do-amor\/\" \/>\n<meta property=\"og:site_name\" content=\"Mais Magazine\" \/>\n<meta property=\"article:published_time\" content=\"2022-05-13T06:00:00+00:00\" \/>\n<meta property=\"og:image\" content=\"https:\/\/maismagazine.pt\/wp-content\/uploads\/2022\/05\/20201112_115926.jpg\" \/>\n\t<meta property=\"og:image:width\" content=\"959\" \/>\n\t<meta property=\"og:image:height\" content=\"719\" \/>\n\t<meta property=\"og:image:type\" content=\"image\/jpeg\" \/>\n<meta name=\"author\" content=\"Jo\u00e3o Malainho\" \/>\n<meta name=\"twitter:card\" content=\"summary_large_image\" \/>\n<meta name=\"twitter:label1\" content=\"Escrito por\" \/>\n\t<meta name=\"twitter:data1\" content=\"\" \/>\n\t<meta name=\"twitter:label2\" content=\"Tempo estimado de leitura\" \/>\n\t<meta name=\"twitter:data2\" content=\"3 minutos\" \/>\n<script type=\"application\/ld+json\" class=\"yoast-schema-graph\">{\"@context\":\"https:\/\/schema.org\",\"@graph\":[{\"@type\":\"Article\",\"@id\":\"https:\/\/maismagazine.pt\/index.php\/2022\/05\/13\/obra-social-paulo-vi-educar-pela-via-do-coracao-e-do-amor\/#article\",\"isPartOf\":{\"@id\":\"https:\/\/maismagazine.pt\/index.php\/2022\/05\/13\/obra-social-paulo-vi-educar-pela-via-do-coracao-e-do-amor\/\"},\"author\":{\"name\":\"Jo\u00e3o Malainho\",\"@id\":\"http:\/\/maismagazine.pt\/#\/schema\/person\/999bd426f894ff56d397ec12ebd21ebb\"},\"headline\":\"Obra Social Paulo VI: educar pela via do cora\u00e7\u00e3o e do amor\",\"datePublished\":\"2022-05-13T06:00:00+00:00\",\"mainEntityOfPage\":{\"@id\":\"https:\/\/maismagazine.pt\/index.php\/2022\/05\/13\/obra-social-paulo-vi-educar-pela-via-do-coracao-e-do-amor\/\"},\"wordCount\":584,\"commentCount\":0,\"publisher\":{\"@id\":\"http:\/\/maismagazine.pt\/#organization\"},\"image\":{\"@id\":\"https:\/\/maismagazine.pt\/index.php\/2022\/05\/13\/obra-social-paulo-vi-educar-pela-via-do-coracao-e-do-amor\/#primaryimage\"},\"thumbnailUrl\":\"https:\/\/maismagazine.pt\/wp-content\/uploads\/2022\/05\/20201112_115926.jpg\",\"keywords\":[\"educa\u00e7\u00e3o integral\",\"IPSS\",\"Irm\u00e3s Doroteias\",\"Santa Paula Frassinetti\"],\"articleSection\":[\"Educa\u00e7\u00e3o\",\"Religi\u00e3o\"],\"inLanguage\":\"pt-PT\",\"potentialAction\":[{\"@type\":\"CommentAction\",\"name\":\"Comment\",\"target\":[\"https:\/\/maismagazine.pt\/index.php\/2022\/05\/13\/obra-social-paulo-vi-educar-pela-via-do-coracao-e-do-amor\/#respond\"]}]},{\"@type\":\"WebPage\",\"@id\":\"https:\/\/maismagazine.pt\/index.php\/2022\/05\/13\/obra-social-paulo-vi-educar-pela-via-do-coracao-e-do-amor\/\",\"url\":\"https:\/\/maismagazine.pt\/index.php\/2022\/05\/13\/obra-social-paulo-vi-educar-pela-via-do-coracao-e-do-amor\/\",\"name\":\"Obra Social Paulo VI: educar pela via do cora\u00e7\u00e3o e do amor - Mais Magazine\",\"isPartOf\":{\"@id\":\"http:\/\/maismagazine.pt\/#website\"},\"primaryImageOfPage\":{\"@id\":\"https:\/\/maismagazine.pt\/index.php\/2022\/05\/13\/obra-social-paulo-vi-educar-pela-via-do-coracao-e-do-amor\/#primaryimage\"},\"image\":{\"@id\":\"https:\/\/maismagazine.pt\/index.php\/2022\/05\/13\/obra-social-paulo-vi-educar-pela-via-do-coracao-e-do-amor\/#primaryimage\"},\"thumbnailUrl\":\"https:\/\/maismagazine.pt\/wp-content\/uploads\/2022\/05\/20201112_115926.jpg\",\"datePublished\":\"2022-05-13T06:00:00+00:00\",\"description\":\"A Obra Social Paulo VI surgiu em 1976 com as val\u00eancias de Creche, Jardim-de-Inf\u00e2ncia e Atividades de Tempos Livres.\",\"breadcrumb\":{\"@id\":\"https:\/\/maismagazine.pt\/index.php\/2022\/05\/13\/obra-social-paulo-vi-educar-pela-via-do-coracao-e-do-amor\/#breadcrumb\"},\"inLanguage\":\"pt-PT\",\"potentialAction\":[{\"@type\":\"ReadAction\",\"target\":[\"https:\/\/maismagazine.pt\/index.php\/2022\/05\/13\/obra-social-paulo-vi-educar-pela-via-do-coracao-e-do-amor\/\"]}]},{\"@type\":\"ImageObject\",\"inLanguage\":\"pt-PT\",\"@id\":\"https:\/\/maismagazine.pt\/index.php\/2022\/05\/13\/obra-social-paulo-vi-educar-pela-via-do-coracao-e-do-amor\/#primaryimage\",\"url\":\"https:\/\/maismagazine.pt\/wp-content\/uploads\/2022\/05\/20201112_115926.jpg\",\"contentUrl\":\"https:\/\/maismagazine.pt\/wp-content\/uploads\/2022\/05\/20201112_115926.jpg\",\"width\":959,\"height\":719},{\"@type\":\"BreadcrumbList\",\"@id\":\"https:\/\/maismagazine.pt\/index.php\/2022\/05\/13\/obra-social-paulo-vi-educar-pela-via-do-coracao-e-do-amor\/#breadcrumb\",\"itemListElement\":[{\"@type\":\"ListItem\",\"position\":1,\"name\":\"Home\",\"item\":\"http:\/\/maismagazine.pt\/\"},{\"@type\":\"ListItem\",\"position\":2,\"name\":\"Obra Social Paulo VI: educar pela via do cora\u00e7\u00e3o e do amor\"}]},{\"@type\":\"WebSite\",\"@id\":\"http:\/\/maismagazine.pt\/#website\",\"url\":\"http:\/\/maismagazine.pt\/\",\"name\":\"Mais Magazine\",\"description\":\"\",\"publisher\":{\"@id\":\"http:\/\/maismagazine.pt\/#organization\"},\"potentialAction\":[{\"@type\":\"SearchAction\",\"target\":{\"@type\":\"EntryPoint\",\"urlTemplate\":\"http:\/\/maismagazine.pt\/?s={search_term_string}\"},\"query-input\":{\"@type\":\"PropertyValueSpecification\",\"valueRequired\":true,\"valueName\":\"search_term_string\"}}],\"inLanguage\":\"pt-PT\"},{\"@type\":\"Organization\",\"@id\":\"http:\/\/maismagazine.pt\/#organization\",\"name\":\"Mais Magazine\",\"url\":\"http:\/\/maismagazine.pt\/\",\"logo\":{\"@type\":\"ImageObject\",\"inLanguage\":\"pt-PT\",\"@id\":\"http:\/\/maismagazine.pt\/#\/schema\/logo\/image\/\",\"url\":\"https:\/\/maismagazine.pt\/wp-content\/uploads\/2020\/04\/cropped-cropped-mais-magazine-site-logo-2.png\",\"contentUrl\":\"https:\/\/maismagazine.pt\/wp-content\/uploads\/2020\/04\/cropped-cropped-mais-magazine-site-logo-2.png\",\"width\":581,\"height\":90,\"caption\":\"Mais Magazine\"},\"image\":{\"@id\":\"http:\/\/maismagazine.pt\/#\/schema\/logo\/image\/\"}},{\"@type\":\"Person\",\"@id\":\"http:\/\/maismagazine.pt\/#\/schema\/person\/999bd426f894ff56d397ec12ebd21ebb\",\"name\":\"Jo\u00e3o Malainho\",\"image\":{\"@type\":\"ImageObject\",\"inLanguage\":\"pt-PT\",\"@id\":\"http:\/\/maismagazine.pt\/#\/schema\/person\/image\/\",\"url\":\"https:\/\/secure.gravatar.com\/avatar\/ff03c2f38edf60b2a827aa4f74878491?s=96&d=mm&r=g\",\"contentUrl\":\"https:\/\/secure.gravatar.com\/avatar\/ff03c2f38edf60b2a827aa4f74878491?s=96&d=mm&r=g\",\"caption\":\"Jo\u00e3o Malainho\"},\"url\":\"https:\/\/maismagazine.pt\/index.php\/author\/maismagazine\/\"}]}<\/script>\n<!-- \/ Yoast SEO plugin. -->","yoast_head_json":{"title":"Obra Social Paulo VI: educar pela via do cora\u00e7\u00e3o e do amor - Mais Magazine","description":"A Obra Social Paulo VI surgiu em 1976 com as val\u00eancias de Creche, Jardim-de-Inf\u00e2ncia e Atividades de Tempos Livres.","robots":{"index":"index","follow":"follow","max-snippet":"max-snippet:-1","max-image-preview":"max-image-preview:large","max-video-preview":"max-video-preview:-1"},"canonical":"https:\/\/maismagazine.pt\/index.php\/2022\/05\/13\/obra-social-paulo-vi-educar-pela-via-do-coracao-e-do-amor\/","og_locale":"pt_PT","og_type":"article","og_title":"Obra Social Paulo VI: educar pela via do cora\u00e7\u00e3o e do amor - Mais Magazine","og_description":"A Obra Social Paulo VI surgiu em 1976 com as val\u00eancias de Creche, Jardim-de-Inf\u00e2ncia e Atividades de Tempos Livres.","og_url":"https:\/\/maismagazine.pt\/index.php\/2022\/05\/13\/obra-social-paulo-vi-educar-pela-via-do-coracao-e-do-amor\/","og_site_name":"Mais Magazine","article_published_time":"2022-05-13T06:00:00+00:00","og_image":[{"width":959,"height":719,"url":"https:\/\/maismagazine.pt\/wp-content\/uploads\/2022\/05\/20201112_115926.jpg","type":"image\/jpeg"}],"author":"Jo\u00e3o Malainho","twitter_card":"summary_large_image","twitter_misc":{"Escrito por":false,"Tempo estimado de leitura":"3 minutos"},"schema":{"@context":"https:\/\/schema.org","@graph":[{"@type":"Article","@id":"https:\/\/maismagazine.pt\/index.php\/2022\/05\/13\/obra-social-paulo-vi-educar-pela-via-do-coracao-e-do-amor\/#article","isPartOf":{"@id":"https:\/\/maismagazine.pt\/index.php\/2022\/05\/13\/obra-social-paulo-vi-educar-pela-via-do-coracao-e-do-amor\/"},"author":{"name":"Jo\u00e3o Malainho","@id":"http:\/\/maismagazine.pt\/#\/schema\/person\/999bd426f894ff56d397ec12ebd21ebb"},"headline":"Obra Social Paulo VI: educar pela via do cora\u00e7\u00e3o e do amor","datePublished":"2022-05-13T06:00:00+00:00","mainEntityOfPage":{"@id":"https:\/\/maismagazine.pt\/index.php\/2022\/05\/13\/obra-social-paulo-vi-educar-pela-via-do-coracao-e-do-amor\/"},"wordCount":584,"commentCount":0,"publisher":{"@id":"http:\/\/maismagazine.pt\/#organization"},"image":{"@id":"https:\/\/maismagazine.pt\/index.php\/2022\/05\/13\/obra-social-paulo-vi-educar-pela-via-do-coracao-e-do-amor\/#primaryimage"},"thumbnailUrl":"https:\/\/maismagazine.pt\/wp-content\/uploads\/2022\/05\/20201112_115926.jpg","keywords":["educa\u00e7\u00e3o integral","IPSS","Irm\u00e3s Doroteias","Santa Paula Frassinetti"],"articleSection":["Educa\u00e7\u00e3o","Religi\u00e3o"],"inLanguage":"pt-PT","potentialAction":[{"@type":"CommentAction","name":"Comment","target":["https:\/\/maismagazine.pt\/index.php\/2022\/05\/13\/obra-social-paulo-vi-educar-pela-via-do-coracao-e-do-amor\/#respond"]}]},{"@type":"WebPage","@id":"https:\/\/maismagazine.pt\/index.php\/2022\/05\/13\/obra-social-paulo-vi-educar-pela-via-do-coracao-e-do-amor\/","url":"https:\/\/maismagazine.pt\/index.php\/2022\/05\/13\/obra-social-paulo-vi-educar-pela-via-do-coracao-e-do-amor\/","name":"Obra Social Paulo VI: educar pela via do cora\u00e7\u00e3o e do amor - Mais Magazine","isPartOf":{"@id":"http:\/\/maismagazine.pt\/#website"},"primaryImageOfPage":{"@id":"https:\/\/maismagazine.pt\/index.php\/2022\/05\/13\/obra-social-paulo-vi-educar-pela-via-do-coracao-e-do-amor\/#primaryimage"},"image":{"@id":"https:\/\/maismagazine.pt\/index.php\/2022\/05\/13\/obra-social-paulo-vi-educar-pela-via-do-coracao-e-do-amor\/#primaryimage"},"thumbnailUrl":"https:\/\/maismagazine.pt\/wp-content\/uploads\/2022\/05\/20201112_115926.jpg","datePublished":"2022-05-13T06:00:00+00:00","description":"A Obra Social Paulo VI surgiu em 1976 com as val\u00eancias de Creche, Jardim-de-Inf\u00e2ncia e Atividades de Tempos Livres.","breadcrumb":{"@id":"https:\/\/maismagazine.pt\/index.php\/2022\/05\/13\/obra-social-paulo-vi-educar-pela-via-do-coracao-e-do-amor\/#breadcrumb"},"inLanguage":"pt-PT","potentialAction":[{"@type":"ReadAction","target":["https:\/\/maismagazine.pt\/index.php\/2022\/05\/13\/obra-social-paulo-vi-educar-pela-via-do-coracao-e-do-amor\/"]}]},{"@type":"ImageObject","inLanguage":"pt-PT","@id":"https:\/\/maismagazine.pt\/index.php\/2022\/05\/13\/obra-social-paulo-vi-educar-pela-via-do-coracao-e-do-amor\/#primaryimage","url":"https:\/\/maismagazine.pt\/wp-content\/uploads\/2022\/05\/20201112_115926.jpg","contentUrl":"https:\/\/maismagazine.pt\/wp-content\/uploads\/2022\/05\/20201112_115926.jpg","width":959,"height":719},{"@type":"BreadcrumbList","@id":"https:\/\/maismagazine.pt\/index.php\/2022\/05\/13\/obra-social-paulo-vi-educar-pela-via-do-coracao-e-do-amor\/#breadcrumb","itemListElement":[{"@type":"ListItem","position":1,"name":"Home","item":"http:\/\/maismagazine.pt\/"},{"@type":"ListItem","position":2,"name":"Obra Social Paulo VI: educar pela via do cora\u00e7\u00e3o e do amor"}]},{"@type":"WebSite","@id":"http:\/\/maismagazine.pt\/#website","url":"http:\/\/maismagazine.pt\/","name":"Mais Magazine","description":"","publisher":{"@id":"http:\/\/maismagazine.pt\/#organization"},"potentialAction":[{"@type":"SearchAction","target":{"@type":"EntryPoint","urlTemplate":"http:\/\/maismagazine.pt\/?s={search_term_string}"},"query-input":{"@type":"PropertyValueSpecification","valueRequired":true,"valueName":"search_term_string"}}],"inLanguage":"pt-PT"},{"@type":"Organization","@id":"http:\/\/maismagazine.pt\/#organization","name":"Mais Magazine","url":"http:\/\/maismagazine.pt\/","logo":{"@type":"ImageObject","inLanguage":"pt-PT","@id":"http:\/\/maismagazine.pt\/#\/schema\/logo\/image\/","url":"https:\/\/maismagazine.pt\/wp-content\/uploads\/2020\/04\/cropped-cropped-mais-magazine-site-logo-2.png","contentUrl":"https:\/\/maismagazine.pt\/wp-content\/uploads\/2020\/04\/cropped-cropped-mais-magazine-site-logo-2.png","width":581,"height":90,"caption":"Mais Magazine"},"image":{"@id":"http:\/\/maismagazine.pt\/#\/schema\/logo\/image\/"}},{"@type":"Person","@id":"http:\/\/maismagazine.pt\/#\/schema\/person\/999bd426f894ff56d397ec12ebd21ebb","name":"Jo\u00e3o Malainho","image":{"@type":"ImageObject","inLanguage":"pt-PT","@id":"http:\/\/maismagazine.pt\/#\/schema\/person\/image\/","url":"https:\/\/secure.gravatar.com\/avatar\/ff03c2f38edf60b2a827aa4f74878491?s=96&d=mm&r=g","contentUrl":"https:\/\/secure.gravatar.com\/avatar\/ff03c2f38edf60b2a827aa4f74878491?s=96&d=mm&r=g","caption":"Jo\u00e3o Malainho"},"url":"https:\/\/maismagazine.pt\/index.php\/author\/maismagazine\/"}]}},"author_meta":{"display_name":false,"author_link":"https:\/\/maismagazine.pt\/index.php\/author\/maismagazine\/"},"featured_img":"https:\/\/maismagazine.pt\/wp-content\/uploads\/2022\/05\/20201112_115926-300x225.jpg","coauthors":[],"tax_additional":{"categories":{"linked":["<a href=\"https:\/\/maismagazine.pt\/index.php\/category\/educacao\/\" class=\"advgb-post-tax-term\">Educa\u00e7\u00e3o<\/a>","<a href=\"https:\/\/maismagazine.pt\/index.php\/category\/religiao\/\" class=\"advgb-post-tax-term\">Religi\u00e3o<\/a>"],"unlinked":["<span class=\"advgb-post-tax-term\">Educa\u00e7\u00e3o<\/span>","<span class=\"advgb-post-tax-term\">Religi\u00e3o<\/span>"]},"tags":{"linked":["<a href=\"https:\/\/maismagazine.pt\/index.php\/category\/religiao\/\" class=\"advgb-post-tax-term\">educa\u00e7\u00e3o integral<\/a>","<a href=\"https:\/\/maismagazine.pt\/index.php\/category\/religiao\/\" class=\"advgb-post-tax-term\">IPSS<\/a>","<a href=\"https:\/\/maismagazine.pt\/index.php\/category\/religiao\/\" class=\"advgb-post-tax-term\">Irm\u00e3s Doroteias<\/a>","<a href=\"https:\/\/maismagazine.pt\/index.php\/category\/religiao\/\" class=\"advgb-post-tax-term\">Santa Paula Frassinetti<\/a>"],"unlinked":["<span class=\"advgb-post-tax-term\">educa\u00e7\u00e3o integral<\/span>","<span class=\"advgb-post-tax-term\">IPSS<\/span>","<span class=\"advgb-post-tax-term\">Irm\u00e3s Doroteias<\/span>","<span class=\"advgb-post-tax-term\">Santa Paula Frassinetti<\/span>"]}},"comment_count":"0","relative_dates":{"created":"Posted 4 anos ago","modified":"Updated 4 anos ago"},"absolute_dates":{"created":"Posted on 13 de Maio, 2022","modified":"Updated on 6 de Maio, 2022"},"absolute_dates_time":{"created":"Posted on 13 de Maio, 2022 7:00","modified":"Updated on 6 de Maio, 2022 10:43"},"featured_img_caption":"","series_order":"","_links":{"self":[{"href":"https:\/\/maismagazine.pt\/index.php\/wp-json\/wp\/v2\/posts\/3320","targetHints":{"allow":["GET"]}}],"collection":[{"href":"https:\/\/maismagazine.pt\/index.php\/wp-json\/wp\/v2\/posts"}],"about":[{"href":"https:\/\/maismagazine.pt\/index.php\/wp-json\/wp\/v2\/types\/post"}],"author":[{"embeddable":true,"href":"https:\/\/maismagazine.pt\/index.php\/wp-json\/wp\/v2\/users\/7"}],"replies":[{"embeddable":true,"href":"https:\/\/maismagazine.pt\/index.php\/wp-json\/wp\/v2\/comments?post=3320"}],"version-history":[{"count":1,"href":"https:\/\/maismagazine.pt\/index.php\/wp-json\/wp\/v2\/posts\/3320\/revisions"}],"predecessor-version":[{"id":3325,"href":"https:\/\/maismagazine.pt\/index.php\/wp-json\/wp\/v2\/posts\/3320\/revisions\/3325"}],"wp:featuredmedia":[{"embeddable":true,"href":"https:\/\/maismagazine.pt\/index.php\/wp-json\/wp\/v2\/media\/3321"}],"wp:attachment":[{"href":"https:\/\/maismagazine.pt\/index.php\/wp-json\/wp\/v2\/media?parent=3320"}],"wp:term":[{"taxonomy":"category","embeddable":true,"href":"https:\/\/maismagazine.pt\/index.php\/wp-json\/wp\/v2\/categories?post=3320"},{"taxonomy":"post_tag","embeddable":true,"href":"https:\/\/maismagazine.pt\/index.php\/wp-json\/wp\/v2\/tags?post=3320"}],"curies":[{"name":"wp","href":"https:\/\/api.w.org\/{rel}","templated":true}]}}