{"id":3291,"date":"2022-05-13T07:00:00","date_gmt":"2022-05-13T06:00:00","guid":{"rendered":"http:\/\/maismagazine.pt\/?p=3291"},"modified":"2022-05-06T09:48:25","modified_gmt":"2022-05-06T08:48:25","slug":"mealhada-a-caminho-de-fatima-pare-e-contemple-este-encanto-da-natureza","status":"publish","type":"post","link":"https:\/\/maismagazine.pt\/index.php\/2022\/05\/13\/mealhada-a-caminho-de-fatima-pare-e-contemple-este-encanto-da-natureza\/","title":{"rendered":"Mealhada: A caminho de F\u00e1tima, pare e contemple este encanto da Natureza"},"content":{"rendered":"\n<p><strong>A Mealhada \u00e9 atravessada por dois importantes caminhos de f\u00e9 e espiritualidade: o Caminho do Centen\u00e1rio, que tem in\u00edcio em Vila Nova de Gaia, e o Caminho do Norte, que inicia em Valen\u00e7a. Em ambos os percursos os peregrinos s\u00e3o brindados por uma envolvente sem igual, que atinge um dos seus pontos altos aquando da passagem por este Munic\u00edpio onde a f\u00e9 se funde com a sua hist\u00f3ria, tradi\u00e7\u00e3o, cultura gastronomia e recursos naturais.<\/strong><\/p>\n\n\n\n<p><\/p>\n\n\n\n<p>No <a href=\"https:\/\/www.cm-mealhada.pt\/\" target=\"_blank\" rel=\"noreferrer noopener\">concelho<\/a> da Mealhada os peregrinos podem optar por percorrer o Caminho do Centen\u00e1rio, desde Ventosa do Bairro at\u00e9 Ad\u00f5es, um percurso em estradas municipais qualificadas, ou escolher o Caminho do Norte, um percurso mais espiritual, sem pressas, que lhes permitir\u00e1 disfrutar de um misto de cen\u00e1rios id\u00edlicos por caminhos rurais e trilhos de natureza. Qualquer que seja a op\u00e7\u00e3o, o peregrino vai usufruir da hospitalidade das gentes com quem se cruza nas v\u00e1rias localidades. \u201cS\u00e3o caminhos por aldeias caraterizadas por gente hospitaleira e conversadora, com paisagens que cruzam as vinhas, os pinhais e o olival\u201d, come\u00e7a por explicar Filomena Pinheiro, Vice-Presidente da C\u00e2mara Municipal da Mealhada. Ao patrim\u00f3nio natural e humano, t\u00e3o caracter\u00edsticos deste concelho, juntam-se ainda o patrim\u00f3nio religioso e cultural, aqui poss\u00edvel de contemplar em diversas capelas, Filomena Pinheiro, Vice-Presidente da C\u00e2mara Municipal da Mealhadaigrejas e monumentos de diversa \u00edndole. \u201cDurante este percurso, s\u00e3o m\u00faltiplas as capelas cruzadas pelos peregrinos. A Capela de Sernadelo, a Igreja de Santana, a Igreja Paroquial Mealhada e a Capela de S. Sebasti\u00e3o, s\u00e3o alguns desses exemplos, a que se juntam ainda espa\u00e7os emblem\u00e1ticos do concelho como o Parque da Cidade da Mealhada, o Cineteatro Messias e a Ponte Romana de Casal Comba\u201d.<\/p>\n\n\n\n<p><\/p>\n\n\n\n<p>Dada a relev\u00e2ncia do patrim\u00f3nio cruzado por estes caminhos, o Munic\u00edpio da Mealhada encara-os como um poss\u00edvel ponto de viragem na atra\u00e7\u00e3o de novos p\u00fablicos e no desenvolvimento do turismo, em especial o turismo religioso da regi\u00e3o. \u201cEstamos convictos que representam um contributo para a divulga\u00e7\u00e3o e afirma\u00e7\u00e3o do nosso territ\u00f3rio numa \u00f3tica de complementaridade da oferta tur\u00edstica diversificada do concelho. A nossa oferta \u00e9 diversa e diferenciadora \u2013 desde o turismo de Natureza e Ativo ao de Sa\u00fade e Bem-Estar, desde o Termalismo ao Enoturismo, desde o Turismo Militar ao Turismo Cultural, destacando obviamente o Turismo Espiritual e Religioso com o Caminho Portugu\u00eas de Santiago &#8211; Caminho Central e os Caminhos de F\u00e1tima\u201d.<\/p>\n\n\n\n<p><\/p>\n\n\n\n<p>Desenvolvidos pelo Centro Nacional de Cultura, em parceria com m\u00faltiplas institui\u00e7\u00f5es e em articula\u00e7\u00e3o com o Santu\u00e1rio de F\u00e1tima, os Caminhos de F\u00e1tima criam condi\u00e7\u00f5es seguras e apraz\u00edveis para os peregrinos que a p\u00e9 se dirigem ao Santu\u00e1rio de F\u00e1tima. Por forma a refor\u00e7ar e garantir todas as condi\u00e7\u00f5es de seguran\u00e7a, o Munic\u00edpio da Mealhada tem vindo a desenvolver v\u00e1rias interven\u00e7\u00f5es com vista \u00e0 requalifica\u00e7\u00e3o dos percursos e melhoria da respetiva sinal\u00e9tica no territ\u00f3rio. A \u00faltima avalia\u00e7\u00e3o, que incluiu o levantamento do estado dos percursos e sinal\u00e9tica, iniciou-se em abril e compreende o caminho do Centen\u00e1rio, num percurso de cerca de 18 quil\u00f3metros, desde Ventosa do Bairro a Ad\u00f5es, e o Caminho do Norte, numa extens\u00e3o de 13 quil\u00f3metros, desde Sernadelo a Ad\u00f5es. \u201cNeste momento, estamos a proceder \u00e0 elabora\u00e7\u00e3o do relat\u00f3rio e a preparar a interven\u00e7\u00e3o necess\u00e1ria, quer em termos de situa\u00e7\u00e3o do caminho, quer do estado de conserva\u00e7\u00e3o e implementa\u00e7\u00e3o da sinal\u00e9tica\u201d.<\/p>\n","protected":false},"excerpt":{"rendered":"<p>A Mealhada \u00e9 atravessada por dois importantes caminhos de f\u00e9 e espiritualidade: o Caminho do Centen\u00e1rio, que tem in\u00edcio em Vila Nova de Gaia, e o Caminho do Norte, que inicia em Valen\u00e7a. Em ambos os percursos os peregrinos s\u00e3o brindados por uma envolvente sem igual, que atinge um dos&hellip;<\/p>\n","protected":false},"author":7,"featured_media":3298,"comment_status":"open","ping_status":"open","sticky":false,"template":"","format":"standard","meta":{"advgb_blocks_editor_width":"","advgb_blocks_columns_visual_guide":"","_monsterinsights_skip_tracking":false,"_monsterinsights_sitenote_active":false,"_monsterinsights_sitenote_note":"","_monsterinsights_sitenote_category":0,"footnotes":""},"categories":[656,53],"tags":[689,690,657,691],"class_list":["post-3291","post","type-post","status-publish","format-standard","has-post-thumbnail","hentry","category-religiao","category-turismo-restaurantes","tag-caminho-centenario","tag-caminho-do-norte","tag-caminhos-de-fatima","tag-mealhada"],"yoast_head":"<!-- This site is optimized with the Yoast SEO plugin v24.4 - https:\/\/yoast.com\/wordpress\/plugins\/seo\/ -->\n<title>Mealhada: A caminho de F\u00e1tima, pare e contemple este encanto da Natureza - Mais Magazine<\/title>\n<meta name=\"description\" content=\"A Mealhada \u00e9 atravessada por dois importantes caminhos de f\u00e9 e espiritualidade: o Caminho do Centen\u00e1rio e o Caminho do Norte\" \/>\n<meta name=\"robots\" content=\"index, follow, max-snippet:-1, max-image-preview:large, max-video-preview:-1\" \/>\n<link rel=\"canonical\" href=\"http:\/\/maismagazine.pt\/index.php\/2022\/05\/13\/mealhada-a-caminho-de-fatima-pare-e-contemple-este-encanto-da-natureza\/\" \/>\n<meta property=\"og:locale\" content=\"pt_PT\" \/>\n<meta property=\"og:type\" content=\"article\" \/>\n<meta property=\"og:title\" content=\"Mealhada: A caminho de F\u00e1tima, pare e contemple este encanto da Natureza - Mais Magazine\" \/>\n<meta property=\"og:description\" content=\"A Mealhada \u00e9 atravessada por dois importantes caminhos de f\u00e9 e espiritualidade: o Caminho do Centen\u00e1rio e o Caminho do Norte\" \/>\n<meta property=\"og:url\" content=\"http:\/\/maismagazine.pt\/index.php\/2022\/05\/13\/mealhada-a-caminho-de-fatima-pare-e-contemple-este-encanto-da-natureza\/\" \/>\n<meta property=\"og:site_name\" content=\"Mais Magazine\" \/>\n<meta property=\"article:published_time\" content=\"2022-05-13T06:00:00+00:00\" \/>\n<meta property=\"og:image\" content=\"http:\/\/maismagazine.pt\/wp-content\/uploads\/2022\/05\/Parque-da-cidade-1024x683.jpg\" \/>\n\t<meta property=\"og:image:width\" content=\"1024\" \/>\n\t<meta property=\"og:image:height\" content=\"683\" \/>\n\t<meta property=\"og:image:type\" content=\"image\/jpeg\" \/>\n<meta name=\"author\" content=\"Jo\u00e3o Malainho\" \/>\n<meta name=\"twitter:card\" content=\"summary_large_image\" \/>\n<meta name=\"twitter:label1\" content=\"Escrito por\" \/>\n\t<meta name=\"twitter:data1\" content=\"\" \/>\n\t<meta name=\"twitter:label2\" content=\"Tempo estimado de leitura\" \/>\n\t<meta name=\"twitter:data2\" content=\"3 minutos\" \/>\n<script type=\"application\/ld+json\" class=\"yoast-schema-graph\">{\"@context\":\"https:\/\/schema.org\",\"@graph\":[{\"@type\":\"Article\",\"@id\":\"http:\/\/maismagazine.pt\/index.php\/2022\/05\/13\/mealhada-a-caminho-de-fatima-pare-e-contemple-este-encanto-da-natureza\/#article\",\"isPartOf\":{\"@id\":\"http:\/\/maismagazine.pt\/index.php\/2022\/05\/13\/mealhada-a-caminho-de-fatima-pare-e-contemple-este-encanto-da-natureza\/\"},\"author\":{\"name\":\"Jo\u00e3o Malainho\",\"@id\":\"http:\/\/maismagazine.pt\/#\/schema\/person\/999bd426f894ff56d397ec12ebd21ebb\"},\"headline\":\"Mealhada: A caminho de F\u00e1tima, pare e contemple este encanto da Natureza\",\"datePublished\":\"2022-05-13T06:00:00+00:00\",\"mainEntityOfPage\":{\"@id\":\"http:\/\/maismagazine.pt\/index.php\/2022\/05\/13\/mealhada-a-caminho-de-fatima-pare-e-contemple-este-encanto-da-natureza\/\"},\"wordCount\":626,\"commentCount\":0,\"publisher\":{\"@id\":\"http:\/\/maismagazine.pt\/#organization\"},\"image\":{\"@id\":\"http:\/\/maismagazine.pt\/index.php\/2022\/05\/13\/mealhada-a-caminho-de-fatima-pare-e-contemple-este-encanto-da-natureza\/#primaryimage\"},\"thumbnailUrl\":\"https:\/\/maismagazine.pt\/wp-content\/uploads\/2022\/05\/Parque-da-cidade.jpg\",\"keywords\":[\"caminho centen\u00e1rio\",\"caminho do norte\",\"Caminhos de f\u00e1tima\",\"Mealhada\"],\"articleSection\":[\"Religi\u00e3o\",\"Turismo | Vinhos | Gastronomia\"],\"inLanguage\":\"pt-PT\",\"potentialAction\":[{\"@type\":\"CommentAction\",\"name\":\"Comment\",\"target\":[\"http:\/\/maismagazine.pt\/index.php\/2022\/05\/13\/mealhada-a-caminho-de-fatima-pare-e-contemple-este-encanto-da-natureza\/#respond\"]}]},{\"@type\":\"WebPage\",\"@id\":\"http:\/\/maismagazine.pt\/index.php\/2022\/05\/13\/mealhada-a-caminho-de-fatima-pare-e-contemple-este-encanto-da-natureza\/\",\"url\":\"http:\/\/maismagazine.pt\/index.php\/2022\/05\/13\/mealhada-a-caminho-de-fatima-pare-e-contemple-este-encanto-da-natureza\/\",\"name\":\"Mealhada: A caminho de F\u00e1tima, pare e contemple este encanto da Natureza - Mais Magazine\",\"isPartOf\":{\"@id\":\"http:\/\/maismagazine.pt\/#website\"},\"primaryImageOfPage\":{\"@id\":\"http:\/\/maismagazine.pt\/index.php\/2022\/05\/13\/mealhada-a-caminho-de-fatima-pare-e-contemple-este-encanto-da-natureza\/#primaryimage\"},\"image\":{\"@id\":\"http:\/\/maismagazine.pt\/index.php\/2022\/05\/13\/mealhada-a-caminho-de-fatima-pare-e-contemple-este-encanto-da-natureza\/#primaryimage\"},\"thumbnailUrl\":\"https:\/\/maismagazine.pt\/wp-content\/uploads\/2022\/05\/Parque-da-cidade.jpg\",\"datePublished\":\"2022-05-13T06:00:00+00:00\",\"description\":\"A Mealhada \u00e9 atravessada por dois importantes caminhos de f\u00e9 e espiritualidade: o Caminho do Centen\u00e1rio e o Caminho do Norte\",\"breadcrumb\":{\"@id\":\"http:\/\/maismagazine.pt\/index.php\/2022\/05\/13\/mealhada-a-caminho-de-fatima-pare-e-contemple-este-encanto-da-natureza\/#breadcrumb\"},\"inLanguage\":\"pt-PT\",\"potentialAction\":[{\"@type\":\"ReadAction\",\"target\":[\"http:\/\/maismagazine.pt\/index.php\/2022\/05\/13\/mealhada-a-caminho-de-fatima-pare-e-contemple-este-encanto-da-natureza\/\"]}]},{\"@type\":\"ImageObject\",\"inLanguage\":\"pt-PT\",\"@id\":\"http:\/\/maismagazine.pt\/index.php\/2022\/05\/13\/mealhada-a-caminho-de-fatima-pare-e-contemple-este-encanto-da-natureza\/#primaryimage\",\"url\":\"https:\/\/maismagazine.pt\/wp-content\/uploads\/2022\/05\/Parque-da-cidade.jpg\",\"contentUrl\":\"https:\/\/maismagazine.pt\/wp-content\/uploads\/2022\/05\/Parque-da-cidade.jpg\",\"width\":2500,\"height\":1667},{\"@type\":\"BreadcrumbList\",\"@id\":\"http:\/\/maismagazine.pt\/index.php\/2022\/05\/13\/mealhada-a-caminho-de-fatima-pare-e-contemple-este-encanto-da-natureza\/#breadcrumb\",\"itemListElement\":[{\"@type\":\"ListItem\",\"position\":1,\"name\":\"Home\",\"item\":\"http:\/\/maismagazine.pt\/\"},{\"@type\":\"ListItem\",\"position\":2,\"name\":\"Mealhada: A caminho de F\u00e1tima, pare e contemple este encanto da Natureza\"}]},{\"@type\":\"WebSite\",\"@id\":\"http:\/\/maismagazine.pt\/#website\",\"url\":\"http:\/\/maismagazine.pt\/\",\"name\":\"Mais Magazine\",\"description\":\"\",\"publisher\":{\"@id\":\"http:\/\/maismagazine.pt\/#organization\"},\"potentialAction\":[{\"@type\":\"SearchAction\",\"target\":{\"@type\":\"EntryPoint\",\"urlTemplate\":\"http:\/\/maismagazine.pt\/?s={search_term_string}\"},\"query-input\":{\"@type\":\"PropertyValueSpecification\",\"valueRequired\":true,\"valueName\":\"search_term_string\"}}],\"inLanguage\":\"pt-PT\"},{\"@type\":\"Organization\",\"@id\":\"http:\/\/maismagazine.pt\/#organization\",\"name\":\"Mais Magazine\",\"url\":\"http:\/\/maismagazine.pt\/\",\"logo\":{\"@type\":\"ImageObject\",\"inLanguage\":\"pt-PT\",\"@id\":\"http:\/\/maismagazine.pt\/#\/schema\/logo\/image\/\",\"url\":\"https:\/\/maismagazine.pt\/wp-content\/uploads\/2020\/04\/cropped-cropped-mais-magazine-site-logo-2.png\",\"contentUrl\":\"https:\/\/maismagazine.pt\/wp-content\/uploads\/2020\/04\/cropped-cropped-mais-magazine-site-logo-2.png\",\"width\":581,\"height\":90,\"caption\":\"Mais Magazine\"},\"image\":{\"@id\":\"http:\/\/maismagazine.pt\/#\/schema\/logo\/image\/\"}},{\"@type\":\"Person\",\"@id\":\"http:\/\/maismagazine.pt\/#\/schema\/person\/999bd426f894ff56d397ec12ebd21ebb\",\"name\":\"Jo\u00e3o Malainho\",\"image\":{\"@type\":\"ImageObject\",\"inLanguage\":\"pt-PT\",\"@id\":\"http:\/\/maismagazine.pt\/#\/schema\/person\/image\/\",\"url\":\"https:\/\/secure.gravatar.com\/avatar\/ff03c2f38edf60b2a827aa4f74878491?s=96&d=mm&r=g\",\"contentUrl\":\"https:\/\/secure.gravatar.com\/avatar\/ff03c2f38edf60b2a827aa4f74878491?s=96&d=mm&r=g\",\"caption\":\"Jo\u00e3o Malainho\"},\"url\":\"https:\/\/maismagazine.pt\/index.php\/author\/maismagazine\/\"}]}<\/script>\n<!-- \/ Yoast SEO plugin. -->","yoast_head_json":{"title":"Mealhada: A caminho de F\u00e1tima, pare e contemple este encanto da Natureza - Mais Magazine","description":"A Mealhada \u00e9 atravessada por dois importantes caminhos de f\u00e9 e espiritualidade: o Caminho do Centen\u00e1rio e o Caminho do Norte","robots":{"index":"index","follow":"follow","max-snippet":"max-snippet:-1","max-image-preview":"max-image-preview:large","max-video-preview":"max-video-preview:-1"},"canonical":"http:\/\/maismagazine.pt\/index.php\/2022\/05\/13\/mealhada-a-caminho-de-fatima-pare-e-contemple-este-encanto-da-natureza\/","og_locale":"pt_PT","og_type":"article","og_title":"Mealhada: A caminho de F\u00e1tima, pare e contemple este encanto da Natureza - Mais Magazine","og_description":"A Mealhada \u00e9 atravessada por dois importantes caminhos de f\u00e9 e espiritualidade: o Caminho do Centen\u00e1rio e o Caminho do Norte","og_url":"http:\/\/maismagazine.pt\/index.php\/2022\/05\/13\/mealhada-a-caminho-de-fatima-pare-e-contemple-este-encanto-da-natureza\/","og_site_name":"Mais Magazine","article_published_time":"2022-05-13T06:00:00+00:00","og_image":[{"width":1024,"height":683,"url":"http:\/\/maismagazine.pt\/wp-content\/uploads\/2022\/05\/Parque-da-cidade-1024x683.jpg","type":"image\/jpeg"}],"author":"Jo\u00e3o Malainho","twitter_card":"summary_large_image","twitter_misc":{"Escrito por":false,"Tempo estimado de leitura":"3 minutos"},"schema":{"@context":"https:\/\/schema.org","@graph":[{"@type":"Article","@id":"http:\/\/maismagazine.pt\/index.php\/2022\/05\/13\/mealhada-a-caminho-de-fatima-pare-e-contemple-este-encanto-da-natureza\/#article","isPartOf":{"@id":"http:\/\/maismagazine.pt\/index.php\/2022\/05\/13\/mealhada-a-caminho-de-fatima-pare-e-contemple-este-encanto-da-natureza\/"},"author":{"name":"Jo\u00e3o Malainho","@id":"http:\/\/maismagazine.pt\/#\/schema\/person\/999bd426f894ff56d397ec12ebd21ebb"},"headline":"Mealhada: A caminho de F\u00e1tima, pare e contemple este encanto da Natureza","datePublished":"2022-05-13T06:00:00+00:00","mainEntityOfPage":{"@id":"http:\/\/maismagazine.pt\/index.php\/2022\/05\/13\/mealhada-a-caminho-de-fatima-pare-e-contemple-este-encanto-da-natureza\/"},"wordCount":626,"commentCount":0,"publisher":{"@id":"http:\/\/maismagazine.pt\/#organization"},"image":{"@id":"http:\/\/maismagazine.pt\/index.php\/2022\/05\/13\/mealhada-a-caminho-de-fatima-pare-e-contemple-este-encanto-da-natureza\/#primaryimage"},"thumbnailUrl":"https:\/\/maismagazine.pt\/wp-content\/uploads\/2022\/05\/Parque-da-cidade.jpg","keywords":["caminho centen\u00e1rio","caminho do norte","Caminhos de f\u00e1tima","Mealhada"],"articleSection":["Religi\u00e3o","Turismo | Vinhos | Gastronomia"],"inLanguage":"pt-PT","potentialAction":[{"@type":"CommentAction","name":"Comment","target":["http:\/\/maismagazine.pt\/index.php\/2022\/05\/13\/mealhada-a-caminho-de-fatima-pare-e-contemple-este-encanto-da-natureza\/#respond"]}]},{"@type":"WebPage","@id":"http:\/\/maismagazine.pt\/index.php\/2022\/05\/13\/mealhada-a-caminho-de-fatima-pare-e-contemple-este-encanto-da-natureza\/","url":"http:\/\/maismagazine.pt\/index.php\/2022\/05\/13\/mealhada-a-caminho-de-fatima-pare-e-contemple-este-encanto-da-natureza\/","name":"Mealhada: A caminho de F\u00e1tima, pare e contemple este encanto da Natureza - Mais Magazine","isPartOf":{"@id":"http:\/\/maismagazine.pt\/#website"},"primaryImageOfPage":{"@id":"http:\/\/maismagazine.pt\/index.php\/2022\/05\/13\/mealhada-a-caminho-de-fatima-pare-e-contemple-este-encanto-da-natureza\/#primaryimage"},"image":{"@id":"http:\/\/maismagazine.pt\/index.php\/2022\/05\/13\/mealhada-a-caminho-de-fatima-pare-e-contemple-este-encanto-da-natureza\/#primaryimage"},"thumbnailUrl":"https:\/\/maismagazine.pt\/wp-content\/uploads\/2022\/05\/Parque-da-cidade.jpg","datePublished":"2022-05-13T06:00:00+00:00","description":"A Mealhada \u00e9 atravessada por dois importantes caminhos de f\u00e9 e espiritualidade: o Caminho do Centen\u00e1rio e o Caminho do Norte","breadcrumb":{"@id":"http:\/\/maismagazine.pt\/index.php\/2022\/05\/13\/mealhada-a-caminho-de-fatima-pare-e-contemple-este-encanto-da-natureza\/#breadcrumb"},"inLanguage":"pt-PT","potentialAction":[{"@type":"ReadAction","target":["http:\/\/maismagazine.pt\/index.php\/2022\/05\/13\/mealhada-a-caminho-de-fatima-pare-e-contemple-este-encanto-da-natureza\/"]}]},{"@type":"ImageObject","inLanguage":"pt-PT","@id":"http:\/\/maismagazine.pt\/index.php\/2022\/05\/13\/mealhada-a-caminho-de-fatima-pare-e-contemple-este-encanto-da-natureza\/#primaryimage","url":"https:\/\/maismagazine.pt\/wp-content\/uploads\/2022\/05\/Parque-da-cidade.jpg","contentUrl":"https:\/\/maismagazine.pt\/wp-content\/uploads\/2022\/05\/Parque-da-cidade.jpg","width":2500,"height":1667},{"@type":"BreadcrumbList","@id":"http:\/\/maismagazine.pt\/index.php\/2022\/05\/13\/mealhada-a-caminho-de-fatima-pare-e-contemple-este-encanto-da-natureza\/#breadcrumb","itemListElement":[{"@type":"ListItem","position":1,"name":"Home","item":"http:\/\/maismagazine.pt\/"},{"@type":"ListItem","position":2,"name":"Mealhada: A caminho de F\u00e1tima, pare e contemple este encanto da Natureza"}]},{"@type":"WebSite","@id":"http:\/\/maismagazine.pt\/#website","url":"http:\/\/maismagazine.pt\/","name":"Mais Magazine","description":"","publisher":{"@id":"http:\/\/maismagazine.pt\/#organization"},"potentialAction":[{"@type":"SearchAction","target":{"@type":"EntryPoint","urlTemplate":"http:\/\/maismagazine.pt\/?s={search_term_string}"},"query-input":{"@type":"PropertyValueSpecification","valueRequired":true,"valueName":"search_term_string"}}],"inLanguage":"pt-PT"},{"@type":"Organization","@id":"http:\/\/maismagazine.pt\/#organization","name":"Mais Magazine","url":"http:\/\/maismagazine.pt\/","logo":{"@type":"ImageObject","inLanguage":"pt-PT","@id":"http:\/\/maismagazine.pt\/#\/schema\/logo\/image\/","url":"https:\/\/maismagazine.pt\/wp-content\/uploads\/2020\/04\/cropped-cropped-mais-magazine-site-logo-2.png","contentUrl":"https:\/\/maismagazine.pt\/wp-content\/uploads\/2020\/04\/cropped-cropped-mais-magazine-site-logo-2.png","width":581,"height":90,"caption":"Mais Magazine"},"image":{"@id":"http:\/\/maismagazine.pt\/#\/schema\/logo\/image\/"}},{"@type":"Person","@id":"http:\/\/maismagazine.pt\/#\/schema\/person\/999bd426f894ff56d397ec12ebd21ebb","name":"Jo\u00e3o Malainho","image":{"@type":"ImageObject","inLanguage":"pt-PT","@id":"http:\/\/maismagazine.pt\/#\/schema\/person\/image\/","url":"https:\/\/secure.gravatar.com\/avatar\/ff03c2f38edf60b2a827aa4f74878491?s=96&d=mm&r=g","contentUrl":"https:\/\/secure.gravatar.com\/avatar\/ff03c2f38edf60b2a827aa4f74878491?s=96&d=mm&r=g","caption":"Jo\u00e3o Malainho"},"url":"https:\/\/maismagazine.pt\/index.php\/author\/maismagazine\/"}]}},"author_meta":{"display_name":false,"author_link":"https:\/\/maismagazine.pt\/index.php\/author\/maismagazine\/"},"featured_img":"https:\/\/maismagazine.pt\/wp-content\/uploads\/2022\/05\/Parque-da-cidade-300x200.jpg","coauthors":[],"tax_additional":{"categories":{"linked":["<a href=\"https:\/\/maismagazine.pt\/index.php\/category\/religiao\/\" class=\"advgb-post-tax-term\">Religi\u00e3o<\/a>","<a href=\"https:\/\/maismagazine.pt\/index.php\/category\/turismo-restaurantes\/\" class=\"advgb-post-tax-term\">Turismo | Vinhos | Gastronomia<\/a>"],"unlinked":["<span class=\"advgb-post-tax-term\">Religi\u00e3o<\/span>","<span class=\"advgb-post-tax-term\">Turismo | Vinhos | Gastronomia<\/span>"]},"tags":{"linked":["<a href=\"https:\/\/maismagazine.pt\/index.php\/category\/turismo-restaurantes\/\" class=\"advgb-post-tax-term\">caminho centen\u00e1rio<\/a>","<a href=\"https:\/\/maismagazine.pt\/index.php\/category\/turismo-restaurantes\/\" class=\"advgb-post-tax-term\">caminho do norte<\/a>","<a href=\"https:\/\/maismagazine.pt\/index.php\/category\/turismo-restaurantes\/\" class=\"advgb-post-tax-term\">Caminhos de f\u00e1tima<\/a>","<a href=\"https:\/\/maismagazine.pt\/index.php\/category\/turismo-restaurantes\/\" class=\"advgb-post-tax-term\">Mealhada<\/a>"],"unlinked":["<span class=\"advgb-post-tax-term\">caminho centen\u00e1rio<\/span>","<span class=\"advgb-post-tax-term\">caminho do norte<\/span>","<span class=\"advgb-post-tax-term\">Caminhos de f\u00e1tima<\/span>","<span class=\"advgb-post-tax-term\">Mealhada<\/span>"]}},"comment_count":"0","relative_dates":{"created":"Posted 4 anos ago","modified":"Updated 4 anos ago"},"absolute_dates":{"created":"Posted on 13 de Maio, 2022","modified":"Updated on 6 de Maio, 2022"},"absolute_dates_time":{"created":"Posted on 13 de Maio, 2022 7:00","modified":"Updated on 6 de Maio, 2022 9:48"},"featured_img_caption":"","series_order":"","_links":{"self":[{"href":"https:\/\/maismagazine.pt\/index.php\/wp-json\/wp\/v2\/posts\/3291","targetHints":{"allow":["GET"]}}],"collection":[{"href":"https:\/\/maismagazine.pt\/index.php\/wp-json\/wp\/v2\/posts"}],"about":[{"href":"https:\/\/maismagazine.pt\/index.php\/wp-json\/wp\/v2\/types\/post"}],"author":[{"embeddable":true,"href":"https:\/\/maismagazine.pt\/index.php\/wp-json\/wp\/v2\/users\/7"}],"replies":[{"embeddable":true,"href":"https:\/\/maismagazine.pt\/index.php\/wp-json\/wp\/v2\/comments?post=3291"}],"version-history":[{"count":1,"href":"https:\/\/maismagazine.pt\/index.php\/wp-json\/wp\/v2\/posts\/3291\/revisions"}],"predecessor-version":[{"id":3300,"href":"https:\/\/maismagazine.pt\/index.php\/wp-json\/wp\/v2\/posts\/3291\/revisions\/3300"}],"wp:featuredmedia":[{"embeddable":true,"href":"https:\/\/maismagazine.pt\/index.php\/wp-json\/wp\/v2\/media\/3298"}],"wp:attachment":[{"href":"https:\/\/maismagazine.pt\/index.php\/wp-json\/wp\/v2\/media?parent=3291"}],"wp:term":[{"taxonomy":"category","embeddable":true,"href":"https:\/\/maismagazine.pt\/index.php\/wp-json\/wp\/v2\/categories?post=3291"},{"taxonomy":"post_tag","embeddable":true,"href":"https:\/\/maismagazine.pt\/index.php\/wp-json\/wp\/v2\/tags?post=3291"}],"curies":[{"name":"wp","href":"https:\/\/api.w.org\/{rel}","templated":true}]}}