{"id":3274,"date":"2022-05-13T07:00:00","date_gmt":"2022-05-13T06:00:00","guid":{"rendered":"https:\/\/maismagazine.pt\/?p=3274"},"modified":"2022-05-05T20:27:33","modified_gmt":"2022-05-05T19:27:33","slug":"pinhel-tanto-para-descobrir-tanto-para-viver","status":"publish","type":"post","link":"https:\/\/maismagazine.pt\/index.php\/2022\/05\/13\/pinhel-tanto-para-descobrir-tanto-para-viver\/","title":{"rendered":"\u201cPinhel, tanto para descobrir, tanto para viver\u201d"},"content":{"rendered":"\n<p><\/p>\n\n\n\n<p><strong>O caminho que nos leva at\u00e9 <a href=\"http:\/\/www.cm-pinhel.pt\">Pinhel<\/a> \u00e9, sem d\u00favida, o tro\u00e7o mais desafiante da EN 221, ou n\u00e3o tivesse sido apelidado de \u201cExcomungada\u201d. No entanto \u00e9 tamb\u00e9m o que melhor nos permite contemplar e apreciar as bel\u00edssimas paisagens que emolduram a Cidade Falc\u00e3o, rodeada por colinas, montes e pela imponente Serra da Marofa. Antes de voltar \u00e0 estrada e percorrer os \u00faltimos quil\u00f3metros desta aventura, delicie-se com o que Pinhel tem para lhe oferecer.<\/strong><\/p>\n\n\n\n<p><\/p>\n\n\n\n<p><\/p>\n\n\n\n<p>Em Pinhel existe tempo para respirar, mas tamb\u00e9m muitas hist\u00f3rias para descobrir, saberes, artes e dons. Desde o patrim\u00f3nio edificado ao patrim\u00f3nio natural, passando pela descoberta das viv\u00eancias locais, traduzidas em experi\u00eancias enogastron\u00f3micas de excel\u00eancia &#8211; n\u00e3o \u00e9 por acaso que Pinhel ostenta o t\u00edtulo de \u201cCidade do Vinho 2020-2022\u201d. Motivos n\u00e3o faltam para fazer da Cidade Falc\u00e3o uma das suas paragens na aventura pela Estrada Nacional 221.<\/p>\n\n\n\n<p><\/p>\n\n\n\n<p>Para visitar a cidade e o seu centro hist\u00f3rico, nada melhor do que andar a p\u00e9, de modo a poder apreciar todos os pormenores. Fazer o \u201cCaminho de Ronda\u201d, que acompanha os 800 metros da muralha, \u00e9 praticamente obrigat\u00f3rio, passando assim pelo ponto mais alto da cidade onde n\u00e3o deve deixar de visitar o Castelo, composto por duas torres. \u201cPara melhor compreender este monumento, foi recentemente criado o Centro Interpretativo do Castelo e Territ\u00f3rios de Pinhel, instalado nas torres do pr\u00f3prio Castelo\u201d, confidencia o autarca do munic\u00edpio, Rui Ventura.<br>Se pretende descobrir todos os encantos do concelho, o carro \u00e9 a melhor op\u00e7\u00e3o, embora haja outras, para turistas mais aventureiros. Tamb\u00e9m aqui vale a pena tirar algumas horas desta viagem para contemplar as vistas, com destaque para a paisagem vinhateira, com diferentes tonalidades e atrativos consoante a esta\u00e7\u00e3o do ano. Por outro lado, \u201co Vale do C\u00f4a assume particular destaque e \u00e9 cada vez mais motivo de atra\u00e7\u00e3o para os adeptos do Turismo de Natureza\u201d. \u00c9 verdade que Pinhel integra o Parque Arqueol\u00f3gico do Vale do C\u00f4a, devido \u00e0s gravuras e pinturas rupestres que foram descobertas no s\u00edtio da Faia, em Cidadelhe, mas todo o percurso do C\u00f4a \u00e9 digno de refer\u00eancia. Ali\u00e1s, esta tem sido uma das apostas do Munic\u00edpio de Pinhel, materializada atrav\u00e9s do projeto \u201cVer e Sentir o Falc\u00e3o\u201d, que inclui a constru\u00e7\u00e3o de uma Falcoaria, junto ao Castelo, e v\u00e1rios miradouros ao do C\u00f4a, sendo que o primeiro, o Miradouro da Faia, foi inaugurado no passado dia 25 de abril, permitindo uma frui\u00e7\u00e3o \u00edmpar deste patrim\u00f3nio \u00fanico que \u00e9 o Vale do C\u00f4a. \u201cA preserva\u00e7\u00e3o dos nossos patrim\u00f3nios, a sua valoriza\u00e7\u00e3o e promo\u00e7\u00e3o tem sido o pilar da estrat\u00e9gia tur\u00edstica do Munic\u00edpio, consciente de que os visitantes procuram locais atrativos, mas tamb\u00e9m aut\u00eanticos\u201d, explica o autarca.<br>Por outro lado, o munic\u00edpio tem tamb\u00e9m procurado organizar eventos de maior dimens\u00e3o, ao longo do ano, capazes de atrair novos p\u00fablicos que, a pretexto da participa\u00e7\u00e3o nestes eventos,  aproveitam para conhecer a cidade e o concelho. A Feira das Tradi\u00e7\u00f5es, no fim de semana de Carnaval, a Feira Medieval, que decorre no primeiro fim de semana de junho, e o certame Beira Interior \u2013 Vinhos &amp; Sabores, no terceiro<br>fim de semana de novembro, s\u00e3o atualmente alguns dos \u201ceventos-marca\u201d de Pinhel.<\/p>\n\n\n\n<div class=\"wp-block-image\"><figure class=\"aligncenter size-large\"><img loading=\"lazy\" decoding=\"async\" width=\"1024\" height=\"684\" src=\"https:\/\/maismagazine.pt\/wp-content\/uploads\/2022\/05\/10-Vinhos-de-Pinhel-1024x684.jpg\" alt=\"\" class=\"wp-image-3276\" srcset=\"https:\/\/maismagazine.pt\/wp-content\/uploads\/2022\/05\/10-Vinhos-de-Pinhel-1024x684.jpg 1024w, https:\/\/maismagazine.pt\/wp-content\/uploads\/2022\/05\/10-Vinhos-de-Pinhel-300x200.jpg 300w, https:\/\/maismagazine.pt\/wp-content\/uploads\/2022\/05\/10-Vinhos-de-Pinhel-768x513.jpg 768w, https:\/\/maismagazine.pt\/wp-content\/uploads\/2022\/05\/10-Vinhos-de-Pinhel-1536x1026.jpg 1536w, https:\/\/maismagazine.pt\/wp-content\/uploads\/2022\/05\/10-Vinhos-de-Pinhel-150x100.jpg 150w, https:\/\/maismagazine.pt\/wp-content\/uploads\/2022\/05\/10-Vinhos-de-Pinhel.jpg 1800w\" sizes=\"auto, (max-width: 1024px) 100vw, 1024px\" \/><\/figure><\/div>\n\n\n\n<p><\/p>\n\n\n\n<p><\/p>\n\n\n\n<p><strong>Estrada Nacional 221 \u2013 Uma nova forma de descobrir e viver Pinhel<\/strong><\/p>\n\n\n\n<p><\/p>\n\n\n\n<p>A cria\u00e7\u00e3o da Rota Tur\u00edstica da EN221, \u00e0 semelhan\u00e7a de outras do g\u00e9nero, \u00e9 hoje motivo de atra\u00e7\u00e3o de novos turistas e p\u00fablicos ao concelho. Se \u00e9 dos que gosta de aventura, o tro\u00e7o que liga os concelhos de Figueira de Castelo Rodrigo a Pinhel \u00e9 exatamente o que procura. A \u201cExcomungada\u201d \u2013 como \u00e9 apelidada \u2013 \u00e9 por si s\u00f3 uma aventura, com 25 quil\u00f3metros e 125 curvas, que s\u00f3 est\u00e1 ao alcance dos mais destemidos. Seja qual for o motivo, ou percurso, que o leva at\u00e9 Pinhel, quem aqui chegar ter\u00e1 uma cidade  de bra\u00e7os abertos \u00e0 sua espera. \u201cPinhel \u00e9 um concelho hospitaleiro e o melhor deste territ\u00f3rio s\u00e3o as suas gentes. Af\u00e1veis por natureza, simples e humildes, mas muito orgulhosas de pertencerem a esta terra e sempre empenhadas em receber da melhor forma quem nos visita\u201d, esclarece o autarca.<br>\u00c9 caso para dizer que, motivos n\u00e3o faltam para aproveitar tudo o que este lugar tem para oferecer e deixar-se contagiar por Pinhel e pela generosidade dos pinhelenses. \u201cAqui, sentir-se-\u00e3o certamente em casa\u201d.<\/p>\n","protected":false},"excerpt":{"rendered":"<p>O caminho que nos leva at\u00e9 Pinhel \u00e9, sem d\u00favida, o tro\u00e7o mais desafiante da EN 221, ou n\u00e3o tivesse sido apelidado de \u201cExcomungada\u201d. No entanto \u00e9 tamb\u00e9m o que melhor nos permite contemplar e apreciar as bel\u00edssimas paisagens que emolduram a Cidade Falc\u00e3o, rodeada por colinas, montes e pela&hellip;<\/p>\n","protected":false},"author":7,"featured_media":3275,"comment_status":"open","ping_status":"open","sticky":false,"template":"","format":"standard","meta":{"advgb_blocks_editor_width":"","advgb_blocks_columns_visual_guide":"","_monsterinsights_skip_tracking":false,"_monsterinsights_sitenote_active":false,"_monsterinsights_sitenote_note":"","_monsterinsights_sitenote_category":0,"footnotes":""},"categories":[9,8],"tags":[673,670,668],"class_list":["post-3274","post","type-post","status-publish","format-standard","has-post-thumbnail","hentry","category-cultura","category-politica","tag-caminho-de-ronda-2","tag-en-221","tag-pinhel"],"yoast_head":"<!-- This site is optimized with the Yoast SEO plugin v24.4 - https:\/\/yoast.com\/wordpress\/plugins\/seo\/ -->\n<title>\u201cPinhel, tanto para descobrir, tanto para viver\u201d - Mais Magazine<\/title>\n<meta name=\"description\" content=\"O caminho que nos leva at\u00e9 Pinhel \u00e9, sem d\u00favida, o tro\u00e7o mais desafiante da EN 221.\" \/>\n<meta name=\"robots\" content=\"index, follow, max-snippet:-1, max-image-preview:large, max-video-preview:-1\" \/>\n<link rel=\"canonical\" href=\"https:\/\/maismagazine.pt\/index.php\/2022\/05\/13\/pinhel-tanto-para-descobrir-tanto-para-viver\/\" \/>\n<meta property=\"og:locale\" content=\"pt_PT\" \/>\n<meta property=\"og:type\" content=\"article\" \/>\n<meta property=\"og:title\" content=\"\u201cPinhel, tanto para descobrir, tanto para viver\u201d - Mais Magazine\" \/>\n<meta property=\"og:description\" content=\"O caminho que nos leva at\u00e9 Pinhel \u00e9, sem d\u00favida, o tro\u00e7o mais desafiante da EN 221.\" \/>\n<meta property=\"og:url\" content=\"https:\/\/maismagazine.pt\/index.php\/2022\/05\/13\/pinhel-tanto-para-descobrir-tanto-para-viver\/\" \/>\n<meta property=\"og:site_name\" content=\"Mais Magazine\" \/>\n<meta property=\"article:published_time\" content=\"2022-05-13T06:00:00+00:00\" \/>\n<meta property=\"og:image\" content=\"https:\/\/maismagazine.pt\/wp-content\/uploads\/2022\/05\/14-Presidente-da-Camara-Municipal-de-Pinhel-scaled.jpg\" \/>\n\t<meta property=\"og:image:width\" content=\"2560\" \/>\n\t<meta property=\"og:image:height\" content=\"1707\" \/>\n\t<meta property=\"og:image:type\" content=\"image\/jpeg\" \/>\n<meta name=\"author\" content=\"Jo\u00e3o Malainho\" \/>\n<meta name=\"twitter:card\" content=\"summary_large_image\" \/>\n<meta name=\"twitter:label1\" content=\"Escrito por\" \/>\n\t<meta name=\"twitter:data1\" content=\"\" \/>\n\t<meta name=\"twitter:label2\" content=\"Tempo estimado de leitura\" \/>\n\t<meta name=\"twitter:data2\" content=\"4 minutos\" \/>\n<script type=\"application\/ld+json\" class=\"yoast-schema-graph\">{\"@context\":\"https:\/\/schema.org\",\"@graph\":[{\"@type\":\"Article\",\"@id\":\"https:\/\/maismagazine.pt\/index.php\/2022\/05\/13\/pinhel-tanto-para-descobrir-tanto-para-viver\/#article\",\"isPartOf\":{\"@id\":\"https:\/\/maismagazine.pt\/index.php\/2022\/05\/13\/pinhel-tanto-para-descobrir-tanto-para-viver\/\"},\"author\":{\"name\":\"Jo\u00e3o Malainho\",\"@id\":\"https:\/\/maismagazine.pt\/#\/schema\/person\/999bd426f894ff56d397ec12ebd21ebb\"},\"headline\":\"\u201cPinhel, tanto para descobrir, tanto para viver\u201d\",\"datePublished\":\"2022-05-13T06:00:00+00:00\",\"mainEntityOfPage\":{\"@id\":\"https:\/\/maismagazine.pt\/index.php\/2022\/05\/13\/pinhel-tanto-para-descobrir-tanto-para-viver\/\"},\"wordCount\":764,\"commentCount\":0,\"publisher\":{\"@id\":\"https:\/\/maismagazine.pt\/#organization\"},\"image\":{\"@id\":\"https:\/\/maismagazine.pt\/index.php\/2022\/05\/13\/pinhel-tanto-para-descobrir-tanto-para-viver\/#primaryimage\"},\"thumbnailUrl\":\"https:\/\/maismagazine.pt\/wp-content\/uploads\/2022\/05\/14-Presidente-da-Camara-Municipal-de-Pinhel-scaled.jpg\",\"keywords\":[\"Caminho de Ronda\",\"EN 221\",\"Pinhel\"],\"articleSection\":[\"Cultura\",\"Pol\u00edtica\"],\"inLanguage\":\"pt-PT\",\"potentialAction\":[{\"@type\":\"CommentAction\",\"name\":\"Comment\",\"target\":[\"https:\/\/maismagazine.pt\/index.php\/2022\/05\/13\/pinhel-tanto-para-descobrir-tanto-para-viver\/#respond\"]}]},{\"@type\":\"WebPage\",\"@id\":\"https:\/\/maismagazine.pt\/index.php\/2022\/05\/13\/pinhel-tanto-para-descobrir-tanto-para-viver\/\",\"url\":\"https:\/\/maismagazine.pt\/index.php\/2022\/05\/13\/pinhel-tanto-para-descobrir-tanto-para-viver\/\",\"name\":\"\u201cPinhel, tanto para descobrir, tanto para viver\u201d - Mais Magazine\",\"isPartOf\":{\"@id\":\"https:\/\/maismagazine.pt\/#website\"},\"primaryImageOfPage\":{\"@id\":\"https:\/\/maismagazine.pt\/index.php\/2022\/05\/13\/pinhel-tanto-para-descobrir-tanto-para-viver\/#primaryimage\"},\"image\":{\"@id\":\"https:\/\/maismagazine.pt\/index.php\/2022\/05\/13\/pinhel-tanto-para-descobrir-tanto-para-viver\/#primaryimage\"},\"thumbnailUrl\":\"https:\/\/maismagazine.pt\/wp-content\/uploads\/2022\/05\/14-Presidente-da-Camara-Municipal-de-Pinhel-scaled.jpg\",\"datePublished\":\"2022-05-13T06:00:00+00:00\",\"description\":\"O caminho que nos leva at\u00e9 Pinhel \u00e9, sem d\u00favida, o tro\u00e7o mais desafiante da EN 221.\",\"breadcrumb\":{\"@id\":\"https:\/\/maismagazine.pt\/index.php\/2022\/05\/13\/pinhel-tanto-para-descobrir-tanto-para-viver\/#breadcrumb\"},\"inLanguage\":\"pt-PT\",\"potentialAction\":[{\"@type\":\"ReadAction\",\"target\":[\"https:\/\/maismagazine.pt\/index.php\/2022\/05\/13\/pinhel-tanto-para-descobrir-tanto-para-viver\/\"]}]},{\"@type\":\"ImageObject\",\"inLanguage\":\"pt-PT\",\"@id\":\"https:\/\/maismagazine.pt\/index.php\/2022\/05\/13\/pinhel-tanto-para-descobrir-tanto-para-viver\/#primaryimage\",\"url\":\"https:\/\/maismagazine.pt\/wp-content\/uploads\/2022\/05\/14-Presidente-da-Camara-Municipal-de-Pinhel-scaled.jpg\",\"contentUrl\":\"https:\/\/maismagazine.pt\/wp-content\/uploads\/2022\/05\/14-Presidente-da-Camara-Municipal-de-Pinhel-scaled.jpg\",\"width\":2560,\"height\":1707},{\"@type\":\"BreadcrumbList\",\"@id\":\"https:\/\/maismagazine.pt\/index.php\/2022\/05\/13\/pinhel-tanto-para-descobrir-tanto-para-viver\/#breadcrumb\",\"itemListElement\":[{\"@type\":\"ListItem\",\"position\":1,\"name\":\"Home\",\"item\":\"https:\/\/maismagazine.pt\/\"},{\"@type\":\"ListItem\",\"position\":2,\"name\":\"\u201cPinhel, tanto para descobrir, tanto para viver\u201d\"}]},{\"@type\":\"WebSite\",\"@id\":\"https:\/\/maismagazine.pt\/#website\",\"url\":\"https:\/\/maismagazine.pt\/\",\"name\":\"Mais Magazine\",\"description\":\"\",\"publisher\":{\"@id\":\"https:\/\/maismagazine.pt\/#organization\"},\"potentialAction\":[{\"@type\":\"SearchAction\",\"target\":{\"@type\":\"EntryPoint\",\"urlTemplate\":\"https:\/\/maismagazine.pt\/?s={search_term_string}\"},\"query-input\":{\"@type\":\"PropertyValueSpecification\",\"valueRequired\":true,\"valueName\":\"search_term_string\"}}],\"inLanguage\":\"pt-PT\"},{\"@type\":\"Organization\",\"@id\":\"https:\/\/maismagazine.pt\/#organization\",\"name\":\"Mais Magazine\",\"url\":\"https:\/\/maismagazine.pt\/\",\"logo\":{\"@type\":\"ImageObject\",\"inLanguage\":\"pt-PT\",\"@id\":\"https:\/\/maismagazine.pt\/#\/schema\/logo\/image\/\",\"url\":\"https:\/\/maismagazine.pt\/wp-content\/uploads\/2020\/04\/cropped-cropped-mais-magazine-site-logo-2.png\",\"contentUrl\":\"https:\/\/maismagazine.pt\/wp-content\/uploads\/2020\/04\/cropped-cropped-mais-magazine-site-logo-2.png\",\"width\":581,\"height\":90,\"caption\":\"Mais Magazine\"},\"image\":{\"@id\":\"https:\/\/maismagazine.pt\/#\/schema\/logo\/image\/\"}},{\"@type\":\"Person\",\"@id\":\"https:\/\/maismagazine.pt\/#\/schema\/person\/999bd426f894ff56d397ec12ebd21ebb\",\"name\":\"Jo\u00e3o Malainho\",\"image\":{\"@type\":\"ImageObject\",\"inLanguage\":\"pt-PT\",\"@id\":\"https:\/\/maismagazine.pt\/#\/schema\/person\/image\/\",\"url\":\"https:\/\/secure.gravatar.com\/avatar\/ff03c2f38edf60b2a827aa4f74878491?s=96&d=mm&r=g\",\"contentUrl\":\"https:\/\/secure.gravatar.com\/avatar\/ff03c2f38edf60b2a827aa4f74878491?s=96&d=mm&r=g\",\"caption\":\"Jo\u00e3o Malainho\"},\"url\":\"https:\/\/maismagazine.pt\/index.php\/author\/maismagazine\/\"}]}<\/script>\n<!-- \/ Yoast SEO plugin. -->","yoast_head_json":{"title":"\u201cPinhel, tanto para descobrir, tanto para viver\u201d - Mais Magazine","description":"O caminho que nos leva at\u00e9 Pinhel \u00e9, sem d\u00favida, o tro\u00e7o mais desafiante da EN 221.","robots":{"index":"index","follow":"follow","max-snippet":"max-snippet:-1","max-image-preview":"max-image-preview:large","max-video-preview":"max-video-preview:-1"},"canonical":"https:\/\/maismagazine.pt\/index.php\/2022\/05\/13\/pinhel-tanto-para-descobrir-tanto-para-viver\/","og_locale":"pt_PT","og_type":"article","og_title":"\u201cPinhel, tanto para descobrir, tanto para viver\u201d - Mais Magazine","og_description":"O caminho que nos leva at\u00e9 Pinhel \u00e9, sem d\u00favida, o tro\u00e7o mais desafiante da EN 221.","og_url":"https:\/\/maismagazine.pt\/index.php\/2022\/05\/13\/pinhel-tanto-para-descobrir-tanto-para-viver\/","og_site_name":"Mais Magazine","article_published_time":"2022-05-13T06:00:00+00:00","og_image":[{"width":2560,"height":1707,"url":"https:\/\/maismagazine.pt\/wp-content\/uploads\/2022\/05\/14-Presidente-da-Camara-Municipal-de-Pinhel-scaled.jpg","type":"image\/jpeg"}],"author":"Jo\u00e3o Malainho","twitter_card":"summary_large_image","twitter_misc":{"Escrito por":false,"Tempo estimado de leitura":"4 minutos"},"schema":{"@context":"https:\/\/schema.org","@graph":[{"@type":"Article","@id":"https:\/\/maismagazine.pt\/index.php\/2022\/05\/13\/pinhel-tanto-para-descobrir-tanto-para-viver\/#article","isPartOf":{"@id":"https:\/\/maismagazine.pt\/index.php\/2022\/05\/13\/pinhel-tanto-para-descobrir-tanto-para-viver\/"},"author":{"name":"Jo\u00e3o Malainho","@id":"https:\/\/maismagazine.pt\/#\/schema\/person\/999bd426f894ff56d397ec12ebd21ebb"},"headline":"\u201cPinhel, tanto para descobrir, tanto para viver\u201d","datePublished":"2022-05-13T06:00:00+00:00","mainEntityOfPage":{"@id":"https:\/\/maismagazine.pt\/index.php\/2022\/05\/13\/pinhel-tanto-para-descobrir-tanto-para-viver\/"},"wordCount":764,"commentCount":0,"publisher":{"@id":"https:\/\/maismagazine.pt\/#organization"},"image":{"@id":"https:\/\/maismagazine.pt\/index.php\/2022\/05\/13\/pinhel-tanto-para-descobrir-tanto-para-viver\/#primaryimage"},"thumbnailUrl":"https:\/\/maismagazine.pt\/wp-content\/uploads\/2022\/05\/14-Presidente-da-Camara-Municipal-de-Pinhel-scaled.jpg","keywords":["Caminho de Ronda","EN 221","Pinhel"],"articleSection":["Cultura","Pol\u00edtica"],"inLanguage":"pt-PT","potentialAction":[{"@type":"CommentAction","name":"Comment","target":["https:\/\/maismagazine.pt\/index.php\/2022\/05\/13\/pinhel-tanto-para-descobrir-tanto-para-viver\/#respond"]}]},{"@type":"WebPage","@id":"https:\/\/maismagazine.pt\/index.php\/2022\/05\/13\/pinhel-tanto-para-descobrir-tanto-para-viver\/","url":"https:\/\/maismagazine.pt\/index.php\/2022\/05\/13\/pinhel-tanto-para-descobrir-tanto-para-viver\/","name":"\u201cPinhel, tanto para descobrir, tanto para viver\u201d - Mais Magazine","isPartOf":{"@id":"https:\/\/maismagazine.pt\/#website"},"primaryImageOfPage":{"@id":"https:\/\/maismagazine.pt\/index.php\/2022\/05\/13\/pinhel-tanto-para-descobrir-tanto-para-viver\/#primaryimage"},"image":{"@id":"https:\/\/maismagazine.pt\/index.php\/2022\/05\/13\/pinhel-tanto-para-descobrir-tanto-para-viver\/#primaryimage"},"thumbnailUrl":"https:\/\/maismagazine.pt\/wp-content\/uploads\/2022\/05\/14-Presidente-da-Camara-Municipal-de-Pinhel-scaled.jpg","datePublished":"2022-05-13T06:00:00+00:00","description":"O caminho que nos leva at\u00e9 Pinhel \u00e9, sem d\u00favida, o tro\u00e7o mais desafiante da EN 221.","breadcrumb":{"@id":"https:\/\/maismagazine.pt\/index.php\/2022\/05\/13\/pinhel-tanto-para-descobrir-tanto-para-viver\/#breadcrumb"},"inLanguage":"pt-PT","potentialAction":[{"@type":"ReadAction","target":["https:\/\/maismagazine.pt\/index.php\/2022\/05\/13\/pinhel-tanto-para-descobrir-tanto-para-viver\/"]}]},{"@type":"ImageObject","inLanguage":"pt-PT","@id":"https:\/\/maismagazine.pt\/index.php\/2022\/05\/13\/pinhel-tanto-para-descobrir-tanto-para-viver\/#primaryimage","url":"https:\/\/maismagazine.pt\/wp-content\/uploads\/2022\/05\/14-Presidente-da-Camara-Municipal-de-Pinhel-scaled.jpg","contentUrl":"https:\/\/maismagazine.pt\/wp-content\/uploads\/2022\/05\/14-Presidente-da-Camara-Municipal-de-Pinhel-scaled.jpg","width":2560,"height":1707},{"@type":"BreadcrumbList","@id":"https:\/\/maismagazine.pt\/index.php\/2022\/05\/13\/pinhel-tanto-para-descobrir-tanto-para-viver\/#breadcrumb","itemListElement":[{"@type":"ListItem","position":1,"name":"Home","item":"https:\/\/maismagazine.pt\/"},{"@type":"ListItem","position":2,"name":"\u201cPinhel, tanto para descobrir, tanto para viver\u201d"}]},{"@type":"WebSite","@id":"https:\/\/maismagazine.pt\/#website","url":"https:\/\/maismagazine.pt\/","name":"Mais Magazine","description":"","publisher":{"@id":"https:\/\/maismagazine.pt\/#organization"},"potentialAction":[{"@type":"SearchAction","target":{"@type":"EntryPoint","urlTemplate":"https:\/\/maismagazine.pt\/?s={search_term_string}"},"query-input":{"@type":"PropertyValueSpecification","valueRequired":true,"valueName":"search_term_string"}}],"inLanguage":"pt-PT"},{"@type":"Organization","@id":"https:\/\/maismagazine.pt\/#organization","name":"Mais Magazine","url":"https:\/\/maismagazine.pt\/","logo":{"@type":"ImageObject","inLanguage":"pt-PT","@id":"https:\/\/maismagazine.pt\/#\/schema\/logo\/image\/","url":"https:\/\/maismagazine.pt\/wp-content\/uploads\/2020\/04\/cropped-cropped-mais-magazine-site-logo-2.png","contentUrl":"https:\/\/maismagazine.pt\/wp-content\/uploads\/2020\/04\/cropped-cropped-mais-magazine-site-logo-2.png","width":581,"height":90,"caption":"Mais Magazine"},"image":{"@id":"https:\/\/maismagazine.pt\/#\/schema\/logo\/image\/"}},{"@type":"Person","@id":"https:\/\/maismagazine.pt\/#\/schema\/person\/999bd426f894ff56d397ec12ebd21ebb","name":"Jo\u00e3o Malainho","image":{"@type":"ImageObject","inLanguage":"pt-PT","@id":"https:\/\/maismagazine.pt\/#\/schema\/person\/image\/","url":"https:\/\/secure.gravatar.com\/avatar\/ff03c2f38edf60b2a827aa4f74878491?s=96&d=mm&r=g","contentUrl":"https:\/\/secure.gravatar.com\/avatar\/ff03c2f38edf60b2a827aa4f74878491?s=96&d=mm&r=g","caption":"Jo\u00e3o Malainho"},"url":"https:\/\/maismagazine.pt\/index.php\/author\/maismagazine\/"}]}},"author_meta":{"display_name":false,"author_link":"https:\/\/maismagazine.pt\/index.php\/author\/maismagazine\/"},"featured_img":"https:\/\/maismagazine.pt\/wp-content\/uploads\/2022\/05\/14-Presidente-da-Camara-Municipal-de-Pinhel-300x200.jpg","coauthors":[],"tax_additional":{"categories":{"linked":["<a href=\"https:\/\/maismagazine.pt\/index.php\/category\/cultura\/\" class=\"advgb-post-tax-term\">Cultura<\/a>","<a href=\"https:\/\/maismagazine.pt\/index.php\/category\/politica\/\" class=\"advgb-post-tax-term\">Pol\u00edtica<\/a>"],"unlinked":["<span class=\"advgb-post-tax-term\">Cultura<\/span>","<span class=\"advgb-post-tax-term\">Pol\u00edtica<\/span>"]},"tags":{"linked":["<a href=\"https:\/\/maismagazine.pt\/index.php\/category\/politica\/\" class=\"advgb-post-tax-term\">Caminho de Ronda<\/a>","<a href=\"https:\/\/maismagazine.pt\/index.php\/category\/politica\/\" class=\"advgb-post-tax-term\">EN 221<\/a>","<a href=\"https:\/\/maismagazine.pt\/index.php\/category\/politica\/\" class=\"advgb-post-tax-term\">Pinhel<\/a>"],"unlinked":["<span class=\"advgb-post-tax-term\">Caminho de Ronda<\/span>","<span class=\"advgb-post-tax-term\">EN 221<\/span>","<span class=\"advgb-post-tax-term\">Pinhel<\/span>"]}},"comment_count":"0","relative_dates":{"created":"Posted 4 anos ago","modified":"Updated 4 anos ago"},"absolute_dates":{"created":"Posted on 13 de Maio, 2022","modified":"Updated on 5 de Maio, 2022"},"absolute_dates_time":{"created":"Posted on 13 de Maio, 2022 7:00","modified":"Updated on 5 de Maio, 2022 20:27"},"featured_img_caption":"","series_order":"","_links":{"self":[{"href":"https:\/\/maismagazine.pt\/index.php\/wp-json\/wp\/v2\/posts\/3274","targetHints":{"allow":["GET"]}}],"collection":[{"href":"https:\/\/maismagazine.pt\/index.php\/wp-json\/wp\/v2\/posts"}],"about":[{"href":"https:\/\/maismagazine.pt\/index.php\/wp-json\/wp\/v2\/types\/post"}],"author":[{"embeddable":true,"href":"https:\/\/maismagazine.pt\/index.php\/wp-json\/wp\/v2\/users\/7"}],"replies":[{"embeddable":true,"href":"https:\/\/maismagazine.pt\/index.php\/wp-json\/wp\/v2\/comments?post=3274"}],"version-history":[{"count":1,"href":"https:\/\/maismagazine.pt\/index.php\/wp-json\/wp\/v2\/posts\/3274\/revisions"}],"predecessor-version":[{"id":3277,"href":"https:\/\/maismagazine.pt\/index.php\/wp-json\/wp\/v2\/posts\/3274\/revisions\/3277"}],"wp:featuredmedia":[{"embeddable":true,"href":"https:\/\/maismagazine.pt\/index.php\/wp-json\/wp\/v2\/media\/3275"}],"wp:attachment":[{"href":"https:\/\/maismagazine.pt\/index.php\/wp-json\/wp\/v2\/media?parent=3274"}],"wp:term":[{"taxonomy":"category","embeddable":true,"href":"https:\/\/maismagazine.pt\/index.php\/wp-json\/wp\/v2\/categories?post=3274"},{"taxonomy":"post_tag","embeddable":true,"href":"https:\/\/maismagazine.pt\/index.php\/wp-json\/wp\/v2\/tags?post=3274"}],"curies":[{"name":"wp","href":"https:\/\/api.w.org\/{rel}","templated":true}]}}