{"id":3212,"date":"2022-05-13T07:00:00","date_gmt":"2022-05-13T06:00:00","guid":{"rendered":"http:\/\/maismagazine.pt\/?p=3212"},"modified":"2022-05-05T16:13:52","modified_gmt":"2022-05-05T15:13:52","slug":"epdrg-na-cidade-da-cancao-da-revolucao-a-educacao-e-quem-mais-ordena","status":"publish","type":"post","link":"https:\/\/maismagazine.pt\/index.php\/2022\/05\/13\/epdrg-na-cidade-da-cancao-da-revolucao-a-educacao-e-quem-mais-ordena\/","title":{"rendered":"EPDRG &#8211; Na cidade da can\u00e7\u00e3o da revolu\u00e7\u00e3o, a educa\u00e7\u00e3o \u201c\u00e9 quem mais ordena\u201d"},"content":{"rendered":"\n<p><strong>Situada na Vila Morena eternizada por Zeca Afonso, a EPDRG \u00e9 uma escola profissional com cursos do ensino b\u00e1sico e secund\u00e1rio, pautando-se por uma aprendizagem eminentemente pr\u00e1tica.<\/strong><\/p>\n\n\n\n<p><\/p>\n\n\n\n<p>\u201cNa terra da fraternidade, \u00e0 sombra de uma azinheira\u201d insere-se a Escola Profissional de Desenvolvimento Rural de Gr\u00e2ndola. Este <a href=\"https:\/\/epdrgrandola.pt\/wp\/\" target=\"_blank\" rel=\"noreferrer noopener\">estabelecimento<\/a> de ensino encaixa-se nas \u201ccaracter\u00edsticas ambientais, econ\u00f3micas e socio-culturais do concelho de Gr\u00e2ndola\u201d, disponibilizando cursos que visam \u201cresponder \u00e0s necessidades\u201d da regi\u00e3o e da forma\u00e7\u00e3o em \u00e1reas concretas. Desse modo, contribuem \u201cpara o desenvolvimento sustent\u00e1vel e equilibrado do concelho e da regi\u00e3o\u201d, relata-nos Maria Jo\u00e3o Alves, Presidente da CAP (Comiss\u00e3o Administrativa Provis\u00f3ria).<\/p>\n\n\n\n<p><\/p>\n\n\n\n<p>Esta institui\u00e7\u00e3o \u201c\u00e9 reconhecida pelo seu ensino eminentemente pr\u00e1tico\u201d, possibilitando aos alunos o contacto direto com a realidade \u201cdos contextos de trabalho\u201d, o que facilita a prepara\u00e7\u00e3o para a entrada no mercado de trabalho. Seguindo o pensamento de \u201ccolocar as m\u00e3os na massa\u201d, oferece cursos para o 9\u00ba ano de escolaridade, como os de \u201coperadores agr\u00edcola e operadores de m\u00e1quinas agr\u00edcolas\u201d e j\u00e1 no pr\u00f3ximo ano letivo, no 10\u00ba ano, vai \u201cabrir\u201d com os cursos t\u00e9cnico-profissionais de \u201cprodu\u00e7\u00e3o agropecu\u00e1ria; turismo; turismo ambiental e rural e restaurante-bar\u201d. <\/p>\n\n\n\n<p><\/p>\n\n\n\n<p><\/p>\n\n\n\n<p>Maria Jo\u00e3o Alves destaca que, mais do que dar uma profiss\u00e3o qualificada, a EPDRG quer formar \u201cindiv\u00edduos conscientes, solid\u00e1rios (&#8230;) ativos e empreendedores\u201d. Por isso, regularmente desenvolvem \u201ca\u00e7\u00f5es de cidadania, com temas que facilitem essa forma\u00e7\u00e3o, como a igualdade de g\u00e9nero; a educa\u00e7\u00e3o para a conserva\u00e7\u00e3o do patrim\u00f3nio; a prote\u00e7\u00e3o e conserva\u00e7\u00e3o da natureza; a solidariedade e a literacia cient\u00edfica e liter\u00e1ria.\u201d<\/p>\n\n\n\n<p><\/p>\n\n\n\n<p>Questionada sobre como avalia o <a href=\"https:\/\/maismagazine.pt\/index.php\/category\/educacao\/\" target=\"_blank\" rel=\"noreferrer noopener\">ensino<\/a> profissional em Portugal, a Presidente admite que \u201ctem vindo a ser valorizado do\u201d, mas coloca um trav\u00e3o no otimismo, quando refere que \u201ca n\u00edvel da perce\u00e7\u00e3o social\u201d, esta op\u00e7\u00e3o de ensino ainda \u00e9 considerada \u201cpor muitos\u201d, como de \u201csegunda escolha\u201d. Para ela, isso n\u00e3o faz qualquer sentido com a realidade, uma vez que uma consider\u00e1vel fatia de quem os frequenta \u201ctornam-se excelentes profissionais\u201d, desempenhando \u201ccargos de responsabilidade em empresas\u201d, ou por conta pr\u00f3pria em que \u201ctransformam e modernizam\u201d o seu monte numa \u201cherdade produtiva\u201d, e outros at\u00e9 \u201cprosseguem estudos superiores\u201d.<\/p>\n\n\n\n<p><\/p>\n\n\n\n<p>Em jeito de remate, Maria Jo\u00e3o Alves diz que n\u00e3o h\u00e1 melhor convite do que colocar os futuros alunos a ouvir os depoimentos e a conhecer o percurso profissional de quem estudou nesta institui\u00e7\u00e3o.<\/p>\n","protected":false},"excerpt":{"rendered":"<p>Situada na Vila Morena eternizada por Zeca Afonso, a EPDRG \u00e9 uma escola profissional com cursos do ensino b\u00e1sico e secund\u00e1rio, pautando-se por uma aprendizagem eminentemente pr\u00e1tica. \u201cNa terra da fraternidade, \u00e0 sombra de uma azinheira\u201d insere-se a Escola Profissional de Desenvolvimento Rural de Gr\u00e2ndola. Este estabelecimento de ensino encaixa-se&hellip;<\/p>\n","protected":false},"author":7,"featured_media":3235,"comment_status":"open","ping_status":"open","sticky":false,"template":"","format":"standard","meta":{"advgb_blocks_editor_width":"","advgb_blocks_columns_visual_guide":"","_monsterinsights_skip_tracking":false,"_monsterinsights_sitenote_active":false,"_monsterinsights_sitenote_note":"","_monsterinsights_sitenote_category":0,"footnotes":""},"categories":[149],"tags":[643,645,644,646],"class_list":["post-3212","post","type-post","status-publish","format-standard","has-post-thumbnail","hentry","category-educacao","tag-ensino-basico","tag-ensino-profissional","tag-ensino-secundario","tag-vila-morena"],"yoast_head":"<!-- This site is optimized with the Yoast SEO plugin v24.4 - https:\/\/yoast.com\/wordpress\/plugins\/seo\/ -->\n<title>EPDRG - Na cidade da can\u00e7\u00e3o da revolu\u00e7\u00e3o, a educa\u00e7\u00e3o \u201c\u00e9 quem mais ordena\u201d - Mais Magazine<\/title>\n<meta name=\"description\" content=\"A EPDRG \u00e9 uma escola profissional com cursos do ensino b\u00e1sico e secund\u00e1rio, pautando-se por uma aprendizagem eminentemente pr\u00e1tica.\" \/>\n<meta name=\"robots\" content=\"index, follow, max-snippet:-1, max-image-preview:large, max-video-preview:-1\" \/>\n<link rel=\"canonical\" href=\"https:\/\/maismagazine.pt\/index.php\/2022\/05\/13\/epdrg-na-cidade-da-cancao-da-revolucao-a-educacao-e-quem-mais-ordena\/\" \/>\n<meta property=\"og:locale\" content=\"pt_PT\" \/>\n<meta property=\"og:type\" content=\"article\" \/>\n<meta property=\"og:title\" content=\"EPDRG - Na cidade da can\u00e7\u00e3o da revolu\u00e7\u00e3o, a educa\u00e7\u00e3o \u201c\u00e9 quem mais ordena\u201d - Mais Magazine\" \/>\n<meta property=\"og:description\" content=\"A EPDRG \u00e9 uma escola profissional com cursos do ensino b\u00e1sico e secund\u00e1rio, pautando-se por uma aprendizagem eminentemente pr\u00e1tica.\" \/>\n<meta property=\"og:url\" content=\"https:\/\/maismagazine.pt\/index.php\/2022\/05\/13\/epdrg-na-cidade-da-cancao-da-revolucao-a-educacao-e-quem-mais-ordena\/\" \/>\n<meta property=\"og:site_name\" content=\"Mais Magazine\" \/>\n<meta property=\"article:published_time\" content=\"2022-05-13T06:00:00+00:00\" \/>\n<meta property=\"og:image\" content=\"https:\/\/maismagazine.pt\/wp-content\/uploads\/2022\/05\/33-Visita-Santiago-Hotel.jpg\" \/>\n\t<meta property=\"og:image:width\" content=\"960\" \/>\n\t<meta property=\"og:image:height\" content=\"720\" \/>\n\t<meta property=\"og:image:type\" content=\"image\/jpeg\" \/>\n<meta name=\"author\" content=\"Jo\u00e3o Malainho\" \/>\n<meta name=\"twitter:card\" content=\"summary_large_image\" \/>\n<meta name=\"twitter:label1\" content=\"Escrito por\" \/>\n\t<meta name=\"twitter:data1\" content=\"\" \/>\n\t<meta name=\"twitter:label2\" content=\"Tempo estimado de leitura\" \/>\n\t<meta name=\"twitter:data2\" content=\"2 minutos\" \/>\n<script type=\"application\/ld+json\" class=\"yoast-schema-graph\">{\"@context\":\"https:\/\/schema.org\",\"@graph\":[{\"@type\":\"Article\",\"@id\":\"https:\/\/maismagazine.pt\/index.php\/2022\/05\/13\/epdrg-na-cidade-da-cancao-da-revolucao-a-educacao-e-quem-mais-ordena\/#article\",\"isPartOf\":{\"@id\":\"https:\/\/maismagazine.pt\/index.php\/2022\/05\/13\/epdrg-na-cidade-da-cancao-da-revolucao-a-educacao-e-quem-mais-ordena\/\"},\"author\":{\"name\":\"Jo\u00e3o Malainho\",\"@id\":\"https:\/\/maismagazine.pt\/#\/schema\/person\/999bd426f894ff56d397ec12ebd21ebb\"},\"headline\":\"EPDRG &#8211; Na cidade da can\u00e7\u00e3o da revolu\u00e7\u00e3o, a educa\u00e7\u00e3o \u201c\u00e9 quem mais ordena\u201d\",\"datePublished\":\"2022-05-13T06:00:00+00:00\",\"mainEntityOfPage\":{\"@id\":\"https:\/\/maismagazine.pt\/index.php\/2022\/05\/13\/epdrg-na-cidade-da-cancao-da-revolucao-a-educacao-e-quem-mais-ordena\/\"},\"wordCount\":435,\"commentCount\":0,\"publisher\":{\"@id\":\"https:\/\/maismagazine.pt\/#organization\"},\"image\":{\"@id\":\"https:\/\/maismagazine.pt\/index.php\/2022\/05\/13\/epdrg-na-cidade-da-cancao-da-revolucao-a-educacao-e-quem-mais-ordena\/#primaryimage\"},\"thumbnailUrl\":\"https:\/\/maismagazine.pt\/wp-content\/uploads\/2022\/05\/33-Visita-Santiago-Hotel.jpg\",\"keywords\":[\"ensino b\u00e1sico\",\"ensino profissional\",\"ensino secund\u00e1rio\",\"Vila Morena\"],\"articleSection\":[\"Educa\u00e7\u00e3o\"],\"inLanguage\":\"pt-PT\",\"potentialAction\":[{\"@type\":\"CommentAction\",\"name\":\"Comment\",\"target\":[\"https:\/\/maismagazine.pt\/index.php\/2022\/05\/13\/epdrg-na-cidade-da-cancao-da-revolucao-a-educacao-e-quem-mais-ordena\/#respond\"]}]},{\"@type\":\"WebPage\",\"@id\":\"https:\/\/maismagazine.pt\/index.php\/2022\/05\/13\/epdrg-na-cidade-da-cancao-da-revolucao-a-educacao-e-quem-mais-ordena\/\",\"url\":\"https:\/\/maismagazine.pt\/index.php\/2022\/05\/13\/epdrg-na-cidade-da-cancao-da-revolucao-a-educacao-e-quem-mais-ordena\/\",\"name\":\"EPDRG - Na cidade da can\u00e7\u00e3o da revolu\u00e7\u00e3o, a educa\u00e7\u00e3o \u201c\u00e9 quem mais ordena\u201d - Mais Magazine\",\"isPartOf\":{\"@id\":\"https:\/\/maismagazine.pt\/#website\"},\"primaryImageOfPage\":{\"@id\":\"https:\/\/maismagazine.pt\/index.php\/2022\/05\/13\/epdrg-na-cidade-da-cancao-da-revolucao-a-educacao-e-quem-mais-ordena\/#primaryimage\"},\"image\":{\"@id\":\"https:\/\/maismagazine.pt\/index.php\/2022\/05\/13\/epdrg-na-cidade-da-cancao-da-revolucao-a-educacao-e-quem-mais-ordena\/#primaryimage\"},\"thumbnailUrl\":\"https:\/\/maismagazine.pt\/wp-content\/uploads\/2022\/05\/33-Visita-Santiago-Hotel.jpg\",\"datePublished\":\"2022-05-13T06:00:00+00:00\",\"description\":\"A EPDRG \u00e9 uma escola profissional com cursos do ensino b\u00e1sico e secund\u00e1rio, pautando-se por uma aprendizagem eminentemente pr\u00e1tica.\",\"breadcrumb\":{\"@id\":\"https:\/\/maismagazine.pt\/index.php\/2022\/05\/13\/epdrg-na-cidade-da-cancao-da-revolucao-a-educacao-e-quem-mais-ordena\/#breadcrumb\"},\"inLanguage\":\"pt-PT\",\"potentialAction\":[{\"@type\":\"ReadAction\",\"target\":[\"https:\/\/maismagazine.pt\/index.php\/2022\/05\/13\/epdrg-na-cidade-da-cancao-da-revolucao-a-educacao-e-quem-mais-ordena\/\"]}]},{\"@type\":\"ImageObject\",\"inLanguage\":\"pt-PT\",\"@id\":\"https:\/\/maismagazine.pt\/index.php\/2022\/05\/13\/epdrg-na-cidade-da-cancao-da-revolucao-a-educacao-e-quem-mais-ordena\/#primaryimage\",\"url\":\"https:\/\/maismagazine.pt\/wp-content\/uploads\/2022\/05\/33-Visita-Santiago-Hotel.jpg\",\"contentUrl\":\"https:\/\/maismagazine.pt\/wp-content\/uploads\/2022\/05\/33-Visita-Santiago-Hotel.jpg\",\"width\":960,\"height\":720},{\"@type\":\"BreadcrumbList\",\"@id\":\"https:\/\/maismagazine.pt\/index.php\/2022\/05\/13\/epdrg-na-cidade-da-cancao-da-revolucao-a-educacao-e-quem-mais-ordena\/#breadcrumb\",\"itemListElement\":[{\"@type\":\"ListItem\",\"position\":1,\"name\":\"Home\",\"item\":\"https:\/\/maismagazine.pt\/\"},{\"@type\":\"ListItem\",\"position\":2,\"name\":\"EPDRG &#8211; Na cidade da can\u00e7\u00e3o da revolu\u00e7\u00e3o, a educa\u00e7\u00e3o \u201c\u00e9 quem mais ordena\u201d\"}]},{\"@type\":\"WebSite\",\"@id\":\"https:\/\/maismagazine.pt\/#website\",\"url\":\"https:\/\/maismagazine.pt\/\",\"name\":\"Mais Magazine\",\"description\":\"\",\"publisher\":{\"@id\":\"https:\/\/maismagazine.pt\/#organization\"},\"potentialAction\":[{\"@type\":\"SearchAction\",\"target\":{\"@type\":\"EntryPoint\",\"urlTemplate\":\"https:\/\/maismagazine.pt\/?s={search_term_string}\"},\"query-input\":{\"@type\":\"PropertyValueSpecification\",\"valueRequired\":true,\"valueName\":\"search_term_string\"}}],\"inLanguage\":\"pt-PT\"},{\"@type\":\"Organization\",\"@id\":\"https:\/\/maismagazine.pt\/#organization\",\"name\":\"Mais Magazine\",\"url\":\"https:\/\/maismagazine.pt\/\",\"logo\":{\"@type\":\"ImageObject\",\"inLanguage\":\"pt-PT\",\"@id\":\"https:\/\/maismagazine.pt\/#\/schema\/logo\/image\/\",\"url\":\"https:\/\/maismagazine.pt\/wp-content\/uploads\/2020\/04\/cropped-cropped-mais-magazine-site-logo-2.png\",\"contentUrl\":\"https:\/\/maismagazine.pt\/wp-content\/uploads\/2020\/04\/cropped-cropped-mais-magazine-site-logo-2.png\",\"width\":581,\"height\":90,\"caption\":\"Mais Magazine\"},\"image\":{\"@id\":\"https:\/\/maismagazine.pt\/#\/schema\/logo\/image\/\"}},{\"@type\":\"Person\",\"@id\":\"https:\/\/maismagazine.pt\/#\/schema\/person\/999bd426f894ff56d397ec12ebd21ebb\",\"name\":\"Jo\u00e3o Malainho\",\"image\":{\"@type\":\"ImageObject\",\"inLanguage\":\"pt-PT\",\"@id\":\"https:\/\/maismagazine.pt\/#\/schema\/person\/image\/\",\"url\":\"https:\/\/secure.gravatar.com\/avatar\/ff03c2f38edf60b2a827aa4f74878491?s=96&d=mm&r=g\",\"contentUrl\":\"https:\/\/secure.gravatar.com\/avatar\/ff03c2f38edf60b2a827aa4f74878491?s=96&d=mm&r=g\",\"caption\":\"Jo\u00e3o Malainho\"},\"url\":\"https:\/\/maismagazine.pt\/index.php\/author\/maismagazine\/\"}]}<\/script>\n<!-- \/ Yoast SEO plugin. -->","yoast_head_json":{"title":"EPDRG - Na cidade da can\u00e7\u00e3o da revolu\u00e7\u00e3o, a educa\u00e7\u00e3o \u201c\u00e9 quem mais ordena\u201d - Mais Magazine","description":"A EPDRG \u00e9 uma escola profissional com cursos do ensino b\u00e1sico e secund\u00e1rio, pautando-se por uma aprendizagem eminentemente pr\u00e1tica.","robots":{"index":"index","follow":"follow","max-snippet":"max-snippet:-1","max-image-preview":"max-image-preview:large","max-video-preview":"max-video-preview:-1"},"canonical":"https:\/\/maismagazine.pt\/index.php\/2022\/05\/13\/epdrg-na-cidade-da-cancao-da-revolucao-a-educacao-e-quem-mais-ordena\/","og_locale":"pt_PT","og_type":"article","og_title":"EPDRG - Na cidade da can\u00e7\u00e3o da revolu\u00e7\u00e3o, a educa\u00e7\u00e3o \u201c\u00e9 quem mais ordena\u201d - Mais Magazine","og_description":"A EPDRG \u00e9 uma escola profissional com cursos do ensino b\u00e1sico e secund\u00e1rio, pautando-se por uma aprendizagem eminentemente pr\u00e1tica.","og_url":"https:\/\/maismagazine.pt\/index.php\/2022\/05\/13\/epdrg-na-cidade-da-cancao-da-revolucao-a-educacao-e-quem-mais-ordena\/","og_site_name":"Mais Magazine","article_published_time":"2022-05-13T06:00:00+00:00","og_image":[{"width":960,"height":720,"url":"https:\/\/maismagazine.pt\/wp-content\/uploads\/2022\/05\/33-Visita-Santiago-Hotel.jpg","type":"image\/jpeg"}],"author":"Jo\u00e3o Malainho","twitter_card":"summary_large_image","twitter_misc":{"Escrito por":false,"Tempo estimado de leitura":"2 minutos"},"schema":{"@context":"https:\/\/schema.org","@graph":[{"@type":"Article","@id":"https:\/\/maismagazine.pt\/index.php\/2022\/05\/13\/epdrg-na-cidade-da-cancao-da-revolucao-a-educacao-e-quem-mais-ordena\/#article","isPartOf":{"@id":"https:\/\/maismagazine.pt\/index.php\/2022\/05\/13\/epdrg-na-cidade-da-cancao-da-revolucao-a-educacao-e-quem-mais-ordena\/"},"author":{"name":"Jo\u00e3o Malainho","@id":"https:\/\/maismagazine.pt\/#\/schema\/person\/999bd426f894ff56d397ec12ebd21ebb"},"headline":"EPDRG &#8211; Na cidade da can\u00e7\u00e3o da revolu\u00e7\u00e3o, a educa\u00e7\u00e3o \u201c\u00e9 quem mais ordena\u201d","datePublished":"2022-05-13T06:00:00+00:00","mainEntityOfPage":{"@id":"https:\/\/maismagazine.pt\/index.php\/2022\/05\/13\/epdrg-na-cidade-da-cancao-da-revolucao-a-educacao-e-quem-mais-ordena\/"},"wordCount":435,"commentCount":0,"publisher":{"@id":"https:\/\/maismagazine.pt\/#organization"},"image":{"@id":"https:\/\/maismagazine.pt\/index.php\/2022\/05\/13\/epdrg-na-cidade-da-cancao-da-revolucao-a-educacao-e-quem-mais-ordena\/#primaryimage"},"thumbnailUrl":"https:\/\/maismagazine.pt\/wp-content\/uploads\/2022\/05\/33-Visita-Santiago-Hotel.jpg","keywords":["ensino b\u00e1sico","ensino profissional","ensino secund\u00e1rio","Vila Morena"],"articleSection":["Educa\u00e7\u00e3o"],"inLanguage":"pt-PT","potentialAction":[{"@type":"CommentAction","name":"Comment","target":["https:\/\/maismagazine.pt\/index.php\/2022\/05\/13\/epdrg-na-cidade-da-cancao-da-revolucao-a-educacao-e-quem-mais-ordena\/#respond"]}]},{"@type":"WebPage","@id":"https:\/\/maismagazine.pt\/index.php\/2022\/05\/13\/epdrg-na-cidade-da-cancao-da-revolucao-a-educacao-e-quem-mais-ordena\/","url":"https:\/\/maismagazine.pt\/index.php\/2022\/05\/13\/epdrg-na-cidade-da-cancao-da-revolucao-a-educacao-e-quem-mais-ordena\/","name":"EPDRG - Na cidade da can\u00e7\u00e3o da revolu\u00e7\u00e3o, a educa\u00e7\u00e3o \u201c\u00e9 quem mais ordena\u201d - Mais Magazine","isPartOf":{"@id":"https:\/\/maismagazine.pt\/#website"},"primaryImageOfPage":{"@id":"https:\/\/maismagazine.pt\/index.php\/2022\/05\/13\/epdrg-na-cidade-da-cancao-da-revolucao-a-educacao-e-quem-mais-ordena\/#primaryimage"},"image":{"@id":"https:\/\/maismagazine.pt\/index.php\/2022\/05\/13\/epdrg-na-cidade-da-cancao-da-revolucao-a-educacao-e-quem-mais-ordena\/#primaryimage"},"thumbnailUrl":"https:\/\/maismagazine.pt\/wp-content\/uploads\/2022\/05\/33-Visita-Santiago-Hotel.jpg","datePublished":"2022-05-13T06:00:00+00:00","description":"A EPDRG \u00e9 uma escola profissional com cursos do ensino b\u00e1sico e secund\u00e1rio, pautando-se por uma aprendizagem eminentemente pr\u00e1tica.","breadcrumb":{"@id":"https:\/\/maismagazine.pt\/index.php\/2022\/05\/13\/epdrg-na-cidade-da-cancao-da-revolucao-a-educacao-e-quem-mais-ordena\/#breadcrumb"},"inLanguage":"pt-PT","potentialAction":[{"@type":"ReadAction","target":["https:\/\/maismagazine.pt\/index.php\/2022\/05\/13\/epdrg-na-cidade-da-cancao-da-revolucao-a-educacao-e-quem-mais-ordena\/"]}]},{"@type":"ImageObject","inLanguage":"pt-PT","@id":"https:\/\/maismagazine.pt\/index.php\/2022\/05\/13\/epdrg-na-cidade-da-cancao-da-revolucao-a-educacao-e-quem-mais-ordena\/#primaryimage","url":"https:\/\/maismagazine.pt\/wp-content\/uploads\/2022\/05\/33-Visita-Santiago-Hotel.jpg","contentUrl":"https:\/\/maismagazine.pt\/wp-content\/uploads\/2022\/05\/33-Visita-Santiago-Hotel.jpg","width":960,"height":720},{"@type":"BreadcrumbList","@id":"https:\/\/maismagazine.pt\/index.php\/2022\/05\/13\/epdrg-na-cidade-da-cancao-da-revolucao-a-educacao-e-quem-mais-ordena\/#breadcrumb","itemListElement":[{"@type":"ListItem","position":1,"name":"Home","item":"https:\/\/maismagazine.pt\/"},{"@type":"ListItem","position":2,"name":"EPDRG &#8211; Na cidade da can\u00e7\u00e3o da revolu\u00e7\u00e3o, a educa\u00e7\u00e3o \u201c\u00e9 quem mais ordena\u201d"}]},{"@type":"WebSite","@id":"https:\/\/maismagazine.pt\/#website","url":"https:\/\/maismagazine.pt\/","name":"Mais Magazine","description":"","publisher":{"@id":"https:\/\/maismagazine.pt\/#organization"},"potentialAction":[{"@type":"SearchAction","target":{"@type":"EntryPoint","urlTemplate":"https:\/\/maismagazine.pt\/?s={search_term_string}"},"query-input":{"@type":"PropertyValueSpecification","valueRequired":true,"valueName":"search_term_string"}}],"inLanguage":"pt-PT"},{"@type":"Organization","@id":"https:\/\/maismagazine.pt\/#organization","name":"Mais Magazine","url":"https:\/\/maismagazine.pt\/","logo":{"@type":"ImageObject","inLanguage":"pt-PT","@id":"https:\/\/maismagazine.pt\/#\/schema\/logo\/image\/","url":"https:\/\/maismagazine.pt\/wp-content\/uploads\/2020\/04\/cropped-cropped-mais-magazine-site-logo-2.png","contentUrl":"https:\/\/maismagazine.pt\/wp-content\/uploads\/2020\/04\/cropped-cropped-mais-magazine-site-logo-2.png","width":581,"height":90,"caption":"Mais Magazine"},"image":{"@id":"https:\/\/maismagazine.pt\/#\/schema\/logo\/image\/"}},{"@type":"Person","@id":"https:\/\/maismagazine.pt\/#\/schema\/person\/999bd426f894ff56d397ec12ebd21ebb","name":"Jo\u00e3o Malainho","image":{"@type":"ImageObject","inLanguage":"pt-PT","@id":"https:\/\/maismagazine.pt\/#\/schema\/person\/image\/","url":"https:\/\/secure.gravatar.com\/avatar\/ff03c2f38edf60b2a827aa4f74878491?s=96&d=mm&r=g","contentUrl":"https:\/\/secure.gravatar.com\/avatar\/ff03c2f38edf60b2a827aa4f74878491?s=96&d=mm&r=g","caption":"Jo\u00e3o Malainho"},"url":"https:\/\/maismagazine.pt\/index.php\/author\/maismagazine\/"}]}},"author_meta":{"display_name":false,"author_link":"https:\/\/maismagazine.pt\/index.php\/author\/maismagazine\/"},"featured_img":"https:\/\/maismagazine.pt\/wp-content\/uploads\/2022\/05\/33-Visita-Santiago-Hotel-300x225.jpg","coauthors":[],"tax_additional":{"categories":{"linked":["<a href=\"https:\/\/maismagazine.pt\/index.php\/category\/educacao\/\" class=\"advgb-post-tax-term\">Educa\u00e7\u00e3o<\/a>"],"unlinked":["<span class=\"advgb-post-tax-term\">Educa\u00e7\u00e3o<\/span>"]},"tags":{"linked":["<a href=\"https:\/\/maismagazine.pt\/index.php\/category\/educacao\/\" class=\"advgb-post-tax-term\">ensino b\u00e1sico<\/a>","<a href=\"https:\/\/maismagazine.pt\/index.php\/category\/educacao\/\" class=\"advgb-post-tax-term\">ensino profissional<\/a>","<a href=\"https:\/\/maismagazine.pt\/index.php\/category\/educacao\/\" class=\"advgb-post-tax-term\">ensino secund\u00e1rio<\/a>","<a href=\"https:\/\/maismagazine.pt\/index.php\/category\/educacao\/\" class=\"advgb-post-tax-term\">Vila Morena<\/a>"],"unlinked":["<span class=\"advgb-post-tax-term\">ensino b\u00e1sico<\/span>","<span class=\"advgb-post-tax-term\">ensino profissional<\/span>","<span class=\"advgb-post-tax-term\">ensino secund\u00e1rio<\/span>","<span class=\"advgb-post-tax-term\">Vila Morena<\/span>"]}},"comment_count":"0","relative_dates":{"created":"Posted 4 anos ago","modified":"Updated 4 anos ago"},"absolute_dates":{"created":"Posted on 13 de Maio, 2022","modified":"Updated on 5 de Maio, 2022"},"absolute_dates_time":{"created":"Posted on 13 de Maio, 2022 7:00","modified":"Updated on 5 de Maio, 2022 16:13"},"featured_img_caption":"","series_order":"","_links":{"self":[{"href":"https:\/\/maismagazine.pt\/index.php\/wp-json\/wp\/v2\/posts\/3212","targetHints":{"allow":["GET"]}}],"collection":[{"href":"https:\/\/maismagazine.pt\/index.php\/wp-json\/wp\/v2\/posts"}],"about":[{"href":"https:\/\/maismagazine.pt\/index.php\/wp-json\/wp\/v2\/types\/post"}],"author":[{"embeddable":true,"href":"https:\/\/maismagazine.pt\/index.php\/wp-json\/wp\/v2\/users\/7"}],"replies":[{"embeddable":true,"href":"https:\/\/maismagazine.pt\/index.php\/wp-json\/wp\/v2\/comments?post=3212"}],"version-history":[{"count":1,"href":"https:\/\/maismagazine.pt\/index.php\/wp-json\/wp\/v2\/posts\/3212\/revisions"}],"predecessor-version":[{"id":3236,"href":"https:\/\/maismagazine.pt\/index.php\/wp-json\/wp\/v2\/posts\/3212\/revisions\/3236"}],"wp:featuredmedia":[{"embeddable":true,"href":"https:\/\/maismagazine.pt\/index.php\/wp-json\/wp\/v2\/media\/3235"}],"wp:attachment":[{"href":"https:\/\/maismagazine.pt\/index.php\/wp-json\/wp\/v2\/media?parent=3212"}],"wp:term":[{"taxonomy":"category","embeddable":true,"href":"https:\/\/maismagazine.pt\/index.php\/wp-json\/wp\/v2\/categories?post=3212"},{"taxonomy":"post_tag","embeddable":true,"href":"https:\/\/maismagazine.pt\/index.php\/wp-json\/wp\/v2\/tags?post=3212"}],"curies":[{"name":"wp","href":"https:\/\/api.w.org\/{rel}","templated":true}]}}