{"id":2984,"date":"2022-04-14T07:34:24","date_gmt":"2022-04-14T07:34:24","guid":{"rendered":"https:\/\/maismagazine.pt\/?p=2984"},"modified":"2022-04-14T07:34:25","modified_gmt":"2022-04-14T07:34:25","slug":"academia-de-musica-de-santa-cecilia-bom-ensino-academico-e-musical-e-boa-formacao-humana","status":"publish","type":"post","link":"https:\/\/maismagazine.pt\/index.php\/2022\/04\/14\/academia-de-musica-de-santa-cecilia-bom-ensino-academico-e-musical-e-boa-formacao-humana\/","title":{"rendered":"Academia de M\u00fasica de Santa Cec\u00edlia \u201cbom ensino acad\u00e9mico e musical e boa forma\u00e7\u00e3o humana\u201d"},"content":{"rendered":"\n<p><\/p>\n\n\n\n<p><strong>Em entrevista \u00e0 Mais Magazine, Rui Paiva, Diretor da <a href=\"https:\/\/www.am-santacecilia.pt\/\">Academia de M\u00fasica de Santa Cec\u00edlia (AMSC)<\/a>, fala-nos sobre o projeto que tem quase 60 anos e em que \u201cpoucos acreditavam\u201d.<\/strong><\/p>\n\n\n\n<p><\/p>\n\n\n\n<p>A Senhora Embaixatriz Vera Franco Nogueira foi uma mulher vision\u00e1ria, culta e amante da m\u00fasica, que \u201cconcebeu uma escola capaz de assegurar uma s\u00f3lida forma\u00e7\u00e3o acad\u00e9mica a futuros m\u00fasicos ou, em alternativa, a viv\u00eancia da cultura musical a alunos destinados a outros percursos profissionais\u201d. Fez-se ent\u00e3o acompanhar de pessoas \u201ccompetentes e bem informadas\u201d, como foi o caso da Professora e pianista, Gilberta Paiva, em 1964, dando corpo a um projeto em que poucos acreditavam.<\/p>\n\n\n\n<p><br>Ap\u00f3s v\u00e1rias d\u00e9cadas, o pr\u00f3prio Minist\u00e9rio da Educa\u00e7\u00e3o veio a reconhecer a import\u00e2ncia das escolas de ensino integrado da m\u00fasica, e v\u00e1rios conservat\u00f3rios de m\u00fasica p\u00fablicos passaram a adotar este regime. Para al\u00e9m das vantagens que hoje se reconhecem na simultaneidade de forma\u00e7\u00f5es (ensino geral obrigat\u00f3rio e ensino da m\u00fasica especializado), a AMSC est\u00e1 organizada de modo que os alunos que n\u00e3o demostrem aptid\u00e3o ou vontade para continuar o ensino especializado da m\u00fasica, possam frequentar apenas o curr\u00edculo do ensino geral, em qualquer momento do seu percurso escolar.<br><\/p>\n\n\n\n<p>Os alunos da AMSC, tal como os de muitas outras escolas de m\u00fasica particulares, beneficiam, desde 1988, de um apoio financeiro do Minist\u00e9rio da Educa\u00e7\u00e3o para a componente musical do seu ensino. Com este apoio e a impl\u00edcita gratuitidade dos estudos musicais, mais alunos com aptid\u00e3o art\u00edstica t\u00eam vindo a frequentar o ensino especializado da m\u00fasica.<\/p>\n\n\n\n<p><\/p>\n\n\n\n<p><\/p>\n\n\n\n\n\n<p><br>A AMSC tem alunos dos tr\u00eas anos de idade at\u00e9 ao 12\u00ba ano de escolaridade. A maioria faz todo este caminho, apesar de alguns serem admitidos a meio do percurso. Ao longo do pr\u00e9-escolar e do primeiro ciclo todos os alunos aprendem m\u00fasica, num modelo que inclui o estudo de um instrumento a partir dos seis anos de idade.<\/p>\n\n\n\n<p><br>A partir do 5\u00ba ano de escolaridade h\u00e1 dois percursos formativos, por um lado a aprendizagem da m\u00fasica numa vertente especializada em regime integrado ou, em alternativa, uma abordagem de car\u00e1ter mais generalista, que n\u00e3o implica o estudo de um instrumento, \u201cmas que d\u00e1 muita import\u00e2ncia \u00e0 m\u00fasica de conjunto, sobretudo na pr\u00e1tica coral\u201d. Em ambos  os percursos, os alunos frequentam todas as disciplinas do curr\u00edculo geral. No ensino secund\u00e1rio, para al\u00e9m dos cursos gerais cient\u00edfico-human\u00edsticos, os alunos podem optar pela continuidade de estudos musicais em exclusividade (regime integrado) ou pela frequ\u00eancia de um curso de m\u00fasica em regime supletivo a par de um curso cient\u00edfico-human\u00edstico.<br>Qualquer destas op\u00e7\u00f5es permite o acesso ao ensino superior.<\/p>\n\n\n\n<p><\/p>\n\n\n\n<p>A posi\u00e7\u00e3o que a AMSC tem ocupado nos rankings nacionais das escolas, sobretudo no ensino secund\u00e1rio, \u201cpode conduzir a uma vis\u00e3o enganadora sobre o que a escola pretende\u201d. Embora estes resultados constituam \u201cuma grande satisfa\u00e7\u00e3o para todos os colaboradores, o trabalho no dia a dia \u00e9 perspetivado para cada um dos alunos, cada qual com as suas capacidades e dificuldades diferenciadas\u201d.<\/p>\n\n\n\n<p><\/p>\n\n\n\n<p>O ide\u00e1rio educativo da AMSC \u201c\u00e9 exigente, n\u00e3o apenas no que respeita \u00e0 forma\u00e7\u00e3o acad\u00e9mica e \u00e0 forma\u00e7\u00e3o musical, mas tamb\u00e9m no \u00e2mbito da forma\u00e7\u00e3o humana, suportada por valores crist\u00e3os\u201d. Deste modo, a aten\u00e7\u00e3o dada a cada aluno real n\u00e3o resulta apenas da vontade avulsa de cada um dos professores, mas de uma exig\u00eancia do pr\u00f3prio ide\u00e1rio. \u00c9 nessa perspetiva que os valores da solidariedade, da cidadania, da inclus\u00e3o, ressoam no trabalho dos coros ou das orquestras, em permanente atividade, segundo Rui Paiva.<\/p>\n\n\n\n<p><\/p>\n\n\n\n<p>Do ponto de vista formal, o ensino integrado \u201cparece n\u00e3o acrescentar nada \u00e0 forma\u00e7\u00e3o geral ou musical dos alunos\u201d. Mas o que se tem constatado nas poucas escolas de ensino integrado de m\u00fasica \u00e9 que \u201cestas duas \u00e1reas se potenciam, conduzindo a um resultado final que supera a soma das partes\u201d. Apesar de, nesta escola, a forma\u00e7\u00e3o na \u00e1rea da m\u00fasica ser claramente assumida nos seus aspetos t\u00e9cnicos, art\u00edsticos e culturais, \u00e9 incontorn\u00e1vel o seu significativo contributo na forma\u00e7\u00e3o dos seus jovens, em compet\u00eancias como sejam a capacidade de<br>trabalho, o trabalho colaborativo, o rigor, a concentra\u00e7\u00e3o, a autonomia, a criatividade, o sentido cr\u00edtico, e muitos outros. Estas compet\u00eancias t\u00e3o necess\u00e1rias no mundo de hoje, t\u00eam vindo a ganhar relevo no \u00e2mbito escolar em geral, onde s\u00e3o desenvolvidas com pedagogias consideradas inovadoras. Na AMSC, \u201cfazemo-lo  de forma simples, h\u00e1 mais de cinquenta anos, recorrendo \u00e0 compet\u00eancia dos docentes que reunimos, e \u00e0 abordagem intensa e s\u00e9ria de uma arte milenar, a m\u00fasica\u201d. Para Rui Paiva, \u201cesta \u00e9 a fonte de inova\u00e7\u00e3o da escola\u201d. Al\u00e9m disso, os alunos participam em projetos cient\u00edficos, human\u00edsticos e sociais, em campanhas de solidariedade, dinamizam as atividades da associa\u00e7\u00e3o de estudantes e, naturalmente, participam em in\u00fameros concertos organizados pela AMSC.<\/p>\n\n\n\n<p><\/p>\n\n\n\n<p>O objetivo para o futuro \u00e9 concluir o projeto das novas instala\u00e7\u00f5es iniciado h\u00e1 cerca de dez anos. A AMSC pretende \u201ccontinuar a trabalhar no sentido de manter sempre atuais as grandes linhas do nosso ide\u00e1rio educativo, ou seja, um bom ensino acad\u00e9mico e musical e uma boa forma\u00e7\u00e3o humana, assente em valores crist\u00e3os\u201d. A Academia de M\u00fasica de Santa Cec\u00edlia, quer continuar o trabalho dos \u00faltimos anos, \u201cos nossos alunos devem continuar a ser admitidos com facilidade nos cursos superiores da sua escolha, em Portugal ou no estrangeiro, onde fazem percursos de sucesso facilitado pela forma\u00e7\u00e3o aqui recebida\u201d.<\/p>\n","protected":false},"excerpt":{"rendered":"<p>Em entrevista \u00e0 Mais Magazine, Rui Paiva, Diretor da Academia de M\u00fasica de Santa Cec\u00edlia (AMSC), fala-nos sobre o projeto que tem quase 60 anos e em que \u201cpoucos acreditavam\u201d. A Senhora Embaixatriz Vera Franco Nogueira foi uma mulher vision\u00e1ria, culta e amante da m\u00fasica, que \u201cconcebeu uma escola capaz&hellip;<\/p>\n","protected":false},"author":7,"featured_media":3010,"comment_status":"open","ping_status":"open","sticky":false,"template":"","format":"standard","meta":{"advgb_blocks_editor_width":"","advgb_blocks_columns_visual_guide":"","_monsterinsights_skip_tracking":false,"_monsterinsights_sitenote_active":false,"_monsterinsights_sitenote_note":"","_monsterinsights_sitenote_category":0,"footnotes":""},"categories":[149],"tags":[593,521,533,594],"class_list":["post-2984","post","type-post","status-publish","format-standard","has-post-thumbnail","hentry","category-educacao","tag-academia","tag-ensino","tag-formacao-humana","tag-musica-2"],"yoast_head":"<!-- This site is optimized with the Yoast SEO plugin v24.4 - https:\/\/yoast.com\/wordpress\/plugins\/seo\/ -->\n<title>Academia de M\u00fasica de Santa Cec\u00edlia \u201cbom ensino acad\u00e9mico e musical e boa forma\u00e7\u00e3o humana\u201d - Mais Magazine<\/title>\n<meta name=\"description\" content=\"Academia de M\u00fasica de Santa Cec\u00edlia \u201cbom ensino acad\u00e9mico e musical e boa forma\u00e7\u00e3o humana\u201d\" \/>\n<meta name=\"robots\" content=\"index, follow, max-snippet:-1, max-image-preview:large, max-video-preview:-1\" \/>\n<link rel=\"canonical\" href=\"http:\/\/maismagazine.pt\/index.php\/2022\/04\/14\/academia-de-musica-de-santa-cecilia-bom-ensino-academico-e-musical-e-boa-formacao-humana\/\" \/>\n<meta property=\"og:locale\" content=\"pt_PT\" \/>\n<meta property=\"og:type\" content=\"article\" \/>\n<meta property=\"og:title\" content=\"Academia de M\u00fasica de Santa Cec\u00edlia \u201cbom ensino acad\u00e9mico e musical e boa forma\u00e7\u00e3o humana\u201d - Mais Magazine\" \/>\n<meta property=\"og:description\" content=\"Academia de M\u00fasica de Santa Cec\u00edlia \u201cbom ensino acad\u00e9mico e musical e boa forma\u00e7\u00e3o humana\u201d\" \/>\n<meta property=\"og:url\" content=\"http:\/\/maismagazine.pt\/index.php\/2022\/04\/14\/academia-de-musica-de-santa-cecilia-bom-ensino-academico-e-musical-e-boa-formacao-humana\/\" \/>\n<meta property=\"og:site_name\" content=\"Mais Magazine\" \/>\n<meta property=\"article:published_time\" content=\"2022-04-14T07:34:24+00:00\" \/>\n<meta property=\"article:modified_time\" content=\"2022-04-14T07:34:25+00:00\" \/>\n<meta property=\"og:image\" content=\"http:\/\/maismagazine.pt\/wp-content\/uploads\/2022\/04\/23766-scaled.jpg\" \/>\n\t<meta property=\"og:image:width\" content=\"2560\" \/>\n\t<meta property=\"og:image:height\" content=\"1706\" \/>\n\t<meta property=\"og:image:type\" content=\"image\/jpeg\" \/>\n<meta name=\"author\" content=\"Jo\u00e3o Malainho\" \/>\n<meta name=\"twitter:card\" content=\"summary_large_image\" \/>\n<meta name=\"twitter:label1\" content=\"Escrito por\" \/>\n\t<meta name=\"twitter:data1\" content=\"\" \/>\n\t<meta name=\"twitter:label2\" content=\"Tempo estimado de leitura\" \/>\n\t<meta name=\"twitter:data2\" content=\"5 minutos\" \/>\n<script type=\"application\/ld+json\" class=\"yoast-schema-graph\">{\"@context\":\"https:\/\/schema.org\",\"@graph\":[{\"@type\":\"Article\",\"@id\":\"http:\/\/maismagazine.pt\/index.php\/2022\/04\/14\/academia-de-musica-de-santa-cecilia-bom-ensino-academico-e-musical-e-boa-formacao-humana\/#article\",\"isPartOf\":{\"@id\":\"http:\/\/maismagazine.pt\/index.php\/2022\/04\/14\/academia-de-musica-de-santa-cecilia-bom-ensino-academico-e-musical-e-boa-formacao-humana\/\"},\"author\":{\"name\":\"Jo\u00e3o Malainho\",\"@id\":\"https:\/\/maismagazine.pt\/#\/schema\/person\/999bd426f894ff56d397ec12ebd21ebb\"},\"headline\":\"Academia de M\u00fasica de Santa Cec\u00edlia \u201cbom ensino acad\u00e9mico e musical e boa forma\u00e7\u00e3o humana\u201d\",\"datePublished\":\"2022-04-14T07:34:24+00:00\",\"dateModified\":\"2022-04-14T07:34:25+00:00\",\"mainEntityOfPage\":{\"@id\":\"http:\/\/maismagazine.pt\/index.php\/2022\/04\/14\/academia-de-musica-de-santa-cecilia-bom-ensino-academico-e-musical-e-boa-formacao-humana\/\"},\"wordCount\":977,\"commentCount\":0,\"publisher\":{\"@id\":\"https:\/\/maismagazine.pt\/#organization\"},\"image\":{\"@id\":\"http:\/\/maismagazine.pt\/index.php\/2022\/04\/14\/academia-de-musica-de-santa-cecilia-bom-ensino-academico-e-musical-e-boa-formacao-humana\/#primaryimage\"},\"thumbnailUrl\":\"https:\/\/maismagazine.pt\/wp-content\/uploads\/2022\/04\/23766-scaled.jpg\",\"keywords\":[\"Academia\",\"Ensino\",\"Forma\u00e7\u00e3o humana\",\"M\u00fasica\"],\"articleSection\":[\"Educa\u00e7\u00e3o\"],\"inLanguage\":\"pt-PT\",\"potentialAction\":[{\"@type\":\"CommentAction\",\"name\":\"Comment\",\"target\":[\"http:\/\/maismagazine.pt\/index.php\/2022\/04\/14\/academia-de-musica-de-santa-cecilia-bom-ensino-academico-e-musical-e-boa-formacao-humana\/#respond\"]}]},{\"@type\":\"WebPage\",\"@id\":\"http:\/\/maismagazine.pt\/index.php\/2022\/04\/14\/academia-de-musica-de-santa-cecilia-bom-ensino-academico-e-musical-e-boa-formacao-humana\/\",\"url\":\"http:\/\/maismagazine.pt\/index.php\/2022\/04\/14\/academia-de-musica-de-santa-cecilia-bom-ensino-academico-e-musical-e-boa-formacao-humana\/\",\"name\":\"Academia de M\u00fasica de Santa Cec\u00edlia \u201cbom ensino acad\u00e9mico e musical e boa forma\u00e7\u00e3o humana\u201d - Mais Magazine\",\"isPartOf\":{\"@id\":\"https:\/\/maismagazine.pt\/#website\"},\"primaryImageOfPage\":{\"@id\":\"http:\/\/maismagazine.pt\/index.php\/2022\/04\/14\/academia-de-musica-de-santa-cecilia-bom-ensino-academico-e-musical-e-boa-formacao-humana\/#primaryimage\"},\"image\":{\"@id\":\"http:\/\/maismagazine.pt\/index.php\/2022\/04\/14\/academia-de-musica-de-santa-cecilia-bom-ensino-academico-e-musical-e-boa-formacao-humana\/#primaryimage\"},\"thumbnailUrl\":\"https:\/\/maismagazine.pt\/wp-content\/uploads\/2022\/04\/23766-scaled.jpg\",\"datePublished\":\"2022-04-14T07:34:24+00:00\",\"dateModified\":\"2022-04-14T07:34:25+00:00\",\"description\":\"Academia de M\u00fasica de Santa Cec\u00edlia \u201cbom ensino acad\u00e9mico e musical e boa forma\u00e7\u00e3o humana\u201d\",\"breadcrumb\":{\"@id\":\"http:\/\/maismagazine.pt\/index.php\/2022\/04\/14\/academia-de-musica-de-santa-cecilia-bom-ensino-academico-e-musical-e-boa-formacao-humana\/#breadcrumb\"},\"inLanguage\":\"pt-PT\",\"potentialAction\":[{\"@type\":\"ReadAction\",\"target\":[\"http:\/\/maismagazine.pt\/index.php\/2022\/04\/14\/academia-de-musica-de-santa-cecilia-bom-ensino-academico-e-musical-e-boa-formacao-humana\/\"]}]},{\"@type\":\"ImageObject\",\"inLanguage\":\"pt-PT\",\"@id\":\"http:\/\/maismagazine.pt\/index.php\/2022\/04\/14\/academia-de-musica-de-santa-cecilia-bom-ensino-academico-e-musical-e-boa-formacao-humana\/#primaryimage\",\"url\":\"https:\/\/maismagazine.pt\/wp-content\/uploads\/2022\/04\/23766-scaled.jpg\",\"contentUrl\":\"https:\/\/maismagazine.pt\/wp-content\/uploads\/2022\/04\/23766-scaled.jpg\",\"width\":2560,\"height\":1706},{\"@type\":\"BreadcrumbList\",\"@id\":\"http:\/\/maismagazine.pt\/index.php\/2022\/04\/14\/academia-de-musica-de-santa-cecilia-bom-ensino-academico-e-musical-e-boa-formacao-humana\/#breadcrumb\",\"itemListElement\":[{\"@type\":\"ListItem\",\"position\":1,\"name\":\"Home\",\"item\":\"https:\/\/maismagazine.pt\/\"},{\"@type\":\"ListItem\",\"position\":2,\"name\":\"Academia de M\u00fasica de Santa Cec\u00edlia \u201cbom ensino acad\u00e9mico e musical e boa forma\u00e7\u00e3o humana\u201d\"}]},{\"@type\":\"WebSite\",\"@id\":\"https:\/\/maismagazine.pt\/#website\",\"url\":\"https:\/\/maismagazine.pt\/\",\"name\":\"Mais Magazine\",\"description\":\"\",\"publisher\":{\"@id\":\"https:\/\/maismagazine.pt\/#organization\"},\"potentialAction\":[{\"@type\":\"SearchAction\",\"target\":{\"@type\":\"EntryPoint\",\"urlTemplate\":\"https:\/\/maismagazine.pt\/?s={search_term_string}\"},\"query-input\":{\"@type\":\"PropertyValueSpecification\",\"valueRequired\":true,\"valueName\":\"search_term_string\"}}],\"inLanguage\":\"pt-PT\"},{\"@type\":\"Organization\",\"@id\":\"https:\/\/maismagazine.pt\/#organization\",\"name\":\"Mais Magazine\",\"url\":\"https:\/\/maismagazine.pt\/\",\"logo\":{\"@type\":\"ImageObject\",\"inLanguage\":\"pt-PT\",\"@id\":\"https:\/\/maismagazine.pt\/#\/schema\/logo\/image\/\",\"url\":\"https:\/\/maismagazine.pt\/wp-content\/uploads\/2020\/04\/cropped-cropped-mais-magazine-site-logo-2.png\",\"contentUrl\":\"https:\/\/maismagazine.pt\/wp-content\/uploads\/2020\/04\/cropped-cropped-mais-magazine-site-logo-2.png\",\"width\":581,\"height\":90,\"caption\":\"Mais Magazine\"},\"image\":{\"@id\":\"https:\/\/maismagazine.pt\/#\/schema\/logo\/image\/\"}},{\"@type\":\"Person\",\"@id\":\"https:\/\/maismagazine.pt\/#\/schema\/person\/999bd426f894ff56d397ec12ebd21ebb\",\"name\":\"Jo\u00e3o Malainho\",\"image\":{\"@type\":\"ImageObject\",\"inLanguage\":\"pt-PT\",\"@id\":\"https:\/\/maismagazine.pt\/#\/schema\/person\/image\/\",\"url\":\"https:\/\/secure.gravatar.com\/avatar\/ff03c2f38edf60b2a827aa4f74878491?s=96&d=mm&r=g\",\"contentUrl\":\"https:\/\/secure.gravatar.com\/avatar\/ff03c2f38edf60b2a827aa4f74878491?s=96&d=mm&r=g\",\"caption\":\"Jo\u00e3o Malainho\"},\"url\":\"https:\/\/maismagazine.pt\/index.php\/author\/maismagazine\/\"}]}<\/script>\n<!-- \/ Yoast SEO plugin. -->","yoast_head_json":{"title":"Academia de M\u00fasica de Santa Cec\u00edlia \u201cbom ensino acad\u00e9mico e musical e boa forma\u00e7\u00e3o humana\u201d - Mais Magazine","description":"Academia de M\u00fasica de Santa Cec\u00edlia \u201cbom ensino acad\u00e9mico e musical e boa forma\u00e7\u00e3o humana\u201d","robots":{"index":"index","follow":"follow","max-snippet":"max-snippet:-1","max-image-preview":"max-image-preview:large","max-video-preview":"max-video-preview:-1"},"canonical":"http:\/\/maismagazine.pt\/index.php\/2022\/04\/14\/academia-de-musica-de-santa-cecilia-bom-ensino-academico-e-musical-e-boa-formacao-humana\/","og_locale":"pt_PT","og_type":"article","og_title":"Academia de M\u00fasica de Santa Cec\u00edlia \u201cbom ensino acad\u00e9mico e musical e boa forma\u00e7\u00e3o humana\u201d - Mais Magazine","og_description":"Academia de M\u00fasica de Santa Cec\u00edlia \u201cbom ensino acad\u00e9mico e musical e boa forma\u00e7\u00e3o humana\u201d","og_url":"http:\/\/maismagazine.pt\/index.php\/2022\/04\/14\/academia-de-musica-de-santa-cecilia-bom-ensino-academico-e-musical-e-boa-formacao-humana\/","og_site_name":"Mais Magazine","article_published_time":"2022-04-14T07:34:24+00:00","article_modified_time":"2022-04-14T07:34:25+00:00","og_image":[{"width":2560,"height":1706,"url":"http:\/\/maismagazine.pt\/wp-content\/uploads\/2022\/04\/23766-scaled.jpg","type":"image\/jpeg"}],"author":"Jo\u00e3o Malainho","twitter_card":"summary_large_image","twitter_misc":{"Escrito por":false,"Tempo estimado de leitura":"5 minutos"},"schema":{"@context":"https:\/\/schema.org","@graph":[{"@type":"Article","@id":"http:\/\/maismagazine.pt\/index.php\/2022\/04\/14\/academia-de-musica-de-santa-cecilia-bom-ensino-academico-e-musical-e-boa-formacao-humana\/#article","isPartOf":{"@id":"http:\/\/maismagazine.pt\/index.php\/2022\/04\/14\/academia-de-musica-de-santa-cecilia-bom-ensino-academico-e-musical-e-boa-formacao-humana\/"},"author":{"name":"Jo\u00e3o Malainho","@id":"https:\/\/maismagazine.pt\/#\/schema\/person\/999bd426f894ff56d397ec12ebd21ebb"},"headline":"Academia de M\u00fasica de Santa Cec\u00edlia \u201cbom ensino acad\u00e9mico e musical e boa forma\u00e7\u00e3o humana\u201d","datePublished":"2022-04-14T07:34:24+00:00","dateModified":"2022-04-14T07:34:25+00:00","mainEntityOfPage":{"@id":"http:\/\/maismagazine.pt\/index.php\/2022\/04\/14\/academia-de-musica-de-santa-cecilia-bom-ensino-academico-e-musical-e-boa-formacao-humana\/"},"wordCount":977,"commentCount":0,"publisher":{"@id":"https:\/\/maismagazine.pt\/#organization"},"image":{"@id":"http:\/\/maismagazine.pt\/index.php\/2022\/04\/14\/academia-de-musica-de-santa-cecilia-bom-ensino-academico-e-musical-e-boa-formacao-humana\/#primaryimage"},"thumbnailUrl":"https:\/\/maismagazine.pt\/wp-content\/uploads\/2022\/04\/23766-scaled.jpg","keywords":["Academia","Ensino","Forma\u00e7\u00e3o humana","M\u00fasica"],"articleSection":["Educa\u00e7\u00e3o"],"inLanguage":"pt-PT","potentialAction":[{"@type":"CommentAction","name":"Comment","target":["http:\/\/maismagazine.pt\/index.php\/2022\/04\/14\/academia-de-musica-de-santa-cecilia-bom-ensino-academico-e-musical-e-boa-formacao-humana\/#respond"]}]},{"@type":"WebPage","@id":"http:\/\/maismagazine.pt\/index.php\/2022\/04\/14\/academia-de-musica-de-santa-cecilia-bom-ensino-academico-e-musical-e-boa-formacao-humana\/","url":"http:\/\/maismagazine.pt\/index.php\/2022\/04\/14\/academia-de-musica-de-santa-cecilia-bom-ensino-academico-e-musical-e-boa-formacao-humana\/","name":"Academia de M\u00fasica de Santa Cec\u00edlia \u201cbom ensino acad\u00e9mico e musical e boa forma\u00e7\u00e3o humana\u201d - Mais Magazine","isPartOf":{"@id":"https:\/\/maismagazine.pt\/#website"},"primaryImageOfPage":{"@id":"http:\/\/maismagazine.pt\/index.php\/2022\/04\/14\/academia-de-musica-de-santa-cecilia-bom-ensino-academico-e-musical-e-boa-formacao-humana\/#primaryimage"},"image":{"@id":"http:\/\/maismagazine.pt\/index.php\/2022\/04\/14\/academia-de-musica-de-santa-cecilia-bom-ensino-academico-e-musical-e-boa-formacao-humana\/#primaryimage"},"thumbnailUrl":"https:\/\/maismagazine.pt\/wp-content\/uploads\/2022\/04\/23766-scaled.jpg","datePublished":"2022-04-14T07:34:24+00:00","dateModified":"2022-04-14T07:34:25+00:00","description":"Academia de M\u00fasica de Santa Cec\u00edlia \u201cbom ensino acad\u00e9mico e musical e boa forma\u00e7\u00e3o humana\u201d","breadcrumb":{"@id":"http:\/\/maismagazine.pt\/index.php\/2022\/04\/14\/academia-de-musica-de-santa-cecilia-bom-ensino-academico-e-musical-e-boa-formacao-humana\/#breadcrumb"},"inLanguage":"pt-PT","potentialAction":[{"@type":"ReadAction","target":["http:\/\/maismagazine.pt\/index.php\/2022\/04\/14\/academia-de-musica-de-santa-cecilia-bom-ensino-academico-e-musical-e-boa-formacao-humana\/"]}]},{"@type":"ImageObject","inLanguage":"pt-PT","@id":"http:\/\/maismagazine.pt\/index.php\/2022\/04\/14\/academia-de-musica-de-santa-cecilia-bom-ensino-academico-e-musical-e-boa-formacao-humana\/#primaryimage","url":"https:\/\/maismagazine.pt\/wp-content\/uploads\/2022\/04\/23766-scaled.jpg","contentUrl":"https:\/\/maismagazine.pt\/wp-content\/uploads\/2022\/04\/23766-scaled.jpg","width":2560,"height":1706},{"@type":"BreadcrumbList","@id":"http:\/\/maismagazine.pt\/index.php\/2022\/04\/14\/academia-de-musica-de-santa-cecilia-bom-ensino-academico-e-musical-e-boa-formacao-humana\/#breadcrumb","itemListElement":[{"@type":"ListItem","position":1,"name":"Home","item":"https:\/\/maismagazine.pt\/"},{"@type":"ListItem","position":2,"name":"Academia de M\u00fasica de Santa Cec\u00edlia \u201cbom ensino acad\u00e9mico e musical e boa forma\u00e7\u00e3o humana\u201d"}]},{"@type":"WebSite","@id":"https:\/\/maismagazine.pt\/#website","url":"https:\/\/maismagazine.pt\/","name":"Mais Magazine","description":"","publisher":{"@id":"https:\/\/maismagazine.pt\/#organization"},"potentialAction":[{"@type":"SearchAction","target":{"@type":"EntryPoint","urlTemplate":"https:\/\/maismagazine.pt\/?s={search_term_string}"},"query-input":{"@type":"PropertyValueSpecification","valueRequired":true,"valueName":"search_term_string"}}],"inLanguage":"pt-PT"},{"@type":"Organization","@id":"https:\/\/maismagazine.pt\/#organization","name":"Mais Magazine","url":"https:\/\/maismagazine.pt\/","logo":{"@type":"ImageObject","inLanguage":"pt-PT","@id":"https:\/\/maismagazine.pt\/#\/schema\/logo\/image\/","url":"https:\/\/maismagazine.pt\/wp-content\/uploads\/2020\/04\/cropped-cropped-mais-magazine-site-logo-2.png","contentUrl":"https:\/\/maismagazine.pt\/wp-content\/uploads\/2020\/04\/cropped-cropped-mais-magazine-site-logo-2.png","width":581,"height":90,"caption":"Mais Magazine"},"image":{"@id":"https:\/\/maismagazine.pt\/#\/schema\/logo\/image\/"}},{"@type":"Person","@id":"https:\/\/maismagazine.pt\/#\/schema\/person\/999bd426f894ff56d397ec12ebd21ebb","name":"Jo\u00e3o Malainho","image":{"@type":"ImageObject","inLanguage":"pt-PT","@id":"https:\/\/maismagazine.pt\/#\/schema\/person\/image\/","url":"https:\/\/secure.gravatar.com\/avatar\/ff03c2f38edf60b2a827aa4f74878491?s=96&d=mm&r=g","contentUrl":"https:\/\/secure.gravatar.com\/avatar\/ff03c2f38edf60b2a827aa4f74878491?s=96&d=mm&r=g","caption":"Jo\u00e3o Malainho"},"url":"https:\/\/maismagazine.pt\/index.php\/author\/maismagazine\/"}]}},"author_meta":{"display_name":false,"author_link":"https:\/\/maismagazine.pt\/index.php\/author\/maismagazine\/"},"featured_img":"https:\/\/maismagazine.pt\/wp-content\/uploads\/2022\/04\/23766-300x200.jpg","coauthors":[],"tax_additional":{"categories":{"linked":["<a href=\"https:\/\/maismagazine.pt\/index.php\/category\/educacao\/\" class=\"advgb-post-tax-term\">Educa\u00e7\u00e3o<\/a>"],"unlinked":["<span class=\"advgb-post-tax-term\">Educa\u00e7\u00e3o<\/span>"]},"tags":{"linked":["<a href=\"https:\/\/maismagazine.pt\/index.php\/category\/educacao\/\" class=\"advgb-post-tax-term\">Academia<\/a>","<a href=\"https:\/\/maismagazine.pt\/index.php\/category\/educacao\/\" class=\"advgb-post-tax-term\">Ensino<\/a>","<a href=\"https:\/\/maismagazine.pt\/index.php\/category\/educacao\/\" class=\"advgb-post-tax-term\">Forma\u00e7\u00e3o humana<\/a>","<a href=\"https:\/\/maismagazine.pt\/index.php\/category\/educacao\/\" class=\"advgb-post-tax-term\">M\u00fasica<\/a>"],"unlinked":["<span class=\"advgb-post-tax-term\">Academia<\/span>","<span class=\"advgb-post-tax-term\">Ensino<\/span>","<span class=\"advgb-post-tax-term\">Forma\u00e7\u00e3o humana<\/span>","<span class=\"advgb-post-tax-term\">M\u00fasica<\/span>"]}},"comment_count":"0","relative_dates":{"created":"Posted 4 anos ago","modified":"Updated 4 anos ago"},"absolute_dates":{"created":"Posted on 14 de Abril, 2022","modified":"Updated on 14 de Abril, 2022"},"absolute_dates_time":{"created":"Posted on 14 de Abril, 2022 7:34","modified":"Updated on 14 de Abril, 2022 7:34"},"featured_img_caption":"","series_order":"","_links":{"self":[{"href":"https:\/\/maismagazine.pt\/index.php\/wp-json\/wp\/v2\/posts\/2984","targetHints":{"allow":["GET"]}}],"collection":[{"href":"https:\/\/maismagazine.pt\/index.php\/wp-json\/wp\/v2\/posts"}],"about":[{"href":"https:\/\/maismagazine.pt\/index.php\/wp-json\/wp\/v2\/types\/post"}],"author":[{"embeddable":true,"href":"https:\/\/maismagazine.pt\/index.php\/wp-json\/wp\/v2\/users\/7"}],"replies":[{"embeddable":true,"href":"https:\/\/maismagazine.pt\/index.php\/wp-json\/wp\/v2\/comments?post=2984"}],"version-history":[{"count":2,"href":"https:\/\/maismagazine.pt\/index.php\/wp-json\/wp\/v2\/posts\/2984\/revisions"}],"predecessor-version":[{"id":3076,"href":"https:\/\/maismagazine.pt\/index.php\/wp-json\/wp\/v2\/posts\/2984\/revisions\/3076"}],"wp:featuredmedia":[{"embeddable":true,"href":"https:\/\/maismagazine.pt\/index.php\/wp-json\/wp\/v2\/media\/3010"}],"wp:attachment":[{"href":"https:\/\/maismagazine.pt\/index.php\/wp-json\/wp\/v2\/media?parent=2984"}],"wp:term":[{"taxonomy":"category","embeddable":true,"href":"https:\/\/maismagazine.pt\/index.php\/wp-json\/wp\/v2\/categories?post=2984"},{"taxonomy":"post_tag","embeddable":true,"href":"https:\/\/maismagazine.pt\/index.php\/wp-json\/wp\/v2\/tags?post=2984"}],"curies":[{"name":"wp","href":"https:\/\/api.w.org\/{rel}","templated":true}]}}