{"id":2975,"date":"2022-04-14T07:26:44","date_gmt":"2022-04-14T07:26:44","guid":{"rendered":"https:\/\/maismagazine.pt\/?p=2975"},"modified":"2022-04-14T07:26:45","modified_gmt":"2022-04-14T07:26:45","slug":"industria-vidreira-alinhada-com-as-novas-tendencias-de-mercado","status":"publish","type":"post","link":"https:\/\/maismagazine.pt\/index.php\/2022\/04\/14\/industria-vidreira-alinhada-com-as-novas-tendencias-de-mercado\/","title":{"rendered":"Ind\u00fastria vidreira alinhada com as novas tend\u00eancias de mercado"},"content":{"rendered":"\n<p><strong>A <a href=\"http:\/\/aitvpp.pt\/\" target=\"_blank\" rel=\"noreferrer noopener\">Associa\u00e7\u00e3o dos Industriais de Vidro Plano de Portugal (AIVTPP)<\/a> foi fundada em 1976. Desde ent\u00e3o tem vindo a desenvolver um trabalho merit\u00f3rio na defesa dos leg\u00edtimos interesses e direitos dos seus associados e na sua representa\u00e7\u00e3o junto de entidades p\u00fablicas e privadas.&nbsp; Numa edi\u00e7\u00e3o dedicada ao Ano Internacional do Vidro, estivemos \u00e0 conversa com Rui Oliveira Silva, Presidente da AIVTPP, que nos deu a conhecer a realidade deste setor e a import\u00e2ncia que o vidro tem e continuar\u00e1 a ter na sociedade. <\/strong><\/p>\n\n\n\n<p><\/p>\n\n\n\n<p>Diariamente temos contacto com os mais variados objetos no nosso dia-a-dia. Das janelas aos utens\u00edlios dom\u00e9sticos, das montras das lojas aos para-brisas dos autom\u00f3veis, o vidro \u00e9 um dos elementos que est\u00e1, praticamente, sempre presente. Com uma forte tradi\u00e7\u00e3o neste setor, Portugal conta atualmente com centenas de empresas da ind\u00fastria vidreira, representadas hoje pela Associa\u00e7\u00e3o dos Industriais de Vidro Plano de Portugal, que vem ao longo dos anos desenvolvendo um importante trabalho na defesa dos direitos e interesses dos seus cerca de 100 associados. \u201cA AITVPP pretende, igualmente, ser uma refer\u00eancia no \u00e2mbito da forma\u00e7\u00e3o qualificada para o setor. Em geral, desempenhar quaisquer outras fun\u00e7\u00f5es de interesse para os associados permitidos por lei ou que por esta lhe venham a ser reconhecidas\u201d, explica Rui Oliveira Silva.<\/p>\n\n\n\n<p><strong>Ind\u00fastria vidreira: um setor em mudan\u00e7a<\/strong><strong><\/strong><\/p>\n\n\n\n<p>Antes da crise da Covid-19, o mercado portugu\u00eas de vidro plano experimentou um crescimento ininterrupto de 2015 a 2019. No entanto, a Covid-19 teve os seus efeitos na ind\u00fastria mundial do vidro plano, com repercuss\u00f5es diretas, positivas e negativas, no mercado portugu\u00eas.&nbsp;Os dois anos de pandemia despertaram nas pessoas necessidades que at\u00e9 ent\u00e3o n\u00e3o eram percet\u00edveis. \u201cOs longos per\u00edodos em que permaneceram nas suas habita\u00e7\u00f5es fez com que as descobertas de necessidades os levassem a investir mais no seu bem-estar. A poupan\u00e7a e o conforto passaram a ter uma import\u00e2ncia acrescida o que levou a que o investimento nestas \u00e1reas fosse uma constante nos anos de pandemia\u201d, explica. O mercado da renova\u00e7\u00e3o foi assim muito importante para garantir a atividade no setor vidreiro. Por outro lado, a crise no fornecimento de vidro, \u00e0 semelhan\u00e7a de outras mat\u00e9rias-primas, fez com que este setor fosse fortemente penalizado pela escassez e pelo aumento do pre\u00e7o.<\/p>\n\n\n\n<p>O desafio imposto pela crise constitui uma oportunidade \u00fanica para os fabricantes, fornecedores e distribuidores de vidro repensarem modelos de neg\u00f3cio e de distribui\u00e7\u00e3o, que pouco ou nada mudaram em d\u00e9cadas. A aposta das empresas do setor no aumento da capacidade de produ\u00e7\u00e3o instalada, na inova\u00e7\u00e3o dos produtos e tecnologia, fez com que Portugal consiga hoje ser competitivo em qualquer projeto \u00e0 escala global. \u201cA pandemia fez tamb\u00e9m com que as empresas deste setor tivessem de comunicar com os seus clientes de uma forma diferente. Assim sendo, assistimos a um investimento em plataformas digitais e comunica\u00e7\u00e3o eletr\u00f3nica\u201d.<\/p>\n\n\n\n<p><strong>Vidro: uma op\u00e7\u00e3o mais sustent\u00e1vel e amiga do ambiente<\/strong> <\/p>\n\n\n\n<p>Reciclar uma embalagem de vidro \u00e9 sin\u00f3nimo de economia circular, uma vez que pode ser reciclada infinitamente sem perder a qualidade ou pureza do produto. Numa altura em que, cada vez mais, a prote\u00e7\u00e3o do meio ambiente est\u00e1 na ordem do dia, as empresas vidreiras portuguesas t\u00eam procurado estar na linha da frente da prote\u00e7\u00e3o ambiental, como nos explica Rui Oliveira Silva: \u201cAs empresas vidreiras est\u00e3o muito atentas ao impacte ambiental dos seus produtos. Nesta perspetiva, a produ\u00e7\u00e3o de vidro incorpora cerca de 30% de material reciclado, sendo que o vidro \u00e9 infinitamente recicl\u00e1vel\u201d. A separa\u00e7\u00e3o de res\u00edduos de vidro \u00e9 feita com efetividade em praticamente todos os intervenientes, sendo que o setor disp\u00f5e de empresas especializadas na sua recolha e tratamento. \u201cO setor pretende com estas iniciativas, a preserva\u00e7\u00e3o dos recursos naturais e a poupan\u00e7a energ\u00e9tica, diminuindo a pegada ecol\u00f3gica dos seus produtos\u201d, finaliza.<\/p>\n\n\n\n<p><\/p>\n\n\n\n<div class=\"wp-block-image\"><figure class=\"aligncenter size-large is-resized\"><img loading=\"lazy\" decoding=\"async\" src=\"https:\/\/maismagazine.pt\/wp-content\/uploads\/2022\/04\/Logo-AITVPP-JPG-1-906x1024.jpg\" alt=\"\" class=\"wp-image-2989\" width=\"303\" height=\"342\" srcset=\"https:\/\/maismagazine.pt\/wp-content\/uploads\/2022\/04\/Logo-AITVPP-JPG-1-906x1024.jpg 906w, https:\/\/maismagazine.pt\/wp-content\/uploads\/2022\/04\/Logo-AITVPP-JPG-1-265x300.jpg 265w, https:\/\/maismagazine.pt\/wp-content\/uploads\/2022\/04\/Logo-AITVPP-JPG-1-768x868.jpg 768w, https:\/\/maismagazine.pt\/wp-content\/uploads\/2022\/04\/Logo-AITVPP-JPG-1.jpg 1132w\" sizes=\"auto, (max-width: 303px) 100vw, 303px\" \/><\/figure><\/div>\n","protected":false},"excerpt":{"rendered":"<p>A Associa\u00e7\u00e3o dos Industriais de Vidro Plano de Portugal (AIVTPP) foi fundada em 1976. Desde ent\u00e3o tem vindo a desenvolver um trabalho merit\u00f3rio na defesa dos leg\u00edtimos interesses e direitos dos seus associados e na sua representa\u00e7\u00e3o junto de entidades p\u00fablicas e privadas.&nbsp; Numa edi\u00e7\u00e3o dedicada ao Ano Internacional do&hellip;<\/p>\n","protected":false},"author":7,"featured_media":2986,"comment_status":"open","ping_status":"open","sticky":false,"template":"","format":"standard","meta":{"advgb_blocks_editor_width":"","advgb_blocks_columns_visual_guide":"","_monsterinsights_skip_tracking":false,"_monsterinsights_sitenote_active":false,"_monsterinsights_sitenote_note":"","_monsterinsights_sitenote_category":0,"footnotes":""},"categories":[78,77,1],"tags":[216,583,592],"class_list":["post-2975","post","type-post","status-publish","format-standard","has-post-thumbnail","hentry","category-ambiente-e-sustentabilidade","category-arquitetura-e-construcao","category-atualidade","tag-ambiente","tag-industria-2","tag-sustentavel-2"],"yoast_head":"<!-- This site is optimized with the Yoast SEO plugin v24.4 - https:\/\/yoast.com\/wordpress\/plugins\/seo\/ -->\n<title>Ind\u00fastria vidreira alinhada com as novas tend\u00eancias de mercado - Mais Magazine<\/title>\n<meta name=\"description\" content=\"A Associa\u00e7\u00e3o dos Industriais de Vidro Plano de Portugal (AIVTPP) foi fundada em 1976. Desde ent\u00e3o tem vindo a desenvolver um trabalho...\" \/>\n<meta name=\"robots\" content=\"index, follow, max-snippet:-1, max-image-preview:large, max-video-preview:-1\" \/>\n<link rel=\"canonical\" href=\"http:\/\/maismagazine.pt\/index.php\/2022\/04\/14\/industria-vidreira-alinhada-com-as-novas-tendencias-de-mercado\/\" \/>\n<meta property=\"og:locale\" content=\"pt_PT\" \/>\n<meta property=\"og:type\" content=\"article\" \/>\n<meta property=\"og:title\" content=\"Ind\u00fastria vidreira alinhada com as novas tend\u00eancias de mercado - Mais Magazine\" \/>\n<meta property=\"og:description\" content=\"A Associa\u00e7\u00e3o dos Industriais de Vidro Plano de Portugal (AIVTPP) foi fundada em 1976. Desde ent\u00e3o tem vindo a desenvolver um trabalho...\" \/>\n<meta property=\"og:url\" content=\"http:\/\/maismagazine.pt\/index.php\/2022\/04\/14\/industria-vidreira-alinhada-com-as-novas-tendencias-de-mercado\/\" \/>\n<meta property=\"og:site_name\" content=\"Mais Magazine\" \/>\n<meta property=\"article:published_time\" content=\"2022-04-14T07:26:44+00:00\" \/>\n<meta property=\"article:modified_time\" content=\"2022-04-14T07:26:45+00:00\" \/>\n<meta property=\"og:image\" content=\"http:\/\/maismagazine.pt\/wp-content\/uploads\/2022\/04\/IMG_4709-scaled.jpg\" \/>\n\t<meta property=\"og:image:width\" content=\"2560\" \/>\n\t<meta property=\"og:image:height\" content=\"1920\" \/>\n\t<meta property=\"og:image:type\" content=\"image\/jpeg\" \/>\n<meta name=\"author\" content=\"Jo\u00e3o Malainho\" \/>\n<meta name=\"twitter:card\" content=\"summary_large_image\" \/>\n<meta name=\"twitter:label1\" content=\"Escrito por\" \/>\n\t<meta name=\"twitter:data1\" content=\"\" \/>\n\t<meta name=\"twitter:label2\" content=\"Tempo estimado de leitura\" \/>\n\t<meta name=\"twitter:data2\" content=\"3 minutos\" \/>\n<script type=\"application\/ld+json\" class=\"yoast-schema-graph\">{\"@context\":\"https:\/\/schema.org\",\"@graph\":[{\"@type\":\"Article\",\"@id\":\"http:\/\/maismagazine.pt\/index.php\/2022\/04\/14\/industria-vidreira-alinhada-com-as-novas-tendencias-de-mercado\/#article\",\"isPartOf\":{\"@id\":\"http:\/\/maismagazine.pt\/index.php\/2022\/04\/14\/industria-vidreira-alinhada-com-as-novas-tendencias-de-mercado\/\"},\"author\":{\"name\":\"Jo\u00e3o Malainho\",\"@id\":\"https:\/\/maismagazine.pt\/#\/schema\/person\/999bd426f894ff56d397ec12ebd21ebb\"},\"headline\":\"Ind\u00fastria vidreira alinhada com as novas tend\u00eancias de mercado\",\"datePublished\":\"2022-04-14T07:26:44+00:00\",\"dateModified\":\"2022-04-14T07:26:45+00:00\",\"mainEntityOfPage\":{\"@id\":\"http:\/\/maismagazine.pt\/index.php\/2022\/04\/14\/industria-vidreira-alinhada-com-as-novas-tendencias-de-mercado\/\"},\"wordCount\":678,\"commentCount\":0,\"publisher\":{\"@id\":\"https:\/\/maismagazine.pt\/#organization\"},\"image\":{\"@id\":\"http:\/\/maismagazine.pt\/index.php\/2022\/04\/14\/industria-vidreira-alinhada-com-as-novas-tendencias-de-mercado\/#primaryimage\"},\"thumbnailUrl\":\"https:\/\/maismagazine.pt\/wp-content\/uploads\/2022\/04\/IMG_4709-scaled.jpg\",\"keywords\":[\"Ambiente\",\"industria\",\"Sustentavel\"],\"articleSection\":[\"Ambiente e Sustentabilidade\",\"Arquitetura e Constru\u00e7\u00e3o\",\"Atualidade\"],\"inLanguage\":\"pt-PT\",\"potentialAction\":[{\"@type\":\"CommentAction\",\"name\":\"Comment\",\"target\":[\"http:\/\/maismagazine.pt\/index.php\/2022\/04\/14\/industria-vidreira-alinhada-com-as-novas-tendencias-de-mercado\/#respond\"]}]},{\"@type\":\"WebPage\",\"@id\":\"http:\/\/maismagazine.pt\/index.php\/2022\/04\/14\/industria-vidreira-alinhada-com-as-novas-tendencias-de-mercado\/\",\"url\":\"http:\/\/maismagazine.pt\/index.php\/2022\/04\/14\/industria-vidreira-alinhada-com-as-novas-tendencias-de-mercado\/\",\"name\":\"Ind\u00fastria vidreira alinhada com as novas tend\u00eancias de mercado - Mais Magazine\",\"isPartOf\":{\"@id\":\"https:\/\/maismagazine.pt\/#website\"},\"primaryImageOfPage\":{\"@id\":\"http:\/\/maismagazine.pt\/index.php\/2022\/04\/14\/industria-vidreira-alinhada-com-as-novas-tendencias-de-mercado\/#primaryimage\"},\"image\":{\"@id\":\"http:\/\/maismagazine.pt\/index.php\/2022\/04\/14\/industria-vidreira-alinhada-com-as-novas-tendencias-de-mercado\/#primaryimage\"},\"thumbnailUrl\":\"https:\/\/maismagazine.pt\/wp-content\/uploads\/2022\/04\/IMG_4709-scaled.jpg\",\"datePublished\":\"2022-04-14T07:26:44+00:00\",\"dateModified\":\"2022-04-14T07:26:45+00:00\",\"description\":\"A Associa\u00e7\u00e3o dos Industriais de Vidro Plano de Portugal (AIVTPP) foi fundada em 1976. Desde ent\u00e3o tem vindo a desenvolver um trabalho...\",\"breadcrumb\":{\"@id\":\"http:\/\/maismagazine.pt\/index.php\/2022\/04\/14\/industria-vidreira-alinhada-com-as-novas-tendencias-de-mercado\/#breadcrumb\"},\"inLanguage\":\"pt-PT\",\"potentialAction\":[{\"@type\":\"ReadAction\",\"target\":[\"http:\/\/maismagazine.pt\/index.php\/2022\/04\/14\/industria-vidreira-alinhada-com-as-novas-tendencias-de-mercado\/\"]}]},{\"@type\":\"ImageObject\",\"inLanguage\":\"pt-PT\",\"@id\":\"http:\/\/maismagazine.pt\/index.php\/2022\/04\/14\/industria-vidreira-alinhada-com-as-novas-tendencias-de-mercado\/#primaryimage\",\"url\":\"https:\/\/maismagazine.pt\/wp-content\/uploads\/2022\/04\/IMG_4709-scaled.jpg\",\"contentUrl\":\"https:\/\/maismagazine.pt\/wp-content\/uploads\/2022\/04\/IMG_4709-scaled.jpg\",\"width\":2560,\"height\":1920},{\"@type\":\"BreadcrumbList\",\"@id\":\"http:\/\/maismagazine.pt\/index.php\/2022\/04\/14\/industria-vidreira-alinhada-com-as-novas-tendencias-de-mercado\/#breadcrumb\",\"itemListElement\":[{\"@type\":\"ListItem\",\"position\":1,\"name\":\"Home\",\"item\":\"https:\/\/maismagazine.pt\/\"},{\"@type\":\"ListItem\",\"position\":2,\"name\":\"Ind\u00fastria vidreira alinhada com as novas tend\u00eancias de mercado\"}]},{\"@type\":\"WebSite\",\"@id\":\"https:\/\/maismagazine.pt\/#website\",\"url\":\"https:\/\/maismagazine.pt\/\",\"name\":\"Mais Magazine\",\"description\":\"\",\"publisher\":{\"@id\":\"https:\/\/maismagazine.pt\/#organization\"},\"potentialAction\":[{\"@type\":\"SearchAction\",\"target\":{\"@type\":\"EntryPoint\",\"urlTemplate\":\"https:\/\/maismagazine.pt\/?s={search_term_string}\"},\"query-input\":{\"@type\":\"PropertyValueSpecification\",\"valueRequired\":true,\"valueName\":\"search_term_string\"}}],\"inLanguage\":\"pt-PT\"},{\"@type\":\"Organization\",\"@id\":\"https:\/\/maismagazine.pt\/#organization\",\"name\":\"Mais Magazine\",\"url\":\"https:\/\/maismagazine.pt\/\",\"logo\":{\"@type\":\"ImageObject\",\"inLanguage\":\"pt-PT\",\"@id\":\"https:\/\/maismagazine.pt\/#\/schema\/logo\/image\/\",\"url\":\"https:\/\/maismagazine.pt\/wp-content\/uploads\/2020\/04\/cropped-cropped-mais-magazine-site-logo-2.png\",\"contentUrl\":\"https:\/\/maismagazine.pt\/wp-content\/uploads\/2020\/04\/cropped-cropped-mais-magazine-site-logo-2.png\",\"width\":581,\"height\":90,\"caption\":\"Mais Magazine\"},\"image\":{\"@id\":\"https:\/\/maismagazine.pt\/#\/schema\/logo\/image\/\"}},{\"@type\":\"Person\",\"@id\":\"https:\/\/maismagazine.pt\/#\/schema\/person\/999bd426f894ff56d397ec12ebd21ebb\",\"name\":\"Jo\u00e3o Malainho\",\"image\":{\"@type\":\"ImageObject\",\"inLanguage\":\"pt-PT\",\"@id\":\"https:\/\/maismagazine.pt\/#\/schema\/person\/image\/\",\"url\":\"https:\/\/secure.gravatar.com\/avatar\/ff03c2f38edf60b2a827aa4f74878491?s=96&d=mm&r=g\",\"contentUrl\":\"https:\/\/secure.gravatar.com\/avatar\/ff03c2f38edf60b2a827aa4f74878491?s=96&d=mm&r=g\",\"caption\":\"Jo\u00e3o Malainho\"},\"url\":\"https:\/\/maismagazine.pt\/index.php\/author\/maismagazine\/\"}]}<\/script>\n<!-- \/ Yoast SEO plugin. -->","yoast_head_json":{"title":"Ind\u00fastria vidreira alinhada com as novas tend\u00eancias de mercado - Mais Magazine","description":"A Associa\u00e7\u00e3o dos Industriais de Vidro Plano de Portugal (AIVTPP) foi fundada em 1976. Desde ent\u00e3o tem vindo a desenvolver um trabalho...","robots":{"index":"index","follow":"follow","max-snippet":"max-snippet:-1","max-image-preview":"max-image-preview:large","max-video-preview":"max-video-preview:-1"},"canonical":"http:\/\/maismagazine.pt\/index.php\/2022\/04\/14\/industria-vidreira-alinhada-com-as-novas-tendencias-de-mercado\/","og_locale":"pt_PT","og_type":"article","og_title":"Ind\u00fastria vidreira alinhada com as novas tend\u00eancias de mercado - Mais Magazine","og_description":"A Associa\u00e7\u00e3o dos Industriais de Vidro Plano de Portugal (AIVTPP) foi fundada em 1976. Desde ent\u00e3o tem vindo a desenvolver um trabalho...","og_url":"http:\/\/maismagazine.pt\/index.php\/2022\/04\/14\/industria-vidreira-alinhada-com-as-novas-tendencias-de-mercado\/","og_site_name":"Mais Magazine","article_published_time":"2022-04-14T07:26:44+00:00","article_modified_time":"2022-04-14T07:26:45+00:00","og_image":[{"width":2560,"height":1920,"url":"http:\/\/maismagazine.pt\/wp-content\/uploads\/2022\/04\/IMG_4709-scaled.jpg","type":"image\/jpeg"}],"author":"Jo\u00e3o Malainho","twitter_card":"summary_large_image","twitter_misc":{"Escrito por":false,"Tempo estimado de leitura":"3 minutos"},"schema":{"@context":"https:\/\/schema.org","@graph":[{"@type":"Article","@id":"http:\/\/maismagazine.pt\/index.php\/2022\/04\/14\/industria-vidreira-alinhada-com-as-novas-tendencias-de-mercado\/#article","isPartOf":{"@id":"http:\/\/maismagazine.pt\/index.php\/2022\/04\/14\/industria-vidreira-alinhada-com-as-novas-tendencias-de-mercado\/"},"author":{"name":"Jo\u00e3o Malainho","@id":"https:\/\/maismagazine.pt\/#\/schema\/person\/999bd426f894ff56d397ec12ebd21ebb"},"headline":"Ind\u00fastria vidreira alinhada com as novas tend\u00eancias de mercado","datePublished":"2022-04-14T07:26:44+00:00","dateModified":"2022-04-14T07:26:45+00:00","mainEntityOfPage":{"@id":"http:\/\/maismagazine.pt\/index.php\/2022\/04\/14\/industria-vidreira-alinhada-com-as-novas-tendencias-de-mercado\/"},"wordCount":678,"commentCount":0,"publisher":{"@id":"https:\/\/maismagazine.pt\/#organization"},"image":{"@id":"http:\/\/maismagazine.pt\/index.php\/2022\/04\/14\/industria-vidreira-alinhada-com-as-novas-tendencias-de-mercado\/#primaryimage"},"thumbnailUrl":"https:\/\/maismagazine.pt\/wp-content\/uploads\/2022\/04\/IMG_4709-scaled.jpg","keywords":["Ambiente","industria","Sustentavel"],"articleSection":["Ambiente e Sustentabilidade","Arquitetura e Constru\u00e7\u00e3o","Atualidade"],"inLanguage":"pt-PT","potentialAction":[{"@type":"CommentAction","name":"Comment","target":["http:\/\/maismagazine.pt\/index.php\/2022\/04\/14\/industria-vidreira-alinhada-com-as-novas-tendencias-de-mercado\/#respond"]}]},{"@type":"WebPage","@id":"http:\/\/maismagazine.pt\/index.php\/2022\/04\/14\/industria-vidreira-alinhada-com-as-novas-tendencias-de-mercado\/","url":"http:\/\/maismagazine.pt\/index.php\/2022\/04\/14\/industria-vidreira-alinhada-com-as-novas-tendencias-de-mercado\/","name":"Ind\u00fastria vidreira alinhada com as novas tend\u00eancias de mercado - Mais Magazine","isPartOf":{"@id":"https:\/\/maismagazine.pt\/#website"},"primaryImageOfPage":{"@id":"http:\/\/maismagazine.pt\/index.php\/2022\/04\/14\/industria-vidreira-alinhada-com-as-novas-tendencias-de-mercado\/#primaryimage"},"image":{"@id":"http:\/\/maismagazine.pt\/index.php\/2022\/04\/14\/industria-vidreira-alinhada-com-as-novas-tendencias-de-mercado\/#primaryimage"},"thumbnailUrl":"https:\/\/maismagazine.pt\/wp-content\/uploads\/2022\/04\/IMG_4709-scaled.jpg","datePublished":"2022-04-14T07:26:44+00:00","dateModified":"2022-04-14T07:26:45+00:00","description":"A Associa\u00e7\u00e3o dos Industriais de Vidro Plano de Portugal (AIVTPP) foi fundada em 1976. Desde ent\u00e3o tem vindo a desenvolver um trabalho...","breadcrumb":{"@id":"http:\/\/maismagazine.pt\/index.php\/2022\/04\/14\/industria-vidreira-alinhada-com-as-novas-tendencias-de-mercado\/#breadcrumb"},"inLanguage":"pt-PT","potentialAction":[{"@type":"ReadAction","target":["http:\/\/maismagazine.pt\/index.php\/2022\/04\/14\/industria-vidreira-alinhada-com-as-novas-tendencias-de-mercado\/"]}]},{"@type":"ImageObject","inLanguage":"pt-PT","@id":"http:\/\/maismagazine.pt\/index.php\/2022\/04\/14\/industria-vidreira-alinhada-com-as-novas-tendencias-de-mercado\/#primaryimage","url":"https:\/\/maismagazine.pt\/wp-content\/uploads\/2022\/04\/IMG_4709-scaled.jpg","contentUrl":"https:\/\/maismagazine.pt\/wp-content\/uploads\/2022\/04\/IMG_4709-scaled.jpg","width":2560,"height":1920},{"@type":"BreadcrumbList","@id":"http:\/\/maismagazine.pt\/index.php\/2022\/04\/14\/industria-vidreira-alinhada-com-as-novas-tendencias-de-mercado\/#breadcrumb","itemListElement":[{"@type":"ListItem","position":1,"name":"Home","item":"https:\/\/maismagazine.pt\/"},{"@type":"ListItem","position":2,"name":"Ind\u00fastria vidreira alinhada com as novas tend\u00eancias de mercado"}]},{"@type":"WebSite","@id":"https:\/\/maismagazine.pt\/#website","url":"https:\/\/maismagazine.pt\/","name":"Mais Magazine","description":"","publisher":{"@id":"https:\/\/maismagazine.pt\/#organization"},"potentialAction":[{"@type":"SearchAction","target":{"@type":"EntryPoint","urlTemplate":"https:\/\/maismagazine.pt\/?s={search_term_string}"},"query-input":{"@type":"PropertyValueSpecification","valueRequired":true,"valueName":"search_term_string"}}],"inLanguage":"pt-PT"},{"@type":"Organization","@id":"https:\/\/maismagazine.pt\/#organization","name":"Mais Magazine","url":"https:\/\/maismagazine.pt\/","logo":{"@type":"ImageObject","inLanguage":"pt-PT","@id":"https:\/\/maismagazine.pt\/#\/schema\/logo\/image\/","url":"https:\/\/maismagazine.pt\/wp-content\/uploads\/2020\/04\/cropped-cropped-mais-magazine-site-logo-2.png","contentUrl":"https:\/\/maismagazine.pt\/wp-content\/uploads\/2020\/04\/cropped-cropped-mais-magazine-site-logo-2.png","width":581,"height":90,"caption":"Mais Magazine"},"image":{"@id":"https:\/\/maismagazine.pt\/#\/schema\/logo\/image\/"}},{"@type":"Person","@id":"https:\/\/maismagazine.pt\/#\/schema\/person\/999bd426f894ff56d397ec12ebd21ebb","name":"Jo\u00e3o Malainho","image":{"@type":"ImageObject","inLanguage":"pt-PT","@id":"https:\/\/maismagazine.pt\/#\/schema\/person\/image\/","url":"https:\/\/secure.gravatar.com\/avatar\/ff03c2f38edf60b2a827aa4f74878491?s=96&d=mm&r=g","contentUrl":"https:\/\/secure.gravatar.com\/avatar\/ff03c2f38edf60b2a827aa4f74878491?s=96&d=mm&r=g","caption":"Jo\u00e3o Malainho"},"url":"https:\/\/maismagazine.pt\/index.php\/author\/maismagazine\/"}]}},"author_meta":{"display_name":false,"author_link":"https:\/\/maismagazine.pt\/index.php\/author\/maismagazine\/"},"featured_img":"https:\/\/maismagazine.pt\/wp-content\/uploads\/2022\/04\/IMG_4709-300x225.jpg","coauthors":[],"tax_additional":{"categories":{"linked":["<a href=\"https:\/\/maismagazine.pt\/index.php\/category\/empreendedorismo\/ambiente-e-sustentabilidade\/\" class=\"advgb-post-tax-term\">Ambiente e Sustentabilidade<\/a>","<a href=\"https:\/\/maismagazine.pt\/index.php\/category\/empreendedorismo\/arquitetura-e-construcao\/\" class=\"advgb-post-tax-term\">Arquitetura e Constru\u00e7\u00e3o<\/a>","<a href=\"https:\/\/maismagazine.pt\/index.php\/category\/atualidade\/\" class=\"advgb-post-tax-term\">Atualidade<\/a>"],"unlinked":["<span class=\"advgb-post-tax-term\">Ambiente e Sustentabilidade<\/span>","<span class=\"advgb-post-tax-term\">Arquitetura e Constru\u00e7\u00e3o<\/span>","<span class=\"advgb-post-tax-term\">Atualidade<\/span>"]},"tags":{"linked":["<a href=\"https:\/\/maismagazine.pt\/index.php\/category\/atualidade\/\" class=\"advgb-post-tax-term\">Ambiente<\/a>","<a href=\"https:\/\/maismagazine.pt\/index.php\/category\/atualidade\/\" class=\"advgb-post-tax-term\">industria<\/a>","<a href=\"https:\/\/maismagazine.pt\/index.php\/category\/atualidade\/\" class=\"advgb-post-tax-term\">Sustentavel<\/a>"],"unlinked":["<span class=\"advgb-post-tax-term\">Ambiente<\/span>","<span class=\"advgb-post-tax-term\">industria<\/span>","<span class=\"advgb-post-tax-term\">Sustentavel<\/span>"]}},"comment_count":"0","relative_dates":{"created":"Posted 4 anos ago","modified":"Updated 4 anos ago"},"absolute_dates":{"created":"Posted on 14 de Abril, 2022","modified":"Updated on 14 de Abril, 2022"},"absolute_dates_time":{"created":"Posted on 14 de Abril, 2022 7:26","modified":"Updated on 14 de Abril, 2022 7:26"},"featured_img_caption":"","series_order":"","_links":{"self":[{"href":"https:\/\/maismagazine.pt\/index.php\/wp-json\/wp\/v2\/posts\/2975","targetHints":{"allow":["GET"]}}],"collection":[{"href":"https:\/\/maismagazine.pt\/index.php\/wp-json\/wp\/v2\/posts"}],"about":[{"href":"https:\/\/maismagazine.pt\/index.php\/wp-json\/wp\/v2\/types\/post"}],"author":[{"embeddable":true,"href":"https:\/\/maismagazine.pt\/index.php\/wp-json\/wp\/v2\/users\/7"}],"replies":[{"embeddable":true,"href":"https:\/\/maismagazine.pt\/index.php\/wp-json\/wp\/v2\/comments?post=2975"}],"version-history":[{"count":4,"href":"https:\/\/maismagazine.pt\/index.php\/wp-json\/wp\/v2\/posts\/2975\/revisions"}],"predecessor-version":[{"id":3055,"href":"https:\/\/maismagazine.pt\/index.php\/wp-json\/wp\/v2\/posts\/2975\/revisions\/3055"}],"wp:featuredmedia":[{"embeddable":true,"href":"https:\/\/maismagazine.pt\/index.php\/wp-json\/wp\/v2\/media\/2986"}],"wp:attachment":[{"href":"https:\/\/maismagazine.pt\/index.php\/wp-json\/wp\/v2\/media?parent=2975"}],"wp:term":[{"taxonomy":"category","embeddable":true,"href":"https:\/\/maismagazine.pt\/index.php\/wp-json\/wp\/v2\/categories?post=2975"},{"taxonomy":"post_tag","embeddable":true,"href":"https:\/\/maismagazine.pt\/index.php\/wp-json\/wp\/v2\/tags?post=2975"}],"curies":[{"name":"wp","href":"https:\/\/api.w.org\/{rel}","templated":true}]}}